{"id":3166,"date":"2025-04-30T15:37:59","date_gmt":"2025-04-30T13:37:59","guid":{"rendered":"https:\/\/www.reseau-entreprendre.org\/93\/?p=3166"},"modified":"2025-04-30T15:38:00","modified_gmt":"2025-04-30T13:38:00","slug":"cession-reprise-en-seine-saint-denis-un-territoire-fertile-pour-les-repreneurs","status":"publish","type":"post","link":"https:\/\/www.reseau-entreprendre.org\/93\/2025\/04\/30\/cession-reprise-en-seine-saint-denis-un-territoire-fertile-pour-les-repreneurs\/","title":{"rendered":"Cession-reprise en Seine-Saint-Denis : un territoire fertile pour les repreneurs"},"content":{"rendered":"\n<div style=\"height:28px\" aria-hidden=\"true\" class=\"wp-block-spacer\"><\/div>\n\n\n\n<p><em>Rest\u00e9e longtemps en marge sur le territoire, la <strong>cession-reprise d&#8217;entreprise<\/strong> constitue d\u00e9sormais un <strong>levier strat\u00e9gique pour l&#8217;emploi et l&#8217;innovation dans le 93<\/strong>. Entre diversit\u00e9 des profils de repreneurs, soutien structur\u00e9 des r\u00e9seaux locaux et success stories inspirantes, le d\u00e9partement attire de plus en plus d&#8217;entrepreneurs d\u00e9sireux d&#8217;impulser un nouveau souffle \u00e0 des structures existantes.<\/em> <\/p>\n\n\n\n<div style=\"height:32px\" aria-hidden=\"true\" class=\"wp-block-spacer\"><\/div>\n\n\n\n<h3 class=\"wp-block-heading\">Un territoire propice \u00e0 la reprise d&#8217;entreprise <\/h3>\n\n\n\n<div style=\"height:28px\" aria-hidden=\"true\" class=\"wp-block-spacer\"><\/div>\n\n\n\n<p>La Seine-Saint-Denis, caract\u00e9ris\u00e9e par son dynamisme et sa diversit\u00e9, fait office de terreau fertile pour la <strong>reprise d&#8217;entreprise<\/strong>. Le d\u00e9partement se distingue par un fort taux de cr\u00e9ation et de reprise d&#8217;entreprises, mais \u00e9galement par un nombre \u00e9lev\u00e9 de d\u00e9faillances, soulignant l&#8217;importance d&#8217;un accompagnement structur\u00e9 pour les repreneurs.\u200b<\/p>\n\n\n\n<div style=\"height:28px\" aria-hidden=\"true\" class=\"wp-block-spacer\"><\/div>\n\n\n\n<h3 class=\"wp-block-heading\">R\u00e9seau Entreprendre 93 : un acteur-cl\u00e9 de l&#8217;accompagnement des repreneurs <\/h3>\n\n\n\n<div style=\"height:28px\" aria-hidden=\"true\" class=\"wp-block-spacer\"><\/div>\n\n\n\n<p>Parmi les structures d&#8217;accompagnement \u00e0 la reprise d&#8217;entreprise, <strong>R\u00e9seau Entreprendre 93<\/strong> joue un r\u00f4le non n\u00e9gligeable.<\/p>\n\n\n\n<p>En effet, l&#8217;association propose aux repreneurs :\u200b<\/p>\n\n\n\n<ul class=\"wp-block-list\">\n<li>un <strong>pr\u00eat d&#8217;honneur<\/strong> de 15 000 \u00e0 70 000 \u20ac, sans int\u00e9r\u00eat ni garantie ;<\/li>\n\n\n\n<li>un <strong>accompagnement personnalis\u00e9<\/strong> de deux ans par un chef d&#8217;entreprise exp\u00e9riment\u00e9 ;<\/li>\n\n\n\n<li>des <strong>rencontres mensuelles<\/strong> entre pairs pour partager exp\u00e9riences et conseils ;<\/li>\n\n\n\n<li>l&#8217;acc\u00e8s \u00e0 un <strong>r\u00e9seau local, national et international<\/strong> de +14 000 chefs d&#8217;entreprise, cr\u00e9ateurs ou repreneurs d&#8217;entreprise.<\/li>\n<\/ul>\n\n\n\n<p>Cette approche globale permet aux porteurs de projet de reprise d&#8217;entreprise de b\u00e9n\u00e9ficier d&#8217;un soutien financier et humain, essentiel pour assurer la p\u00e9rennit\u00e9 de leur entreprise. <\/p>\n\n\n\n<p><\/p>\n\n\n\n<div style=\"height:28px\" aria-hidden=\"true\" class=\"wp-block-spacer\"><\/div>\n\n\n\n<h3 class=\"wp-block-heading\">Repreneur en Seine-Saint-Denis : quel profil ?<\/h3>\n\n\n\n<div style=\"height:28px\" aria-hidden=\"true\" class=\"wp-block-spacer\"><\/div>\n\n\n\n<p>Les repreneurs en Seine-Saint-Denis pr\u00e9sentent des profils vari\u00e9s, refl\u00e9tant la richesse du territoire. Le profil-type du repreneur du territoire se caract\u00e9rise par :<\/p>\n\n\n\n<ul class=\"wp-block-list\">\n<li><strong>\u00c2ge :<\/strong> 40 &#8211; 45 ans en moyenne<\/li>\n<\/ul>\n\n\n\n<ul class=\"wp-block-list\">\n<li><strong>Exp\u00e9rience : <\/strong>10 &#8211; 15 en entreprise <\/li>\n<\/ul>\n\n\n\n<ul class=\"wp-block-list\">\n<li><strong>Statut :<\/strong> majoritairement des cadres, dirigeants ou entrepreneurs exp\u00e9riment\u00e9s<\/li>\n<\/ul>\n\n\n\n<ul class=\"wp-block-list\">\n<li><strong>Ambition :<\/strong> volont\u00e9 de maintenir ou de cr\u00e9er le maximum d&#8217;emplois dans la structure reprise<\/li>\n<\/ul>\n\n\n\n<ul class=\"wp-block-list\">\n<li><strong>Apport personnel :<\/strong> 30 \u00e0 50 % du prix d&#8217;acquisition<\/li>\n<\/ul>\n\n\n\n<ul class=\"wp-block-list\">\n<li><strong>Accompagnement :<\/strong> en recherche d&#8217;un soutien structur\u00e9, aussi bien sur le plan financier qu&#8217;humain, afin d&#8217;assurer la r\u00e9ussite du projet de reprise<br><br><\/li>\n<\/ul>\n\n\n\n<p><\/p>\n\n\n\n<ul class=\"wp-block-list is-style-list-arrows\">\n<li><\/li>\n<\/ul>\n\n\n\n<div style=\"height:57px\" aria-hidden=\"true\" class=\"wp-block-spacer\"><\/div>\n\n\n\n<p>La <strong>cession-reprise d&#8217;entreprise<\/strong> en Seine-Saint-Denis b\u00e9n\u00e9ficie d&#8217;un \u00e9cosyst\u00e8me riche, combinant diversit\u00e9 des profils de repreneurs, structures d&#8217;accompagnement solides comme R\u00e9seau Entreprendre 93, et un tissu \u00e9conomique en constante \u00e9volution. Pour les porteurs de projets, les financeurs et les r\u00e9seaux d&#8217;accompagnement, le 93 offre un terrain propice \u00e0 la r\u00e9ussite des projets de <strong>reprise d&#8217;entreprise<\/strong>.<\/p>\n\n\n\n<p>Vous souhaitez \u00eatre accompagn\u00e9 dans votre projet de <strong>reprise d&#8217;entreprise<\/strong> ? <a href=\"https:\/\/www.reseau-entreprendre.org\/93\/deposer-une-demande\/\">Contactez-nous<\/a> !<\/p>\n\n\n\n<p><\/p>\n","protected":false},"excerpt":{"rendered":"<p>Rest\u00e9e longtemps en marge sur le territoire, la cession-reprise d&#8217;entreprise<\/p>\n","protected":false},"author":22,"featured_media":3169,"comment_status":"closed","ping_status":"closed","sticky":false,"template":"","format":"standard","meta":{"_acf_changed":false,"_monsterinsights_skip_tracking":false,"_monsterinsights_sitenote_active":false,"_monsterinsights_sitenote_note":"","_monsterinsights_sitenote_category":0,"footnotes":""},"categories":[4],"tags":[],"class_list":["post-3166","post","type-post","status-publish","format-standard","has-post-thumbnail","hentry","category-actualites","news"],"acf":[],"yoast_head":"<!-- This site is optimized with the Yoast SEO plugin v27.4 - https:\/\/yoast.com\/product\/yoast-seo-wordpress\/ -->\n<title>Cession-reprise en Seine-Saint-Denis : un territoire fertile pour les repreneurs - R\u00e9seau Entreprendre 93<\/title>\n<meta name=\"robots\" content=\"index, follow, max-snippet:-1, max-image-preview:large, max-video-preview:-1\" \/>\n<link rel=\"canonical\" href=\"https:\/\/www.reseau-entreprendre.org\/93\/2025\/04\/30\/cession-reprise-en-seine-saint-denis-un-territoire-fertile-pour-les-repreneurs\/\" \/>\n<meta property=\"og:locale\" content=\"fr_FR\" \/>\n<meta property=\"og:type\" content=\"article\" \/>\n<meta property=\"og:title\" content=\"Cession-reprise en Seine-Saint-Denis : un territoire fertile pour les repreneurs - R\u00e9seau Entreprendre 93\" \/>\n<meta property=\"og:description\" content=\"Rest\u00e9e longtemps en marge sur le territoire, la cession-reprise d&#8217;entreprise\" \/>\n<meta property=\"og:url\" content=\"https:\/\/www.reseau-entreprendre.org\/93\/2025\/04\/30\/cession-reprise-en-seine-saint-denis-un-territoire-fertile-pour-les-repreneurs\/\" \/>\n<meta property=\"og:site_name\" content=\"R\u00e9seau Entreprendre 93\" \/>\n<meta property=\"article:published_time\" content=\"2025-04-30T13:37:59+00:00\" \/>\n<meta property=\"article:modified_time\" content=\"2025-04-30T13:38:00+00:00\" \/>\n<meta property=\"og:image\" content=\"https:\/\/www.reseau-entreprendre.org\/93\/wp-content\/uploads\/sites\/22\/2025\/04\/pexels-pavel-danilyuk-7654437-scaled.jpg\" \/>\n\t<meta property=\"og:image:width\" content=\"1709\" \/>\n\t<meta property=\"og:image:height\" content=\"2560\" \/>\n\t<meta property=\"og:image:type\" content=\"image\/jpeg\" \/>\n<meta name=\"author\" content=\"93\" \/>\n<meta name=\"twitter:card\" content=\"summary_large_image\" \/>\n<meta name=\"twitter:label1\" content=\"\u00c9crit par\" \/>\n\t<meta name=\"twitter:data1\" content=\"93\" \/>\n\t<meta name=\"twitter:label2\" content=\"Dur\u00e9e de lecture estim\u00e9e\" \/>\n\t<meta name=\"twitter:data2\" content=\"3 minutes\" \/>\n<script type=\"application\/ld+json\" class=\"yoast-schema-graph\">{\"@context\":\"https:\\\/\\\/schema.org\",\"@graph\":[{\"@type\":\"Article\",\"@id\":\"https:\\\/\\\/www.reseau-entreprendre.org\\\/93\\\/2025\\\/04\\\/30\\\/cession-reprise-en-seine-saint-denis-un-territoire-fertile-pour-les-repreneurs\\\/#article\",\"isPartOf\":{\"@id\":\"https:\\\/\\\/www.reseau-entreprendre.org\\\/93\\\/2025\\\/04\\\/30\\\/cession-reprise-en-seine-saint-denis-un-territoire-fertile-pour-les-repreneurs\\\/\"},\"author\":{\"name\":\"93\",\"@id\":\"https:\\\/\\\/www.reseau-entreprendre.org\\\/93\\\/#\\\/schema\\\/person\\\/1e47f6d76cadc065d42bb07fde93dfcf\"},\"headline\":\"Cession-reprise en Seine-Saint-Denis : un territoire fertile pour les repreneurs\",\"datePublished\":\"2025-04-30T13:37:59+00:00\",\"dateModified\":\"2025-04-30T13:38:00+00:00\",\"mainEntityOfPage\":{\"@id\":\"https:\\\/\\\/www.reseau-entreprendre.org\\\/93\\\/2025\\\/04\\\/30\\\/cession-reprise-en-seine-saint-denis-un-territoire-fertile-pour-les-repreneurs\\\/\"},\"wordCount\":431,\"image\":{\"@id\":\"https:\\\/\\\/www.reseau-entreprendre.org\\\/93\\\/2025\\\/04\\\/30\\\/cession-reprise-en-seine-saint-denis-un-territoire-fertile-pour-les-repreneurs\\\/#primaryimage\"},\"thumbnailUrl\":\"https:\\\/\\\/www.reseau-entreprendre.org\\\/93\\\/wp-content\\\/uploads\\\/sites\\\/22\\\/2025\\\/04\\\/pexels-pavel-danilyuk-7654437-scaled.jpg\",\"articleSection\":[\"Actualit\u00e9s\"],\"inLanguage\":\"fr-FR\"},{\"@type\":\"WebPage\",\"@id\":\"https:\\\/\\\/www.reseau-entreprendre.org\\\/93\\\/2025\\\/04\\\/30\\\/cession-reprise-en-seine-saint-denis-un-territoire-fertile-pour-les-repreneurs\\\/\",\"url\":\"https:\\\/\\\/www.reseau-entreprendre.org\\\/93\\\/2025\\\/04\\\/30\\\/cession-reprise-en-seine-saint-denis-un-territoire-fertile-pour-les-repreneurs\\\/\",\"name\":\"Cession-reprise en Seine-Saint-Denis : un territoire fertile pour les repreneurs - R\u00e9seau Entreprendre 93\",\"isPartOf\":{\"@id\":\"https:\\\/\\\/www.reseau-entreprendre.org\\\/93\\\/#website\"},\"primaryImageOfPage\":{\"@id\":\"https:\\\/\\\/www.reseau-entreprendre.org\\\/93\\\/2025\\\/04\\\/30\\\/cession-reprise-en-seine-saint-denis-un-territoire-fertile-pour-les-repreneurs\\\/#primaryimage\"},\"image\":{\"@id\":\"https:\\\/\\\/www.reseau-entreprendre.org\\\/93\\\/2025\\\/04\\\/30\\\/cession-reprise-en-seine-saint-denis-un-territoire-fertile-pour-les-repreneurs\\\/#primaryimage\"},\"thumbnailUrl\":\"https:\\\/\\\/www.reseau-entreprendre.org\\\/93\\\/wp-content\\\/uploads\\\/sites\\\/22\\\/2025\\\/04\\\/pexels-pavel-danilyuk-7654437-scaled.jpg\",\"datePublished\":\"2025-04-30T13:37:59+00:00\",\"dateModified\":\"2025-04-30T13:38:00+00:00\",\"author\":{\"@id\":\"https:\\\/\\\/www.reseau-entreprendre.org\\\/93\\\/#\\\/schema\\\/person\\\/1e47f6d76cadc065d42bb07fde93dfcf\"},\"breadcrumb\":{\"@id\":\"https:\\\/\\\/www.reseau-entreprendre.org\\\/93\\\/2025\\\/04\\\/30\\\/cession-reprise-en-seine-saint-denis-un-territoire-fertile-pour-les-repreneurs\\\/#breadcrumb\"},\"inLanguage\":\"fr-FR\",\"potentialAction\":[{\"@type\":\"ReadAction\",\"target\":[\"https:\\\/\\\/www.reseau-entreprendre.org\\\/93\\\/2025\\\/04\\\/30\\\/cession-reprise-en-seine-saint-denis-un-territoire-fertile-pour-les-repreneurs\\\/\"]}]},{\"@type\":\"ImageObject\",\"inLanguage\":\"fr-FR\",\"@id\":\"https:\\\/\\\/www.reseau-entreprendre.org\\\/93\\\/2025\\\/04\\\/30\\\/cession-reprise-en-seine-saint-denis-un-territoire-fertile-pour-les-repreneurs\\\/#primaryimage\",\"url\":\"https:\\\/\\\/www.reseau-entreprendre.org\\\/93\\\/wp-content\\\/uploads\\\/sites\\\/22\\\/2025\\\/04\\\/pexels-pavel-danilyuk-7654437-scaled.jpg\",\"contentUrl\":\"https:\\\/\\\/www.reseau-entreprendre.org\\\/93\\\/wp-content\\\/uploads\\\/sites\\\/22\\\/2025\\\/04\\\/pexels-pavel-danilyuk-7654437-scaled.jpg\",\"width\":1709,\"height\":2560},{\"@type\":\"BreadcrumbList\",\"@id\":\"https:\\\/\\\/www.reseau-entreprendre.org\\\/93\\\/2025\\\/04\\\/30\\\/cession-reprise-en-seine-saint-denis-un-territoire-fertile-pour-les-repreneurs\\\/#breadcrumb\",\"itemListElement\":[{\"@type\":\"ListItem\",\"position\":1,\"name\":\"Accueil\",\"item\":\"https:\\\/\\\/www.reseau-entreprendre.org\\\/93\\\/\"},{\"@type\":\"ListItem\",\"position\":2,\"name\":\"Cession-reprise en Seine-Saint-Denis : un territoire fertile pour les repreneurs\"}]},{\"@type\":\"WebSite\",\"@id\":\"https:\\\/\\\/www.reseau-entreprendre.org\\\/93\\\/#website\",\"url\":\"https:\\\/\\\/www.reseau-entreprendre.org\\\/93\\\/\",\"name\":\"R\u00e9seau Entreprendre 93\",\"description\":\"Un site utilisant Les sites de R\u00e9seau Entreprendre\",\"potentialAction\":[{\"@type\":\"SearchAction\",\"target\":{\"@type\":\"EntryPoint\",\"urlTemplate\":\"https:\\\/\\\/www.reseau-entreprendre.org\\\/93\\\/?s={search_term_string}\"},\"query-input\":{\"@type\":\"PropertyValueSpecification\",\"valueRequired\":true,\"valueName\":\"search_term_string\"}}],\"inLanguage\":\"fr-FR\"},{\"@type\":\"Person\",\"@id\":\"https:\\\/\\\/www.reseau-entreprendre.org\\\/93\\\/#\\\/schema\\\/person\\\/1e47f6d76cadc065d42bb07fde93dfcf\",\"name\":\"93\",\"image\":{\"@type\":\"ImageObject\",\"inLanguage\":\"fr-FR\",\"@id\":\"https:\\\/\\\/secure.gravatar.com\\\/avatar\\\/a02682b688d3985f8351fe3c8389d06730584c5edbdb545258b3a627723207e3?s=96&d=mm&r=g\",\"url\":\"https:\\\/\\\/secure.gravatar.com\\\/avatar\\\/a02682b688d3985f8351fe3c8389d06730584c5edbdb545258b3a627723207e3?s=96&d=mm&r=g\",\"contentUrl\":\"https:\\\/\\\/secure.gravatar.com\\\/avatar\\\/a02682b688d3985f8351fe3c8389d06730584c5edbdb545258b3a627723207e3?s=96&d=mm&r=g\",\"caption\":\"93\"},\"url\":\"https:\\\/\\\/www.reseau-entreprendre.org\\\/93\\\/author\\\/93\\\/\"}]}<\/script>\n<!-- \/ Yoast SEO plugin. -->","yoast_head_json":{"title":"Cession-reprise en Seine-Saint-Denis : un territoire fertile pour les repreneurs - R\u00e9seau Entreprendre 93","robots":{"index":"index","follow":"follow","max-snippet":"max-snippet:-1","max-image-preview":"max-image-preview:large","max-video-preview":"max-video-preview:-1"},"canonical":"https:\/\/www.reseau-entreprendre.org\/93\/2025\/04\/30\/cession-reprise-en-seine-saint-denis-un-territoire-fertile-pour-les-repreneurs\/","og_locale":"fr_FR","og_type":"article","og_title":"Cession-reprise en Seine-Saint-Denis : un territoire fertile pour les repreneurs - R\u00e9seau Entreprendre 93","og_description":"Rest\u00e9e longtemps en marge sur le territoire, la cession-reprise d&#8217;entreprise","og_url":"https:\/\/www.reseau-entreprendre.org\/93\/2025\/04\/30\/cession-reprise-en-seine-saint-denis-un-territoire-fertile-pour-les-repreneurs\/","og_site_name":"R\u00e9seau Entreprendre 93","article_published_time":"2025-04-30T13:37:59+00:00","article_modified_time":"2025-04-30T13:38:00+00:00","og_image":[{"width":1709,"height":2560,"url":"https:\/\/www.reseau-entreprendre.org\/93\/wp-content\/uploads\/sites\/22\/2025\/04\/pexels-pavel-danilyuk-7654437-scaled.jpg","type":"image\/jpeg"}],"author":"93","twitter_card":"summary_large_image","twitter_misc":{"\u00c9crit par":"93","Dur\u00e9e de lecture estim\u00e9e":"3 minutes"},"schema":{"@context":"https:\/\/schema.org","@graph":[{"@type":"Article","@id":"https:\/\/www.reseau-entreprendre.org\/93\/2025\/04\/30\/cession-reprise-en-seine-saint-denis-un-territoire-fertile-pour-les-repreneurs\/#article","isPartOf":{"@id":"https:\/\/www.reseau-entreprendre.org\/93\/2025\/04\/30\/cession-reprise-en-seine-saint-denis-un-territoire-fertile-pour-les-repreneurs\/"},"author":{"name":"93","@id":"https:\/\/www.reseau-entreprendre.org\/93\/#\/schema\/person\/1e47f6d76cadc065d42bb07fde93dfcf"},"headline":"Cession-reprise en Seine-Saint-Denis : un territoire fertile pour les repreneurs","datePublished":"2025-04-30T13:37:59+00:00","dateModified":"2025-04-30T13:38:00+00:00","mainEntityOfPage":{"@id":"https:\/\/www.reseau-entreprendre.org\/93\/2025\/04\/30\/cession-reprise-en-seine-saint-denis-un-territoire-fertile-pour-les-repreneurs\/"},"wordCount":431,"image":{"@id":"https:\/\/www.reseau-entreprendre.org\/93\/2025\/04\/30\/cession-reprise-en-seine-saint-denis-un-territoire-fertile-pour-les-repreneurs\/#primaryimage"},"thumbnailUrl":"https:\/\/www.reseau-entreprendre.org\/93\/wp-content\/uploads\/sites\/22\/2025\/04\/pexels-pavel-danilyuk-7654437-scaled.jpg","articleSection":["Actualit\u00e9s"],"inLanguage":"fr-FR"},{"@type":"WebPage","@id":"https:\/\/www.reseau-entreprendre.org\/93\/2025\/04\/30\/cession-reprise-en-seine-saint-denis-un-territoire-fertile-pour-les-repreneurs\/","url":"https:\/\/www.reseau-entreprendre.org\/93\/2025\/04\/30\/cession-reprise-en-seine-saint-denis-un-territoire-fertile-pour-les-repreneurs\/","name":"Cession-reprise en Seine-Saint-Denis : un territoire fertile pour les repreneurs - R\u00e9seau Entreprendre 93","isPartOf":{"@id":"https:\/\/www.reseau-entreprendre.org\/93\/#website"},"primaryImageOfPage":{"@id":"https:\/\/www.reseau-entreprendre.org\/93\/2025\/04\/30\/cession-reprise-en-seine-saint-denis-un-territoire-fertile-pour-les-repreneurs\/#primaryimage"},"image":{"@id":"https:\/\/www.reseau-entreprendre.org\/93\/2025\/04\/30\/cession-reprise-en-seine-saint-denis-un-territoire-fertile-pour-les-repreneurs\/#primaryimage"},"thumbnailUrl":"https:\/\/www.reseau-entreprendre.org\/93\/wp-content\/uploads\/sites\/22\/2025\/04\/pexels-pavel-danilyuk-7654437-scaled.jpg","datePublished":"2025-04-30T13:37:59+00:00","dateModified":"2025-04-30T13:38:00+00:00","author":{"@id":"https:\/\/www.reseau-entreprendre.org\/93\/#\/schema\/person\/1e47f6d76cadc065d42bb07fde93dfcf"},"breadcrumb":{"@id":"https:\/\/www.reseau-entreprendre.org\/93\/2025\/04\/30\/cession-reprise-en-seine-saint-denis-un-territoire-fertile-pour-les-repreneurs\/#breadcrumb"},"inLanguage":"fr-FR","potentialAction":[{"@type":"ReadAction","target":["https:\/\/www.reseau-entreprendre.org\/93\/2025\/04\/30\/cession-reprise-en-seine-saint-denis-un-territoire-fertile-pour-les-repreneurs\/"]}]},{"@type":"ImageObject","inLanguage":"fr-FR","@id":"https:\/\/www.reseau-entreprendre.org\/93\/2025\/04\/30\/cession-reprise-en-seine-saint-denis-un-territoire-fertile-pour-les-repreneurs\/#primaryimage","url":"https:\/\/www.reseau-entreprendre.org\/93\/wp-content\/uploads\/sites\/22\/2025\/04\/pexels-pavel-danilyuk-7654437-scaled.jpg","contentUrl":"https:\/\/www.reseau-entreprendre.org\/93\/wp-content\/uploads\/sites\/22\/2025\/04\/pexels-pavel-danilyuk-7654437-scaled.jpg","width":1709,"height":2560},{"@type":"BreadcrumbList","@id":"https:\/\/www.reseau-entreprendre.org\/93\/2025\/04\/30\/cession-reprise-en-seine-saint-denis-un-territoire-fertile-pour-les-repreneurs\/#breadcrumb","itemListElement":[{"@type":"ListItem","position":1,"name":"Accueil","item":"https:\/\/www.reseau-entreprendre.org\/93\/"},{"@type":"ListItem","position":2,"name":"Cession-reprise en Seine-Saint-Denis : un territoire fertile pour les repreneurs"}]},{"@type":"WebSite","@id":"https:\/\/www.reseau-entreprendre.org\/93\/#website","url":"https:\/\/www.reseau-entreprendre.org\/93\/","name":"R\u00e9seau Entreprendre 93","description":"Un site utilisant Les sites de R\u00e9seau Entreprendre","potentialAction":[{"@type":"SearchAction","target":{"@type":"EntryPoint","urlTemplate":"https:\/\/www.reseau-entreprendre.org\/93\/?s={search_term_string}"},"query-input":{"@type":"PropertyValueSpecification","valueRequired":true,"valueName":"search_term_string"}}],"inLanguage":"fr-FR"},{"@type":"Person","@id":"https:\/\/www.reseau-entreprendre.org\/93\/#\/schema\/person\/1e47f6d76cadc065d42bb07fde93dfcf","name":"93","image":{"@type":"ImageObject","inLanguage":"fr-FR","@id":"https:\/\/secure.gravatar.com\/avatar\/a02682b688d3985f8351fe3c8389d06730584c5edbdb545258b3a627723207e3?s=96&d=mm&r=g","url":"https:\/\/secure.gravatar.com\/avatar\/a02682b688d3985f8351fe3c8389d06730584c5edbdb545258b3a627723207e3?s=96&d=mm&r=g","contentUrl":"https:\/\/secure.gravatar.com\/avatar\/a02682b688d3985f8351fe3c8389d06730584c5edbdb545258b3a627723207e3?s=96&d=mm&r=g","caption":"93"},"url":"https:\/\/www.reseau-entreprendre.org\/93\/author\/93\/"}]}},"_links":{"self":[{"href":"https:\/\/www.reseau-entreprendre.org\/93\/wp-json\/wp\/v2\/posts\/3166","targetHints":{"allow":["GET"]}}],"collection":[{"href":"https:\/\/www.reseau-entreprendre.org\/93\/wp-json\/wp\/v2\/posts"}],"about":[{"href":"https:\/\/www.reseau-entreprendre.org\/93\/wp-json\/wp\/v2\/types\/post"}],"author":[{"embeddable":true,"href":"https:\/\/www.reseau-entreprendre.org\/93\/wp-json\/wp\/v2\/users\/22"}],"replies":[{"embeddable":true,"href":"https:\/\/www.reseau-entreprendre.org\/93\/wp-json\/wp\/v2\/comments?post=3166"}],"version-history":[{"count":0,"href":"https:\/\/www.reseau-entreprendre.org\/93\/wp-json\/wp\/v2\/posts\/3166\/revisions"}],"wp:featuredmedia":[{"embeddable":true,"href":"https:\/\/www.reseau-entreprendre.org\/93\/wp-json\/wp\/v2\/media\/3169"}],"wp:attachment":[{"href":"https:\/\/www.reseau-entreprendre.org\/93\/wp-json\/wp\/v2\/media?parent=3166"}],"wp:term":[{"taxonomy":"category","embeddable":true,"href":"https:\/\/www.reseau-entreprendre.org\/93\/wp-json\/wp\/v2\/categories?post=3166"},{"taxonomy":"post_tag","embeddable":true,"href":"https:\/\/www.reseau-entreprendre.org\/93\/wp-json\/wp\/v2\/tags?post=3166"}],"curies":[{"name":"wp","href":"https:\/\/api.w.org\/{rel}","templated":true}]}}