{"id":3183,"date":"2025-07-24T15:15:22","date_gmt":"2025-07-24T13:15:22","guid":{"rendered":"https:\/\/www.reseau-entreprendre.org\/93\/?p=3183"},"modified":"2025-07-25T14:13:36","modified_gmt":"2025-07-25T12:13:36","slug":"michel-lavandier-nomme-a-la-presidence-de-reseau-entreprendre-93","status":"publish","type":"post","link":"https:\/\/www.reseau-entreprendre.org\/93\/2025\/07\/24\/michel-lavandier-nomme-a-la-presidence-de-reseau-entreprendre-93\/","title":{"rendered":"Michel Lavandier nomm\u00e9 \u00e0 la pr\u00e9sidence de R\u00e9seau Entreprendre 93"},"content":{"rendered":"\n<h2 class=\"wp-block-heading\">Une nouvelle impulsion pour l\u2019accompagnement des entrepreneurs en Seine-Saint-Denis<\/h2>\n\n\n\n<div style=\"height:9px\" aria-hidden=\"true\" class=\"wp-block-spacer\"><\/div>\n\n\n\n<p>R\u00e9seau Entreprendre 93 a le plaisir d\u2019annoncer la nomination de <strong>Michel Lavandier<\/strong> \u00e0 sa pr\u00e9sidence. Il succ\u00e8de \u00e0 <strong>Idir Hamizi<\/strong>, d\u00e9sormais pr\u00e9sident de R\u00e9seau Entreprendre \u00cele-de-France, qui a marqu\u00e9 le r\u00e9seau local par son engagement constant en faveur des entrepreneurs du territoire.<\/p>\n\n\n<div class=\"wp-block-image\">\n<figure class=\"aligncenter size-large\"><img loading=\"lazy\" decoding=\"async\" width=\"768\" height=\"1024\" src=\"https:\/\/www.reseau-entreprendre.org\/93\/wp-content\/uploads\/sites\/22\/2025\/07\/WhatsApp-Image-2025-07-24-at-14.30.27-768x1024.jpeg\" alt=\"\" class=\"wp-image-3184\" srcset=\"https:\/\/www.reseau-entreprendre.org\/93\/wp-content\/uploads\/sites\/22\/2025\/07\/WhatsApp-Image-2025-07-24-at-14.30.27-768x1024.jpeg 768w, https:\/\/www.reseau-entreprendre.org\/93\/wp-content\/uploads\/sites\/22\/2025\/07\/WhatsApp-Image-2025-07-24-at-14.30.27-225x300.jpeg 225w, https:\/\/www.reseau-entreprendre.org\/93\/wp-content\/uploads\/sites\/22\/2025\/07\/WhatsApp-Image-2025-07-24-at-14.30.27-300x400.jpeg 300w, https:\/\/www.reseau-entreprendre.org\/93\/wp-content\/uploads\/sites\/22\/2025\/07\/WhatsApp-Image-2025-07-24-at-14.30.27-1152x1536.jpeg 1152w, https:\/\/www.reseau-entreprendre.org\/93\/wp-content\/uploads\/sites\/22\/2025\/07\/WhatsApp-Image-2025-07-24-at-14.30.27-98x130.jpeg 98w, https:\/\/www.reseau-entreprendre.org\/93\/wp-content\/uploads\/sites\/22\/2025\/07\/WhatsApp-Image-2025-07-24-at-14.30.27-75x100.jpeg 75w, https:\/\/www.reseau-entreprendre.org\/93\/wp-content\/uploads\/sites\/22\/2025\/07\/WhatsApp-Image-2025-07-24-at-14.30.27.jpeg 1200w\" sizes=\"auto, (max-width: 768px) 100vw, 768px\" \/><\/figure>\n<\/div>\n\n\n<p><em>De gauche \u00e0 droite : Omar Benali, Michel Lavandier, Idir Hamizi, Vrej Izikian<\/em><\/p>\n\n\n\n<div style=\"height:45px\" aria-hidden=\"true\" class=\"wp-block-spacer\"><\/div>\n\n\n\n<h3 class=\"wp-block-heading\">Un entrepreneur engag\u00e9 au service du territoire<\/h3>\n\n\n\n<p>Fondateur d\u2019<strong><a href=\"https:\/\/www.ariane.com\/fr\/\">Ariane Systems<\/a><\/strong>, leader mondial des solutions de self check-in\/out pour l\u2019h\u00f4tellerie, Michel Lavandier a dirig\u00e9 cette entreprise innovante pendant plus de vingt ans avant de la transmettre \u00e0 un groupe canadien. Homme de terrain, passionn\u00e9 par l\u2019entrepreneuriat et attach\u00e9 \u00e0 la Seine-Saint-Denis, il est membre actif de R\u00e9seau Entreprendre 93 depuis sa cr\u00e9ation en 2003.<\/p>\n\n\n\n<p>Durant ces deux d\u00e9cennies, il a accompagn\u00e9 de nombreux cr\u00e9ateurs et repreneurs d\u2019entreprise, leur apportant expertise, \u00e9coute et r\u00e9seau pour structurer et d\u00e9velopper leurs projets.<\/p>\n\n\n\n<div style=\"height:100px\" aria-hidden=\"true\" class=\"wp-block-spacer\"><\/div>\n\n\n<div class=\"wp-block-image\">\n<figure class=\"aligncenter size-large\"><img loading=\"lazy\" decoding=\"async\" width=\"768\" height=\"1024\" src=\"https:\/\/www.reseau-entreprendre.org\/93\/wp-content\/uploads\/sites\/22\/2025\/07\/WhatsApp-Image-2025-07-24-at-14.54.57-768x1024.jpeg\" alt=\"\" class=\"wp-image-3185\" srcset=\"https:\/\/www.reseau-entreprendre.org\/93\/wp-content\/uploads\/sites\/22\/2025\/07\/WhatsApp-Image-2025-07-24-at-14.54.57-768x1024.jpeg 768w, https:\/\/www.reseau-entreprendre.org\/93\/wp-content\/uploads\/sites\/22\/2025\/07\/WhatsApp-Image-2025-07-24-at-14.54.57-225x300.jpeg 225w, https:\/\/www.reseau-entreprendre.org\/93\/wp-content\/uploads\/sites\/22\/2025\/07\/WhatsApp-Image-2025-07-24-at-14.54.57-300x400.jpeg 300w, https:\/\/www.reseau-entreprendre.org\/93\/wp-content\/uploads\/sites\/22\/2025\/07\/WhatsApp-Image-2025-07-24-at-14.54.57-1152x1536.jpeg 1152w, https:\/\/www.reseau-entreprendre.org\/93\/wp-content\/uploads\/sites\/22\/2025\/07\/WhatsApp-Image-2025-07-24-at-14.54.57-98x130.jpeg 98w, https:\/\/www.reseau-entreprendre.org\/93\/wp-content\/uploads\/sites\/22\/2025\/07\/WhatsApp-Image-2025-07-24-at-14.54.57-75x100.jpeg 75w, https:\/\/www.reseau-entreprendre.org\/93\/wp-content\/uploads\/sites\/22\/2025\/07\/WhatsApp-Image-2025-07-24-at-14.54.57.jpeg 1200w\" sizes=\"auto, (max-width: 768px) 100vw, 768px\" \/><\/figure>\n<\/div>\n\n\n<div style=\"height:100px\" aria-hidden=\"true\" class=\"wp-block-spacer\"><\/div>\n\n\n\n<h3 class=\"wp-block-heading\">Une vision tourn\u00e9e vers l\u2019avenir<\/h3>\n\n\n\n<p>Sa pr\u00e9sidence s\u2019inscrit dans la continuit\u00e9 des actions engag\u00e9es, tout en affirmant une volont\u00e9 de <strong>renforcer l\u2019impact de l\u2019association sur le territoire<\/strong>. Michel Lavandier souhaite impulser une <strong>nouvelle dynamique<\/strong> fond\u00e9e sur un <strong>ancrage local fort<\/strong>, une <strong>croissance entrepreneuriale durable<\/strong>, <strong>inclusive<\/strong> et <strong>innovante<\/strong>.<\/p>\n\n\n\n<p>Dans cette perspective, il entend <strong>consolider les liens avec les collectivit\u00e9s locales<\/strong>, dans une logique de <strong>coop\u00e9ration \u00e9conomique durable<\/strong> et de <strong>d\u00e9veloppement harmonieux du territoire<\/strong>.<\/p>\n\n\n\n<p><strong>Un objectif clair : accompagner ceux qui font bouger la Seine-Saint-Denis<\/strong><\/p>\n\n\n\n<p>Avec \u00e0 c\u0153ur de soutenir les entrepreneurs qui dynamisent la Seine-Saint-Denis, Michel Lavandier place la <strong>promotion d\u2019un mod\u00e8le \u00e9conomique responsable et inclusif<\/strong> au centre de son mandat.<\/p>\n\n\n\n<p>R\u00e9seau Entreprendre 93 continue ainsi de s\u2019affirmer comme un acteur incontournable de l\u2019accompagnement entrepreneurial, port\u00e9 par des valeurs de solidarit\u00e9, d\u2019engagement et de professionnalisme.<\/p>\n\n\n\n<p><\/p>\n\n\n\n<p><\/p>\n","protected":false},"excerpt":{"rendered":"<p>Une nouvelle impulsion pour l\u2019accompagnement des entrepreneurs en Seine-Saint-Denis R\u00e9seau<\/p>\n","protected":false},"author":22,"featured_media":3187,"comment_status":"closed","ping_status":"closed","sticky":false,"template":"","format":"standard","meta":{"_acf_changed":false,"_monsterinsights_skip_tracking":false,"_monsterinsights_sitenote_active":false,"_monsterinsights_sitenote_note":"","_monsterinsights_sitenote_category":0,"footnotes":""},"categories":[4],"tags":[],"class_list":["post-3183","post","type-post","status-publish","format-standard","has-post-thumbnail","hentry","category-actualites","news"],"acf":[],"yoast_head":"<!-- This site is optimized with the Yoast SEO plugin v27.4 - https:\/\/yoast.com\/product\/yoast-seo-wordpress\/ -->\n<title>Michel Lavandier nomm\u00e9 \u00e0 la pr\u00e9sidence de R\u00e9seau Entreprendre 93 - R\u00e9seau Entreprendre 93<\/title>\n<meta name=\"robots\" content=\"index, follow, max-snippet:-1, max-image-preview:large, max-video-preview:-1\" \/>\n<link rel=\"canonical\" href=\"https:\/\/www.reseau-entreprendre.org\/93\/2025\/07\/24\/michel-lavandier-nomme-a-la-presidence-de-reseau-entreprendre-93\/\" \/>\n<meta property=\"og:locale\" content=\"fr_FR\" \/>\n<meta property=\"og:type\" content=\"article\" \/>\n<meta property=\"og:title\" content=\"Michel Lavandier nomm\u00e9 \u00e0 la pr\u00e9sidence de R\u00e9seau Entreprendre 93 - R\u00e9seau Entreprendre 93\" \/>\n<meta property=\"og:description\" content=\"Une nouvelle impulsion pour l\u2019accompagnement des entrepreneurs en Seine-Saint-Denis R\u00e9seau\" \/>\n<meta property=\"og:url\" content=\"https:\/\/www.reseau-entreprendre.org\/93\/2025\/07\/24\/michel-lavandier-nomme-a-la-presidence-de-reseau-entreprendre-93\/\" \/>\n<meta property=\"og:site_name\" content=\"R\u00e9seau Entreprendre 93\" \/>\n<meta property=\"article:published_time\" content=\"2025-07-24T13:15:22+00:00\" \/>\n<meta property=\"article:modified_time\" content=\"2025-07-25T12:13:36+00:00\" \/>\n<meta property=\"og:image\" content=\"https:\/\/www.reseau-entreprendre.org\/93\/wp-content\/uploads\/sites\/22\/2025\/07\/Photo-Michel-Lavandier.jpg\" \/>\n\t<meta property=\"og:image:width\" content=\"1080\" \/>\n\t<meta property=\"og:image:height\" content=\"1080\" \/>\n\t<meta property=\"og:image:type\" content=\"image\/jpeg\" \/>\n<meta name=\"author\" content=\"93\" \/>\n<meta name=\"twitter:card\" content=\"summary_large_image\" \/>\n<meta name=\"twitter:label1\" content=\"\u00c9crit par\" \/>\n\t<meta name=\"twitter:data1\" content=\"93\" \/>\n\t<meta name=\"twitter:label2\" content=\"Dur\u00e9e de lecture estim\u00e9e\" \/>\n\t<meta name=\"twitter:data2\" content=\"3 minutes\" \/>\n<script type=\"application\/ld+json\" class=\"yoast-schema-graph\">{\"@context\":\"https:\\\/\\\/schema.org\",\"@graph\":[{\"@type\":\"Article\",\"@id\":\"https:\\\/\\\/www.reseau-entreprendre.org\\\/93\\\/2025\\\/07\\\/24\\\/michel-lavandier-nomme-a-la-presidence-de-reseau-entreprendre-93\\\/#article\",\"isPartOf\":{\"@id\":\"https:\\\/\\\/www.reseau-entreprendre.org\\\/93\\\/2025\\\/07\\\/24\\\/michel-lavandier-nomme-a-la-presidence-de-reseau-entreprendre-93\\\/\"},\"author\":{\"name\":\"93\",\"@id\":\"https:\\\/\\\/www.reseau-entreprendre.org\\\/93\\\/#\\\/schema\\\/person\\\/1e47f6d76cadc065d42bb07fde93dfcf\"},\"headline\":\"Michel Lavandier nomm\u00e9 \u00e0 la pr\u00e9sidence de R\u00e9seau Entreprendre 93\",\"datePublished\":\"2025-07-24T13:15:22+00:00\",\"dateModified\":\"2025-07-25T12:13:36+00:00\",\"mainEntityOfPage\":{\"@id\":\"https:\\\/\\\/www.reseau-entreprendre.org\\\/93\\\/2025\\\/07\\\/24\\\/michel-lavandier-nomme-a-la-presidence-de-reseau-entreprendre-93\\\/\"},\"wordCount\":323,\"image\":{\"@id\":\"https:\\\/\\\/www.reseau-entreprendre.org\\\/93\\\/2025\\\/07\\\/24\\\/michel-lavandier-nomme-a-la-presidence-de-reseau-entreprendre-93\\\/#primaryimage\"},\"thumbnailUrl\":\"https:\\\/\\\/www.reseau-entreprendre.org\\\/93\\\/wp-content\\\/uploads\\\/sites\\\/22\\\/2025\\\/07\\\/Photo-Michel-Lavandier.jpg\",\"articleSection\":[\"Actualit\u00e9s\"],\"inLanguage\":\"fr-FR\"},{\"@type\":\"WebPage\",\"@id\":\"https:\\\/\\\/www.reseau-entreprendre.org\\\/93\\\/2025\\\/07\\\/24\\\/michel-lavandier-nomme-a-la-presidence-de-reseau-entreprendre-93\\\/\",\"url\":\"https:\\\/\\\/www.reseau-entreprendre.org\\\/93\\\/2025\\\/07\\\/24\\\/michel-lavandier-nomme-a-la-presidence-de-reseau-entreprendre-93\\\/\",\"name\":\"Michel Lavandier nomm\u00e9 \u00e0 la pr\u00e9sidence de R\u00e9seau Entreprendre 93 - R\u00e9seau Entreprendre 93\",\"isPartOf\":{\"@id\":\"https:\\\/\\\/www.reseau-entreprendre.org\\\/93\\\/#website\"},\"primaryImageOfPage\":{\"@id\":\"https:\\\/\\\/www.reseau-entreprendre.org\\\/93\\\/2025\\\/07\\\/24\\\/michel-lavandier-nomme-a-la-presidence-de-reseau-entreprendre-93\\\/#primaryimage\"},\"image\":{\"@id\":\"https:\\\/\\\/www.reseau-entreprendre.org\\\/93\\\/2025\\\/07\\\/24\\\/michel-lavandier-nomme-a-la-presidence-de-reseau-entreprendre-93\\\/#primaryimage\"},\"thumbnailUrl\":\"https:\\\/\\\/www.reseau-entreprendre.org\\\/93\\\/wp-content\\\/uploads\\\/sites\\\/22\\\/2025\\\/07\\\/Photo-Michel-Lavandier.jpg\",\"datePublished\":\"2025-07-24T13:15:22+00:00\",\"dateModified\":\"2025-07-25T12:13:36+00:00\",\"author\":{\"@id\":\"https:\\\/\\\/www.reseau-entreprendre.org\\\/93\\\/#\\\/schema\\\/person\\\/1e47f6d76cadc065d42bb07fde93dfcf\"},\"breadcrumb\":{\"@id\":\"https:\\\/\\\/www.reseau-entreprendre.org\\\/93\\\/2025\\\/07\\\/24\\\/michel-lavandier-nomme-a-la-presidence-de-reseau-entreprendre-93\\\/#breadcrumb\"},\"inLanguage\":\"fr-FR\",\"potentialAction\":[{\"@type\":\"ReadAction\",\"target\":[\"https:\\\/\\\/www.reseau-entreprendre.org\\\/93\\\/2025\\\/07\\\/24\\\/michel-lavandier-nomme-a-la-presidence-de-reseau-entreprendre-93\\\/\"]}]},{\"@type\":\"ImageObject\",\"inLanguage\":\"fr-FR\",\"@id\":\"https:\\\/\\\/www.reseau-entreprendre.org\\\/93\\\/2025\\\/07\\\/24\\\/michel-lavandier-nomme-a-la-presidence-de-reseau-entreprendre-93\\\/#primaryimage\",\"url\":\"https:\\\/\\\/www.reseau-entreprendre.org\\\/93\\\/wp-content\\\/uploads\\\/sites\\\/22\\\/2025\\\/07\\\/Photo-Michel-Lavandier.jpg\",\"contentUrl\":\"https:\\\/\\\/www.reseau-entreprendre.org\\\/93\\\/wp-content\\\/uploads\\\/sites\\\/22\\\/2025\\\/07\\\/Photo-Michel-Lavandier.jpg\",\"width\":1080,\"height\":1080},{\"@type\":\"BreadcrumbList\",\"@id\":\"https:\\\/\\\/www.reseau-entreprendre.org\\\/93\\\/2025\\\/07\\\/24\\\/michel-lavandier-nomme-a-la-presidence-de-reseau-entreprendre-93\\\/#breadcrumb\",\"itemListElement\":[{\"@type\":\"ListItem\",\"position\":1,\"name\":\"Accueil\",\"item\":\"https:\\\/\\\/www.reseau-entreprendre.org\\\/93\\\/\"},{\"@type\":\"ListItem\",\"position\":2,\"name\":\"Michel Lavandier nomm\u00e9 \u00e0 la pr\u00e9sidence de R\u00e9seau Entreprendre 93\"}]},{\"@type\":\"WebSite\",\"@id\":\"https:\\\/\\\/www.reseau-entreprendre.org\\\/93\\\/#website\",\"url\":\"https:\\\/\\\/www.reseau-entreprendre.org\\\/93\\\/\",\"name\":\"R\u00e9seau Entreprendre 93\",\"description\":\"Un site utilisant Les sites de R\u00e9seau Entreprendre\",\"potentialAction\":[{\"@type\":\"SearchAction\",\"target\":{\"@type\":\"EntryPoint\",\"urlTemplate\":\"https:\\\/\\\/www.reseau-entreprendre.org\\\/93\\\/?s={search_term_string}\"},\"query-input\":{\"@type\":\"PropertyValueSpecification\",\"valueRequired\":true,\"valueName\":\"search_term_string\"}}],\"inLanguage\":\"fr-FR\"},{\"@type\":\"Person\",\"@id\":\"https:\\\/\\\/www.reseau-entreprendre.org\\\/93\\\/#\\\/schema\\\/person\\\/1e47f6d76cadc065d42bb07fde93dfcf\",\"name\":\"93\",\"image\":{\"@type\":\"ImageObject\",\"inLanguage\":\"fr-FR\",\"@id\":\"https:\\\/\\\/secure.gravatar.com\\\/avatar\\\/a02682b688d3985f8351fe3c8389d06730584c5edbdb545258b3a627723207e3?s=96&d=mm&r=g\",\"url\":\"https:\\\/\\\/secure.gravatar.com\\\/avatar\\\/a02682b688d3985f8351fe3c8389d06730584c5edbdb545258b3a627723207e3?s=96&d=mm&r=g\",\"contentUrl\":\"https:\\\/\\\/secure.gravatar.com\\\/avatar\\\/a02682b688d3985f8351fe3c8389d06730584c5edbdb545258b3a627723207e3?s=96&d=mm&r=g\",\"caption\":\"93\"},\"url\":\"https:\\\/\\\/www.reseau-entreprendre.org\\\/93\\\/author\\\/93\\\/\"}]}<\/script>\n<!-- \/ Yoast SEO plugin. -->","yoast_head_json":{"title":"Michel Lavandier nomm\u00e9 \u00e0 la pr\u00e9sidence de R\u00e9seau Entreprendre 93 - R\u00e9seau Entreprendre 93","robots":{"index":"index","follow":"follow","max-snippet":"max-snippet:-1","max-image-preview":"max-image-preview:large","max-video-preview":"max-video-preview:-1"},"canonical":"https:\/\/www.reseau-entreprendre.org\/93\/2025\/07\/24\/michel-lavandier-nomme-a-la-presidence-de-reseau-entreprendre-93\/","og_locale":"fr_FR","og_type":"article","og_title":"Michel Lavandier nomm\u00e9 \u00e0 la pr\u00e9sidence de R\u00e9seau Entreprendre 93 - R\u00e9seau Entreprendre 93","og_description":"Une nouvelle impulsion pour l\u2019accompagnement des entrepreneurs en Seine-Saint-Denis R\u00e9seau","og_url":"https:\/\/www.reseau-entreprendre.org\/93\/2025\/07\/24\/michel-lavandier-nomme-a-la-presidence-de-reseau-entreprendre-93\/","og_site_name":"R\u00e9seau Entreprendre 93","article_published_time":"2025-07-24T13:15:22+00:00","article_modified_time":"2025-07-25T12:13:36+00:00","og_image":[{"width":1080,"height":1080,"url":"https:\/\/www.reseau-entreprendre.org\/93\/wp-content\/uploads\/sites\/22\/2025\/07\/Photo-Michel-Lavandier.jpg","type":"image\/jpeg"}],"author":"93","twitter_card":"summary_large_image","twitter_misc":{"\u00c9crit par":"93","Dur\u00e9e de lecture estim\u00e9e":"3 minutes"},"schema":{"@context":"https:\/\/schema.org","@graph":[{"@type":"Article","@id":"https:\/\/www.reseau-entreprendre.org\/93\/2025\/07\/24\/michel-lavandier-nomme-a-la-presidence-de-reseau-entreprendre-93\/#article","isPartOf":{"@id":"https:\/\/www.reseau-entreprendre.org\/93\/2025\/07\/24\/michel-lavandier-nomme-a-la-presidence-de-reseau-entreprendre-93\/"},"author":{"name":"93","@id":"https:\/\/www.reseau-entreprendre.org\/93\/#\/schema\/person\/1e47f6d76cadc065d42bb07fde93dfcf"},"headline":"Michel Lavandier nomm\u00e9 \u00e0 la pr\u00e9sidence de R\u00e9seau Entreprendre 93","datePublished":"2025-07-24T13:15:22+00:00","dateModified":"2025-07-25T12:13:36+00:00","mainEntityOfPage":{"@id":"https:\/\/www.reseau-entreprendre.org\/93\/2025\/07\/24\/michel-lavandier-nomme-a-la-presidence-de-reseau-entreprendre-93\/"},"wordCount":323,"image":{"@id":"https:\/\/www.reseau-entreprendre.org\/93\/2025\/07\/24\/michel-lavandier-nomme-a-la-presidence-de-reseau-entreprendre-93\/#primaryimage"},"thumbnailUrl":"https:\/\/www.reseau-entreprendre.org\/93\/wp-content\/uploads\/sites\/22\/2025\/07\/Photo-Michel-Lavandier.jpg","articleSection":["Actualit\u00e9s"],"inLanguage":"fr-FR"},{"@type":"WebPage","@id":"https:\/\/www.reseau-entreprendre.org\/93\/2025\/07\/24\/michel-lavandier-nomme-a-la-presidence-de-reseau-entreprendre-93\/","url":"https:\/\/www.reseau-entreprendre.org\/93\/2025\/07\/24\/michel-lavandier-nomme-a-la-presidence-de-reseau-entreprendre-93\/","name":"Michel Lavandier nomm\u00e9 \u00e0 la pr\u00e9sidence de R\u00e9seau Entreprendre 93 - R\u00e9seau Entreprendre 93","isPartOf":{"@id":"https:\/\/www.reseau-entreprendre.org\/93\/#website"},"primaryImageOfPage":{"@id":"https:\/\/www.reseau-entreprendre.org\/93\/2025\/07\/24\/michel-lavandier-nomme-a-la-presidence-de-reseau-entreprendre-93\/#primaryimage"},"image":{"@id":"https:\/\/www.reseau-entreprendre.org\/93\/2025\/07\/24\/michel-lavandier-nomme-a-la-presidence-de-reseau-entreprendre-93\/#primaryimage"},"thumbnailUrl":"https:\/\/www.reseau-entreprendre.org\/93\/wp-content\/uploads\/sites\/22\/2025\/07\/Photo-Michel-Lavandier.jpg","datePublished":"2025-07-24T13:15:22+00:00","dateModified":"2025-07-25T12:13:36+00:00","author":{"@id":"https:\/\/www.reseau-entreprendre.org\/93\/#\/schema\/person\/1e47f6d76cadc065d42bb07fde93dfcf"},"breadcrumb":{"@id":"https:\/\/www.reseau-entreprendre.org\/93\/2025\/07\/24\/michel-lavandier-nomme-a-la-presidence-de-reseau-entreprendre-93\/#breadcrumb"},"inLanguage":"fr-FR","potentialAction":[{"@type":"ReadAction","target":["https:\/\/www.reseau-entreprendre.org\/93\/2025\/07\/24\/michel-lavandier-nomme-a-la-presidence-de-reseau-entreprendre-93\/"]}]},{"@type":"ImageObject","inLanguage":"fr-FR","@id":"https:\/\/www.reseau-entreprendre.org\/93\/2025\/07\/24\/michel-lavandier-nomme-a-la-presidence-de-reseau-entreprendre-93\/#primaryimage","url":"https:\/\/www.reseau-entreprendre.org\/93\/wp-content\/uploads\/sites\/22\/2025\/07\/Photo-Michel-Lavandier.jpg","contentUrl":"https:\/\/www.reseau-entreprendre.org\/93\/wp-content\/uploads\/sites\/22\/2025\/07\/Photo-Michel-Lavandier.jpg","width":1080,"height":1080},{"@type":"BreadcrumbList","@id":"https:\/\/www.reseau-entreprendre.org\/93\/2025\/07\/24\/michel-lavandier-nomme-a-la-presidence-de-reseau-entreprendre-93\/#breadcrumb","itemListElement":[{"@type":"ListItem","position":1,"name":"Accueil","item":"https:\/\/www.reseau-entreprendre.org\/93\/"},{"@type":"ListItem","position":2,"name":"Michel Lavandier nomm\u00e9 \u00e0 la pr\u00e9sidence de R\u00e9seau Entreprendre 93"}]},{"@type":"WebSite","@id":"https:\/\/www.reseau-entreprendre.org\/93\/#website","url":"https:\/\/www.reseau-entreprendre.org\/93\/","name":"R\u00e9seau Entreprendre 93","description":"Un site utilisant Les sites de R\u00e9seau Entreprendre","potentialAction":[{"@type":"SearchAction","target":{"@type":"EntryPoint","urlTemplate":"https:\/\/www.reseau-entreprendre.org\/93\/?s={search_term_string}"},"query-input":{"@type":"PropertyValueSpecification","valueRequired":true,"valueName":"search_term_string"}}],"inLanguage":"fr-FR"},{"@type":"Person","@id":"https:\/\/www.reseau-entreprendre.org\/93\/#\/schema\/person\/1e47f6d76cadc065d42bb07fde93dfcf","name":"93","image":{"@type":"ImageObject","inLanguage":"fr-FR","@id":"https:\/\/secure.gravatar.com\/avatar\/a02682b688d3985f8351fe3c8389d06730584c5edbdb545258b3a627723207e3?s=96&d=mm&r=g","url":"https:\/\/secure.gravatar.com\/avatar\/a02682b688d3985f8351fe3c8389d06730584c5edbdb545258b3a627723207e3?s=96&d=mm&r=g","contentUrl":"https:\/\/secure.gravatar.com\/avatar\/a02682b688d3985f8351fe3c8389d06730584c5edbdb545258b3a627723207e3?s=96&d=mm&r=g","caption":"93"},"url":"https:\/\/www.reseau-entreprendre.org\/93\/author\/93\/"}]}},"_links":{"self":[{"href":"https:\/\/www.reseau-entreprendre.org\/93\/wp-json\/wp\/v2\/posts\/3183","targetHints":{"allow":["GET"]}}],"collection":[{"href":"https:\/\/www.reseau-entreprendre.org\/93\/wp-json\/wp\/v2\/posts"}],"about":[{"href":"https:\/\/www.reseau-entreprendre.org\/93\/wp-json\/wp\/v2\/types\/post"}],"author":[{"embeddable":true,"href":"https:\/\/www.reseau-entreprendre.org\/93\/wp-json\/wp\/v2\/users\/22"}],"replies":[{"embeddable":true,"href":"https:\/\/www.reseau-entreprendre.org\/93\/wp-json\/wp\/v2\/comments?post=3183"}],"version-history":[{"count":0,"href":"https:\/\/www.reseau-entreprendre.org\/93\/wp-json\/wp\/v2\/posts\/3183\/revisions"}],"wp:featuredmedia":[{"embeddable":true,"href":"https:\/\/www.reseau-entreprendre.org\/93\/wp-json\/wp\/v2\/media\/3187"}],"wp:attachment":[{"href":"https:\/\/www.reseau-entreprendre.org\/93\/wp-json\/wp\/v2\/media?parent=3183"}],"wp:term":[{"taxonomy":"category","embeddable":true,"href":"https:\/\/www.reseau-entreprendre.org\/93\/wp-json\/wp\/v2\/categories?post=3183"},{"taxonomy":"post_tag","embeddable":true,"href":"https:\/\/www.reseau-entreprendre.org\/93\/wp-json\/wp\/v2\/tags?post=3183"}],"curies":[{"name":"wp","href":"https:\/\/api.w.org\/{rel}","templated":true}]}}