{"id":3189,"date":"2025-07-25T14:18:51","date_gmt":"2025-07-25T12:18:51","guid":{"rendered":"https:\/\/www.reseau-entreprendre.org\/93\/?p=3189"},"modified":"2026-02-25T12:37:18","modified_gmt":"2026-02-25T11:37:18","slug":"laureats-2022-2-2","status":"publish","type":"post","link":"https:\/\/www.reseau-entreprendre.org\/93\/2025\/07\/25\/laureats-2022-2-2\/","title":{"rendered":"D\u00e9couvrez les laur\u00e9ats de la promo 2025 !"},"content":{"rendered":"\n<p><\/p>\n\n\n\n<div class=\"wp-block-media-text alignwide is-stacked-on-mobile\" style=\"grid-template-columns:25% auto\"><figure class=\"wp-block-media-text__media\"><img loading=\"lazy\" decoding=\"async\" width=\"1024\" height=\"1024\" src=\"https:\/\/www.reseau-entreprendre.org\/93\/wp-content\/uploads\/sites\/22\/2025\/07\/GREENWAY-1024x1024.jpg\" alt=\"\" class=\"wp-image-3190 size-full\" srcset=\"https:\/\/www.reseau-entreprendre.org\/93\/wp-content\/uploads\/sites\/22\/2025\/07\/GREENWAY-1024x1024.jpg 1024w, https:\/\/www.reseau-entreprendre.org\/93\/wp-content\/uploads\/sites\/22\/2025\/07\/GREENWAY-300x300.jpg 300w, https:\/\/www.reseau-entreprendre.org\/93\/wp-content\/uploads\/sites\/22\/2025\/07\/GREENWAY-150x150.jpg 150w, https:\/\/www.reseau-entreprendre.org\/93\/wp-content\/uploads\/sites\/22\/2025\/07\/GREENWAY-768x768.jpg 768w, https:\/\/www.reseau-entreprendre.org\/93\/wp-content\/uploads\/sites\/22\/2025\/07\/GREENWAY-500x500.jpg 500w, https:\/\/www.reseau-entreprendre.org\/93\/wp-content\/uploads\/sites\/22\/2025\/07\/GREENWAY-130x130.jpg 130w, https:\/\/www.reseau-entreprendre.org\/93\/wp-content\/uploads\/sites\/22\/2025\/07\/GREENWAY-100x100.jpg 100w, https:\/\/www.reseau-entreprendre.org\/93\/wp-content\/uploads\/sites\/22\/2025\/07\/GREENWAY.jpg 1080w\" sizes=\"auto, (max-width: 1024px) 100vw, 1024px\" \/><\/figure><div class=\"wp-block-media-text__content\">\n<h3 class=\"wp-block-heading has-large-font-size\"><strong>GREENWAY<\/strong><\/h3>\n\n\n\n<p><em>Pierre-Yves Roizot<\/em><strong> <\/strong>|<strong> <\/strong><em>Alexandre Smadja<\/em><\/p>\n\n\n\n<p><a href=\"https:\/\/www.greenway.care\/fr\/\"><strong>Greenway<\/strong><\/a> est une soci\u00e9t\u00e9 \u00e0 mission qui propose une smartcard professionnelle permettant de regrouper toutes les transactions en un seul endroit, offrant ainsi une vue d&#8217;ensemble claire et pr\u00e9cise des d\u00e9penses. <\/p>\n\n\n\n<p>#Smartcard #PaiementCentralis\u00e9 #Fintech #FinanceDurable #RSE #Innovation<\/p>\n<\/div><\/div>\n\n\n\n<hr class=\"wp-block-separator has-alpha-channel-opacity\" \/>\n\n\n\n<div class=\"wp-block-media-text alignwide is-stacked-on-mobile\" style=\"grid-template-columns:25% auto\"><figure class=\"wp-block-media-text__media\"><img loading=\"lazy\" decoding=\"async\" width=\"1024\" height=\"1024\" src=\"https:\/\/www.reseau-entreprendre.org\/93\/wp-content\/uploads\/sites\/22\/2025\/07\/M.A-SANTE-AMBULANCE-1024x1024.jpg\" alt=\"\" class=\"wp-image-3191 size-full\" srcset=\"https:\/\/www.reseau-entreprendre.org\/93\/wp-content\/uploads\/sites\/22\/2025\/07\/M.A-SANTE-AMBULANCE-1024x1024.jpg 1024w, https:\/\/www.reseau-entreprendre.org\/93\/wp-content\/uploads\/sites\/22\/2025\/07\/M.A-SANTE-AMBULANCE-300x300.jpg 300w, https:\/\/www.reseau-entreprendre.org\/93\/wp-content\/uploads\/sites\/22\/2025\/07\/M.A-SANTE-AMBULANCE-150x150.jpg 150w, https:\/\/www.reseau-entreprendre.org\/93\/wp-content\/uploads\/sites\/22\/2025\/07\/M.A-SANTE-AMBULANCE-768x768.jpg 768w, https:\/\/www.reseau-entreprendre.org\/93\/wp-content\/uploads\/sites\/22\/2025\/07\/M.A-SANTE-AMBULANCE-500x500.jpg 500w, https:\/\/www.reseau-entreprendre.org\/93\/wp-content\/uploads\/sites\/22\/2025\/07\/M.A-SANTE-AMBULANCE-130x130.jpg 130w, https:\/\/www.reseau-entreprendre.org\/93\/wp-content\/uploads\/sites\/22\/2025\/07\/M.A-SANTE-AMBULANCE-100x100.jpg 100w, https:\/\/www.reseau-entreprendre.org\/93\/wp-content\/uploads\/sites\/22\/2025\/07\/M.A-SANTE-AMBULANCE.jpg 1080w\" sizes=\"auto, (max-width: 1024px) 100vw, 1024px\" \/><\/figure><div class=\"wp-block-media-text__content\">\n<h3 class=\"wp-block-heading\"><strong>M.A SANTE AMBULANCE<\/strong><\/h3>\n\n\n\n<p><em>Alexis M\u00e9bille<\/em> | <em>Mehdi Talha<\/em> | <em>Romain M\u00e9bille<\/em><\/p>\n\n\n\n<p><a href=\"https:\/\/www.masanteambulance.com\/\"><strong>M.A Sant\u00e9 Ambulance<\/strong><\/a> est une soci\u00e9t\u00e9 de transport sanitaire, sp\u00e9cialis\u00e9e dans le transport de malades (assis, alit\u00e9s ou en fauteuil roulant), et dot\u00e9e d&#8217;une flotte de v\u00e9hicules adapt\u00e9s en cons\u00e9quence : transport de malades allong\u00e9s avec une assistance m\u00e9dicale, V\u00e9hicules Sanitaires L\u00e9gers (VSL), transport de Personnes \u00e0 Mobilit\u00e9 R\u00e9duite (PMR) en fauteuil roulant&#8230;  <\/p>\n\n\n\n<p>#Ambulance #Ambulancier #TransportSanitaire #PMR #Sant\u00e9<\/p>\n<\/div><\/div>\n\n\n\n<hr class=\"wp-block-separator has-alpha-channel-opacity\" \/>\n\n\n\n<div class=\"wp-block-media-text alignwide is-stacked-on-mobile\" style=\"grid-template-columns:25% auto\"><figure class=\"wp-block-media-text__media\"><img loading=\"lazy\" decoding=\"async\" width=\"1024\" height=\"1024\" src=\"https:\/\/www.reseau-entreprendre.org\/93\/wp-content\/uploads\/sites\/22\/2025\/07\/TCHAC-1024x1024.jpg\" alt=\"\" class=\"wp-image-3193 size-full\" srcset=\"https:\/\/www.reseau-entreprendre.org\/93\/wp-content\/uploads\/sites\/22\/2025\/07\/TCHAC-1024x1024.jpg 1024w, https:\/\/www.reseau-entreprendre.org\/93\/wp-content\/uploads\/sites\/22\/2025\/07\/TCHAC-300x300.jpg 300w, https:\/\/www.reseau-entreprendre.org\/93\/wp-content\/uploads\/sites\/22\/2025\/07\/TCHAC-150x150.jpg 150w, https:\/\/www.reseau-entreprendre.org\/93\/wp-content\/uploads\/sites\/22\/2025\/07\/TCHAC-768x768.jpg 768w, https:\/\/www.reseau-entreprendre.org\/93\/wp-content\/uploads\/sites\/22\/2025\/07\/TCHAC-500x500.jpg 500w, https:\/\/www.reseau-entreprendre.org\/93\/wp-content\/uploads\/sites\/22\/2025\/07\/TCHAC-130x130.jpg 130w, https:\/\/www.reseau-entreprendre.org\/93\/wp-content\/uploads\/sites\/22\/2025\/07\/TCHAC-100x100.jpg 100w, https:\/\/www.reseau-entreprendre.org\/93\/wp-content\/uploads\/sites\/22\/2025\/07\/TCHAC.jpg 1080w\" sizes=\"auto, (max-width: 1024px) 100vw, 1024px\" \/><\/figure><div class=\"wp-block-media-text__content\">\n<h3 class=\"wp-block-heading has-large-font-size\"><strong>TCHAC<\/strong><\/h3>\n\n\n\n<p><em>Charlotte Jacqueau | Caroline Jacqueau | Marie Jacqueau <\/em><\/p>\n\n\n\n<p><a href=\"https:\/\/www.tchac.co\/\"><strong>Tchac<\/strong><\/a> propose des cours de cuisine et recettes de chef en ligne pour apprendre \u00e0 cuisiner de mani\u00e8re simple ou se perfectionner de fa\u00e7on pointue.<\/p>\n\n\n\n<p>#Cuisine #Food #FoodTech #Chef #Alimentation #FaitMaison #BienManger<\/p>\n<\/div><\/div>\n\n\n\n<hr class=\"wp-block-separator has-alpha-channel-opacity\" \/>\n\n\n\n<div class=\"wp-block-media-text alignwide is-stacked-on-mobile\" style=\"grid-template-columns:25% auto\"><figure class=\"wp-block-media-text__media\"><img loading=\"lazy\" decoding=\"async\" width=\"1024\" height=\"1024\" src=\"https:\/\/www.reseau-entreprendre.org\/93\/wp-content\/uploads\/sites\/22\/2025\/07\/FRAGMENT-STUDIO-1024x1024.jpg\" alt=\"\" class=\"wp-image-3194 size-full\" srcset=\"https:\/\/www.reseau-entreprendre.org\/93\/wp-content\/uploads\/sites\/22\/2025\/07\/FRAGMENT-STUDIO-1024x1024.jpg 1024w, https:\/\/www.reseau-entreprendre.org\/93\/wp-content\/uploads\/sites\/22\/2025\/07\/FRAGMENT-STUDIO-300x300.jpg 300w, https:\/\/www.reseau-entreprendre.org\/93\/wp-content\/uploads\/sites\/22\/2025\/07\/FRAGMENT-STUDIO-150x150.jpg 150w, https:\/\/www.reseau-entreprendre.org\/93\/wp-content\/uploads\/sites\/22\/2025\/07\/FRAGMENT-STUDIO-768x768.jpg 768w, https:\/\/www.reseau-entreprendre.org\/93\/wp-content\/uploads\/sites\/22\/2025\/07\/FRAGMENT-STUDIO-500x500.jpg 500w, https:\/\/www.reseau-entreprendre.org\/93\/wp-content\/uploads\/sites\/22\/2025\/07\/FRAGMENT-STUDIO-130x130.jpg 130w, https:\/\/www.reseau-entreprendre.org\/93\/wp-content\/uploads\/sites\/22\/2025\/07\/FRAGMENT-STUDIO-100x100.jpg 100w, https:\/\/www.reseau-entreprendre.org\/93\/wp-content\/uploads\/sites\/22\/2025\/07\/FRAGMENT-STUDIO.jpg 1080w\" sizes=\"auto, (max-width: 1024px) 100vw, 1024px\" \/><\/figure><div class=\"wp-block-media-text__content\">\n<h3 class=\"wp-block-heading has-large-font-size\"><strong>FRAGMENT STUDIO<\/strong><\/h3>\n\n\n\n<p><em><em>Hugo Bult\u00e9 | Gr\u00e9goire Qu\u00e9meras | Camille Dubuis<\/em><\/em><\/p>\n\n\n\n<p><a href=\"https:\/\/www.fragmentstudio.fr\/\"><strong>Fragment Studio<\/strong><\/a> fabrique et \u00e9co-con\u00e7oit du mobilier \u00e0 partir des d\u00e9chets issus du b\u00e2timent et de l&#8217;industrie fran\u00e7aise.<\/p>\n\n\n\n<p>#R\u00e9emploi #Upcycling #BTP #Design #VilleDurable #SmartCity<\/p>\n<\/div><\/div>\n\n\n\n<hr class=\"wp-block-separator has-alpha-channel-opacity\" \/>\n\n\n\n<div class=\"wp-block-media-text alignwide is-stacked-on-mobile\" style=\"grid-template-columns:25% auto\"><figure class=\"wp-block-media-text__media\"><img loading=\"lazy\" decoding=\"async\" width=\"1024\" height=\"1024\" src=\"https:\/\/www.reseau-entreprendre.org\/93\/wp-content\/uploads\/sites\/22\/2025\/07\/SAWA-1024x1024.jpg\" alt=\"\" class=\"wp-image-3195 size-full\" srcset=\"https:\/\/www.reseau-entreprendre.org\/93\/wp-content\/uploads\/sites\/22\/2025\/07\/SAWA-1024x1024.jpg 1024w, https:\/\/www.reseau-entreprendre.org\/93\/wp-content\/uploads\/sites\/22\/2025\/07\/SAWA-300x300.jpg 300w, https:\/\/www.reseau-entreprendre.org\/93\/wp-content\/uploads\/sites\/22\/2025\/07\/SAWA-150x150.jpg 150w, https:\/\/www.reseau-entreprendre.org\/93\/wp-content\/uploads\/sites\/22\/2025\/07\/SAWA-768x768.jpg 768w, https:\/\/www.reseau-entreprendre.org\/93\/wp-content\/uploads\/sites\/22\/2025\/07\/SAWA-500x500.jpg 500w, https:\/\/www.reseau-entreprendre.org\/93\/wp-content\/uploads\/sites\/22\/2025\/07\/SAWA-130x130.jpg 130w, https:\/\/www.reseau-entreprendre.org\/93\/wp-content\/uploads\/sites\/22\/2025\/07\/SAWA-100x100.jpg 100w, https:\/\/www.reseau-entreprendre.org\/93\/wp-content\/uploads\/sites\/22\/2025\/07\/SAWA.jpg 1080w\" sizes=\"auto, (max-width: 1024px) 100vw, 1024px\" \/><\/figure><div class=\"wp-block-media-text__content\">\n<h3 class=\"wp-block-heading has-large-font-size\"><strong>SAWA CARE<\/strong><\/h3>\n\n\n\n<p><em>Basma Frangieh<\/em> | <em>Rabih Frangieh <\/em><\/p>\n\n\n\n<p><a href=\"https:\/\/www.sawa-care.io\/\"><strong>Sawa Care<\/strong><\/a> a pour ambition de soulager les aidants dans leur combat au quotidien. Pour cela, l&#8217;entreprise allie savoirs scientifiques, technologiques et humains pour apporter l\u2019aide tant souhait\u00e9e par les aidant.es. <\/p>\n\n\n\n<p>#Aidance #SoutienAuxAidants #RH #QVT #Inclusion #RSE #CareManagement<\/p>\n<\/div><\/div>\n\n\n\n<hr class=\"wp-block-separator has-alpha-channel-opacity\" \/>\n\n\n\n<div class=\"wp-block-media-text alignwide is-stacked-on-mobile\" style=\"grid-template-columns:25% auto\"><figure class=\"wp-block-media-text__media\"><\/figure><div class=\"wp-block-media-text__content\">\n<h3 class=\"wp-block-heading has-large-font-size\"><strong>MOTOVEGA<\/strong><\/h3>\n\n\n\n<p><em>Walid Ben Lamine | Alexandre Courtes<\/em><\/p>\n\n\n\n<p><a href=\"https:\/\/motovega.com.ar\/\"><strong>MotoVega<\/strong><\/a> construit et propose des solutions de mobilit\u00e9 \u00e9lectrique durable, en privil\u00e9giant la s\u00e9curit\u00e9, la fiabilit\u00e9 et l&#8217;accessibilit\u00e9 financi\u00e8re.<\/p>\n\n\n\n<p>#MotoElectrique #V\u00e9loElectrique #EcoMobilit\u00e9 #Mobilit\u00e9Durable <\/p>\n<\/div><\/div>\n\n\n\n<hr class=\"wp-block-separator has-alpha-channel-opacity\" \/>\n\n\n\n<div class=\"wp-block-media-text alignwide is-stacked-on-mobile\" style=\"grid-template-columns:25% auto\"><figure class=\"wp-block-media-text__media\"><img loading=\"lazy\" decoding=\"async\" width=\"1024\" height=\"1024\" src=\"https:\/\/www.reseau-entreprendre.org\/93\/wp-content\/uploads\/sites\/22\/2025\/07\/YES-SIR-1024x1024.jpg\" alt=\"\" class=\"wp-image-3197 size-full\" srcset=\"https:\/\/www.reseau-entreprendre.org\/93\/wp-content\/uploads\/sites\/22\/2025\/07\/YES-SIR-1024x1024.jpg 1024w, https:\/\/www.reseau-entreprendre.org\/93\/wp-content\/uploads\/sites\/22\/2025\/07\/YES-SIR-300x300.jpg 300w, https:\/\/www.reseau-entreprendre.org\/93\/wp-content\/uploads\/sites\/22\/2025\/07\/YES-SIR-150x150.jpg 150w, https:\/\/www.reseau-entreprendre.org\/93\/wp-content\/uploads\/sites\/22\/2025\/07\/YES-SIR-768x768.jpg 768w, https:\/\/www.reseau-entreprendre.org\/93\/wp-content\/uploads\/sites\/22\/2025\/07\/YES-SIR-500x500.jpg 500w, https:\/\/www.reseau-entreprendre.org\/93\/wp-content\/uploads\/sites\/22\/2025\/07\/YES-SIR-130x130.jpg 130w, https:\/\/www.reseau-entreprendre.org\/93\/wp-content\/uploads\/sites\/22\/2025\/07\/YES-SIR-100x100.jpg 100w, https:\/\/www.reseau-entreprendre.org\/93\/wp-content\/uploads\/sites\/22\/2025\/07\/YES-SIR.jpg 1080w\" sizes=\"auto, (max-width: 1024px) 100vw, 1024px\" \/><\/figure><div class=\"wp-block-media-text__content\">\n<h3 class=\"wp-block-heading has-large-font-size\"><strong>Vid\u00e9opolis<\/strong><\/h3>\n\n\n\n<p><a href=\"https:\/\/www.yessir.fr\/\"><strong>Yes Sir<\/strong><\/a> est une Content Factory nouvelle g\u00e9n\u00e9ration. Sa mission : transformer les id\u00e9es en exp\u00e9riences m\u00e9morables. Sp\u00e9cialiste de la production audiovisuelle et communication, l&#8217;agence allie strat\u00e9gie, cr\u00e9ation de contenus percutants et diffusion multiplateforme. L&#8217;objectif : propulser les marques, capter l&#8217;attention et cr\u00e9er de l&#8217;impact.  <\/p>\n\n\n\n<p><em>Fran\u00e7ois Cusset<\/em> | <em>Damien Gouilly-Frossard<\/em><\/p>\n\n\n\n<p>#ContentFactory #BrandContent #Communication #Marketing #Publicit\u00e9 #Film #Documentaire<\/p>\n<\/div><\/div>\n\n\n\n<hr class=\"wp-block-separator has-alpha-channel-opacity\" \/>\n\n\n\n<div class=\"wp-block-media-text alignwide is-stacked-on-mobile\" style=\"grid-template-columns:25% auto\"><figure class=\"wp-block-media-text__media\"><img loading=\"lazy\" decoding=\"async\" width=\"1024\" height=\"1024\" src=\"https:\/\/www.reseau-entreprendre.org\/93\/wp-content\/uploads\/sites\/22\/2025\/07\/JIA-PARIS-1024x1024.jpg\" alt=\"\" class=\"wp-image-3198 size-full\" srcset=\"https:\/\/www.reseau-entreprendre.org\/93\/wp-content\/uploads\/sites\/22\/2025\/07\/JIA-PARIS-1024x1024.jpg 1024w, https:\/\/www.reseau-entreprendre.org\/93\/wp-content\/uploads\/sites\/22\/2025\/07\/JIA-PARIS-300x300.jpg 300w, https:\/\/www.reseau-entreprendre.org\/93\/wp-content\/uploads\/sites\/22\/2025\/07\/JIA-PARIS-150x150.jpg 150w, https:\/\/www.reseau-entreprendre.org\/93\/wp-content\/uploads\/sites\/22\/2025\/07\/JIA-PARIS-768x768.jpg 768w, https:\/\/www.reseau-entreprendre.org\/93\/wp-content\/uploads\/sites\/22\/2025\/07\/JIA-PARIS-500x500.jpg 500w, https:\/\/www.reseau-entreprendre.org\/93\/wp-content\/uploads\/sites\/22\/2025\/07\/JIA-PARIS-130x130.jpg 130w, https:\/\/www.reseau-entreprendre.org\/93\/wp-content\/uploads\/sites\/22\/2025\/07\/JIA-PARIS-100x100.jpg 100w, https:\/\/www.reseau-entreprendre.org\/93\/wp-content\/uploads\/sites\/22\/2025\/07\/JIA-PARIS.jpg 1080w\" sizes=\"auto, (max-width: 1024px) 100vw, 1024px\" \/><\/figure><div class=\"wp-block-media-text__content\">\n<h3 class=\"wp-block-heading has-large-font-size\"><strong>JIA PARIS<\/strong><\/h3>\n\n\n\n<p><em>Aldjia A\u00eft-Meddour<\/em><\/p>\n\n\n\n<p><a href=\"https:\/\/jiaparis.com\/\"><strong>JIA Paris<\/strong><\/a> cr\u00e9e et commercialise des gammes de soins capillaires pens\u00e9es pour les cheveux textur\u00e9s et respectueuses de l\u2019environnement : compl\u00e9ments alimentaires, shampooings hydratants, masques, gommages, entre autres produits. L&#8217;engagement de la marque ? Proposer des formules compos\u00e9es \u00e0 97,3 % d\u2019ingr\u00e9dients d\u2019origine naturelle, pour allier efficacit\u00e9, naturalit\u00e9 et respect du cheveu.<\/p>\n\n\n\n<p>#Cheveux #Cheveuxtextur\u00e9s #Coiffure #Hairstyle #Cosm\u00e9tiques #Soinsnaturels<\/p>\n<\/div><\/div>\n\n\n\n<hr class=\"wp-block-separator has-alpha-channel-opacity\" \/>\n\n\n\n<div class=\"wp-block-media-text alignwide is-stacked-on-mobile\" style=\"grid-template-columns:25% auto\"><figure class=\"wp-block-media-text__media\"><\/figure><div class=\"wp-block-media-text__content\">\n<h3 class=\"wp-block-heading has-large-font-size\"><strong>BLC SPORT<\/strong><\/h3>\n\n\n\n<p><em>Fr\u00e9d\u00e9ric Jaubert<\/em><\/p>\n\n\n\n<p>Reprise de 3 salles de sport exploit\u00e9es sous l\u2019enseigne Magic Form pour une exploitation sous l\u2019enseigne <a href=\"https:\/\/clubs.lappartfitness.com\/351-l-appart-fitness-epinay-sur-seine\"><strong>Appart Fitness<\/strong><\/a>.<\/p>\n<\/div><\/div>\n\n\n\n<hr class=\"wp-block-separator has-alpha-channel-opacity\" \/>\n\n\n\n<div class=\"wp-block-media-text alignwide is-stacked-on-mobile\" style=\"grid-template-columns:25% auto\"><figure class=\"wp-block-media-text__media\"><img loading=\"lazy\" decoding=\"async\" width=\"1024\" height=\"1024\" src=\"https:\/\/www.reseau-entreprendre.org\/93\/wp-content\/uploads\/sites\/22\/2025\/07\/DEMAILLE-2-1024x1024.jpg\" alt=\"\" class=\"wp-image-3200 size-full\" srcset=\"https:\/\/www.reseau-entreprendre.org\/93\/wp-content\/uploads\/sites\/22\/2025\/07\/DEMAILLE-2-1024x1024.jpg 1024w, https:\/\/www.reseau-entreprendre.org\/93\/wp-content\/uploads\/sites\/22\/2025\/07\/DEMAILLE-2-300x300.jpg 300w, https:\/\/www.reseau-entreprendre.org\/93\/wp-content\/uploads\/sites\/22\/2025\/07\/DEMAILLE-2-150x150.jpg 150w, https:\/\/www.reseau-entreprendre.org\/93\/wp-content\/uploads\/sites\/22\/2025\/07\/DEMAILLE-2-768x768.jpg 768w, https:\/\/www.reseau-entreprendre.org\/93\/wp-content\/uploads\/sites\/22\/2025\/07\/DEMAILLE-2-500x500.jpg 500w, https:\/\/www.reseau-entreprendre.org\/93\/wp-content\/uploads\/sites\/22\/2025\/07\/DEMAILLE-2-130x130.jpg 130w, https:\/\/www.reseau-entreprendre.org\/93\/wp-content\/uploads\/sites\/22\/2025\/07\/DEMAILLE-2-100x100.jpg 100w, https:\/\/www.reseau-entreprendre.org\/93\/wp-content\/uploads\/sites\/22\/2025\/07\/DEMAILLE-2.jpg 1080w\" sizes=\"auto, (max-width: 1024px) 100vw, 1024px\" \/><\/figure><div class=\"wp-block-media-text__content\">\n<h3 class=\"wp-block-heading has-large-font-size\"><strong>D\u00c9MAILL\u00c9<\/strong><\/h3>\n\n\n\n<p><em>Shanon Poupard | Justine Janot<\/em><\/p>\n\n\n\n<p><a href=\"https:\/\/www.linkedin.com\/company\/d%C3%A9maill%C3%A9\/?originalSubdomain=fr\"><strong>D\u00e9maill\u00e9<\/strong><\/a>  est un studio de mode offrant des prestations de Conseil, r\u00e9alisation d\u2019\u00e9chantillonnage, prototypage, production, fabrication et vente d\u2019articles en maille, notamment dans le domaine de l\u2019habillement et de la d\u00e9coration.<\/p>\n\n\n\n<p>#TextileResponsable #ModeCirculaire #Upcycling #Cr\u00e9ationFran\u00e7aise #Design #Mode #Textile<\/p>\n<\/div><\/div>\n\n\n\n<hr class=\"wp-block-separator has-alpha-channel-opacity\" \/>\n\n\n\n<div class=\"wp-block-media-text alignwide is-stacked-on-mobile\" style=\"grid-template-columns:25% auto\"><figure class=\"wp-block-media-text__media\"><img loading=\"lazy\" decoding=\"async\" width=\"1024\" height=\"1024\" src=\"https:\/\/www.reseau-entreprendre.org\/93\/wp-content\/uploads\/sites\/22\/2025\/07\/CAP-VEGGIE-1024x1024.jpg\" alt=\"\" class=\"wp-image-3201 size-full\" srcset=\"https:\/\/www.reseau-entreprendre.org\/93\/wp-content\/uploads\/sites\/22\/2025\/07\/CAP-VEGGIE-1024x1024.jpg 1024w, https:\/\/www.reseau-entreprendre.org\/93\/wp-content\/uploads\/sites\/22\/2025\/07\/CAP-VEGGIE-300x300.jpg 300w, https:\/\/www.reseau-entreprendre.org\/93\/wp-content\/uploads\/sites\/22\/2025\/07\/CAP-VEGGIE-150x150.jpg 150w, https:\/\/www.reseau-entreprendre.org\/93\/wp-content\/uploads\/sites\/22\/2025\/07\/CAP-VEGGIE-768x768.jpg 768w, https:\/\/www.reseau-entreprendre.org\/93\/wp-content\/uploads\/sites\/22\/2025\/07\/CAP-VEGGIE-500x500.jpg 500w, https:\/\/www.reseau-entreprendre.org\/93\/wp-content\/uploads\/sites\/22\/2025\/07\/CAP-VEGGIE-130x130.jpg 130w, https:\/\/www.reseau-entreprendre.org\/93\/wp-content\/uploads\/sites\/22\/2025\/07\/CAP-VEGGIE-100x100.jpg 100w, https:\/\/www.reseau-entreprendre.org\/93\/wp-content\/uploads\/sites\/22\/2025\/07\/CAP-VEGGIE.jpg 1080w\" sizes=\"auto, (max-width: 1024px) 100vw, 1024px\" \/><\/figure><div class=\"wp-block-media-text__content\">\n<h3 class=\"wp-block-heading has-large-font-size\"><strong>CAP VEGGIE<\/strong><\/h3>\n\n\n\n<p><em>Laure Mardoc<\/em><\/p>\n\n\n\n<p><a href=\"https:\/\/capveggie.com\/\"><strong>Cap Veggie<\/strong><\/a> est un institut de formation professionnelle \u00e0 la cuisine v\u00e9g\u00e9tarienne d\u00e9di\u00e9 aux \u00e9quipes de restauration collective et commerciale. Une ambition : int\u00e9grer des recettes v\u00e9g\u00e9tariennes de qualit\u00e9 \u00e0 la restauration professionnelle &#8211; et \u00e0 la culture culinaire fran\u00e7aise &#8211; afin d&#8217;acc\u00e9l\u00e9rer la transition alimentaire.<\/p>\n\n\n\n<p>#Veggie #V\u00e9g\u00e9tarisme #V\u00e9g\u00e9tarien #Foodservice #FoodTech #Food #RSE #ODD #Formation #AlimentationDurable #TransitionEcologique #AntiGaspi<\/p>\n<\/div><\/div>\n\n\n\n<hr class=\"wp-block-separator has-alpha-channel-opacity\" \/>\n\n\n\n<div class=\"wp-block-media-text alignwide is-stacked-on-mobile\" style=\"grid-template-columns:25% auto\"><figure class=\"wp-block-media-text__media\"><img loading=\"lazy\" decoding=\"async\" width=\"1024\" height=\"1024\" src=\"https:\/\/www.reseau-entreprendre.org\/93\/wp-content\/uploads\/sites\/22\/2025\/07\/JANE-1024x1024.jpg\" alt=\"\" class=\"wp-image-3202 size-full\" srcset=\"https:\/\/www.reseau-entreprendre.org\/93\/wp-content\/uploads\/sites\/22\/2025\/07\/JANE-1024x1024.jpg 1024w, https:\/\/www.reseau-entreprendre.org\/93\/wp-content\/uploads\/sites\/22\/2025\/07\/JANE-300x300.jpg 300w, https:\/\/www.reseau-entreprendre.org\/93\/wp-content\/uploads\/sites\/22\/2025\/07\/JANE-150x150.jpg 150w, https:\/\/www.reseau-entreprendre.org\/93\/wp-content\/uploads\/sites\/22\/2025\/07\/JANE-768x768.jpg 768w, https:\/\/www.reseau-entreprendre.org\/93\/wp-content\/uploads\/sites\/22\/2025\/07\/JANE-500x500.jpg 500w, https:\/\/www.reseau-entreprendre.org\/93\/wp-content\/uploads\/sites\/22\/2025\/07\/JANE-130x130.jpg 130w, https:\/\/www.reseau-entreprendre.org\/93\/wp-content\/uploads\/sites\/22\/2025\/07\/JANE-100x100.jpg 100w, https:\/\/www.reseau-entreprendre.org\/93\/wp-content\/uploads\/sites\/22\/2025\/07\/JANE.jpg 1080w\" sizes=\"auto, (max-width: 1024px) 100vw, 1024px\" \/><\/figure><div class=\"wp-block-media-text__content\">\n<h3 class=\"wp-block-heading has-large-font-size\"><strong>JANE<\/strong><\/h3>\n\n\n\n<p><em>Simon Heurtebise<\/em> | <em>Nathan Bouldoires<\/em> <\/p>\n\n\n\n<p><strong><a href=\"https:\/\/www.jane-energie.fr\/\">Jane<\/a><\/strong> est une startup qui facilite la mise en place et le pilotage de projets d\u2019autoconsommation collective gr\u00e2ce \u00e0 un logiciel innovant rendant l\u2019\u00e9nergie solaire locale accessible et performante pour tous les acteurs du territoire.<\/p>\n\n\n\n<p>#AutoconsommationCollective #TransitionEnerg\u00e9tique #GreenTech #EnergieRenouvelable #D\u00e9veloppementDurable #IndustrieVerte #CleanTech<\/p>\n<\/div><\/div>\n\n\n\n<hr class=\"wp-block-separator has-alpha-channel-opacity\" \/>\n\n\n\n<div class=\"wp-block-media-text alignwide is-stacked-on-mobile\" style=\"grid-template-columns:25% auto\"><figure class=\"wp-block-media-text__media\"><img loading=\"lazy\" decoding=\"async\" width=\"1024\" height=\"1024\" src=\"https:\/\/www.reseau-entreprendre.org\/93\/wp-content\/uploads\/sites\/22\/2025\/07\/JFA-1024x1024.jpg\" alt=\"\" class=\"wp-image-3203 size-full\" srcset=\"https:\/\/www.reseau-entreprendre.org\/93\/wp-content\/uploads\/sites\/22\/2025\/07\/JFA-1024x1024.jpg 1024w, https:\/\/www.reseau-entreprendre.org\/93\/wp-content\/uploads\/sites\/22\/2025\/07\/JFA-300x300.jpg 300w, https:\/\/www.reseau-entreprendre.org\/93\/wp-content\/uploads\/sites\/22\/2025\/07\/JFA-150x150.jpg 150w, https:\/\/www.reseau-entreprendre.org\/93\/wp-content\/uploads\/sites\/22\/2025\/07\/JFA-768x768.jpg 768w, https:\/\/www.reseau-entreprendre.org\/93\/wp-content\/uploads\/sites\/22\/2025\/07\/JFA-500x500.jpg 500w, https:\/\/www.reseau-entreprendre.org\/93\/wp-content\/uploads\/sites\/22\/2025\/07\/JFA-130x130.jpg 130w, https:\/\/www.reseau-entreprendre.org\/93\/wp-content\/uploads\/sites\/22\/2025\/07\/JFA-100x100.jpg 100w, https:\/\/www.reseau-entreprendre.org\/93\/wp-content\/uploads\/sites\/22\/2025\/07\/JFA.jpg 1080w\" sizes=\"auto, (max-width: 1024px) 100vw, 1024px\" \/><\/figure><div class=\"wp-block-media-text__content\">\n<h3 class=\"wp-block-heading has-large-font-size\"><strong>JFA<\/strong><\/h3>\n\n\n\n<p><em>Pascal Felten<\/em><\/p>\n\n\n\n<p>Reprise de <strong><a href=\"https:\/\/serrureriejfa.fr\/\">JFA<\/a><\/strong>, soci\u00e9t\u00e9 sp\u00e9cialis\u00e9e dans la serrurerie, la menuiserie m\u00e9tallique, la miroiterie, la fermeture ainsi que dans le d\u00e9pannage et l&#8217;entretien de structures.<\/p>\n\n\n\n<p>#Serrurerie #M\u00e9tallerie #Menuiserie #Artisan #S\u00e9curit\u00e9 #Fermeture #Entretien #Maintenance #Qualibat #BTP<\/p>\n<\/div><\/div>\n\n\n\n<hr class=\"wp-block-separator has-alpha-channel-opacity\" \/>\n\n\n\n<div class=\"wp-block-media-text alignwide is-stacked-on-mobile\" style=\"grid-template-columns:25% auto\"><figure class=\"wp-block-media-text__media\"><img loading=\"lazy\" decoding=\"async\" width=\"1024\" height=\"1024\" src=\"https:\/\/www.reseau-entreprendre.org\/93\/wp-content\/uploads\/sites\/22\/2025\/07\/MAGGY-1024x1024.jpg\" alt=\"\" class=\"wp-image-3205 size-full\" srcset=\"https:\/\/www.reseau-entreprendre.org\/93\/wp-content\/uploads\/sites\/22\/2025\/07\/MAGGY-1024x1024.jpg 1024w, https:\/\/www.reseau-entreprendre.org\/93\/wp-content\/uploads\/sites\/22\/2025\/07\/MAGGY-300x300.jpg 300w, https:\/\/www.reseau-entreprendre.org\/93\/wp-content\/uploads\/sites\/22\/2025\/07\/MAGGY-150x150.jpg 150w, https:\/\/www.reseau-entreprendre.org\/93\/wp-content\/uploads\/sites\/22\/2025\/07\/MAGGY-768x768.jpg 768w, https:\/\/www.reseau-entreprendre.org\/93\/wp-content\/uploads\/sites\/22\/2025\/07\/MAGGY-500x500.jpg 500w, https:\/\/www.reseau-entreprendre.org\/93\/wp-content\/uploads\/sites\/22\/2025\/07\/MAGGY-130x130.jpg 130w, https:\/\/www.reseau-entreprendre.org\/93\/wp-content\/uploads\/sites\/22\/2025\/07\/MAGGY-100x100.jpg 100w, https:\/\/www.reseau-entreprendre.org\/93\/wp-content\/uploads\/sites\/22\/2025\/07\/MAGGY.jpg 1080w\" sizes=\"auto, (max-width: 1024px) 100vw, 1024px\" \/><\/figure><div class=\"wp-block-media-text__content\">\n<h3 class=\"wp-block-heading has-large-font-size\">MAGGY<\/h3>\n\n\n\n<p><em>David Faes<\/em><\/p>\n\n\n\n<p><strong><a href=\"https:\/\/www.maggy.team\/\">Maggy<\/a><\/strong> est une soci\u00e9t\u00e9 \u00e0 mission qui aide les sportifs de haut niveau \u00e0 financer leur carri\u00e8re en devenant consultants &#8220;Soft skills&#8221; en entreprise.<\/p>\n\n\n\n<p>#Conf\u00e9rencierSportif #Sport #SoftSkills #Leadership #Formation #Innovation #MarqueEmployeur #RH #TeamBuilding #Equipe #S\u00e9minaireSportif<\/p>\n<\/div><\/div>\n\n\n\n<hr class=\"wp-block-separator has-alpha-channel-opacity is-style-default\" \/>\n\n\n\n<p><\/p>\n\n\n\n<p><\/p>\n","protected":false},"excerpt":{"rendered":"<p>D\u00e9couvrez les laur\u00e9ats de la promotion 2024 !<\/p>\n","protected":false},"author":22,"featured_media":3208,"comment_status":"closed","ping_status":"closed","sticky":false,"template":"","format":"standard","meta":{"_acf_changed":false,"_monsterinsights_skip_tracking":false,"_monsterinsights_sitenote_active":false,"_monsterinsights_sitenote_note":"","_monsterinsights_sitenote_category":0,"footnotes":""},"categories":[4],"tags":[],"class_list":["post-3189","post","type-post","status-publish","format-standard","has-post-thumbnail","hentry","category-actualites","news"],"acf":[],"yoast_head":"<!-- This site is optimized with the Yoast SEO plugin v27.4 - https:\/\/yoast.com\/product\/yoast-seo-wordpress\/ -->\n<title>D\u00e9couvrez les laur\u00e9ats de la promo 2025 ! - R\u00e9seau Entreprendre 93<\/title>\n<meta name=\"robots\" content=\"index, follow, max-snippet:-1, max-image-preview:large, max-video-preview:-1\" \/>\n<link rel=\"canonical\" href=\"https:\/\/www.reseau-entreprendre.org\/93\/2025\/07\/25\/laureats-2022-2-2\/\" \/>\n<meta property=\"og:locale\" content=\"fr_FR\" \/>\n<meta property=\"og:type\" content=\"article\" \/>\n<meta property=\"og:title\" content=\"D\u00e9couvrez les laur\u00e9ats de la promo 2025 ! - R\u00e9seau Entreprendre 93\" \/>\n<meta property=\"og:description\" content=\"D\u00e9couvrez les laur\u00e9ats de la promotion 2024 !\" \/>\n<meta property=\"og:url\" content=\"https:\/\/www.reseau-entreprendre.org\/93\/2025\/07\/25\/laureats-2022-2-2\/\" \/>\n<meta property=\"og:site_name\" content=\"R\u00e9seau Entreprendre 93\" \/>\n<meta property=\"article:published_time\" content=\"2025-07-25T12:18:51+00:00\" \/>\n<meta property=\"article:modified_time\" content=\"2026-02-25T11:37:18+00:00\" \/>\n<meta property=\"og:image\" content=\"https:\/\/www.reseau-entreprendre.org\/93\/wp-content\/uploads\/sites\/22\/2025\/07\/Visuel-Article-Laureats-2025.jpg\" \/>\n\t<meta property=\"og:image:width\" content=\"1748\" \/>\n\t<meta property=\"og:image:height\" content=\"1240\" \/>\n\t<meta property=\"og:image:type\" content=\"image\/jpeg\" \/>\n<meta name=\"author\" content=\"93\" \/>\n<meta name=\"twitter:card\" content=\"summary_large_image\" \/>\n<meta name=\"twitter:label1\" content=\"\u00c9crit par\" \/>\n\t<meta name=\"twitter:data1\" content=\"93\" \/>\n\t<meta name=\"twitter:label2\" content=\"Dur\u00e9e de lecture estim\u00e9e\" \/>\n\t<meta name=\"twitter:data2\" content=\"6 minutes\" \/>\n<script type=\"application\/ld+json\" class=\"yoast-schema-graph\">{\"@context\":\"https:\\\/\\\/schema.org\",\"@graph\":[{\"@type\":\"Article\",\"@id\":\"https:\\\/\\\/www.reseau-entreprendre.org\\\/93\\\/2025\\\/07\\\/25\\\/laureats-2022-2-2\\\/#article\",\"isPartOf\":{\"@id\":\"https:\\\/\\\/www.reseau-entreprendre.org\\\/93\\\/2025\\\/07\\\/25\\\/laureats-2022-2-2\\\/\"},\"author\":{\"name\":\"93\",\"@id\":\"https:\\\/\\\/www.reseau-entreprendre.org\\\/93\\\/#\\\/schema\\\/person\\\/1e47f6d76cadc065d42bb07fde93dfcf\"},\"headline\":\"D\u00e9couvrez les laur\u00e9ats de la promo 2025 !\",\"datePublished\":\"2025-07-25T12:18:51+00:00\",\"dateModified\":\"2026-02-25T11:37:18+00:00\",\"mainEntityOfPage\":{\"@id\":\"https:\\\/\\\/www.reseau-entreprendre.org\\\/93\\\/2025\\\/07\\\/25\\\/laureats-2022-2-2\\\/\"},\"wordCount\":724,\"image\":{\"@id\":\"https:\\\/\\\/www.reseau-entreprendre.org\\\/93\\\/2025\\\/07\\\/25\\\/laureats-2022-2-2\\\/#primaryimage\"},\"thumbnailUrl\":\"https:\\\/\\\/www.reseau-entreprendre.org\\\/93\\\/wp-content\\\/uploads\\\/sites\\\/22\\\/2025\\\/07\\\/Visuel-Article-Laureats-2025.jpg\",\"articleSection\":[\"Actualit\u00e9s\"],\"inLanguage\":\"fr-FR\"},{\"@type\":\"WebPage\",\"@id\":\"https:\\\/\\\/www.reseau-entreprendre.org\\\/93\\\/2025\\\/07\\\/25\\\/laureats-2022-2-2\\\/\",\"url\":\"https:\\\/\\\/www.reseau-entreprendre.org\\\/93\\\/2025\\\/07\\\/25\\\/laureats-2022-2-2\\\/\",\"name\":\"D\u00e9couvrez les laur\u00e9ats de la promo 2025 ! - R\u00e9seau Entreprendre 93\",\"isPartOf\":{\"@id\":\"https:\\\/\\\/www.reseau-entreprendre.org\\\/93\\\/#website\"},\"primaryImageOfPage\":{\"@id\":\"https:\\\/\\\/www.reseau-entreprendre.org\\\/93\\\/2025\\\/07\\\/25\\\/laureats-2022-2-2\\\/#primaryimage\"},\"image\":{\"@id\":\"https:\\\/\\\/www.reseau-entreprendre.org\\\/93\\\/2025\\\/07\\\/25\\\/laureats-2022-2-2\\\/#primaryimage\"},\"thumbnailUrl\":\"https:\\\/\\\/www.reseau-entreprendre.org\\\/93\\\/wp-content\\\/uploads\\\/sites\\\/22\\\/2025\\\/07\\\/Visuel-Article-Laureats-2025.jpg\",\"datePublished\":\"2025-07-25T12:18:51+00:00\",\"dateModified\":\"2026-02-25T11:37:18+00:00\",\"author\":{\"@id\":\"https:\\\/\\\/www.reseau-entreprendre.org\\\/93\\\/#\\\/schema\\\/person\\\/1e47f6d76cadc065d42bb07fde93dfcf\"},\"breadcrumb\":{\"@id\":\"https:\\\/\\\/www.reseau-entreprendre.org\\\/93\\\/2025\\\/07\\\/25\\\/laureats-2022-2-2\\\/#breadcrumb\"},\"inLanguage\":\"fr-FR\",\"potentialAction\":[{\"@type\":\"ReadAction\",\"target\":[\"https:\\\/\\\/www.reseau-entreprendre.org\\\/93\\\/2025\\\/07\\\/25\\\/laureats-2022-2-2\\\/\"]}]},{\"@type\":\"ImageObject\",\"inLanguage\":\"fr-FR\",\"@id\":\"https:\\\/\\\/www.reseau-entreprendre.org\\\/93\\\/2025\\\/07\\\/25\\\/laureats-2022-2-2\\\/#primaryimage\",\"url\":\"https:\\\/\\\/www.reseau-entreprendre.org\\\/93\\\/wp-content\\\/uploads\\\/sites\\\/22\\\/2025\\\/07\\\/Visuel-Article-Laureats-2025.jpg\",\"contentUrl\":\"https:\\\/\\\/www.reseau-entreprendre.org\\\/93\\\/wp-content\\\/uploads\\\/sites\\\/22\\\/2025\\\/07\\\/Visuel-Article-Laureats-2025.jpg\",\"width\":1748,\"height\":1240},{\"@type\":\"BreadcrumbList\",\"@id\":\"https:\\\/\\\/www.reseau-entreprendre.org\\\/93\\\/2025\\\/07\\\/25\\\/laureats-2022-2-2\\\/#breadcrumb\",\"itemListElement\":[{\"@type\":\"ListItem\",\"position\":1,\"name\":\"Accueil\",\"item\":\"https:\\\/\\\/www.reseau-entreprendre.org\\\/93\\\/\"},{\"@type\":\"ListItem\",\"position\":2,\"name\":\"D\u00e9couvrez les laur\u00e9ats de la promo 2025 !\"}]},{\"@type\":\"WebSite\",\"@id\":\"https:\\\/\\\/www.reseau-entreprendre.org\\\/93\\\/#website\",\"url\":\"https:\\\/\\\/www.reseau-entreprendre.org\\\/93\\\/\",\"name\":\"R\u00e9seau Entreprendre 93\",\"description\":\"Un site utilisant Les sites de R\u00e9seau Entreprendre\",\"potentialAction\":[{\"@type\":\"SearchAction\",\"target\":{\"@type\":\"EntryPoint\",\"urlTemplate\":\"https:\\\/\\\/www.reseau-entreprendre.org\\\/93\\\/?s={search_term_string}\"},\"query-input\":{\"@type\":\"PropertyValueSpecification\",\"valueRequired\":true,\"valueName\":\"search_term_string\"}}],\"inLanguage\":\"fr-FR\"},{\"@type\":\"Person\",\"@id\":\"https:\\\/\\\/www.reseau-entreprendre.org\\\/93\\\/#\\\/schema\\\/person\\\/1e47f6d76cadc065d42bb07fde93dfcf\",\"name\":\"93\",\"image\":{\"@type\":\"ImageObject\",\"inLanguage\":\"fr-FR\",\"@id\":\"https:\\\/\\\/secure.gravatar.com\\\/avatar\\\/a02682b688d3985f8351fe3c8389d06730584c5edbdb545258b3a627723207e3?s=96&d=mm&r=g\",\"url\":\"https:\\\/\\\/secure.gravatar.com\\\/avatar\\\/a02682b688d3985f8351fe3c8389d06730584c5edbdb545258b3a627723207e3?s=96&d=mm&r=g\",\"contentUrl\":\"https:\\\/\\\/secure.gravatar.com\\\/avatar\\\/a02682b688d3985f8351fe3c8389d06730584c5edbdb545258b3a627723207e3?s=96&d=mm&r=g\",\"caption\":\"93\"},\"url\":\"https:\\\/\\\/www.reseau-entreprendre.org\\\/93\\\/author\\\/93\\\/\"}]}<\/script>\n<!-- \/ Yoast SEO plugin. -->","yoast_head_json":{"title":"D\u00e9couvrez les laur\u00e9ats de la promo 2025 ! - R\u00e9seau Entreprendre 93","robots":{"index":"index","follow":"follow","max-snippet":"max-snippet:-1","max-image-preview":"max-image-preview:large","max-video-preview":"max-video-preview:-1"},"canonical":"https:\/\/www.reseau-entreprendre.org\/93\/2025\/07\/25\/laureats-2022-2-2\/","og_locale":"fr_FR","og_type":"article","og_title":"D\u00e9couvrez les laur\u00e9ats de la promo 2025 ! - R\u00e9seau Entreprendre 93","og_description":"D\u00e9couvrez les laur\u00e9ats de la promotion 2024 !","og_url":"https:\/\/www.reseau-entreprendre.org\/93\/2025\/07\/25\/laureats-2022-2-2\/","og_site_name":"R\u00e9seau Entreprendre 93","article_published_time":"2025-07-25T12:18:51+00:00","article_modified_time":"2026-02-25T11:37:18+00:00","og_image":[{"width":1748,"height":1240,"url":"https:\/\/www.reseau-entreprendre.org\/93\/wp-content\/uploads\/sites\/22\/2025\/07\/Visuel-Article-Laureats-2025.jpg","type":"image\/jpeg"}],"author":"93","twitter_card":"summary_large_image","twitter_misc":{"\u00c9crit par":"93","Dur\u00e9e de lecture estim\u00e9e":"6 minutes"},"schema":{"@context":"https:\/\/schema.org","@graph":[{"@type":"Article","@id":"https:\/\/www.reseau-entreprendre.org\/93\/2025\/07\/25\/laureats-2022-2-2\/#article","isPartOf":{"@id":"https:\/\/www.reseau-entreprendre.org\/93\/2025\/07\/25\/laureats-2022-2-2\/"},"author":{"name":"93","@id":"https:\/\/www.reseau-entreprendre.org\/93\/#\/schema\/person\/1e47f6d76cadc065d42bb07fde93dfcf"},"headline":"D\u00e9couvrez les laur\u00e9ats de la promo 2025 !","datePublished":"2025-07-25T12:18:51+00:00","dateModified":"2026-02-25T11:37:18+00:00","mainEntityOfPage":{"@id":"https:\/\/www.reseau-entreprendre.org\/93\/2025\/07\/25\/laureats-2022-2-2\/"},"wordCount":724,"image":{"@id":"https:\/\/www.reseau-entreprendre.org\/93\/2025\/07\/25\/laureats-2022-2-2\/#primaryimage"},"thumbnailUrl":"https:\/\/www.reseau-entreprendre.org\/93\/wp-content\/uploads\/sites\/22\/2025\/07\/Visuel-Article-Laureats-2025.jpg","articleSection":["Actualit\u00e9s"],"inLanguage":"fr-FR"},{"@type":"WebPage","@id":"https:\/\/www.reseau-entreprendre.org\/93\/2025\/07\/25\/laureats-2022-2-2\/","url":"https:\/\/www.reseau-entreprendre.org\/93\/2025\/07\/25\/laureats-2022-2-2\/","name":"D\u00e9couvrez les laur\u00e9ats de la promo 2025 ! - R\u00e9seau Entreprendre 93","isPartOf":{"@id":"https:\/\/www.reseau-entreprendre.org\/93\/#website"},"primaryImageOfPage":{"@id":"https:\/\/www.reseau-entreprendre.org\/93\/2025\/07\/25\/laureats-2022-2-2\/#primaryimage"},"image":{"@id":"https:\/\/www.reseau-entreprendre.org\/93\/2025\/07\/25\/laureats-2022-2-2\/#primaryimage"},"thumbnailUrl":"https:\/\/www.reseau-entreprendre.org\/93\/wp-content\/uploads\/sites\/22\/2025\/07\/Visuel-Article-Laureats-2025.jpg","datePublished":"2025-07-25T12:18:51+00:00","dateModified":"2026-02-25T11:37:18+00:00","author":{"@id":"https:\/\/www.reseau-entreprendre.org\/93\/#\/schema\/person\/1e47f6d76cadc065d42bb07fde93dfcf"},"breadcrumb":{"@id":"https:\/\/www.reseau-entreprendre.org\/93\/2025\/07\/25\/laureats-2022-2-2\/#breadcrumb"},"inLanguage":"fr-FR","potentialAction":[{"@type":"ReadAction","target":["https:\/\/www.reseau-entreprendre.org\/93\/2025\/07\/25\/laureats-2022-2-2\/"]}]},{"@type":"ImageObject","inLanguage":"fr-FR","@id":"https:\/\/www.reseau-entreprendre.org\/93\/2025\/07\/25\/laureats-2022-2-2\/#primaryimage","url":"https:\/\/www.reseau-entreprendre.org\/93\/wp-content\/uploads\/sites\/22\/2025\/07\/Visuel-Article-Laureats-2025.jpg","contentUrl":"https:\/\/www.reseau-entreprendre.org\/93\/wp-content\/uploads\/sites\/22\/2025\/07\/Visuel-Article-Laureats-2025.jpg","width":1748,"height":1240},{"@type":"BreadcrumbList","@id":"https:\/\/www.reseau-entreprendre.org\/93\/2025\/07\/25\/laureats-2022-2-2\/#breadcrumb","itemListElement":[{"@type":"ListItem","position":1,"name":"Accueil","item":"https:\/\/www.reseau-entreprendre.org\/93\/"},{"@type":"ListItem","position":2,"name":"D\u00e9couvrez les laur\u00e9ats de la promo 2025 !"}]},{"@type":"WebSite","@id":"https:\/\/www.reseau-entreprendre.org\/93\/#website","url":"https:\/\/www.reseau-entreprendre.org\/93\/","name":"R\u00e9seau Entreprendre 93","description":"Un site utilisant Les sites de R\u00e9seau Entreprendre","potentialAction":[{"@type":"SearchAction","target":{"@type":"EntryPoint","urlTemplate":"https:\/\/www.reseau-entreprendre.org\/93\/?s={search_term_string}"},"query-input":{"@type":"PropertyValueSpecification","valueRequired":true,"valueName":"search_term_string"}}],"inLanguage":"fr-FR"},{"@type":"Person","@id":"https:\/\/www.reseau-entreprendre.org\/93\/#\/schema\/person\/1e47f6d76cadc065d42bb07fde93dfcf","name":"93","image":{"@type":"ImageObject","inLanguage":"fr-FR","@id":"https:\/\/secure.gravatar.com\/avatar\/a02682b688d3985f8351fe3c8389d06730584c5edbdb545258b3a627723207e3?s=96&d=mm&r=g","url":"https:\/\/secure.gravatar.com\/avatar\/a02682b688d3985f8351fe3c8389d06730584c5edbdb545258b3a627723207e3?s=96&d=mm&r=g","contentUrl":"https:\/\/secure.gravatar.com\/avatar\/a02682b688d3985f8351fe3c8389d06730584c5edbdb545258b3a627723207e3?s=96&d=mm&r=g","caption":"93"},"url":"https:\/\/www.reseau-entreprendre.org\/93\/author\/93\/"}]}},"_links":{"self":[{"href":"https:\/\/www.reseau-entreprendre.org\/93\/wp-json\/wp\/v2\/posts\/3189","targetHints":{"allow":["GET"]}}],"collection":[{"href":"https:\/\/www.reseau-entreprendre.org\/93\/wp-json\/wp\/v2\/posts"}],"about":[{"href":"https:\/\/www.reseau-entreprendre.org\/93\/wp-json\/wp\/v2\/types\/post"}],"author":[{"embeddable":true,"href":"https:\/\/www.reseau-entreprendre.org\/93\/wp-json\/wp\/v2\/users\/22"}],"replies":[{"embeddable":true,"href":"https:\/\/www.reseau-entreprendre.org\/93\/wp-json\/wp\/v2\/comments?post=3189"}],"version-history":[{"count":0,"href":"https:\/\/www.reseau-entreprendre.org\/93\/wp-json\/wp\/v2\/posts\/3189\/revisions"}],"wp:featuredmedia":[{"embeddable":true,"href":"https:\/\/www.reseau-entreprendre.org\/93\/wp-json\/wp\/v2\/media\/3208"}],"wp:attachment":[{"href":"https:\/\/www.reseau-entreprendre.org\/93\/wp-json\/wp\/v2\/media?parent=3189"}],"wp:term":[{"taxonomy":"category","embeddable":true,"href":"https:\/\/www.reseau-entreprendre.org\/93\/wp-json\/wp\/v2\/categories?post=3189"},{"taxonomy":"post_tag","embeddable":true,"href":"https:\/\/www.reseau-entreprendre.org\/93\/wp-json\/wp\/v2\/tags?post=3189"}],"curies":[{"name":"wp","href":"https:\/\/api.w.org\/{rel}","templated":true}]}}