{"id":3187,"date":"2018-02-02T09:39:59","date_gmt":"2018-02-02T08:39:59","guid":{"rendered":"https:\/\/www.reseau-entreprendre.org\/alsace\/?p=3187"},"modified":"2022-04-12T17:54:49","modified_gmt":"2022-04-12T15:54:49","slug":"liste-de-nos-membres","status":"publish","type":"post","link":"https:\/\/www.reseau-entreprendre.org\/alsace\/2018\/02\/02\/liste-de-nos-membres\/","title":{"rendered":"LISTE DES MEMBRES"},"content":{"rendered":"<p><strong>AGAUD Fr\u00e9d\u00e9ric <\/strong>&#8211; AUCHAN ILLKIRCH<\/p>\n<p><strong style=\"font-size: 1rem\">ANDRE Pierre\u00a0<\/strong><span style=\"font-size: 1rem\">&#8211; GECO<\/span><\/p>\n<p><strong>AOUNI St\u00e9phane<\/strong> &#8211; CENTRE ALSACE LEVAGE<\/p>\n<p><strong>ARCHINARD Philippe<\/strong> &#8211; TRANSGENE<\/p>\n<p><strong>ARNOLD Pascal<\/strong> &#8211; MORA FRANCE<\/p>\n<p><strong>ASSIE Claude<\/strong> &#8211; IN EXTENSO<em> <span style=\"color: #d70635\">(Partenaire)<\/span><\/em><\/p>\n<p><strong>AUER Jean-Baptiste<\/strong> &#8211; SFERENO<\/p>\n<p><strong>BADER Emmanuel<\/strong> &#8211; EST REPRO<\/p>\n<p><strong>BAUER Bruno<\/strong> &#8211; ENTELA<\/p>\n<p><strong>BECKER Fabienne<\/strong> &#8211; INDUSTRADE<\/p>\n<p><strong>BERTHELOT Nicolas<\/strong>\u00a0&#8211; DEYA<\/p>\n<p><strong>BEYER Philippe<\/strong> &#8211; FLECK SECURITE<\/p>\n<p><strong>BIALEK Thibaut<\/strong> &#8211; SOFIMECA SA<\/p>\n<p><strong>BIERRY Olivier<\/strong> &#8211; ORPI<\/p>\n<p><strong>BIKARD Jean-Luc<\/strong> &#8211; DMC <em><span style=\"color: #d70635\">(Partenaire)<\/span><\/em><\/p>\n<p><strong>BLETRIX Christian<\/strong> &#8211; CBEQUIPEMENTS<\/p>\n<p><strong>BLOCH Amaury<\/strong> &#8211; CEDAM<\/p>\n<p><strong>BLONDEAU Jacques <\/strong>&#8211; LA MUTUELLE GENERALE <em> <span style=\"color: #d70635\">(Partenaire)<\/span><\/em><\/p>\n<p><strong style=\"font-size: 1rem\">BOISIVON Fr\u00e9d\u00e9ric<\/strong><span style=\"font-size: 1rem\">\u00a0<\/span><span style=\"font-size: 1rem\">&#8211; DAIICHI SANKYO<\/span><\/p>\n<p><strong>BOROCCO Fran\u00e7ois<\/strong><\/p>\n<p><strong>BOULANGE Olivier<\/strong> &#8211; ARESA SOLUTIONS<\/p>\n<p><strong>BROUCHET Yves<\/strong> &#8211; HYPROMAT FRANCE<\/p>\n<p><strong>BUCHMANN Eric<\/strong> &#8211; SAERT<\/p>\n<p><strong>BURGAENTZLEN Michael<\/strong> &#8211; PIRCHER &amp; ARCHITECTES<\/p>\n<p><strong>BURGUN Pierre<\/strong> &#8211; PIERRE LANNIER<\/p>\n<p><strong>CARISEY Jean-Paul<\/strong> &#8211; CREDIT MUTUEL <em><span style=\"color: #d70635\">(Partenaire)<\/span><\/em><\/p>\n<p><strong>CARMILLET Fr\u00e9d\u00e9ric<\/strong> &#8211; HUG FLUIDES<\/p>\n<p><strong>CHRISTNER Pascal<\/strong> &#8211; VISIATIV<\/p>\n<p><strong>CHRISTOPH Jean-Michel<\/strong> &#8211; DIAM INDUSTRIES<\/p>\n<p><strong>CHUARD Mickael<\/strong> &#8211; CIC<\/p>\n<p><strong>CIARLETTA Fabrice<\/strong> &#8211; OUATINAGE D&#8217;ALSACE<\/p>\n<p><strong>CIERZNIAK Georges\u00a0<\/strong><\/p>\n<p><strong>CIZ Daniel<\/strong> &#8211; FM LOGISTIC <em><span style=\"color: #d70635\">(Partenaire)<\/span><\/em><\/p>\n<p><strong>CLERY Norbert<\/strong> &#8211; CLERY CONSULTING<\/p>\n<p><strong>COLIN Georges<\/strong> &#8211; COLIN INGREDIENTS<\/p>\n<p><strong>COLLIN Michel<\/strong> &#8211; MICHEL COLLIN CONSEILS<\/p>\n<p><strong>COUCHOT Jean-Michel<\/strong> &#8211; RSM EST<\/p>\n<p><strong>CREPLET Fr\u00e9d\u00e9ric <\/strong>&#8211; SOCOMEC<\/p>\n<p><strong>DA COSTA Vivien<\/strong> &#8211; CREDIT AGRICOLE<\/p>\n<p><strong style=\"font-size: 1rem\">DA CRUZ Jo\u00ebl<\/strong><span style=\"font-size: 1rem\">\u00a0<\/span><span style=\"font-size: 1rem\">&#8211; WAHL ISOLATION<\/span><\/p>\n<p><strong>DAGRE Jean <\/strong>&#8211; AGENCE DAGRE<\/p>\n<p><strong>DE JONG Bertrand<\/strong> &#8211; DE JONG<\/p>\n<p><strong>DECAVELE Beno\u00eet<\/strong> &#8211; CAPCOD<\/p>\n<p><strong>DE JONG Bertrand<\/strong> &#8211; DAMIEN DE JONG<\/p>\n<p><strong>DELALLEAU Damien<\/strong> &#8211; LES RESTAURANTS ALSACIENS<\/p>\n<p><strong>DELPY Christine<\/strong> &#8211; CREDIT AGRICOLE <em><span style=\"color: #d70635\">(Partenaire)<\/span><\/em><\/p>\n<p><strong>DEMAISY V\u00e9ronique<\/strong> &#8211; HARMONIE MUTUELLE <em><span style=\"color: #d70635\">(Partenaire)<\/span><\/em><\/p>\n<p><strong>DEMANGE Laurent<\/strong> &#8211; GALOPIN<\/p>\n<p><strong>DENNI Marie-Eve<\/strong> &#8211; BPALC <em><span style=\"color: #d70635\">(Partenaire)<\/span><\/em><\/p>\n<p><strong>DIEBOLD Anne-Yvonne<\/strong> &#8211; ATHENA CONSEIL<\/p>\n<p><strong>DISTLER Alain<\/strong> &#8211; AJD GESTION<\/p>\n<p><strong>DUFOUR Bertrand<\/strong> &#8211; WOLFBERGER<\/p>\n<p><strong>EBER Sandrine<\/strong> &#8211; L&#8217;ATELIER D&#8217;EMERAUDE <span style=\"color: #268597\"><em>(membre d&#8217;avenir)<\/em><\/span><\/p>\n<p><strong>ERTZSCHEID Andr\u00e9<\/strong> &#8211; CSP TECHNOLOGIES<\/p>\n<p><strong>ETTER Yannick<\/strong> &#8211; GROUPE PASSION AUTOMOBILES<\/p>\n<p><strong>EVRARD Patrick<\/strong> &#8211; BIOMONDE <span style=\"color: #268597\"><em>(membre d&#8217;avenir)<\/em><\/span><\/p>\n<p><strong>EUZENAT Vincent<\/strong> &#8211; AQUAPROTEC &#8211; POOLOVER<\/p>\n<p><strong>EVRARD Patrick<\/strong> &#8211; BIOMONDE<\/p>\n<p><strong>FATTORI Lucas<\/strong> &#8211; MICHEL SIMOND<\/p>\n<p><strong>FIMBEL Patrick<\/strong> &#8211; ESM DISTRIBUTION<\/p>\n<p><strong>FLUCK Val\u00e9rie<\/strong> &#8211; PRICE WATERHOUSE COOPERS<\/p>\n<p><strong>FOISSAC Pascal <\/strong>&#8211; AMS &#8211; AGENCE MULTI SERVICES<\/p>\n<p><strong>FRANCESCHETTI Sarah<\/strong> &#8211; PILOTAGE LIGHTING SOLUTIONS<\/p>\n<p><strong>FRANCOZ Olivier<\/strong> &#8211; BANQUE KOLB<\/p>\n<p><strong>FREY Jean-Jacques<\/strong><\/p>\n<p><strong>FREY Philippe<\/strong> &#8211; ALARA EXPERTISE<\/p>\n<p><strong>GINGLINGER Cyrille<\/strong> &#8211; LCR<\/p>\n<p><strong>GLAAS C\u00e9dric<\/strong> &#8211; DEGRIFF FENETRES<\/p>\n<p><strong>GOEHL Patrice<\/strong> &#8211; GROUPE DECAPOLE<\/p>\n<p><strong>GOERKE Dirk<\/strong> &#8211; DEVINCI SA <span style=\"color: #268597\"><em>(membre d&#8217;avenir)<\/em><\/span><\/p>\n<p><strong>GRIGNON Claire<\/strong>\u00a0&#8211; OPTISOCIALES<\/p>\n<p><strong>GROS Olivier\u00a0<\/strong><\/p>\n<p><strong>GROTZINGER St\u00e9phanie<\/strong> &#8211; WOOZ&#8217;UP<\/p>\n<p><strong>GUEQUIERE Michel<\/strong> &#8211; ASSURANCES GUEQUIERE<\/p>\n<p><strong>GUYOT Christophe<\/strong> &#8211; GRANT THORNTON 67 <em><span style=\"color: #d70635\">(Partenaire)<\/span><\/em><\/p>\n<p><strong>HAACK Axel<\/strong> &#8211; INTERNATIONAL TRADING AND LIGHTING<\/p>\n<p><strong>HAAG Edouard<\/strong> &#8211; BRASSERIE METEOR<\/p>\n<p><strong>HASSLER Fr\u00e9d\u00e9ric<\/strong> &#8211; ETUDE NOTARIALE HASSLER<\/p>\n<p><strong>HAUSS Jean-Philippe<\/strong> &#8211; SEDIME<\/p>\n<p><strong>HEITZLER Jean-Marc<\/strong> &#8211; GRANT THORNTON 68 <em><span style=\"color: #d70635\">(Partenaire)<\/span><\/em><\/p>\n<p><strong>HELFER C\u00e9dric<\/strong> &#8211; ATSA<\/p>\n<p><strong>HERQUEL Remi<\/strong> &#8211; PRO EASY PRINT<\/p>\n<p><strong>HERRSCHER Eve<\/strong> &#8211; BOUCHERIE HERRSCHER<\/p>\n<p><strong>HICHRI Hedi<\/strong> &#8211; MARS CHOCOLAT<\/p>\n<p><strong>HILBERER Perrine<\/strong> &#8211; LES CONFITURES DU CLIMONT <span style=\"color: #268597\"><em>(membre d&#8217;avenir)<\/em><\/span><\/p>\n<p><strong>HOAREAU Jannick<\/strong> &#8211; MIDAS<\/p>\n<p><strong style=\"font-size: 1rem\">HOENNER Pierre<\/strong><span style=\"font-size: 1rem\">\u00a0<\/span><span style=\"font-size: 1rem\">&#8211; CABINET HOENNER &amp; ASSOCIES<\/span><\/p>\n<p><strong>HUBLER Jacques<\/strong><\/p>\n<p><strong>HUCK Bertrand<\/strong> &#8211; ACTEX<\/p>\n<p><strong>HUGEL Pierre<\/strong> &#8211; W\u00dcRTH FRANCE <em><span style=\"color: #d70635\">(Partenaire)<\/span><\/em><\/p>\n<p><strong>HUSSON Lucas<\/strong> &#8211; EDF HYDRO EST <em><span style=\"color: #d70635\">(Partenaire)<\/span><\/em><\/p>\n<p><strong>IMBAUT Michel<\/strong><\/p>\n<p><strong>JAKUBOWICZ Yves<\/strong> &#8211; ROHAN INVESTISSEMENT<\/p>\n<p><strong>JENN Stephan<\/strong> &#8211; NOVALIX<\/p>\n<p><strong>JETZER Sylvie<\/strong> &#8211; FINANCIERE DES LYS<\/p>\n<p><strong>JOERG Denis<\/strong> &#8211; ALSABAIL<\/p>\n<p><strong>KAPPELER David<\/strong> &#8211; KAPPELER<\/p>\n<p><strong>KLOPFENSTEIN Claire<\/strong> &#8211; PHARMASTER<\/p>\n<p><strong>KOELBEL Caroline<\/strong> &#8211; CABINET LAURENT &amp; CHARRAS<\/p>\n<p><strong>KRAEMER Serge<\/strong> &#8211; ADVENIS<\/p>\n<p><strong>KRYSTAL Caroline<\/strong> &#8211; ANTHYLIS<\/p>\n<p><strong>LAMARCHE Sylvain<\/strong> &#8211; MOVIDONE<\/p>\n<p><strong>LAMBOLEZ Jean-Claude<\/strong> &#8211; SIR FULL<\/p>\n<p><strong>LANGEVIN Jean-Beno\u00eet<\/strong> \u2013 BIOCOOP<\/p>\n<p><strong>LAUBRIAT Emmanuel<\/strong> &#8211; ELEA CONSEIL<\/p>\n<p><strong>LEITZGEN Anne<\/strong> &#8211; SCHMIDT GROUPE<\/p>\n<p><strong>LEVY David<\/strong> &#8211; IMS PARTNERS<\/p>\n<p><strong>MAIRE Pascal\u00a0<\/strong><\/p>\n<p><strong>MAMBRE St\u00e9phane<\/strong> &#8211; IN EXTENSO <em><span style=\"color: #d70635\">(Partenaire)<\/span><\/em><\/p>\n<p><strong>MARTIN Daniel<\/strong> &#8211; JUDICIA CONSEILS<\/p>\n<p><strong>MARTIN-SPITTLER Nicole<\/strong> &#8211; VISIOPHTA<\/p>\n<p><strong>MENAITREAU Adrien<\/strong> &#8211; ALSASON<\/p>\n<p><strong>MEYNLE Thierry<\/strong> &#8211; DIVALTO<\/p>\n<p><strong>MIALON Jean-Fran\u00e7ois<\/strong> &#8211; WOLF LINGERIE<\/p>\n<p><strong>MICHAUD Henri-Pierre<\/strong> &#8211; D&#8217;UN PAS DECIDEZ<\/p>\n<p><strong>MICHEL Sylvain<\/strong> &#8211; SADEF<\/p>\n<p><strong>MINCK Fran\u00e7ois<\/strong> &#8211; GA Entreprise<\/p>\n<p><strong>MOCKERS Fabrice<\/strong> &#8211; MOCKERS<\/p>\n<p><strong>MONA Armelle<\/strong> &#8211; SOLUTIONS JARDINS<\/p>\n<p><strong>MULLER Jean-Louis<\/strong> &#8211; FINACAP<\/p>\n<p><strong>NADOLSKI Claire<\/strong> &#8211; BANQUE KOLB<\/p>\n<p><strong>NEES Elvire<\/strong> &#8211; SEEN<\/p>\n<p><strong>OLRY Luc<\/strong> &#8211; RAINBOW<\/p>\n<p><strong>OSSOLA Vincent<\/strong> &#8211; ALSACE TOLERIE<\/p>\n<p><strong>PAGET Aymeric<\/strong> &#8211; GIROLD CONSTRUCTIONS BOIS<\/p>\n<p><strong>PAUVERT Eve<\/strong> &#8211; FACILIS<\/p>\n<p><strong>PELLE Franck<\/strong> &#8211; EBERHARDT FERES<\/p>\n<p><strong>PERLA R\u00e9my<\/strong> &#8211; EPOPIA<\/p>\n<p><strong style=\"font-size: 1rem\">PFIMLIN Philippe<\/strong><span style=\"font-size: 1rem\">\u00a0<\/span><span style=\"font-size: 1rem\">&#8211; FIDUCIAIRE DE REVISION <em><span style=\"color: #d70635\">(Partenaire)<\/span><\/em><\/span><\/p>\n<p><strong>PHILIPPE C\u00e9line<\/strong> &#8211; SOCIETE GENERALE 68<\/p>\n<p><strong>PIETRI V\u00e9ronique<\/strong> &#8211; EUROPAVOCATS<\/p>\n<p><strong>PUGIN Patrick <\/strong>&#8211; ART RESTORATION<\/p>\n<p><strong>RAHMS Philippe<\/strong> &#8211; ERNST &amp; YOUNG<\/p>\n<p><strong>REIBEL St\u00e9phane<\/strong> &#8211; VOGEL TP<\/p>\n<p><strong>RENAUD Eric<\/strong> &#8211; LA VOLERIE DES AIGLES<\/p>\n<p><strong>RENCK Alain<\/strong> &#8211; Pr\u00e9sident R\u00e9seau Entreprendre Alsace<\/p>\n<p><strong>RENCKEL Jason<\/strong> &#8211; JAF <span style=\"color: #268597\"><em>(membre d&#8217;avenir)<\/em><\/span><\/p>\n<p><strong>RINNER Andr\u00e9<\/strong> &#8211; KOEHLER-BOSSHARDT<\/p>\n<p><strong>RISCH Steve<\/strong> &#8211; FORTWENGER<\/p>\n<p><strong>ROHMER Denis<\/strong> &#8211; EQUIPE &amp; DEVELOPPEMENT EST<\/p>\n<p><strong>ROOS Laurent<\/strong> &#8211; PROLEV<\/p>\n<p><strong>ROUSSEL Ludovic<\/strong> &#8211; SYLSTOR<\/p>\n<p><strong>SABATIER Guillaume<\/strong> &#8211; DELPHARM<\/p>\n<p><strong>SAES Christian<\/strong> &#8211; BNP PARIBAS<\/p>\n<p><strong>SCHALK Christophe<\/strong> &#8211; MEDIARUN<\/p>\n<p><strong>SCHEIDECKER Pascal<\/strong> &#8211; FS GROUP<\/p>\n<p><strong>SCHERRER Jean-Marc<\/strong> &#8211; NORMALU &#8211; BARRISOL<\/p>\n<p><strong>SCHILLING Dominique<\/strong> &#8211; SODIV <em><span style=\"color: #d70635\">(Partenaire)<\/span><\/em><\/p>\n<p><strong>SCHMITT Jean-S\u00e9bastien<\/strong> &#8211; ELANCO<\/p>\n<p><strong>SCHOCH Olivier<\/strong> &#8211; F&amp;MS<\/p>\n<p><strong>SCHULE Nicolas<\/strong> &#8211; CAFE SATI<\/p>\n<p><strong>SCHULTZ Olivier<\/strong> &#8211; EST SIGNALISATION<\/p>\n<p><strong>SOULEYMAN Soumain<\/strong> &#8211; LA COMPAGNIE DES CRECHES<\/p>\n<p><strong>STANTINA Lionel<\/strong> &#8211; REPROLAND<\/p>\n<p><strong>STEFANELLI St\u00e9phane<\/strong> &#8211; KPMG <em><span style=\"color: #d70635\">(Partenaire)<\/span><\/em><\/p>\n<p><strong>STOFFELBACH Christophe<\/strong> &#8211; COFIME <em><span style=\"color: #d70635\">(Partenaire)<\/span><\/em><\/p>\n<p><strong>STURER Ludovic<\/strong> &#8211; CIC EST <em><span style=\"color: #d70635\">(Partenaire)<\/span><\/em><\/p>\n<p><strong>THEVENOT Fabien<\/strong> &#8211; RUSTYLE <span style=\"color: #268597\"><em>(membre d&#8217;avenir)<\/em><\/span><\/p>\n<p><strong>THIL Christophe<\/strong> &#8211; BLUEBOAT<\/p>\n<p><strong>THOMAS C\u00e9dric<\/strong> &#8211; TAKTIM<\/p>\n<p><strong>TISSOT Gilles<\/strong> &#8211; LASERJET<\/p>\n<p><strong>TRAUTMANN Denis<\/strong> &#8211; KPMG 67 <em><span style=\"color: #d70635\">(Partenaire)<\/span><\/em><\/p>\n<p><strong>TRIQUET Sandrine<\/strong> &#8211; SOCIETE GENERALE<\/p>\n<p><strong>TROMP Pascal<\/strong><\/p>\n<p><strong>TROTTA Silvano<\/strong> &#8211; ATELIO<\/p>\n<p><strong>TSCHIRHART-BOUDOT Sophie<\/strong> &#8211; WORKING SPIRIT SAS<\/p>\n<p><strong>VELTY Thomas<\/strong> &#8211; KORUS<\/p>\n<p><strong>VIDIC Karin<\/strong> &#8211; STEELCASE<\/p>\n<p><strong>VILLE Marc<\/strong> &#8211; MECATHERM<\/p>\n<p><b>WALTER Marie<\/b> &#8211; EIE<\/p>\n<p><strong>WALTHER Denis<\/strong> &#8211; ARCO<\/p>\n<p><strong>WANNER Charles<\/strong><\/p>\n<p><strong>WEINLING Pierre<\/strong> &#8211; HUSSOR<\/p>\n<p><strong>WENDLING Franck<\/strong> &#8211; CAISSE D&#8217;EPARGNE D&#8217;ALSACE <em><span style=\"color: #d70635\">(Partenaire)<\/span><\/em><\/p>\n<p><strong>WESPISER Pascal<\/strong> &#8211; LINK GROUP<\/p>\n<p><strong>WEYMANN Denis<\/strong> &#8211; GRAI ETIQUETTE<\/p>\n<p><strong>WHITE Guy<\/strong><\/p>\n<p><strong>WIES J\u00e9r\u00e9my<\/strong> &#8211; SYNOVO<\/p>\n<p><strong>WINTERSTEIN Alphonse<\/strong> &#8211; HWF SARL<\/p>\n<p><strong>ZENTZ Olivier<\/strong> &#8211; ADAM TP<\/p>\n<p><strong>ZIEGLER Audrey<\/strong> &#8211; LA PETITE PAUSE<\/p>\n","protected":false},"excerpt":{"rendered":"<p>AGAUD Fr\u00e9d\u00e9ric &#8211; AUCHAN ILLKIRCH ANDRE Pierre\u00a0&#8211; GECO AOUNI St\u00e9phane<\/p>\n","protected":false},"author":57,"featured_media":3223,"comment_status":"closed","ping_status":"open","sticky":false,"template":"","format":"standard","meta":{"_acf_changed":false,"_monsterinsights_skip_tracking":false,"_monsterinsights_sitenote_active":false,"_monsterinsights_sitenote_note":"","_monsterinsights_sitenote_category":0,"footnotes":""},"categories":[5],"tags":[],"class_list":["post-3187","post","type-post","status-publish","format-standard","has-post-thumbnail","hentry","category-notre-communaute","testimonials"],"acf":[],"yoast_head":"<!-- This site is optimized with the Yoast SEO plugin v27.4 - https:\/\/yoast.com\/product\/yoast-seo-wordpress\/ -->\n<title>LISTE DES MEMBRES - R\u00e9seau Entreprendre Alsace<\/title>\n<meta name=\"robots\" content=\"index, follow, max-snippet:-1, max-image-preview:large, max-video-preview:-1\" \/>\n<link rel=\"canonical\" href=\"https:\/\/www.reseau-entreprendre.org\/alsace\/2018\/02\/02\/liste-de-nos-membres\/\" \/>\n<meta property=\"og:locale\" content=\"fr_FR\" \/>\n<meta property=\"og:type\" content=\"article\" \/>\n<meta property=\"og:title\" content=\"LISTE DES MEMBRES - R\u00e9seau Entreprendre Alsace\" \/>\n<meta property=\"og:description\" content=\"AGAUD Fr\u00e9d\u00e9ric &#8211; AUCHAN ILLKIRCH ANDRE Pierre\u00a0&#8211; GECO AOUNI St\u00e9phane\" \/>\n<meta property=\"og:url\" content=\"https:\/\/www.reseau-entreprendre.org\/alsace\/2018\/02\/02\/liste-de-nos-membres\/\" \/>\n<meta property=\"og:site_name\" content=\"R\u00e9seau Entreprendre Alsace\" \/>\n<meta property=\"article:published_time\" content=\"2018-02-02T08:39:59+00:00\" \/>\n<meta property=\"article:modified_time\" content=\"2022-04-12T15:54:49+00:00\" \/>\n<meta property=\"og:image\" content=\"https:\/\/www.reseau-entreprendre.org\/alsace\/wp-content\/uploads\/sites\/56\/2018\/02\/REA-MEMBRES-200.png\" \/>\n\t<meta property=\"og:image:width\" content=\"200\" \/>\n\t<meta property=\"og:image:height\" content=\"200\" \/>\n\t<meta property=\"og:image:type\" content=\"image\/png\" \/>\n<meta name=\"author\" content=\"alsace\" \/>\n<meta name=\"twitter:card\" content=\"summary_large_image\" \/>\n<meta name=\"twitter:label1\" content=\"\u00c9crit par\" \/>\n\t<meta name=\"twitter:data1\" content=\"alsace\" \/>\n\t<meta name=\"twitter:label2\" content=\"Dur\u00e9e de lecture estim\u00e9e\" \/>\n\t<meta name=\"twitter:data2\" content=\"4 minutes\" \/>\n<script type=\"application\/ld+json\" class=\"yoast-schema-graph\">{\"@context\":\"https:\\\/\\\/schema.org\",\"@graph\":[{\"@type\":\"Article\",\"@id\":\"https:\\\/\\\/www.reseau-entreprendre.org\\\/alsace\\\/2018\\\/02\\\/02\\\/liste-de-nos-membres\\\/#article\",\"isPartOf\":{\"@id\":\"https:\\\/\\\/www.reseau-entreprendre.org\\\/alsace\\\/2018\\\/02\\\/02\\\/liste-de-nos-membres\\\/\"},\"author\":{\"name\":\"alsace\",\"@id\":\"https:\\\/\\\/www.reseau-entreprendre.org\\\/alsace\\\/#\\\/schema\\\/person\\\/5f11f05add636550acbbe69a5a2a93f0\"},\"headline\":\"LISTE DES MEMBRES\",\"datePublished\":\"2018-02-02T08:39:59+00:00\",\"dateModified\":\"2022-04-12T15:54:49+00:00\",\"mainEntityOfPage\":{\"@id\":\"https:\\\/\\\/www.reseau-entreprendre.org\\\/alsace\\\/2018\\\/02\\\/02\\\/liste-de-nos-membres\\\/\"},\"wordCount\":932,\"image\":{\"@id\":\"https:\\\/\\\/www.reseau-entreprendre.org\\\/alsace\\\/2018\\\/02\\\/02\\\/liste-de-nos-membres\\\/#primaryimage\"},\"thumbnailUrl\":\"https:\\\/\\\/www.reseau-entreprendre.org\\\/alsace\\\/wp-content\\\/uploads\\\/sites\\\/56\\\/2018\\\/02\\\/REA-MEMBRES-200.png\",\"articleSection\":[\"Communaut\u00e9\"],\"inLanguage\":\"fr-FR\"},{\"@type\":\"WebPage\",\"@id\":\"https:\\\/\\\/www.reseau-entreprendre.org\\\/alsace\\\/2018\\\/02\\\/02\\\/liste-de-nos-membres\\\/\",\"url\":\"https:\\\/\\\/www.reseau-entreprendre.org\\\/alsace\\\/2018\\\/02\\\/02\\\/liste-de-nos-membres\\\/\",\"name\":\"LISTE DES MEMBRES - R\u00e9seau Entreprendre Alsace\",\"isPartOf\":{\"@id\":\"https:\\\/\\\/www.reseau-entreprendre.org\\\/alsace\\\/#website\"},\"primaryImageOfPage\":{\"@id\":\"https:\\\/\\\/www.reseau-entreprendre.org\\\/alsace\\\/2018\\\/02\\\/02\\\/liste-de-nos-membres\\\/#primaryimage\"},\"image\":{\"@id\":\"https:\\\/\\\/www.reseau-entreprendre.org\\\/alsace\\\/2018\\\/02\\\/02\\\/liste-de-nos-membres\\\/#primaryimage\"},\"thumbnailUrl\":\"https:\\\/\\\/www.reseau-entreprendre.org\\\/alsace\\\/wp-content\\\/uploads\\\/sites\\\/56\\\/2018\\\/02\\\/REA-MEMBRES-200.png\",\"datePublished\":\"2018-02-02T08:39:59+00:00\",\"dateModified\":\"2022-04-12T15:54:49+00:00\",\"author\":{\"@id\":\"https:\\\/\\\/www.reseau-entreprendre.org\\\/alsace\\\/#\\\/schema\\\/person\\\/5f11f05add636550acbbe69a5a2a93f0\"},\"breadcrumb\":{\"@id\":\"https:\\\/\\\/www.reseau-entreprendre.org\\\/alsace\\\/2018\\\/02\\\/02\\\/liste-de-nos-membres\\\/#breadcrumb\"},\"inLanguage\":\"fr-FR\",\"potentialAction\":[{\"@type\":\"ReadAction\",\"target\":[\"https:\\\/\\\/www.reseau-entreprendre.org\\\/alsace\\\/2018\\\/02\\\/02\\\/liste-de-nos-membres\\\/\"]}]},{\"@type\":\"ImageObject\",\"inLanguage\":\"fr-FR\",\"@id\":\"https:\\\/\\\/www.reseau-entreprendre.org\\\/alsace\\\/2018\\\/02\\\/02\\\/liste-de-nos-membres\\\/#primaryimage\",\"url\":\"https:\\\/\\\/www.reseau-entreprendre.org\\\/alsace\\\/wp-content\\\/uploads\\\/sites\\\/56\\\/2018\\\/02\\\/REA-MEMBRES-200.png\",\"contentUrl\":\"https:\\\/\\\/www.reseau-entreprendre.org\\\/alsace\\\/wp-content\\\/uploads\\\/sites\\\/56\\\/2018\\\/02\\\/REA-MEMBRES-200.png\",\"width\":200,\"height\":200},{\"@type\":\"BreadcrumbList\",\"@id\":\"https:\\\/\\\/www.reseau-entreprendre.org\\\/alsace\\\/2018\\\/02\\\/02\\\/liste-de-nos-membres\\\/#breadcrumb\",\"itemListElement\":[{\"@type\":\"ListItem\",\"position\":1,\"name\":\"Accueil\",\"item\":\"https:\\\/\\\/www.reseau-entreprendre.org\\\/alsace\\\/\"},{\"@type\":\"ListItem\",\"position\":2,\"name\":\"LISTE DES MEMBRES\"}]},{\"@type\":\"WebSite\",\"@id\":\"https:\\\/\\\/www.reseau-entreprendre.org\\\/alsace\\\/#website\",\"url\":\"https:\\\/\\\/www.reseau-entreprendre.org\\\/alsace\\\/\",\"name\":\"R\u00e9seau Entreprendre Alsace\",\"description\":\"Un site utilisant Les sites de R\u00e9seau Entreprendre\",\"potentialAction\":[{\"@type\":\"SearchAction\",\"target\":{\"@type\":\"EntryPoint\",\"urlTemplate\":\"https:\\\/\\\/www.reseau-entreprendre.org\\\/alsace\\\/?s={search_term_string}\"},\"query-input\":{\"@type\":\"PropertyValueSpecification\",\"valueRequired\":true,\"valueName\":\"search_term_string\"}}],\"inLanguage\":\"fr-FR\"},{\"@type\":\"Person\",\"@id\":\"https:\\\/\\\/www.reseau-entreprendre.org\\\/alsace\\\/#\\\/schema\\\/person\\\/5f11f05add636550acbbe69a5a2a93f0\",\"name\":\"alsace\",\"image\":{\"@type\":\"ImageObject\",\"inLanguage\":\"fr-FR\",\"@id\":\"https:\\\/\\\/secure.gravatar.com\\\/avatar\\\/75e6da5189fcb4483d372b1427e70484c5bbd795300217eba74b2c2640eaa5a5?s=96&d=mm&r=g\",\"url\":\"https:\\\/\\\/secure.gravatar.com\\\/avatar\\\/75e6da5189fcb4483d372b1427e70484c5bbd795300217eba74b2c2640eaa5a5?s=96&d=mm&r=g\",\"contentUrl\":\"https:\\\/\\\/secure.gravatar.com\\\/avatar\\\/75e6da5189fcb4483d372b1427e70484c5bbd795300217eba74b2c2640eaa5a5?s=96&d=mm&r=g\",\"caption\":\"alsace\"},\"url\":\"https:\\\/\\\/www.reseau-entreprendre.org\\\/alsace\\\/author\\\/re_alsace\\\/\"}]}<\/script>\n<!-- \/ Yoast SEO plugin. -->","yoast_head_json":{"title":"LISTE DES MEMBRES - R\u00e9seau Entreprendre Alsace","robots":{"index":"index","follow":"follow","max-snippet":"max-snippet:-1","max-image-preview":"max-image-preview:large","max-video-preview":"max-video-preview:-1"},"canonical":"https:\/\/www.reseau-entreprendre.org\/alsace\/2018\/02\/02\/liste-de-nos-membres\/","og_locale":"fr_FR","og_type":"article","og_title":"LISTE DES MEMBRES - R\u00e9seau Entreprendre Alsace","og_description":"AGAUD Fr\u00e9d\u00e9ric &#8211; AUCHAN ILLKIRCH ANDRE Pierre\u00a0&#8211; GECO AOUNI St\u00e9phane","og_url":"https:\/\/www.reseau-entreprendre.org\/alsace\/2018\/02\/02\/liste-de-nos-membres\/","og_site_name":"R\u00e9seau Entreprendre Alsace","article_published_time":"2018-02-02T08:39:59+00:00","article_modified_time":"2022-04-12T15:54:49+00:00","og_image":[{"width":200,"height":200,"url":"https:\/\/www.reseau-entreprendre.org\/alsace\/wp-content\/uploads\/sites\/56\/2018\/02\/REA-MEMBRES-200.png","type":"image\/png"}],"author":"alsace","twitter_card":"summary_large_image","twitter_misc":{"\u00c9crit par":"alsace","Dur\u00e9e de lecture estim\u00e9e":"4 minutes"},"schema":{"@context":"https:\/\/schema.org","@graph":[{"@type":"Article","@id":"https:\/\/www.reseau-entreprendre.org\/alsace\/2018\/02\/02\/liste-de-nos-membres\/#article","isPartOf":{"@id":"https:\/\/www.reseau-entreprendre.org\/alsace\/2018\/02\/02\/liste-de-nos-membres\/"},"author":{"name":"alsace","@id":"https:\/\/www.reseau-entreprendre.org\/alsace\/#\/schema\/person\/5f11f05add636550acbbe69a5a2a93f0"},"headline":"LISTE DES MEMBRES","datePublished":"2018-02-02T08:39:59+00:00","dateModified":"2022-04-12T15:54:49+00:00","mainEntityOfPage":{"@id":"https:\/\/www.reseau-entreprendre.org\/alsace\/2018\/02\/02\/liste-de-nos-membres\/"},"wordCount":932,"image":{"@id":"https:\/\/www.reseau-entreprendre.org\/alsace\/2018\/02\/02\/liste-de-nos-membres\/#primaryimage"},"thumbnailUrl":"https:\/\/www.reseau-entreprendre.org\/alsace\/wp-content\/uploads\/sites\/56\/2018\/02\/REA-MEMBRES-200.png","articleSection":["Communaut\u00e9"],"inLanguage":"fr-FR"},{"@type":"WebPage","@id":"https:\/\/www.reseau-entreprendre.org\/alsace\/2018\/02\/02\/liste-de-nos-membres\/","url":"https:\/\/www.reseau-entreprendre.org\/alsace\/2018\/02\/02\/liste-de-nos-membres\/","name":"LISTE DES MEMBRES - R\u00e9seau Entreprendre Alsace","isPartOf":{"@id":"https:\/\/www.reseau-entreprendre.org\/alsace\/#website"},"primaryImageOfPage":{"@id":"https:\/\/www.reseau-entreprendre.org\/alsace\/2018\/02\/02\/liste-de-nos-membres\/#primaryimage"},"image":{"@id":"https:\/\/www.reseau-entreprendre.org\/alsace\/2018\/02\/02\/liste-de-nos-membres\/#primaryimage"},"thumbnailUrl":"https:\/\/www.reseau-entreprendre.org\/alsace\/wp-content\/uploads\/sites\/56\/2018\/02\/REA-MEMBRES-200.png","datePublished":"2018-02-02T08:39:59+00:00","dateModified":"2022-04-12T15:54:49+00:00","author":{"@id":"https:\/\/www.reseau-entreprendre.org\/alsace\/#\/schema\/person\/5f11f05add636550acbbe69a5a2a93f0"},"breadcrumb":{"@id":"https:\/\/www.reseau-entreprendre.org\/alsace\/2018\/02\/02\/liste-de-nos-membres\/#breadcrumb"},"inLanguage":"fr-FR","potentialAction":[{"@type":"ReadAction","target":["https:\/\/www.reseau-entreprendre.org\/alsace\/2018\/02\/02\/liste-de-nos-membres\/"]}]},{"@type":"ImageObject","inLanguage":"fr-FR","@id":"https:\/\/www.reseau-entreprendre.org\/alsace\/2018\/02\/02\/liste-de-nos-membres\/#primaryimage","url":"https:\/\/www.reseau-entreprendre.org\/alsace\/wp-content\/uploads\/sites\/56\/2018\/02\/REA-MEMBRES-200.png","contentUrl":"https:\/\/www.reseau-entreprendre.org\/alsace\/wp-content\/uploads\/sites\/56\/2018\/02\/REA-MEMBRES-200.png","width":200,"height":200},{"@type":"BreadcrumbList","@id":"https:\/\/www.reseau-entreprendre.org\/alsace\/2018\/02\/02\/liste-de-nos-membres\/#breadcrumb","itemListElement":[{"@type":"ListItem","position":1,"name":"Accueil","item":"https:\/\/www.reseau-entreprendre.org\/alsace\/"},{"@type":"ListItem","position":2,"name":"LISTE DES MEMBRES"}]},{"@type":"WebSite","@id":"https:\/\/www.reseau-entreprendre.org\/alsace\/#website","url":"https:\/\/www.reseau-entreprendre.org\/alsace\/","name":"R\u00e9seau Entreprendre Alsace","description":"Un site utilisant Les sites de R\u00e9seau Entreprendre","potentialAction":[{"@type":"SearchAction","target":{"@type":"EntryPoint","urlTemplate":"https:\/\/www.reseau-entreprendre.org\/alsace\/?s={search_term_string}"},"query-input":{"@type":"PropertyValueSpecification","valueRequired":true,"valueName":"search_term_string"}}],"inLanguage":"fr-FR"},{"@type":"Person","@id":"https:\/\/www.reseau-entreprendre.org\/alsace\/#\/schema\/person\/5f11f05add636550acbbe69a5a2a93f0","name":"alsace","image":{"@type":"ImageObject","inLanguage":"fr-FR","@id":"https:\/\/secure.gravatar.com\/avatar\/75e6da5189fcb4483d372b1427e70484c5bbd795300217eba74b2c2640eaa5a5?s=96&d=mm&r=g","url":"https:\/\/secure.gravatar.com\/avatar\/75e6da5189fcb4483d372b1427e70484c5bbd795300217eba74b2c2640eaa5a5?s=96&d=mm&r=g","contentUrl":"https:\/\/secure.gravatar.com\/avatar\/75e6da5189fcb4483d372b1427e70484c5bbd795300217eba74b2c2640eaa5a5?s=96&d=mm&r=g","caption":"alsace"},"url":"https:\/\/www.reseau-entreprendre.org\/alsace\/author\/re_alsace\/"}]}},"_links":{"self":[{"href":"https:\/\/www.reseau-entreprendre.org\/alsace\/wp-json\/wp\/v2\/posts\/3187","targetHints":{"allow":["GET"]}}],"collection":[{"href":"https:\/\/www.reseau-entreprendre.org\/alsace\/wp-json\/wp\/v2\/posts"}],"about":[{"href":"https:\/\/www.reseau-entreprendre.org\/alsace\/wp-json\/wp\/v2\/types\/post"}],"author":[{"embeddable":true,"href":"https:\/\/www.reseau-entreprendre.org\/alsace\/wp-json\/wp\/v2\/users\/57"}],"replies":[{"embeddable":true,"href":"https:\/\/www.reseau-entreprendre.org\/alsace\/wp-json\/wp\/v2\/comments?post=3187"}],"version-history":[{"count":0,"href":"https:\/\/www.reseau-entreprendre.org\/alsace\/wp-json\/wp\/v2\/posts\/3187\/revisions"}],"wp:featuredmedia":[{"embeddable":true,"href":"https:\/\/www.reseau-entreprendre.org\/alsace\/wp-json\/wp\/v2\/media\/3223"}],"wp:attachment":[{"href":"https:\/\/www.reseau-entreprendre.org\/alsace\/wp-json\/wp\/v2\/media?parent=3187"}],"wp:term":[{"taxonomy":"category","embeddable":true,"href":"https:\/\/www.reseau-entreprendre.org\/alsace\/wp-json\/wp\/v2\/categories?post=3187"},{"taxonomy":"post_tag","embeddable":true,"href":"https:\/\/www.reseau-entreprendre.org\/alsace\/wp-json\/wp\/v2\/tags?post=3187"}],"curies":[{"name":"wp","href":"https:\/\/api.w.org\/{rel}","templated":true}]}}