{"id":1003,"date":"2018-01-04T17:06:24","date_gmt":"2018-01-04T16:06:24","guid":{"rendered":"https:\/\/www.reseau-entreprendre.org\/bretagne\/?p=1003"},"modified":"2022-04-11T17:20:19","modified_gmt":"2022-04-11T15:20:19","slug":"cotes-darmor-nos-voeux-chez-adl-bien-demarrer-2018-autour-dun-cafe","status":"publish","type":"post","link":"https:\/\/www.reseau-entreprendre.org\/bretagne\/2018\/01\/04\/cotes-darmor-nos-voeux-chez-adl-bien-demarrer-2018-autour-dun-cafe\/","title":{"rendered":"C\u00f4tes d&#8217;Armor, nos v\u0153ux chez ADL ou comment bien d\u00e9marrer 2018 autour d&#8217;un caf\u00e9 !"},"content":{"rendered":"<p>Pour cr\u00e9er des emplois, cr\u00e9ons des employeurs ? Accompagner la cr\u00e9ation d&#8217;emplois et de richesse ? Dominique ROUL, repreneur d&#8217;ADL en 2015\u00a0 aujourd&#8217;hui Membre d&#8217;Avenir, la preuve par quatre : +50% de CA et de 17 \u00e0 26 salari\u00e9s en 3 ans pour cette PME de DINAN n\u00e9e en 2004 et dans laquelle il vient d&#8217;investir \u00e0 nouveau en m\u00e9tamorphosant le site que nous connaissions \u00e0 la reprise. ADL est pr\u00eate \u00e0 poursuivre son d\u00e9veloppement, confiant en l&#8217;avenir.<\/p>\n<blockquote><p><img loading=\"lazy\" decoding=\"async\" class=\"alignnone  wp-image-1005\" src=\"https:\/\/www.reseau-entreprendre.org\/bretagne\/wp-content\/uploads\/sites\/3\/2018\/01\/caf\u00e9-300x225.jpeg\" alt=\"\" width=\"344\" height=\"258\" srcset=\"https:\/\/www.reseau-entreprendre.org\/bretagne\/wp-content\/uploads\/sites\/3\/2018\/01\/caf\u00e9-300x225.jpeg 300w, https:\/\/www.reseau-entreprendre.org\/bretagne\/wp-content\/uploads\/sites\/3\/2018\/01\/caf\u00e9-768x576.jpeg 768w, https:\/\/www.reseau-entreprendre.org\/bretagne\/wp-content\/uploads\/sites\/3\/2018\/01\/caf\u00e9-1024x768.jpeg 1024w\" sizes=\"auto, (max-width: 344px) 100vw, 344px\" \/><\/p><\/blockquote>\n<p style=\"text-align: justify\">C&#8217;est donc d\u00e8s 8h30 ce jeudi 4 janvier que nous nous sommes retrouv\u00e9s chez <a href=\"http:\/\/www.adldecoration.com\/\" target=\"_blank\" rel=\"noopener\">ADL Cr\u00e9ateur d&#8217;ambiances<\/a>.<\/p>\n<p style=\"text-align: justify\">Tout d&#8217;abord autour d&#8217;un caf\u00e9 croissants et avec les v\u0153ux de notre vice-pr\u00e9sident Yannick DIVEU (ANA Industrie) pour retracer 2017 et engager notre action R\u00e9seau Entreprendre Bretagne en 2018 : 8 projets accompagn\u00e9s b\u00e9n\u00e9volement et dans la gratuit\u00e9 en 2017 c&#8217;est plus de 120 emplois concern\u00e9s aux quatre coins des C\u00f4tes d&#8217;Armor. Notre ambition premi\u00e8re pour 2018 est de r\u00e9it\u00e9rer ce niveau d&#8217;activit\u00e9. 1 nouvel entrepreneur accompagn\u00e9 mobilise 10 membres, vous \u00eates 80 membres dirigeants de PME en C\u00f4tes d&#8217;Armor. 2\u00e8me objectif, visons les 100, nous pourrons soutenir jusqu&#8217;\u00e0 10 projets.<\/p>\n<p>Ensuite, visite de l&#8217;atelier int\u00e9gralement refait \u00e0 neuf en 2017 et sur un site de 2000 m\u00b2. Le c\u0153ur de m\u00e9tier de cette belle PME, c&#8217;est le relooking textile int\u00e9rieur et ext\u00e9rieur de vos camping-car, mobil-home, restaurant et m\u00eame d&#8217;EHPAD. Des rideaux aux coussins, mousses, des si\u00e8ges aux voilages, dessus de lit, capitonnages, tout est refait \u00e0 neuf. Un exemple pour l&#8217;illustrer, vous d\u00e9posez votre camping-car le matin, faites une balade \u00e0 Dinan, en une journ\u00e9e il sera relook\u00e9 par les \u00e9quipes de Dominique !<\/p>\n<p>2018 d\u00e9marre sous les meilleurs auspices :<\/p>\n<p><img loading=\"lazy\" decoding=\"async\" class=\"size-medium wp-image-1010 alignleft\" src=\"https:\/\/www.reseau-entreprendre.org\/bretagne\/wp-content\/uploads\/sites\/3\/2018\/01\/adl-membre-d-avenir-300x169.png\" alt=\"\" width=\"300\" height=\"169\" srcset=\"https:\/\/www.reseau-entreprendre.org\/bretagne\/wp-content\/uploads\/sites\/3\/2018\/01\/adl-membre-d-avenir-300x169.png 300w, https:\/\/www.reseau-entreprendre.org\/bretagne\/wp-content\/uploads\/sites\/3\/2018\/01\/adl-membre-d-avenir-768x432.png 768w, https:\/\/www.reseau-entreprendre.org\/bretagne\/wp-content\/uploads\/sites\/3\/2018\/01\/adl-membre-d-avenir-1024x576.png 1024w, https:\/\/www.reseau-entreprendre.org\/bretagne\/wp-content\/uploads\/sites\/3\/2018\/01\/adl-membre-d-avenir.png 1280w\" sizes=\"auto, (max-width: 300px) 100vw, 300px\" \/><\/p>\n<p>Nous annon\u00e7ons d\u00e9j\u00e0 5 projets de reprises \u00e0 l&#8217;\u00e9tude, 3<\/p>\n<p>comit\u00e9s d&#8217;engagements agend\u00e9s sur le 1er trimestre. Gr\u00e2ce \u00e0 l&#8217;adh\u00e9sion de nos membres et l&#8217;engagement de tous, nous sommes par\u00e9s \u00e0 accompagner de nouveaux &#8220;Dominique ROUL&#8221; en 2018 !<\/p>\n<p style=\"text-align: justify\">Merci \u00e0 ADL de cette chaleureuse 1\u00e8re Conviviale en C\u00f4tes d&#8217;Armor, merci aux journalistes du Ouest-France et T\u00e9l\u00e9gramme de leur pr\u00e9sence. Relayer notre action, c&#8217;est faire savoir notre capacit\u00e9 \u00e0 accompagner de futurs Laur\u00e9ats R\u00e9seau Entreprendre Bretagne en cr\u00e9ation et reprise de PME<\/p>\n<p>&nbsp;<\/p>\n<p>Meilleurs v\u0153ux de sant\u00e9 joies et succ\u00e8s \u00e0 toutes et \u00e0 tous !<\/p>\n<p>Yannick DIVEU, Vice-Pr\u00e9sident &amp; Christophe GINET, D\u00e9l\u00e9gu\u00e9 territorial<\/p>\n<p><a href=\"http:\/\/www.adldecoration.com\/\" target=\"_blank\" rel=\"noopener\">En savoir plus sur ADL ici<\/a><\/p>\n<p><img loading=\"lazy\" decoding=\"async\" class=\"alignnone size-medium wp-image-1004\" src=\"https:\/\/www.reseau-entreprendre.org\/bretagne\/wp-content\/uploads\/sites\/3\/2018\/01\/conviviale-adl-les-pr\u00e9sents-300x171.jpeg\" alt=\"\" width=\"300\" height=\"171\" srcset=\"https:\/\/www.reseau-entreprendre.org\/bretagne\/wp-content\/uploads\/sites\/3\/2018\/01\/conviviale-adl-les-pr\u00e9sents-300x171.jpeg 300w, https:\/\/www.reseau-entreprendre.org\/bretagne\/wp-content\/uploads\/sites\/3\/2018\/01\/conviviale-adl-les-pr\u00e9sents-768x438.jpeg 768w, https:\/\/www.reseau-entreprendre.org\/bretagne\/wp-content\/uploads\/sites\/3\/2018\/01\/conviviale-adl-les-pr\u00e9sents-1024x585.jpeg 1024w\" sizes=\"auto, (max-width: 300px) 100vw, 300px\" \/><\/p>\n","protected":false},"excerpt":{"rendered":"<p>Pour cr\u00e9er des emplois, cr\u00e9ons des employeurs ? Accompagner la<\/p>\n","protected":false},"author":87,"featured_media":1010,"comment_status":"closed","ping_status":"open","sticky":false,"template":"","format":"standard","meta":{"_acf_changed":false,"_monsterinsights_skip_tracking":false,"_monsterinsights_sitenote_active":false,"_monsterinsights_sitenote_note":"","_monsterinsights_sitenote_category":0,"footnotes":""},"categories":[4],"tags":[],"class_list":["post-1003","post","type-post","status-publish","format-standard","has-post-thumbnail","hentry","category-actualites","news"],"acf":[],"yoast_head":"<!-- This site is optimized with the Yoast SEO plugin v27.4 - https:\/\/yoast.com\/product\/yoast-seo-wordpress\/ -->\n<title>C\u00f4tes d&#039;Armor, nos v\u0153ux chez ADL ou comment bien d\u00e9marrer 2018 autour d&#039;un caf\u00e9 ! - R\u00e9seau Entreprendre Bretagne<\/title>\n<meta name=\"robots\" content=\"index, follow, max-snippet:-1, max-image-preview:large, max-video-preview:-1\" \/>\n<link rel=\"canonical\" href=\"https:\/\/www.reseau-entreprendre.org\/bretagne\/2018\/01\/04\/cotes-darmor-nos-voeux-chez-adl-bien-demarrer-2018-autour-dun-cafe\/\" \/>\n<meta property=\"og:locale\" content=\"fr_FR\" \/>\n<meta property=\"og:type\" content=\"article\" \/>\n<meta property=\"og:title\" content=\"C\u00f4tes d&#039;Armor, nos v\u0153ux chez ADL ou comment bien d\u00e9marrer 2018 autour d&#039;un caf\u00e9 ! - R\u00e9seau Entreprendre Bretagne\" \/>\n<meta property=\"og:description\" content=\"Pour cr\u00e9er des emplois, cr\u00e9ons des employeurs ? Accompagner la\" \/>\n<meta property=\"og:url\" content=\"https:\/\/www.reseau-entreprendre.org\/bretagne\/2018\/01\/04\/cotes-darmor-nos-voeux-chez-adl-bien-demarrer-2018-autour-dun-cafe\/\" \/>\n<meta property=\"og:site_name\" content=\"R\u00e9seau Entreprendre Bretagne\" \/>\n<meta property=\"article:publisher\" content=\"https:\/\/www.facebook.com\/reseauentreprendrebretagne\/\" \/>\n<meta property=\"article:published_time\" content=\"2018-01-04T16:06:24+00:00\" \/>\n<meta property=\"article:modified_time\" content=\"2022-04-11T15:20:19+00:00\" \/>\n<meta property=\"og:image\" content=\"https:\/\/www.reseau-entreprendre.org\/bretagne\/wp-content\/uploads\/sites\/3\/2018\/01\/adl-membre-d-avenir.png\" \/>\n\t<meta property=\"og:image:width\" content=\"1280\" \/>\n\t<meta property=\"og:image:height\" content=\"720\" \/>\n\t<meta property=\"og:image:type\" content=\"image\/png\" \/>\n<meta name=\"twitter:card\" content=\"summary_large_image\" \/>\n<meta name=\"twitter:creator\" content=\"@RE_Bretagne\" \/>\n<meta name=\"twitter:site\" content=\"@RE_Bretagne\" \/>\n<meta name=\"twitter:label1\" content=\"\u00c9crit par\" \/>\n\t<meta name=\"twitter:data1\" content=\"\" \/>\n\t<meta name=\"twitter:label2\" content=\"Dur\u00e9e de lecture estim\u00e9e\" \/>\n\t<meta name=\"twitter:data2\" content=\"2 minutes\" \/>\n<script type=\"application\/ld+json\" class=\"yoast-schema-graph\">{\"@context\":\"https:\\\/\\\/schema.org\",\"@graph\":[{\"@type\":\"Article\",\"@id\":\"https:\\\/\\\/www.reseau-entreprendre.org\\\/bretagne\\\/2018\\\/01\\\/04\\\/cotes-darmor-nos-voeux-chez-adl-bien-demarrer-2018-autour-dun-cafe\\\/#article\",\"isPartOf\":{\"@id\":\"https:\\\/\\\/www.reseau-entreprendre.org\\\/bretagne\\\/2018\\\/01\\\/04\\\/cotes-darmor-nos-voeux-chez-adl-bien-demarrer-2018-autour-dun-cafe\\\/\"},\"author\":{\"name\":\"\",\"@id\":\"\"},\"headline\":\"C\u00f4tes d&#8217;Armor, nos v\u0153ux chez ADL ou comment bien d\u00e9marrer 2018 autour d&#8217;un caf\u00e9 !\",\"datePublished\":\"2018-01-04T16:06:24+00:00\",\"dateModified\":\"2022-04-11T15:20:19+00:00\",\"mainEntityOfPage\":{\"@id\":\"https:\\\/\\\/www.reseau-entreprendre.org\\\/bretagne\\\/2018\\\/01\\\/04\\\/cotes-darmor-nos-voeux-chez-adl-bien-demarrer-2018-autour-dun-cafe\\\/\"},\"wordCount\":436,\"image\":{\"@id\":\"https:\\\/\\\/www.reseau-entreprendre.org\\\/bretagne\\\/2018\\\/01\\\/04\\\/cotes-darmor-nos-voeux-chez-adl-bien-demarrer-2018-autour-dun-cafe\\\/#primaryimage\"},\"thumbnailUrl\":\"https:\\\/\\\/www.reseau-entreprendre.org\\\/bretagne\\\/wp-content\\\/uploads\\\/sites\\\/3\\\/2018\\\/01\\\/adl-membre-d-avenir.png\",\"articleSection\":[\"Actualit\u00e9s\"],\"inLanguage\":\"fr-FR\"},{\"@type\":\"WebPage\",\"@id\":\"https:\\\/\\\/www.reseau-entreprendre.org\\\/bretagne\\\/2018\\\/01\\\/04\\\/cotes-darmor-nos-voeux-chez-adl-bien-demarrer-2018-autour-dun-cafe\\\/\",\"url\":\"https:\\\/\\\/www.reseau-entreprendre.org\\\/bretagne\\\/2018\\\/01\\\/04\\\/cotes-darmor-nos-voeux-chez-adl-bien-demarrer-2018-autour-dun-cafe\\\/\",\"name\":\"C\u00f4tes d'Armor, nos v\u0153ux chez ADL ou comment bien d\u00e9marrer 2018 autour d'un caf\u00e9 ! - R\u00e9seau Entreprendre Bretagne\",\"isPartOf\":{\"@id\":\"https:\\\/\\\/www.reseau-entreprendre.org\\\/bretagne\\\/#website\"},\"primaryImageOfPage\":{\"@id\":\"https:\\\/\\\/www.reseau-entreprendre.org\\\/bretagne\\\/2018\\\/01\\\/04\\\/cotes-darmor-nos-voeux-chez-adl-bien-demarrer-2018-autour-dun-cafe\\\/#primaryimage\"},\"image\":{\"@id\":\"https:\\\/\\\/www.reseau-entreprendre.org\\\/bretagne\\\/2018\\\/01\\\/04\\\/cotes-darmor-nos-voeux-chez-adl-bien-demarrer-2018-autour-dun-cafe\\\/#primaryimage\"},\"thumbnailUrl\":\"https:\\\/\\\/www.reseau-entreprendre.org\\\/bretagne\\\/wp-content\\\/uploads\\\/sites\\\/3\\\/2018\\\/01\\\/adl-membre-d-avenir.png\",\"datePublished\":\"2018-01-04T16:06:24+00:00\",\"dateModified\":\"2022-04-11T15:20:19+00:00\",\"author\":{\"@id\":\"\"},\"breadcrumb\":{\"@id\":\"https:\\\/\\\/www.reseau-entreprendre.org\\\/bretagne\\\/2018\\\/01\\\/04\\\/cotes-darmor-nos-voeux-chez-adl-bien-demarrer-2018-autour-dun-cafe\\\/#breadcrumb\"},\"inLanguage\":\"fr-FR\",\"potentialAction\":[{\"@type\":\"ReadAction\",\"target\":[\"https:\\\/\\\/www.reseau-entreprendre.org\\\/bretagne\\\/2018\\\/01\\\/04\\\/cotes-darmor-nos-voeux-chez-adl-bien-demarrer-2018-autour-dun-cafe\\\/\"]}]},{\"@type\":\"ImageObject\",\"inLanguage\":\"fr-FR\",\"@id\":\"https:\\\/\\\/www.reseau-entreprendre.org\\\/bretagne\\\/2018\\\/01\\\/04\\\/cotes-darmor-nos-voeux-chez-adl-bien-demarrer-2018-autour-dun-cafe\\\/#primaryimage\",\"url\":\"https:\\\/\\\/www.reseau-entreprendre.org\\\/bretagne\\\/wp-content\\\/uploads\\\/sites\\\/3\\\/2018\\\/01\\\/adl-membre-d-avenir.png\",\"contentUrl\":\"https:\\\/\\\/www.reseau-entreprendre.org\\\/bretagne\\\/wp-content\\\/uploads\\\/sites\\\/3\\\/2018\\\/01\\\/adl-membre-d-avenir.png\",\"width\":1280,\"height\":720},{\"@type\":\"BreadcrumbList\",\"@id\":\"https:\\\/\\\/www.reseau-entreprendre.org\\\/bretagne\\\/2018\\\/01\\\/04\\\/cotes-darmor-nos-voeux-chez-adl-bien-demarrer-2018-autour-dun-cafe\\\/#breadcrumb\",\"itemListElement\":[{\"@type\":\"ListItem\",\"position\":1,\"name\":\"Accueil\",\"item\":\"https:\\\/\\\/www.reseau-entreprendre.org\\\/bretagne\\\/\"},{\"@type\":\"ListItem\",\"position\":2,\"name\":\"C\u00f4tes d&rsquo;Armor, nos v\u0153ux chez ADL ou comment bien d\u00e9marrer 2018 autour d&rsquo;un caf\u00e9 !\"}]},{\"@type\":\"WebSite\",\"@id\":\"https:\\\/\\\/www.reseau-entreprendre.org\\\/bretagne\\\/#website\",\"url\":\"https:\\\/\\\/www.reseau-entreprendre.org\\\/bretagne\\\/\",\"name\":\"R\u00e9seau Entreprendre Bretagne\",\"description\":\"Pour cr\u00e9er des emplois, cr\u00e9ons des employeurs\",\"potentialAction\":[{\"@type\":\"SearchAction\",\"target\":{\"@type\":\"EntryPoint\",\"urlTemplate\":\"https:\\\/\\\/www.reseau-entreprendre.org\\\/bretagne\\\/?s={search_term_string}\"},\"query-input\":{\"@type\":\"PropertyValueSpecification\",\"valueRequired\":true,\"valueName\":\"search_term_string\"}}],\"inLanguage\":\"fr-FR\"},{\"@type\":\"Person\",\"@id\":\"\",\"url\":\"https:\\\/\\\/www.reseau-entreprendre.org\\\/bretagne\\\/author\\\/\"}]}<\/script>\n<!-- \/ Yoast SEO plugin. -->","yoast_head_json":{"title":"C\u00f4tes d'Armor, nos v\u0153ux chez ADL ou comment bien d\u00e9marrer 2018 autour d'un caf\u00e9 ! - R\u00e9seau Entreprendre Bretagne","robots":{"index":"index","follow":"follow","max-snippet":"max-snippet:-1","max-image-preview":"max-image-preview:large","max-video-preview":"max-video-preview:-1"},"canonical":"https:\/\/www.reseau-entreprendre.org\/bretagne\/2018\/01\/04\/cotes-darmor-nos-voeux-chez-adl-bien-demarrer-2018-autour-dun-cafe\/","og_locale":"fr_FR","og_type":"article","og_title":"C\u00f4tes d'Armor, nos v\u0153ux chez ADL ou comment bien d\u00e9marrer 2018 autour d'un caf\u00e9 ! - R\u00e9seau Entreprendre Bretagne","og_description":"Pour cr\u00e9er des emplois, cr\u00e9ons des employeurs ? Accompagner la","og_url":"https:\/\/www.reseau-entreprendre.org\/bretagne\/2018\/01\/04\/cotes-darmor-nos-voeux-chez-adl-bien-demarrer-2018-autour-dun-cafe\/","og_site_name":"R\u00e9seau Entreprendre Bretagne","article_publisher":"https:\/\/www.facebook.com\/reseauentreprendrebretagne\/","article_published_time":"2018-01-04T16:06:24+00:00","article_modified_time":"2022-04-11T15:20:19+00:00","og_image":[{"width":1280,"height":720,"url":"https:\/\/www.reseau-entreprendre.org\/bretagne\/wp-content\/uploads\/sites\/3\/2018\/01\/adl-membre-d-avenir.png","type":"image\/png"}],"twitter_card":"summary_large_image","twitter_creator":"@RE_Bretagne","twitter_site":"@RE_Bretagne","twitter_misc":{"\u00c9crit par":"","Dur\u00e9e de lecture estim\u00e9e":"2 minutes"},"schema":{"@context":"https:\/\/schema.org","@graph":[{"@type":"Article","@id":"https:\/\/www.reseau-entreprendre.org\/bretagne\/2018\/01\/04\/cotes-darmor-nos-voeux-chez-adl-bien-demarrer-2018-autour-dun-cafe\/#article","isPartOf":{"@id":"https:\/\/www.reseau-entreprendre.org\/bretagne\/2018\/01\/04\/cotes-darmor-nos-voeux-chez-adl-bien-demarrer-2018-autour-dun-cafe\/"},"author":{"name":"","@id":""},"headline":"C\u00f4tes d&#8217;Armor, nos v\u0153ux chez ADL ou comment bien d\u00e9marrer 2018 autour d&#8217;un caf\u00e9 !","datePublished":"2018-01-04T16:06:24+00:00","dateModified":"2022-04-11T15:20:19+00:00","mainEntityOfPage":{"@id":"https:\/\/www.reseau-entreprendre.org\/bretagne\/2018\/01\/04\/cotes-darmor-nos-voeux-chez-adl-bien-demarrer-2018-autour-dun-cafe\/"},"wordCount":436,"image":{"@id":"https:\/\/www.reseau-entreprendre.org\/bretagne\/2018\/01\/04\/cotes-darmor-nos-voeux-chez-adl-bien-demarrer-2018-autour-dun-cafe\/#primaryimage"},"thumbnailUrl":"https:\/\/www.reseau-entreprendre.org\/bretagne\/wp-content\/uploads\/sites\/3\/2018\/01\/adl-membre-d-avenir.png","articleSection":["Actualit\u00e9s"],"inLanguage":"fr-FR"},{"@type":"WebPage","@id":"https:\/\/www.reseau-entreprendre.org\/bretagne\/2018\/01\/04\/cotes-darmor-nos-voeux-chez-adl-bien-demarrer-2018-autour-dun-cafe\/","url":"https:\/\/www.reseau-entreprendre.org\/bretagne\/2018\/01\/04\/cotes-darmor-nos-voeux-chez-adl-bien-demarrer-2018-autour-dun-cafe\/","name":"C\u00f4tes d'Armor, nos v\u0153ux chez ADL ou comment bien d\u00e9marrer 2018 autour d'un caf\u00e9 ! - R\u00e9seau Entreprendre Bretagne","isPartOf":{"@id":"https:\/\/www.reseau-entreprendre.org\/bretagne\/#website"},"primaryImageOfPage":{"@id":"https:\/\/www.reseau-entreprendre.org\/bretagne\/2018\/01\/04\/cotes-darmor-nos-voeux-chez-adl-bien-demarrer-2018-autour-dun-cafe\/#primaryimage"},"image":{"@id":"https:\/\/www.reseau-entreprendre.org\/bretagne\/2018\/01\/04\/cotes-darmor-nos-voeux-chez-adl-bien-demarrer-2018-autour-dun-cafe\/#primaryimage"},"thumbnailUrl":"https:\/\/www.reseau-entreprendre.org\/bretagne\/wp-content\/uploads\/sites\/3\/2018\/01\/adl-membre-d-avenir.png","datePublished":"2018-01-04T16:06:24+00:00","dateModified":"2022-04-11T15:20:19+00:00","author":{"@id":""},"breadcrumb":{"@id":"https:\/\/www.reseau-entreprendre.org\/bretagne\/2018\/01\/04\/cotes-darmor-nos-voeux-chez-adl-bien-demarrer-2018-autour-dun-cafe\/#breadcrumb"},"inLanguage":"fr-FR","potentialAction":[{"@type":"ReadAction","target":["https:\/\/www.reseau-entreprendre.org\/bretagne\/2018\/01\/04\/cotes-darmor-nos-voeux-chez-adl-bien-demarrer-2018-autour-dun-cafe\/"]}]},{"@type":"ImageObject","inLanguage":"fr-FR","@id":"https:\/\/www.reseau-entreprendre.org\/bretagne\/2018\/01\/04\/cotes-darmor-nos-voeux-chez-adl-bien-demarrer-2018-autour-dun-cafe\/#primaryimage","url":"https:\/\/www.reseau-entreprendre.org\/bretagne\/wp-content\/uploads\/sites\/3\/2018\/01\/adl-membre-d-avenir.png","contentUrl":"https:\/\/www.reseau-entreprendre.org\/bretagne\/wp-content\/uploads\/sites\/3\/2018\/01\/adl-membre-d-avenir.png","width":1280,"height":720},{"@type":"BreadcrumbList","@id":"https:\/\/www.reseau-entreprendre.org\/bretagne\/2018\/01\/04\/cotes-darmor-nos-voeux-chez-adl-bien-demarrer-2018-autour-dun-cafe\/#breadcrumb","itemListElement":[{"@type":"ListItem","position":1,"name":"Accueil","item":"https:\/\/www.reseau-entreprendre.org\/bretagne\/"},{"@type":"ListItem","position":2,"name":"C\u00f4tes d&rsquo;Armor, nos v\u0153ux chez ADL ou comment bien d\u00e9marrer 2018 autour d&rsquo;un caf\u00e9 !"}]},{"@type":"WebSite","@id":"https:\/\/www.reseau-entreprendre.org\/bretagne\/#website","url":"https:\/\/www.reseau-entreprendre.org\/bretagne\/","name":"R\u00e9seau Entreprendre Bretagne","description":"Pour cr\u00e9er des emplois, cr\u00e9ons des employeurs","potentialAction":[{"@type":"SearchAction","target":{"@type":"EntryPoint","urlTemplate":"https:\/\/www.reseau-entreprendre.org\/bretagne\/?s={search_term_string}"},"query-input":{"@type":"PropertyValueSpecification","valueRequired":true,"valueName":"search_term_string"}}],"inLanguage":"fr-FR"},{"@type":"Person","@id":"","url":"https:\/\/www.reseau-entreprendre.org\/bretagne\/author\/"}]}},"_links":{"self":[{"href":"https:\/\/www.reseau-entreprendre.org\/bretagne\/wp-json\/wp\/v2\/posts\/1003","targetHints":{"allow":["GET"]}}],"collection":[{"href":"https:\/\/www.reseau-entreprendre.org\/bretagne\/wp-json\/wp\/v2\/posts"}],"about":[{"href":"https:\/\/www.reseau-entreprendre.org\/bretagne\/wp-json\/wp\/v2\/types\/post"}],"author":[{"embeddable":true,"href":"https:\/\/www.reseau-entreprendre.org\/bretagne\/wp-json\/wp\/v2\/users\/87"}],"replies":[{"embeddable":true,"href":"https:\/\/www.reseau-entreprendre.org\/bretagne\/wp-json\/wp\/v2\/comments?post=1003"}],"version-history":[{"count":0,"href":"https:\/\/www.reseau-entreprendre.org\/bretagne\/wp-json\/wp\/v2\/posts\/1003\/revisions"}],"wp:featuredmedia":[{"embeddable":true,"href":"https:\/\/www.reseau-entreprendre.org\/bretagne\/wp-json\/wp\/v2\/media\/1010"}],"wp:attachment":[{"href":"https:\/\/www.reseau-entreprendre.org\/bretagne\/wp-json\/wp\/v2\/media?parent=1003"}],"wp:term":[{"taxonomy":"category","embeddable":true,"href":"https:\/\/www.reseau-entreprendre.org\/bretagne\/wp-json\/wp\/v2\/categories?post=1003"},{"taxonomy":"post_tag","embeddable":true,"href":"https:\/\/www.reseau-entreprendre.org\/bretagne\/wp-json\/wp\/v2\/tags?post=1003"}],"curies":[{"name":"wp","href":"https:\/\/api.w.org\/{rel}","templated":true}]}}