{"id":1199,"date":"2018-03-27T14:29:58","date_gmt":"2018-03-27T12:29:58","guid":{"rendered":"https:\/\/www.reseau-entreprendre.org\/bretagne\/?p=1199"},"modified":"2022-04-11T17:20:18","modified_gmt":"2022-04-11T15:20:18","slug":"finistere-club-des-laureats-en-salle-des-marches","status":"publish","type":"post","link":"https:\/\/www.reseau-entreprendre.org\/bretagne\/2018\/03\/27\/finistere-club-des-laureats-en-salle-des-marches\/","title":{"rendered":"Finist\u00e8re : Club des Laur\u00e9ats en salle des march\u00e9s"},"content":{"rendered":"<p style=\"text-align: justify\"><em>Le club des laur\u00e9ats Finist\u00e8re s\u2019est d\u00e9roul\u00e9 au si\u00e8ge de la Banque ARKEA jeudi. Les laur\u00e9ats ont \u00e9chang\u00e9 sur leurs entreprises avant l\u2019intervention de Morgane Rannou sur le th\u00e8me de l\u2019ing\u00e9nierie sociale. Dans un second temps, les adh\u00e9rents ayant r\u00e9pondu \u00e0 l\u2019invitation ont rejoint les laur\u00e9ats pour une visite de la salle des march\u00e9s, un bel outil (avec vue sur la rade de Brest) qui pilote les sites de Bordeaux, Lyon, Paris, Marseilles, Nantes et Rennes, ceci \u00e0 partir du Relecq-Kerhuon. Enfin, nous avons \u00e9t\u00e9 re\u00e7us au restaurant de l\u2019entreprise par Philippe Rouxel, DG du CMB, qui a fait part des enjeux de l\u2019entreprise et les perspectives d\u2019avenir. Le d\u00e9jeuner r\u00e9unissait les 26 participants de la matin\u00e9e qui ont pu gouter \u00e0 l\u2019hospitalit\u00e9 de la maison ! <\/em><\/p>\n<p><img loading=\"lazy\" decoding=\"async\" class=\"alignnone size-medium wp-image-1201\" src=\"https:\/\/www.reseau-entreprendre.org\/bretagne\/wp-content\/uploads\/sites\/3\/2018\/03\/laureats-300x225.jpg\" alt=\"\" width=\"300\" height=\"225\" srcset=\"https:\/\/www.reseau-entreprendre.org\/bretagne\/wp-content\/uploads\/sites\/3\/2018\/03\/laureats-300x225.jpg 300w, https:\/\/www.reseau-entreprendre.org\/bretagne\/wp-content\/uploads\/sites\/3\/2018\/03\/laureats-768x576.jpg 768w, https:\/\/www.reseau-entreprendre.org\/bretagne\/wp-content\/uploads\/sites\/3\/2018\/03\/laureats-1024x768.jpg 1024w\" sizes=\"auto, (max-width: 300px) 100vw, 300px\" \/><\/p>\n<p style=\"text-align: justify\"><em>Merci \u00e0 Emmanuel Eon d\u2019ARKEA, responsable du march\u00e9 des professionnels et entreprises \u00e0 l\u2019initiative de cette visite.<\/em><\/p>\n<p>Philippe Edelmayer<\/p>\n<p>D\u00e9l\u00e9gu\u00e9 Finist\u00e8re R\u00e9seau Entreprendre Bretagne<\/p>\n<p>&nbsp;<\/p>\n<p>Espace Entreprises\u00a0\u00a0\u00a0\u00a0\u00a0\u00a0\u00a0\u00a0\u00a0\u00a0\u00a0\u00a0\u00a0\u00a0\u00a0\u00a0\u00a0\u00a0\u00a0\u00a0\u00a0\u00a0\u00a0\u00a0\u00a0\u00a0\u00a0\u00a0\u00a0\u00a0 P\u00e9pini\u00e8re des innovations<\/p>\n<p>Brest Business School\u00a0\u00a0\u00a0\u00a0\u00a0\u00a0\u00a0\u00a0\u00a0\u00a0\u00a0\u00a0\u00a0\u00a0\u00a0\u00a0\u00a0\u00a0\u00a0\u00a0\u00a0\u00a0\u00a0\u00a0 13 route de l\u2019innovation<\/p>\n<p>2 avenue de Provence\u00a0\u00a0\u00a0\u00a0\u00a0\u00a0\u00a0\u00a0\u00a0\u00a0\u00a0\u00a0\u00a0\u00a0\u00a0\u00a0\u00a0\u00a0\u00a0\u00a0\u00a0\u00a0\u00a0 29000 Quimper<\/p>\n<p>29200 Brest<\/p>\n<p>&nbsp;<\/p>\n<p><a href=\"mailto:pedelmayer@reseau-entreprendre.org\">pedelmayer@reseau-entreprendre.org<\/a><\/p>\n","protected":false},"excerpt":{"rendered":"<p>Le club des laur\u00e9ats Finist\u00e8re s\u2019est d\u00e9roul\u00e9 au si\u00e8ge de<\/p>\n","protected":false},"author":87,"featured_media":1200,"comment_status":"closed","ping_status":"open","sticky":false,"template":"","format":"standard","meta":{"_acf_changed":false,"_monsterinsights_skip_tracking":false,"_monsterinsights_sitenote_active":false,"_monsterinsights_sitenote_note":"","_monsterinsights_sitenote_category":0,"footnotes":""},"categories":[4],"tags":[],"class_list":["post-1199","post","type-post","status-publish","format-standard","has-post-thumbnail","hentry","category-actualites","news"],"acf":[],"yoast_head":"<!-- This site is optimized with the Yoast SEO plugin v27.4 - https:\/\/yoast.com\/product\/yoast-seo-wordpress\/ -->\n<title>Finist\u00e8re : Club des Laur\u00e9ats en salle des march\u00e9s - R\u00e9seau Entreprendre Bretagne<\/title>\n<meta name=\"robots\" content=\"index, follow, max-snippet:-1, max-image-preview:large, max-video-preview:-1\" \/>\n<link rel=\"canonical\" href=\"https:\/\/www.reseau-entreprendre.org\/bretagne\/2018\/03\/27\/finistere-club-des-laureats-en-salle-des-marches\/\" \/>\n<meta property=\"og:locale\" content=\"fr_FR\" \/>\n<meta property=\"og:type\" content=\"article\" \/>\n<meta property=\"og:title\" content=\"Finist\u00e8re : Club des Laur\u00e9ats en salle des march\u00e9s - R\u00e9seau Entreprendre Bretagne\" \/>\n<meta property=\"og:description\" content=\"Le club des laur\u00e9ats Finist\u00e8re s\u2019est d\u00e9roul\u00e9 au si\u00e8ge de\" \/>\n<meta property=\"og:url\" content=\"https:\/\/www.reseau-entreprendre.org\/bretagne\/2018\/03\/27\/finistere-club-des-laureats-en-salle-des-marches\/\" \/>\n<meta property=\"og:site_name\" content=\"R\u00e9seau Entreprendre Bretagne\" \/>\n<meta property=\"article:publisher\" content=\"https:\/\/www.facebook.com\/reseauentreprendrebretagne\/\" \/>\n<meta property=\"article:published_time\" content=\"2018-03-27T12:29:58+00:00\" \/>\n<meta property=\"article:modified_time\" content=\"2022-04-11T15:20:18+00:00\" \/>\n<meta property=\"og:image\" content=\"https:\/\/www.reseau-entreprendre.org\/bretagne\/wp-content\/uploads\/sites\/3\/2018\/03\/groupe-visite.jpg\" \/>\n\t<meta property=\"og:image:width\" content=\"2980\" \/>\n\t<meta property=\"og:image:height\" content=\"1629\" \/>\n\t<meta property=\"og:image:type\" content=\"image\/jpeg\" \/>\n<meta name=\"twitter:card\" content=\"summary_large_image\" \/>\n<meta name=\"twitter:creator\" content=\"@RE_Bretagne\" \/>\n<meta name=\"twitter:site\" content=\"@RE_Bretagne\" \/>\n<meta name=\"twitter:label1\" content=\"\u00c9crit par\" \/>\n\t<meta name=\"twitter:data1\" content=\"\" \/>\n\t<meta name=\"twitter:label2\" content=\"Dur\u00e9e de lecture estim\u00e9e\" \/>\n\t<meta name=\"twitter:data2\" content=\"1 minute\" \/>\n<script type=\"application\/ld+json\" class=\"yoast-schema-graph\">{\"@context\":\"https:\\\/\\\/schema.org\",\"@graph\":[{\"@type\":\"Article\",\"@id\":\"https:\\\/\\\/www.reseau-entreprendre.org\\\/bretagne\\\/2018\\\/03\\\/27\\\/finistere-club-des-laureats-en-salle-des-marches\\\/#article\",\"isPartOf\":{\"@id\":\"https:\\\/\\\/www.reseau-entreprendre.org\\\/bretagne\\\/2018\\\/03\\\/27\\\/finistere-club-des-laureats-en-salle-des-marches\\\/\"},\"author\":{\"name\":\"\",\"@id\":\"\"},\"headline\":\"Finist\u00e8re : Club des Laur\u00e9ats en salle des march\u00e9s\",\"datePublished\":\"2018-03-27T12:29:58+00:00\",\"dateModified\":\"2022-04-11T15:20:18+00:00\",\"mainEntityOfPage\":{\"@id\":\"https:\\\/\\\/www.reseau-entreprendre.org\\\/bretagne\\\/2018\\\/03\\\/27\\\/finistere-club-des-laureats-en-salle-des-marches\\\/\"},\"wordCount\":208,\"image\":{\"@id\":\"https:\\\/\\\/www.reseau-entreprendre.org\\\/bretagne\\\/2018\\\/03\\\/27\\\/finistere-club-des-laureats-en-salle-des-marches\\\/#primaryimage\"},\"thumbnailUrl\":\"https:\\\/\\\/www.reseau-entreprendre.org\\\/bretagne\\\/wp-content\\\/uploads\\\/sites\\\/3\\\/2018\\\/03\\\/groupe-visite.jpg\",\"articleSection\":[\"Actualit\u00e9s\"],\"inLanguage\":\"fr-FR\"},{\"@type\":\"WebPage\",\"@id\":\"https:\\\/\\\/www.reseau-entreprendre.org\\\/bretagne\\\/2018\\\/03\\\/27\\\/finistere-club-des-laureats-en-salle-des-marches\\\/\",\"url\":\"https:\\\/\\\/www.reseau-entreprendre.org\\\/bretagne\\\/2018\\\/03\\\/27\\\/finistere-club-des-laureats-en-salle-des-marches\\\/\",\"name\":\"Finist\u00e8re : Club des Laur\u00e9ats en salle des march\u00e9s - R\u00e9seau Entreprendre Bretagne\",\"isPartOf\":{\"@id\":\"https:\\\/\\\/www.reseau-entreprendre.org\\\/bretagne\\\/#website\"},\"primaryImageOfPage\":{\"@id\":\"https:\\\/\\\/www.reseau-entreprendre.org\\\/bretagne\\\/2018\\\/03\\\/27\\\/finistere-club-des-laureats-en-salle-des-marches\\\/#primaryimage\"},\"image\":{\"@id\":\"https:\\\/\\\/www.reseau-entreprendre.org\\\/bretagne\\\/2018\\\/03\\\/27\\\/finistere-club-des-laureats-en-salle-des-marches\\\/#primaryimage\"},\"thumbnailUrl\":\"https:\\\/\\\/www.reseau-entreprendre.org\\\/bretagne\\\/wp-content\\\/uploads\\\/sites\\\/3\\\/2018\\\/03\\\/groupe-visite.jpg\",\"datePublished\":\"2018-03-27T12:29:58+00:00\",\"dateModified\":\"2022-04-11T15:20:18+00:00\",\"author\":{\"@id\":\"\"},\"breadcrumb\":{\"@id\":\"https:\\\/\\\/www.reseau-entreprendre.org\\\/bretagne\\\/2018\\\/03\\\/27\\\/finistere-club-des-laureats-en-salle-des-marches\\\/#breadcrumb\"},\"inLanguage\":\"fr-FR\",\"potentialAction\":[{\"@type\":\"ReadAction\",\"target\":[\"https:\\\/\\\/www.reseau-entreprendre.org\\\/bretagne\\\/2018\\\/03\\\/27\\\/finistere-club-des-laureats-en-salle-des-marches\\\/\"]}]},{\"@type\":\"ImageObject\",\"inLanguage\":\"fr-FR\",\"@id\":\"https:\\\/\\\/www.reseau-entreprendre.org\\\/bretagne\\\/2018\\\/03\\\/27\\\/finistere-club-des-laureats-en-salle-des-marches\\\/#primaryimage\",\"url\":\"https:\\\/\\\/www.reseau-entreprendre.org\\\/bretagne\\\/wp-content\\\/uploads\\\/sites\\\/3\\\/2018\\\/03\\\/groupe-visite.jpg\",\"contentUrl\":\"https:\\\/\\\/www.reseau-entreprendre.org\\\/bretagne\\\/wp-content\\\/uploads\\\/sites\\\/3\\\/2018\\\/03\\\/groupe-visite.jpg\",\"width\":2980,\"height\":1629},{\"@type\":\"BreadcrumbList\",\"@id\":\"https:\\\/\\\/www.reseau-entreprendre.org\\\/bretagne\\\/2018\\\/03\\\/27\\\/finistere-club-des-laureats-en-salle-des-marches\\\/#breadcrumb\",\"itemListElement\":[{\"@type\":\"ListItem\",\"position\":1,\"name\":\"Accueil\",\"item\":\"https:\\\/\\\/www.reseau-entreprendre.org\\\/bretagne\\\/\"},{\"@type\":\"ListItem\",\"position\":2,\"name\":\"Finist\u00e8re : Club des Laur\u00e9ats en salle des march\u00e9s\"}]},{\"@type\":\"WebSite\",\"@id\":\"https:\\\/\\\/www.reseau-entreprendre.org\\\/bretagne\\\/#website\",\"url\":\"https:\\\/\\\/www.reseau-entreprendre.org\\\/bretagne\\\/\",\"name\":\"R\u00e9seau Entreprendre Bretagne\",\"description\":\"Pour cr\u00e9er des emplois, cr\u00e9ons des employeurs\",\"potentialAction\":[{\"@type\":\"SearchAction\",\"target\":{\"@type\":\"EntryPoint\",\"urlTemplate\":\"https:\\\/\\\/www.reseau-entreprendre.org\\\/bretagne\\\/?s={search_term_string}\"},\"query-input\":{\"@type\":\"PropertyValueSpecification\",\"valueRequired\":true,\"valueName\":\"search_term_string\"}}],\"inLanguage\":\"fr-FR\"},{\"@type\":\"Person\",\"@id\":\"\",\"url\":\"https:\\\/\\\/www.reseau-entreprendre.org\\\/bretagne\\\/author\\\/\"}]}<\/script>\n<!-- \/ Yoast SEO plugin. -->","yoast_head_json":{"title":"Finist\u00e8re : Club des Laur\u00e9ats en salle des march\u00e9s - R\u00e9seau Entreprendre Bretagne","robots":{"index":"index","follow":"follow","max-snippet":"max-snippet:-1","max-image-preview":"max-image-preview:large","max-video-preview":"max-video-preview:-1"},"canonical":"https:\/\/www.reseau-entreprendre.org\/bretagne\/2018\/03\/27\/finistere-club-des-laureats-en-salle-des-marches\/","og_locale":"fr_FR","og_type":"article","og_title":"Finist\u00e8re : Club des Laur\u00e9ats en salle des march\u00e9s - R\u00e9seau Entreprendre Bretagne","og_description":"Le club des laur\u00e9ats Finist\u00e8re s\u2019est d\u00e9roul\u00e9 au si\u00e8ge de","og_url":"https:\/\/www.reseau-entreprendre.org\/bretagne\/2018\/03\/27\/finistere-club-des-laureats-en-salle-des-marches\/","og_site_name":"R\u00e9seau Entreprendre Bretagne","article_publisher":"https:\/\/www.facebook.com\/reseauentreprendrebretagne\/","article_published_time":"2018-03-27T12:29:58+00:00","article_modified_time":"2022-04-11T15:20:18+00:00","og_image":[{"width":2980,"height":1629,"url":"https:\/\/www.reseau-entreprendre.org\/bretagne\/wp-content\/uploads\/sites\/3\/2018\/03\/groupe-visite.jpg","type":"image\/jpeg"}],"twitter_card":"summary_large_image","twitter_creator":"@RE_Bretagne","twitter_site":"@RE_Bretagne","twitter_misc":{"\u00c9crit par":"","Dur\u00e9e de lecture estim\u00e9e":"1 minute"},"schema":{"@context":"https:\/\/schema.org","@graph":[{"@type":"Article","@id":"https:\/\/www.reseau-entreprendre.org\/bretagne\/2018\/03\/27\/finistere-club-des-laureats-en-salle-des-marches\/#article","isPartOf":{"@id":"https:\/\/www.reseau-entreprendre.org\/bretagne\/2018\/03\/27\/finistere-club-des-laureats-en-salle-des-marches\/"},"author":{"name":"","@id":""},"headline":"Finist\u00e8re : Club des Laur\u00e9ats en salle des march\u00e9s","datePublished":"2018-03-27T12:29:58+00:00","dateModified":"2022-04-11T15:20:18+00:00","mainEntityOfPage":{"@id":"https:\/\/www.reseau-entreprendre.org\/bretagne\/2018\/03\/27\/finistere-club-des-laureats-en-salle-des-marches\/"},"wordCount":208,"image":{"@id":"https:\/\/www.reseau-entreprendre.org\/bretagne\/2018\/03\/27\/finistere-club-des-laureats-en-salle-des-marches\/#primaryimage"},"thumbnailUrl":"https:\/\/www.reseau-entreprendre.org\/bretagne\/wp-content\/uploads\/sites\/3\/2018\/03\/groupe-visite.jpg","articleSection":["Actualit\u00e9s"],"inLanguage":"fr-FR"},{"@type":"WebPage","@id":"https:\/\/www.reseau-entreprendre.org\/bretagne\/2018\/03\/27\/finistere-club-des-laureats-en-salle-des-marches\/","url":"https:\/\/www.reseau-entreprendre.org\/bretagne\/2018\/03\/27\/finistere-club-des-laureats-en-salle-des-marches\/","name":"Finist\u00e8re : Club des Laur\u00e9ats en salle des march\u00e9s - R\u00e9seau Entreprendre Bretagne","isPartOf":{"@id":"https:\/\/www.reseau-entreprendre.org\/bretagne\/#website"},"primaryImageOfPage":{"@id":"https:\/\/www.reseau-entreprendre.org\/bretagne\/2018\/03\/27\/finistere-club-des-laureats-en-salle-des-marches\/#primaryimage"},"image":{"@id":"https:\/\/www.reseau-entreprendre.org\/bretagne\/2018\/03\/27\/finistere-club-des-laureats-en-salle-des-marches\/#primaryimage"},"thumbnailUrl":"https:\/\/www.reseau-entreprendre.org\/bretagne\/wp-content\/uploads\/sites\/3\/2018\/03\/groupe-visite.jpg","datePublished":"2018-03-27T12:29:58+00:00","dateModified":"2022-04-11T15:20:18+00:00","author":{"@id":""},"breadcrumb":{"@id":"https:\/\/www.reseau-entreprendre.org\/bretagne\/2018\/03\/27\/finistere-club-des-laureats-en-salle-des-marches\/#breadcrumb"},"inLanguage":"fr-FR","potentialAction":[{"@type":"ReadAction","target":["https:\/\/www.reseau-entreprendre.org\/bretagne\/2018\/03\/27\/finistere-club-des-laureats-en-salle-des-marches\/"]}]},{"@type":"ImageObject","inLanguage":"fr-FR","@id":"https:\/\/www.reseau-entreprendre.org\/bretagne\/2018\/03\/27\/finistere-club-des-laureats-en-salle-des-marches\/#primaryimage","url":"https:\/\/www.reseau-entreprendre.org\/bretagne\/wp-content\/uploads\/sites\/3\/2018\/03\/groupe-visite.jpg","contentUrl":"https:\/\/www.reseau-entreprendre.org\/bretagne\/wp-content\/uploads\/sites\/3\/2018\/03\/groupe-visite.jpg","width":2980,"height":1629},{"@type":"BreadcrumbList","@id":"https:\/\/www.reseau-entreprendre.org\/bretagne\/2018\/03\/27\/finistere-club-des-laureats-en-salle-des-marches\/#breadcrumb","itemListElement":[{"@type":"ListItem","position":1,"name":"Accueil","item":"https:\/\/www.reseau-entreprendre.org\/bretagne\/"},{"@type":"ListItem","position":2,"name":"Finist\u00e8re : Club des Laur\u00e9ats en salle des march\u00e9s"}]},{"@type":"WebSite","@id":"https:\/\/www.reseau-entreprendre.org\/bretagne\/#website","url":"https:\/\/www.reseau-entreprendre.org\/bretagne\/","name":"R\u00e9seau Entreprendre Bretagne","description":"Pour cr\u00e9er des emplois, cr\u00e9ons des employeurs","potentialAction":[{"@type":"SearchAction","target":{"@type":"EntryPoint","urlTemplate":"https:\/\/www.reseau-entreprendre.org\/bretagne\/?s={search_term_string}"},"query-input":{"@type":"PropertyValueSpecification","valueRequired":true,"valueName":"search_term_string"}}],"inLanguage":"fr-FR"},{"@type":"Person","@id":"","url":"https:\/\/www.reseau-entreprendre.org\/bretagne\/author\/"}]}},"_links":{"self":[{"href":"https:\/\/www.reseau-entreprendre.org\/bretagne\/wp-json\/wp\/v2\/posts\/1199","targetHints":{"allow":["GET"]}}],"collection":[{"href":"https:\/\/www.reseau-entreprendre.org\/bretagne\/wp-json\/wp\/v2\/posts"}],"about":[{"href":"https:\/\/www.reseau-entreprendre.org\/bretagne\/wp-json\/wp\/v2\/types\/post"}],"author":[{"embeddable":true,"href":"https:\/\/www.reseau-entreprendre.org\/bretagne\/wp-json\/wp\/v2\/users\/87"}],"replies":[{"embeddable":true,"href":"https:\/\/www.reseau-entreprendre.org\/bretagne\/wp-json\/wp\/v2\/comments?post=1199"}],"version-history":[{"count":0,"href":"https:\/\/www.reseau-entreprendre.org\/bretagne\/wp-json\/wp\/v2\/posts\/1199\/revisions"}],"wp:featuredmedia":[{"embeddable":true,"href":"https:\/\/www.reseau-entreprendre.org\/bretagne\/wp-json\/wp\/v2\/media\/1200"}],"wp:attachment":[{"href":"https:\/\/www.reseau-entreprendre.org\/bretagne\/wp-json\/wp\/v2\/media?parent=1199"}],"wp:term":[{"taxonomy":"category","embeddable":true,"href":"https:\/\/www.reseau-entreprendre.org\/bretagne\/wp-json\/wp\/v2\/categories?post=1199"},{"taxonomy":"post_tag","embeddable":true,"href":"https:\/\/www.reseau-entreprendre.org\/bretagne\/wp-json\/wp\/v2\/tags?post=1199"}],"curies":[{"name":"wp","href":"https:\/\/api.w.org\/{rel}","templated":true}]}}