{"id":1340,"date":"2018-06-01T14:32:42","date_gmt":"2018-06-01T12:32:42","guid":{"rendered":"https:\/\/www.reseau-entreprendre.org\/bretagne\/?p=1340"},"modified":"2022-04-11T17:20:17","modified_gmt":"2022-04-11T15:20:17","slug":"voici-les-nouveaux-laureats-accompagnes-par-notre-reseau-dans-la-gratuite","status":"publish","type":"post","link":"https:\/\/www.reseau-entreprendre.org\/bretagne\/2018\/06\/01\/voici-les-nouveaux-laureats-accompagnes-par-notre-reseau-dans-la-gratuite\/","title":{"rendered":"Voici les nouveaux Laur\u00e9ats accompagn\u00e9s par notre r\u00e9seau dans la gratuit\u00e9"},"content":{"rendered":"<div id='gallery-1' class='gallery galleryid-1340 gallery-columns-3 gallery-size-thumbnail'><figure class='gallery-item'>\n\t\t\t<div class='gallery-icon landscape'>\n\t\t\t\t<a href='https:\/\/www.reseau-entreprendre.org\/bretagne\/2018\/06\/01\/voici-les-nouveaux-laureats-accompagnes-par-notre-reseau-dans-la-gratuite\/alain-durand-content-armor\/'><img loading=\"lazy\" decoding=\"async\" width=\"150\" height=\"150\" src=\"https:\/\/www.reseau-entreprendre.org\/bretagne\/wp-content\/uploads\/sites\/3\/2018\/06\/Alain-Durand-CONTENT-ARMOR-150x150.jpg\" class=\"attachment-thumbnail size-thumbnail\" alt=\"\" aria-describedby=\"gallery-1-1341\" srcset=\"https:\/\/www.reseau-entreprendre.org\/bretagne\/wp-content\/uploads\/sites\/3\/2018\/06\/Alain-Durand-CONTENT-ARMOR-150x150.jpg 150w, https:\/\/www.reseau-entreprendre.org\/bretagne\/wp-content\/uploads\/sites\/3\/2018\/06\/Alain-Durand-CONTENT-ARMOR-300x300.jpg 300w\" sizes=\"auto, (max-width: 150px) 100vw, 150px\" \/><\/a>\n\t\t\t<\/div>\n\t\t\t\t<figcaption class='wp-caption-text gallery-caption' id='gallery-1-1341'>\n\t\t\t\tAlain DURAND, CONTENT ARMOR\n\t\t\t\t<\/figcaption><\/figure><figure class='gallery-item'>\n\t\t\t<div class='gallery-icon landscape'>\n\t\t\t\t<a href='https:\/\/www.reseau-entreprendre.org\/bretagne\/2018\/06\/01\/voici-les-nouveaux-laureats-accompagnes-par-notre-reseau-dans-la-gratuite\/anaelle-et-romain-quellec-cuistot-du-coin\/'><img loading=\"lazy\" decoding=\"async\" width=\"150\" height=\"150\" src=\"https:\/\/www.reseau-entreprendre.org\/bretagne\/wp-content\/uploads\/sites\/3\/2018\/06\/Anaelle-et-Romain-Quellec-CUISTOT-DU-COIN-150x150.jpg\" class=\"attachment-thumbnail size-thumbnail\" alt=\"\" aria-describedby=\"gallery-1-1342\" srcset=\"https:\/\/www.reseau-entreprendre.org\/bretagne\/wp-content\/uploads\/sites\/3\/2018\/06\/Anaelle-et-Romain-Quellec-CUISTOT-DU-COIN-150x150.jpg 150w, https:\/\/www.reseau-entreprendre.org\/bretagne\/wp-content\/uploads\/sites\/3\/2018\/06\/Anaelle-et-Romain-Quellec-CUISTOT-DU-COIN-300x300.jpg 300w\" sizes=\"auto, (max-width: 150px) 100vw, 150px\" \/><\/a>\n\t\t\t<\/div>\n\t\t\t\t<figcaption class='wp-caption-text gallery-caption' id='gallery-1-1342'>\n\t\t\t\tAna\u00eblle et Romain QUELLEC, CUISTOT DU COIN\n\t\t\t\t<\/figcaption><\/figure><figure class='gallery-item'>\n\t\t\t<div class='gallery-icon landscape'>\n\t\t\t\t<a href='https:\/\/www.reseau-entreprendre.org\/bretagne\/2018\/06\/01\/voici-les-nouveaux-laureats-accompagnes-par-notre-reseau-dans-la-gratuite\/bastien-marc-la-tour-azur\/'><img loading=\"lazy\" decoding=\"async\" width=\"150\" height=\"150\" src=\"https:\/\/www.reseau-entreprendre.org\/bretagne\/wp-content\/uploads\/sites\/3\/2018\/06\/Bastien-Marc-LA-TOUR-AZUR-150x150.jpg\" class=\"attachment-thumbnail size-thumbnail\" alt=\"\" aria-describedby=\"gallery-1-1343\" srcset=\"https:\/\/www.reseau-entreprendre.org\/bretagne\/wp-content\/uploads\/sites\/3\/2018\/06\/Bastien-Marc-LA-TOUR-AZUR-150x150.jpg 150w, https:\/\/www.reseau-entreprendre.org\/bretagne\/wp-content\/uploads\/sites\/3\/2018\/06\/Bastien-Marc-LA-TOUR-AZUR-300x300.jpg 300w\" sizes=\"auto, (max-width: 150px) 100vw, 150px\" \/><\/a>\n\t\t\t<\/div>\n\t\t\t\t<figcaption class='wp-caption-text gallery-caption' id='gallery-1-1343'>\n\t\t\t\tBastien MARC, La TOUR AZUR \n\t\t\t\t<\/figcaption><\/figure><figure class='gallery-item'>\n\t\t\t<div class='gallery-icon portrait'>\n\t\t\t\t<a href='https:\/\/www.reseau-entreprendre.org\/bretagne\/2018\/06\/01\/voici-les-nouveaux-laureats-accompagnes-par-notre-reseau-dans-la-gratuite\/christophe-bruel-sdtn\/'><img loading=\"lazy\" decoding=\"async\" width=\"150\" height=\"150\" src=\"https:\/\/www.reseau-entreprendre.org\/bretagne\/wp-content\/uploads\/sites\/3\/2018\/06\/Christophe-Bruel-SDTN-150x150.png\" class=\"attachment-thumbnail size-thumbnail\" alt=\"\" aria-describedby=\"gallery-1-1344\" srcset=\"https:\/\/www.reseau-entreprendre.org\/bretagne\/wp-content\/uploads\/sites\/3\/2018\/06\/Christophe-Bruel-SDTN-150x150.png 150w, https:\/\/www.reseau-entreprendre.org\/bretagne\/wp-content\/uploads\/sites\/3\/2018\/06\/Christophe-Bruel-SDTN-300x300.png 300w\" sizes=\"auto, (max-width: 150px) 100vw, 150px\" \/><\/a>\n\t\t\t<\/div>\n\t\t\t\t<figcaption class='wp-caption-text gallery-caption' id='gallery-1-1344'>\n\t\t\t\tChristophe BRUEL, SDTN \n\t\t\t\t<\/figcaption><\/figure><figure class='gallery-item'>\n\t\t\t<div class='gallery-icon portrait'>\n\t\t\t\t<a href='https:\/\/www.reseau-entreprendre.org\/bretagne\/2018\/06\/01\/voici-les-nouveaux-laureats-accompagnes-par-notre-reseau-dans-la-gratuite\/franck-gallos-data2b\/'><img loading=\"lazy\" decoding=\"async\" width=\"150\" height=\"150\" src=\"https:\/\/www.reseau-entreprendre.org\/bretagne\/wp-content\/uploads\/sites\/3\/2018\/06\/Franck-Gallos-DATA2B-150x150.jpg\" class=\"attachment-thumbnail size-thumbnail\" alt=\"\" aria-describedby=\"gallery-1-1345\" srcset=\"https:\/\/www.reseau-entreprendre.org\/bretagne\/wp-content\/uploads\/sites\/3\/2018\/06\/Franck-Gallos-DATA2B-150x150.jpg 150w, https:\/\/www.reseau-entreprendre.org\/bretagne\/wp-content\/uploads\/sites\/3\/2018\/06\/Franck-Gallos-DATA2B-300x300.jpg 300w\" sizes=\"auto, (max-width: 150px) 100vw, 150px\" \/><\/a>\n\t\t\t<\/div>\n\t\t\t\t<figcaption class='wp-caption-text gallery-caption' id='gallery-1-1345'>\n\t\t\t\tFranck GALLO, DATA2B\n\t\t\t\t<\/figcaption><\/figure><figure class='gallery-item'>\n\t\t\t<div class='gallery-icon landscape'>\n\t\t\t\t<a href='https:\/\/www.reseau-entreprendre.org\/bretagne\/2018\/06\/01\/voici-les-nouveaux-laureats-accompagnes-par-notre-reseau-dans-la-gratuite\/mathieu-vitry-data2b\/'><img loading=\"lazy\" decoding=\"async\" width=\"150\" height=\"150\" src=\"https:\/\/www.reseau-entreprendre.org\/bretagne\/wp-content\/uploads\/sites\/3\/2018\/06\/Mathieu-Vitry-DATA2B-150x150.jpg\" class=\"attachment-thumbnail size-thumbnail\" alt=\"\" aria-describedby=\"gallery-1-1351\" srcset=\"https:\/\/www.reseau-entreprendre.org\/bretagne\/wp-content\/uploads\/sites\/3\/2018\/06\/Mathieu-Vitry-DATA2B-150x150.jpg 150w, https:\/\/www.reseau-entreprendre.org\/bretagne\/wp-content\/uploads\/sites\/3\/2018\/06\/Mathieu-Vitry-DATA2B-300x300.jpg 300w, https:\/\/www.reseau-entreprendre.org\/bretagne\/wp-content\/uploads\/sites\/3\/2018\/06\/Mathieu-Vitry-DATA2B-768x768.jpg 768w, https:\/\/www.reseau-entreprendre.org\/bretagne\/wp-content\/uploads\/sites\/3\/2018\/06\/Mathieu-Vitry-DATA2B-1024x1024.jpg 1024w, https:\/\/www.reseau-entreprendre.org\/bretagne\/wp-content\/uploads\/sites\/3\/2018\/06\/Mathieu-Vitry-DATA2B.jpg 1331w\" sizes=\"auto, (max-width: 150px) 100vw, 150px\" \/><\/a>\n\t\t\t<\/div>\n\t\t\t\t<figcaption class='wp-caption-text gallery-caption' id='gallery-1-1351'>\n\t\t\t\tMathieu VITRY, DATA2B\n\t\t\t\t<\/figcaption><\/figure><figure class='gallery-item'>\n\t\t\t<div class='gallery-icon landscape'>\n\t\t\t\t<a href='https:\/\/www.reseau-entreprendre.org\/bretagne\/2018\/06\/01\/voici-les-nouveaux-laureats-accompagnes-par-notre-reseau-dans-la-gratuite\/francoise-bazin-ty-kaz\/'><img loading=\"lazy\" decoding=\"async\" width=\"150\" height=\"150\" src=\"https:\/\/www.reseau-entreprendre.org\/bretagne\/wp-content\/uploads\/sites\/3\/2018\/06\/Francoise-Bazin-TY-KAZ-150x150.jpg\" class=\"attachment-thumbnail size-thumbnail\" alt=\"\" aria-describedby=\"gallery-1-1346\" \/><\/a>\n\t\t\t<\/div>\n\t\t\t\t<figcaption class='wp-caption-text gallery-caption' id='gallery-1-1346'>\n\t\t\t\tFran\u00e7oise BAZIN, TY KAZ\n\t\t\t\t<\/figcaption><\/figure><figure class='gallery-item'>\n\t\t\t<div class='gallery-icon landscape'>\n\t\t\t\t<a href='https:\/\/www.reseau-entreprendre.org\/bretagne\/2018\/06\/01\/voici-les-nouveaux-laureats-accompagnes-par-notre-reseau-dans-la-gratuite\/jean-malo-descottes-dk-energie\/'><img loading=\"lazy\" decoding=\"async\" width=\"150\" height=\"150\" src=\"https:\/\/www.reseau-entreprendre.org\/bretagne\/wp-content\/uploads\/sites\/3\/2018\/06\/Jean-Malo-Descottes-DK-ENERGIE-150x150.jpg\" class=\"attachment-thumbnail size-thumbnail\" alt=\"\" aria-describedby=\"gallery-1-1347\" srcset=\"https:\/\/www.reseau-entreprendre.org\/bretagne\/wp-content\/uploads\/sites\/3\/2018\/06\/Jean-Malo-Descottes-DK-ENERGIE-150x150.jpg 150w, https:\/\/www.reseau-entreprendre.org\/bretagne\/wp-content\/uploads\/sites\/3\/2018\/06\/Jean-Malo-Descottes-DK-ENERGIE-300x300.jpg 300w\" sizes=\"auto, (max-width: 150px) 100vw, 150px\" \/><\/a>\n\t\t\t<\/div>\n\t\t\t\t<figcaption class='wp-caption-text gallery-caption' id='gallery-1-1347'>\n\t\t\t\tJean-Malo DESCOTTES, DK ENERGIE\n\t\t\t\t<\/figcaption><\/figure><figure class='gallery-item'>\n\t\t\t<div class='gallery-icon landscape'>\n\t\t\t\t<a href='https:\/\/www.reseau-entreprendre.org\/bretagne\/2018\/06\/01\/voici-les-nouveaux-laureats-accompagnes-par-notre-reseau-dans-la-gratuite\/joel-mary-minier-central-froid\/'><img loading=\"lazy\" decoding=\"async\" width=\"150\" height=\"150\" src=\"https:\/\/www.reseau-entreprendre.org\/bretagne\/wp-content\/uploads\/sites\/3\/2018\/06\/Joel-Mary-MINIER-CENTRAL-FROID-150x150.jpeg\" class=\"attachment-thumbnail size-thumbnail\" alt=\"\" aria-describedby=\"gallery-1-1348\" srcset=\"https:\/\/www.reseau-entreprendre.org\/bretagne\/wp-content\/uploads\/sites\/3\/2018\/06\/Joel-Mary-MINIER-CENTRAL-FROID-150x150.jpeg 150w, https:\/\/www.reseau-entreprendre.org\/bretagne\/wp-content\/uploads\/sites\/3\/2018\/06\/Joel-Mary-MINIER-CENTRAL-FROID-300x300.jpeg 300w\" sizes=\"auto, (max-width: 150px) 100vw, 150px\" \/><\/a>\n\t\t\t<\/div>\n\t\t\t\t<figcaption class='wp-caption-text gallery-caption' id='gallery-1-1348'>\n\t\t\t\tJo\u00ebl MARY, CENTRAL FROID\n\t\t\t\t<\/figcaption><\/figure><figure class='gallery-item'>\n\t\t\t<div class='gallery-icon landscape'>\n\t\t\t\t<a href='https:\/\/www.reseau-entreprendre.org\/bretagne\/2018\/06\/01\/voici-les-nouveaux-laureats-accompagnes-par-notre-reseau-dans-la-gratuite\/laurence-fremaux-bulles-de-reves\/'><img loading=\"lazy\" decoding=\"async\" width=\"150\" height=\"150\" src=\"https:\/\/www.reseau-entreprendre.org\/bretagne\/wp-content\/uploads\/sites\/3\/2018\/06\/Laurence-Fremaux-BULLES-DE-REVES-150x150.jpg\" class=\"attachment-thumbnail size-thumbnail\" alt=\"\" aria-describedby=\"gallery-1-1349\" srcset=\"https:\/\/www.reseau-entreprendre.org\/bretagne\/wp-content\/uploads\/sites\/3\/2018\/06\/Laurence-Fremaux-BULLES-DE-REVES-150x150.jpg 150w, https:\/\/www.reseau-entreprendre.org\/bretagne\/wp-content\/uploads\/sites\/3\/2018\/06\/Laurence-Fremaux-BULLES-DE-REVES-300x300.jpg 300w\" sizes=\"auto, (max-width: 150px) 100vw, 150px\" \/><\/a>\n\t\t\t<\/div>\n\t\t\t\t<figcaption class='wp-caption-text gallery-caption' id='gallery-1-1349'>\n\t\t\t\tLaurence FREMAUX, BULLES DE R\u00caVES\n\t\t\t\t<\/figcaption><\/figure><figure class='gallery-item'>\n\t\t\t<div class='gallery-icon portrait'>\n\t\t\t\t<a href='https:\/\/www.reseau-entreprendre.org\/bretagne\/2018\/06\/01\/voici-les-nouveaux-laureats-accompagnes-par-notre-reseau-dans-la-gratuite\/marina-bouchet-et-cecile-huchet-rosalie-life\/'><img loading=\"lazy\" decoding=\"async\" width=\"150\" height=\"150\" src=\"https:\/\/www.reseau-entreprendre.org\/bretagne\/wp-content\/uploads\/sites\/3\/2018\/06\/Marina-Bouchet-et-C\u00e9cile-Huchet-ROSALIE-LIFE-150x150.png\" class=\"attachment-thumbnail size-thumbnail\" alt=\"\" aria-describedby=\"gallery-1-1350\" srcset=\"https:\/\/www.reseau-entreprendre.org\/bretagne\/wp-content\/uploads\/sites\/3\/2018\/06\/Marina-Bouchet-et-C\u00e9cile-Huchet-ROSALIE-LIFE-150x150.png 150w, https:\/\/www.reseau-entreprendre.org\/bretagne\/wp-content\/uploads\/sites\/3\/2018\/06\/Marina-Bouchet-et-C\u00e9cile-Huchet-ROSALIE-LIFE-300x300.png 300w\" sizes=\"auto, (max-width: 150px) 100vw, 150px\" \/><\/a>\n\t\t\t<\/div>\n\t\t\t\t<figcaption class='wp-caption-text gallery-caption' id='gallery-1-1350'>\n\t\t\t\tMarina BOUCHET et C\u00e9cile HUCHET, ROSALIE LIFE\n\t\t\t\t<\/figcaption><\/figure><figure class='gallery-item'>\n\t\t\t<div class='gallery-icon landscape'>\n\t\t\t\t<a href='https:\/\/www.reseau-entreprendre.org\/bretagne\/2018\/06\/01\/voici-les-nouveaux-laureats-accompagnes-par-notre-reseau-dans-la-gratuite\/maud-raclet-et-olivier-le-rouzic-class-croute\/'><img loading=\"lazy\" decoding=\"async\" width=\"150\" height=\"150\" src=\"https:\/\/www.reseau-entreprendre.org\/bretagne\/wp-content\/uploads\/sites\/3\/2018\/06\/Maud-Raclet-et-Olivier-Le-Rouzic-CLASS-CROUTE-150x150.jpg\" class=\"attachment-thumbnail size-thumbnail\" alt=\"\" aria-describedby=\"gallery-1-1352\" srcset=\"https:\/\/www.reseau-entreprendre.org\/bretagne\/wp-content\/uploads\/sites\/3\/2018\/06\/Maud-Raclet-et-Olivier-Le-Rouzic-CLASS-CROUTE-150x150.jpg 150w, https:\/\/www.reseau-entreprendre.org\/bretagne\/wp-content\/uploads\/sites\/3\/2018\/06\/Maud-Raclet-et-Olivier-Le-Rouzic-CLASS-CROUTE-300x300.jpg 300w\" sizes=\"auto, (max-width: 150px) 100vw, 150px\" \/><\/a>\n\t\t\t<\/div>\n\t\t\t\t<figcaption class='wp-caption-text gallery-caption' id='gallery-1-1352'>\n\t\t\t\tMaud RACLET et Olivier LE ROUZIC, CLASS&#8217; CROUTE\n\t\t\t\t<\/figcaption><\/figure><figure class='gallery-item'>\n\t\t\t<div class='gallery-icon landscape'>\n\t\t\t\t<a href='https:\/\/www.reseau-entreprendre.org\/bretagne\/2018\/06\/01\/voici-les-nouveaux-laureats-accompagnes-par-notre-reseau-dans-la-gratuite\/n-dupuis-t-grasland-f-mrva-et-y-kempf-scribe-i-s\/'><img loading=\"lazy\" decoding=\"async\" width=\"150\" height=\"150\" src=\"https:\/\/www.reseau-entreprendre.org\/bretagne\/wp-content\/uploads\/sites\/3\/2018\/06\/N.Dupuis-T.Grasland-F.Mrva-et-Y.Kempf-SCRIBE-I.S-150x150.jpg\" class=\"attachment-thumbnail size-thumbnail\" alt=\"\" aria-describedby=\"gallery-1-1353\" srcset=\"https:\/\/www.reseau-entreprendre.org\/bretagne\/wp-content\/uploads\/sites\/3\/2018\/06\/N.Dupuis-T.Grasland-F.Mrva-et-Y.Kempf-SCRIBE-I.S-150x150.jpg 150w, https:\/\/www.reseau-entreprendre.org\/bretagne\/wp-content\/uploads\/sites\/3\/2018\/06\/N.Dupuis-T.Grasland-F.Mrva-et-Y.Kempf-SCRIBE-I.S-300x300.jpg 300w\" sizes=\"auto, (max-width: 150px) 100vw, 150px\" \/><\/a>\n\t\t\t<\/div>\n\t\t\t\t<figcaption class='wp-caption-text gallery-caption' id='gallery-1-1353'>\n\t\t\t\tN.DUPUIS T.GRASLAND F.MRVA et Y.KEMPF- SCRIBE I.S\n\t\t\t\t<\/figcaption><\/figure><figure class='gallery-item'>\n\t\t\t<div class='gallery-icon landscape'>\n\t\t\t\t<a href='https:\/\/www.reseau-entreprendre.org\/bretagne\/2018\/06\/01\/voici-les-nouveaux-laureats-accompagnes-par-notre-reseau-dans-la-gratuite\/romain-schiano-lomoriello-beable\/'><img loading=\"lazy\" decoding=\"async\" width=\"150\" height=\"150\" src=\"https:\/\/www.reseau-entreprendre.org\/bretagne\/wp-content\/uploads\/sites\/3\/2018\/06\/Romain-Schiano-Lomoriello-BEABLE-150x150.jpg\" class=\"attachment-thumbnail size-thumbnail\" alt=\"\" aria-describedby=\"gallery-1-1354\" srcset=\"https:\/\/www.reseau-entreprendre.org\/bretagne\/wp-content\/uploads\/sites\/3\/2018\/06\/Romain-Schiano-Lomoriello-BEABLE-150x150.jpg 150w, https:\/\/www.reseau-entreprendre.org\/bretagne\/wp-content\/uploads\/sites\/3\/2018\/06\/Romain-Schiano-Lomoriello-BEABLE-300x300.jpg 300w\" sizes=\"auto, (max-width: 150px) 100vw, 150px\" \/><\/a>\n\t\t\t<\/div>\n\t\t\t\t<figcaption class='wp-caption-text gallery-caption' id='gallery-1-1354'>\n\t\t\t\tRomain SCHIANO-LOMORIELLO &#8211; BEABLE\n\t\t\t\t<\/figcaption><\/figure><figure class='gallery-item'>\n\t\t\t<div class='gallery-icon landscape'>\n\t\t\t\t<a href='https:\/\/www.reseau-entreprendre.org\/bretagne\/2018\/06\/01\/voici-les-nouveaux-laureats-accompagnes-par-notre-reseau-dans-la-gratuite\/thomas-longhi-cahute\/'><img loading=\"lazy\" decoding=\"async\" width=\"150\" height=\"150\" src=\"https:\/\/www.reseau-entreprendre.org\/bretagne\/wp-content\/uploads\/sites\/3\/2018\/06\/Thomas-Longhi-CAHUTE-150x150.jpg\" class=\"attachment-thumbnail size-thumbnail\" alt=\"\" aria-describedby=\"gallery-1-1355\" srcset=\"https:\/\/www.reseau-entreprendre.org\/bretagne\/wp-content\/uploads\/sites\/3\/2018\/06\/Thomas-Longhi-CAHUTE-150x150.jpg 150w, https:\/\/www.reseau-entreprendre.org\/bretagne\/wp-content\/uploads\/sites\/3\/2018\/06\/Thomas-Longhi-CAHUTE-300x300.jpg 300w\" sizes=\"auto, (max-width: 150px) 100vw, 150px\" \/><\/a>\n\t\t\t<\/div>\n\t\t\t\t<figcaption class='wp-caption-text gallery-caption' id='gallery-1-1355'>\n\t\t\t\tThomas LONGHI &#8211; CAHUTE\n\t\t\t\t<\/figcaption><\/figure><figure class='gallery-item'>\n\t\t\t<div class='gallery-icon portrait'>\n\t\t\t\t<a href='https:\/\/www.reseau-entreprendre.org\/bretagne\/2018\/06\/01\/voici-les-nouveaux-laureats-accompagnes-par-notre-reseau-dans-la-gratuite\/thomas-sutre-lunivers-du-peintre\/'><img loading=\"lazy\" decoding=\"async\" width=\"150\" height=\"150\" src=\"https:\/\/www.reseau-entreprendre.org\/bretagne\/wp-content\/uploads\/sites\/3\/2018\/06\/Thomas-Sutre-LUNIVERS-DU-PEINTRE-150x150.jpg\" class=\"attachment-thumbnail size-thumbnail\" alt=\"\" aria-describedby=\"gallery-1-1356\" srcset=\"https:\/\/www.reseau-entreprendre.org\/bretagne\/wp-content\/uploads\/sites\/3\/2018\/06\/Thomas-Sutre-LUNIVERS-DU-PEINTRE-150x150.jpg 150w, https:\/\/www.reseau-entreprendre.org\/bretagne\/wp-content\/uploads\/sites\/3\/2018\/06\/Thomas-Sutre-LUNIVERS-DU-PEINTRE-300x300.jpg 300w\" sizes=\"auto, (max-width: 150px) 100vw, 150px\" \/><\/a>\n\t\t\t<\/div>\n\t\t\t\t<figcaption class='wp-caption-text gallery-caption' id='gallery-1-1356'>\n\t\t\t\tThomas SUTRE &#8211; L&#8217;UNIVERS DU PEINTRE\n\t\t\t\t<\/figcaption><\/figure><figure class='gallery-item'>\n\t\t\t<div class='gallery-icon portrait'>\n\t\t\t\t<a href='https:\/\/www.reseau-entreprendre.org\/bretagne\/2018\/06\/01\/voici-les-nouveaux-laureats-accompagnes-par-notre-reseau-dans-la-gratuite\/file-1-2\/'><img loading=\"lazy\" decoding=\"async\" width=\"150\" height=\"150\" src=\"https:\/\/www.reseau-entreprendre.org\/bretagne\/wp-content\/uploads\/sites\/3\/2018\/06\/file-1-150x150.jpeg\" class=\"attachment-thumbnail size-thumbnail\" alt=\"\" aria-describedby=\"gallery-1-1357\" srcset=\"https:\/\/www.reseau-entreprendre.org\/bretagne\/wp-content\/uploads\/sites\/3\/2018\/06\/file-1-150x150.jpeg 150w, https:\/\/www.reseau-entreprendre.org\/bretagne\/wp-content\/uploads\/sites\/3\/2018\/06\/file-1-300x300.jpeg 300w\" sizes=\"auto, (max-width: 150px) 100vw, 150px\" \/><\/a>\n\t\t\t<\/div>\n\t\t\t\t<figcaption class='wp-caption-text gallery-caption' id='gallery-1-1357'>\n\t\t\t\tYannick ROUSSEAU, IMPRIMERIE SERIGRAPHIE EMERAUDE (ISE)\n\t\t\t\t<\/figcaption><\/figure>\n\t\t<\/div>\n\n","protected":false},"excerpt":{"rendered":"","protected":false},"author":87,"featured_media":1207,"comment_status":"closed","ping_status":"open","sticky":false,"template":"","format":"standard","meta":{"_acf_changed":false,"_monsterinsights_skip_tracking":false,"_monsterinsights_sitenote_active":false,"_monsterinsights_sitenote_note":"","_monsterinsights_sitenote_category":0,"footnotes":""},"categories":[4],"tags":[],"class_list":["post-1340","post","type-post","status-publish","format-standard","has-post-thumbnail","hentry","category-actualites","news"],"acf":[],"yoast_head":"<!-- This site is optimized with the Yoast SEO plugin v27.4 - https:\/\/yoast.com\/product\/yoast-seo-wordpress\/ -->\n<title>Voici les nouveaux Laur\u00e9ats accompagn\u00e9s par notre r\u00e9seau dans la gratuit\u00e9 - R\u00e9seau Entreprendre Bretagne<\/title>\n<meta name=\"robots\" content=\"index, follow, max-snippet:-1, max-image-preview:large, max-video-preview:-1\" \/>\n<link rel=\"canonical\" href=\"https:\/\/www.reseau-entreprendre.org\/bretagne\/2018\/06\/01\/voici-les-nouveaux-laureats-accompagnes-par-notre-reseau-dans-la-gratuite\/\" \/>\n<meta property=\"og:locale\" content=\"fr_FR\" \/>\n<meta property=\"og:type\" content=\"article\" \/>\n<meta property=\"og:title\" content=\"Voici les nouveaux Laur\u00e9ats accompagn\u00e9s par notre r\u00e9seau dans la gratuit\u00e9 - R\u00e9seau Entreprendre Bretagne\" \/>\n<meta property=\"og:url\" content=\"https:\/\/www.reseau-entreprendre.org\/bretagne\/2018\/06\/01\/voici-les-nouveaux-laureats-accompagnes-par-notre-reseau-dans-la-gratuite\/\" \/>\n<meta property=\"og:site_name\" content=\"R\u00e9seau Entreprendre Bretagne\" \/>\n<meta property=\"article:publisher\" content=\"https:\/\/www.facebook.com\/reseauentreprendrebretagne\/\" \/>\n<meta property=\"article:published_time\" content=\"2018-06-01T12:32:42+00:00\" \/>\n<meta property=\"article:modified_time\" content=\"2022-04-11T15:20:17+00:00\" \/>\n<meta property=\"og:image\" content=\"https:\/\/www.reseau-entreprendre.org\/bretagne\/wp-content\/uploads\/sites\/3\/2018\/03\/logo-laur\u00e9at-RE-Bretagne-couleur.png\" \/>\n\t<meta property=\"og:image:width\" content=\"4016\" \/>\n\t<meta property=\"og:image:height\" content=\"3012\" \/>\n\t<meta property=\"og:image:type\" content=\"image\/png\" \/>\n<meta name=\"twitter:card\" content=\"summary_large_image\" \/>\n<meta name=\"twitter:creator\" content=\"@RE_Bretagne\" \/>\n<meta name=\"twitter:site\" content=\"@RE_Bretagne\" \/>\n<meta name=\"twitter:label1\" content=\"\u00c9crit par\" \/>\n\t<meta name=\"twitter:data1\" content=\"\" \/>\n<script type=\"application\/ld+json\" class=\"yoast-schema-graph\">{\"@context\":\"https:\\\/\\\/schema.org\",\"@graph\":[{\"@type\":\"Article\",\"@id\":\"https:\\\/\\\/www.reseau-entreprendre.org\\\/bretagne\\\/2018\\\/06\\\/01\\\/voici-les-nouveaux-laureats-accompagnes-par-notre-reseau-dans-la-gratuite\\\/#article\",\"isPartOf\":{\"@id\":\"https:\\\/\\\/www.reseau-entreprendre.org\\\/bretagne\\\/2018\\\/06\\\/01\\\/voici-les-nouveaux-laureats-accompagnes-par-notre-reseau-dans-la-gratuite\\\/\"},\"author\":{\"name\":\"\",\"@id\":\"\"},\"headline\":\"Voici les nouveaux Laur\u00e9ats accompagn\u00e9s par notre r\u00e9seau dans la gratuit\u00e9\",\"datePublished\":\"2018-06-01T12:32:42+00:00\",\"dateModified\":\"2022-04-11T15:20:17+00:00\",\"mainEntityOfPage\":{\"@id\":\"https:\\\/\\\/www.reseau-entreprendre.org\\\/bretagne\\\/2018\\\/06\\\/01\\\/voici-les-nouveaux-laureats-accompagnes-par-notre-reseau-dans-la-gratuite\\\/\"},\"wordCount\":16,\"image\":{\"@id\":\"https:\\\/\\\/www.reseau-entreprendre.org\\\/bretagne\\\/2018\\\/06\\\/01\\\/voici-les-nouveaux-laureats-accompagnes-par-notre-reseau-dans-la-gratuite\\\/#primaryimage\"},\"thumbnailUrl\":\"https:\\\/\\\/www.reseau-entreprendre.org\\\/bretagne\\\/wp-content\\\/uploads\\\/sites\\\/3\\\/2018\\\/03\\\/logo-laur\u00e9at-RE-Bretagne-couleur.png\",\"articleSection\":[\"Actualit\u00e9s\"],\"inLanguage\":\"fr-FR\"},{\"@type\":\"WebPage\",\"@id\":\"https:\\\/\\\/www.reseau-entreprendre.org\\\/bretagne\\\/2018\\\/06\\\/01\\\/voici-les-nouveaux-laureats-accompagnes-par-notre-reseau-dans-la-gratuite\\\/\",\"url\":\"https:\\\/\\\/www.reseau-entreprendre.org\\\/bretagne\\\/2018\\\/06\\\/01\\\/voici-les-nouveaux-laureats-accompagnes-par-notre-reseau-dans-la-gratuite\\\/\",\"name\":\"Voici les nouveaux Laur\u00e9ats accompagn\u00e9s par notre r\u00e9seau dans la gratuit\u00e9 - R\u00e9seau Entreprendre Bretagne\",\"isPartOf\":{\"@id\":\"https:\\\/\\\/www.reseau-entreprendre.org\\\/bretagne\\\/#website\"},\"primaryImageOfPage\":{\"@id\":\"https:\\\/\\\/www.reseau-entreprendre.org\\\/bretagne\\\/2018\\\/06\\\/01\\\/voici-les-nouveaux-laureats-accompagnes-par-notre-reseau-dans-la-gratuite\\\/#primaryimage\"},\"image\":{\"@id\":\"https:\\\/\\\/www.reseau-entreprendre.org\\\/bretagne\\\/2018\\\/06\\\/01\\\/voici-les-nouveaux-laureats-accompagnes-par-notre-reseau-dans-la-gratuite\\\/#primaryimage\"},\"thumbnailUrl\":\"https:\\\/\\\/www.reseau-entreprendre.org\\\/bretagne\\\/wp-content\\\/uploads\\\/sites\\\/3\\\/2018\\\/03\\\/logo-laur\u00e9at-RE-Bretagne-couleur.png\",\"datePublished\":\"2018-06-01T12:32:42+00:00\",\"dateModified\":\"2022-04-11T15:20:17+00:00\",\"author\":{\"@id\":\"\"},\"breadcrumb\":{\"@id\":\"https:\\\/\\\/www.reseau-entreprendre.org\\\/bretagne\\\/2018\\\/06\\\/01\\\/voici-les-nouveaux-laureats-accompagnes-par-notre-reseau-dans-la-gratuite\\\/#breadcrumb\"},\"inLanguage\":\"fr-FR\",\"potentialAction\":[{\"@type\":\"ReadAction\",\"target\":[\"https:\\\/\\\/www.reseau-entreprendre.org\\\/bretagne\\\/2018\\\/06\\\/01\\\/voici-les-nouveaux-laureats-accompagnes-par-notre-reseau-dans-la-gratuite\\\/\"]}]},{\"@type\":\"ImageObject\",\"inLanguage\":\"fr-FR\",\"@id\":\"https:\\\/\\\/www.reseau-entreprendre.org\\\/bretagne\\\/2018\\\/06\\\/01\\\/voici-les-nouveaux-laureats-accompagnes-par-notre-reseau-dans-la-gratuite\\\/#primaryimage\",\"url\":\"https:\\\/\\\/www.reseau-entreprendre.org\\\/bretagne\\\/wp-content\\\/uploads\\\/sites\\\/3\\\/2018\\\/03\\\/logo-laur\u00e9at-RE-Bretagne-couleur.png\",\"contentUrl\":\"https:\\\/\\\/www.reseau-entreprendre.org\\\/bretagne\\\/wp-content\\\/uploads\\\/sites\\\/3\\\/2018\\\/03\\\/logo-laur\u00e9at-RE-Bretagne-couleur.png\",\"width\":4016,\"height\":3012},{\"@type\":\"BreadcrumbList\",\"@id\":\"https:\\\/\\\/www.reseau-entreprendre.org\\\/bretagne\\\/2018\\\/06\\\/01\\\/voici-les-nouveaux-laureats-accompagnes-par-notre-reseau-dans-la-gratuite\\\/#breadcrumb\",\"itemListElement\":[{\"@type\":\"ListItem\",\"position\":1,\"name\":\"Accueil\",\"item\":\"https:\\\/\\\/www.reseau-entreprendre.org\\\/bretagne\\\/\"},{\"@type\":\"ListItem\",\"position\":2,\"name\":\"Voici les nouveaux Laur\u00e9ats accompagn\u00e9s par notre r\u00e9seau dans la gratuit\u00e9\"}]},{\"@type\":\"WebSite\",\"@id\":\"https:\\\/\\\/www.reseau-entreprendre.org\\\/bretagne\\\/#website\",\"url\":\"https:\\\/\\\/www.reseau-entreprendre.org\\\/bretagne\\\/\",\"name\":\"R\u00e9seau Entreprendre Bretagne\",\"description\":\"Pour cr\u00e9er des emplois, cr\u00e9ons des employeurs\",\"potentialAction\":[{\"@type\":\"SearchAction\",\"target\":{\"@type\":\"EntryPoint\",\"urlTemplate\":\"https:\\\/\\\/www.reseau-entreprendre.org\\\/bretagne\\\/?s={search_term_string}\"},\"query-input\":{\"@type\":\"PropertyValueSpecification\",\"valueRequired\":true,\"valueName\":\"search_term_string\"}}],\"inLanguage\":\"fr-FR\"},{\"@type\":\"Person\",\"@id\":\"\",\"url\":\"https:\\\/\\\/www.reseau-entreprendre.org\\\/bretagne\\\/author\\\/\"}]}<\/script>\n<!-- \/ Yoast SEO plugin. -->","yoast_head_json":{"title":"Voici les nouveaux Laur\u00e9ats accompagn\u00e9s par notre r\u00e9seau dans la gratuit\u00e9 - R\u00e9seau Entreprendre Bretagne","robots":{"index":"index","follow":"follow","max-snippet":"max-snippet:-1","max-image-preview":"max-image-preview:large","max-video-preview":"max-video-preview:-1"},"canonical":"https:\/\/www.reseau-entreprendre.org\/bretagne\/2018\/06\/01\/voici-les-nouveaux-laureats-accompagnes-par-notre-reseau-dans-la-gratuite\/","og_locale":"fr_FR","og_type":"article","og_title":"Voici les nouveaux Laur\u00e9ats accompagn\u00e9s par notre r\u00e9seau dans la gratuit\u00e9 - R\u00e9seau Entreprendre Bretagne","og_url":"https:\/\/www.reseau-entreprendre.org\/bretagne\/2018\/06\/01\/voici-les-nouveaux-laureats-accompagnes-par-notre-reseau-dans-la-gratuite\/","og_site_name":"R\u00e9seau Entreprendre Bretagne","article_publisher":"https:\/\/www.facebook.com\/reseauentreprendrebretagne\/","article_published_time":"2018-06-01T12:32:42+00:00","article_modified_time":"2022-04-11T15:20:17+00:00","og_image":[{"width":4016,"height":3012,"url":"https:\/\/www.reseau-entreprendre.org\/bretagne\/wp-content\/uploads\/sites\/3\/2018\/03\/logo-laur\u00e9at-RE-Bretagne-couleur.png","type":"image\/png"}],"twitter_card":"summary_large_image","twitter_creator":"@RE_Bretagne","twitter_site":"@RE_Bretagne","twitter_misc":{"\u00c9crit par":""},"schema":{"@context":"https:\/\/schema.org","@graph":[{"@type":"Article","@id":"https:\/\/www.reseau-entreprendre.org\/bretagne\/2018\/06\/01\/voici-les-nouveaux-laureats-accompagnes-par-notre-reseau-dans-la-gratuite\/#article","isPartOf":{"@id":"https:\/\/www.reseau-entreprendre.org\/bretagne\/2018\/06\/01\/voici-les-nouveaux-laureats-accompagnes-par-notre-reseau-dans-la-gratuite\/"},"author":{"name":"","@id":""},"headline":"Voici les nouveaux Laur\u00e9ats accompagn\u00e9s par notre r\u00e9seau dans la gratuit\u00e9","datePublished":"2018-06-01T12:32:42+00:00","dateModified":"2022-04-11T15:20:17+00:00","mainEntityOfPage":{"@id":"https:\/\/www.reseau-entreprendre.org\/bretagne\/2018\/06\/01\/voici-les-nouveaux-laureats-accompagnes-par-notre-reseau-dans-la-gratuite\/"},"wordCount":16,"image":{"@id":"https:\/\/www.reseau-entreprendre.org\/bretagne\/2018\/06\/01\/voici-les-nouveaux-laureats-accompagnes-par-notre-reseau-dans-la-gratuite\/#primaryimage"},"thumbnailUrl":"https:\/\/www.reseau-entreprendre.org\/bretagne\/wp-content\/uploads\/sites\/3\/2018\/03\/logo-laur\u00e9at-RE-Bretagne-couleur.png","articleSection":["Actualit\u00e9s"],"inLanguage":"fr-FR"},{"@type":"WebPage","@id":"https:\/\/www.reseau-entreprendre.org\/bretagne\/2018\/06\/01\/voici-les-nouveaux-laureats-accompagnes-par-notre-reseau-dans-la-gratuite\/","url":"https:\/\/www.reseau-entreprendre.org\/bretagne\/2018\/06\/01\/voici-les-nouveaux-laureats-accompagnes-par-notre-reseau-dans-la-gratuite\/","name":"Voici les nouveaux Laur\u00e9ats accompagn\u00e9s par notre r\u00e9seau dans la gratuit\u00e9 - R\u00e9seau Entreprendre Bretagne","isPartOf":{"@id":"https:\/\/www.reseau-entreprendre.org\/bretagne\/#website"},"primaryImageOfPage":{"@id":"https:\/\/www.reseau-entreprendre.org\/bretagne\/2018\/06\/01\/voici-les-nouveaux-laureats-accompagnes-par-notre-reseau-dans-la-gratuite\/#primaryimage"},"image":{"@id":"https:\/\/www.reseau-entreprendre.org\/bretagne\/2018\/06\/01\/voici-les-nouveaux-laureats-accompagnes-par-notre-reseau-dans-la-gratuite\/#primaryimage"},"thumbnailUrl":"https:\/\/www.reseau-entreprendre.org\/bretagne\/wp-content\/uploads\/sites\/3\/2018\/03\/logo-laur\u00e9at-RE-Bretagne-couleur.png","datePublished":"2018-06-01T12:32:42+00:00","dateModified":"2022-04-11T15:20:17+00:00","author":{"@id":""},"breadcrumb":{"@id":"https:\/\/www.reseau-entreprendre.org\/bretagne\/2018\/06\/01\/voici-les-nouveaux-laureats-accompagnes-par-notre-reseau-dans-la-gratuite\/#breadcrumb"},"inLanguage":"fr-FR","potentialAction":[{"@type":"ReadAction","target":["https:\/\/www.reseau-entreprendre.org\/bretagne\/2018\/06\/01\/voici-les-nouveaux-laureats-accompagnes-par-notre-reseau-dans-la-gratuite\/"]}]},{"@type":"ImageObject","inLanguage":"fr-FR","@id":"https:\/\/www.reseau-entreprendre.org\/bretagne\/2018\/06\/01\/voici-les-nouveaux-laureats-accompagnes-par-notre-reseau-dans-la-gratuite\/#primaryimage","url":"https:\/\/www.reseau-entreprendre.org\/bretagne\/wp-content\/uploads\/sites\/3\/2018\/03\/logo-laur\u00e9at-RE-Bretagne-couleur.png","contentUrl":"https:\/\/www.reseau-entreprendre.org\/bretagne\/wp-content\/uploads\/sites\/3\/2018\/03\/logo-laur\u00e9at-RE-Bretagne-couleur.png","width":4016,"height":3012},{"@type":"BreadcrumbList","@id":"https:\/\/www.reseau-entreprendre.org\/bretagne\/2018\/06\/01\/voici-les-nouveaux-laureats-accompagnes-par-notre-reseau-dans-la-gratuite\/#breadcrumb","itemListElement":[{"@type":"ListItem","position":1,"name":"Accueil","item":"https:\/\/www.reseau-entreprendre.org\/bretagne\/"},{"@type":"ListItem","position":2,"name":"Voici les nouveaux Laur\u00e9ats accompagn\u00e9s par notre r\u00e9seau dans la gratuit\u00e9"}]},{"@type":"WebSite","@id":"https:\/\/www.reseau-entreprendre.org\/bretagne\/#website","url":"https:\/\/www.reseau-entreprendre.org\/bretagne\/","name":"R\u00e9seau Entreprendre Bretagne","description":"Pour cr\u00e9er des emplois, cr\u00e9ons des employeurs","potentialAction":[{"@type":"SearchAction","target":{"@type":"EntryPoint","urlTemplate":"https:\/\/www.reseau-entreprendre.org\/bretagne\/?s={search_term_string}"},"query-input":{"@type":"PropertyValueSpecification","valueRequired":true,"valueName":"search_term_string"}}],"inLanguage":"fr-FR"},{"@type":"Person","@id":"","url":"https:\/\/www.reseau-entreprendre.org\/bretagne\/author\/"}]}},"_links":{"self":[{"href":"https:\/\/www.reseau-entreprendre.org\/bretagne\/wp-json\/wp\/v2\/posts\/1340","targetHints":{"allow":["GET"]}}],"collection":[{"href":"https:\/\/www.reseau-entreprendre.org\/bretagne\/wp-json\/wp\/v2\/posts"}],"about":[{"href":"https:\/\/www.reseau-entreprendre.org\/bretagne\/wp-json\/wp\/v2\/types\/post"}],"author":[{"embeddable":true,"href":"https:\/\/www.reseau-entreprendre.org\/bretagne\/wp-json\/wp\/v2\/users\/87"}],"replies":[{"embeddable":true,"href":"https:\/\/www.reseau-entreprendre.org\/bretagne\/wp-json\/wp\/v2\/comments?post=1340"}],"version-history":[{"count":0,"href":"https:\/\/www.reseau-entreprendre.org\/bretagne\/wp-json\/wp\/v2\/posts\/1340\/revisions"}],"wp:featuredmedia":[{"embeddable":true,"href":"https:\/\/www.reseau-entreprendre.org\/bretagne\/wp-json\/wp\/v2\/media\/1207"}],"wp:attachment":[{"href":"https:\/\/www.reseau-entreprendre.org\/bretagne\/wp-json\/wp\/v2\/media?parent=1340"}],"wp:term":[{"taxonomy":"category","embeddable":true,"href":"https:\/\/www.reseau-entreprendre.org\/bretagne\/wp-json\/wp\/v2\/categories?post=1340"},{"taxonomy":"post_tag","embeddable":true,"href":"https:\/\/www.reseau-entreprendre.org\/bretagne\/wp-json\/wp\/v2\/tags?post=1340"}],"curies":[{"name":"wp","href":"https:\/\/api.w.org\/{rel}","templated":true}]}}