{"id":1372,"date":"2018-06-06T10:09:32","date_gmt":"2018-06-06T08:09:32","guid":{"rendered":"https:\/\/www.reseau-entreprendre.org\/bretagne\/?p=1372"},"modified":"2022-04-11T17:20:17","modified_gmt":"2022-04-11T15:20:17","slug":"ille-et-vilaine-deux-nouveaux-laureats-reseau-entreprendre-bretagne","status":"publish","type":"post","link":"https:\/\/www.reseau-entreprendre.org\/bretagne\/2018\/06\/06\/ille-et-vilaine-deux-nouveaux-laureats-reseau-entreprendre-bretagne\/","title":{"rendered":"ille-et-Vilaine : Deux nouveaux Laur\u00e9ats R\u00e9seau Entreprendre Bretagne"},"content":{"rendered":"<p><strong><img loading=\"lazy\" decoding=\"async\" class=\"alignnone wp-image-1207\" src=\"https:\/\/www.reseau-entreprendre.org\/bretagne\/wp-content\/uploads\/sites\/3\/2018\/03\/logo-laur\u00e9at-RE-Bretagne-couleur-300x225.png\" alt=\"\" width=\"167\" height=\"125\" srcset=\"https:\/\/www.reseau-entreprendre.org\/bretagne\/wp-content\/uploads\/sites\/3\/2018\/03\/logo-laur\u00e9at-RE-Bretagne-couleur-300x225.png 300w, https:\/\/www.reseau-entreprendre.org\/bretagne\/wp-content\/uploads\/sites\/3\/2018\/03\/logo-laur\u00e9at-RE-Bretagne-couleur-768x576.png 768w, https:\/\/www.reseau-entreprendre.org\/bretagne\/wp-content\/uploads\/sites\/3\/2018\/03\/logo-laur\u00e9at-RE-Bretagne-couleur-1024x768.png 1024w\" sizes=\"auto, (max-width: 167px) 100vw, 167px\" \/>L\u2019accompagnement R\u00e9seau Entreprendre Bretagne, gage de succ\u00e8s pour les cr\u00e9ateurs et repreneurs de PME<\/strong><\/p>\n<p>Deux nouveaux Laur\u00e9ats de R\u00e9seau Entreprendre Bretagne en Ille et Vilaine : <strong>Pierre LEONARDI<\/strong> et <strong>Nicolas LOUIS<\/strong> ont re\u00e7u un pr\u00eat d&#8217;honneur de 40 000 euros, afin de d\u00e9velopper leur soci\u00e9t\u00e9 <a href=\"https:\/\/www.ungrandmarche.fr\/\" target=\"_blank\" rel=\"noopener\"><strong>UN GRAND MARCHE<\/strong>.<\/a><\/p>\n<p><strong>UN GRAND MARCHE<\/strong>, c\u2019est une place de march\u00e9 d\u00e9di\u00e9e aux cr\u00e9ations fait-main 100% fran\u00e7aises. <strong>UN GRAND MARCHE,<\/strong> \u00e0 travers ses deux univers (produits finis et merceries), met en relation des cr\u00e9ateurs et merciers fran\u00e7ais et des acheteurs internationaux. Intuitive et simple d\u2019utilisation, la plateforme offre \u00e0 ses utilisateurs une visibilit\u00e9 accrue dans un environnement s\u00e9curis\u00e9.<\/p>\n<p><strong>Laurent SASS<\/strong>, Membre de R\u00e9seau Entreprendre Bretagne en Ille et Vilaine, dirigeant de <a href=\"http:\/\/www.rennes-atalante.fr\/mediatheque\/videos\/interviews\/laurent-sass.html\" target=\"_blank\" rel=\"noopener\"><strong>SILLAGE<\/strong><\/a>, ancien laur\u00e9at lui-m\u00eame, accompagne ce Laur\u00e9at pour les deux ann\u00e9es \u00e0 venir.<\/p>\n<p><img loading=\"lazy\" decoding=\"async\" class=\"alignnone size-medium wp-image-1373\" src=\"https:\/\/www.reseau-entreprendre.org\/bretagne\/wp-content\/uploads\/sites\/3\/2018\/06\/UN-GRAND-MARCHE-225x300.jpg\" alt=\"\" width=\"225\" height=\"300\" srcset=\"https:\/\/www.reseau-entreprendre.org\/bretagne\/wp-content\/uploads\/sites\/3\/2018\/06\/UN-GRAND-MARCHE-225x300.jpg 225w, https:\/\/www.reseau-entreprendre.org\/bretagne\/wp-content\/uploads\/sites\/3\/2018\/06\/UN-GRAND-MARCHE-768x1024.jpg 768w\" sizes=\"auto, (max-width: 225px) 100vw, 225px\" \/><\/p>\n<p>&nbsp;<\/p>\n","protected":false},"excerpt":{"rendered":"<p>L\u2019accompagnement R\u00e9seau Entreprendre Bretagne, gage de succ\u00e8s pour les cr\u00e9ateurs<\/p>\n","protected":false},"author":87,"featured_media":1373,"comment_status":"closed","ping_status":"open","sticky":false,"template":"","format":"standard","meta":{"_acf_changed":false,"_monsterinsights_skip_tracking":false,"_monsterinsights_sitenote_active":false,"_monsterinsights_sitenote_note":"","_monsterinsights_sitenote_category":0,"footnotes":""},"categories":[4],"tags":[],"class_list":["post-1372","post","type-post","status-publish","format-standard","has-post-thumbnail","hentry","category-actualites","news"],"acf":[],"yoast_head":"<!-- This site is optimized with the Yoast SEO plugin v27.4 - https:\/\/yoast.com\/product\/yoast-seo-wordpress\/ -->\n<title>ille-et-Vilaine : Deux nouveaux Laur\u00e9ats R\u00e9seau Entreprendre Bretagne - R\u00e9seau Entreprendre Bretagne<\/title>\n<meta name=\"robots\" content=\"index, follow, max-snippet:-1, max-image-preview:large, max-video-preview:-1\" \/>\n<link rel=\"canonical\" href=\"https:\/\/www.reseau-entreprendre.org\/bretagne\/2018\/06\/06\/ille-et-vilaine-deux-nouveaux-laureats-reseau-entreprendre-bretagne\/\" \/>\n<meta property=\"og:locale\" content=\"fr_FR\" \/>\n<meta property=\"og:type\" content=\"article\" \/>\n<meta property=\"og:title\" content=\"ille-et-Vilaine : Deux nouveaux Laur\u00e9ats R\u00e9seau Entreprendre Bretagne - R\u00e9seau Entreprendre Bretagne\" \/>\n<meta property=\"og:description\" content=\"L\u2019accompagnement R\u00e9seau Entreprendre Bretagne, gage de succ\u00e8s pour les cr\u00e9ateurs\" \/>\n<meta property=\"og:url\" content=\"https:\/\/www.reseau-entreprendre.org\/bretagne\/2018\/06\/06\/ille-et-vilaine-deux-nouveaux-laureats-reseau-entreprendre-bretagne\/\" \/>\n<meta property=\"og:site_name\" content=\"R\u00e9seau Entreprendre Bretagne\" \/>\n<meta property=\"article:publisher\" content=\"https:\/\/www.facebook.com\/reseauentreprendrebretagne\/\" \/>\n<meta property=\"article:published_time\" content=\"2018-06-06T08:09:32+00:00\" \/>\n<meta property=\"article:modified_time\" content=\"2022-04-11T15:20:17+00:00\" \/>\n<meta property=\"og:image\" content=\"https:\/\/www.reseau-entreprendre.org\/bretagne\/wp-content\/uploads\/sites\/3\/2018\/06\/UN-GRAND-MARCHE.jpg\" \/>\n\t<meta property=\"og:image:width\" content=\"2448\" \/>\n\t<meta property=\"og:image:height\" content=\"3264\" \/>\n\t<meta property=\"og:image:type\" content=\"image\/jpeg\" \/>\n<meta name=\"twitter:card\" content=\"summary_large_image\" \/>\n<meta name=\"twitter:creator\" content=\"@RE_Bretagne\" \/>\n<meta name=\"twitter:site\" content=\"@RE_Bretagne\" \/>\n<meta name=\"twitter:label1\" content=\"\u00c9crit par\" \/>\n\t<meta name=\"twitter:data1\" content=\"\" \/>\n\t<meta name=\"twitter:label2\" content=\"Dur\u00e9e de lecture estim\u00e9e\" \/>\n\t<meta name=\"twitter:data2\" content=\"1 minute\" \/>\n<script type=\"application\/ld+json\" class=\"yoast-schema-graph\">{\"@context\":\"https:\\\/\\\/schema.org\",\"@graph\":[{\"@type\":\"Article\",\"@id\":\"https:\\\/\\\/www.reseau-entreprendre.org\\\/bretagne\\\/2018\\\/06\\\/06\\\/ille-et-vilaine-deux-nouveaux-laureats-reseau-entreprendre-bretagne\\\/#article\",\"isPartOf\":{\"@id\":\"https:\\\/\\\/www.reseau-entreprendre.org\\\/bretagne\\\/2018\\\/06\\\/06\\\/ille-et-vilaine-deux-nouveaux-laureats-reseau-entreprendre-bretagne\\\/\"},\"author\":{\"name\":\"\",\"@id\":\"\"},\"headline\":\"ille-et-Vilaine : Deux nouveaux Laur\u00e9ats R\u00e9seau Entreprendre Bretagne\",\"datePublished\":\"2018-06-06T08:09:32+00:00\",\"dateModified\":\"2022-04-11T15:20:17+00:00\",\"mainEntityOfPage\":{\"@id\":\"https:\\\/\\\/www.reseau-entreprendre.org\\\/bretagne\\\/2018\\\/06\\\/06\\\/ille-et-vilaine-deux-nouveaux-laureats-reseau-entreprendre-bretagne\\\/\"},\"wordCount\":157,\"image\":{\"@id\":\"https:\\\/\\\/www.reseau-entreprendre.org\\\/bretagne\\\/2018\\\/06\\\/06\\\/ille-et-vilaine-deux-nouveaux-laureats-reseau-entreprendre-bretagne\\\/#primaryimage\"},\"thumbnailUrl\":\"https:\\\/\\\/www.reseau-entreprendre.org\\\/bretagne\\\/wp-content\\\/uploads\\\/sites\\\/3\\\/2018\\\/06\\\/UN-GRAND-MARCHE.jpg\",\"articleSection\":[\"Actualit\u00e9s\"],\"inLanguage\":\"fr-FR\"},{\"@type\":\"WebPage\",\"@id\":\"https:\\\/\\\/www.reseau-entreprendre.org\\\/bretagne\\\/2018\\\/06\\\/06\\\/ille-et-vilaine-deux-nouveaux-laureats-reseau-entreprendre-bretagne\\\/\",\"url\":\"https:\\\/\\\/www.reseau-entreprendre.org\\\/bretagne\\\/2018\\\/06\\\/06\\\/ille-et-vilaine-deux-nouveaux-laureats-reseau-entreprendre-bretagne\\\/\",\"name\":\"ille-et-Vilaine : Deux nouveaux Laur\u00e9ats R\u00e9seau Entreprendre Bretagne - R\u00e9seau Entreprendre Bretagne\",\"isPartOf\":{\"@id\":\"https:\\\/\\\/www.reseau-entreprendre.org\\\/bretagne\\\/#website\"},\"primaryImageOfPage\":{\"@id\":\"https:\\\/\\\/www.reseau-entreprendre.org\\\/bretagne\\\/2018\\\/06\\\/06\\\/ille-et-vilaine-deux-nouveaux-laureats-reseau-entreprendre-bretagne\\\/#primaryimage\"},\"image\":{\"@id\":\"https:\\\/\\\/www.reseau-entreprendre.org\\\/bretagne\\\/2018\\\/06\\\/06\\\/ille-et-vilaine-deux-nouveaux-laureats-reseau-entreprendre-bretagne\\\/#primaryimage\"},\"thumbnailUrl\":\"https:\\\/\\\/www.reseau-entreprendre.org\\\/bretagne\\\/wp-content\\\/uploads\\\/sites\\\/3\\\/2018\\\/06\\\/UN-GRAND-MARCHE.jpg\",\"datePublished\":\"2018-06-06T08:09:32+00:00\",\"dateModified\":\"2022-04-11T15:20:17+00:00\",\"author\":{\"@id\":\"\"},\"breadcrumb\":{\"@id\":\"https:\\\/\\\/www.reseau-entreprendre.org\\\/bretagne\\\/2018\\\/06\\\/06\\\/ille-et-vilaine-deux-nouveaux-laureats-reseau-entreprendre-bretagne\\\/#breadcrumb\"},\"inLanguage\":\"fr-FR\",\"potentialAction\":[{\"@type\":\"ReadAction\",\"target\":[\"https:\\\/\\\/www.reseau-entreprendre.org\\\/bretagne\\\/2018\\\/06\\\/06\\\/ille-et-vilaine-deux-nouveaux-laureats-reseau-entreprendre-bretagne\\\/\"]}]},{\"@type\":\"ImageObject\",\"inLanguage\":\"fr-FR\",\"@id\":\"https:\\\/\\\/www.reseau-entreprendre.org\\\/bretagne\\\/2018\\\/06\\\/06\\\/ille-et-vilaine-deux-nouveaux-laureats-reseau-entreprendre-bretagne\\\/#primaryimage\",\"url\":\"https:\\\/\\\/www.reseau-entreprendre.org\\\/bretagne\\\/wp-content\\\/uploads\\\/sites\\\/3\\\/2018\\\/06\\\/UN-GRAND-MARCHE.jpg\",\"contentUrl\":\"https:\\\/\\\/www.reseau-entreprendre.org\\\/bretagne\\\/wp-content\\\/uploads\\\/sites\\\/3\\\/2018\\\/06\\\/UN-GRAND-MARCHE.jpg\",\"width\":2448,\"height\":3264},{\"@type\":\"BreadcrumbList\",\"@id\":\"https:\\\/\\\/www.reseau-entreprendre.org\\\/bretagne\\\/2018\\\/06\\\/06\\\/ille-et-vilaine-deux-nouveaux-laureats-reseau-entreprendre-bretagne\\\/#breadcrumb\",\"itemListElement\":[{\"@type\":\"ListItem\",\"position\":1,\"name\":\"Accueil\",\"item\":\"https:\\\/\\\/www.reseau-entreprendre.org\\\/bretagne\\\/\"},{\"@type\":\"ListItem\",\"position\":2,\"name\":\"ille-et-Vilaine : Deux nouveaux Laur\u00e9ats R\u00e9seau Entreprendre Bretagne\"}]},{\"@type\":\"WebSite\",\"@id\":\"https:\\\/\\\/www.reseau-entreprendre.org\\\/bretagne\\\/#website\",\"url\":\"https:\\\/\\\/www.reseau-entreprendre.org\\\/bretagne\\\/\",\"name\":\"R\u00e9seau Entreprendre Bretagne\",\"description\":\"Pour cr\u00e9er des emplois, cr\u00e9ons des employeurs\",\"potentialAction\":[{\"@type\":\"SearchAction\",\"target\":{\"@type\":\"EntryPoint\",\"urlTemplate\":\"https:\\\/\\\/www.reseau-entreprendre.org\\\/bretagne\\\/?s={search_term_string}\"},\"query-input\":{\"@type\":\"PropertyValueSpecification\",\"valueRequired\":true,\"valueName\":\"search_term_string\"}}],\"inLanguage\":\"fr-FR\"},{\"@type\":\"Person\",\"@id\":\"\",\"url\":\"https:\\\/\\\/www.reseau-entreprendre.org\\\/bretagne\\\/author\\\/\"}]}<\/script>\n<!-- \/ Yoast SEO plugin. -->","yoast_head_json":{"title":"ille-et-Vilaine : Deux nouveaux Laur\u00e9ats R\u00e9seau Entreprendre Bretagne - R\u00e9seau Entreprendre Bretagne","robots":{"index":"index","follow":"follow","max-snippet":"max-snippet:-1","max-image-preview":"max-image-preview:large","max-video-preview":"max-video-preview:-1"},"canonical":"https:\/\/www.reseau-entreprendre.org\/bretagne\/2018\/06\/06\/ille-et-vilaine-deux-nouveaux-laureats-reseau-entreprendre-bretagne\/","og_locale":"fr_FR","og_type":"article","og_title":"ille-et-Vilaine : Deux nouveaux Laur\u00e9ats R\u00e9seau Entreprendre Bretagne - R\u00e9seau Entreprendre Bretagne","og_description":"L\u2019accompagnement R\u00e9seau Entreprendre Bretagne, gage de succ\u00e8s pour les cr\u00e9ateurs","og_url":"https:\/\/www.reseau-entreprendre.org\/bretagne\/2018\/06\/06\/ille-et-vilaine-deux-nouveaux-laureats-reseau-entreprendre-bretagne\/","og_site_name":"R\u00e9seau Entreprendre Bretagne","article_publisher":"https:\/\/www.facebook.com\/reseauentreprendrebretagne\/","article_published_time":"2018-06-06T08:09:32+00:00","article_modified_time":"2022-04-11T15:20:17+00:00","og_image":[{"width":2448,"height":3264,"url":"https:\/\/www.reseau-entreprendre.org\/bretagne\/wp-content\/uploads\/sites\/3\/2018\/06\/UN-GRAND-MARCHE.jpg","type":"image\/jpeg"}],"twitter_card":"summary_large_image","twitter_creator":"@RE_Bretagne","twitter_site":"@RE_Bretagne","twitter_misc":{"\u00c9crit par":"","Dur\u00e9e de lecture estim\u00e9e":"1 minute"},"schema":{"@context":"https:\/\/schema.org","@graph":[{"@type":"Article","@id":"https:\/\/www.reseau-entreprendre.org\/bretagne\/2018\/06\/06\/ille-et-vilaine-deux-nouveaux-laureats-reseau-entreprendre-bretagne\/#article","isPartOf":{"@id":"https:\/\/www.reseau-entreprendre.org\/bretagne\/2018\/06\/06\/ille-et-vilaine-deux-nouveaux-laureats-reseau-entreprendre-bretagne\/"},"author":{"name":"","@id":""},"headline":"ille-et-Vilaine : Deux nouveaux Laur\u00e9ats R\u00e9seau Entreprendre Bretagne","datePublished":"2018-06-06T08:09:32+00:00","dateModified":"2022-04-11T15:20:17+00:00","mainEntityOfPage":{"@id":"https:\/\/www.reseau-entreprendre.org\/bretagne\/2018\/06\/06\/ille-et-vilaine-deux-nouveaux-laureats-reseau-entreprendre-bretagne\/"},"wordCount":157,"image":{"@id":"https:\/\/www.reseau-entreprendre.org\/bretagne\/2018\/06\/06\/ille-et-vilaine-deux-nouveaux-laureats-reseau-entreprendre-bretagne\/#primaryimage"},"thumbnailUrl":"https:\/\/www.reseau-entreprendre.org\/bretagne\/wp-content\/uploads\/sites\/3\/2018\/06\/UN-GRAND-MARCHE.jpg","articleSection":["Actualit\u00e9s"],"inLanguage":"fr-FR"},{"@type":"WebPage","@id":"https:\/\/www.reseau-entreprendre.org\/bretagne\/2018\/06\/06\/ille-et-vilaine-deux-nouveaux-laureats-reseau-entreprendre-bretagne\/","url":"https:\/\/www.reseau-entreprendre.org\/bretagne\/2018\/06\/06\/ille-et-vilaine-deux-nouveaux-laureats-reseau-entreprendre-bretagne\/","name":"ille-et-Vilaine : Deux nouveaux Laur\u00e9ats R\u00e9seau Entreprendre Bretagne - R\u00e9seau Entreprendre Bretagne","isPartOf":{"@id":"https:\/\/www.reseau-entreprendre.org\/bretagne\/#website"},"primaryImageOfPage":{"@id":"https:\/\/www.reseau-entreprendre.org\/bretagne\/2018\/06\/06\/ille-et-vilaine-deux-nouveaux-laureats-reseau-entreprendre-bretagne\/#primaryimage"},"image":{"@id":"https:\/\/www.reseau-entreprendre.org\/bretagne\/2018\/06\/06\/ille-et-vilaine-deux-nouveaux-laureats-reseau-entreprendre-bretagne\/#primaryimage"},"thumbnailUrl":"https:\/\/www.reseau-entreprendre.org\/bretagne\/wp-content\/uploads\/sites\/3\/2018\/06\/UN-GRAND-MARCHE.jpg","datePublished":"2018-06-06T08:09:32+00:00","dateModified":"2022-04-11T15:20:17+00:00","author":{"@id":""},"breadcrumb":{"@id":"https:\/\/www.reseau-entreprendre.org\/bretagne\/2018\/06\/06\/ille-et-vilaine-deux-nouveaux-laureats-reseau-entreprendre-bretagne\/#breadcrumb"},"inLanguage":"fr-FR","potentialAction":[{"@type":"ReadAction","target":["https:\/\/www.reseau-entreprendre.org\/bretagne\/2018\/06\/06\/ille-et-vilaine-deux-nouveaux-laureats-reseau-entreprendre-bretagne\/"]}]},{"@type":"ImageObject","inLanguage":"fr-FR","@id":"https:\/\/www.reseau-entreprendre.org\/bretagne\/2018\/06\/06\/ille-et-vilaine-deux-nouveaux-laureats-reseau-entreprendre-bretagne\/#primaryimage","url":"https:\/\/www.reseau-entreprendre.org\/bretagne\/wp-content\/uploads\/sites\/3\/2018\/06\/UN-GRAND-MARCHE.jpg","contentUrl":"https:\/\/www.reseau-entreprendre.org\/bretagne\/wp-content\/uploads\/sites\/3\/2018\/06\/UN-GRAND-MARCHE.jpg","width":2448,"height":3264},{"@type":"BreadcrumbList","@id":"https:\/\/www.reseau-entreprendre.org\/bretagne\/2018\/06\/06\/ille-et-vilaine-deux-nouveaux-laureats-reseau-entreprendre-bretagne\/#breadcrumb","itemListElement":[{"@type":"ListItem","position":1,"name":"Accueil","item":"https:\/\/www.reseau-entreprendre.org\/bretagne\/"},{"@type":"ListItem","position":2,"name":"ille-et-Vilaine : Deux nouveaux Laur\u00e9ats R\u00e9seau Entreprendre Bretagne"}]},{"@type":"WebSite","@id":"https:\/\/www.reseau-entreprendre.org\/bretagne\/#website","url":"https:\/\/www.reseau-entreprendre.org\/bretagne\/","name":"R\u00e9seau Entreprendre Bretagne","description":"Pour cr\u00e9er des emplois, cr\u00e9ons des employeurs","potentialAction":[{"@type":"SearchAction","target":{"@type":"EntryPoint","urlTemplate":"https:\/\/www.reseau-entreprendre.org\/bretagne\/?s={search_term_string}"},"query-input":{"@type":"PropertyValueSpecification","valueRequired":true,"valueName":"search_term_string"}}],"inLanguage":"fr-FR"},{"@type":"Person","@id":"","url":"https:\/\/www.reseau-entreprendre.org\/bretagne\/author\/"}]}},"_links":{"self":[{"href":"https:\/\/www.reseau-entreprendre.org\/bretagne\/wp-json\/wp\/v2\/posts\/1372","targetHints":{"allow":["GET"]}}],"collection":[{"href":"https:\/\/www.reseau-entreprendre.org\/bretagne\/wp-json\/wp\/v2\/posts"}],"about":[{"href":"https:\/\/www.reseau-entreprendre.org\/bretagne\/wp-json\/wp\/v2\/types\/post"}],"author":[{"embeddable":true,"href":"https:\/\/www.reseau-entreprendre.org\/bretagne\/wp-json\/wp\/v2\/users\/87"}],"replies":[{"embeddable":true,"href":"https:\/\/www.reseau-entreprendre.org\/bretagne\/wp-json\/wp\/v2\/comments?post=1372"}],"version-history":[{"count":0,"href":"https:\/\/www.reseau-entreprendre.org\/bretagne\/wp-json\/wp\/v2\/posts\/1372\/revisions"}],"wp:featuredmedia":[{"embeddable":true,"href":"https:\/\/www.reseau-entreprendre.org\/bretagne\/wp-json\/wp\/v2\/media\/1373"}],"wp:attachment":[{"href":"https:\/\/www.reseau-entreprendre.org\/bretagne\/wp-json\/wp\/v2\/media?parent=1372"}],"wp:term":[{"taxonomy":"category","embeddable":true,"href":"https:\/\/www.reseau-entreprendre.org\/bretagne\/wp-json\/wp\/v2\/categories?post=1372"},{"taxonomy":"post_tag","embeddable":true,"href":"https:\/\/www.reseau-entreprendre.org\/bretagne\/wp-json\/wp\/v2\/tags?post=1372"}],"curies":[{"name":"wp","href":"https:\/\/api.w.org\/{rel}","templated":true}]}}