{"id":1386,"date":"2018-06-15T12:03:42","date_gmt":"2018-06-15T10:03:42","guid":{"rendered":"https:\/\/www.reseau-entreprendre.org\/bretagne\/?p=1386"},"modified":"2022-04-11T17:20:17","modified_gmt":"2022-04-11T15:20:17","slug":"tous-engages-tous-en-scene-dans-le-morbihan","status":"publish","type":"post","link":"https:\/\/www.reseau-entreprendre.org\/bretagne\/2018\/06\/15\/tous-engages-tous-en-scene-dans-le-morbihan\/","title":{"rendered":"Tous engag\u00e9s, tous en sc\u00e8ne dans le Morbihan !"},"content":{"rendered":"<p>La f\u00eate des laur\u00e9ats 56 a pr\u00e9sent\u00e9 les 12 laur\u00e9ats de sa promotion annuelle au Th\u00e9\u00e2tre de La Lucarne le 14 juin. Une occasion pour nos entrepreneurs de faire preuve d&#8217;audace sur sc\u00e8ne lors d&#8217;une chor\u00e9graphie, tout comme ils en font preuve tous les jours dans leur entreprise.<\/p>\n<p>Le Quatuor Annesci, un quatuor \u00e0 cordes, a ensuite parl\u00e9 et jou\u00e9 &#8220;Quand la musique r\u00e9sonne management !&#8221;, une mise en situation de la musique et du management. L&#8217;audace de faire preuve de collaboration pour plus d&#8217;efficacit\u00e9 au quotidien.<\/p>\n<p>150 participants \u00e0 cette soir\u00e9e artistique et entreprenariale, qui se sont retrouv\u00e9s au cocktail dans une ambiance festive.<\/p>\n<p>Merci \u00e0 nos partenaires : Groupama, Soci\u00e9t\u00e9 d&#8217;avocats Chappel, Eurovia, Golfe du Morbihan Vannes Agglom\u00e9ration.<\/p>\n","protected":false},"excerpt":{"rendered":"<p>La f\u00eate des laur\u00e9ats 56 a pr\u00e9sent\u00e9 les 12 laur\u00e9ats<\/p>\n","protected":false},"author":89,"featured_media":1387,"comment_status":"closed","ping_status":"open","sticky":false,"template":"","format":"standard","meta":{"_acf_changed":false,"_monsterinsights_skip_tracking":false,"_monsterinsights_sitenote_active":false,"_monsterinsights_sitenote_note":"","_monsterinsights_sitenote_category":0,"footnotes":""},"categories":[4],"tags":[],"class_list":["post-1386","post","type-post","status-publish","format-standard","has-post-thumbnail","hentry","category-actualites","news"],"acf":[],"yoast_head":"<!-- This site is optimized with the Yoast SEO plugin v27.4 - https:\/\/yoast.com\/product\/yoast-seo-wordpress\/ -->\n<title>Tous engag\u00e9s, tous en sc\u00e8ne dans le Morbihan ! - R\u00e9seau Entreprendre Bretagne<\/title>\n<meta name=\"robots\" content=\"index, follow, max-snippet:-1, max-image-preview:large, max-video-preview:-1\" \/>\n<link rel=\"canonical\" href=\"https:\/\/www.reseau-entreprendre.org\/bretagne\/2018\/06\/15\/tous-engages-tous-en-scene-dans-le-morbihan\/\" \/>\n<meta property=\"og:locale\" content=\"fr_FR\" \/>\n<meta property=\"og:type\" content=\"article\" \/>\n<meta property=\"og:title\" content=\"Tous engag\u00e9s, tous en sc\u00e8ne dans le Morbihan ! - R\u00e9seau Entreprendre Bretagne\" \/>\n<meta property=\"og:description\" content=\"La f\u00eate des laur\u00e9ats 56 a pr\u00e9sent\u00e9 les 12 laur\u00e9ats\" \/>\n<meta property=\"og:url\" content=\"https:\/\/www.reseau-entreprendre.org\/bretagne\/2018\/06\/15\/tous-engages-tous-en-scene-dans-le-morbihan\/\" \/>\n<meta property=\"og:site_name\" content=\"R\u00e9seau Entreprendre Bretagne\" \/>\n<meta property=\"article:publisher\" content=\"https:\/\/www.facebook.com\/reseauentreprendrebretagne\/\" \/>\n<meta property=\"article:published_time\" content=\"2018-06-15T10:03:42+00:00\" \/>\n<meta property=\"article:modified_time\" content=\"2022-04-11T15:20:17+00:00\" \/>\n<meta property=\"og:image\" content=\"https:\/\/www.reseau-entreprendre.org\/bretagne\/wp-content\/uploads\/sites\/3\/2018\/06\/Photo-laur\u00e9ats-all\u00e9g\u00e9e.jpg\" \/>\n\t<meta property=\"og:image:width\" content=\"1546\" \/>\n\t<meta property=\"og:image:height\" content=\"940\" \/>\n\t<meta property=\"og:image:type\" content=\"image\/jpeg\" \/>\n<meta name=\"author\" content=\"fmariet\" \/>\n<meta name=\"twitter:card\" content=\"summary_large_image\" \/>\n<meta name=\"twitter:creator\" content=\"@RE_Bretagne\" \/>\n<meta name=\"twitter:site\" content=\"@RE_Bretagne\" \/>\n<meta name=\"twitter:label1\" content=\"\u00c9crit par\" \/>\n\t<meta name=\"twitter:data1\" content=\"fmariet\" \/>\n\t<meta name=\"twitter:label2\" content=\"Dur\u00e9e de lecture estim\u00e9e\" \/>\n\t<meta name=\"twitter:data2\" content=\"1 minute\" \/>\n<script type=\"application\/ld+json\" class=\"yoast-schema-graph\">{\"@context\":\"https:\\\/\\\/schema.org\",\"@graph\":[{\"@type\":\"Article\",\"@id\":\"https:\\\/\\\/www.reseau-entreprendre.org\\\/bretagne\\\/2018\\\/06\\\/15\\\/tous-engages-tous-en-scene-dans-le-morbihan\\\/#article\",\"isPartOf\":{\"@id\":\"https:\\\/\\\/www.reseau-entreprendre.org\\\/bretagne\\\/2018\\\/06\\\/15\\\/tous-engages-tous-en-scene-dans-le-morbihan\\\/\"},\"author\":{\"name\":\"fmariet\",\"@id\":\"https:\\\/\\\/www.reseau-entreprendre.org\\\/bretagne\\\/#\\\/schema\\\/person\\\/0787c8eb1efbf5de43caa62b73f8de28\"},\"headline\":\"Tous engag\u00e9s, tous en sc\u00e8ne dans le Morbihan !\",\"datePublished\":\"2018-06-15T10:03:42+00:00\",\"dateModified\":\"2022-04-11T15:20:17+00:00\",\"mainEntityOfPage\":{\"@id\":\"https:\\\/\\\/www.reseau-entreprendre.org\\\/bretagne\\\/2018\\\/06\\\/15\\\/tous-engages-tous-en-scene-dans-le-morbihan\\\/\"},\"wordCount\":138,\"image\":{\"@id\":\"https:\\\/\\\/www.reseau-entreprendre.org\\\/bretagne\\\/2018\\\/06\\\/15\\\/tous-engages-tous-en-scene-dans-le-morbihan\\\/#primaryimage\"},\"thumbnailUrl\":\"https:\\\/\\\/www.reseau-entreprendre.org\\\/bretagne\\\/wp-content\\\/uploads\\\/sites\\\/3\\\/2018\\\/06\\\/Photo-laur\u00e9ats-all\u00e9g\u00e9e.jpg\",\"articleSection\":[\"Actualit\u00e9s\"],\"inLanguage\":\"fr-FR\"},{\"@type\":\"WebPage\",\"@id\":\"https:\\\/\\\/www.reseau-entreprendre.org\\\/bretagne\\\/2018\\\/06\\\/15\\\/tous-engages-tous-en-scene-dans-le-morbihan\\\/\",\"url\":\"https:\\\/\\\/www.reseau-entreprendre.org\\\/bretagne\\\/2018\\\/06\\\/15\\\/tous-engages-tous-en-scene-dans-le-morbihan\\\/\",\"name\":\"Tous engag\u00e9s, tous en sc\u00e8ne dans le Morbihan ! - R\u00e9seau Entreprendre Bretagne\",\"isPartOf\":{\"@id\":\"https:\\\/\\\/www.reseau-entreprendre.org\\\/bretagne\\\/#website\"},\"primaryImageOfPage\":{\"@id\":\"https:\\\/\\\/www.reseau-entreprendre.org\\\/bretagne\\\/2018\\\/06\\\/15\\\/tous-engages-tous-en-scene-dans-le-morbihan\\\/#primaryimage\"},\"image\":{\"@id\":\"https:\\\/\\\/www.reseau-entreprendre.org\\\/bretagne\\\/2018\\\/06\\\/15\\\/tous-engages-tous-en-scene-dans-le-morbihan\\\/#primaryimage\"},\"thumbnailUrl\":\"https:\\\/\\\/www.reseau-entreprendre.org\\\/bretagne\\\/wp-content\\\/uploads\\\/sites\\\/3\\\/2018\\\/06\\\/Photo-laur\u00e9ats-all\u00e9g\u00e9e.jpg\",\"datePublished\":\"2018-06-15T10:03:42+00:00\",\"dateModified\":\"2022-04-11T15:20:17+00:00\",\"author\":{\"@id\":\"https:\\\/\\\/www.reseau-entreprendre.org\\\/bretagne\\\/#\\\/schema\\\/person\\\/0787c8eb1efbf5de43caa62b73f8de28\"},\"breadcrumb\":{\"@id\":\"https:\\\/\\\/www.reseau-entreprendre.org\\\/bretagne\\\/2018\\\/06\\\/15\\\/tous-engages-tous-en-scene-dans-le-morbihan\\\/#breadcrumb\"},\"inLanguage\":\"fr-FR\",\"potentialAction\":[{\"@type\":\"ReadAction\",\"target\":[\"https:\\\/\\\/www.reseau-entreprendre.org\\\/bretagne\\\/2018\\\/06\\\/15\\\/tous-engages-tous-en-scene-dans-le-morbihan\\\/\"]}]},{\"@type\":\"ImageObject\",\"inLanguage\":\"fr-FR\",\"@id\":\"https:\\\/\\\/www.reseau-entreprendre.org\\\/bretagne\\\/2018\\\/06\\\/15\\\/tous-engages-tous-en-scene-dans-le-morbihan\\\/#primaryimage\",\"url\":\"https:\\\/\\\/www.reseau-entreprendre.org\\\/bretagne\\\/wp-content\\\/uploads\\\/sites\\\/3\\\/2018\\\/06\\\/Photo-laur\u00e9ats-all\u00e9g\u00e9e.jpg\",\"contentUrl\":\"https:\\\/\\\/www.reseau-entreprendre.org\\\/bretagne\\\/wp-content\\\/uploads\\\/sites\\\/3\\\/2018\\\/06\\\/Photo-laur\u00e9ats-all\u00e9g\u00e9e.jpg\",\"width\":1546,\"height\":940},{\"@type\":\"BreadcrumbList\",\"@id\":\"https:\\\/\\\/www.reseau-entreprendre.org\\\/bretagne\\\/2018\\\/06\\\/15\\\/tous-engages-tous-en-scene-dans-le-morbihan\\\/#breadcrumb\",\"itemListElement\":[{\"@type\":\"ListItem\",\"position\":1,\"name\":\"Accueil\",\"item\":\"https:\\\/\\\/www.reseau-entreprendre.org\\\/bretagne\\\/\"},{\"@type\":\"ListItem\",\"position\":2,\"name\":\"Tous engag\u00e9s, tous en sc\u00e8ne dans le Morbihan !\"}]},{\"@type\":\"WebSite\",\"@id\":\"https:\\\/\\\/www.reseau-entreprendre.org\\\/bretagne\\\/#website\",\"url\":\"https:\\\/\\\/www.reseau-entreprendre.org\\\/bretagne\\\/\",\"name\":\"R\u00e9seau Entreprendre Bretagne\",\"description\":\"Pour cr\u00e9er des emplois, cr\u00e9ons des employeurs\",\"potentialAction\":[{\"@type\":\"SearchAction\",\"target\":{\"@type\":\"EntryPoint\",\"urlTemplate\":\"https:\\\/\\\/www.reseau-entreprendre.org\\\/bretagne\\\/?s={search_term_string}\"},\"query-input\":{\"@type\":\"PropertyValueSpecification\",\"valueRequired\":true,\"valueName\":\"search_term_string\"}}],\"inLanguage\":\"fr-FR\"},{\"@type\":\"Person\",\"@id\":\"https:\\\/\\\/www.reseau-entreprendre.org\\\/bretagne\\\/#\\\/schema\\\/person\\\/0787c8eb1efbf5de43caa62b73f8de28\",\"name\":\"fmariet\",\"image\":{\"@type\":\"ImageObject\",\"inLanguage\":\"fr-FR\",\"@id\":\"https:\\\/\\\/secure.gravatar.com\\\/avatar\\\/4fc6b6a48dfeef075e4ab63a7d6204a3f50fa3e56ea586d7c693aa1c4b70b84c?s=96&d=mm&r=g\",\"url\":\"https:\\\/\\\/secure.gravatar.com\\\/avatar\\\/4fc6b6a48dfeef075e4ab63a7d6204a3f50fa3e56ea586d7c693aa1c4b70b84c?s=96&d=mm&r=g\",\"contentUrl\":\"https:\\\/\\\/secure.gravatar.com\\\/avatar\\\/4fc6b6a48dfeef075e4ab63a7d6204a3f50fa3e56ea586d7c693aa1c4b70b84c?s=96&d=mm&r=g\",\"caption\":\"fmariet\"},\"url\":\"https:\\\/\\\/www.reseau-entreprendre.org\\\/bretagne\\\/author\\\/fmariet\\\/\"}]}<\/script>\n<!-- \/ Yoast SEO plugin. -->","yoast_head_json":{"title":"Tous engag\u00e9s, tous en sc\u00e8ne dans le Morbihan ! - R\u00e9seau Entreprendre Bretagne","robots":{"index":"index","follow":"follow","max-snippet":"max-snippet:-1","max-image-preview":"max-image-preview:large","max-video-preview":"max-video-preview:-1"},"canonical":"https:\/\/www.reseau-entreprendre.org\/bretagne\/2018\/06\/15\/tous-engages-tous-en-scene-dans-le-morbihan\/","og_locale":"fr_FR","og_type":"article","og_title":"Tous engag\u00e9s, tous en sc\u00e8ne dans le Morbihan ! - R\u00e9seau Entreprendre Bretagne","og_description":"La f\u00eate des laur\u00e9ats 56 a pr\u00e9sent\u00e9 les 12 laur\u00e9ats","og_url":"https:\/\/www.reseau-entreprendre.org\/bretagne\/2018\/06\/15\/tous-engages-tous-en-scene-dans-le-morbihan\/","og_site_name":"R\u00e9seau Entreprendre Bretagne","article_publisher":"https:\/\/www.facebook.com\/reseauentreprendrebretagne\/","article_published_time":"2018-06-15T10:03:42+00:00","article_modified_time":"2022-04-11T15:20:17+00:00","og_image":[{"width":1546,"height":940,"url":"https:\/\/www.reseau-entreprendre.org\/bretagne\/wp-content\/uploads\/sites\/3\/2018\/06\/Photo-laur\u00e9ats-all\u00e9g\u00e9e.jpg","type":"image\/jpeg"}],"author":"fmariet","twitter_card":"summary_large_image","twitter_creator":"@RE_Bretagne","twitter_site":"@RE_Bretagne","twitter_misc":{"\u00c9crit par":"fmariet","Dur\u00e9e de lecture estim\u00e9e":"1 minute"},"schema":{"@context":"https:\/\/schema.org","@graph":[{"@type":"Article","@id":"https:\/\/www.reseau-entreprendre.org\/bretagne\/2018\/06\/15\/tous-engages-tous-en-scene-dans-le-morbihan\/#article","isPartOf":{"@id":"https:\/\/www.reseau-entreprendre.org\/bretagne\/2018\/06\/15\/tous-engages-tous-en-scene-dans-le-morbihan\/"},"author":{"name":"fmariet","@id":"https:\/\/www.reseau-entreprendre.org\/bretagne\/#\/schema\/person\/0787c8eb1efbf5de43caa62b73f8de28"},"headline":"Tous engag\u00e9s, tous en sc\u00e8ne dans le Morbihan !","datePublished":"2018-06-15T10:03:42+00:00","dateModified":"2022-04-11T15:20:17+00:00","mainEntityOfPage":{"@id":"https:\/\/www.reseau-entreprendre.org\/bretagne\/2018\/06\/15\/tous-engages-tous-en-scene-dans-le-morbihan\/"},"wordCount":138,"image":{"@id":"https:\/\/www.reseau-entreprendre.org\/bretagne\/2018\/06\/15\/tous-engages-tous-en-scene-dans-le-morbihan\/#primaryimage"},"thumbnailUrl":"https:\/\/www.reseau-entreprendre.org\/bretagne\/wp-content\/uploads\/sites\/3\/2018\/06\/Photo-laur\u00e9ats-all\u00e9g\u00e9e.jpg","articleSection":["Actualit\u00e9s"],"inLanguage":"fr-FR"},{"@type":"WebPage","@id":"https:\/\/www.reseau-entreprendre.org\/bretagne\/2018\/06\/15\/tous-engages-tous-en-scene-dans-le-morbihan\/","url":"https:\/\/www.reseau-entreprendre.org\/bretagne\/2018\/06\/15\/tous-engages-tous-en-scene-dans-le-morbihan\/","name":"Tous engag\u00e9s, tous en sc\u00e8ne dans le Morbihan ! - R\u00e9seau Entreprendre Bretagne","isPartOf":{"@id":"https:\/\/www.reseau-entreprendre.org\/bretagne\/#website"},"primaryImageOfPage":{"@id":"https:\/\/www.reseau-entreprendre.org\/bretagne\/2018\/06\/15\/tous-engages-tous-en-scene-dans-le-morbihan\/#primaryimage"},"image":{"@id":"https:\/\/www.reseau-entreprendre.org\/bretagne\/2018\/06\/15\/tous-engages-tous-en-scene-dans-le-morbihan\/#primaryimage"},"thumbnailUrl":"https:\/\/www.reseau-entreprendre.org\/bretagne\/wp-content\/uploads\/sites\/3\/2018\/06\/Photo-laur\u00e9ats-all\u00e9g\u00e9e.jpg","datePublished":"2018-06-15T10:03:42+00:00","dateModified":"2022-04-11T15:20:17+00:00","author":{"@id":"https:\/\/www.reseau-entreprendre.org\/bretagne\/#\/schema\/person\/0787c8eb1efbf5de43caa62b73f8de28"},"breadcrumb":{"@id":"https:\/\/www.reseau-entreprendre.org\/bretagne\/2018\/06\/15\/tous-engages-tous-en-scene-dans-le-morbihan\/#breadcrumb"},"inLanguage":"fr-FR","potentialAction":[{"@type":"ReadAction","target":["https:\/\/www.reseau-entreprendre.org\/bretagne\/2018\/06\/15\/tous-engages-tous-en-scene-dans-le-morbihan\/"]}]},{"@type":"ImageObject","inLanguage":"fr-FR","@id":"https:\/\/www.reseau-entreprendre.org\/bretagne\/2018\/06\/15\/tous-engages-tous-en-scene-dans-le-morbihan\/#primaryimage","url":"https:\/\/www.reseau-entreprendre.org\/bretagne\/wp-content\/uploads\/sites\/3\/2018\/06\/Photo-laur\u00e9ats-all\u00e9g\u00e9e.jpg","contentUrl":"https:\/\/www.reseau-entreprendre.org\/bretagne\/wp-content\/uploads\/sites\/3\/2018\/06\/Photo-laur\u00e9ats-all\u00e9g\u00e9e.jpg","width":1546,"height":940},{"@type":"BreadcrumbList","@id":"https:\/\/www.reseau-entreprendre.org\/bretagne\/2018\/06\/15\/tous-engages-tous-en-scene-dans-le-morbihan\/#breadcrumb","itemListElement":[{"@type":"ListItem","position":1,"name":"Accueil","item":"https:\/\/www.reseau-entreprendre.org\/bretagne\/"},{"@type":"ListItem","position":2,"name":"Tous engag\u00e9s, tous en sc\u00e8ne dans le Morbihan !"}]},{"@type":"WebSite","@id":"https:\/\/www.reseau-entreprendre.org\/bretagne\/#website","url":"https:\/\/www.reseau-entreprendre.org\/bretagne\/","name":"R\u00e9seau Entreprendre Bretagne","description":"Pour cr\u00e9er des emplois, cr\u00e9ons des employeurs","potentialAction":[{"@type":"SearchAction","target":{"@type":"EntryPoint","urlTemplate":"https:\/\/www.reseau-entreprendre.org\/bretagne\/?s={search_term_string}"},"query-input":{"@type":"PropertyValueSpecification","valueRequired":true,"valueName":"search_term_string"}}],"inLanguage":"fr-FR"},{"@type":"Person","@id":"https:\/\/www.reseau-entreprendre.org\/bretagne\/#\/schema\/person\/0787c8eb1efbf5de43caa62b73f8de28","name":"fmariet","image":{"@type":"ImageObject","inLanguage":"fr-FR","@id":"https:\/\/secure.gravatar.com\/avatar\/4fc6b6a48dfeef075e4ab63a7d6204a3f50fa3e56ea586d7c693aa1c4b70b84c?s=96&d=mm&r=g","url":"https:\/\/secure.gravatar.com\/avatar\/4fc6b6a48dfeef075e4ab63a7d6204a3f50fa3e56ea586d7c693aa1c4b70b84c?s=96&d=mm&r=g","contentUrl":"https:\/\/secure.gravatar.com\/avatar\/4fc6b6a48dfeef075e4ab63a7d6204a3f50fa3e56ea586d7c693aa1c4b70b84c?s=96&d=mm&r=g","caption":"fmariet"},"url":"https:\/\/www.reseau-entreprendre.org\/bretagne\/author\/fmariet\/"}]}},"_links":{"self":[{"href":"https:\/\/www.reseau-entreprendre.org\/bretagne\/wp-json\/wp\/v2\/posts\/1386","targetHints":{"allow":["GET"]}}],"collection":[{"href":"https:\/\/www.reseau-entreprendre.org\/bretagne\/wp-json\/wp\/v2\/posts"}],"about":[{"href":"https:\/\/www.reseau-entreprendre.org\/bretagne\/wp-json\/wp\/v2\/types\/post"}],"author":[{"embeddable":true,"href":"https:\/\/www.reseau-entreprendre.org\/bretagne\/wp-json\/wp\/v2\/users\/89"}],"replies":[{"embeddable":true,"href":"https:\/\/www.reseau-entreprendre.org\/bretagne\/wp-json\/wp\/v2\/comments?post=1386"}],"version-history":[{"count":0,"href":"https:\/\/www.reseau-entreprendre.org\/bretagne\/wp-json\/wp\/v2\/posts\/1386\/revisions"}],"wp:featuredmedia":[{"embeddable":true,"href":"https:\/\/www.reseau-entreprendre.org\/bretagne\/wp-json\/wp\/v2\/media\/1387"}],"wp:attachment":[{"href":"https:\/\/www.reseau-entreprendre.org\/bretagne\/wp-json\/wp\/v2\/media?parent=1386"}],"wp:term":[{"taxonomy":"category","embeddable":true,"href":"https:\/\/www.reseau-entreprendre.org\/bretagne\/wp-json\/wp\/v2\/categories?post=1386"},{"taxonomy":"post_tag","embeddable":true,"href":"https:\/\/www.reseau-entreprendre.org\/bretagne\/wp-json\/wp\/v2\/tags?post=1386"}],"curies":[{"name":"wp","href":"https:\/\/api.w.org\/{rel}","templated":true}]}}