{"id":1404,"date":"2018-07-04T12:03:29","date_gmt":"2018-07-04T10:03:29","guid":{"rendered":"https:\/\/www.reseau-entreprendre.org\/bretagne\/?p=1404"},"modified":"2022-04-11T17:20:17","modified_gmt":"2022-04-11T15:20:17","slug":"laureats-56-pour-la-reprise-de-calorifuge-isolation-industriel","status":"publish","type":"post","link":"https:\/\/www.reseau-entreprendre.org\/bretagne\/2018\/07\/04\/laureats-56-pour-la-reprise-de-calorifuge-isolation-industriel\/","title":{"rendered":"Morbihan : Deux nouveaux Laur\u00e9ats pour la reprise de Calorifuge Isolation Industriel"},"content":{"rendered":"<p style=\"text-align: justify\">L&#8217;entreprise CALORIFUGE ISOLATION INDUSTRIEL a \u00e9t\u00e9 reprise par Bruno GENUYT et Pascal HAMON, qui deviennent Laur\u00e9ats R\u00e9seau Entreprendre Bretagne. L\u2019entreprise, situ\u00e9e \u00e0 Merlevenez, fabrique, fournit et pose du calorifuge sur tuyauterie industrielle, gaine de ventilation et r\u00e9seaux. Elle emploie 8 salari\u00e9s.<\/p>\n<p style=\"text-align: justify\">Bruno GENUYT et Pascal HAMON obtiennent un pr\u00eat d&#8217;honneur de 15 000 \u20ac. Ils sont accompagn\u00e9s par Fran\u00e7ois COUDRON (SAUGERA).<\/p>\n","protected":false},"excerpt":{"rendered":"<p>L&#8217;entreprise CALORIFUGE ISOLATION INDUSTRIEL a \u00e9t\u00e9 reprise par Bruno GENUYT<\/p>\n","protected":false},"author":89,"featured_media":1405,"comment_status":"closed","ping_status":"open","sticky":false,"template":"","format":"standard","meta":{"_acf_changed":false,"_monsterinsights_skip_tracking":false,"_monsterinsights_sitenote_active":false,"_monsterinsights_sitenote_note":"","_monsterinsights_sitenote_category":0,"footnotes":""},"categories":[4],"tags":[],"class_list":["post-1404","post","type-post","status-publish","format-standard","has-post-thumbnail","hentry","category-actualites","news"],"acf":[],"yoast_head":"<!-- This site is optimized with the Yoast SEO plugin v27.4 - https:\/\/yoast.com\/product\/yoast-seo-wordpress\/ -->\n<title>Morbihan : Deux nouveaux Laur\u00e9ats pour la reprise de Calorifuge Isolation Industriel - R\u00e9seau Entreprendre Bretagne<\/title>\n<meta name=\"robots\" content=\"index, follow, max-snippet:-1, max-image-preview:large, max-video-preview:-1\" \/>\n<link rel=\"canonical\" href=\"https:\/\/www.reseau-entreprendre.org\/bretagne\/2018\/07\/04\/laureats-56-pour-la-reprise-de-calorifuge-isolation-industriel\/\" \/>\n<meta property=\"og:locale\" content=\"fr_FR\" \/>\n<meta property=\"og:type\" content=\"article\" \/>\n<meta property=\"og:title\" content=\"Morbihan : Deux nouveaux Laur\u00e9ats pour la reprise de Calorifuge Isolation Industriel - R\u00e9seau Entreprendre Bretagne\" \/>\n<meta property=\"og:description\" content=\"L&#8217;entreprise CALORIFUGE ISOLATION INDUSTRIEL a \u00e9t\u00e9 reprise par Bruno GENUYT\" \/>\n<meta property=\"og:url\" content=\"https:\/\/www.reseau-entreprendre.org\/bretagne\/2018\/07\/04\/laureats-56-pour-la-reprise-de-calorifuge-isolation-industriel\/\" \/>\n<meta property=\"og:site_name\" content=\"R\u00e9seau Entreprendre Bretagne\" \/>\n<meta property=\"article:publisher\" content=\"https:\/\/www.facebook.com\/reseauentreprendrebretagne\/\" \/>\n<meta property=\"article:published_time\" content=\"2018-07-04T10:03:29+00:00\" \/>\n<meta property=\"article:modified_time\" content=\"2022-04-11T15:20:17+00:00\" \/>\n<meta property=\"og:image\" content=\"https:\/\/www.reseau-entreprendre.org\/bretagne\/wp-content\/uploads\/sites\/3\/2018\/07\/Photo-CII.jpg\" \/>\n\t<meta property=\"og:image:width\" content=\"640\" \/>\n\t<meta property=\"og:image:height\" content=\"480\" \/>\n\t<meta property=\"og:image:type\" content=\"image\/jpeg\" \/>\n<meta name=\"author\" content=\"fmariet\" \/>\n<meta name=\"twitter:card\" content=\"summary_large_image\" \/>\n<meta name=\"twitter:creator\" content=\"@RE_Bretagne\" \/>\n<meta name=\"twitter:site\" content=\"@RE_Bretagne\" \/>\n<meta name=\"twitter:label1\" content=\"\u00c9crit par\" \/>\n\t<meta name=\"twitter:data1\" content=\"fmariet\" \/>\n<script type=\"application\/ld+json\" class=\"yoast-schema-graph\">{\"@context\":\"https:\\\/\\\/schema.org\",\"@graph\":[{\"@type\":\"Article\",\"@id\":\"https:\\\/\\\/www.reseau-entreprendre.org\\\/bretagne\\\/2018\\\/07\\\/04\\\/laureats-56-pour-la-reprise-de-calorifuge-isolation-industriel\\\/#article\",\"isPartOf\":{\"@id\":\"https:\\\/\\\/www.reseau-entreprendre.org\\\/bretagne\\\/2018\\\/07\\\/04\\\/laureats-56-pour-la-reprise-de-calorifuge-isolation-industriel\\\/\"},\"author\":{\"name\":\"fmariet\",\"@id\":\"https:\\\/\\\/www.reseau-entreprendre.org\\\/bretagne\\\/#\\\/schema\\\/person\\\/0787c8eb1efbf5de43caa62b73f8de28\"},\"headline\":\"Morbihan : Deux nouveaux Laur\u00e9ats pour la reprise de Calorifuge Isolation Industriel\",\"datePublished\":\"2018-07-04T10:03:29+00:00\",\"dateModified\":\"2022-04-11T15:20:17+00:00\",\"mainEntityOfPage\":{\"@id\":\"https:\\\/\\\/www.reseau-entreprendre.org\\\/bretagne\\\/2018\\\/07\\\/04\\\/laureats-56-pour-la-reprise-de-calorifuge-isolation-industriel\\\/\"},\"wordCount\":79,\"image\":{\"@id\":\"https:\\\/\\\/www.reseau-entreprendre.org\\\/bretagne\\\/2018\\\/07\\\/04\\\/laureats-56-pour-la-reprise-de-calorifuge-isolation-industriel\\\/#primaryimage\"},\"thumbnailUrl\":\"https:\\\/\\\/www.reseau-entreprendre.org\\\/bretagne\\\/wp-content\\\/uploads\\\/sites\\\/3\\\/2018\\\/07\\\/Photo-CII.jpg\",\"articleSection\":[\"Actualit\u00e9s\"],\"inLanguage\":\"fr-FR\"},{\"@type\":\"WebPage\",\"@id\":\"https:\\\/\\\/www.reseau-entreprendre.org\\\/bretagne\\\/2018\\\/07\\\/04\\\/laureats-56-pour-la-reprise-de-calorifuge-isolation-industriel\\\/\",\"url\":\"https:\\\/\\\/www.reseau-entreprendre.org\\\/bretagne\\\/2018\\\/07\\\/04\\\/laureats-56-pour-la-reprise-de-calorifuge-isolation-industriel\\\/\",\"name\":\"Morbihan : Deux nouveaux Laur\u00e9ats pour la reprise de Calorifuge Isolation Industriel - R\u00e9seau Entreprendre Bretagne\",\"isPartOf\":{\"@id\":\"https:\\\/\\\/www.reseau-entreprendre.org\\\/bretagne\\\/#website\"},\"primaryImageOfPage\":{\"@id\":\"https:\\\/\\\/www.reseau-entreprendre.org\\\/bretagne\\\/2018\\\/07\\\/04\\\/laureats-56-pour-la-reprise-de-calorifuge-isolation-industriel\\\/#primaryimage\"},\"image\":{\"@id\":\"https:\\\/\\\/www.reseau-entreprendre.org\\\/bretagne\\\/2018\\\/07\\\/04\\\/laureats-56-pour-la-reprise-de-calorifuge-isolation-industriel\\\/#primaryimage\"},\"thumbnailUrl\":\"https:\\\/\\\/www.reseau-entreprendre.org\\\/bretagne\\\/wp-content\\\/uploads\\\/sites\\\/3\\\/2018\\\/07\\\/Photo-CII.jpg\",\"datePublished\":\"2018-07-04T10:03:29+00:00\",\"dateModified\":\"2022-04-11T15:20:17+00:00\",\"author\":{\"@id\":\"https:\\\/\\\/www.reseau-entreprendre.org\\\/bretagne\\\/#\\\/schema\\\/person\\\/0787c8eb1efbf5de43caa62b73f8de28\"},\"breadcrumb\":{\"@id\":\"https:\\\/\\\/www.reseau-entreprendre.org\\\/bretagne\\\/2018\\\/07\\\/04\\\/laureats-56-pour-la-reprise-de-calorifuge-isolation-industriel\\\/#breadcrumb\"},\"inLanguage\":\"fr-FR\",\"potentialAction\":[{\"@type\":\"ReadAction\",\"target\":[\"https:\\\/\\\/www.reseau-entreprendre.org\\\/bretagne\\\/2018\\\/07\\\/04\\\/laureats-56-pour-la-reprise-de-calorifuge-isolation-industriel\\\/\"]}]},{\"@type\":\"ImageObject\",\"inLanguage\":\"fr-FR\",\"@id\":\"https:\\\/\\\/www.reseau-entreprendre.org\\\/bretagne\\\/2018\\\/07\\\/04\\\/laureats-56-pour-la-reprise-de-calorifuge-isolation-industriel\\\/#primaryimage\",\"url\":\"https:\\\/\\\/www.reseau-entreprendre.org\\\/bretagne\\\/wp-content\\\/uploads\\\/sites\\\/3\\\/2018\\\/07\\\/Photo-CII.jpg\",\"contentUrl\":\"https:\\\/\\\/www.reseau-entreprendre.org\\\/bretagne\\\/wp-content\\\/uploads\\\/sites\\\/3\\\/2018\\\/07\\\/Photo-CII.jpg\",\"width\":640,\"height\":480},{\"@type\":\"BreadcrumbList\",\"@id\":\"https:\\\/\\\/www.reseau-entreprendre.org\\\/bretagne\\\/2018\\\/07\\\/04\\\/laureats-56-pour-la-reprise-de-calorifuge-isolation-industriel\\\/#breadcrumb\",\"itemListElement\":[{\"@type\":\"ListItem\",\"position\":1,\"name\":\"Accueil\",\"item\":\"https:\\\/\\\/www.reseau-entreprendre.org\\\/bretagne\\\/\"},{\"@type\":\"ListItem\",\"position\":2,\"name\":\"Morbihan : Deux nouveaux Laur\u00e9ats pour la reprise de Calorifuge Isolation Industriel\"}]},{\"@type\":\"WebSite\",\"@id\":\"https:\\\/\\\/www.reseau-entreprendre.org\\\/bretagne\\\/#website\",\"url\":\"https:\\\/\\\/www.reseau-entreprendre.org\\\/bretagne\\\/\",\"name\":\"R\u00e9seau Entreprendre Bretagne\",\"description\":\"Pour cr\u00e9er des emplois, cr\u00e9ons des employeurs\",\"potentialAction\":[{\"@type\":\"SearchAction\",\"target\":{\"@type\":\"EntryPoint\",\"urlTemplate\":\"https:\\\/\\\/www.reseau-entreprendre.org\\\/bretagne\\\/?s={search_term_string}\"},\"query-input\":{\"@type\":\"PropertyValueSpecification\",\"valueRequired\":true,\"valueName\":\"search_term_string\"}}],\"inLanguage\":\"fr-FR\"},{\"@type\":\"Person\",\"@id\":\"https:\\\/\\\/www.reseau-entreprendre.org\\\/bretagne\\\/#\\\/schema\\\/person\\\/0787c8eb1efbf5de43caa62b73f8de28\",\"name\":\"fmariet\",\"image\":{\"@type\":\"ImageObject\",\"inLanguage\":\"fr-FR\",\"@id\":\"https:\\\/\\\/secure.gravatar.com\\\/avatar\\\/4fc6b6a48dfeef075e4ab63a7d6204a3f50fa3e56ea586d7c693aa1c4b70b84c?s=96&d=mm&r=g\",\"url\":\"https:\\\/\\\/secure.gravatar.com\\\/avatar\\\/4fc6b6a48dfeef075e4ab63a7d6204a3f50fa3e56ea586d7c693aa1c4b70b84c?s=96&d=mm&r=g\",\"contentUrl\":\"https:\\\/\\\/secure.gravatar.com\\\/avatar\\\/4fc6b6a48dfeef075e4ab63a7d6204a3f50fa3e56ea586d7c693aa1c4b70b84c?s=96&d=mm&r=g\",\"caption\":\"fmariet\"},\"url\":\"https:\\\/\\\/www.reseau-entreprendre.org\\\/bretagne\\\/author\\\/fmariet\\\/\"}]}<\/script>\n<!-- \/ Yoast SEO plugin. -->","yoast_head_json":{"title":"Morbihan : Deux nouveaux Laur\u00e9ats pour la reprise de Calorifuge Isolation Industriel - R\u00e9seau Entreprendre Bretagne","robots":{"index":"index","follow":"follow","max-snippet":"max-snippet:-1","max-image-preview":"max-image-preview:large","max-video-preview":"max-video-preview:-1"},"canonical":"https:\/\/www.reseau-entreprendre.org\/bretagne\/2018\/07\/04\/laureats-56-pour-la-reprise-de-calorifuge-isolation-industriel\/","og_locale":"fr_FR","og_type":"article","og_title":"Morbihan : Deux nouveaux Laur\u00e9ats pour la reprise de Calorifuge Isolation Industriel - R\u00e9seau Entreprendre Bretagne","og_description":"L&#8217;entreprise CALORIFUGE ISOLATION INDUSTRIEL a \u00e9t\u00e9 reprise par Bruno GENUYT","og_url":"https:\/\/www.reseau-entreprendre.org\/bretagne\/2018\/07\/04\/laureats-56-pour-la-reprise-de-calorifuge-isolation-industriel\/","og_site_name":"R\u00e9seau Entreprendre Bretagne","article_publisher":"https:\/\/www.facebook.com\/reseauentreprendrebretagne\/","article_published_time":"2018-07-04T10:03:29+00:00","article_modified_time":"2022-04-11T15:20:17+00:00","og_image":[{"width":640,"height":480,"url":"https:\/\/www.reseau-entreprendre.org\/bretagne\/wp-content\/uploads\/sites\/3\/2018\/07\/Photo-CII.jpg","type":"image\/jpeg"}],"author":"fmariet","twitter_card":"summary_large_image","twitter_creator":"@RE_Bretagne","twitter_site":"@RE_Bretagne","twitter_misc":{"\u00c9crit par":"fmariet"},"schema":{"@context":"https:\/\/schema.org","@graph":[{"@type":"Article","@id":"https:\/\/www.reseau-entreprendre.org\/bretagne\/2018\/07\/04\/laureats-56-pour-la-reprise-de-calorifuge-isolation-industriel\/#article","isPartOf":{"@id":"https:\/\/www.reseau-entreprendre.org\/bretagne\/2018\/07\/04\/laureats-56-pour-la-reprise-de-calorifuge-isolation-industriel\/"},"author":{"name":"fmariet","@id":"https:\/\/www.reseau-entreprendre.org\/bretagne\/#\/schema\/person\/0787c8eb1efbf5de43caa62b73f8de28"},"headline":"Morbihan : Deux nouveaux Laur\u00e9ats pour la reprise de Calorifuge Isolation Industriel","datePublished":"2018-07-04T10:03:29+00:00","dateModified":"2022-04-11T15:20:17+00:00","mainEntityOfPage":{"@id":"https:\/\/www.reseau-entreprendre.org\/bretagne\/2018\/07\/04\/laureats-56-pour-la-reprise-de-calorifuge-isolation-industriel\/"},"wordCount":79,"image":{"@id":"https:\/\/www.reseau-entreprendre.org\/bretagne\/2018\/07\/04\/laureats-56-pour-la-reprise-de-calorifuge-isolation-industriel\/#primaryimage"},"thumbnailUrl":"https:\/\/www.reseau-entreprendre.org\/bretagne\/wp-content\/uploads\/sites\/3\/2018\/07\/Photo-CII.jpg","articleSection":["Actualit\u00e9s"],"inLanguage":"fr-FR"},{"@type":"WebPage","@id":"https:\/\/www.reseau-entreprendre.org\/bretagne\/2018\/07\/04\/laureats-56-pour-la-reprise-de-calorifuge-isolation-industriel\/","url":"https:\/\/www.reseau-entreprendre.org\/bretagne\/2018\/07\/04\/laureats-56-pour-la-reprise-de-calorifuge-isolation-industriel\/","name":"Morbihan : Deux nouveaux Laur\u00e9ats pour la reprise de Calorifuge Isolation Industriel - R\u00e9seau Entreprendre Bretagne","isPartOf":{"@id":"https:\/\/www.reseau-entreprendre.org\/bretagne\/#website"},"primaryImageOfPage":{"@id":"https:\/\/www.reseau-entreprendre.org\/bretagne\/2018\/07\/04\/laureats-56-pour-la-reprise-de-calorifuge-isolation-industriel\/#primaryimage"},"image":{"@id":"https:\/\/www.reseau-entreprendre.org\/bretagne\/2018\/07\/04\/laureats-56-pour-la-reprise-de-calorifuge-isolation-industriel\/#primaryimage"},"thumbnailUrl":"https:\/\/www.reseau-entreprendre.org\/bretagne\/wp-content\/uploads\/sites\/3\/2018\/07\/Photo-CII.jpg","datePublished":"2018-07-04T10:03:29+00:00","dateModified":"2022-04-11T15:20:17+00:00","author":{"@id":"https:\/\/www.reseau-entreprendre.org\/bretagne\/#\/schema\/person\/0787c8eb1efbf5de43caa62b73f8de28"},"breadcrumb":{"@id":"https:\/\/www.reseau-entreprendre.org\/bretagne\/2018\/07\/04\/laureats-56-pour-la-reprise-de-calorifuge-isolation-industriel\/#breadcrumb"},"inLanguage":"fr-FR","potentialAction":[{"@type":"ReadAction","target":["https:\/\/www.reseau-entreprendre.org\/bretagne\/2018\/07\/04\/laureats-56-pour-la-reprise-de-calorifuge-isolation-industriel\/"]}]},{"@type":"ImageObject","inLanguage":"fr-FR","@id":"https:\/\/www.reseau-entreprendre.org\/bretagne\/2018\/07\/04\/laureats-56-pour-la-reprise-de-calorifuge-isolation-industriel\/#primaryimage","url":"https:\/\/www.reseau-entreprendre.org\/bretagne\/wp-content\/uploads\/sites\/3\/2018\/07\/Photo-CII.jpg","contentUrl":"https:\/\/www.reseau-entreprendre.org\/bretagne\/wp-content\/uploads\/sites\/3\/2018\/07\/Photo-CII.jpg","width":640,"height":480},{"@type":"BreadcrumbList","@id":"https:\/\/www.reseau-entreprendre.org\/bretagne\/2018\/07\/04\/laureats-56-pour-la-reprise-de-calorifuge-isolation-industriel\/#breadcrumb","itemListElement":[{"@type":"ListItem","position":1,"name":"Accueil","item":"https:\/\/www.reseau-entreprendre.org\/bretagne\/"},{"@type":"ListItem","position":2,"name":"Morbihan : Deux nouveaux Laur\u00e9ats pour la reprise de Calorifuge Isolation Industriel"}]},{"@type":"WebSite","@id":"https:\/\/www.reseau-entreprendre.org\/bretagne\/#website","url":"https:\/\/www.reseau-entreprendre.org\/bretagne\/","name":"R\u00e9seau Entreprendre Bretagne","description":"Pour cr\u00e9er des emplois, cr\u00e9ons des employeurs","potentialAction":[{"@type":"SearchAction","target":{"@type":"EntryPoint","urlTemplate":"https:\/\/www.reseau-entreprendre.org\/bretagne\/?s={search_term_string}"},"query-input":{"@type":"PropertyValueSpecification","valueRequired":true,"valueName":"search_term_string"}}],"inLanguage":"fr-FR"},{"@type":"Person","@id":"https:\/\/www.reseau-entreprendre.org\/bretagne\/#\/schema\/person\/0787c8eb1efbf5de43caa62b73f8de28","name":"fmariet","image":{"@type":"ImageObject","inLanguage":"fr-FR","@id":"https:\/\/secure.gravatar.com\/avatar\/4fc6b6a48dfeef075e4ab63a7d6204a3f50fa3e56ea586d7c693aa1c4b70b84c?s=96&d=mm&r=g","url":"https:\/\/secure.gravatar.com\/avatar\/4fc6b6a48dfeef075e4ab63a7d6204a3f50fa3e56ea586d7c693aa1c4b70b84c?s=96&d=mm&r=g","contentUrl":"https:\/\/secure.gravatar.com\/avatar\/4fc6b6a48dfeef075e4ab63a7d6204a3f50fa3e56ea586d7c693aa1c4b70b84c?s=96&d=mm&r=g","caption":"fmariet"},"url":"https:\/\/www.reseau-entreprendre.org\/bretagne\/author\/fmariet\/"}]}},"_links":{"self":[{"href":"https:\/\/www.reseau-entreprendre.org\/bretagne\/wp-json\/wp\/v2\/posts\/1404","targetHints":{"allow":["GET"]}}],"collection":[{"href":"https:\/\/www.reseau-entreprendre.org\/bretagne\/wp-json\/wp\/v2\/posts"}],"about":[{"href":"https:\/\/www.reseau-entreprendre.org\/bretagne\/wp-json\/wp\/v2\/types\/post"}],"author":[{"embeddable":true,"href":"https:\/\/www.reseau-entreprendre.org\/bretagne\/wp-json\/wp\/v2\/users\/89"}],"replies":[{"embeddable":true,"href":"https:\/\/www.reseau-entreprendre.org\/bretagne\/wp-json\/wp\/v2\/comments?post=1404"}],"version-history":[{"count":0,"href":"https:\/\/www.reseau-entreprendre.org\/bretagne\/wp-json\/wp\/v2\/posts\/1404\/revisions"}],"wp:featuredmedia":[{"embeddable":true,"href":"https:\/\/www.reseau-entreprendre.org\/bretagne\/wp-json\/wp\/v2\/media\/1405"}],"wp:attachment":[{"href":"https:\/\/www.reseau-entreprendre.org\/bretagne\/wp-json\/wp\/v2\/media?parent=1404"}],"wp:term":[{"taxonomy":"category","embeddable":true,"href":"https:\/\/www.reseau-entreprendre.org\/bretagne\/wp-json\/wp\/v2\/categories?post=1404"},{"taxonomy":"post_tag","embeddable":true,"href":"https:\/\/www.reseau-entreprendre.org\/bretagne\/wp-json\/wp\/v2\/tags?post=1404"}],"curies":[{"name":"wp","href":"https:\/\/api.w.org\/{rel}","templated":true}]}}