{"id":1407,"date":"2018-07-06T11:33:01","date_gmt":"2018-07-06T09:33:01","guid":{"rendered":"https:\/\/www.reseau-entreprendre.org\/bretagne\/?p=1407"},"modified":"2022-04-11T17:20:17","modified_gmt":"2022-04-11T15:20:17","slug":"cotes-darmor-fete-des-laureats-2018-plus-quune-fete-un-vrai-festival-bobital","status":"publish","type":"post","link":"https:\/\/www.reseau-entreprendre.org\/bretagne\/2018\/07\/06\/cotes-darmor-fete-des-laureats-2018-plus-quune-fete-un-vrai-festival-bobital\/","title":{"rendered":"C\u00f4tes d&#8217;Armor : F\u00eate des Laur\u00e9ats 2018, plus qu&#8217;une f\u00eate un vrai festival, BOBITAL !"},"content":{"rendered":"<p><img loading=\"lazy\" decoding=\"async\" class=\" wp-image-1408 alignleft\" src=\"https:\/\/www.reseau-entreprendre.org\/bretagne\/wp-content\/uploads\/sites\/3\/2018\/07\/Pr\u00e9sentation1-300x169.png\" alt=\"\" width=\"268\" height=\"151\" srcset=\"https:\/\/www.reseau-entreprendre.org\/bretagne\/wp-content\/uploads\/sites\/3\/2018\/07\/Pr\u00e9sentation1-300x169.png 300w, https:\/\/www.reseau-entreprendre.org\/bretagne\/wp-content\/uploads\/sites\/3\/2018\/07\/Pr\u00e9sentation1-768x432.png 768w, https:\/\/www.reseau-entreprendre.org\/bretagne\/wp-content\/uploads\/sites\/3\/2018\/07\/Pr\u00e9sentation1-1024x576.png 1024w, https:\/\/www.reseau-entreprendre.org\/bretagne\/wp-content\/uploads\/sites\/3\/2018\/07\/Pr\u00e9sentation1.png 1280w\" sizes=\"auto, (max-width: 268px) 100vw, 268px\" \/><\/p>\n<p style=\"text-align: justify\"><em><strong>F\u00eate des Laur\u00e9ats 2018 en C\u00f4tes d&#8217;Armor<\/strong> <\/em><\/p>\n<p style=\"text-align: justify\">Cette ann\u00e9e, plus qu&#8217;une f\u00eate, un vrai Festival, nous \u00e9tions tous \u00e0 BOBITAL ! Vous \u00e9tiez 80 chefs d&#8217;entreprises membres du R\u00e9seau \u00e0 vous r\u00e9unir pour d\u00e9couvrir le savoir-faire de nos nouveaux Laur\u00e9ats que, gr\u00e2ce \u00e0 votre engagement, nous soutenons. D\u00e9couverte de leur savoir-faire, t\u00e9moignages, puis route vers le spectacle. Nous \u00e9tions plus de 500 \u00e0 assister \u00e0 un spectacle tonique et \u00e9mouvant sur la diff\u00e9rence avec chants et th\u00e9\u00e2tre par 50 adultes en situation de handicap. L&#8217;\u00e9quipe organisatrice du Festival BOBITAL tenait \u00e0 souligner par ce spectacle <em><strong>&#8220;le vivre ensemble&#8221;.<\/strong><\/em><\/p>\n<p><img loading=\"lazy\" decoding=\"async\" class=\"size-medium wp-image-1413 alignright\" src=\"https:\/\/www.reseau-entreprendre.org\/bretagne\/wp-content\/uploads\/sites\/3\/2018\/07\/soir\u00e9e-300x225.jpeg\" alt=\"\" width=\"300\" height=\"225\" srcset=\"https:\/\/www.reseau-entreprendre.org\/bretagne\/wp-content\/uploads\/sites\/3\/2018\/07\/soir\u00e9e-300x225.jpeg 300w, https:\/\/www.reseau-entreprendre.org\/bretagne\/wp-content\/uploads\/sites\/3\/2018\/07\/soir\u00e9e-768x576.jpeg 768w, https:\/\/www.reseau-entreprendre.org\/bretagne\/wp-content\/uploads\/sites\/3\/2018\/07\/soir\u00e9e-1024x768.jpeg 1024w\" sizes=\"auto, (max-width: 300px) 100vw, 300px\" \/><\/p>\n<p style=\"text-align: justify\">La suite ? Visites des coulisses du Festival (1200 b\u00e9n\u00e9voles, imaginez !), du bon r\u00e9seau dans la convivialit\u00e9, un cocktail sous le soleil et&#8230;un After avec DJ. Au passage, l&#8217;\u00e9quipe Claripharm est venue en force et au complet, ils \u00e9taient 17 \u00e0 la soir\u00e9e pour coupler soir\u00e9e R\u00e9seau et esprit d&#8217;\u00e9quipe, bravo !<\/p>\n<p style=\"text-align: justify\">Vous souhaitez contacter ou\u00a0 d\u00e9couvrir nos 6 laur\u00e9ats de la promo ? Les voici\u00a0 :<\/p>\n<table style=\"height: 188px\" width=\"434\">\n<tbody>\n<tr>\n<td width=\"99\"><\/td>\n<td width=\"155\">Alain ROUGIER <a href=\"http:\/\/segi2a.fr\/\" target=\"_blank\" rel=\"noopener\">SEGI2A et SBAI<\/a><\/td>\n<td width=\"268\"><img loading=\"lazy\" decoding=\"async\" class=\"alignnone size-medium wp-image-1415\" src=\"https:\/\/www.reseau-entreprendre.org\/bretagne\/wp-content\/uploads\/sites\/3\/2018\/07\/Alain-255x300.jpeg\" alt=\"\" width=\"255\" height=\"300\" srcset=\"https:\/\/www.reseau-entreprendre.org\/bretagne\/wp-content\/uploads\/sites\/3\/2018\/07\/Alain-255x300.jpeg 255w, https:\/\/www.reseau-entreprendre.org\/bretagne\/wp-content\/uploads\/sites\/3\/2018\/07\/Alain-768x903.jpeg 768w, https:\/\/www.reseau-entreprendre.org\/bretagne\/wp-content\/uploads\/sites\/3\/2018\/07\/Alain-871x1024.jpeg 871w\" sizes=\"auto, (max-width: 255px) 100vw, 255px\" \/><\/td>\n<\/tr>\n<tr>\n<td width=\"99\"><\/td>\n<td width=\"155\">\u00a0Olivier CHATEL<\/p>\n<p><a href=\"https:\/\/www.davy-couvertures.fr\/\" target=\"_blank\" rel=\"noopener\">ETS DAVY\u00a0\u00a0<\/a><\/td>\n<td width=\"268\"><a href=\"https:\/\/www.davy-couvertures.fr\/\" target=\"_blank\" rel=\"noopener\"><img loading=\"lazy\" decoding=\"async\" class=\"alignnone wp-image-1416 size-medium\" src=\"https:\/\/www.reseau-entreprendre.org\/bretagne\/wp-content\/uploads\/sites\/3\/2018\/07\/Olivier-e1531212869664-225x300.jpeg\" alt=\"\" width=\"225\" height=\"300\" srcset=\"https:\/\/www.reseau-entreprendre.org\/bretagne\/wp-content\/uploads\/sites\/3\/2018\/07\/Olivier-e1531212869664-225x300.jpeg 225w, https:\/\/www.reseau-entreprendre.org\/bretagne\/wp-content\/uploads\/sites\/3\/2018\/07\/Olivier-e1531212869664-768x1024.jpeg 768w\" sizes=\"auto, (max-width: 225px) 100vw, 225px\" \/><\/a><\/td>\n<\/tr>\n<tr>\n<td width=\"99\"><\/td>\n<td width=\"155\">Gilles MERRIEN<\/p>\n<p><a href=\"http:\/\/www.lhabitatsain.fr\/\" target=\"_blank\" rel=\"noopener\">HABITAT ET ENVIRONNEMENT\u00a0<\/a><\/td>\n<td width=\"268\"><a href=\"http:\/\/www.lhabitatsain.fr\/\" target=\"_blank\" rel=\"noopener\">\u00a0<\/a><a href=\"http:\/\/www.lhabitatsain.fr\/\" target=\"_blank\" rel=\"noopener\"><img loading=\"lazy\" decoding=\"async\" class=\"alignnone wp-image-1417 size-medium\" src=\"https:\/\/www.reseau-entreprendre.org\/bretagne\/wp-content\/uploads\/sites\/3\/2018\/07\/Gilles-e1531212990610-225x300.jpeg\" alt=\"\" width=\"225\" height=\"300\" srcset=\"https:\/\/www.reseau-entreprendre.org\/bretagne\/wp-content\/uploads\/sites\/3\/2018\/07\/Gilles-e1531212990610-225x300.jpeg 225w, https:\/\/www.reseau-entreprendre.org\/bretagne\/wp-content\/uploads\/sites\/3\/2018\/07\/Gilles-e1531212990610-768x1024.jpeg 768w\" sizes=\"auto, (max-width: 225px) 100vw, 225px\" \/><\/a><\/td>\n<\/tr>\n<tr>\n<td width=\"99\"><\/td>\n<td width=\"155\">Ludovic LE GOUX<\/p>\n<p>AGE D&#8217;OR SERVICES<\/td>\n<td width=\"268\">&nbsp;<\/p>\n<p><img loading=\"lazy\" decoding=\"async\" class=\"alignnone size-medium wp-image-1420\" src=\"https:\/\/www.reseau-entreprendre.org\/bretagne\/wp-content\/uploads\/sites\/3\/2018\/07\/file-2-e1531213250675-225x300.jpeg\" alt=\"\" width=\"225\" height=\"300\" srcset=\"https:\/\/www.reseau-entreprendre.org\/bretagne\/wp-content\/uploads\/sites\/3\/2018\/07\/file-2-e1531213250675-225x300.jpeg 225w, https:\/\/www.reseau-entreprendre.org\/bretagne\/wp-content\/uploads\/sites\/3\/2018\/07\/file-2-e1531213250675-768x1024.jpeg 768w\" sizes=\"auto, (max-width: 225px) 100vw, 225px\" \/><\/p>\n<p>&nbsp;<\/td>\n<\/tr>\n<tr>\n<td width=\"99\"><\/td>\n<td width=\"155\">Yannick ROUSSEAU<\/p>\n<p><a href=\"https:\/\/www.facebook.com\/ISE-Imprimerie-S%C3%A9rigraphie-Emeraude-455201934500454\/\" target=\"_blank\" rel=\"noopener\">ISE Imprimerie S\u00e9rigraphie \u00c9meraude<\/a><\/td>\n<td width=\"268\"><img loading=\"lazy\" decoding=\"async\" class=\"alignnone size-medium wp-image-1418\" src=\"https:\/\/www.reseau-entreprendre.org\/bretagne\/wp-content\/uploads\/sites\/3\/2018\/07\/yannick-e1531213097218-300x225.jpeg\" alt=\"\" width=\"300\" height=\"225\" srcset=\"https:\/\/www.reseau-entreprendre.org\/bretagne\/wp-content\/uploads\/sites\/3\/2018\/07\/yannick-e1531213097218-300x225.jpeg 300w, https:\/\/www.reseau-entreprendre.org\/bretagne\/wp-content\/uploads\/sites\/3\/2018\/07\/yannick-e1531213097218-768x576.jpeg 768w, https:\/\/www.reseau-entreprendre.org\/bretagne\/wp-content\/uploads\/sites\/3\/2018\/07\/yannick-e1531213097218-1024x768.jpeg 1024w\" sizes=\"auto, (max-width: 300px) 100vw, 300px\" \/><\/td>\n<\/tr>\n<tr>\n<td width=\"99\"><\/td>\n<td width=\"155\">Jo\u00ebl MARY <a href=\"http:\/\/centralfroid.fr\/\" target=\"_blank\" rel=\"noopener\">CENTRAL FROID\u00a0<\/a><\/td>\n<td width=\"268\">&nbsp;<\/p>\n<p><a href=\"http:\/\/centralfroid.fr\/\" target=\"_blank\" rel=\"noopener\"><img loading=\"lazy\" decoding=\"async\" class=\"alignnone size-medium wp-image-1419\" src=\"https:\/\/www.reseau-entreprendre.org\/bretagne\/wp-content\/uploads\/sites\/3\/2018\/07\/joel-225x300.jpeg\" alt=\"\" width=\"225\" height=\"300\" srcset=\"https:\/\/www.reseau-entreprendre.org\/bretagne\/wp-content\/uploads\/sites\/3\/2018\/07\/joel-225x300.jpeg 225w, https:\/\/www.reseau-entreprendre.org\/bretagne\/wp-content\/uploads\/sites\/3\/2018\/07\/joel-768x1024.jpeg 768w\" sizes=\"auto, (max-width: 225px) 100vw, 225px\" \/><\/a><\/td>\n<\/tr>\n<\/tbody>\n<\/table>\n<p>&nbsp;<\/p>\n<p>3 nouveaux candidats se pr\u00e9sentent, nous mobilisons \u00e0 nouveau 20 chefs d&#8217;entreprises pr\u00eats \u00e0 soutenir de nouveaux entrepreneurs<\/p>\n","protected":false},"excerpt":{"rendered":"<p>F\u00eate des Laur\u00e9ats 2018 en C\u00f4tes d&#8217;Armor Cette ann\u00e9e, plus<\/p>\n","protected":false},"author":87,"featured_media":1409,"comment_status":"closed","ping_status":"open","sticky":false,"template":"","format":"standard","meta":{"_acf_changed":false,"_monsterinsights_skip_tracking":false,"_monsterinsights_sitenote_active":false,"_monsterinsights_sitenote_note":"","_monsterinsights_sitenote_category":0,"footnotes":""},"categories":[4],"tags":[],"class_list":["post-1407","post","type-post","status-publish","format-standard","has-post-thumbnail","hentry","category-actualites","news"],"acf":[],"yoast_head":"<!-- This site is optimized with the Yoast SEO plugin v27.4 - https:\/\/yoast.com\/product\/yoast-seo-wordpress\/ -->\n<title>C\u00f4tes d&#039;Armor : F\u00eate des Laur\u00e9ats 2018, plus qu&#039;une f\u00eate un vrai festival, BOBITAL ! - R\u00e9seau Entreprendre Bretagne<\/title>\n<meta name=\"robots\" content=\"index, follow, max-snippet:-1, max-image-preview:large, max-video-preview:-1\" \/>\n<link rel=\"canonical\" href=\"https:\/\/www.reseau-entreprendre.org\/bretagne\/2018\/07\/06\/cotes-darmor-fete-des-laureats-2018-plus-quune-fete-un-vrai-festival-bobital\/\" \/>\n<meta property=\"og:locale\" content=\"fr_FR\" \/>\n<meta property=\"og:type\" content=\"article\" \/>\n<meta property=\"og:title\" content=\"C\u00f4tes d&#039;Armor : F\u00eate des Laur\u00e9ats 2018, plus qu&#039;une f\u00eate un vrai festival, BOBITAL ! - R\u00e9seau Entreprendre Bretagne\" \/>\n<meta property=\"og:description\" content=\"F\u00eate des Laur\u00e9ats 2018 en C\u00f4tes d&#8217;Armor Cette ann\u00e9e, plus\" \/>\n<meta property=\"og:url\" content=\"https:\/\/www.reseau-entreprendre.org\/bretagne\/2018\/07\/06\/cotes-darmor-fete-des-laureats-2018-plus-quune-fete-un-vrai-festival-bobital\/\" \/>\n<meta property=\"og:site_name\" content=\"R\u00e9seau Entreprendre Bretagne\" \/>\n<meta property=\"article:publisher\" content=\"https:\/\/www.facebook.com\/reseauentreprendrebretagne\/\" \/>\n<meta property=\"article:published_time\" content=\"2018-07-06T09:33:01+00:00\" \/>\n<meta property=\"article:modified_time\" content=\"2022-04-11T15:20:17+00:00\" \/>\n<meta property=\"og:image\" content=\"https:\/\/www.reseau-entreprendre.org\/bretagne\/wp-content\/uploads\/sites\/3\/2018\/07\/Pr\u00e9sentation2.png\" \/>\n\t<meta property=\"og:image:width\" content=\"1280\" \/>\n\t<meta property=\"og:image:height\" content=\"720\" \/>\n\t<meta property=\"og:image:type\" content=\"image\/png\" \/>\n<meta name=\"twitter:card\" content=\"summary_large_image\" \/>\n<meta name=\"twitter:creator\" content=\"@RE_Bretagne\" \/>\n<meta name=\"twitter:site\" content=\"@RE_Bretagne\" \/>\n<meta name=\"twitter:label1\" content=\"\u00c9crit par\" \/>\n\t<meta name=\"twitter:data1\" content=\"\" \/>\n\t<meta name=\"twitter:label2\" content=\"Dur\u00e9e de lecture estim\u00e9e\" \/>\n\t<meta name=\"twitter:data2\" content=\"1 minute\" \/>\n<script type=\"application\/ld+json\" class=\"yoast-schema-graph\">{\"@context\":\"https:\\\/\\\/schema.org\",\"@graph\":[{\"@type\":\"Article\",\"@id\":\"https:\\\/\\\/www.reseau-entreprendre.org\\\/bretagne\\\/2018\\\/07\\\/06\\\/cotes-darmor-fete-des-laureats-2018-plus-quune-fete-un-vrai-festival-bobital\\\/#article\",\"isPartOf\":{\"@id\":\"https:\\\/\\\/www.reseau-entreprendre.org\\\/bretagne\\\/2018\\\/07\\\/06\\\/cotes-darmor-fete-des-laureats-2018-plus-quune-fete-un-vrai-festival-bobital\\\/\"},\"author\":{\"name\":\"\",\"@id\":\"\"},\"headline\":\"C\u00f4tes d&#8217;Armor : F\u00eate des Laur\u00e9ats 2018, plus qu&#8217;une f\u00eate un vrai festival, BOBITAL !\",\"datePublished\":\"2018-07-06T09:33:01+00:00\",\"dateModified\":\"2022-04-11T15:20:17+00:00\",\"mainEntityOfPage\":{\"@id\":\"https:\\\/\\\/www.reseau-entreprendre.org\\\/bretagne\\\/2018\\\/07\\\/06\\\/cotes-darmor-fete-des-laureats-2018-plus-quune-fete-un-vrai-festival-bobital\\\/\"},\"wordCount\":248,\"image\":{\"@id\":\"https:\\\/\\\/www.reseau-entreprendre.org\\\/bretagne\\\/2018\\\/07\\\/06\\\/cotes-darmor-fete-des-laureats-2018-plus-quune-fete-un-vrai-festival-bobital\\\/#primaryimage\"},\"thumbnailUrl\":\"https:\\\/\\\/www.reseau-entreprendre.org\\\/bretagne\\\/wp-content\\\/uploads\\\/sites\\\/3\\\/2018\\\/07\\\/Pr\u00e9sentation2.png\",\"articleSection\":[\"Actualit\u00e9s\"],\"inLanguage\":\"fr-FR\"},{\"@type\":\"WebPage\",\"@id\":\"https:\\\/\\\/www.reseau-entreprendre.org\\\/bretagne\\\/2018\\\/07\\\/06\\\/cotes-darmor-fete-des-laureats-2018-plus-quune-fete-un-vrai-festival-bobital\\\/\",\"url\":\"https:\\\/\\\/www.reseau-entreprendre.org\\\/bretagne\\\/2018\\\/07\\\/06\\\/cotes-darmor-fete-des-laureats-2018-plus-quune-fete-un-vrai-festival-bobital\\\/\",\"name\":\"C\u00f4tes d'Armor : F\u00eate des Laur\u00e9ats 2018, plus qu'une f\u00eate un vrai festival, BOBITAL ! - R\u00e9seau Entreprendre Bretagne\",\"isPartOf\":{\"@id\":\"https:\\\/\\\/www.reseau-entreprendre.org\\\/bretagne\\\/#website\"},\"primaryImageOfPage\":{\"@id\":\"https:\\\/\\\/www.reseau-entreprendre.org\\\/bretagne\\\/2018\\\/07\\\/06\\\/cotes-darmor-fete-des-laureats-2018-plus-quune-fete-un-vrai-festival-bobital\\\/#primaryimage\"},\"image\":{\"@id\":\"https:\\\/\\\/www.reseau-entreprendre.org\\\/bretagne\\\/2018\\\/07\\\/06\\\/cotes-darmor-fete-des-laureats-2018-plus-quune-fete-un-vrai-festival-bobital\\\/#primaryimage\"},\"thumbnailUrl\":\"https:\\\/\\\/www.reseau-entreprendre.org\\\/bretagne\\\/wp-content\\\/uploads\\\/sites\\\/3\\\/2018\\\/07\\\/Pr\u00e9sentation2.png\",\"datePublished\":\"2018-07-06T09:33:01+00:00\",\"dateModified\":\"2022-04-11T15:20:17+00:00\",\"author\":{\"@id\":\"\"},\"breadcrumb\":{\"@id\":\"https:\\\/\\\/www.reseau-entreprendre.org\\\/bretagne\\\/2018\\\/07\\\/06\\\/cotes-darmor-fete-des-laureats-2018-plus-quune-fete-un-vrai-festival-bobital\\\/#breadcrumb\"},\"inLanguage\":\"fr-FR\",\"potentialAction\":[{\"@type\":\"ReadAction\",\"target\":[\"https:\\\/\\\/www.reseau-entreprendre.org\\\/bretagne\\\/2018\\\/07\\\/06\\\/cotes-darmor-fete-des-laureats-2018-plus-quune-fete-un-vrai-festival-bobital\\\/\"]}]},{\"@type\":\"ImageObject\",\"inLanguage\":\"fr-FR\",\"@id\":\"https:\\\/\\\/www.reseau-entreprendre.org\\\/bretagne\\\/2018\\\/07\\\/06\\\/cotes-darmor-fete-des-laureats-2018-plus-quune-fete-un-vrai-festival-bobital\\\/#primaryimage\",\"url\":\"https:\\\/\\\/www.reseau-entreprendre.org\\\/bretagne\\\/wp-content\\\/uploads\\\/sites\\\/3\\\/2018\\\/07\\\/Pr\u00e9sentation2.png\",\"contentUrl\":\"https:\\\/\\\/www.reseau-entreprendre.org\\\/bretagne\\\/wp-content\\\/uploads\\\/sites\\\/3\\\/2018\\\/07\\\/Pr\u00e9sentation2.png\",\"width\":1280,\"height\":720},{\"@type\":\"BreadcrumbList\",\"@id\":\"https:\\\/\\\/www.reseau-entreprendre.org\\\/bretagne\\\/2018\\\/07\\\/06\\\/cotes-darmor-fete-des-laureats-2018-plus-quune-fete-un-vrai-festival-bobital\\\/#breadcrumb\",\"itemListElement\":[{\"@type\":\"ListItem\",\"position\":1,\"name\":\"Accueil\",\"item\":\"https:\\\/\\\/www.reseau-entreprendre.org\\\/bretagne\\\/\"},{\"@type\":\"ListItem\",\"position\":2,\"name\":\"C\u00f4tes d&rsquo;Armor : F\u00eate des Laur\u00e9ats 2018, plus qu&rsquo;une f\u00eate un vrai festival, BOBITAL !\"}]},{\"@type\":\"WebSite\",\"@id\":\"https:\\\/\\\/www.reseau-entreprendre.org\\\/bretagne\\\/#website\",\"url\":\"https:\\\/\\\/www.reseau-entreprendre.org\\\/bretagne\\\/\",\"name\":\"R\u00e9seau Entreprendre Bretagne\",\"description\":\"Pour cr\u00e9er des emplois, cr\u00e9ons des employeurs\",\"potentialAction\":[{\"@type\":\"SearchAction\",\"target\":{\"@type\":\"EntryPoint\",\"urlTemplate\":\"https:\\\/\\\/www.reseau-entreprendre.org\\\/bretagne\\\/?s={search_term_string}\"},\"query-input\":{\"@type\":\"PropertyValueSpecification\",\"valueRequired\":true,\"valueName\":\"search_term_string\"}}],\"inLanguage\":\"fr-FR\"},{\"@type\":\"Person\",\"@id\":\"\",\"url\":\"https:\\\/\\\/www.reseau-entreprendre.org\\\/bretagne\\\/author\\\/\"}]}<\/script>\n<!-- \/ Yoast SEO plugin. -->","yoast_head_json":{"title":"C\u00f4tes d'Armor : F\u00eate des Laur\u00e9ats 2018, plus qu'une f\u00eate un vrai festival, BOBITAL ! - R\u00e9seau Entreprendre Bretagne","robots":{"index":"index","follow":"follow","max-snippet":"max-snippet:-1","max-image-preview":"max-image-preview:large","max-video-preview":"max-video-preview:-1"},"canonical":"https:\/\/www.reseau-entreprendre.org\/bretagne\/2018\/07\/06\/cotes-darmor-fete-des-laureats-2018-plus-quune-fete-un-vrai-festival-bobital\/","og_locale":"fr_FR","og_type":"article","og_title":"C\u00f4tes d'Armor : F\u00eate des Laur\u00e9ats 2018, plus qu'une f\u00eate un vrai festival, BOBITAL ! - R\u00e9seau Entreprendre Bretagne","og_description":"F\u00eate des Laur\u00e9ats 2018 en C\u00f4tes d&#8217;Armor Cette ann\u00e9e, plus","og_url":"https:\/\/www.reseau-entreprendre.org\/bretagne\/2018\/07\/06\/cotes-darmor-fete-des-laureats-2018-plus-quune-fete-un-vrai-festival-bobital\/","og_site_name":"R\u00e9seau Entreprendre Bretagne","article_publisher":"https:\/\/www.facebook.com\/reseauentreprendrebretagne\/","article_published_time":"2018-07-06T09:33:01+00:00","article_modified_time":"2022-04-11T15:20:17+00:00","og_image":[{"width":1280,"height":720,"url":"https:\/\/www.reseau-entreprendre.org\/bretagne\/wp-content\/uploads\/sites\/3\/2018\/07\/Pr\u00e9sentation2.png","type":"image\/png"}],"twitter_card":"summary_large_image","twitter_creator":"@RE_Bretagne","twitter_site":"@RE_Bretagne","twitter_misc":{"\u00c9crit par":"","Dur\u00e9e de lecture estim\u00e9e":"1 minute"},"schema":{"@context":"https:\/\/schema.org","@graph":[{"@type":"Article","@id":"https:\/\/www.reseau-entreprendre.org\/bretagne\/2018\/07\/06\/cotes-darmor-fete-des-laureats-2018-plus-quune-fete-un-vrai-festival-bobital\/#article","isPartOf":{"@id":"https:\/\/www.reseau-entreprendre.org\/bretagne\/2018\/07\/06\/cotes-darmor-fete-des-laureats-2018-plus-quune-fete-un-vrai-festival-bobital\/"},"author":{"name":"","@id":""},"headline":"C\u00f4tes d&#8217;Armor : F\u00eate des Laur\u00e9ats 2018, plus qu&#8217;une f\u00eate un vrai festival, BOBITAL !","datePublished":"2018-07-06T09:33:01+00:00","dateModified":"2022-04-11T15:20:17+00:00","mainEntityOfPage":{"@id":"https:\/\/www.reseau-entreprendre.org\/bretagne\/2018\/07\/06\/cotes-darmor-fete-des-laureats-2018-plus-quune-fete-un-vrai-festival-bobital\/"},"wordCount":248,"image":{"@id":"https:\/\/www.reseau-entreprendre.org\/bretagne\/2018\/07\/06\/cotes-darmor-fete-des-laureats-2018-plus-quune-fete-un-vrai-festival-bobital\/#primaryimage"},"thumbnailUrl":"https:\/\/www.reseau-entreprendre.org\/bretagne\/wp-content\/uploads\/sites\/3\/2018\/07\/Pr\u00e9sentation2.png","articleSection":["Actualit\u00e9s"],"inLanguage":"fr-FR"},{"@type":"WebPage","@id":"https:\/\/www.reseau-entreprendre.org\/bretagne\/2018\/07\/06\/cotes-darmor-fete-des-laureats-2018-plus-quune-fete-un-vrai-festival-bobital\/","url":"https:\/\/www.reseau-entreprendre.org\/bretagne\/2018\/07\/06\/cotes-darmor-fete-des-laureats-2018-plus-quune-fete-un-vrai-festival-bobital\/","name":"C\u00f4tes d'Armor : F\u00eate des Laur\u00e9ats 2018, plus qu'une f\u00eate un vrai festival, BOBITAL ! - R\u00e9seau Entreprendre Bretagne","isPartOf":{"@id":"https:\/\/www.reseau-entreprendre.org\/bretagne\/#website"},"primaryImageOfPage":{"@id":"https:\/\/www.reseau-entreprendre.org\/bretagne\/2018\/07\/06\/cotes-darmor-fete-des-laureats-2018-plus-quune-fete-un-vrai-festival-bobital\/#primaryimage"},"image":{"@id":"https:\/\/www.reseau-entreprendre.org\/bretagne\/2018\/07\/06\/cotes-darmor-fete-des-laureats-2018-plus-quune-fete-un-vrai-festival-bobital\/#primaryimage"},"thumbnailUrl":"https:\/\/www.reseau-entreprendre.org\/bretagne\/wp-content\/uploads\/sites\/3\/2018\/07\/Pr\u00e9sentation2.png","datePublished":"2018-07-06T09:33:01+00:00","dateModified":"2022-04-11T15:20:17+00:00","author":{"@id":""},"breadcrumb":{"@id":"https:\/\/www.reseau-entreprendre.org\/bretagne\/2018\/07\/06\/cotes-darmor-fete-des-laureats-2018-plus-quune-fete-un-vrai-festival-bobital\/#breadcrumb"},"inLanguage":"fr-FR","potentialAction":[{"@type":"ReadAction","target":["https:\/\/www.reseau-entreprendre.org\/bretagne\/2018\/07\/06\/cotes-darmor-fete-des-laureats-2018-plus-quune-fete-un-vrai-festival-bobital\/"]}]},{"@type":"ImageObject","inLanguage":"fr-FR","@id":"https:\/\/www.reseau-entreprendre.org\/bretagne\/2018\/07\/06\/cotes-darmor-fete-des-laureats-2018-plus-quune-fete-un-vrai-festival-bobital\/#primaryimage","url":"https:\/\/www.reseau-entreprendre.org\/bretagne\/wp-content\/uploads\/sites\/3\/2018\/07\/Pr\u00e9sentation2.png","contentUrl":"https:\/\/www.reseau-entreprendre.org\/bretagne\/wp-content\/uploads\/sites\/3\/2018\/07\/Pr\u00e9sentation2.png","width":1280,"height":720},{"@type":"BreadcrumbList","@id":"https:\/\/www.reseau-entreprendre.org\/bretagne\/2018\/07\/06\/cotes-darmor-fete-des-laureats-2018-plus-quune-fete-un-vrai-festival-bobital\/#breadcrumb","itemListElement":[{"@type":"ListItem","position":1,"name":"Accueil","item":"https:\/\/www.reseau-entreprendre.org\/bretagne\/"},{"@type":"ListItem","position":2,"name":"C\u00f4tes d&rsquo;Armor : F\u00eate des Laur\u00e9ats 2018, plus qu&rsquo;une f\u00eate un vrai festival, BOBITAL !"}]},{"@type":"WebSite","@id":"https:\/\/www.reseau-entreprendre.org\/bretagne\/#website","url":"https:\/\/www.reseau-entreprendre.org\/bretagne\/","name":"R\u00e9seau Entreprendre Bretagne","description":"Pour cr\u00e9er des emplois, cr\u00e9ons des employeurs","potentialAction":[{"@type":"SearchAction","target":{"@type":"EntryPoint","urlTemplate":"https:\/\/www.reseau-entreprendre.org\/bretagne\/?s={search_term_string}"},"query-input":{"@type":"PropertyValueSpecification","valueRequired":true,"valueName":"search_term_string"}}],"inLanguage":"fr-FR"},{"@type":"Person","@id":"","url":"https:\/\/www.reseau-entreprendre.org\/bretagne\/author\/"}]}},"_links":{"self":[{"href":"https:\/\/www.reseau-entreprendre.org\/bretagne\/wp-json\/wp\/v2\/posts\/1407","targetHints":{"allow":["GET"]}}],"collection":[{"href":"https:\/\/www.reseau-entreprendre.org\/bretagne\/wp-json\/wp\/v2\/posts"}],"about":[{"href":"https:\/\/www.reseau-entreprendre.org\/bretagne\/wp-json\/wp\/v2\/types\/post"}],"author":[{"embeddable":true,"href":"https:\/\/www.reseau-entreprendre.org\/bretagne\/wp-json\/wp\/v2\/users\/87"}],"replies":[{"embeddable":true,"href":"https:\/\/www.reseau-entreprendre.org\/bretagne\/wp-json\/wp\/v2\/comments?post=1407"}],"version-history":[{"count":0,"href":"https:\/\/www.reseau-entreprendre.org\/bretagne\/wp-json\/wp\/v2\/posts\/1407\/revisions"}],"wp:featuredmedia":[{"embeddable":true,"href":"https:\/\/www.reseau-entreprendre.org\/bretagne\/wp-json\/wp\/v2\/media\/1409"}],"wp:attachment":[{"href":"https:\/\/www.reseau-entreprendre.org\/bretagne\/wp-json\/wp\/v2\/media?parent=1407"}],"wp:term":[{"taxonomy":"category","embeddable":true,"href":"https:\/\/www.reseau-entreprendre.org\/bretagne\/wp-json\/wp\/v2\/categories?post=1407"},{"taxonomy":"post_tag","embeddable":true,"href":"https:\/\/www.reseau-entreprendre.org\/bretagne\/wp-json\/wp\/v2\/tags?post=1407"}],"curies":[{"name":"wp","href":"https:\/\/api.w.org\/{rel}","templated":true}]}}