{"id":1463,"date":"2018-08-30T14:38:18","date_gmt":"2018-08-30T12:38:18","guid":{"rendered":"https:\/\/www.reseau-entreprendre.org\/bretagne\/?p=1463"},"modified":"2022-04-11T17:20:17","modified_gmt":"2022-04-11T15:20:17","slug":"membres-laureats-de-bretagne-rendez-vous-les-5-6-et-7-octobre-a-bruxelles","status":"publish","type":"post","link":"https:\/\/www.reseau-entreprendre.org\/bretagne\/2018\/08\/30\/membres-laureats-de-bretagne-rendez-vous-les-5-6-et-7-octobre-a-bruxelles\/","title":{"rendered":"Membres, Laur\u00e9ats de Bretagne, rendez-vous les 5-6 et 7 octobre \u00e0 Bruxelles !"},"content":{"rendered":"<p><iframe loading=\"lazy\" src=\"https:\/\/player.vimeo.com\/video\/257464417?dnt=1&amp;app_id=122963\" width=\"500\" height=\"281\" frameborder=\"0\" allow=\"autoplay; fullscreen; picture-in-picture; clipboard-write\"><\/iframe><\/p>\n<p><a href=\"https:\/\/www.linkedin.com\/feed\/update\/urn:li:activity:6447820673825013760\" target=\"_blank\" rel=\"noopener\">La Biennale R\u00e9seau Entreprendre<\/a>,est un \u00e9v\u00e9nement \u00e0 destination exclusivement des membres,\u00a0 laur\u00e9ats, partenaires, les \u00e9quipes op\u00e9rationnelles, toute l\u2019\u00e9nergie entrepreneuriale des 65 associations de notre r\u00e9seau, qui se r\u00e9uniront les 5-6-7 octobre \u00e0 Bruxelles sur le th\u00e8me \u00ab\u00a0Architects of the Future\u00a0\u00bb. Retrouvons-nous pour cr\u00e9er des ponts, vibrer, nous inspirer, \u00e9changer, partager, networker autour de speakers, conf\u00e9rences et workshops mais aussi et surtout pour vivre des moments de convivialit\u00e9 intense, d\u2019humour d\u00e9cal\u00e9 et d\u2019ambiance surr\u00e9aliste.<\/p>\n<p><strong>Membres et laur\u00e9ats R\u00e9seau Entreprendre, cet \u00e9v\u00e9nement a \u00e9t\u00e9 cr\u00e9\u00e9 pour vous alors inscrivez-vous sans plus attendre ! On compte sur vous !\u00a0\u00a0<\/strong><\/p>\n<p>Pour d\u00e9couvrir le programme, les intervenants et vous inscrire<\/p>\n<p><a href=\"https:\/\/www.reseau-entreprendre.org\/fr\/biennale-2018\/\">https:\/\/www.reseau-entreprendre.org\/fr\/biennale-2018\/<\/a><\/p>\n<p><img loading=\"lazy\" decoding=\"async\" class=\"alignnone size-medium wp-image-1464\" src=\"https:\/\/www.reseau-entreprendre.org\/bretagne\/wp-content\/uploads\/sites\/3\/2018\/08\/Biennale-3.JPG-300x60.png\" alt=\"\" width=\"300\" height=\"60\" srcset=\"https:\/\/www.reseau-entreprendre.org\/bretagne\/wp-content\/uploads\/sites\/3\/2018\/08\/Biennale-3.JPG-300x60.png 300w, https:\/\/www.reseau-entreprendre.org\/bretagne\/wp-content\/uploads\/sites\/3\/2018\/08\/Biennale-3.JPG.png 600w\" sizes=\"auto, (max-width: 300px) 100vw, 300px\" \/><\/p>\n","protected":false},"excerpt":{"rendered":"<p>La Biennale R\u00e9seau Entreprendre,est un \u00e9v\u00e9nement \u00e0 destination exclusivement des<\/p>\n","protected":false},"author":87,"featured_media":1465,"comment_status":"closed","ping_status":"open","sticky":false,"template":"","format":"standard","meta":{"_acf_changed":false,"_monsterinsights_skip_tracking":false,"_monsterinsights_sitenote_active":false,"_monsterinsights_sitenote_note":"","_monsterinsights_sitenote_category":0,"footnotes":""},"categories":[4],"tags":[],"class_list":["post-1463","post","type-post","status-publish","format-standard","has-post-thumbnail","hentry","category-actualites","news"],"acf":[],"yoast_head":"<!-- This site is optimized with the Yoast SEO plugin v27.4 - https:\/\/yoast.com\/product\/yoast-seo-wordpress\/ -->\n<title>Membres, Laur\u00e9ats de Bretagne, rendez-vous les 5-6 et 7 octobre \u00e0 Bruxelles ! - R\u00e9seau Entreprendre Bretagne<\/title>\n<meta name=\"robots\" content=\"index, follow, max-snippet:-1, max-image-preview:large, max-video-preview:-1\" \/>\n<link rel=\"canonical\" href=\"https:\/\/www.reseau-entreprendre.org\/bretagne\/2018\/08\/30\/membres-laureats-de-bretagne-rendez-vous-les-5-6-et-7-octobre-a-bruxelles\/\" \/>\n<meta property=\"og:locale\" content=\"fr_FR\" \/>\n<meta property=\"og:type\" content=\"article\" \/>\n<meta property=\"og:title\" content=\"Membres, Laur\u00e9ats de Bretagne, rendez-vous les 5-6 et 7 octobre \u00e0 Bruxelles ! - R\u00e9seau Entreprendre Bretagne\" \/>\n<meta property=\"og:description\" content=\"La Biennale R\u00e9seau Entreprendre,est un \u00e9v\u00e9nement \u00e0 destination exclusivement des\" \/>\n<meta property=\"og:url\" content=\"https:\/\/www.reseau-entreprendre.org\/bretagne\/2018\/08\/30\/membres-laureats-de-bretagne-rendez-vous-les-5-6-et-7-octobre-a-bruxelles\/\" \/>\n<meta property=\"og:site_name\" content=\"R\u00e9seau Entreprendre Bretagne\" \/>\n<meta property=\"article:publisher\" content=\"https:\/\/www.facebook.com\/reseauentreprendrebretagne\/\" \/>\n<meta property=\"article:published_time\" content=\"2018-08-30T12:38:18+00:00\" \/>\n<meta property=\"article:modified_time\" content=\"2022-04-11T15:20:17+00:00\" \/>\n<meta property=\"og:image\" content=\"https:\/\/www.reseau-entreprendre.org\/bretagne\/wp-content\/uploads\/sites\/3\/2018\/08\/Sonneur.jpg\" \/>\n\t<meta property=\"og:image:width\" content=\"1280\" \/>\n\t<meta property=\"og:image:height\" content=\"960\" \/>\n\t<meta property=\"og:image:type\" content=\"image\/jpeg\" \/>\n<meta name=\"twitter:card\" content=\"summary_large_image\" \/>\n<meta name=\"twitter:creator\" content=\"@RE_Bretagne\" \/>\n<meta name=\"twitter:site\" content=\"@RE_Bretagne\" \/>\n<meta name=\"twitter:label1\" content=\"\u00c9crit par\" \/>\n\t<meta name=\"twitter:data1\" content=\"\" \/>\n\t<meta name=\"twitter:label2\" content=\"Dur\u00e9e de lecture estim\u00e9e\" \/>\n\t<meta name=\"twitter:data2\" content=\"1 minute\" \/>\n<script type=\"application\/ld+json\" class=\"yoast-schema-graph\">{\"@context\":\"https:\\\/\\\/schema.org\",\"@graph\":[{\"@type\":\"Article\",\"@id\":\"https:\\\/\\\/www.reseau-entreprendre.org\\\/bretagne\\\/2018\\\/08\\\/30\\\/membres-laureats-de-bretagne-rendez-vous-les-5-6-et-7-octobre-a-bruxelles\\\/#article\",\"isPartOf\":{\"@id\":\"https:\\\/\\\/www.reseau-entreprendre.org\\\/bretagne\\\/2018\\\/08\\\/30\\\/membres-laureats-de-bretagne-rendez-vous-les-5-6-et-7-octobre-a-bruxelles\\\/\"},\"author\":{\"name\":\"\",\"@id\":\"\"},\"headline\":\"Membres, Laur\u00e9ats de Bretagne, rendez-vous les 5-6 et 7 octobre \u00e0 Bruxelles !\",\"datePublished\":\"2018-08-30T12:38:18+00:00\",\"dateModified\":\"2022-04-11T15:20:17+00:00\",\"mainEntityOfPage\":{\"@id\":\"https:\\\/\\\/www.reseau-entreprendre.org\\\/bretagne\\\/2018\\\/08\\\/30\\\/membres-laureats-de-bretagne-rendez-vous-les-5-6-et-7-octobre-a-bruxelles\\\/\"},\"wordCount\":142,\"image\":{\"@id\":\"https:\\\/\\\/www.reseau-entreprendre.org\\\/bretagne\\\/2018\\\/08\\\/30\\\/membres-laureats-de-bretagne-rendez-vous-les-5-6-et-7-octobre-a-bruxelles\\\/#primaryimage\"},\"thumbnailUrl\":\"https:\\\/\\\/www.reseau-entreprendre.org\\\/bretagne\\\/wp-content\\\/uploads\\\/sites\\\/3\\\/2018\\\/08\\\/Sonneur.jpg\",\"articleSection\":[\"Actualit\u00e9s\"],\"inLanguage\":\"fr-FR\"},{\"@type\":\"WebPage\",\"@id\":\"https:\\\/\\\/www.reseau-entreprendre.org\\\/bretagne\\\/2018\\\/08\\\/30\\\/membres-laureats-de-bretagne-rendez-vous-les-5-6-et-7-octobre-a-bruxelles\\\/\",\"url\":\"https:\\\/\\\/www.reseau-entreprendre.org\\\/bretagne\\\/2018\\\/08\\\/30\\\/membres-laureats-de-bretagne-rendez-vous-les-5-6-et-7-octobre-a-bruxelles\\\/\",\"name\":\"Membres, Laur\u00e9ats de Bretagne, rendez-vous les 5-6 et 7 octobre \u00e0 Bruxelles ! - R\u00e9seau Entreprendre Bretagne\",\"isPartOf\":{\"@id\":\"https:\\\/\\\/www.reseau-entreprendre.org\\\/bretagne\\\/#website\"},\"primaryImageOfPage\":{\"@id\":\"https:\\\/\\\/www.reseau-entreprendre.org\\\/bretagne\\\/2018\\\/08\\\/30\\\/membres-laureats-de-bretagne-rendez-vous-les-5-6-et-7-octobre-a-bruxelles\\\/#primaryimage\"},\"image\":{\"@id\":\"https:\\\/\\\/www.reseau-entreprendre.org\\\/bretagne\\\/2018\\\/08\\\/30\\\/membres-laureats-de-bretagne-rendez-vous-les-5-6-et-7-octobre-a-bruxelles\\\/#primaryimage\"},\"thumbnailUrl\":\"https:\\\/\\\/www.reseau-entreprendre.org\\\/bretagne\\\/wp-content\\\/uploads\\\/sites\\\/3\\\/2018\\\/08\\\/Sonneur.jpg\",\"datePublished\":\"2018-08-30T12:38:18+00:00\",\"dateModified\":\"2022-04-11T15:20:17+00:00\",\"author\":{\"@id\":\"\"},\"breadcrumb\":{\"@id\":\"https:\\\/\\\/www.reseau-entreprendre.org\\\/bretagne\\\/2018\\\/08\\\/30\\\/membres-laureats-de-bretagne-rendez-vous-les-5-6-et-7-octobre-a-bruxelles\\\/#breadcrumb\"},\"inLanguage\":\"fr-FR\",\"potentialAction\":[{\"@type\":\"ReadAction\",\"target\":[\"https:\\\/\\\/www.reseau-entreprendre.org\\\/bretagne\\\/2018\\\/08\\\/30\\\/membres-laureats-de-bretagne-rendez-vous-les-5-6-et-7-octobre-a-bruxelles\\\/\"]}]},{\"@type\":\"ImageObject\",\"inLanguage\":\"fr-FR\",\"@id\":\"https:\\\/\\\/www.reseau-entreprendre.org\\\/bretagne\\\/2018\\\/08\\\/30\\\/membres-laureats-de-bretagne-rendez-vous-les-5-6-et-7-octobre-a-bruxelles\\\/#primaryimage\",\"url\":\"https:\\\/\\\/www.reseau-entreprendre.org\\\/bretagne\\\/wp-content\\\/uploads\\\/sites\\\/3\\\/2018\\\/08\\\/Sonneur.jpg\",\"contentUrl\":\"https:\\\/\\\/www.reseau-entreprendre.org\\\/bretagne\\\/wp-content\\\/uploads\\\/sites\\\/3\\\/2018\\\/08\\\/Sonneur.jpg\",\"width\":1280,\"height\":960},{\"@type\":\"BreadcrumbList\",\"@id\":\"https:\\\/\\\/www.reseau-entreprendre.org\\\/bretagne\\\/2018\\\/08\\\/30\\\/membres-laureats-de-bretagne-rendez-vous-les-5-6-et-7-octobre-a-bruxelles\\\/#breadcrumb\",\"itemListElement\":[{\"@type\":\"ListItem\",\"position\":1,\"name\":\"Accueil\",\"item\":\"https:\\\/\\\/www.reseau-entreprendre.org\\\/bretagne\\\/\"},{\"@type\":\"ListItem\",\"position\":2,\"name\":\"Membres, Laur\u00e9ats de Bretagne, rendez-vous les 5-6 et 7 octobre \u00e0 Bruxelles !\"}]},{\"@type\":\"WebSite\",\"@id\":\"https:\\\/\\\/www.reseau-entreprendre.org\\\/bretagne\\\/#website\",\"url\":\"https:\\\/\\\/www.reseau-entreprendre.org\\\/bretagne\\\/\",\"name\":\"R\u00e9seau Entreprendre Bretagne\",\"description\":\"Pour cr\u00e9er des emplois, cr\u00e9ons des employeurs\",\"potentialAction\":[{\"@type\":\"SearchAction\",\"target\":{\"@type\":\"EntryPoint\",\"urlTemplate\":\"https:\\\/\\\/www.reseau-entreprendre.org\\\/bretagne\\\/?s={search_term_string}\"},\"query-input\":{\"@type\":\"PropertyValueSpecification\",\"valueRequired\":true,\"valueName\":\"search_term_string\"}}],\"inLanguage\":\"fr-FR\"},{\"@type\":\"Person\",\"@id\":\"\",\"url\":\"https:\\\/\\\/www.reseau-entreprendre.org\\\/bretagne\\\/author\\\/\"}]}<\/script>\n<!-- \/ Yoast SEO plugin. -->","yoast_head_json":{"title":"Membres, Laur\u00e9ats de Bretagne, rendez-vous les 5-6 et 7 octobre \u00e0 Bruxelles ! - R\u00e9seau Entreprendre Bretagne","robots":{"index":"index","follow":"follow","max-snippet":"max-snippet:-1","max-image-preview":"max-image-preview:large","max-video-preview":"max-video-preview:-1"},"canonical":"https:\/\/www.reseau-entreprendre.org\/bretagne\/2018\/08\/30\/membres-laureats-de-bretagne-rendez-vous-les-5-6-et-7-octobre-a-bruxelles\/","og_locale":"fr_FR","og_type":"article","og_title":"Membres, Laur\u00e9ats de Bretagne, rendez-vous les 5-6 et 7 octobre \u00e0 Bruxelles ! - R\u00e9seau Entreprendre Bretagne","og_description":"La Biennale R\u00e9seau Entreprendre,est un \u00e9v\u00e9nement \u00e0 destination exclusivement des","og_url":"https:\/\/www.reseau-entreprendre.org\/bretagne\/2018\/08\/30\/membres-laureats-de-bretagne-rendez-vous-les-5-6-et-7-octobre-a-bruxelles\/","og_site_name":"R\u00e9seau Entreprendre Bretagne","article_publisher":"https:\/\/www.facebook.com\/reseauentreprendrebretagne\/","article_published_time":"2018-08-30T12:38:18+00:00","article_modified_time":"2022-04-11T15:20:17+00:00","og_image":[{"width":1280,"height":960,"url":"https:\/\/www.reseau-entreprendre.org\/bretagne\/wp-content\/uploads\/sites\/3\/2018\/08\/Sonneur.jpg","type":"image\/jpeg"}],"twitter_card":"summary_large_image","twitter_creator":"@RE_Bretagne","twitter_site":"@RE_Bretagne","twitter_misc":{"\u00c9crit par":"","Dur\u00e9e de lecture estim\u00e9e":"1 minute"},"schema":{"@context":"https:\/\/schema.org","@graph":[{"@type":"Article","@id":"https:\/\/www.reseau-entreprendre.org\/bretagne\/2018\/08\/30\/membres-laureats-de-bretagne-rendez-vous-les-5-6-et-7-octobre-a-bruxelles\/#article","isPartOf":{"@id":"https:\/\/www.reseau-entreprendre.org\/bretagne\/2018\/08\/30\/membres-laureats-de-bretagne-rendez-vous-les-5-6-et-7-octobre-a-bruxelles\/"},"author":{"name":"","@id":""},"headline":"Membres, Laur\u00e9ats de Bretagne, rendez-vous les 5-6 et 7 octobre \u00e0 Bruxelles !","datePublished":"2018-08-30T12:38:18+00:00","dateModified":"2022-04-11T15:20:17+00:00","mainEntityOfPage":{"@id":"https:\/\/www.reseau-entreprendre.org\/bretagne\/2018\/08\/30\/membres-laureats-de-bretagne-rendez-vous-les-5-6-et-7-octobre-a-bruxelles\/"},"wordCount":142,"image":{"@id":"https:\/\/www.reseau-entreprendre.org\/bretagne\/2018\/08\/30\/membres-laureats-de-bretagne-rendez-vous-les-5-6-et-7-octobre-a-bruxelles\/#primaryimage"},"thumbnailUrl":"https:\/\/www.reseau-entreprendre.org\/bretagne\/wp-content\/uploads\/sites\/3\/2018\/08\/Sonneur.jpg","articleSection":["Actualit\u00e9s"],"inLanguage":"fr-FR"},{"@type":"WebPage","@id":"https:\/\/www.reseau-entreprendre.org\/bretagne\/2018\/08\/30\/membres-laureats-de-bretagne-rendez-vous-les-5-6-et-7-octobre-a-bruxelles\/","url":"https:\/\/www.reseau-entreprendre.org\/bretagne\/2018\/08\/30\/membres-laureats-de-bretagne-rendez-vous-les-5-6-et-7-octobre-a-bruxelles\/","name":"Membres, Laur\u00e9ats de Bretagne, rendez-vous les 5-6 et 7 octobre \u00e0 Bruxelles ! - R\u00e9seau Entreprendre Bretagne","isPartOf":{"@id":"https:\/\/www.reseau-entreprendre.org\/bretagne\/#website"},"primaryImageOfPage":{"@id":"https:\/\/www.reseau-entreprendre.org\/bretagne\/2018\/08\/30\/membres-laureats-de-bretagne-rendez-vous-les-5-6-et-7-octobre-a-bruxelles\/#primaryimage"},"image":{"@id":"https:\/\/www.reseau-entreprendre.org\/bretagne\/2018\/08\/30\/membres-laureats-de-bretagne-rendez-vous-les-5-6-et-7-octobre-a-bruxelles\/#primaryimage"},"thumbnailUrl":"https:\/\/www.reseau-entreprendre.org\/bretagne\/wp-content\/uploads\/sites\/3\/2018\/08\/Sonneur.jpg","datePublished":"2018-08-30T12:38:18+00:00","dateModified":"2022-04-11T15:20:17+00:00","author":{"@id":""},"breadcrumb":{"@id":"https:\/\/www.reseau-entreprendre.org\/bretagne\/2018\/08\/30\/membres-laureats-de-bretagne-rendez-vous-les-5-6-et-7-octobre-a-bruxelles\/#breadcrumb"},"inLanguage":"fr-FR","potentialAction":[{"@type":"ReadAction","target":["https:\/\/www.reseau-entreprendre.org\/bretagne\/2018\/08\/30\/membres-laureats-de-bretagne-rendez-vous-les-5-6-et-7-octobre-a-bruxelles\/"]}]},{"@type":"ImageObject","inLanguage":"fr-FR","@id":"https:\/\/www.reseau-entreprendre.org\/bretagne\/2018\/08\/30\/membres-laureats-de-bretagne-rendez-vous-les-5-6-et-7-octobre-a-bruxelles\/#primaryimage","url":"https:\/\/www.reseau-entreprendre.org\/bretagne\/wp-content\/uploads\/sites\/3\/2018\/08\/Sonneur.jpg","contentUrl":"https:\/\/www.reseau-entreprendre.org\/bretagne\/wp-content\/uploads\/sites\/3\/2018\/08\/Sonneur.jpg","width":1280,"height":960},{"@type":"BreadcrumbList","@id":"https:\/\/www.reseau-entreprendre.org\/bretagne\/2018\/08\/30\/membres-laureats-de-bretagne-rendez-vous-les-5-6-et-7-octobre-a-bruxelles\/#breadcrumb","itemListElement":[{"@type":"ListItem","position":1,"name":"Accueil","item":"https:\/\/www.reseau-entreprendre.org\/bretagne\/"},{"@type":"ListItem","position":2,"name":"Membres, Laur\u00e9ats de Bretagne, rendez-vous les 5-6 et 7 octobre \u00e0 Bruxelles !"}]},{"@type":"WebSite","@id":"https:\/\/www.reseau-entreprendre.org\/bretagne\/#website","url":"https:\/\/www.reseau-entreprendre.org\/bretagne\/","name":"R\u00e9seau Entreprendre Bretagne","description":"Pour cr\u00e9er des emplois, cr\u00e9ons des employeurs","potentialAction":[{"@type":"SearchAction","target":{"@type":"EntryPoint","urlTemplate":"https:\/\/www.reseau-entreprendre.org\/bretagne\/?s={search_term_string}"},"query-input":{"@type":"PropertyValueSpecification","valueRequired":true,"valueName":"search_term_string"}}],"inLanguage":"fr-FR"},{"@type":"Person","@id":"","url":"https:\/\/www.reseau-entreprendre.org\/bretagne\/author\/"}]}},"_links":{"self":[{"href":"https:\/\/www.reseau-entreprendre.org\/bretagne\/wp-json\/wp\/v2\/posts\/1463","targetHints":{"allow":["GET"]}}],"collection":[{"href":"https:\/\/www.reseau-entreprendre.org\/bretagne\/wp-json\/wp\/v2\/posts"}],"about":[{"href":"https:\/\/www.reseau-entreprendre.org\/bretagne\/wp-json\/wp\/v2\/types\/post"}],"author":[{"embeddable":true,"href":"https:\/\/www.reseau-entreprendre.org\/bretagne\/wp-json\/wp\/v2\/users\/87"}],"replies":[{"embeddable":true,"href":"https:\/\/www.reseau-entreprendre.org\/bretagne\/wp-json\/wp\/v2\/comments?post=1463"}],"version-history":[{"count":0,"href":"https:\/\/www.reseau-entreprendre.org\/bretagne\/wp-json\/wp\/v2\/posts\/1463\/revisions"}],"wp:featuredmedia":[{"embeddable":true,"href":"https:\/\/www.reseau-entreprendre.org\/bretagne\/wp-json\/wp\/v2\/media\/1465"}],"wp:attachment":[{"href":"https:\/\/www.reseau-entreprendre.org\/bretagne\/wp-json\/wp\/v2\/media?parent=1463"}],"wp:term":[{"taxonomy":"category","embeddable":true,"href":"https:\/\/www.reseau-entreprendre.org\/bretagne\/wp-json\/wp\/v2\/categories?post=1463"},{"taxonomy":"post_tag","embeddable":true,"href":"https:\/\/www.reseau-entreprendre.org\/bretagne\/wp-json\/wp\/v2\/tags?post=1463"}],"curies":[{"name":"wp","href":"https:\/\/api.w.org\/{rel}","templated":true}]}}