{"id":1472,"date":"2018-09-18T11:35:31","date_gmt":"2018-09-18T09:35:31","guid":{"rendered":"https:\/\/www.reseau-entreprendre.org\/bretagne\/?p=1472"},"modified":"2022-04-11T17:20:16","modified_gmt":"2022-04-11T15:20:16","slug":"les-nouveaux-laureats-reseau-entreprendre-bretagne","status":"publish","type":"post","link":"https:\/\/www.reseau-entreprendre.org\/bretagne\/2018\/09\/18\/les-nouveaux-laureats-reseau-entreprendre-bretagne\/","title":{"rendered":"Les nouveaux Laur\u00e9ats R\u00e9seau Entreprendre Bretagne"},"content":{"rendered":"<p><img loading=\"lazy\" decoding=\"async\" class=\"alignnone wp-image-1492 size-thumbnail\" src=\"https:\/\/www.reseau-entreprendre.org\/bretagne\/wp-content\/uploads\/sites\/3\/2018\/10\/H\u00e9l\u00e8ne-LEHAY-L.-AGENCEMENT-150x150.jpg\" alt=\"\" width=\"150\" height=\"150\" \/> H\u00e9l\u00e8ne LEHAY, L.AGENCEMENT, accompagn\u00e9e par Lo\u00efc BOHUON (35)<\/p>\n<p><img loading=\"lazy\" decoding=\"async\" class=\"alignnone wp-image-1493 size-thumbnail\" src=\"https:\/\/www.reseau-entreprendre.org\/bretagne\/wp-content\/uploads\/sites\/3\/2018\/10\/Gw\u00e9nael-PICAUT-HALCYON-150x150.jpeg\" alt=\"\" width=\"150\" height=\"150\" srcset=\"https:\/\/www.reseau-entreprendre.org\/bretagne\/wp-content\/uploads\/sites\/3\/2018\/10\/Gw\u00e9nael-PICAUT-HALCYON-150x150.jpeg 150w, https:\/\/www.reseau-entreprendre.org\/bretagne\/wp-content\/uploads\/sites\/3\/2018\/10\/Gw\u00e9nael-PICAUT-HALCYON.jpeg 200w\" sizes=\"auto, (max-width: 150px) 100vw, 150px\" \/>\u00a0Gwena\u00ebl PICAUT, HALCYON,accompagn\u00e9 par Jean-Paul PATARD (35)<\/p>\n<p><img loading=\"lazy\" decoding=\"async\" class=\"alignnone wp-image-1494 size-thumbnail\" src=\"https:\/\/www.reseau-entreprendre.org\/bretagne\/wp-content\/uploads\/sites\/3\/2018\/10\/P.LEONARDI-N.LOUIS-UN-GRAND-MARCHE-150x150.jpeg\" alt=\"\" width=\"150\" height=\"150\" \/>\u00a0Pierre LEONARDI et Nicolas LOUIS, Ets UN GRAND MARCH\u00c9, accompagn\u00e9s par Laurent SASS (35)<\/p>\n<p><img loading=\"lazy\" decoding=\"async\" class=\"alignnone wp-image-1495 size-thumbnail\" src=\"https:\/\/www.reseau-entreprendre.org\/bretagne\/wp-content\/uploads\/sites\/3\/2018\/10\/Y.-LEPETITCORPS-G.BAPST-LE-GOUTER-BIGOUDEN-150x150.jpg\" alt=\"\" width=\"150\" height=\"150\" \/>\u00a0Yves LEPETICORPS Guillaume BAPST, LE GO\u00dbTER BIGOUDEN, accompagn\u00e9s par Nathalie CADIOU LE BERRE (29)<\/p>\n<p><img loading=\"lazy\" decoding=\"async\" class=\"alignnone wp-image-1496 size-thumbnail\" src=\"https:\/\/www.reseau-entreprendre.org\/bretagne\/wp-content\/uploads\/sites\/3\/2018\/10\/Nicolas-BERROU-LE-GOFF-DECOR-150x150.jpg\" alt=\"\" width=\"150\" height=\"150\" \/>\u00a0Nicolas BERROU, LE GOFF D\u00c9COR, accompagn\u00e9 par Fr\u00e9d\u00e9ric LEFEVRE (29)<\/p>\n<p><img loading=\"lazy\" decoding=\"async\" class=\"alignnone wp-image-1498 size-thumbnail\" src=\"https:\/\/www.reseau-entreprendre.org\/bretagne\/wp-content\/uploads\/sites\/3\/2018\/10\/Pr\u00e9sentation1-150x150.png\" alt=\"\" width=\"150\" height=\"150\" \/>\u00a0Pierre CALONNE et Jean-Philippe DUPUY, FACILA, accompagn\u00e9s par Patrick MONSEIL (35)<\/p>\n<p><img loading=\"lazy\" decoding=\"async\" class=\"alignnone wp-image-1499 size-thumbnail\" src=\"https:\/\/www.reseau-entreprendre.org\/bretagne\/wp-content\/uploads\/sites\/3\/2018\/10\/Anne-Claude-ABRAHAM-STORES-BACHES-OUEST-150x150.jpg\" alt=\"\" width=\"150\" height=\"150\" \/>\u00a0Anne-Claude ABRAHAM, STORES B\u00c2CHES OUEST, accompagn\u00e9e par Jean-Luc DEBACK (56)<\/p>\n<p><img loading=\"lazy\" decoding=\"async\" class=\"alignnone wp-image-1539 size-thumbnail\" src=\"https:\/\/www.reseau-entreprendre.org\/bretagne\/wp-content\/uploads\/sites\/3\/2018\/09\/Tudy-Droumaguet-20-150x150.jpg\" alt=\"\" width=\"150\" height=\"150\" \/>\u00a0Tudy DROUMAGUET, TRAOU KER et DEMEURE OCEANE, accompagn\u00e9 par Jean-Claude DUBOIS (22)<\/p>\n<p><img loading=\"lazy\" decoding=\"async\" class=\"alignnone wp-image-1477\" src=\"https:\/\/www.reseau-entreprendre.org\/bretagne\/wp-content\/uploads\/sites\/3\/2018\/10\/CE-LE-MARCHAND-300x225.jpeg\" alt=\"\" width=\"187\" height=\"140\" srcset=\"https:\/\/www.reseau-entreprendre.org\/bretagne\/wp-content\/uploads\/sites\/3\/2018\/10\/CE-LE-MARCHAND-300x225.jpeg 300w, https:\/\/www.reseau-entreprendre.org\/bretagne\/wp-content\/uploads\/sites\/3\/2018\/10\/CE-LE-MARCHAND-768x576.jpeg 768w, https:\/\/www.reseau-entreprendre.org\/bretagne\/wp-content\/uploads\/sites\/3\/2018\/10\/CE-LE-MARCHAND-1024x768.jpeg 1024w\" sizes=\"auto, (max-width: 187px) 100vw, 187px\" \/>\u00a0 Marie GUILLOU et Didier FILATRE, Ets LE MARCHAND, accompagn\u00e9s par Xavier PERCHE (22)<\/p>\n<p><img loading=\"lazy\" decoding=\"async\" class=\"alignnone wp-image-1500 size-thumbnail\" src=\"https:\/\/www.reseau-entreprendre.org\/bretagne\/wp-content\/uploads\/sites\/3\/2018\/10\/A.TOUPIN-et-C.TREHIN-CONSTRUCTIONS-LANVAUDANAISES-e1536673864868-150x150.jpg\" alt=\"\" width=\"150\" height=\"150\" \/>\u00a0C\u00e9dric TREHIN et Antoine TOUPIN, CONSTRUCTIONS LANVAUDANAISES , accompagn\u00e9s par Christian LE MOING (56)<\/p>\n","protected":false},"excerpt":{"rendered":"<p>H\u00e9l\u00e8ne LEHAY, L.AGENCEMENT, accompagn\u00e9e par Lo\u00efc BOHUON (35) \u00a0Gwena\u00ebl PICAUT,<\/p>\n","protected":false},"author":87,"featured_media":1207,"comment_status":"closed","ping_status":"open","sticky":false,"template":"","format":"standard","meta":{"_acf_changed":false,"_monsterinsights_skip_tracking":false,"_monsterinsights_sitenote_active":false,"_monsterinsights_sitenote_note":"","_monsterinsights_sitenote_category":0,"footnotes":""},"categories":[4],"tags":[],"class_list":["post-1472","post","type-post","status-publish","format-standard","has-post-thumbnail","hentry","category-actualites","news"],"acf":[],"yoast_head":"<!-- This site is optimized with the Yoast SEO plugin v27.4 - https:\/\/yoast.com\/product\/yoast-seo-wordpress\/ -->\n<title>Les nouveaux Laur\u00e9ats R\u00e9seau Entreprendre Bretagne - R\u00e9seau Entreprendre Bretagne<\/title>\n<meta name=\"robots\" content=\"index, follow, max-snippet:-1, max-image-preview:large, max-video-preview:-1\" \/>\n<link rel=\"canonical\" href=\"https:\/\/www.reseau-entreprendre.org\/bretagne\/2018\/09\/18\/les-nouveaux-laureats-reseau-entreprendre-bretagne\/\" \/>\n<meta property=\"og:locale\" content=\"fr_FR\" \/>\n<meta property=\"og:type\" content=\"article\" \/>\n<meta property=\"og:title\" content=\"Les nouveaux Laur\u00e9ats R\u00e9seau Entreprendre Bretagne - R\u00e9seau Entreprendre Bretagne\" \/>\n<meta property=\"og:description\" content=\"H\u00e9l\u00e8ne LEHAY, L.AGENCEMENT, accompagn\u00e9e par Lo\u00efc BOHUON (35) \u00a0Gwena\u00ebl PICAUT,\" \/>\n<meta property=\"og:url\" content=\"https:\/\/www.reseau-entreprendre.org\/bretagne\/2018\/09\/18\/les-nouveaux-laureats-reseau-entreprendre-bretagne\/\" \/>\n<meta property=\"og:site_name\" content=\"R\u00e9seau Entreprendre Bretagne\" \/>\n<meta property=\"article:publisher\" content=\"https:\/\/www.facebook.com\/reseauentreprendrebretagne\/\" \/>\n<meta property=\"article:published_time\" content=\"2018-09-18T09:35:31+00:00\" \/>\n<meta property=\"article:modified_time\" content=\"2022-04-11T15:20:16+00:00\" \/>\n<meta property=\"og:image\" content=\"https:\/\/www.reseau-entreprendre.org\/bretagne\/wp-content\/uploads\/sites\/3\/2018\/03\/logo-laur\u00e9at-RE-Bretagne-couleur.png\" \/>\n\t<meta property=\"og:image:width\" content=\"4016\" \/>\n\t<meta property=\"og:image:height\" content=\"3012\" \/>\n\t<meta property=\"og:image:type\" content=\"image\/png\" \/>\n<meta name=\"twitter:card\" content=\"summary_large_image\" \/>\n<meta name=\"twitter:creator\" content=\"@RE_Bretagne\" \/>\n<meta name=\"twitter:site\" content=\"@RE_Bretagne\" \/>\n<meta name=\"twitter:label1\" content=\"\u00c9crit par\" \/>\n\t<meta name=\"twitter:data1\" content=\"\" \/>\n\t<meta name=\"twitter:label2\" content=\"Dur\u00e9e de lecture estim\u00e9e\" \/>\n\t<meta name=\"twitter:data2\" content=\"1 minute\" \/>\n<script type=\"application\/ld+json\" class=\"yoast-schema-graph\">{\"@context\":\"https:\\\/\\\/schema.org\",\"@graph\":[{\"@type\":\"Article\",\"@id\":\"https:\\\/\\\/www.reseau-entreprendre.org\\\/bretagne\\\/2018\\\/09\\\/18\\\/les-nouveaux-laureats-reseau-entreprendre-bretagne\\\/#article\",\"isPartOf\":{\"@id\":\"https:\\\/\\\/www.reseau-entreprendre.org\\\/bretagne\\\/2018\\\/09\\\/18\\\/les-nouveaux-laureats-reseau-entreprendre-bretagne\\\/\"},\"author\":{\"name\":\"\",\"@id\":\"\"},\"headline\":\"Les nouveaux Laur\u00e9ats R\u00e9seau Entreprendre Bretagne\",\"datePublished\":\"2018-09-18T09:35:31+00:00\",\"dateModified\":\"2022-04-11T15:20:16+00:00\",\"mainEntityOfPage\":{\"@id\":\"https:\\\/\\\/www.reseau-entreprendre.org\\\/bretagne\\\/2018\\\/09\\\/18\\\/les-nouveaux-laureats-reseau-entreprendre-bretagne\\\/\"},\"wordCount\":129,\"image\":{\"@id\":\"https:\\\/\\\/www.reseau-entreprendre.org\\\/bretagne\\\/2018\\\/09\\\/18\\\/les-nouveaux-laureats-reseau-entreprendre-bretagne\\\/#primaryimage\"},\"thumbnailUrl\":\"https:\\\/\\\/www.reseau-entreprendre.org\\\/bretagne\\\/wp-content\\\/uploads\\\/sites\\\/3\\\/2018\\\/03\\\/logo-laur\u00e9at-RE-Bretagne-couleur.png\",\"articleSection\":[\"Actualit\u00e9s\"],\"inLanguage\":\"fr-FR\"},{\"@type\":\"WebPage\",\"@id\":\"https:\\\/\\\/www.reseau-entreprendre.org\\\/bretagne\\\/2018\\\/09\\\/18\\\/les-nouveaux-laureats-reseau-entreprendre-bretagne\\\/\",\"url\":\"https:\\\/\\\/www.reseau-entreprendre.org\\\/bretagne\\\/2018\\\/09\\\/18\\\/les-nouveaux-laureats-reseau-entreprendre-bretagne\\\/\",\"name\":\"Les nouveaux Laur\u00e9ats R\u00e9seau Entreprendre Bretagne - R\u00e9seau Entreprendre Bretagne\",\"isPartOf\":{\"@id\":\"https:\\\/\\\/www.reseau-entreprendre.org\\\/bretagne\\\/#website\"},\"primaryImageOfPage\":{\"@id\":\"https:\\\/\\\/www.reseau-entreprendre.org\\\/bretagne\\\/2018\\\/09\\\/18\\\/les-nouveaux-laureats-reseau-entreprendre-bretagne\\\/#primaryimage\"},\"image\":{\"@id\":\"https:\\\/\\\/www.reseau-entreprendre.org\\\/bretagne\\\/2018\\\/09\\\/18\\\/les-nouveaux-laureats-reseau-entreprendre-bretagne\\\/#primaryimage\"},\"thumbnailUrl\":\"https:\\\/\\\/www.reseau-entreprendre.org\\\/bretagne\\\/wp-content\\\/uploads\\\/sites\\\/3\\\/2018\\\/03\\\/logo-laur\u00e9at-RE-Bretagne-couleur.png\",\"datePublished\":\"2018-09-18T09:35:31+00:00\",\"dateModified\":\"2022-04-11T15:20:16+00:00\",\"author\":{\"@id\":\"\"},\"breadcrumb\":{\"@id\":\"https:\\\/\\\/www.reseau-entreprendre.org\\\/bretagne\\\/2018\\\/09\\\/18\\\/les-nouveaux-laureats-reseau-entreprendre-bretagne\\\/#breadcrumb\"},\"inLanguage\":\"fr-FR\",\"potentialAction\":[{\"@type\":\"ReadAction\",\"target\":[\"https:\\\/\\\/www.reseau-entreprendre.org\\\/bretagne\\\/2018\\\/09\\\/18\\\/les-nouveaux-laureats-reseau-entreprendre-bretagne\\\/\"]}]},{\"@type\":\"ImageObject\",\"inLanguage\":\"fr-FR\",\"@id\":\"https:\\\/\\\/www.reseau-entreprendre.org\\\/bretagne\\\/2018\\\/09\\\/18\\\/les-nouveaux-laureats-reseau-entreprendre-bretagne\\\/#primaryimage\",\"url\":\"https:\\\/\\\/www.reseau-entreprendre.org\\\/bretagne\\\/wp-content\\\/uploads\\\/sites\\\/3\\\/2018\\\/03\\\/logo-laur\u00e9at-RE-Bretagne-couleur.png\",\"contentUrl\":\"https:\\\/\\\/www.reseau-entreprendre.org\\\/bretagne\\\/wp-content\\\/uploads\\\/sites\\\/3\\\/2018\\\/03\\\/logo-laur\u00e9at-RE-Bretagne-couleur.png\",\"width\":4016,\"height\":3012},{\"@type\":\"BreadcrumbList\",\"@id\":\"https:\\\/\\\/www.reseau-entreprendre.org\\\/bretagne\\\/2018\\\/09\\\/18\\\/les-nouveaux-laureats-reseau-entreprendre-bretagne\\\/#breadcrumb\",\"itemListElement\":[{\"@type\":\"ListItem\",\"position\":1,\"name\":\"Accueil\",\"item\":\"https:\\\/\\\/www.reseau-entreprendre.org\\\/bretagne\\\/\"},{\"@type\":\"ListItem\",\"position\":2,\"name\":\"Les nouveaux Laur\u00e9ats R\u00e9seau Entreprendre Bretagne\"}]},{\"@type\":\"WebSite\",\"@id\":\"https:\\\/\\\/www.reseau-entreprendre.org\\\/bretagne\\\/#website\",\"url\":\"https:\\\/\\\/www.reseau-entreprendre.org\\\/bretagne\\\/\",\"name\":\"R\u00e9seau Entreprendre Bretagne\",\"description\":\"Pour cr\u00e9er des emplois, cr\u00e9ons des employeurs\",\"potentialAction\":[{\"@type\":\"SearchAction\",\"target\":{\"@type\":\"EntryPoint\",\"urlTemplate\":\"https:\\\/\\\/www.reseau-entreprendre.org\\\/bretagne\\\/?s={search_term_string}\"},\"query-input\":{\"@type\":\"PropertyValueSpecification\",\"valueRequired\":true,\"valueName\":\"search_term_string\"}}],\"inLanguage\":\"fr-FR\"},{\"@type\":\"Person\",\"@id\":\"\",\"url\":\"https:\\\/\\\/www.reseau-entreprendre.org\\\/bretagne\\\/author\\\/\"}]}<\/script>\n<!-- \/ Yoast SEO plugin. -->","yoast_head_json":{"title":"Les nouveaux Laur\u00e9ats R\u00e9seau Entreprendre Bretagne - R\u00e9seau Entreprendre Bretagne","robots":{"index":"index","follow":"follow","max-snippet":"max-snippet:-1","max-image-preview":"max-image-preview:large","max-video-preview":"max-video-preview:-1"},"canonical":"https:\/\/www.reseau-entreprendre.org\/bretagne\/2018\/09\/18\/les-nouveaux-laureats-reseau-entreprendre-bretagne\/","og_locale":"fr_FR","og_type":"article","og_title":"Les nouveaux Laur\u00e9ats R\u00e9seau Entreprendre Bretagne - R\u00e9seau Entreprendre Bretagne","og_description":"H\u00e9l\u00e8ne LEHAY, L.AGENCEMENT, accompagn\u00e9e par Lo\u00efc BOHUON (35) \u00a0Gwena\u00ebl PICAUT,","og_url":"https:\/\/www.reseau-entreprendre.org\/bretagne\/2018\/09\/18\/les-nouveaux-laureats-reseau-entreprendre-bretagne\/","og_site_name":"R\u00e9seau Entreprendre Bretagne","article_publisher":"https:\/\/www.facebook.com\/reseauentreprendrebretagne\/","article_published_time":"2018-09-18T09:35:31+00:00","article_modified_time":"2022-04-11T15:20:16+00:00","og_image":[{"width":4016,"height":3012,"url":"https:\/\/www.reseau-entreprendre.org\/bretagne\/wp-content\/uploads\/sites\/3\/2018\/03\/logo-laur\u00e9at-RE-Bretagne-couleur.png","type":"image\/png"}],"twitter_card":"summary_large_image","twitter_creator":"@RE_Bretagne","twitter_site":"@RE_Bretagne","twitter_misc":{"\u00c9crit par":"","Dur\u00e9e de lecture estim\u00e9e":"1 minute"},"schema":{"@context":"https:\/\/schema.org","@graph":[{"@type":"Article","@id":"https:\/\/www.reseau-entreprendre.org\/bretagne\/2018\/09\/18\/les-nouveaux-laureats-reseau-entreprendre-bretagne\/#article","isPartOf":{"@id":"https:\/\/www.reseau-entreprendre.org\/bretagne\/2018\/09\/18\/les-nouveaux-laureats-reseau-entreprendre-bretagne\/"},"author":{"name":"","@id":""},"headline":"Les nouveaux Laur\u00e9ats R\u00e9seau Entreprendre Bretagne","datePublished":"2018-09-18T09:35:31+00:00","dateModified":"2022-04-11T15:20:16+00:00","mainEntityOfPage":{"@id":"https:\/\/www.reseau-entreprendre.org\/bretagne\/2018\/09\/18\/les-nouveaux-laureats-reseau-entreprendre-bretagne\/"},"wordCount":129,"image":{"@id":"https:\/\/www.reseau-entreprendre.org\/bretagne\/2018\/09\/18\/les-nouveaux-laureats-reseau-entreprendre-bretagne\/#primaryimage"},"thumbnailUrl":"https:\/\/www.reseau-entreprendre.org\/bretagne\/wp-content\/uploads\/sites\/3\/2018\/03\/logo-laur\u00e9at-RE-Bretagne-couleur.png","articleSection":["Actualit\u00e9s"],"inLanguage":"fr-FR"},{"@type":"WebPage","@id":"https:\/\/www.reseau-entreprendre.org\/bretagne\/2018\/09\/18\/les-nouveaux-laureats-reseau-entreprendre-bretagne\/","url":"https:\/\/www.reseau-entreprendre.org\/bretagne\/2018\/09\/18\/les-nouveaux-laureats-reseau-entreprendre-bretagne\/","name":"Les nouveaux Laur\u00e9ats R\u00e9seau Entreprendre Bretagne - R\u00e9seau Entreprendre Bretagne","isPartOf":{"@id":"https:\/\/www.reseau-entreprendre.org\/bretagne\/#website"},"primaryImageOfPage":{"@id":"https:\/\/www.reseau-entreprendre.org\/bretagne\/2018\/09\/18\/les-nouveaux-laureats-reseau-entreprendre-bretagne\/#primaryimage"},"image":{"@id":"https:\/\/www.reseau-entreprendre.org\/bretagne\/2018\/09\/18\/les-nouveaux-laureats-reseau-entreprendre-bretagne\/#primaryimage"},"thumbnailUrl":"https:\/\/www.reseau-entreprendre.org\/bretagne\/wp-content\/uploads\/sites\/3\/2018\/03\/logo-laur\u00e9at-RE-Bretagne-couleur.png","datePublished":"2018-09-18T09:35:31+00:00","dateModified":"2022-04-11T15:20:16+00:00","author":{"@id":""},"breadcrumb":{"@id":"https:\/\/www.reseau-entreprendre.org\/bretagne\/2018\/09\/18\/les-nouveaux-laureats-reseau-entreprendre-bretagne\/#breadcrumb"},"inLanguage":"fr-FR","potentialAction":[{"@type":"ReadAction","target":["https:\/\/www.reseau-entreprendre.org\/bretagne\/2018\/09\/18\/les-nouveaux-laureats-reseau-entreprendre-bretagne\/"]}]},{"@type":"ImageObject","inLanguage":"fr-FR","@id":"https:\/\/www.reseau-entreprendre.org\/bretagne\/2018\/09\/18\/les-nouveaux-laureats-reseau-entreprendre-bretagne\/#primaryimage","url":"https:\/\/www.reseau-entreprendre.org\/bretagne\/wp-content\/uploads\/sites\/3\/2018\/03\/logo-laur\u00e9at-RE-Bretagne-couleur.png","contentUrl":"https:\/\/www.reseau-entreprendre.org\/bretagne\/wp-content\/uploads\/sites\/3\/2018\/03\/logo-laur\u00e9at-RE-Bretagne-couleur.png","width":4016,"height":3012},{"@type":"BreadcrumbList","@id":"https:\/\/www.reseau-entreprendre.org\/bretagne\/2018\/09\/18\/les-nouveaux-laureats-reseau-entreprendre-bretagne\/#breadcrumb","itemListElement":[{"@type":"ListItem","position":1,"name":"Accueil","item":"https:\/\/www.reseau-entreprendre.org\/bretagne\/"},{"@type":"ListItem","position":2,"name":"Les nouveaux Laur\u00e9ats R\u00e9seau Entreprendre Bretagne"}]},{"@type":"WebSite","@id":"https:\/\/www.reseau-entreprendre.org\/bretagne\/#website","url":"https:\/\/www.reseau-entreprendre.org\/bretagne\/","name":"R\u00e9seau Entreprendre Bretagne","description":"Pour cr\u00e9er des emplois, cr\u00e9ons des employeurs","potentialAction":[{"@type":"SearchAction","target":{"@type":"EntryPoint","urlTemplate":"https:\/\/www.reseau-entreprendre.org\/bretagne\/?s={search_term_string}"},"query-input":{"@type":"PropertyValueSpecification","valueRequired":true,"valueName":"search_term_string"}}],"inLanguage":"fr-FR"},{"@type":"Person","@id":"","url":"https:\/\/www.reseau-entreprendre.org\/bretagne\/author\/"}]}},"_links":{"self":[{"href":"https:\/\/www.reseau-entreprendre.org\/bretagne\/wp-json\/wp\/v2\/posts\/1472","targetHints":{"allow":["GET"]}}],"collection":[{"href":"https:\/\/www.reseau-entreprendre.org\/bretagne\/wp-json\/wp\/v2\/posts"}],"about":[{"href":"https:\/\/www.reseau-entreprendre.org\/bretagne\/wp-json\/wp\/v2\/types\/post"}],"author":[{"embeddable":true,"href":"https:\/\/www.reseau-entreprendre.org\/bretagne\/wp-json\/wp\/v2\/users\/87"}],"replies":[{"embeddable":true,"href":"https:\/\/www.reseau-entreprendre.org\/bretagne\/wp-json\/wp\/v2\/comments?post=1472"}],"version-history":[{"count":0,"href":"https:\/\/www.reseau-entreprendre.org\/bretagne\/wp-json\/wp\/v2\/posts\/1472\/revisions"}],"wp:featuredmedia":[{"embeddable":true,"href":"https:\/\/www.reseau-entreprendre.org\/bretagne\/wp-json\/wp\/v2\/media\/1207"}],"wp:attachment":[{"href":"https:\/\/www.reseau-entreprendre.org\/bretagne\/wp-json\/wp\/v2\/media?parent=1472"}],"wp:term":[{"taxonomy":"category","embeddable":true,"href":"https:\/\/www.reseau-entreprendre.org\/bretagne\/wp-json\/wp\/v2\/categories?post=1472"},{"taxonomy":"post_tag","embeddable":true,"href":"https:\/\/www.reseau-entreprendre.org\/bretagne\/wp-json\/wp\/v2\/tags?post=1472"}],"curies":[{"name":"wp","href":"https:\/\/api.w.org\/{rel}","templated":true}]}}