{"id":1487,"date":"2018-09-18T11:21:47","date_gmt":"2018-09-18T09:21:47","guid":{"rendered":"https:\/\/www.reseau-entreprendre.org\/bretagne\/?p=1487"},"modified":"2022-04-11T17:20:16","modified_gmt":"2022-04-11T15:20:16","slug":"nouveaux-membres-ils-nous-rejoignent-2","status":"publish","type":"post","link":"https:\/\/www.reseau-entreprendre.org\/bretagne\/2018\/09\/18\/nouveaux-membres-ils-nous-rejoignent-2\/","title":{"rendered":"Nouveaux Membres, ils nous rejoignent"},"content":{"rendered":"<p>Chefs d&#8217;entreprise, ils viennent renforcer le r\u00e9seau, vous les rencontrerez lors de nos prochains \u00e9v\u00e8nements :<\/p>\n<p><img loading=\"lazy\" decoding=\"async\" class=\"alignnone wp-image-1506 size-thumbnail\" src=\"https:\/\/www.reseau-entreprendre.org\/bretagne\/wp-content\/uploads\/sites\/3\/2018\/09\/Anne-Claire-GUERIN-150x150.jpg\" alt=\"\" width=\"150\" height=\"150\" \/> Anne-Claire GU\u00c9RIN (22)<\/p>\n<p><img loading=\"lazy\" decoding=\"async\" class=\"alignnone wp-image-1507 size-thumbnail\" src=\"https:\/\/www.reseau-entreprendre.org\/bretagne\/wp-content\/uploads\/sites\/3\/2018\/09\/Aur\u00e9lie-PATUREL-150x150.jpg\" alt=\"\" width=\"150\" height=\"150\" \/>\u00a0Aur\u00e9lie PATUREL, Stella Patrimoine (22)<\/p>\n<p><img loading=\"lazy\" decoding=\"async\" class=\"alignnone wp-image-1508 size-thumbnail\" src=\"https:\/\/www.reseau-entreprendre.org\/bretagne\/wp-content\/uploads\/sites\/3\/2018\/09\/Arnaud-KERLEROUX-150x150.jpg\" alt=\"\" width=\"150\" height=\"150\" \/>\u00a0Arnaud KERLEROUX (29)<\/p>\n<p><img loading=\"lazy\" decoding=\"async\" class=\"alignnone wp-image-1509 size-thumbnail\" src=\"https:\/\/www.reseau-entreprendre.org\/bretagne\/wp-content\/uploads\/sites\/3\/2018\/09\/Eric-SINET-150x150.jpg\" alt=\"\" width=\"150\" height=\"150\" \/>\u00a0\u00c9ric SINET (29)<\/p>\n<p><img loading=\"lazy\" decoding=\"async\" class=\"alignnone wp-image-1510 size-thumbnail\" src=\"https:\/\/www.reseau-entreprendre.org\/bretagne\/wp-content\/uploads\/sites\/3\/2018\/09\/Nicolas-BOITTIN-BRETAGNE-TELECOM-150x150.jpg\" alt=\"\" width=\"150\" height=\"150\" \/>\u00a0Nicolas BOITTIN, Bretagne T\u00e9l\u00e9com (35)<\/p>\n<p><img loading=\"lazy\" decoding=\"async\" class=\"alignnone wp-image-1511 size-thumbnail\" src=\"https:\/\/www.reseau-entreprendre.org\/bretagne\/wp-content\/uploads\/sites\/3\/2018\/09\/Fr\u00e9d\u00e9ric-ETIENNE-HIBOOST-150x150.jpg\" alt=\"\" width=\"150\" height=\"150\" \/>\u00a0Fr\u00e9d\u00e9ric ETIENNE, Hiboost (35)<\/p>\n<p><img loading=\"lazy\" decoding=\"async\" class=\"alignnone wp-image-1512 size-thumbnail\" src=\"https:\/\/www.reseau-entreprendre.org\/bretagne\/wp-content\/uploads\/sites\/3\/2018\/09\/S\u00e9bastien-NAU-MEMYBOSS-150x150.jpeg\" alt=\"\" width=\"150\" height=\"150\" srcset=\"https:\/\/www.reseau-entreprendre.org\/bretagne\/wp-content\/uploads\/sites\/3\/2018\/09\/S\u00e9bastien-NAU-MEMYBOSS-150x150.jpeg 150w, https:\/\/www.reseau-entreprendre.org\/bretagne\/wp-content\/uploads\/sites\/3\/2018\/09\/S\u00e9bastien-NAU-MEMYBOSS.jpeg 200w\" sizes=\"auto, (max-width: 150px) 100vw, 150px\" \/>\u00a0S\u00e9bastien NAU, Me&amp;MyBoss (35)<\/p>\n<p><img loading=\"lazy\" decoding=\"async\" class=\"alignnone wp-image-1513 size-thumbnail\" src=\"https:\/\/www.reseau-entreprendre.org\/bretagne\/wp-content\/uploads\/sites\/3\/2018\/09\/Hugues-TARIEL-DIAFIR-150x150.jpg\" alt=\"\" width=\"150\" height=\"150\" \/>\u00a0Hugues TARIEL, Diafir (35)<\/p>\n<p><img loading=\"lazy\" decoding=\"async\" class=\"alignnone wp-image-1514 size-thumbnail\" src=\"https:\/\/www.reseau-entreprendre.org\/bretagne\/wp-content\/uploads\/sites\/3\/2018\/09\/Antoine-CARRE-COLLET-ET-ASSOCIES-150x150.jpg\" alt=\"\" width=\"150\" height=\"150\" \/>\u00a0Antoine CARRE, Collet et Associ\u00e9s (56)<\/p>\n<p><img loading=\"lazy\" decoding=\"async\" class=\"alignnone wp-image-1515 size-thumbnail\" src=\"https:\/\/www.reseau-entreprendre.org\/bretagne\/wp-content\/uploads\/sites\/3\/2018\/09\/S\u00e9bastien-COUGOULIC-SEQUOIA-COACHING-150x150.jpg\" alt=\"\" width=\"150\" height=\"150\" \/>\u00a0S\u00e9bastien COUGOULIC, Sequoia coaching (56)<\/p>\n<p><img loading=\"lazy\" decoding=\"async\" class=\"alignnone wp-image-1516 size-thumbnail\" src=\"https:\/\/www.reseau-entreprendre.org\/bretagne\/wp-content\/uploads\/sites\/3\/2018\/09\/Yannick-FOUCHER-ARINOX-150x150.jpg\" alt=\"\" width=\"150\" height=\"150\" \/>\u00a0Yannick FOUCHER, Arinox (56)<\/p>\n<p><img loading=\"lazy\" decoding=\"async\" class=\"alignnone wp-image-1519 size-thumbnail\" src=\"https:\/\/www.reseau-entreprendre.org\/bretagne\/wp-content\/uploads\/sites\/3\/2018\/09\/Ludovic-DE-FOMBELLE-SICA-FORD-LORIENT-150x150.jpg\" alt=\"\" width=\"150\" height=\"150\" \/> Ludovic DE FOMBELLE, SICA FORD Lorient (56)<\/p>\n<p><img loading=\"lazy\" decoding=\"async\" class=\"alignnone wp-image-1551 size-thumbnail\" src=\"https:\/\/www.reseau-entreprendre.org\/bretagne\/wp-content\/uploads\/sites\/3\/2018\/09\/Samuel-MARQUET-GA\u00cfAGO-150x150.jpg\" alt=\"\" width=\"150\" height=\"150\" srcset=\"https:\/\/www.reseau-entreprendre.org\/bretagne\/wp-content\/uploads\/sites\/3\/2018\/09\/Samuel-MARQUET-GA\u00cfAGO-150x150.jpg 150w, https:\/\/www.reseau-entreprendre.org\/bretagne\/wp-content\/uploads\/sites\/3\/2018\/09\/Samuel-MARQUET-GA\u00cfAGO-300x300.jpg 300w\" sizes=\"auto, (max-width: 150px) 100vw, 150px\" \/> Samuel MARQUET, GA\u00cfAGO (35)<\/p>\n","protected":false},"excerpt":{"rendered":"<p>Chefs d&#8217;entreprise, ils viennent renforcer le r\u00e9seau, vous les rencontrerez<\/p>\n","protected":false},"author":87,"featured_media":1312,"comment_status":"closed","ping_status":"open","sticky":false,"template":"","format":"standard","meta":{"_acf_changed":false,"_monsterinsights_skip_tracking":false,"_monsterinsights_sitenote_active":false,"_monsterinsights_sitenote_note":"","_monsterinsights_sitenote_category":0,"footnotes":""},"categories":[4],"tags":[],"class_list":["post-1487","post","type-post","status-publish","format-standard","has-post-thumbnail","hentry","category-actualites","news"],"acf":[],"yoast_head":"<!-- This site is optimized with the Yoast SEO plugin v27.4 - https:\/\/yoast.com\/product\/yoast-seo-wordpress\/ -->\n<title>Nouveaux Membres, ils nous rejoignent - R\u00e9seau Entreprendre Bretagne<\/title>\n<meta name=\"robots\" content=\"index, follow, max-snippet:-1, max-image-preview:large, max-video-preview:-1\" \/>\n<link rel=\"canonical\" href=\"https:\/\/www.reseau-entreprendre.org\/bretagne\/2018\/09\/18\/nouveaux-membres-ils-nous-rejoignent-2\/\" \/>\n<meta property=\"og:locale\" content=\"fr_FR\" \/>\n<meta property=\"og:type\" content=\"article\" \/>\n<meta property=\"og:title\" content=\"Nouveaux Membres, ils nous rejoignent - R\u00e9seau Entreprendre Bretagne\" \/>\n<meta property=\"og:description\" content=\"Chefs d&#8217;entreprise, ils viennent renforcer le r\u00e9seau, vous les rencontrerez\" \/>\n<meta property=\"og:url\" content=\"https:\/\/www.reseau-entreprendre.org\/bretagne\/2018\/09\/18\/nouveaux-membres-ils-nous-rejoignent-2\/\" \/>\n<meta property=\"og:site_name\" content=\"R\u00e9seau Entreprendre Bretagne\" \/>\n<meta property=\"article:publisher\" content=\"https:\/\/www.facebook.com\/reseauentreprendrebretagne\/\" \/>\n<meta property=\"article:published_time\" content=\"2018-09-18T09:21:47+00:00\" \/>\n<meta property=\"article:modified_time\" content=\"2022-04-11T15:20:16+00:00\" \/>\n<meta property=\"og:image\" content=\"https:\/\/www.reseau-entreprendre.org\/bretagne\/wp-content\/uploads\/sites\/3\/2018\/06\/logo-membre-bretagne-couleur.png\" \/>\n\t<meta property=\"og:image:width\" content=\"4016\" \/>\n\t<meta property=\"og:image:height\" content=\"3012\" \/>\n\t<meta property=\"og:image:type\" content=\"image\/png\" \/>\n<meta name=\"twitter:card\" content=\"summary_large_image\" \/>\n<meta name=\"twitter:creator\" content=\"@RE_Bretagne\" \/>\n<meta name=\"twitter:site\" content=\"@RE_Bretagne\" \/>\n<meta name=\"twitter:label1\" content=\"\u00c9crit par\" \/>\n\t<meta name=\"twitter:data1\" content=\"\" \/>\n<script type=\"application\/ld+json\" class=\"yoast-schema-graph\">{\"@context\":\"https:\\\/\\\/schema.org\",\"@graph\":[{\"@type\":\"Article\",\"@id\":\"https:\\\/\\\/www.reseau-entreprendre.org\\\/bretagne\\\/2018\\\/09\\\/18\\\/nouveaux-membres-ils-nous-rejoignent-2\\\/#article\",\"isPartOf\":{\"@id\":\"https:\\\/\\\/www.reseau-entreprendre.org\\\/bretagne\\\/2018\\\/09\\\/18\\\/nouveaux-membres-ils-nous-rejoignent-2\\\/\"},\"author\":{\"name\":\"\",\"@id\":\"\"},\"headline\":\"Nouveaux Membres, ils nous rejoignent\",\"datePublished\":\"2018-09-18T09:21:47+00:00\",\"dateModified\":\"2022-04-11T15:20:16+00:00\",\"mainEntityOfPage\":{\"@id\":\"https:\\\/\\\/www.reseau-entreprendre.org\\\/bretagne\\\/2018\\\/09\\\/18\\\/nouveaux-membres-ils-nous-rejoignent-2\\\/\"},\"wordCount\":79,\"image\":{\"@id\":\"https:\\\/\\\/www.reseau-entreprendre.org\\\/bretagne\\\/2018\\\/09\\\/18\\\/nouveaux-membres-ils-nous-rejoignent-2\\\/#primaryimage\"},\"thumbnailUrl\":\"https:\\\/\\\/www.reseau-entreprendre.org\\\/bretagne\\\/wp-content\\\/uploads\\\/sites\\\/3\\\/2018\\\/06\\\/logo-membre-bretagne-couleur.png\",\"articleSection\":[\"Actualit\u00e9s\"],\"inLanguage\":\"fr-FR\"},{\"@type\":\"WebPage\",\"@id\":\"https:\\\/\\\/www.reseau-entreprendre.org\\\/bretagne\\\/2018\\\/09\\\/18\\\/nouveaux-membres-ils-nous-rejoignent-2\\\/\",\"url\":\"https:\\\/\\\/www.reseau-entreprendre.org\\\/bretagne\\\/2018\\\/09\\\/18\\\/nouveaux-membres-ils-nous-rejoignent-2\\\/\",\"name\":\"Nouveaux Membres, ils nous rejoignent - R\u00e9seau Entreprendre Bretagne\",\"isPartOf\":{\"@id\":\"https:\\\/\\\/www.reseau-entreprendre.org\\\/bretagne\\\/#website\"},\"primaryImageOfPage\":{\"@id\":\"https:\\\/\\\/www.reseau-entreprendre.org\\\/bretagne\\\/2018\\\/09\\\/18\\\/nouveaux-membres-ils-nous-rejoignent-2\\\/#primaryimage\"},\"image\":{\"@id\":\"https:\\\/\\\/www.reseau-entreprendre.org\\\/bretagne\\\/2018\\\/09\\\/18\\\/nouveaux-membres-ils-nous-rejoignent-2\\\/#primaryimage\"},\"thumbnailUrl\":\"https:\\\/\\\/www.reseau-entreprendre.org\\\/bretagne\\\/wp-content\\\/uploads\\\/sites\\\/3\\\/2018\\\/06\\\/logo-membre-bretagne-couleur.png\",\"datePublished\":\"2018-09-18T09:21:47+00:00\",\"dateModified\":\"2022-04-11T15:20:16+00:00\",\"author\":{\"@id\":\"\"},\"breadcrumb\":{\"@id\":\"https:\\\/\\\/www.reseau-entreprendre.org\\\/bretagne\\\/2018\\\/09\\\/18\\\/nouveaux-membres-ils-nous-rejoignent-2\\\/#breadcrumb\"},\"inLanguage\":\"fr-FR\",\"potentialAction\":[{\"@type\":\"ReadAction\",\"target\":[\"https:\\\/\\\/www.reseau-entreprendre.org\\\/bretagne\\\/2018\\\/09\\\/18\\\/nouveaux-membres-ils-nous-rejoignent-2\\\/\"]}]},{\"@type\":\"ImageObject\",\"inLanguage\":\"fr-FR\",\"@id\":\"https:\\\/\\\/www.reseau-entreprendre.org\\\/bretagne\\\/2018\\\/09\\\/18\\\/nouveaux-membres-ils-nous-rejoignent-2\\\/#primaryimage\",\"url\":\"https:\\\/\\\/www.reseau-entreprendre.org\\\/bretagne\\\/wp-content\\\/uploads\\\/sites\\\/3\\\/2018\\\/06\\\/logo-membre-bretagne-couleur.png\",\"contentUrl\":\"https:\\\/\\\/www.reseau-entreprendre.org\\\/bretagne\\\/wp-content\\\/uploads\\\/sites\\\/3\\\/2018\\\/06\\\/logo-membre-bretagne-couleur.png\",\"width\":4016,\"height\":3012},{\"@type\":\"BreadcrumbList\",\"@id\":\"https:\\\/\\\/www.reseau-entreprendre.org\\\/bretagne\\\/2018\\\/09\\\/18\\\/nouveaux-membres-ils-nous-rejoignent-2\\\/#breadcrumb\",\"itemListElement\":[{\"@type\":\"ListItem\",\"position\":1,\"name\":\"Accueil\",\"item\":\"https:\\\/\\\/www.reseau-entreprendre.org\\\/bretagne\\\/\"},{\"@type\":\"ListItem\",\"position\":2,\"name\":\"Nouveaux Membres, ils nous rejoignent\"}]},{\"@type\":\"WebSite\",\"@id\":\"https:\\\/\\\/www.reseau-entreprendre.org\\\/bretagne\\\/#website\",\"url\":\"https:\\\/\\\/www.reseau-entreprendre.org\\\/bretagne\\\/\",\"name\":\"R\u00e9seau Entreprendre Bretagne\",\"description\":\"Pour cr\u00e9er des emplois, cr\u00e9ons des employeurs\",\"potentialAction\":[{\"@type\":\"SearchAction\",\"target\":{\"@type\":\"EntryPoint\",\"urlTemplate\":\"https:\\\/\\\/www.reseau-entreprendre.org\\\/bretagne\\\/?s={search_term_string}\"},\"query-input\":{\"@type\":\"PropertyValueSpecification\",\"valueRequired\":true,\"valueName\":\"search_term_string\"}}],\"inLanguage\":\"fr-FR\"},{\"@type\":\"Person\",\"@id\":\"\",\"url\":\"https:\\\/\\\/www.reseau-entreprendre.org\\\/bretagne\\\/author\\\/\"}]}<\/script>\n<!-- \/ Yoast SEO plugin. -->","yoast_head_json":{"title":"Nouveaux Membres, ils nous rejoignent - R\u00e9seau Entreprendre Bretagne","robots":{"index":"index","follow":"follow","max-snippet":"max-snippet:-1","max-image-preview":"max-image-preview:large","max-video-preview":"max-video-preview:-1"},"canonical":"https:\/\/www.reseau-entreprendre.org\/bretagne\/2018\/09\/18\/nouveaux-membres-ils-nous-rejoignent-2\/","og_locale":"fr_FR","og_type":"article","og_title":"Nouveaux Membres, ils nous rejoignent - R\u00e9seau Entreprendre Bretagne","og_description":"Chefs d&#8217;entreprise, ils viennent renforcer le r\u00e9seau, vous les rencontrerez","og_url":"https:\/\/www.reseau-entreprendre.org\/bretagne\/2018\/09\/18\/nouveaux-membres-ils-nous-rejoignent-2\/","og_site_name":"R\u00e9seau Entreprendre Bretagne","article_publisher":"https:\/\/www.facebook.com\/reseauentreprendrebretagne\/","article_published_time":"2018-09-18T09:21:47+00:00","article_modified_time":"2022-04-11T15:20:16+00:00","og_image":[{"width":4016,"height":3012,"url":"https:\/\/www.reseau-entreprendre.org\/bretagne\/wp-content\/uploads\/sites\/3\/2018\/06\/logo-membre-bretagne-couleur.png","type":"image\/png"}],"twitter_card":"summary_large_image","twitter_creator":"@RE_Bretagne","twitter_site":"@RE_Bretagne","twitter_misc":{"\u00c9crit par":""},"schema":{"@context":"https:\/\/schema.org","@graph":[{"@type":"Article","@id":"https:\/\/www.reseau-entreprendre.org\/bretagne\/2018\/09\/18\/nouveaux-membres-ils-nous-rejoignent-2\/#article","isPartOf":{"@id":"https:\/\/www.reseau-entreprendre.org\/bretagne\/2018\/09\/18\/nouveaux-membres-ils-nous-rejoignent-2\/"},"author":{"name":"","@id":""},"headline":"Nouveaux Membres, ils nous rejoignent","datePublished":"2018-09-18T09:21:47+00:00","dateModified":"2022-04-11T15:20:16+00:00","mainEntityOfPage":{"@id":"https:\/\/www.reseau-entreprendre.org\/bretagne\/2018\/09\/18\/nouveaux-membres-ils-nous-rejoignent-2\/"},"wordCount":79,"image":{"@id":"https:\/\/www.reseau-entreprendre.org\/bretagne\/2018\/09\/18\/nouveaux-membres-ils-nous-rejoignent-2\/#primaryimage"},"thumbnailUrl":"https:\/\/www.reseau-entreprendre.org\/bretagne\/wp-content\/uploads\/sites\/3\/2018\/06\/logo-membre-bretagne-couleur.png","articleSection":["Actualit\u00e9s"],"inLanguage":"fr-FR"},{"@type":"WebPage","@id":"https:\/\/www.reseau-entreprendre.org\/bretagne\/2018\/09\/18\/nouveaux-membres-ils-nous-rejoignent-2\/","url":"https:\/\/www.reseau-entreprendre.org\/bretagne\/2018\/09\/18\/nouveaux-membres-ils-nous-rejoignent-2\/","name":"Nouveaux Membres, ils nous rejoignent - R\u00e9seau Entreprendre Bretagne","isPartOf":{"@id":"https:\/\/www.reseau-entreprendre.org\/bretagne\/#website"},"primaryImageOfPage":{"@id":"https:\/\/www.reseau-entreprendre.org\/bretagne\/2018\/09\/18\/nouveaux-membres-ils-nous-rejoignent-2\/#primaryimage"},"image":{"@id":"https:\/\/www.reseau-entreprendre.org\/bretagne\/2018\/09\/18\/nouveaux-membres-ils-nous-rejoignent-2\/#primaryimage"},"thumbnailUrl":"https:\/\/www.reseau-entreprendre.org\/bretagne\/wp-content\/uploads\/sites\/3\/2018\/06\/logo-membre-bretagne-couleur.png","datePublished":"2018-09-18T09:21:47+00:00","dateModified":"2022-04-11T15:20:16+00:00","author":{"@id":""},"breadcrumb":{"@id":"https:\/\/www.reseau-entreprendre.org\/bretagne\/2018\/09\/18\/nouveaux-membres-ils-nous-rejoignent-2\/#breadcrumb"},"inLanguage":"fr-FR","potentialAction":[{"@type":"ReadAction","target":["https:\/\/www.reseau-entreprendre.org\/bretagne\/2018\/09\/18\/nouveaux-membres-ils-nous-rejoignent-2\/"]}]},{"@type":"ImageObject","inLanguage":"fr-FR","@id":"https:\/\/www.reseau-entreprendre.org\/bretagne\/2018\/09\/18\/nouveaux-membres-ils-nous-rejoignent-2\/#primaryimage","url":"https:\/\/www.reseau-entreprendre.org\/bretagne\/wp-content\/uploads\/sites\/3\/2018\/06\/logo-membre-bretagne-couleur.png","contentUrl":"https:\/\/www.reseau-entreprendre.org\/bretagne\/wp-content\/uploads\/sites\/3\/2018\/06\/logo-membre-bretagne-couleur.png","width":4016,"height":3012},{"@type":"BreadcrumbList","@id":"https:\/\/www.reseau-entreprendre.org\/bretagne\/2018\/09\/18\/nouveaux-membres-ils-nous-rejoignent-2\/#breadcrumb","itemListElement":[{"@type":"ListItem","position":1,"name":"Accueil","item":"https:\/\/www.reseau-entreprendre.org\/bretagne\/"},{"@type":"ListItem","position":2,"name":"Nouveaux Membres, ils nous rejoignent"}]},{"@type":"WebSite","@id":"https:\/\/www.reseau-entreprendre.org\/bretagne\/#website","url":"https:\/\/www.reseau-entreprendre.org\/bretagne\/","name":"R\u00e9seau Entreprendre Bretagne","description":"Pour cr\u00e9er des emplois, cr\u00e9ons des employeurs","potentialAction":[{"@type":"SearchAction","target":{"@type":"EntryPoint","urlTemplate":"https:\/\/www.reseau-entreprendre.org\/bretagne\/?s={search_term_string}"},"query-input":{"@type":"PropertyValueSpecification","valueRequired":true,"valueName":"search_term_string"}}],"inLanguage":"fr-FR"},{"@type":"Person","@id":"","url":"https:\/\/www.reseau-entreprendre.org\/bretagne\/author\/"}]}},"_links":{"self":[{"href":"https:\/\/www.reseau-entreprendre.org\/bretagne\/wp-json\/wp\/v2\/posts\/1487","targetHints":{"allow":["GET"]}}],"collection":[{"href":"https:\/\/www.reseau-entreprendre.org\/bretagne\/wp-json\/wp\/v2\/posts"}],"about":[{"href":"https:\/\/www.reseau-entreprendre.org\/bretagne\/wp-json\/wp\/v2\/types\/post"}],"author":[{"embeddable":true,"href":"https:\/\/www.reseau-entreprendre.org\/bretagne\/wp-json\/wp\/v2\/users\/87"}],"replies":[{"embeddable":true,"href":"https:\/\/www.reseau-entreprendre.org\/bretagne\/wp-json\/wp\/v2\/comments?post=1487"}],"version-history":[{"count":0,"href":"https:\/\/www.reseau-entreprendre.org\/bretagne\/wp-json\/wp\/v2\/posts\/1487\/revisions"}],"wp:featuredmedia":[{"embeddable":true,"href":"https:\/\/www.reseau-entreprendre.org\/bretagne\/wp-json\/wp\/v2\/media\/1312"}],"wp:attachment":[{"href":"https:\/\/www.reseau-entreprendre.org\/bretagne\/wp-json\/wp\/v2\/media?parent=1487"}],"wp:term":[{"taxonomy":"category","embeddable":true,"href":"https:\/\/www.reseau-entreprendre.org\/bretagne\/wp-json\/wp\/v2\/categories?post=1487"},{"taxonomy":"post_tag","embeddable":true,"href":"https:\/\/www.reseau-entreprendre.org\/bretagne\/wp-json\/wp\/v2\/tags?post=1487"}],"curies":[{"name":"wp","href":"https:\/\/api.w.org\/{rel}","templated":true}]}}