{"id":1582,"date":"2018-12-05T10:00:23","date_gmt":"2018-12-05T09:00:23","guid":{"rendered":"https:\/\/www.reseau-entreprendre.org\/bretagne\/?p=1582"},"modified":"2022-04-11T17:20:16","modified_gmt":"2022-04-11T15:20:16","slug":"35-entrepreneurs-reunis-a-la-fraiche-pour-decouvrir-la-criee-derquy-et-ses-metiers","status":"publish","type":"post","link":"https:\/\/www.reseau-entreprendre.org\/bretagne\/2018\/12\/05\/35-entrepreneurs-reunis-a-la-fraiche-pour-decouvrir-la-criee-derquy-et-ses-metiers\/","title":{"rendered":"35 entrepreneurs r\u00e9unis \u00e0 la fra\u00eeche pour d\u00e9couvrir la cri\u00e9e d\u2019Erquy et ses m\u00e9tiers"},"content":{"rendered":"<p><img loading=\"lazy\" decoding=\"async\" class=\"alignnone size-medium wp-image-1590\" src=\"https:\/\/www.reseau-entreprendre.org\/bretagne\/wp-content\/uploads\/sites\/3\/2018\/12\/0-1-300x180.jpg\" alt=\"\" width=\"300\" height=\"180\" srcset=\"https:\/\/www.reseau-entreprendre.org\/bretagne\/wp-content\/uploads\/sites\/3\/2018\/12\/0-1-300x180.jpg 300w, https:\/\/www.reseau-entreprendre.org\/bretagne\/wp-content\/uploads\/sites\/3\/2018\/12\/0-1-768x460.jpg 768w, https:\/\/www.reseau-entreprendre.org\/bretagne\/wp-content\/uploads\/sites\/3\/2018\/12\/0-1-1024x613.jpg 1024w\" sizes=\"auto, (max-width: 300px) 100vw, 300px\" \/><\/p>\n<p><strong>35 entrepreneurs r\u00e9unis \u00e0 la fra\u00eeche pour d\u00e9couvrir la cri\u00e9e d\u2019Erquy et ses m\u00e9tiers.<\/strong><\/p>\n<p>6h00 sur le port, visite guid\u00e9e, caf\u00e9 croissants \u00e0 suivre bien appr\u00e9ci\u00e9s ! Au del\u00e0 de cette d\u00e9couverte, chacun apprend \u00e0 d\u00e9couvrir les talents qui constituent R\u00e9seau Entreprendre Bretagne. Ces talents sont ceux de 350 dirigeants de PME engag\u00e9s pour la r\u00e9ussite de nouveaux entrepreneurs et la cr\u00e9ation d\u2019emplois en Bretagne.<\/p>\n<p><em><img loading=\"lazy\" decoding=\"async\" class=\"size-medium wp-image-1584 alignright\" src=\"https:\/\/www.reseau-entreprendre.org\/bretagne\/wp-content\/uploads\/sites\/3\/2018\/12\/Tuddy-300x224.jpg\" alt=\"\" width=\"300\" height=\"224\" srcset=\"https:\/\/www.reseau-entreprendre.org\/bretagne\/wp-content\/uploads\/sites\/3\/2018\/12\/Tuddy-300x224.jpg 300w, https:\/\/www.reseau-entreprendre.org\/bretagne\/wp-content\/uploads\/sites\/3\/2018\/12\/Tuddy-768x573.jpg 768w, https:\/\/www.reseau-entreprendre.org\/bretagne\/wp-content\/uploads\/sites\/3\/2018\/12\/Tuddy-1024x764.jpg 1024w\" sizes=\"auto, (max-width: 300px) 100vw, 300px\" \/><\/em><\/p>\n<p>Cette Conviviale a aussi \u00e9t\u00e9 le moment de pr\u00e9senter notre nouveau Laur\u00e9at aux Membres et Laur\u00e9ats du R\u00e9seau Entreprendre, Tudy DROUMAGUET.<\/p>\n<p>Tudy reprend 2 entreprises du b\u00e2timent dans le Tr\u00e9gor pour n&#8217;en faire qu&#8217;une \u00e0 Lannion, <em>TRAOU KER La demeure oc\u00e9ane, <\/em>15 salari\u00e9s. Il sera accompagn\u00e9 24 mois et dans la gratuit\u00e9 par Jean-Claude DUBOIS, membre du r\u00e9seau. Nous remercions Jean-Claude pour ce nouvel engagement en qualit\u00e9 d&#8217;accompagnateur !<\/p>\n<p>En savoir plus sur <a href=\"http:\/\/www.maisonstraouker.com\/\" target=\"_blank\" rel=\"noopener\">TRAOU KER<\/a><\/p>\n","protected":false},"excerpt":{"rendered":"<p>35 entrepreneurs r\u00e9unis \u00e0 la fra\u00eeche pour d\u00e9couvrir la cri\u00e9e<\/p>\n","protected":false},"author":87,"featured_media":1590,"comment_status":"closed","ping_status":"open","sticky":false,"template":"","format":"standard","meta":{"_acf_changed":false,"_monsterinsights_skip_tracking":false,"_monsterinsights_sitenote_active":false,"_monsterinsights_sitenote_note":"","_monsterinsights_sitenote_category":0,"footnotes":""},"categories":[4],"tags":[],"class_list":["post-1582","post","type-post","status-publish","format-standard","has-post-thumbnail","hentry","category-actualites","news"],"acf":[],"yoast_head":"<!-- This site is optimized with the Yoast SEO plugin v27.4 - https:\/\/yoast.com\/product\/yoast-seo-wordpress\/ -->\n<title>35 entrepreneurs r\u00e9unis \u00e0 la fra\u00eeche pour d\u00e9couvrir la cri\u00e9e d\u2019Erquy et ses m\u00e9tiers - R\u00e9seau Entreprendre Bretagne<\/title>\n<meta name=\"robots\" content=\"index, follow, max-snippet:-1, max-image-preview:large, max-video-preview:-1\" \/>\n<link rel=\"canonical\" href=\"https:\/\/www.reseau-entreprendre.org\/bretagne\/2018\/12\/05\/35-entrepreneurs-reunis-a-la-fraiche-pour-decouvrir-la-criee-derquy-et-ses-metiers\/\" \/>\n<meta property=\"og:locale\" content=\"fr_FR\" \/>\n<meta property=\"og:type\" content=\"article\" \/>\n<meta property=\"og:title\" content=\"35 entrepreneurs r\u00e9unis \u00e0 la fra\u00eeche pour d\u00e9couvrir la cri\u00e9e d\u2019Erquy et ses m\u00e9tiers - R\u00e9seau Entreprendre Bretagne\" \/>\n<meta property=\"og:description\" content=\"35 entrepreneurs r\u00e9unis \u00e0 la fra\u00eeche pour d\u00e9couvrir la cri\u00e9e\" \/>\n<meta property=\"og:url\" content=\"https:\/\/www.reseau-entreprendre.org\/bretagne\/2018\/12\/05\/35-entrepreneurs-reunis-a-la-fraiche-pour-decouvrir-la-criee-derquy-et-ses-metiers\/\" \/>\n<meta property=\"og:site_name\" content=\"R\u00e9seau Entreprendre Bretagne\" \/>\n<meta property=\"article:publisher\" content=\"https:\/\/www.facebook.com\/reseauentreprendrebretagne\/\" \/>\n<meta property=\"article:published_time\" content=\"2018-12-05T09:00:23+00:00\" \/>\n<meta property=\"article:modified_time\" content=\"2022-04-11T15:20:16+00:00\" \/>\n<meta property=\"og:image\" content=\"https:\/\/www.reseau-entreprendre.org\/bretagne\/wp-content\/uploads\/sites\/3\/2018\/12\/0-1.jpg\" \/>\n\t<meta property=\"og:image:width\" content=\"2582\" \/>\n\t<meta property=\"og:image:height\" content=\"1546\" \/>\n\t<meta property=\"og:image:type\" content=\"image\/jpeg\" \/>\n<meta name=\"twitter:card\" content=\"summary_large_image\" \/>\n<meta name=\"twitter:creator\" content=\"@RE_Bretagne\" \/>\n<meta name=\"twitter:site\" content=\"@RE_Bretagne\" \/>\n<meta name=\"twitter:label1\" content=\"\u00c9crit par\" \/>\n\t<meta name=\"twitter:data1\" content=\"\" \/>\n\t<meta name=\"twitter:label2\" content=\"Dur\u00e9e de lecture estim\u00e9e\" \/>\n\t<meta name=\"twitter:data2\" content=\"1 minute\" \/>\n<script type=\"application\/ld+json\" class=\"yoast-schema-graph\">{\"@context\":\"https:\\\/\\\/schema.org\",\"@graph\":[{\"@type\":\"Article\",\"@id\":\"https:\\\/\\\/www.reseau-entreprendre.org\\\/bretagne\\\/2018\\\/12\\\/05\\\/35-entrepreneurs-reunis-a-la-fraiche-pour-decouvrir-la-criee-derquy-et-ses-metiers\\\/#article\",\"isPartOf\":{\"@id\":\"https:\\\/\\\/www.reseau-entreprendre.org\\\/bretagne\\\/2018\\\/12\\\/05\\\/35-entrepreneurs-reunis-a-la-fraiche-pour-decouvrir-la-criee-derquy-et-ses-metiers\\\/\"},\"author\":{\"name\":\"\",\"@id\":\"\"},\"headline\":\"35 entrepreneurs r\u00e9unis \u00e0 la fra\u00eeche pour d\u00e9couvrir la cri\u00e9e d\u2019Erquy et ses m\u00e9tiers\",\"datePublished\":\"2018-12-05T09:00:23+00:00\",\"dateModified\":\"2022-04-11T15:20:16+00:00\",\"mainEntityOfPage\":{\"@id\":\"https:\\\/\\\/www.reseau-entreprendre.org\\\/bretagne\\\/2018\\\/12\\\/05\\\/35-entrepreneurs-reunis-a-la-fraiche-pour-decouvrir-la-criee-derquy-et-ses-metiers\\\/\"},\"wordCount\":175,\"image\":{\"@id\":\"https:\\\/\\\/www.reseau-entreprendre.org\\\/bretagne\\\/2018\\\/12\\\/05\\\/35-entrepreneurs-reunis-a-la-fraiche-pour-decouvrir-la-criee-derquy-et-ses-metiers\\\/#primaryimage\"},\"thumbnailUrl\":\"https:\\\/\\\/www.reseau-entreprendre.org\\\/bretagne\\\/wp-content\\\/uploads\\\/sites\\\/3\\\/2018\\\/12\\\/0-1.jpg\",\"articleSection\":[\"Actualit\u00e9s\"],\"inLanguage\":\"fr-FR\"},{\"@type\":\"WebPage\",\"@id\":\"https:\\\/\\\/www.reseau-entreprendre.org\\\/bretagne\\\/2018\\\/12\\\/05\\\/35-entrepreneurs-reunis-a-la-fraiche-pour-decouvrir-la-criee-derquy-et-ses-metiers\\\/\",\"url\":\"https:\\\/\\\/www.reseau-entreprendre.org\\\/bretagne\\\/2018\\\/12\\\/05\\\/35-entrepreneurs-reunis-a-la-fraiche-pour-decouvrir-la-criee-derquy-et-ses-metiers\\\/\",\"name\":\"35 entrepreneurs r\u00e9unis \u00e0 la fra\u00eeche pour d\u00e9couvrir la cri\u00e9e d\u2019Erquy et ses m\u00e9tiers - R\u00e9seau Entreprendre Bretagne\",\"isPartOf\":{\"@id\":\"https:\\\/\\\/www.reseau-entreprendre.org\\\/bretagne\\\/#website\"},\"primaryImageOfPage\":{\"@id\":\"https:\\\/\\\/www.reseau-entreprendre.org\\\/bretagne\\\/2018\\\/12\\\/05\\\/35-entrepreneurs-reunis-a-la-fraiche-pour-decouvrir-la-criee-derquy-et-ses-metiers\\\/#primaryimage\"},\"image\":{\"@id\":\"https:\\\/\\\/www.reseau-entreprendre.org\\\/bretagne\\\/2018\\\/12\\\/05\\\/35-entrepreneurs-reunis-a-la-fraiche-pour-decouvrir-la-criee-derquy-et-ses-metiers\\\/#primaryimage\"},\"thumbnailUrl\":\"https:\\\/\\\/www.reseau-entreprendre.org\\\/bretagne\\\/wp-content\\\/uploads\\\/sites\\\/3\\\/2018\\\/12\\\/0-1.jpg\",\"datePublished\":\"2018-12-05T09:00:23+00:00\",\"dateModified\":\"2022-04-11T15:20:16+00:00\",\"author\":{\"@id\":\"\"},\"breadcrumb\":{\"@id\":\"https:\\\/\\\/www.reseau-entreprendre.org\\\/bretagne\\\/2018\\\/12\\\/05\\\/35-entrepreneurs-reunis-a-la-fraiche-pour-decouvrir-la-criee-derquy-et-ses-metiers\\\/#breadcrumb\"},\"inLanguage\":\"fr-FR\",\"potentialAction\":[{\"@type\":\"ReadAction\",\"target\":[\"https:\\\/\\\/www.reseau-entreprendre.org\\\/bretagne\\\/2018\\\/12\\\/05\\\/35-entrepreneurs-reunis-a-la-fraiche-pour-decouvrir-la-criee-derquy-et-ses-metiers\\\/\"]}]},{\"@type\":\"ImageObject\",\"inLanguage\":\"fr-FR\",\"@id\":\"https:\\\/\\\/www.reseau-entreprendre.org\\\/bretagne\\\/2018\\\/12\\\/05\\\/35-entrepreneurs-reunis-a-la-fraiche-pour-decouvrir-la-criee-derquy-et-ses-metiers\\\/#primaryimage\",\"url\":\"https:\\\/\\\/www.reseau-entreprendre.org\\\/bretagne\\\/wp-content\\\/uploads\\\/sites\\\/3\\\/2018\\\/12\\\/0-1.jpg\",\"contentUrl\":\"https:\\\/\\\/www.reseau-entreprendre.org\\\/bretagne\\\/wp-content\\\/uploads\\\/sites\\\/3\\\/2018\\\/12\\\/0-1.jpg\",\"width\":2582,\"height\":1546},{\"@type\":\"BreadcrumbList\",\"@id\":\"https:\\\/\\\/www.reseau-entreprendre.org\\\/bretagne\\\/2018\\\/12\\\/05\\\/35-entrepreneurs-reunis-a-la-fraiche-pour-decouvrir-la-criee-derquy-et-ses-metiers\\\/#breadcrumb\",\"itemListElement\":[{\"@type\":\"ListItem\",\"position\":1,\"name\":\"Accueil\",\"item\":\"https:\\\/\\\/www.reseau-entreprendre.org\\\/bretagne\\\/\"},{\"@type\":\"ListItem\",\"position\":2,\"name\":\"35 entrepreneurs r\u00e9unis \u00e0 la fra\u00eeche pour d\u00e9couvrir la cri\u00e9e d\u2019Erquy et ses m\u00e9tiers\"}]},{\"@type\":\"WebSite\",\"@id\":\"https:\\\/\\\/www.reseau-entreprendre.org\\\/bretagne\\\/#website\",\"url\":\"https:\\\/\\\/www.reseau-entreprendre.org\\\/bretagne\\\/\",\"name\":\"R\u00e9seau Entreprendre Bretagne\",\"description\":\"Pour cr\u00e9er des emplois, cr\u00e9ons des employeurs\",\"potentialAction\":[{\"@type\":\"SearchAction\",\"target\":{\"@type\":\"EntryPoint\",\"urlTemplate\":\"https:\\\/\\\/www.reseau-entreprendre.org\\\/bretagne\\\/?s={search_term_string}\"},\"query-input\":{\"@type\":\"PropertyValueSpecification\",\"valueRequired\":true,\"valueName\":\"search_term_string\"}}],\"inLanguage\":\"fr-FR\"},{\"@type\":\"Person\",\"@id\":\"\",\"url\":\"https:\\\/\\\/www.reseau-entreprendre.org\\\/bretagne\\\/author\\\/\"}]}<\/script>\n<!-- \/ Yoast SEO plugin. -->","yoast_head_json":{"title":"35 entrepreneurs r\u00e9unis \u00e0 la fra\u00eeche pour d\u00e9couvrir la cri\u00e9e d\u2019Erquy et ses m\u00e9tiers - R\u00e9seau Entreprendre Bretagne","robots":{"index":"index","follow":"follow","max-snippet":"max-snippet:-1","max-image-preview":"max-image-preview:large","max-video-preview":"max-video-preview:-1"},"canonical":"https:\/\/www.reseau-entreprendre.org\/bretagne\/2018\/12\/05\/35-entrepreneurs-reunis-a-la-fraiche-pour-decouvrir-la-criee-derquy-et-ses-metiers\/","og_locale":"fr_FR","og_type":"article","og_title":"35 entrepreneurs r\u00e9unis \u00e0 la fra\u00eeche pour d\u00e9couvrir la cri\u00e9e d\u2019Erquy et ses m\u00e9tiers - R\u00e9seau Entreprendre Bretagne","og_description":"35 entrepreneurs r\u00e9unis \u00e0 la fra\u00eeche pour d\u00e9couvrir la cri\u00e9e","og_url":"https:\/\/www.reseau-entreprendre.org\/bretagne\/2018\/12\/05\/35-entrepreneurs-reunis-a-la-fraiche-pour-decouvrir-la-criee-derquy-et-ses-metiers\/","og_site_name":"R\u00e9seau Entreprendre Bretagne","article_publisher":"https:\/\/www.facebook.com\/reseauentreprendrebretagne\/","article_published_time":"2018-12-05T09:00:23+00:00","article_modified_time":"2022-04-11T15:20:16+00:00","og_image":[{"width":2582,"height":1546,"url":"https:\/\/www.reseau-entreprendre.org\/bretagne\/wp-content\/uploads\/sites\/3\/2018\/12\/0-1.jpg","type":"image\/jpeg"}],"twitter_card":"summary_large_image","twitter_creator":"@RE_Bretagne","twitter_site":"@RE_Bretagne","twitter_misc":{"\u00c9crit par":"","Dur\u00e9e de lecture estim\u00e9e":"1 minute"},"schema":{"@context":"https:\/\/schema.org","@graph":[{"@type":"Article","@id":"https:\/\/www.reseau-entreprendre.org\/bretagne\/2018\/12\/05\/35-entrepreneurs-reunis-a-la-fraiche-pour-decouvrir-la-criee-derquy-et-ses-metiers\/#article","isPartOf":{"@id":"https:\/\/www.reseau-entreprendre.org\/bretagne\/2018\/12\/05\/35-entrepreneurs-reunis-a-la-fraiche-pour-decouvrir-la-criee-derquy-et-ses-metiers\/"},"author":{"name":"","@id":""},"headline":"35 entrepreneurs r\u00e9unis \u00e0 la fra\u00eeche pour d\u00e9couvrir la cri\u00e9e d\u2019Erquy et ses m\u00e9tiers","datePublished":"2018-12-05T09:00:23+00:00","dateModified":"2022-04-11T15:20:16+00:00","mainEntityOfPage":{"@id":"https:\/\/www.reseau-entreprendre.org\/bretagne\/2018\/12\/05\/35-entrepreneurs-reunis-a-la-fraiche-pour-decouvrir-la-criee-derquy-et-ses-metiers\/"},"wordCount":175,"image":{"@id":"https:\/\/www.reseau-entreprendre.org\/bretagne\/2018\/12\/05\/35-entrepreneurs-reunis-a-la-fraiche-pour-decouvrir-la-criee-derquy-et-ses-metiers\/#primaryimage"},"thumbnailUrl":"https:\/\/www.reseau-entreprendre.org\/bretagne\/wp-content\/uploads\/sites\/3\/2018\/12\/0-1.jpg","articleSection":["Actualit\u00e9s"],"inLanguage":"fr-FR"},{"@type":"WebPage","@id":"https:\/\/www.reseau-entreprendre.org\/bretagne\/2018\/12\/05\/35-entrepreneurs-reunis-a-la-fraiche-pour-decouvrir-la-criee-derquy-et-ses-metiers\/","url":"https:\/\/www.reseau-entreprendre.org\/bretagne\/2018\/12\/05\/35-entrepreneurs-reunis-a-la-fraiche-pour-decouvrir-la-criee-derquy-et-ses-metiers\/","name":"35 entrepreneurs r\u00e9unis \u00e0 la fra\u00eeche pour d\u00e9couvrir la cri\u00e9e d\u2019Erquy et ses m\u00e9tiers - R\u00e9seau Entreprendre Bretagne","isPartOf":{"@id":"https:\/\/www.reseau-entreprendre.org\/bretagne\/#website"},"primaryImageOfPage":{"@id":"https:\/\/www.reseau-entreprendre.org\/bretagne\/2018\/12\/05\/35-entrepreneurs-reunis-a-la-fraiche-pour-decouvrir-la-criee-derquy-et-ses-metiers\/#primaryimage"},"image":{"@id":"https:\/\/www.reseau-entreprendre.org\/bretagne\/2018\/12\/05\/35-entrepreneurs-reunis-a-la-fraiche-pour-decouvrir-la-criee-derquy-et-ses-metiers\/#primaryimage"},"thumbnailUrl":"https:\/\/www.reseau-entreprendre.org\/bretagne\/wp-content\/uploads\/sites\/3\/2018\/12\/0-1.jpg","datePublished":"2018-12-05T09:00:23+00:00","dateModified":"2022-04-11T15:20:16+00:00","author":{"@id":""},"breadcrumb":{"@id":"https:\/\/www.reseau-entreprendre.org\/bretagne\/2018\/12\/05\/35-entrepreneurs-reunis-a-la-fraiche-pour-decouvrir-la-criee-derquy-et-ses-metiers\/#breadcrumb"},"inLanguage":"fr-FR","potentialAction":[{"@type":"ReadAction","target":["https:\/\/www.reseau-entreprendre.org\/bretagne\/2018\/12\/05\/35-entrepreneurs-reunis-a-la-fraiche-pour-decouvrir-la-criee-derquy-et-ses-metiers\/"]}]},{"@type":"ImageObject","inLanguage":"fr-FR","@id":"https:\/\/www.reseau-entreprendre.org\/bretagne\/2018\/12\/05\/35-entrepreneurs-reunis-a-la-fraiche-pour-decouvrir-la-criee-derquy-et-ses-metiers\/#primaryimage","url":"https:\/\/www.reseau-entreprendre.org\/bretagne\/wp-content\/uploads\/sites\/3\/2018\/12\/0-1.jpg","contentUrl":"https:\/\/www.reseau-entreprendre.org\/bretagne\/wp-content\/uploads\/sites\/3\/2018\/12\/0-1.jpg","width":2582,"height":1546},{"@type":"BreadcrumbList","@id":"https:\/\/www.reseau-entreprendre.org\/bretagne\/2018\/12\/05\/35-entrepreneurs-reunis-a-la-fraiche-pour-decouvrir-la-criee-derquy-et-ses-metiers\/#breadcrumb","itemListElement":[{"@type":"ListItem","position":1,"name":"Accueil","item":"https:\/\/www.reseau-entreprendre.org\/bretagne\/"},{"@type":"ListItem","position":2,"name":"35 entrepreneurs r\u00e9unis \u00e0 la fra\u00eeche pour d\u00e9couvrir la cri\u00e9e d\u2019Erquy et ses m\u00e9tiers"}]},{"@type":"WebSite","@id":"https:\/\/www.reseau-entreprendre.org\/bretagne\/#website","url":"https:\/\/www.reseau-entreprendre.org\/bretagne\/","name":"R\u00e9seau Entreprendre Bretagne","description":"Pour cr\u00e9er des emplois, cr\u00e9ons des employeurs","potentialAction":[{"@type":"SearchAction","target":{"@type":"EntryPoint","urlTemplate":"https:\/\/www.reseau-entreprendre.org\/bretagne\/?s={search_term_string}"},"query-input":{"@type":"PropertyValueSpecification","valueRequired":true,"valueName":"search_term_string"}}],"inLanguage":"fr-FR"},{"@type":"Person","@id":"","url":"https:\/\/www.reseau-entreprendre.org\/bretagne\/author\/"}]}},"_links":{"self":[{"href":"https:\/\/www.reseau-entreprendre.org\/bretagne\/wp-json\/wp\/v2\/posts\/1582","targetHints":{"allow":["GET"]}}],"collection":[{"href":"https:\/\/www.reseau-entreprendre.org\/bretagne\/wp-json\/wp\/v2\/posts"}],"about":[{"href":"https:\/\/www.reseau-entreprendre.org\/bretagne\/wp-json\/wp\/v2\/types\/post"}],"author":[{"embeddable":true,"href":"https:\/\/www.reseau-entreprendre.org\/bretagne\/wp-json\/wp\/v2\/users\/87"}],"replies":[{"embeddable":true,"href":"https:\/\/www.reseau-entreprendre.org\/bretagne\/wp-json\/wp\/v2\/comments?post=1582"}],"version-history":[{"count":0,"href":"https:\/\/www.reseau-entreprendre.org\/bretagne\/wp-json\/wp\/v2\/posts\/1582\/revisions"}],"wp:featuredmedia":[{"embeddable":true,"href":"https:\/\/www.reseau-entreprendre.org\/bretagne\/wp-json\/wp\/v2\/media\/1590"}],"wp:attachment":[{"href":"https:\/\/www.reseau-entreprendre.org\/bretagne\/wp-json\/wp\/v2\/media?parent=1582"}],"wp:term":[{"taxonomy":"category","embeddable":true,"href":"https:\/\/www.reseau-entreprendre.org\/bretagne\/wp-json\/wp\/v2\/categories?post=1582"},{"taxonomy":"post_tag","embeddable":true,"href":"https:\/\/www.reseau-entreprendre.org\/bretagne\/wp-json\/wp\/v2\/tags?post=1582"}],"curies":[{"name":"wp","href":"https:\/\/api.w.org\/{rel}","templated":true}]}}