{"id":1612,"date":"2019-01-15T10:11:16","date_gmt":"2019-01-15T09:11:16","guid":{"rendered":"https:\/\/www.reseau-entreprendre.org\/bretagne\/?p=1612"},"modified":"2022-04-11T17:20:16","modified_gmt":"2022-04-11T15:20:16","slug":"voici-les-nouveaux-laureats-du-reseau","status":"publish","type":"post","link":"https:\/\/www.reseau-entreprendre.org\/bretagne\/2019\/01\/15\/voici-les-nouveaux-laureats-du-reseau\/","title":{"rendered":"Voici les nouveaux Laur\u00e9ats du R\u00e9seau"},"content":{"rendered":"<ul>\n<li><img loading=\"lazy\" decoding=\"async\" class=\"alignnone wp-image-1613 size-thumbnail\" src=\"https:\/\/www.reseau-entreprendre.org\/bretagne\/wp-content\/uploads\/sites\/3\/2019\/01\/Aline-GIBSON-et-Lucie-FLOCHLAY-MUSE-MARLOW-150x150.jpg\" alt=\"\" width=\"150\" height=\"150\" srcset=\"https:\/\/www.reseau-entreprendre.org\/bretagne\/wp-content\/uploads\/sites\/3\/2019\/01\/Aline-GIBSON-et-Lucie-FLOCHLAY-MUSE-MARLOW-150x150.jpg 150w, https:\/\/www.reseau-entreprendre.org\/bretagne\/wp-content\/uploads\/sites\/3\/2019\/01\/Aline-GIBSON-et-Lucie-FLOCHLAY-MUSE-MARLOW-300x300.jpg 300w\" sizes=\"auto, (max-width: 150px) 100vw, 150px\" \/>Aline GIBSON et Lucie FLOCHLAY, Muse &amp; Marlow (29), accompagn\u00e9es par Briac LAMIRE<\/li>\n<\/ul>\n<p>&nbsp;<\/p>\n<ul>\n<li><img loading=\"lazy\" decoding=\"async\" class=\"alignnone wp-image-1615 size-thumbnail\" src=\"https:\/\/www.reseau-entreprendre.org\/bretagne\/wp-content\/uploads\/sites\/3\/2019\/01\/Carole-DUVAL-BLOB-ENJEU-150x150.jpg\" alt=\"\" width=\"150\" height=\"150\" srcset=\"https:\/\/www.reseau-entreprendre.org\/bretagne\/wp-content\/uploads\/sites\/3\/2019\/01\/Carole-DUVAL-BLOB-ENJEU-150x150.jpg 150w, https:\/\/www.reseau-entreprendre.org\/bretagne\/wp-content\/uploads\/sites\/3\/2019\/01\/Carole-DUVAL-BLOB-ENJEU-300x300.jpg 300w\" sizes=\"auto, (max-width: 150px) 100vw, 150px\" \/> Carole DUVAL, BLOB ENJEU (56), accompagn\u00e9e par S\u00e9bastien COUGOULIC<br \/>\n<table style=\"height: 33px\" width=\"5\">\n<tbody>\n<tr>\n<td width=\"264\"><\/td>\n<\/tr>\n<\/tbody>\n<\/table>\n<\/li>\n<li>\u00a0<img loading=\"lazy\" decoding=\"async\" class=\"alignnone wp-image-1616 size-thumbnail\" src=\"https:\/\/www.reseau-entreprendre.org\/bretagne\/wp-content\/uploads\/sites\/3\/2019\/01\/Damien-DE-BODMAN-ECOMIAM-150x150.jpeg\" alt=\"\" width=\"150\" height=\"150\" srcset=\"https:\/\/www.reseau-entreprendre.org\/bretagne\/wp-content\/uploads\/sites\/3\/2019\/01\/Damien-DE-BODMAN-ECOMIAM-150x150.jpeg 150w, https:\/\/www.reseau-entreprendre.org\/bretagne\/wp-content\/uploads\/sites\/3\/2019\/01\/Damien-DE-BODMAN-ECOMIAM-300x300.jpeg 300w\" sizes=\"auto, (max-width: 150px) 100vw, 150px\" \/>Damien de BODMAN, \u00c9comiam (35), accompagn\u00e9 par S\u00e9bastien NAU<\/li>\n<\/ul>\n<p>&nbsp;<\/p>\n<ul>\n<li><img loading=\"lazy\" decoding=\"async\" class=\"alignnone wp-image-1617 size-thumbnail\" src=\"https:\/\/www.reseau-entreprendre.org\/bretagne\/wp-content\/uploads\/sites\/3\/2019\/01\/Didier-FILLATRE-et-Marie-GUILLOU-LE-MARCHAND-150x150.jpg\" alt=\"\" width=\"150\" height=\"150\" srcset=\"https:\/\/www.reseau-entreprendre.org\/bretagne\/wp-content\/uploads\/sites\/3\/2019\/01\/Didier-FILLATRE-et-Marie-GUILLOU-LE-MARCHAND-150x150.jpg 150w, https:\/\/www.reseau-entreprendre.org\/bretagne\/wp-content\/uploads\/sites\/3\/2019\/01\/Didier-FILLATRE-et-Marie-GUILLOU-LE-MARCHAND-300x300.jpg 300w\" sizes=\"auto, (max-width: 150px) 100vw, 150px\" \/>\u00a0 Marie GUILLOU et Didier FILLATRE, Menuiseries LE MARCHAND (22), accompagn\u00e9s par Xavier PERCHE<\/li>\n<\/ul>\n<p>&nbsp;<\/p>\n<ul>\n<li><img loading=\"lazy\" decoding=\"async\" class=\"alignnone wp-image-1619 size-thumbnail\" src=\"https:\/\/www.reseau-entreprendre.org\/bretagne\/wp-content\/uploads\/sites\/3\/2019\/01\/Pr\u00e9sentation1-150x150.png\" alt=\"\" width=\"150\" height=\"150\" srcset=\"https:\/\/www.reseau-entreprendre.org\/bretagne\/wp-content\/uploads\/sites\/3\/2019\/01\/Pr\u00e9sentation1-150x150.png 150w, https:\/\/www.reseau-entreprendre.org\/bretagne\/wp-content\/uploads\/sites\/3\/2019\/01\/Pr\u00e9sentation1-300x300.png 300w\" sizes=\"auto, (max-width: 150px) 100vw, 150px\" \/>\u00a0G\u00e9raldine ESNOU, Juliette ISERIN Flocon Bio (29), accompagn\u00e9es par Fran\u00e7ois BOUCHET<\/li>\n<\/ul>\n<p>&nbsp;<\/p>\n<ul>\n<li><img loading=\"lazy\" decoding=\"async\" class=\"alignnone wp-image-1620 size-thumbnail\" src=\"https:\/\/www.reseau-entreprendre.org\/bretagne\/wp-content\/uploads\/sites\/3\/2019\/01\/Laetitia-FERMEN-NOUVELLE-METALLERIE-KERPONT-150x150.jpg\" alt=\"\" width=\"150\" height=\"150\" srcset=\"https:\/\/www.reseau-entreprendre.org\/bretagne\/wp-content\/uploads\/sites\/3\/2019\/01\/Laetitia-FERMEN-NOUVELLE-METALLERIE-KERPONT-150x150.jpg 150w, https:\/\/www.reseau-entreprendre.org\/bretagne\/wp-content\/uploads\/sites\/3\/2019\/01\/Laetitia-FERMEN-NOUVELLE-METALLERIE-KERPONT-300x300.jpg 300w\" sizes=\"auto, (max-width: 150px) 100vw, 150px\" \/> Laetitia FERMEN, Nouvelle M\u00e9tallerie Kerpont (56), accompagn\u00e9e par Antoine CARR\u00c9<\/li>\n<\/ul>\n<p>&nbsp;<\/p>\n<ul>\n<li><img loading=\"lazy\" decoding=\"async\" class=\"alignnone wp-image-1621 size-thumbnail\" src=\"https:\/\/www.reseau-entreprendre.org\/bretagne\/wp-content\/uploads\/sites\/3\/2019\/01\/Loic-DEFFAINS-UNITEE-150x150.jpeg\" alt=\"\" width=\"150\" height=\"150\" srcset=\"https:\/\/www.reseau-entreprendre.org\/bretagne\/wp-content\/uploads\/sites\/3\/2019\/01\/Loic-DEFFAINS-UNITEE-150x150.jpeg 150w, https:\/\/www.reseau-entreprendre.org\/bretagne\/wp-content\/uploads\/sites\/3\/2019\/01\/Loic-DEFFAINS-UNITEE-300x300.jpeg 300w\" sizes=\"auto, (max-width: 150px) 100vw, 150px\" \/> Lo\u00efc DEFFAINS, UNITEE (35), accompagn\u00e9 par Fr\u00e9d\u00e9rick van Gorkum<\/li>\n<\/ul>\n<p>&nbsp;<\/p>\n<ul>\n<li><img loading=\"lazy\" decoding=\"async\" class=\"alignnone wp-image-1622 size-thumbnail\" src=\"https:\/\/www.reseau-entreprendre.org\/bretagne\/wp-content\/uploads\/sites\/3\/2019\/01\/Olivier-CHANTEUX-et-Otmane-BOUCHAREB-INSCOPER-150x150.jpeg\" alt=\"\" width=\"150\" height=\"150\" srcset=\"https:\/\/www.reseau-entreprendre.org\/bretagne\/wp-content\/uploads\/sites\/3\/2019\/01\/Olivier-CHANTEUX-et-Otmane-BOUCHAREB-INSCOPER-150x150.jpeg 150w, https:\/\/www.reseau-entreprendre.org\/bretagne\/wp-content\/uploads\/sites\/3\/2019\/01\/Olivier-CHANTEUX-et-Otmane-BOUCHAREB-INSCOPER-300x300.jpeg 300w\" sizes=\"auto, (max-width: 150px) 100vw, 150px\" \/>\u00a0\u00a0\u00a0 Olivier CHANTEUX et Otmane BOUCHAREB, INSCOPER (35), accompagn\u00e9s par Edouard DELENTE<\/li>\n<\/ul>\n<p>&nbsp;<\/p>\n<ul>\n<li><img loading=\"lazy\" decoding=\"async\" class=\"alignnone wp-image-1623 size-thumbnail\" src=\"https:\/\/www.reseau-entreprendre.org\/bretagne\/wp-content\/uploads\/sites\/3\/2019\/01\/Tudy-DROUMAGUET-TRAOU-KER-150x150.jpg\" alt=\"\" width=\"150\" height=\"150\" srcset=\"https:\/\/www.reseau-entreprendre.org\/bretagne\/wp-content\/uploads\/sites\/3\/2019\/01\/Tudy-DROUMAGUET-TRAOU-KER-150x150.jpg 150w, https:\/\/www.reseau-entreprendre.org\/bretagne\/wp-content\/uploads\/sites\/3\/2019\/01\/Tudy-DROUMAGUET-TRAOU-KER-300x300.jpg 300w\" sizes=\"auto, (max-width: 150px) 100vw, 150px\" \/> Tudy DROUMAGUET, TRAOUKER (22), accompagn\u00e9 par Jean-Claude DUBOIS<\/li>\n<\/ul>\n<p>&nbsp;<\/p>\n<ul>\n<li><img loading=\"lazy\" decoding=\"async\" class=\"alignnone wp-image-1624 size-thumbnail\" src=\"https:\/\/www.reseau-entreprendre.org\/bretagne\/wp-content\/uploads\/sites\/3\/2019\/01\/Vincent-PINTO-MADEC-ELECTRICITE-150x150.jpg\" alt=\"\" width=\"150\" height=\"150\" srcset=\"https:\/\/www.reseau-entreprendre.org\/bretagne\/wp-content\/uploads\/sites\/3\/2019\/01\/Vincent-PINTO-MADEC-ELECTRICITE-150x150.jpg 150w, https:\/\/www.reseau-entreprendre.org\/bretagne\/wp-content\/uploads\/sites\/3\/2019\/01\/Vincent-PINTO-MADEC-ELECTRICITE-300x302.jpg 300w\" sizes=\"auto, (max-width: 150px) 100vw, 150px\" \/> Vincent PINTO, MADEC ELECTRICITE (29), accompagn\u00e9 par Glen DESMOUSSEAUX<\/li>\n<\/ul>\n<p>&nbsp;<\/p>\n<ul>\n<li><img loading=\"lazy\" decoding=\"async\" class=\"alignnone wp-image-1650 size-thumbnail\" src=\"https:\/\/www.reseau-entreprendre.org\/bretagne\/wp-content\/uploads\/sites\/3\/2019\/01\/Cyrille-JEGOUX-150x150.jpeg\" alt=\"\" width=\"150\" height=\"150\" srcset=\"https:\/\/www.reseau-entreprendre.org\/bretagne\/wp-content\/uploads\/sites\/3\/2019\/01\/Cyrille-JEGOUX-150x150.jpeg 150w, https:\/\/www.reseau-entreprendre.org\/bretagne\/wp-content\/uploads\/sites\/3\/2019\/01\/Cyrille-JEGOUX-300x300.jpeg 300w\" sizes=\"auto, (max-width: 150px) 100vw, 150px\" \/>\u00a0Cyrille J\u00c9GOUX, COOPEO (56), accompagn\u00e9 par Dominique FLAGEUL et Erwan TAULOIS<\/li>\n<\/ul>\n<p>&nbsp;<\/p>\n<ul>\n<li><img loading=\"lazy\" decoding=\"async\" class=\"alignnone wp-image-1614 size-thumbnail\" src=\"https:\/\/www.reseau-entreprendre.org\/bretagne\/wp-content\/uploads\/sites\/3\/2019\/01\/Aur\u00e9lien-KERVARGANT-LA-CALLE-150x150.jpg\" alt=\"\" width=\"150\" height=\"150\" srcset=\"https:\/\/www.reseau-entreprendre.org\/bretagne\/wp-content\/uploads\/sites\/3\/2019\/01\/Aur\u00e9lien-KERVARGANT-LA-CALLE-150x150.jpg 150w, https:\/\/www.reseau-entreprendre.org\/bretagne\/wp-content\/uploads\/sites\/3\/2019\/01\/Aur\u00e9lien-KERVARGANT-LA-CALLE-300x300.jpg 300w\" sizes=\"auto, (max-width: 150px) 100vw, 150px\" \/> Aur\u00e9lien KERVARGANT, LA CALLE (56), accompagn\u00e9 par Bertrand NOGUES<\/li>\n<\/ul>\n","protected":false},"excerpt":{"rendered":"<p>Aline GIBSON et Lucie FLOCHLAY, Muse &amp; Marlow (29), accompagn\u00e9es<\/p>\n","protected":false},"author":87,"featured_media":1207,"comment_status":"closed","ping_status":"open","sticky":false,"template":"","format":"standard","meta":{"_acf_changed":false,"_monsterinsights_skip_tracking":false,"_monsterinsights_sitenote_active":false,"_monsterinsights_sitenote_note":"","_monsterinsights_sitenote_category":0,"footnotes":""},"categories":[4],"tags":[],"class_list":["post-1612","post","type-post","status-publish","format-standard","has-post-thumbnail","hentry","category-actualites","news"],"acf":[],"yoast_head":"<!-- This site is optimized with the Yoast SEO plugin v27.4 - https:\/\/yoast.com\/product\/yoast-seo-wordpress\/ -->\n<title>Voici les nouveaux Laur\u00e9ats du R\u00e9seau - R\u00e9seau Entreprendre Bretagne<\/title>\n<meta name=\"robots\" content=\"index, follow, max-snippet:-1, max-image-preview:large, max-video-preview:-1\" \/>\n<link rel=\"canonical\" href=\"https:\/\/www.reseau-entreprendre.org\/bretagne\/2019\/01\/15\/voici-les-nouveaux-laureats-du-reseau\/\" \/>\n<meta property=\"og:locale\" content=\"fr_FR\" \/>\n<meta property=\"og:type\" content=\"article\" \/>\n<meta property=\"og:title\" content=\"Voici les nouveaux Laur\u00e9ats du R\u00e9seau - R\u00e9seau Entreprendre Bretagne\" \/>\n<meta property=\"og:description\" content=\"Aline GIBSON et Lucie FLOCHLAY, Muse &amp; Marlow (29), accompagn\u00e9es\" \/>\n<meta property=\"og:url\" content=\"https:\/\/www.reseau-entreprendre.org\/bretagne\/2019\/01\/15\/voici-les-nouveaux-laureats-du-reseau\/\" \/>\n<meta property=\"og:site_name\" content=\"R\u00e9seau Entreprendre Bretagne\" \/>\n<meta property=\"article:publisher\" content=\"https:\/\/www.facebook.com\/reseauentreprendrebretagne\/\" \/>\n<meta property=\"article:published_time\" content=\"2019-01-15T09:11:16+00:00\" \/>\n<meta property=\"article:modified_time\" content=\"2022-04-11T15:20:16+00:00\" \/>\n<meta property=\"og:image\" content=\"https:\/\/www.reseau-entreprendre.org\/bretagne\/wp-content\/uploads\/sites\/3\/2018\/03\/logo-laur\u00e9at-RE-Bretagne-couleur.png\" \/>\n\t<meta property=\"og:image:width\" content=\"4016\" \/>\n\t<meta property=\"og:image:height\" content=\"3012\" \/>\n\t<meta property=\"og:image:type\" content=\"image\/png\" \/>\n<meta name=\"twitter:card\" content=\"summary_large_image\" \/>\n<meta name=\"twitter:creator\" content=\"@RE_Bretagne\" \/>\n<meta name=\"twitter:site\" content=\"@RE_Bretagne\" \/>\n<meta name=\"twitter:label1\" content=\"\u00c9crit par\" \/>\n\t<meta name=\"twitter:data1\" content=\"\" \/>\n\t<meta name=\"twitter:label2\" content=\"Dur\u00e9e de lecture estim\u00e9e\" \/>\n\t<meta name=\"twitter:data2\" content=\"1 minute\" \/>\n<script type=\"application\/ld+json\" class=\"yoast-schema-graph\">{\"@context\":\"https:\\\/\\\/schema.org\",\"@graph\":[{\"@type\":\"Article\",\"@id\":\"https:\\\/\\\/www.reseau-entreprendre.org\\\/bretagne\\\/2019\\\/01\\\/15\\\/voici-les-nouveaux-laureats-du-reseau\\\/#article\",\"isPartOf\":{\"@id\":\"https:\\\/\\\/www.reseau-entreprendre.org\\\/bretagne\\\/2019\\\/01\\\/15\\\/voici-les-nouveaux-laureats-du-reseau\\\/\"},\"author\":{\"name\":\"\",\"@id\":\"\"},\"headline\":\"Voici les nouveaux Laur\u00e9ats du R\u00e9seau\",\"datePublished\":\"2019-01-15T09:11:16+00:00\",\"dateModified\":\"2022-04-11T15:20:16+00:00\",\"mainEntityOfPage\":{\"@id\":\"https:\\\/\\\/www.reseau-entreprendre.org\\\/bretagne\\\/2019\\\/01\\\/15\\\/voici-les-nouveaux-laureats-du-reseau\\\/\"},\"wordCount\":144,\"image\":{\"@id\":\"https:\\\/\\\/www.reseau-entreprendre.org\\\/bretagne\\\/2019\\\/01\\\/15\\\/voici-les-nouveaux-laureats-du-reseau\\\/#primaryimage\"},\"thumbnailUrl\":\"https:\\\/\\\/www.reseau-entreprendre.org\\\/bretagne\\\/wp-content\\\/uploads\\\/sites\\\/3\\\/2018\\\/03\\\/logo-laur\u00e9at-RE-Bretagne-couleur.png\",\"articleSection\":[\"Actualit\u00e9s\"],\"inLanguage\":\"fr-FR\"},{\"@type\":\"WebPage\",\"@id\":\"https:\\\/\\\/www.reseau-entreprendre.org\\\/bretagne\\\/2019\\\/01\\\/15\\\/voici-les-nouveaux-laureats-du-reseau\\\/\",\"url\":\"https:\\\/\\\/www.reseau-entreprendre.org\\\/bretagne\\\/2019\\\/01\\\/15\\\/voici-les-nouveaux-laureats-du-reseau\\\/\",\"name\":\"Voici les nouveaux Laur\u00e9ats du R\u00e9seau - R\u00e9seau Entreprendre Bretagne\",\"isPartOf\":{\"@id\":\"https:\\\/\\\/www.reseau-entreprendre.org\\\/bretagne\\\/#website\"},\"primaryImageOfPage\":{\"@id\":\"https:\\\/\\\/www.reseau-entreprendre.org\\\/bretagne\\\/2019\\\/01\\\/15\\\/voici-les-nouveaux-laureats-du-reseau\\\/#primaryimage\"},\"image\":{\"@id\":\"https:\\\/\\\/www.reseau-entreprendre.org\\\/bretagne\\\/2019\\\/01\\\/15\\\/voici-les-nouveaux-laureats-du-reseau\\\/#primaryimage\"},\"thumbnailUrl\":\"https:\\\/\\\/www.reseau-entreprendre.org\\\/bretagne\\\/wp-content\\\/uploads\\\/sites\\\/3\\\/2018\\\/03\\\/logo-laur\u00e9at-RE-Bretagne-couleur.png\",\"datePublished\":\"2019-01-15T09:11:16+00:00\",\"dateModified\":\"2022-04-11T15:20:16+00:00\",\"author\":{\"@id\":\"\"},\"breadcrumb\":{\"@id\":\"https:\\\/\\\/www.reseau-entreprendre.org\\\/bretagne\\\/2019\\\/01\\\/15\\\/voici-les-nouveaux-laureats-du-reseau\\\/#breadcrumb\"},\"inLanguage\":\"fr-FR\",\"potentialAction\":[{\"@type\":\"ReadAction\",\"target\":[\"https:\\\/\\\/www.reseau-entreprendre.org\\\/bretagne\\\/2019\\\/01\\\/15\\\/voici-les-nouveaux-laureats-du-reseau\\\/\"]}]},{\"@type\":\"ImageObject\",\"inLanguage\":\"fr-FR\",\"@id\":\"https:\\\/\\\/www.reseau-entreprendre.org\\\/bretagne\\\/2019\\\/01\\\/15\\\/voici-les-nouveaux-laureats-du-reseau\\\/#primaryimage\",\"url\":\"https:\\\/\\\/www.reseau-entreprendre.org\\\/bretagne\\\/wp-content\\\/uploads\\\/sites\\\/3\\\/2018\\\/03\\\/logo-laur\u00e9at-RE-Bretagne-couleur.png\",\"contentUrl\":\"https:\\\/\\\/www.reseau-entreprendre.org\\\/bretagne\\\/wp-content\\\/uploads\\\/sites\\\/3\\\/2018\\\/03\\\/logo-laur\u00e9at-RE-Bretagne-couleur.png\",\"width\":4016,\"height\":3012},{\"@type\":\"BreadcrumbList\",\"@id\":\"https:\\\/\\\/www.reseau-entreprendre.org\\\/bretagne\\\/2019\\\/01\\\/15\\\/voici-les-nouveaux-laureats-du-reseau\\\/#breadcrumb\",\"itemListElement\":[{\"@type\":\"ListItem\",\"position\":1,\"name\":\"Accueil\",\"item\":\"https:\\\/\\\/www.reseau-entreprendre.org\\\/bretagne\\\/\"},{\"@type\":\"ListItem\",\"position\":2,\"name\":\"Voici les nouveaux Laur\u00e9ats du R\u00e9seau\"}]},{\"@type\":\"WebSite\",\"@id\":\"https:\\\/\\\/www.reseau-entreprendre.org\\\/bretagne\\\/#website\",\"url\":\"https:\\\/\\\/www.reseau-entreprendre.org\\\/bretagne\\\/\",\"name\":\"R\u00e9seau Entreprendre Bretagne\",\"description\":\"Pour cr\u00e9er des emplois, cr\u00e9ons des employeurs\",\"potentialAction\":[{\"@type\":\"SearchAction\",\"target\":{\"@type\":\"EntryPoint\",\"urlTemplate\":\"https:\\\/\\\/www.reseau-entreprendre.org\\\/bretagne\\\/?s={search_term_string}\"},\"query-input\":{\"@type\":\"PropertyValueSpecification\",\"valueRequired\":true,\"valueName\":\"search_term_string\"}}],\"inLanguage\":\"fr-FR\"},{\"@type\":\"Person\",\"@id\":\"\",\"url\":\"https:\\\/\\\/www.reseau-entreprendre.org\\\/bretagne\\\/author\\\/\"}]}<\/script>\n<!-- \/ Yoast SEO plugin. -->","yoast_head_json":{"title":"Voici les nouveaux Laur\u00e9ats du R\u00e9seau - R\u00e9seau Entreprendre Bretagne","robots":{"index":"index","follow":"follow","max-snippet":"max-snippet:-1","max-image-preview":"max-image-preview:large","max-video-preview":"max-video-preview:-1"},"canonical":"https:\/\/www.reseau-entreprendre.org\/bretagne\/2019\/01\/15\/voici-les-nouveaux-laureats-du-reseau\/","og_locale":"fr_FR","og_type":"article","og_title":"Voici les nouveaux Laur\u00e9ats du R\u00e9seau - R\u00e9seau Entreprendre Bretagne","og_description":"Aline GIBSON et Lucie FLOCHLAY, Muse &amp; Marlow (29), accompagn\u00e9es","og_url":"https:\/\/www.reseau-entreprendre.org\/bretagne\/2019\/01\/15\/voici-les-nouveaux-laureats-du-reseau\/","og_site_name":"R\u00e9seau Entreprendre Bretagne","article_publisher":"https:\/\/www.facebook.com\/reseauentreprendrebretagne\/","article_published_time":"2019-01-15T09:11:16+00:00","article_modified_time":"2022-04-11T15:20:16+00:00","og_image":[{"width":4016,"height":3012,"url":"https:\/\/www.reseau-entreprendre.org\/bretagne\/wp-content\/uploads\/sites\/3\/2018\/03\/logo-laur\u00e9at-RE-Bretagne-couleur.png","type":"image\/png"}],"twitter_card":"summary_large_image","twitter_creator":"@RE_Bretagne","twitter_site":"@RE_Bretagne","twitter_misc":{"\u00c9crit par":"","Dur\u00e9e de lecture estim\u00e9e":"1 minute"},"schema":{"@context":"https:\/\/schema.org","@graph":[{"@type":"Article","@id":"https:\/\/www.reseau-entreprendre.org\/bretagne\/2019\/01\/15\/voici-les-nouveaux-laureats-du-reseau\/#article","isPartOf":{"@id":"https:\/\/www.reseau-entreprendre.org\/bretagne\/2019\/01\/15\/voici-les-nouveaux-laureats-du-reseau\/"},"author":{"name":"","@id":""},"headline":"Voici les nouveaux Laur\u00e9ats du R\u00e9seau","datePublished":"2019-01-15T09:11:16+00:00","dateModified":"2022-04-11T15:20:16+00:00","mainEntityOfPage":{"@id":"https:\/\/www.reseau-entreprendre.org\/bretagne\/2019\/01\/15\/voici-les-nouveaux-laureats-du-reseau\/"},"wordCount":144,"image":{"@id":"https:\/\/www.reseau-entreprendre.org\/bretagne\/2019\/01\/15\/voici-les-nouveaux-laureats-du-reseau\/#primaryimage"},"thumbnailUrl":"https:\/\/www.reseau-entreprendre.org\/bretagne\/wp-content\/uploads\/sites\/3\/2018\/03\/logo-laur\u00e9at-RE-Bretagne-couleur.png","articleSection":["Actualit\u00e9s"],"inLanguage":"fr-FR"},{"@type":"WebPage","@id":"https:\/\/www.reseau-entreprendre.org\/bretagne\/2019\/01\/15\/voici-les-nouveaux-laureats-du-reseau\/","url":"https:\/\/www.reseau-entreprendre.org\/bretagne\/2019\/01\/15\/voici-les-nouveaux-laureats-du-reseau\/","name":"Voici les nouveaux Laur\u00e9ats du R\u00e9seau - R\u00e9seau Entreprendre Bretagne","isPartOf":{"@id":"https:\/\/www.reseau-entreprendre.org\/bretagne\/#website"},"primaryImageOfPage":{"@id":"https:\/\/www.reseau-entreprendre.org\/bretagne\/2019\/01\/15\/voici-les-nouveaux-laureats-du-reseau\/#primaryimage"},"image":{"@id":"https:\/\/www.reseau-entreprendre.org\/bretagne\/2019\/01\/15\/voici-les-nouveaux-laureats-du-reseau\/#primaryimage"},"thumbnailUrl":"https:\/\/www.reseau-entreprendre.org\/bretagne\/wp-content\/uploads\/sites\/3\/2018\/03\/logo-laur\u00e9at-RE-Bretagne-couleur.png","datePublished":"2019-01-15T09:11:16+00:00","dateModified":"2022-04-11T15:20:16+00:00","author":{"@id":""},"breadcrumb":{"@id":"https:\/\/www.reseau-entreprendre.org\/bretagne\/2019\/01\/15\/voici-les-nouveaux-laureats-du-reseau\/#breadcrumb"},"inLanguage":"fr-FR","potentialAction":[{"@type":"ReadAction","target":["https:\/\/www.reseau-entreprendre.org\/bretagne\/2019\/01\/15\/voici-les-nouveaux-laureats-du-reseau\/"]}]},{"@type":"ImageObject","inLanguage":"fr-FR","@id":"https:\/\/www.reseau-entreprendre.org\/bretagne\/2019\/01\/15\/voici-les-nouveaux-laureats-du-reseau\/#primaryimage","url":"https:\/\/www.reseau-entreprendre.org\/bretagne\/wp-content\/uploads\/sites\/3\/2018\/03\/logo-laur\u00e9at-RE-Bretagne-couleur.png","contentUrl":"https:\/\/www.reseau-entreprendre.org\/bretagne\/wp-content\/uploads\/sites\/3\/2018\/03\/logo-laur\u00e9at-RE-Bretagne-couleur.png","width":4016,"height":3012},{"@type":"BreadcrumbList","@id":"https:\/\/www.reseau-entreprendre.org\/bretagne\/2019\/01\/15\/voici-les-nouveaux-laureats-du-reseau\/#breadcrumb","itemListElement":[{"@type":"ListItem","position":1,"name":"Accueil","item":"https:\/\/www.reseau-entreprendre.org\/bretagne\/"},{"@type":"ListItem","position":2,"name":"Voici les nouveaux Laur\u00e9ats du R\u00e9seau"}]},{"@type":"WebSite","@id":"https:\/\/www.reseau-entreprendre.org\/bretagne\/#website","url":"https:\/\/www.reseau-entreprendre.org\/bretagne\/","name":"R\u00e9seau Entreprendre Bretagne","description":"Pour cr\u00e9er des emplois, cr\u00e9ons des employeurs","potentialAction":[{"@type":"SearchAction","target":{"@type":"EntryPoint","urlTemplate":"https:\/\/www.reseau-entreprendre.org\/bretagne\/?s={search_term_string}"},"query-input":{"@type":"PropertyValueSpecification","valueRequired":true,"valueName":"search_term_string"}}],"inLanguage":"fr-FR"},{"@type":"Person","@id":"","url":"https:\/\/www.reseau-entreprendre.org\/bretagne\/author\/"}]}},"_links":{"self":[{"href":"https:\/\/www.reseau-entreprendre.org\/bretagne\/wp-json\/wp\/v2\/posts\/1612","targetHints":{"allow":["GET"]}}],"collection":[{"href":"https:\/\/www.reseau-entreprendre.org\/bretagne\/wp-json\/wp\/v2\/posts"}],"about":[{"href":"https:\/\/www.reseau-entreprendre.org\/bretagne\/wp-json\/wp\/v2\/types\/post"}],"author":[{"embeddable":true,"href":"https:\/\/www.reseau-entreprendre.org\/bretagne\/wp-json\/wp\/v2\/users\/87"}],"replies":[{"embeddable":true,"href":"https:\/\/www.reseau-entreprendre.org\/bretagne\/wp-json\/wp\/v2\/comments?post=1612"}],"version-history":[{"count":0,"href":"https:\/\/www.reseau-entreprendre.org\/bretagne\/wp-json\/wp\/v2\/posts\/1612\/revisions"}],"wp:featuredmedia":[{"embeddable":true,"href":"https:\/\/www.reseau-entreprendre.org\/bretagne\/wp-json\/wp\/v2\/media\/1207"}],"wp:attachment":[{"href":"https:\/\/www.reseau-entreprendre.org\/bretagne\/wp-json\/wp\/v2\/media?parent=1612"}],"wp:term":[{"taxonomy":"category","embeddable":true,"href":"https:\/\/www.reseau-entreprendre.org\/bretagne\/wp-json\/wp\/v2\/categories?post=1612"},{"taxonomy":"post_tag","embeddable":true,"href":"https:\/\/www.reseau-entreprendre.org\/bretagne\/wp-json\/wp\/v2\/tags?post=1612"}],"curies":[{"name":"wp","href":"https:\/\/api.w.org\/{rel}","templated":true}]}}