{"id":1672,"date":"2019-01-30T07:42:09","date_gmt":"2019-01-30T06:42:09","guid":{"rendered":"https:\/\/www.reseau-entreprendre.org\/bretagne\/?p=1672"},"modified":"2022-04-11T17:20:16","modified_gmt":"2022-04-11T15:20:16","slug":"cotes-darmor-des-voeux-dans-la-convivialite-et-un-relai-dassure-chez-groupama","status":"publish","type":"post","link":"https:\/\/www.reseau-entreprendre.org\/bretagne\/2019\/01\/30\/cotes-darmor-des-voeux-dans-la-convivialite-et-un-relai-dassure-chez-groupama\/","title":{"rendered":"C\u00f4tes d&#8217;Armor, des v\u0153ux dans la Convivialit\u00e9 et un relai assur\u00e9 chez Groupama !"},"content":{"rendered":"<p><span style=\"font-size: 12.0pt;color: black\">Une quarantaine de membres \u00e9taient pr\u00e9sents jeudi 24 janvier au si\u00e8ge de notre Partenaire GROUPAMA.<\/span><\/p>\n<p><img loading=\"lazy\" decoding=\"async\" class=\"size-medium wp-image-1674 alignleft\" src=\"https:\/\/www.reseau-entreprendre.org\/bretagne\/wp-content\/uploads\/sites\/3\/2019\/01\/BYE22-3-300x159.jpeg\" alt=\"\" width=\"300\" height=\"159\" srcset=\"https:\/\/www.reseau-entreprendre.org\/bretagne\/wp-content\/uploads\/sites\/3\/2019\/01\/BYE22-3-300x159.jpeg 300w, https:\/\/www.reseau-entreprendre.org\/bretagne\/wp-content\/uploads\/sites\/3\/2019\/01\/BYE22-3-566x302.jpeg 566w, https:\/\/www.reseau-entreprendre.org\/bretagne\/wp-content\/uploads\/sites\/3\/2019\/01\/BYE22-3.jpeg 667w\" sizes=\"auto, (max-width: 300px) 100vw, 300px\" \/><\/p>\n<p><span style=\"font-size: 12.0pt;color: black\">Jean-Yvon PRIGENT, Directeur commercial nous a ouvert les portes de la d\u00e9l\u00e9gation et pr\u00e9sent\u00e9 les activit\u00e9s de GROUPAMA. Nous avons eu la chance de d\u00e9couvrir le centre d&#8217;appel de Pl\u00e9rin aux chiffres impressionnants\u00a0: 101 conseillers r\u00e9pondent aux attentes des clients et prospects de l&#8217;assureur ce qui repr\u00e9sente pr\u00e8s de 660 000 appels annuels.\u00a0\u00a0<\/span><\/p>\n<p><span style=\"font-size: 12.0pt;color: black\">Dans une ambiance conviviale, nous avons d\u00e9gust\u00e9 des galettes des rois, et le Vice-Pr\u00e9sident Yannick DIVEU a pr\u00e9sent\u00e9 les v\u0153ux pour cette nouvelle ann\u00e9e, nous souhaitant sant\u00e9 et r\u00e9ussite. <\/span><span style=\"font-size: 12.0pt;color: black\">Christophe,\u00a0notre d\u00e9l\u00e9gu\u00e9 des C\u00f4tes d\u2019Armor\u00a0 a \u00e9t\u00e9 chaleureusement remerci\u00e9 pour\u00a0son travail de ces derni\u00e8res ann\u00e9es et c&#8217;est naturellement que\u00a0les membres lui ont souhait\u00e9 bon vent pour la reprise du territoire Morbihannais ! Bienvenue \u00e0 Ga\u00eblle OLLIVRO qui va reprendre le flambeau d\u00e8s le 1er f\u00e9vrier d&#8217;un r\u00e9seau qui en 5 saisons a vu sa taille et le nombre de projets accompagn\u00e9s doubl\u00e9s. <\/span><\/p>\n<p><span style=\"font-size: 12.0pt;color: black\">Les bases sont solides, membres et laur\u00e9ats en pleine forme pour lancer 2019 !<br \/>\n<\/span><\/p>\n<p>Yannick DIVEU,<\/p>\n<p>Vice-Pr\u00e9sident des C\u00f4tes d&#8217;Armor<\/p>\n<p>R\u00e9seau Entreprendre Bretagne<\/p>\n<p><img loading=\"lazy\" decoding=\"async\" class=\"alignnone size-medium wp-image-1673\" src=\"https:\/\/www.reseau-entreprendre.org\/bretagne\/wp-content\/uploads\/sites\/3\/2019\/01\/PASSASSION-POUVOIRS-REB22-300x201.jpg\" alt=\"\" width=\"300\" height=\"201\" srcset=\"https:\/\/www.reseau-entreprendre.org\/bretagne\/wp-content\/uploads\/sites\/3\/2019\/01\/PASSASSION-POUVOIRS-REB22-300x201.jpg 300w, https:\/\/www.reseau-entreprendre.org\/bretagne\/wp-content\/uploads\/sites\/3\/2019\/01\/PASSASSION-POUVOIRS-REB22-768x514.jpg 768w, https:\/\/www.reseau-entreprendre.org\/bretagne\/wp-content\/uploads\/sites\/3\/2019\/01\/PASSASSION-POUVOIRS-REB22-1024x686.jpg 1024w\" sizes=\"auto, (max-width: 300px) 100vw, 300px\" \/><\/p>\n","protected":false},"excerpt":{"rendered":"<p>Une quarantaine de membres \u00e9taient pr\u00e9sents jeudi 24 janvier au<\/p>\n","protected":false},"author":87,"featured_media":1673,"comment_status":"closed","ping_status":"open","sticky":false,"template":"","format":"standard","meta":{"_acf_changed":false,"_monsterinsights_skip_tracking":false,"_monsterinsights_sitenote_active":false,"_monsterinsights_sitenote_note":"","_monsterinsights_sitenote_category":0,"footnotes":""},"categories":[4],"tags":[],"class_list":["post-1672","post","type-post","status-publish","format-standard","has-post-thumbnail","hentry","category-actualites","news"],"acf":[],"yoast_head":"<!-- This site is optimized with the Yoast SEO plugin v27.4 - https:\/\/yoast.com\/product\/yoast-seo-wordpress\/ -->\n<title>C\u00f4tes d&#039;Armor, des v\u0153ux dans la Convivialit\u00e9 et un relai assur\u00e9 chez Groupama ! - R\u00e9seau Entreprendre Bretagne<\/title>\n<meta name=\"robots\" content=\"index, follow, max-snippet:-1, max-image-preview:large, max-video-preview:-1\" \/>\n<link rel=\"canonical\" href=\"https:\/\/www.reseau-entreprendre.org\/bretagne\/2019\/01\/30\/cotes-darmor-des-voeux-dans-la-convivialite-et-un-relai-dassure-chez-groupama\/\" \/>\n<meta property=\"og:locale\" content=\"fr_FR\" \/>\n<meta property=\"og:type\" content=\"article\" \/>\n<meta property=\"og:title\" content=\"C\u00f4tes d&#039;Armor, des v\u0153ux dans la Convivialit\u00e9 et un relai assur\u00e9 chez Groupama ! - R\u00e9seau Entreprendre Bretagne\" \/>\n<meta property=\"og:description\" content=\"Une quarantaine de membres \u00e9taient pr\u00e9sents jeudi 24 janvier au\" \/>\n<meta property=\"og:url\" content=\"https:\/\/www.reseau-entreprendre.org\/bretagne\/2019\/01\/30\/cotes-darmor-des-voeux-dans-la-convivialite-et-un-relai-dassure-chez-groupama\/\" \/>\n<meta property=\"og:site_name\" content=\"R\u00e9seau Entreprendre Bretagne\" \/>\n<meta property=\"article:publisher\" content=\"https:\/\/www.facebook.com\/reseauentreprendrebretagne\/\" \/>\n<meta property=\"article:published_time\" content=\"2019-01-30T06:42:09+00:00\" \/>\n<meta property=\"article:modified_time\" content=\"2022-04-11T15:20:16+00:00\" \/>\n<meta property=\"og:image\" content=\"https:\/\/www.reseau-entreprendre.org\/bretagne\/wp-content\/uploads\/sites\/3\/2019\/01\/PASSASSION-POUVOIRS-REB22.jpg\" \/>\n\t<meta property=\"og:image:width\" content=\"2894\" \/>\n\t<meta property=\"og:image:height\" content=\"1938\" \/>\n\t<meta property=\"og:image:type\" content=\"image\/jpeg\" \/>\n<meta name=\"twitter:card\" content=\"summary_large_image\" \/>\n<meta name=\"twitter:creator\" content=\"@RE_Bretagne\" \/>\n<meta name=\"twitter:site\" content=\"@RE_Bretagne\" \/>\n<meta name=\"twitter:label1\" content=\"\u00c9crit par\" \/>\n\t<meta name=\"twitter:data1\" content=\"\" \/>\n\t<meta name=\"twitter:label2\" content=\"Dur\u00e9e de lecture estim\u00e9e\" \/>\n\t<meta name=\"twitter:data2\" content=\"1 minute\" \/>\n<script type=\"application\/ld+json\" class=\"yoast-schema-graph\">{\"@context\":\"https:\\\/\\\/schema.org\",\"@graph\":[{\"@type\":\"Article\",\"@id\":\"https:\\\/\\\/www.reseau-entreprendre.org\\\/bretagne\\\/2019\\\/01\\\/30\\\/cotes-darmor-des-voeux-dans-la-convivialite-et-un-relai-dassure-chez-groupama\\\/#article\",\"isPartOf\":{\"@id\":\"https:\\\/\\\/www.reseau-entreprendre.org\\\/bretagne\\\/2019\\\/01\\\/30\\\/cotes-darmor-des-voeux-dans-la-convivialite-et-un-relai-dassure-chez-groupama\\\/\"},\"author\":{\"name\":\"\",\"@id\":\"\"},\"headline\":\"C\u00f4tes d&#8217;Armor, des v\u0153ux dans la Convivialit\u00e9 et un relai assur\u00e9 chez Groupama !\",\"datePublished\":\"2019-01-30T06:42:09+00:00\",\"dateModified\":\"2022-04-11T15:20:16+00:00\",\"mainEntityOfPage\":{\"@id\":\"https:\\\/\\\/www.reseau-entreprendre.org\\\/bretagne\\\/2019\\\/01\\\/30\\\/cotes-darmor-des-voeux-dans-la-convivialite-et-un-relai-dassure-chez-groupama\\\/\"},\"wordCount\":230,\"image\":{\"@id\":\"https:\\\/\\\/www.reseau-entreprendre.org\\\/bretagne\\\/2019\\\/01\\\/30\\\/cotes-darmor-des-voeux-dans-la-convivialite-et-un-relai-dassure-chez-groupama\\\/#primaryimage\"},\"thumbnailUrl\":\"https:\\\/\\\/www.reseau-entreprendre.org\\\/bretagne\\\/wp-content\\\/uploads\\\/sites\\\/3\\\/2019\\\/01\\\/PASSASSION-POUVOIRS-REB22.jpg\",\"articleSection\":[\"Actualit\u00e9s\"],\"inLanguage\":\"fr-FR\"},{\"@type\":\"WebPage\",\"@id\":\"https:\\\/\\\/www.reseau-entreprendre.org\\\/bretagne\\\/2019\\\/01\\\/30\\\/cotes-darmor-des-voeux-dans-la-convivialite-et-un-relai-dassure-chez-groupama\\\/\",\"url\":\"https:\\\/\\\/www.reseau-entreprendre.org\\\/bretagne\\\/2019\\\/01\\\/30\\\/cotes-darmor-des-voeux-dans-la-convivialite-et-un-relai-dassure-chez-groupama\\\/\",\"name\":\"C\u00f4tes d'Armor, des v\u0153ux dans la Convivialit\u00e9 et un relai assur\u00e9 chez Groupama ! - R\u00e9seau Entreprendre Bretagne\",\"isPartOf\":{\"@id\":\"https:\\\/\\\/www.reseau-entreprendre.org\\\/bretagne\\\/#website\"},\"primaryImageOfPage\":{\"@id\":\"https:\\\/\\\/www.reseau-entreprendre.org\\\/bretagne\\\/2019\\\/01\\\/30\\\/cotes-darmor-des-voeux-dans-la-convivialite-et-un-relai-dassure-chez-groupama\\\/#primaryimage\"},\"image\":{\"@id\":\"https:\\\/\\\/www.reseau-entreprendre.org\\\/bretagne\\\/2019\\\/01\\\/30\\\/cotes-darmor-des-voeux-dans-la-convivialite-et-un-relai-dassure-chez-groupama\\\/#primaryimage\"},\"thumbnailUrl\":\"https:\\\/\\\/www.reseau-entreprendre.org\\\/bretagne\\\/wp-content\\\/uploads\\\/sites\\\/3\\\/2019\\\/01\\\/PASSASSION-POUVOIRS-REB22.jpg\",\"datePublished\":\"2019-01-30T06:42:09+00:00\",\"dateModified\":\"2022-04-11T15:20:16+00:00\",\"author\":{\"@id\":\"\"},\"breadcrumb\":{\"@id\":\"https:\\\/\\\/www.reseau-entreprendre.org\\\/bretagne\\\/2019\\\/01\\\/30\\\/cotes-darmor-des-voeux-dans-la-convivialite-et-un-relai-dassure-chez-groupama\\\/#breadcrumb\"},\"inLanguage\":\"fr-FR\",\"potentialAction\":[{\"@type\":\"ReadAction\",\"target\":[\"https:\\\/\\\/www.reseau-entreprendre.org\\\/bretagne\\\/2019\\\/01\\\/30\\\/cotes-darmor-des-voeux-dans-la-convivialite-et-un-relai-dassure-chez-groupama\\\/\"]}]},{\"@type\":\"ImageObject\",\"inLanguage\":\"fr-FR\",\"@id\":\"https:\\\/\\\/www.reseau-entreprendre.org\\\/bretagne\\\/2019\\\/01\\\/30\\\/cotes-darmor-des-voeux-dans-la-convivialite-et-un-relai-dassure-chez-groupama\\\/#primaryimage\",\"url\":\"https:\\\/\\\/www.reseau-entreprendre.org\\\/bretagne\\\/wp-content\\\/uploads\\\/sites\\\/3\\\/2019\\\/01\\\/PASSASSION-POUVOIRS-REB22.jpg\",\"contentUrl\":\"https:\\\/\\\/www.reseau-entreprendre.org\\\/bretagne\\\/wp-content\\\/uploads\\\/sites\\\/3\\\/2019\\\/01\\\/PASSASSION-POUVOIRS-REB22.jpg\",\"width\":2894,\"height\":1938},{\"@type\":\"BreadcrumbList\",\"@id\":\"https:\\\/\\\/www.reseau-entreprendre.org\\\/bretagne\\\/2019\\\/01\\\/30\\\/cotes-darmor-des-voeux-dans-la-convivialite-et-un-relai-dassure-chez-groupama\\\/#breadcrumb\",\"itemListElement\":[{\"@type\":\"ListItem\",\"position\":1,\"name\":\"Accueil\",\"item\":\"https:\\\/\\\/www.reseau-entreprendre.org\\\/bretagne\\\/\"},{\"@type\":\"ListItem\",\"position\":2,\"name\":\"C\u00f4tes d&rsquo;Armor, des v\u0153ux dans la Convivialit\u00e9 et un relai assur\u00e9 chez Groupama !\"}]},{\"@type\":\"WebSite\",\"@id\":\"https:\\\/\\\/www.reseau-entreprendre.org\\\/bretagne\\\/#website\",\"url\":\"https:\\\/\\\/www.reseau-entreprendre.org\\\/bretagne\\\/\",\"name\":\"R\u00e9seau Entreprendre Bretagne\",\"description\":\"Pour cr\u00e9er des emplois, cr\u00e9ons des employeurs\",\"potentialAction\":[{\"@type\":\"SearchAction\",\"target\":{\"@type\":\"EntryPoint\",\"urlTemplate\":\"https:\\\/\\\/www.reseau-entreprendre.org\\\/bretagne\\\/?s={search_term_string}\"},\"query-input\":{\"@type\":\"PropertyValueSpecification\",\"valueRequired\":true,\"valueName\":\"search_term_string\"}}],\"inLanguage\":\"fr-FR\"},{\"@type\":\"Person\",\"@id\":\"\",\"url\":\"https:\\\/\\\/www.reseau-entreprendre.org\\\/bretagne\\\/author\\\/\"}]}<\/script>\n<!-- \/ Yoast SEO plugin. -->","yoast_head_json":{"title":"C\u00f4tes d'Armor, des v\u0153ux dans la Convivialit\u00e9 et un relai assur\u00e9 chez Groupama ! - R\u00e9seau Entreprendre Bretagne","robots":{"index":"index","follow":"follow","max-snippet":"max-snippet:-1","max-image-preview":"max-image-preview:large","max-video-preview":"max-video-preview:-1"},"canonical":"https:\/\/www.reseau-entreprendre.org\/bretagne\/2019\/01\/30\/cotes-darmor-des-voeux-dans-la-convivialite-et-un-relai-dassure-chez-groupama\/","og_locale":"fr_FR","og_type":"article","og_title":"C\u00f4tes d'Armor, des v\u0153ux dans la Convivialit\u00e9 et un relai assur\u00e9 chez Groupama ! - R\u00e9seau Entreprendre Bretagne","og_description":"Une quarantaine de membres \u00e9taient pr\u00e9sents jeudi 24 janvier au","og_url":"https:\/\/www.reseau-entreprendre.org\/bretagne\/2019\/01\/30\/cotes-darmor-des-voeux-dans-la-convivialite-et-un-relai-dassure-chez-groupama\/","og_site_name":"R\u00e9seau Entreprendre Bretagne","article_publisher":"https:\/\/www.facebook.com\/reseauentreprendrebretagne\/","article_published_time":"2019-01-30T06:42:09+00:00","article_modified_time":"2022-04-11T15:20:16+00:00","og_image":[{"width":2894,"height":1938,"url":"https:\/\/www.reseau-entreprendre.org\/bretagne\/wp-content\/uploads\/sites\/3\/2019\/01\/PASSASSION-POUVOIRS-REB22.jpg","type":"image\/jpeg"}],"twitter_card":"summary_large_image","twitter_creator":"@RE_Bretagne","twitter_site":"@RE_Bretagne","twitter_misc":{"\u00c9crit par":"","Dur\u00e9e de lecture estim\u00e9e":"1 minute"},"schema":{"@context":"https:\/\/schema.org","@graph":[{"@type":"Article","@id":"https:\/\/www.reseau-entreprendre.org\/bretagne\/2019\/01\/30\/cotes-darmor-des-voeux-dans-la-convivialite-et-un-relai-dassure-chez-groupama\/#article","isPartOf":{"@id":"https:\/\/www.reseau-entreprendre.org\/bretagne\/2019\/01\/30\/cotes-darmor-des-voeux-dans-la-convivialite-et-un-relai-dassure-chez-groupama\/"},"author":{"name":"","@id":""},"headline":"C\u00f4tes d&#8217;Armor, des v\u0153ux dans la Convivialit\u00e9 et un relai assur\u00e9 chez Groupama !","datePublished":"2019-01-30T06:42:09+00:00","dateModified":"2022-04-11T15:20:16+00:00","mainEntityOfPage":{"@id":"https:\/\/www.reseau-entreprendre.org\/bretagne\/2019\/01\/30\/cotes-darmor-des-voeux-dans-la-convivialite-et-un-relai-dassure-chez-groupama\/"},"wordCount":230,"image":{"@id":"https:\/\/www.reseau-entreprendre.org\/bretagne\/2019\/01\/30\/cotes-darmor-des-voeux-dans-la-convivialite-et-un-relai-dassure-chez-groupama\/#primaryimage"},"thumbnailUrl":"https:\/\/www.reseau-entreprendre.org\/bretagne\/wp-content\/uploads\/sites\/3\/2019\/01\/PASSASSION-POUVOIRS-REB22.jpg","articleSection":["Actualit\u00e9s"],"inLanguage":"fr-FR"},{"@type":"WebPage","@id":"https:\/\/www.reseau-entreprendre.org\/bretagne\/2019\/01\/30\/cotes-darmor-des-voeux-dans-la-convivialite-et-un-relai-dassure-chez-groupama\/","url":"https:\/\/www.reseau-entreprendre.org\/bretagne\/2019\/01\/30\/cotes-darmor-des-voeux-dans-la-convivialite-et-un-relai-dassure-chez-groupama\/","name":"C\u00f4tes d'Armor, des v\u0153ux dans la Convivialit\u00e9 et un relai assur\u00e9 chez Groupama ! - R\u00e9seau Entreprendre Bretagne","isPartOf":{"@id":"https:\/\/www.reseau-entreprendre.org\/bretagne\/#website"},"primaryImageOfPage":{"@id":"https:\/\/www.reseau-entreprendre.org\/bretagne\/2019\/01\/30\/cotes-darmor-des-voeux-dans-la-convivialite-et-un-relai-dassure-chez-groupama\/#primaryimage"},"image":{"@id":"https:\/\/www.reseau-entreprendre.org\/bretagne\/2019\/01\/30\/cotes-darmor-des-voeux-dans-la-convivialite-et-un-relai-dassure-chez-groupama\/#primaryimage"},"thumbnailUrl":"https:\/\/www.reseau-entreprendre.org\/bretagne\/wp-content\/uploads\/sites\/3\/2019\/01\/PASSASSION-POUVOIRS-REB22.jpg","datePublished":"2019-01-30T06:42:09+00:00","dateModified":"2022-04-11T15:20:16+00:00","author":{"@id":""},"breadcrumb":{"@id":"https:\/\/www.reseau-entreprendre.org\/bretagne\/2019\/01\/30\/cotes-darmor-des-voeux-dans-la-convivialite-et-un-relai-dassure-chez-groupama\/#breadcrumb"},"inLanguage":"fr-FR","potentialAction":[{"@type":"ReadAction","target":["https:\/\/www.reseau-entreprendre.org\/bretagne\/2019\/01\/30\/cotes-darmor-des-voeux-dans-la-convivialite-et-un-relai-dassure-chez-groupama\/"]}]},{"@type":"ImageObject","inLanguage":"fr-FR","@id":"https:\/\/www.reseau-entreprendre.org\/bretagne\/2019\/01\/30\/cotes-darmor-des-voeux-dans-la-convivialite-et-un-relai-dassure-chez-groupama\/#primaryimage","url":"https:\/\/www.reseau-entreprendre.org\/bretagne\/wp-content\/uploads\/sites\/3\/2019\/01\/PASSASSION-POUVOIRS-REB22.jpg","contentUrl":"https:\/\/www.reseau-entreprendre.org\/bretagne\/wp-content\/uploads\/sites\/3\/2019\/01\/PASSASSION-POUVOIRS-REB22.jpg","width":2894,"height":1938},{"@type":"BreadcrumbList","@id":"https:\/\/www.reseau-entreprendre.org\/bretagne\/2019\/01\/30\/cotes-darmor-des-voeux-dans-la-convivialite-et-un-relai-dassure-chez-groupama\/#breadcrumb","itemListElement":[{"@type":"ListItem","position":1,"name":"Accueil","item":"https:\/\/www.reseau-entreprendre.org\/bretagne\/"},{"@type":"ListItem","position":2,"name":"C\u00f4tes d&rsquo;Armor, des v\u0153ux dans la Convivialit\u00e9 et un relai assur\u00e9 chez Groupama !"}]},{"@type":"WebSite","@id":"https:\/\/www.reseau-entreprendre.org\/bretagne\/#website","url":"https:\/\/www.reseau-entreprendre.org\/bretagne\/","name":"R\u00e9seau Entreprendre Bretagne","description":"Pour cr\u00e9er des emplois, cr\u00e9ons des employeurs","potentialAction":[{"@type":"SearchAction","target":{"@type":"EntryPoint","urlTemplate":"https:\/\/www.reseau-entreprendre.org\/bretagne\/?s={search_term_string}"},"query-input":{"@type":"PropertyValueSpecification","valueRequired":true,"valueName":"search_term_string"}}],"inLanguage":"fr-FR"},{"@type":"Person","@id":"","url":"https:\/\/www.reseau-entreprendre.org\/bretagne\/author\/"}]}},"_links":{"self":[{"href":"https:\/\/www.reseau-entreprendre.org\/bretagne\/wp-json\/wp\/v2\/posts\/1672","targetHints":{"allow":["GET"]}}],"collection":[{"href":"https:\/\/www.reseau-entreprendre.org\/bretagne\/wp-json\/wp\/v2\/posts"}],"about":[{"href":"https:\/\/www.reseau-entreprendre.org\/bretagne\/wp-json\/wp\/v2\/types\/post"}],"author":[{"embeddable":true,"href":"https:\/\/www.reseau-entreprendre.org\/bretagne\/wp-json\/wp\/v2\/users\/87"}],"replies":[{"embeddable":true,"href":"https:\/\/www.reseau-entreprendre.org\/bretagne\/wp-json\/wp\/v2\/comments?post=1672"}],"version-history":[{"count":0,"href":"https:\/\/www.reseau-entreprendre.org\/bretagne\/wp-json\/wp\/v2\/posts\/1672\/revisions"}],"wp:featuredmedia":[{"embeddable":true,"href":"https:\/\/www.reseau-entreprendre.org\/bretagne\/wp-json\/wp\/v2\/media\/1673"}],"wp:attachment":[{"href":"https:\/\/www.reseau-entreprendre.org\/bretagne\/wp-json\/wp\/v2\/media?parent=1672"}],"wp:term":[{"taxonomy":"category","embeddable":true,"href":"https:\/\/www.reseau-entreprendre.org\/bretagne\/wp-json\/wp\/v2\/categories?post=1672"},{"taxonomy":"post_tag","embeddable":true,"href":"https:\/\/www.reseau-entreprendre.org\/bretagne\/wp-json\/wp\/v2\/tags?post=1672"}],"curies":[{"name":"wp","href":"https:\/\/api.w.org\/{rel}","templated":true}]}}