{"id":1678,"date":"2019-02-07T17:21:02","date_gmt":"2019-02-07T16:21:02","guid":{"rendered":"https:\/\/www.reseau-entreprendre.org\/bretagne\/?p=1678"},"modified":"2022-04-11T17:20:15","modified_gmt":"2022-04-11T15:20:15","slug":"morbihan-parcours-complet","status":"publish","type":"post","link":"https:\/\/www.reseau-entreprendre.org\/bretagne\/2019\/02\/07\/morbihan-parcours-complet\/","title":{"rendered":"Morbihan : R\u00e9seau Entreprendre Bretagne pr\u00e9sent de Vannes \u00e0 Lorient"},"content":{"rendered":"<p><em><strong>Comit\u00e9 d&#8217;engagement, Visite de site industriel et Club des Laur\u00e9ats, le r\u00e9seau est actif !<\/strong><\/em><\/p>\n<p><img loading=\"lazy\" decoding=\"async\" class=\"size-medium wp-image-1679 alignleft\" src=\"https:\/\/www.reseau-entreprendre.org\/bretagne\/wp-content\/uploads\/sites\/3\/2019\/02\/CE-1-2019-POLYFORM-NAVAL-GROUP-300x186.jpeg\" alt=\"\" width=\"300\" height=\"186\"><\/p>\n<p style=\"text-align: justify\">Comit\u00e9 d&#8217;engagement et 1er Laur\u00e9at 2019 : 12h00 un candidat pr\u00e9sente sa candidature, il s&#8217;appr\u00eate \u00e0 reprendre une entreprise de 20 ETP et sollicite notre r\u00e9seau pour l&#8217;accompagner. 12 membres se mobilisent pour l&#8217;\u00e9couter. Croit-on en la personne, croit on dans son projet ? Pr\u00e9sentation, \u00e9changes, d\u00e9bats&#8230; 14h00, on y croit, il d\u00e9croche sa place de 1er Laur\u00e9at R\u00e9seau Entreprendre Bretagne du Morbihan. Vous d\u00e9couvrirez bient\u00f4t son portrait, le temps pour lui d&#8217;engager sa reprise&#8230;<\/p>\n<p style=\"text-align: justify\"><img loading=\"lazy\" decoding=\"async\" class=\"size-medium wp-image-1681 alignright\" src=\"https:\/\/www.reseau-entreprendre.org\/bretagne\/wp-content\/uploads\/sites\/3\/2019\/02\/FREMM-NORMANDIE-300x127.jpeg\" alt=\"\" width=\"300\" height=\"127\" srcset=\"https:\/\/www.reseau-entreprendre.org\/bretagne\/wp-content\/uploads\/sites\/3\/2019\/02\/FREMM-NORMANDIE-300x127.jpeg 300w, https:\/\/www.reseau-entreprendre.org\/bretagne\/wp-content\/uploads\/sites\/3\/2019\/02\/FREMM-NORMANDIE-768x324.jpeg 768w, https:\/\/www.reseau-entreprendre.org\/bretagne\/wp-content\/uploads\/sites\/3\/2019\/02\/FREMM-NORMANDIE-1024x432.jpeg 1024w, https:\/\/www.reseau-entreprendre.org\/bretagne\/wp-content\/uploads\/sites\/3\/2019\/02\/FREMM-NORMANDIE.jpeg 2048w\" sizes=\"auto, (max-width: 300px) 100vw, 300px\" \/>L&#8217;alliance des savoirs-faire maritimes et industriels r\u00e9unis : MERCI \u00e0 NAVAL GROUP Partenaire de notre R\u00e9seau d&#8217;entrepreneurs. Des membres du r\u00e9seau ont \u00e9t\u00e9 invit\u00e9s \u00e0 d\u00e9couvrir le site industriel de Lorient et de monter \u00e0 bord de la fr\u00e9gate FREMM NORMANDIE assembl\u00e9e \u00e0 Lorient et qui sera prochainement livr\u00e9e \u00e0 la France. Cerise sur le g\u00e2teau, le Commandant nomm\u00e9 par la Marine Nationale pour prendre la barre de cette Fr\u00e9gate nous a fait l&#8217;honneur d&#8217;un \u00e9change sur les enjeux de la prise en main d&#8217;un tel b\u00e2timent (formation des \u00e9quipages, essais,&#8230;).<\/p>\n<p><img loading=\"lazy\" decoding=\"async\" class=\"size-medium wp-image-1680 alignleft\" src=\"https:\/\/www.reseau-entreprendre.org\/bretagne\/wp-content\/uploads\/sites\/3\/2019\/02\/file1-300x225.jpeg\" alt=\"\" width=\"300\" height=\"225\" srcset=\"https:\/\/www.reseau-entreprendre.org\/bretagne\/wp-content\/uploads\/sites\/3\/2019\/02\/file1-300x225.jpeg 300w, https:\/\/www.reseau-entreprendre.org\/bretagne\/wp-content\/uploads\/sites\/3\/2019\/02\/file1-768x576.jpeg 768w, https:\/\/www.reseau-entreprendre.org\/bretagne\/wp-content\/uploads\/sites\/3\/2019\/02\/file1-1024x768.jpeg 1024w\" sizes=\"auto, (max-width: 300px) 100vw, 300px\" \/><\/p>\n<p>&nbsp;<\/p>\n<p style=\"text-align: justify\">Enfin, Le Club des Laur\u00e9ats s&#8217;est r\u00e9uni sur Vannes pour une premi\u00e8re prise de contact avec leur nouveau d\u00e9l\u00e9gu\u00e9 et une intervention de S\u00e9bastien COUGOULIC, membre du R\u00e9seau Entreprendre Bretagne sur la th\u00e9matique de l&#8217;\u00e9quilibre pro perso que chacun doit savoir trouver en qualit\u00e9 d&#8217;entrepreneur. Merci \u00e9galement \u00e0 Kristell VOURCH et Didier TOULGOAT, Membres du r\u00e9seau, de leur temps offert aux Laur\u00e9ats.<\/p>\n<p style=\"text-align: justify\"><strong>Christophe GINET&nbsp; <\/strong>06 09 28 15 85<br \/>\n<strong>D\u00e9l\u00e9gu\u00e9 territorial Morbihan &amp; Charg\u00e9 de communication <\/strong><\/p>\n<p>&nbsp;<\/p>\n<p style=\"text-align: left\"><em>12 avenue de la Perri\u00e8re &nbsp; &nbsp; &nbsp; &nbsp; &nbsp; &nbsp; &nbsp; Le Prisme, 1 Place Albert Einstein<\/em><br \/>\n<em>56 100 LORIENT &nbsp; &nbsp; &nbsp; &nbsp; &nbsp; &nbsp; &nbsp; &nbsp; &nbsp; &nbsp; &nbsp; &nbsp;&nbsp; 56 000 VANNES<\/em><strong>&nbsp;<\/strong><\/p>\n<p style=\"text-align: left\"><a href=\"https:\/\/youtu.be\/-6tZCtEcgv8\">D\u00e9couvrez ici l\u2019ADN de notre association en vid\u00e9o<\/a><\/p>\n","protected":false},"excerpt":{"rendered":"<p>Comit\u00e9 d&#8217;engagement, Visite de site industriel et Club des Laur\u00e9ats,<\/p>\n","protected":false},"author":87,"featured_media":1681,"comment_status":"closed","ping_status":"open","sticky":false,"template":"","format":"standard","meta":{"_acf_changed":false,"_monsterinsights_skip_tracking":false,"_monsterinsights_sitenote_active":false,"_monsterinsights_sitenote_note":"","_monsterinsights_sitenote_category":0,"footnotes":""},"categories":[4],"tags":[],"class_list":["post-1678","post","type-post","status-publish","format-standard","has-post-thumbnail","hentry","category-actualites","news"],"acf":[],"yoast_head":"<!-- This site is optimized with the Yoast SEO plugin v27.4 - https:\/\/yoast.com\/product\/yoast-seo-wordpress\/ -->\n<title>Morbihan : R\u00e9seau Entreprendre Bretagne pr\u00e9sent de Vannes \u00e0 Lorient - R\u00e9seau Entreprendre Bretagne<\/title>\n<meta name=\"robots\" content=\"index, follow, max-snippet:-1, max-image-preview:large, max-video-preview:-1\" \/>\n<link rel=\"canonical\" href=\"https:\/\/www.reseau-entreprendre.org\/bretagne\/2019\/02\/07\/morbihan-parcours-complet\/\" \/>\n<meta property=\"og:locale\" content=\"fr_FR\" \/>\n<meta property=\"og:type\" content=\"article\" \/>\n<meta property=\"og:title\" content=\"Morbihan : R\u00e9seau Entreprendre Bretagne pr\u00e9sent de Vannes \u00e0 Lorient - R\u00e9seau Entreprendre Bretagne\" \/>\n<meta property=\"og:description\" content=\"Comit\u00e9 d&#8217;engagement, Visite de site industriel et Club des Laur\u00e9ats,\" \/>\n<meta property=\"og:url\" content=\"https:\/\/www.reseau-entreprendre.org\/bretagne\/2019\/02\/07\/morbihan-parcours-complet\/\" \/>\n<meta property=\"og:site_name\" content=\"R\u00e9seau Entreprendre Bretagne\" \/>\n<meta property=\"article:publisher\" content=\"https:\/\/www.facebook.com\/reseauentreprendrebretagne\/\" \/>\n<meta property=\"article:published_time\" content=\"2019-02-07T16:21:02+00:00\" \/>\n<meta property=\"article:modified_time\" content=\"2022-04-11T15:20:15+00:00\" \/>\n<meta property=\"og:image\" content=\"https:\/\/www.reseau-entreprendre.org\/bretagne\/wp-content\/uploads\/sites\/3\/2019\/02\/FREMM-NORMANDIE.jpeg\" \/>\n\t<meta property=\"og:image:width\" content=\"2048\" \/>\n\t<meta property=\"og:image:height\" content=\"864\" \/>\n\t<meta property=\"og:image:type\" content=\"image\/jpeg\" \/>\n<meta name=\"twitter:card\" content=\"summary_large_image\" \/>\n<meta name=\"twitter:creator\" content=\"@RE_Bretagne\" \/>\n<meta name=\"twitter:site\" content=\"@RE_Bretagne\" \/>\n<meta name=\"twitter:label1\" content=\"\u00c9crit par\" \/>\n\t<meta name=\"twitter:data1\" content=\"\" \/>\n\t<meta name=\"twitter:label2\" content=\"Dur\u00e9e de lecture estim\u00e9e\" \/>\n\t<meta name=\"twitter:data2\" content=\"2 minutes\" \/>\n<script type=\"application\/ld+json\" class=\"yoast-schema-graph\">{\"@context\":\"https:\\\/\\\/schema.org\",\"@graph\":[{\"@type\":\"Article\",\"@id\":\"https:\\\/\\\/www.reseau-entreprendre.org\\\/bretagne\\\/2019\\\/02\\\/07\\\/morbihan-parcours-complet\\\/#article\",\"isPartOf\":{\"@id\":\"https:\\\/\\\/www.reseau-entreprendre.org\\\/bretagne\\\/2019\\\/02\\\/07\\\/morbihan-parcours-complet\\\/\"},\"author\":{\"name\":\"\",\"@id\":\"\"},\"headline\":\"Morbihan : R\u00e9seau Entreprendre Bretagne pr\u00e9sent de Vannes \u00e0 Lorient\",\"datePublished\":\"2019-02-07T16:21:02+00:00\",\"dateModified\":\"2022-04-11T15:20:15+00:00\",\"mainEntityOfPage\":{\"@id\":\"https:\\\/\\\/www.reseau-entreprendre.org\\\/bretagne\\\/2019\\\/02\\\/07\\\/morbihan-parcours-complet\\\/\"},\"wordCount\":345,\"image\":{\"@id\":\"https:\\\/\\\/www.reseau-entreprendre.org\\\/bretagne\\\/2019\\\/02\\\/07\\\/morbihan-parcours-complet\\\/#primaryimage\"},\"thumbnailUrl\":\"https:\\\/\\\/www.reseau-entreprendre.org\\\/bretagne\\\/wp-content\\\/uploads\\\/sites\\\/3\\\/2019\\\/02\\\/FREMM-NORMANDIE.jpeg\",\"articleSection\":[\"Actualit\u00e9s\"],\"inLanguage\":\"fr-FR\"},{\"@type\":\"WebPage\",\"@id\":\"https:\\\/\\\/www.reseau-entreprendre.org\\\/bretagne\\\/2019\\\/02\\\/07\\\/morbihan-parcours-complet\\\/\",\"url\":\"https:\\\/\\\/www.reseau-entreprendre.org\\\/bretagne\\\/2019\\\/02\\\/07\\\/morbihan-parcours-complet\\\/\",\"name\":\"Morbihan : R\u00e9seau Entreprendre Bretagne pr\u00e9sent de Vannes \u00e0 Lorient - R\u00e9seau Entreprendre Bretagne\",\"isPartOf\":{\"@id\":\"https:\\\/\\\/www.reseau-entreprendre.org\\\/bretagne\\\/#website\"},\"primaryImageOfPage\":{\"@id\":\"https:\\\/\\\/www.reseau-entreprendre.org\\\/bretagne\\\/2019\\\/02\\\/07\\\/morbihan-parcours-complet\\\/#primaryimage\"},\"image\":{\"@id\":\"https:\\\/\\\/www.reseau-entreprendre.org\\\/bretagne\\\/2019\\\/02\\\/07\\\/morbihan-parcours-complet\\\/#primaryimage\"},\"thumbnailUrl\":\"https:\\\/\\\/www.reseau-entreprendre.org\\\/bretagne\\\/wp-content\\\/uploads\\\/sites\\\/3\\\/2019\\\/02\\\/FREMM-NORMANDIE.jpeg\",\"datePublished\":\"2019-02-07T16:21:02+00:00\",\"dateModified\":\"2022-04-11T15:20:15+00:00\",\"author\":{\"@id\":\"\"},\"breadcrumb\":{\"@id\":\"https:\\\/\\\/www.reseau-entreprendre.org\\\/bretagne\\\/2019\\\/02\\\/07\\\/morbihan-parcours-complet\\\/#breadcrumb\"},\"inLanguage\":\"fr-FR\",\"potentialAction\":[{\"@type\":\"ReadAction\",\"target\":[\"https:\\\/\\\/www.reseau-entreprendre.org\\\/bretagne\\\/2019\\\/02\\\/07\\\/morbihan-parcours-complet\\\/\"]}]},{\"@type\":\"ImageObject\",\"inLanguage\":\"fr-FR\",\"@id\":\"https:\\\/\\\/www.reseau-entreprendre.org\\\/bretagne\\\/2019\\\/02\\\/07\\\/morbihan-parcours-complet\\\/#primaryimage\",\"url\":\"https:\\\/\\\/www.reseau-entreprendre.org\\\/bretagne\\\/wp-content\\\/uploads\\\/sites\\\/3\\\/2019\\\/02\\\/FREMM-NORMANDIE.jpeg\",\"contentUrl\":\"https:\\\/\\\/www.reseau-entreprendre.org\\\/bretagne\\\/wp-content\\\/uploads\\\/sites\\\/3\\\/2019\\\/02\\\/FREMM-NORMANDIE.jpeg\",\"width\":2048,\"height\":864},{\"@type\":\"BreadcrumbList\",\"@id\":\"https:\\\/\\\/www.reseau-entreprendre.org\\\/bretagne\\\/2019\\\/02\\\/07\\\/morbihan-parcours-complet\\\/#breadcrumb\",\"itemListElement\":[{\"@type\":\"ListItem\",\"position\":1,\"name\":\"Accueil\",\"item\":\"https:\\\/\\\/www.reseau-entreprendre.org\\\/bretagne\\\/\"},{\"@type\":\"ListItem\",\"position\":2,\"name\":\"Morbihan : R\u00e9seau Entreprendre Bretagne pr\u00e9sent de Vannes \u00e0 Lorient\"}]},{\"@type\":\"WebSite\",\"@id\":\"https:\\\/\\\/www.reseau-entreprendre.org\\\/bretagne\\\/#website\",\"url\":\"https:\\\/\\\/www.reseau-entreprendre.org\\\/bretagne\\\/\",\"name\":\"R\u00e9seau Entreprendre Bretagne\",\"description\":\"Pour cr\u00e9er des emplois, cr\u00e9ons des employeurs\",\"potentialAction\":[{\"@type\":\"SearchAction\",\"target\":{\"@type\":\"EntryPoint\",\"urlTemplate\":\"https:\\\/\\\/www.reseau-entreprendre.org\\\/bretagne\\\/?s={search_term_string}\"},\"query-input\":{\"@type\":\"PropertyValueSpecification\",\"valueRequired\":true,\"valueName\":\"search_term_string\"}}],\"inLanguage\":\"fr-FR\"},{\"@type\":\"Person\",\"@id\":\"\",\"url\":\"https:\\\/\\\/www.reseau-entreprendre.org\\\/bretagne\\\/author\\\/\"}]}<\/script>\n<!-- \/ Yoast SEO plugin. -->","yoast_head_json":{"title":"Morbihan : R\u00e9seau Entreprendre Bretagne pr\u00e9sent de Vannes \u00e0 Lorient - R\u00e9seau Entreprendre Bretagne","robots":{"index":"index","follow":"follow","max-snippet":"max-snippet:-1","max-image-preview":"max-image-preview:large","max-video-preview":"max-video-preview:-1"},"canonical":"https:\/\/www.reseau-entreprendre.org\/bretagne\/2019\/02\/07\/morbihan-parcours-complet\/","og_locale":"fr_FR","og_type":"article","og_title":"Morbihan : R\u00e9seau Entreprendre Bretagne pr\u00e9sent de Vannes \u00e0 Lorient - R\u00e9seau Entreprendre Bretagne","og_description":"Comit\u00e9 d&#8217;engagement, Visite de site industriel et Club des Laur\u00e9ats,","og_url":"https:\/\/www.reseau-entreprendre.org\/bretagne\/2019\/02\/07\/morbihan-parcours-complet\/","og_site_name":"R\u00e9seau Entreprendre Bretagne","article_publisher":"https:\/\/www.facebook.com\/reseauentreprendrebretagne\/","article_published_time":"2019-02-07T16:21:02+00:00","article_modified_time":"2022-04-11T15:20:15+00:00","og_image":[{"width":2048,"height":864,"url":"https:\/\/www.reseau-entreprendre.org\/bretagne\/wp-content\/uploads\/sites\/3\/2019\/02\/FREMM-NORMANDIE.jpeg","type":"image\/jpeg"}],"twitter_card":"summary_large_image","twitter_creator":"@RE_Bretagne","twitter_site":"@RE_Bretagne","twitter_misc":{"\u00c9crit par":"","Dur\u00e9e de lecture estim\u00e9e":"2 minutes"},"schema":{"@context":"https:\/\/schema.org","@graph":[{"@type":"Article","@id":"https:\/\/www.reseau-entreprendre.org\/bretagne\/2019\/02\/07\/morbihan-parcours-complet\/#article","isPartOf":{"@id":"https:\/\/www.reseau-entreprendre.org\/bretagne\/2019\/02\/07\/morbihan-parcours-complet\/"},"author":{"name":"","@id":""},"headline":"Morbihan : R\u00e9seau Entreprendre Bretagne pr\u00e9sent de Vannes \u00e0 Lorient","datePublished":"2019-02-07T16:21:02+00:00","dateModified":"2022-04-11T15:20:15+00:00","mainEntityOfPage":{"@id":"https:\/\/www.reseau-entreprendre.org\/bretagne\/2019\/02\/07\/morbihan-parcours-complet\/"},"wordCount":345,"image":{"@id":"https:\/\/www.reseau-entreprendre.org\/bretagne\/2019\/02\/07\/morbihan-parcours-complet\/#primaryimage"},"thumbnailUrl":"https:\/\/www.reseau-entreprendre.org\/bretagne\/wp-content\/uploads\/sites\/3\/2019\/02\/FREMM-NORMANDIE.jpeg","articleSection":["Actualit\u00e9s"],"inLanguage":"fr-FR"},{"@type":"WebPage","@id":"https:\/\/www.reseau-entreprendre.org\/bretagne\/2019\/02\/07\/morbihan-parcours-complet\/","url":"https:\/\/www.reseau-entreprendre.org\/bretagne\/2019\/02\/07\/morbihan-parcours-complet\/","name":"Morbihan : R\u00e9seau Entreprendre Bretagne pr\u00e9sent de Vannes \u00e0 Lorient - R\u00e9seau Entreprendre Bretagne","isPartOf":{"@id":"https:\/\/www.reseau-entreprendre.org\/bretagne\/#website"},"primaryImageOfPage":{"@id":"https:\/\/www.reseau-entreprendre.org\/bretagne\/2019\/02\/07\/morbihan-parcours-complet\/#primaryimage"},"image":{"@id":"https:\/\/www.reseau-entreprendre.org\/bretagne\/2019\/02\/07\/morbihan-parcours-complet\/#primaryimage"},"thumbnailUrl":"https:\/\/www.reseau-entreprendre.org\/bretagne\/wp-content\/uploads\/sites\/3\/2019\/02\/FREMM-NORMANDIE.jpeg","datePublished":"2019-02-07T16:21:02+00:00","dateModified":"2022-04-11T15:20:15+00:00","author":{"@id":""},"breadcrumb":{"@id":"https:\/\/www.reseau-entreprendre.org\/bretagne\/2019\/02\/07\/morbihan-parcours-complet\/#breadcrumb"},"inLanguage":"fr-FR","potentialAction":[{"@type":"ReadAction","target":["https:\/\/www.reseau-entreprendre.org\/bretagne\/2019\/02\/07\/morbihan-parcours-complet\/"]}]},{"@type":"ImageObject","inLanguage":"fr-FR","@id":"https:\/\/www.reseau-entreprendre.org\/bretagne\/2019\/02\/07\/morbihan-parcours-complet\/#primaryimage","url":"https:\/\/www.reseau-entreprendre.org\/bretagne\/wp-content\/uploads\/sites\/3\/2019\/02\/FREMM-NORMANDIE.jpeg","contentUrl":"https:\/\/www.reseau-entreprendre.org\/bretagne\/wp-content\/uploads\/sites\/3\/2019\/02\/FREMM-NORMANDIE.jpeg","width":2048,"height":864},{"@type":"BreadcrumbList","@id":"https:\/\/www.reseau-entreprendre.org\/bretagne\/2019\/02\/07\/morbihan-parcours-complet\/#breadcrumb","itemListElement":[{"@type":"ListItem","position":1,"name":"Accueil","item":"https:\/\/www.reseau-entreprendre.org\/bretagne\/"},{"@type":"ListItem","position":2,"name":"Morbihan : R\u00e9seau Entreprendre Bretagne pr\u00e9sent de Vannes \u00e0 Lorient"}]},{"@type":"WebSite","@id":"https:\/\/www.reseau-entreprendre.org\/bretagne\/#website","url":"https:\/\/www.reseau-entreprendre.org\/bretagne\/","name":"R\u00e9seau Entreprendre Bretagne","description":"Pour cr\u00e9er des emplois, cr\u00e9ons des employeurs","potentialAction":[{"@type":"SearchAction","target":{"@type":"EntryPoint","urlTemplate":"https:\/\/www.reseau-entreprendre.org\/bretagne\/?s={search_term_string}"},"query-input":{"@type":"PropertyValueSpecification","valueRequired":true,"valueName":"search_term_string"}}],"inLanguage":"fr-FR"},{"@type":"Person","@id":"","url":"https:\/\/www.reseau-entreprendre.org\/bretagne\/author\/"}]}},"_links":{"self":[{"href":"https:\/\/www.reseau-entreprendre.org\/bretagne\/wp-json\/wp\/v2\/posts\/1678","targetHints":{"allow":["GET"]}}],"collection":[{"href":"https:\/\/www.reseau-entreprendre.org\/bretagne\/wp-json\/wp\/v2\/posts"}],"about":[{"href":"https:\/\/www.reseau-entreprendre.org\/bretagne\/wp-json\/wp\/v2\/types\/post"}],"author":[{"embeddable":true,"href":"https:\/\/www.reseau-entreprendre.org\/bretagne\/wp-json\/wp\/v2\/users\/87"}],"replies":[{"embeddable":true,"href":"https:\/\/www.reseau-entreprendre.org\/bretagne\/wp-json\/wp\/v2\/comments?post=1678"}],"version-history":[{"count":0,"href":"https:\/\/www.reseau-entreprendre.org\/bretagne\/wp-json\/wp\/v2\/posts\/1678\/revisions"}],"wp:featuredmedia":[{"embeddable":true,"href":"https:\/\/www.reseau-entreprendre.org\/bretagne\/wp-json\/wp\/v2\/media\/1681"}],"wp:attachment":[{"href":"https:\/\/www.reseau-entreprendre.org\/bretagne\/wp-json\/wp\/v2\/media?parent=1678"}],"wp:term":[{"taxonomy":"category","embeddable":true,"href":"https:\/\/www.reseau-entreprendre.org\/bretagne\/wp-json\/wp\/v2\/categories?post=1678"},{"taxonomy":"post_tag","embeddable":true,"href":"https:\/\/www.reseau-entreprendre.org\/bretagne\/wp-json\/wp\/v2\/tags?post=1678"}],"curies":[{"name":"wp","href":"https:\/\/api.w.org\/{rel}","templated":true}]}}