{"id":1730,"date":"2019-02-28T15:20:24","date_gmt":"2019-02-28T14:20:24","guid":{"rendered":"https:\/\/www.reseau-entreprendre.org\/bretagne\/?p=1730"},"modified":"2022-04-11T17:20:15","modified_gmt":"2022-04-11T15:20:15","slug":"reseau-entreprendre-bretagne-un-laureat-en-finistere-mego","status":"publish","type":"post","link":"https:\/\/www.reseau-entreprendre.org\/bretagne\/2019\/02\/28\/reseau-entreprendre-bretagne-un-laureat-en-finistere-mego\/","title":{"rendered":"R\u00e9seau Entreprendre Bretagne &#8211; Un nouveau laur\u00e9at : MeGo"},"content":{"rendered":"<p>Bastien Lucas b\u00e9n\u00e9ficie d&#8217;un pr\u00eat d&#8217;honneur de 20 000 euros ainsi que de l&#8217;accompagnement de Fran\u00e7ois Kerdoncuff, dirigeant de CAYAMBE pour la cr\u00e9ation de la soci\u00e9t\u00e9 Mego. Cette entreprise est particuli\u00e8rement novatrice car elle collecte, traite et valorise les m\u00e9gots de cigarettes. De nombreux collecteurs sont d\u00e9sormais install\u00e9s dans les entreprises et sur les sites autoroutiers afin de mettre terme \u00e0 une pollution courante n\u00e9anmoins tr\u00e8s insidieuse.<br \/>\nMego est install\u00e9 \u00e0 Bourg Blanc et compte bien devenir acteur majeur dans le traitement de ce type de d\u00e9chets.<br \/>\nc&#8217;est donc avec enthousiasme que le comit\u00e9 d&#8217;engagement du 6 d\u00e9cembre 2018 pr\u00e9sid\u00e9 par Franck Legall a retenu ce projet.<\/p>\n<p>Philippe Edelmayer D\u00e9l\u00e9gu\u00e9 R\u00e9seau Entreprendre Bretagne &#8211; Finist\u00e8re.<\/p>\n<p><img loading=\"lazy\" decoding=\"async\" class=\"alignnone size-medium wp-image-1714\" src=\"https:\/\/www.reseau-entreprendre.org\/bretagne\/wp-content\/uploads\/sites\/3\/2019\/02\/bastien-lucas-mego-300x269.jpg\" alt=\"\" width=\"300\" height=\"269\" srcset=\"https:\/\/www.reseau-entreprendre.org\/bretagne\/wp-content\/uploads\/sites\/3\/2019\/02\/bastien-lucas-mego-300x269.jpg 300w, https:\/\/www.reseau-entreprendre.org\/bretagne\/wp-content\/uploads\/sites\/3\/2019\/02\/bastien-lucas-mego-768x688.jpg 768w, https:\/\/www.reseau-entreprendre.org\/bretagne\/wp-content\/uploads\/sites\/3\/2019\/02\/bastien-lucas-mego-1024x918.jpg 1024w\" sizes=\"auto, (max-width: 300px) 100vw, 300px\" \/><\/p>\n","protected":false},"excerpt":{"rendered":"<p>Bastien Lucas b\u00e9n\u00e9ficie d&#8217;un pr\u00eat d&#8217;honneur de 20 000 euros<\/p>\n","protected":false},"author":90,"featured_media":1714,"comment_status":"closed","ping_status":"open","sticky":false,"template":"","format":"standard","meta":{"_acf_changed":false,"_monsterinsights_skip_tracking":false,"_monsterinsights_sitenote_active":false,"_monsterinsights_sitenote_note":"","_monsterinsights_sitenote_category":0,"footnotes":""},"categories":[4],"tags":[],"class_list":["post-1730","post","type-post","status-publish","format-standard","has-post-thumbnail","hentry","category-actualites","news"],"acf":[],"yoast_head":"<!-- This site is optimized with the Yoast SEO plugin v27.4 - https:\/\/yoast.com\/product\/yoast-seo-wordpress\/ -->\n<title>R\u00e9seau Entreprendre Bretagne - Un nouveau laur\u00e9at : MeGo - R\u00e9seau Entreprendre Bretagne<\/title>\n<meta name=\"robots\" content=\"index, follow, max-snippet:-1, max-image-preview:large, max-video-preview:-1\" \/>\n<link rel=\"canonical\" href=\"https:\/\/www.reseau-entreprendre.org\/bretagne\/2019\/02\/28\/reseau-entreprendre-bretagne-un-laureat-en-finistere-mego\/\" \/>\n<meta property=\"og:locale\" content=\"fr_FR\" \/>\n<meta property=\"og:type\" content=\"article\" \/>\n<meta property=\"og:title\" content=\"R\u00e9seau Entreprendre Bretagne - Un nouveau laur\u00e9at : MeGo - R\u00e9seau Entreprendre Bretagne\" \/>\n<meta property=\"og:description\" content=\"Bastien Lucas b\u00e9n\u00e9ficie d&#8217;un pr\u00eat d&#8217;honneur de 20 000 euros\" \/>\n<meta property=\"og:url\" content=\"https:\/\/www.reseau-entreprendre.org\/bretagne\/2019\/02\/28\/reseau-entreprendre-bretagne-un-laureat-en-finistere-mego\/\" \/>\n<meta property=\"og:site_name\" content=\"R\u00e9seau Entreprendre Bretagne\" \/>\n<meta property=\"article:publisher\" content=\"https:\/\/www.facebook.com\/reseauentreprendrebretagne\/\" \/>\n<meta property=\"article:published_time\" content=\"2019-02-28T14:20:24+00:00\" \/>\n<meta property=\"article:modified_time\" content=\"2022-04-11T15:20:15+00:00\" \/>\n<meta property=\"og:image\" content=\"https:\/\/www.reseau-entreprendre.org\/bretagne\/wp-content\/uploads\/sites\/3\/2019\/02\/bastien-lucas-mego.jpg\" \/>\n\t<meta property=\"og:image:width\" content=\"2258\" \/>\n\t<meta property=\"og:image:height\" content=\"2024\" \/>\n\t<meta property=\"og:image:type\" content=\"image\/jpeg\" \/>\n<meta name=\"author\" content=\"pedelmayer\" \/>\n<meta name=\"twitter:card\" content=\"summary_large_image\" \/>\n<meta name=\"twitter:creator\" content=\"@RE_Bretagne\" \/>\n<meta name=\"twitter:site\" content=\"@RE_Bretagne\" \/>\n<meta name=\"twitter:label1\" content=\"\u00c9crit par\" \/>\n\t<meta name=\"twitter:data1\" content=\"pedelmayer\" \/>\n\t<meta name=\"twitter:label2\" content=\"Dur\u00e9e de lecture estim\u00e9e\" \/>\n\t<meta name=\"twitter:data2\" content=\"1 minute\" \/>\n<script type=\"application\/ld+json\" class=\"yoast-schema-graph\">{\"@context\":\"https:\\\/\\\/schema.org\",\"@graph\":[{\"@type\":\"Article\",\"@id\":\"https:\\\/\\\/www.reseau-entreprendre.org\\\/bretagne\\\/2019\\\/02\\\/28\\\/reseau-entreprendre-bretagne-un-laureat-en-finistere-mego\\\/#article\",\"isPartOf\":{\"@id\":\"https:\\\/\\\/www.reseau-entreprendre.org\\\/bretagne\\\/2019\\\/02\\\/28\\\/reseau-entreprendre-bretagne-un-laureat-en-finistere-mego\\\/\"},\"author\":{\"name\":\"pedelmayer\",\"@id\":\"https:\\\/\\\/www.reseau-entreprendre.org\\\/bretagne\\\/#\\\/schema\\\/person\\\/af65b1dc52519c13860043eb80f34b19\"},\"headline\":\"R\u00e9seau Entreprendre Bretagne &#8211; Un nouveau laur\u00e9at : MeGo\",\"datePublished\":\"2019-02-28T14:20:24+00:00\",\"dateModified\":\"2022-04-11T15:20:15+00:00\",\"mainEntityOfPage\":{\"@id\":\"https:\\\/\\\/www.reseau-entreprendre.org\\\/bretagne\\\/2019\\\/02\\\/28\\\/reseau-entreprendre-bretagne-un-laureat-en-finistere-mego\\\/\"},\"wordCount\":143,\"image\":{\"@id\":\"https:\\\/\\\/www.reseau-entreprendre.org\\\/bretagne\\\/2019\\\/02\\\/28\\\/reseau-entreprendre-bretagne-un-laureat-en-finistere-mego\\\/#primaryimage\"},\"thumbnailUrl\":\"https:\\\/\\\/www.reseau-entreprendre.org\\\/bretagne\\\/wp-content\\\/uploads\\\/sites\\\/3\\\/2019\\\/02\\\/bastien-lucas-mego.jpg\",\"articleSection\":[\"Actualit\u00e9s\"],\"inLanguage\":\"fr-FR\"},{\"@type\":\"WebPage\",\"@id\":\"https:\\\/\\\/www.reseau-entreprendre.org\\\/bretagne\\\/2019\\\/02\\\/28\\\/reseau-entreprendre-bretagne-un-laureat-en-finistere-mego\\\/\",\"url\":\"https:\\\/\\\/www.reseau-entreprendre.org\\\/bretagne\\\/2019\\\/02\\\/28\\\/reseau-entreprendre-bretagne-un-laureat-en-finistere-mego\\\/\",\"name\":\"R\u00e9seau Entreprendre Bretagne - Un nouveau laur\u00e9at : MeGo - R\u00e9seau Entreprendre Bretagne\",\"isPartOf\":{\"@id\":\"https:\\\/\\\/www.reseau-entreprendre.org\\\/bretagne\\\/#website\"},\"primaryImageOfPage\":{\"@id\":\"https:\\\/\\\/www.reseau-entreprendre.org\\\/bretagne\\\/2019\\\/02\\\/28\\\/reseau-entreprendre-bretagne-un-laureat-en-finistere-mego\\\/#primaryimage\"},\"image\":{\"@id\":\"https:\\\/\\\/www.reseau-entreprendre.org\\\/bretagne\\\/2019\\\/02\\\/28\\\/reseau-entreprendre-bretagne-un-laureat-en-finistere-mego\\\/#primaryimage\"},\"thumbnailUrl\":\"https:\\\/\\\/www.reseau-entreprendre.org\\\/bretagne\\\/wp-content\\\/uploads\\\/sites\\\/3\\\/2019\\\/02\\\/bastien-lucas-mego.jpg\",\"datePublished\":\"2019-02-28T14:20:24+00:00\",\"dateModified\":\"2022-04-11T15:20:15+00:00\",\"author\":{\"@id\":\"https:\\\/\\\/www.reseau-entreprendre.org\\\/bretagne\\\/#\\\/schema\\\/person\\\/af65b1dc52519c13860043eb80f34b19\"},\"breadcrumb\":{\"@id\":\"https:\\\/\\\/www.reseau-entreprendre.org\\\/bretagne\\\/2019\\\/02\\\/28\\\/reseau-entreprendre-bretagne-un-laureat-en-finistere-mego\\\/#breadcrumb\"},\"inLanguage\":\"fr-FR\",\"potentialAction\":[{\"@type\":\"ReadAction\",\"target\":[\"https:\\\/\\\/www.reseau-entreprendre.org\\\/bretagne\\\/2019\\\/02\\\/28\\\/reseau-entreprendre-bretagne-un-laureat-en-finistere-mego\\\/\"]}]},{\"@type\":\"ImageObject\",\"inLanguage\":\"fr-FR\",\"@id\":\"https:\\\/\\\/www.reseau-entreprendre.org\\\/bretagne\\\/2019\\\/02\\\/28\\\/reseau-entreprendre-bretagne-un-laureat-en-finistere-mego\\\/#primaryimage\",\"url\":\"https:\\\/\\\/www.reseau-entreprendre.org\\\/bretagne\\\/wp-content\\\/uploads\\\/sites\\\/3\\\/2019\\\/02\\\/bastien-lucas-mego.jpg\",\"contentUrl\":\"https:\\\/\\\/www.reseau-entreprendre.org\\\/bretagne\\\/wp-content\\\/uploads\\\/sites\\\/3\\\/2019\\\/02\\\/bastien-lucas-mego.jpg\",\"width\":2258,\"height\":2024},{\"@type\":\"BreadcrumbList\",\"@id\":\"https:\\\/\\\/www.reseau-entreprendre.org\\\/bretagne\\\/2019\\\/02\\\/28\\\/reseau-entreprendre-bretagne-un-laureat-en-finistere-mego\\\/#breadcrumb\",\"itemListElement\":[{\"@type\":\"ListItem\",\"position\":1,\"name\":\"Accueil\",\"item\":\"https:\\\/\\\/www.reseau-entreprendre.org\\\/bretagne\\\/\"},{\"@type\":\"ListItem\",\"position\":2,\"name\":\"R\u00e9seau Entreprendre Bretagne &#8211; Un nouveau laur\u00e9at : MeGo\"}]},{\"@type\":\"WebSite\",\"@id\":\"https:\\\/\\\/www.reseau-entreprendre.org\\\/bretagne\\\/#website\",\"url\":\"https:\\\/\\\/www.reseau-entreprendre.org\\\/bretagne\\\/\",\"name\":\"R\u00e9seau Entreprendre Bretagne\",\"description\":\"Pour cr\u00e9er des emplois, cr\u00e9ons des employeurs\",\"potentialAction\":[{\"@type\":\"SearchAction\",\"target\":{\"@type\":\"EntryPoint\",\"urlTemplate\":\"https:\\\/\\\/www.reseau-entreprendre.org\\\/bretagne\\\/?s={search_term_string}\"},\"query-input\":{\"@type\":\"PropertyValueSpecification\",\"valueRequired\":true,\"valueName\":\"search_term_string\"}}],\"inLanguage\":\"fr-FR\"},{\"@type\":\"Person\",\"@id\":\"https:\\\/\\\/www.reseau-entreprendre.org\\\/bretagne\\\/#\\\/schema\\\/person\\\/af65b1dc52519c13860043eb80f34b19\",\"name\":\"pedelmayer\",\"image\":{\"@type\":\"ImageObject\",\"inLanguage\":\"fr-FR\",\"@id\":\"https:\\\/\\\/secure.gravatar.com\\\/avatar\\\/976a7d9faa36f0e7253e3479cce888c2a7253ea9e7436153395a00f3693cbfd9?s=96&d=mm&r=g\",\"url\":\"https:\\\/\\\/secure.gravatar.com\\\/avatar\\\/976a7d9faa36f0e7253e3479cce888c2a7253ea9e7436153395a00f3693cbfd9?s=96&d=mm&r=g\",\"contentUrl\":\"https:\\\/\\\/secure.gravatar.com\\\/avatar\\\/976a7d9faa36f0e7253e3479cce888c2a7253ea9e7436153395a00f3693cbfd9?s=96&d=mm&r=g\",\"caption\":\"pedelmayer\"},\"url\":\"https:\\\/\\\/www.reseau-entreprendre.org\\\/bretagne\\\/author\\\/edelmayer\\\/\"}]}<\/script>\n<!-- \/ Yoast SEO plugin. -->","yoast_head_json":{"title":"R\u00e9seau Entreprendre Bretagne - Un nouveau laur\u00e9at : MeGo - R\u00e9seau Entreprendre Bretagne","robots":{"index":"index","follow":"follow","max-snippet":"max-snippet:-1","max-image-preview":"max-image-preview:large","max-video-preview":"max-video-preview:-1"},"canonical":"https:\/\/www.reseau-entreprendre.org\/bretagne\/2019\/02\/28\/reseau-entreprendre-bretagne-un-laureat-en-finistere-mego\/","og_locale":"fr_FR","og_type":"article","og_title":"R\u00e9seau Entreprendre Bretagne - Un nouveau laur\u00e9at : MeGo - R\u00e9seau Entreprendre Bretagne","og_description":"Bastien Lucas b\u00e9n\u00e9ficie d&#8217;un pr\u00eat d&#8217;honneur de 20 000 euros","og_url":"https:\/\/www.reseau-entreprendre.org\/bretagne\/2019\/02\/28\/reseau-entreprendre-bretagne-un-laureat-en-finistere-mego\/","og_site_name":"R\u00e9seau Entreprendre Bretagne","article_publisher":"https:\/\/www.facebook.com\/reseauentreprendrebretagne\/","article_published_time":"2019-02-28T14:20:24+00:00","article_modified_time":"2022-04-11T15:20:15+00:00","og_image":[{"width":2258,"height":2024,"url":"https:\/\/www.reseau-entreprendre.org\/bretagne\/wp-content\/uploads\/sites\/3\/2019\/02\/bastien-lucas-mego.jpg","type":"image\/jpeg"}],"author":"pedelmayer","twitter_card":"summary_large_image","twitter_creator":"@RE_Bretagne","twitter_site":"@RE_Bretagne","twitter_misc":{"\u00c9crit par":"pedelmayer","Dur\u00e9e de lecture estim\u00e9e":"1 minute"},"schema":{"@context":"https:\/\/schema.org","@graph":[{"@type":"Article","@id":"https:\/\/www.reseau-entreprendre.org\/bretagne\/2019\/02\/28\/reseau-entreprendre-bretagne-un-laureat-en-finistere-mego\/#article","isPartOf":{"@id":"https:\/\/www.reseau-entreprendre.org\/bretagne\/2019\/02\/28\/reseau-entreprendre-bretagne-un-laureat-en-finistere-mego\/"},"author":{"name":"pedelmayer","@id":"https:\/\/www.reseau-entreprendre.org\/bretagne\/#\/schema\/person\/af65b1dc52519c13860043eb80f34b19"},"headline":"R\u00e9seau Entreprendre Bretagne &#8211; Un nouveau laur\u00e9at : MeGo","datePublished":"2019-02-28T14:20:24+00:00","dateModified":"2022-04-11T15:20:15+00:00","mainEntityOfPage":{"@id":"https:\/\/www.reseau-entreprendre.org\/bretagne\/2019\/02\/28\/reseau-entreprendre-bretagne-un-laureat-en-finistere-mego\/"},"wordCount":143,"image":{"@id":"https:\/\/www.reseau-entreprendre.org\/bretagne\/2019\/02\/28\/reseau-entreprendre-bretagne-un-laureat-en-finistere-mego\/#primaryimage"},"thumbnailUrl":"https:\/\/www.reseau-entreprendre.org\/bretagne\/wp-content\/uploads\/sites\/3\/2019\/02\/bastien-lucas-mego.jpg","articleSection":["Actualit\u00e9s"],"inLanguage":"fr-FR"},{"@type":"WebPage","@id":"https:\/\/www.reseau-entreprendre.org\/bretagne\/2019\/02\/28\/reseau-entreprendre-bretagne-un-laureat-en-finistere-mego\/","url":"https:\/\/www.reseau-entreprendre.org\/bretagne\/2019\/02\/28\/reseau-entreprendre-bretagne-un-laureat-en-finistere-mego\/","name":"R\u00e9seau Entreprendre Bretagne - Un nouveau laur\u00e9at : MeGo - R\u00e9seau Entreprendre Bretagne","isPartOf":{"@id":"https:\/\/www.reseau-entreprendre.org\/bretagne\/#website"},"primaryImageOfPage":{"@id":"https:\/\/www.reseau-entreprendre.org\/bretagne\/2019\/02\/28\/reseau-entreprendre-bretagne-un-laureat-en-finistere-mego\/#primaryimage"},"image":{"@id":"https:\/\/www.reseau-entreprendre.org\/bretagne\/2019\/02\/28\/reseau-entreprendre-bretagne-un-laureat-en-finistere-mego\/#primaryimage"},"thumbnailUrl":"https:\/\/www.reseau-entreprendre.org\/bretagne\/wp-content\/uploads\/sites\/3\/2019\/02\/bastien-lucas-mego.jpg","datePublished":"2019-02-28T14:20:24+00:00","dateModified":"2022-04-11T15:20:15+00:00","author":{"@id":"https:\/\/www.reseau-entreprendre.org\/bretagne\/#\/schema\/person\/af65b1dc52519c13860043eb80f34b19"},"breadcrumb":{"@id":"https:\/\/www.reseau-entreprendre.org\/bretagne\/2019\/02\/28\/reseau-entreprendre-bretagne-un-laureat-en-finistere-mego\/#breadcrumb"},"inLanguage":"fr-FR","potentialAction":[{"@type":"ReadAction","target":["https:\/\/www.reseau-entreprendre.org\/bretagne\/2019\/02\/28\/reseau-entreprendre-bretagne-un-laureat-en-finistere-mego\/"]}]},{"@type":"ImageObject","inLanguage":"fr-FR","@id":"https:\/\/www.reseau-entreprendre.org\/bretagne\/2019\/02\/28\/reseau-entreprendre-bretagne-un-laureat-en-finistere-mego\/#primaryimage","url":"https:\/\/www.reseau-entreprendre.org\/bretagne\/wp-content\/uploads\/sites\/3\/2019\/02\/bastien-lucas-mego.jpg","contentUrl":"https:\/\/www.reseau-entreprendre.org\/bretagne\/wp-content\/uploads\/sites\/3\/2019\/02\/bastien-lucas-mego.jpg","width":2258,"height":2024},{"@type":"BreadcrumbList","@id":"https:\/\/www.reseau-entreprendre.org\/bretagne\/2019\/02\/28\/reseau-entreprendre-bretagne-un-laureat-en-finistere-mego\/#breadcrumb","itemListElement":[{"@type":"ListItem","position":1,"name":"Accueil","item":"https:\/\/www.reseau-entreprendre.org\/bretagne\/"},{"@type":"ListItem","position":2,"name":"R\u00e9seau Entreprendre Bretagne &#8211; Un nouveau laur\u00e9at : MeGo"}]},{"@type":"WebSite","@id":"https:\/\/www.reseau-entreprendre.org\/bretagne\/#website","url":"https:\/\/www.reseau-entreprendre.org\/bretagne\/","name":"R\u00e9seau Entreprendre Bretagne","description":"Pour cr\u00e9er des emplois, cr\u00e9ons des employeurs","potentialAction":[{"@type":"SearchAction","target":{"@type":"EntryPoint","urlTemplate":"https:\/\/www.reseau-entreprendre.org\/bretagne\/?s={search_term_string}"},"query-input":{"@type":"PropertyValueSpecification","valueRequired":true,"valueName":"search_term_string"}}],"inLanguage":"fr-FR"},{"@type":"Person","@id":"https:\/\/www.reseau-entreprendre.org\/bretagne\/#\/schema\/person\/af65b1dc52519c13860043eb80f34b19","name":"pedelmayer","image":{"@type":"ImageObject","inLanguage":"fr-FR","@id":"https:\/\/secure.gravatar.com\/avatar\/976a7d9faa36f0e7253e3479cce888c2a7253ea9e7436153395a00f3693cbfd9?s=96&d=mm&r=g","url":"https:\/\/secure.gravatar.com\/avatar\/976a7d9faa36f0e7253e3479cce888c2a7253ea9e7436153395a00f3693cbfd9?s=96&d=mm&r=g","contentUrl":"https:\/\/secure.gravatar.com\/avatar\/976a7d9faa36f0e7253e3479cce888c2a7253ea9e7436153395a00f3693cbfd9?s=96&d=mm&r=g","caption":"pedelmayer"},"url":"https:\/\/www.reseau-entreprendre.org\/bretagne\/author\/edelmayer\/"}]}},"_links":{"self":[{"href":"https:\/\/www.reseau-entreprendre.org\/bretagne\/wp-json\/wp\/v2\/posts\/1730","targetHints":{"allow":["GET"]}}],"collection":[{"href":"https:\/\/www.reseau-entreprendre.org\/bretagne\/wp-json\/wp\/v2\/posts"}],"about":[{"href":"https:\/\/www.reseau-entreprendre.org\/bretagne\/wp-json\/wp\/v2\/types\/post"}],"author":[{"embeddable":true,"href":"https:\/\/www.reseau-entreprendre.org\/bretagne\/wp-json\/wp\/v2\/users\/90"}],"replies":[{"embeddable":true,"href":"https:\/\/www.reseau-entreprendre.org\/bretagne\/wp-json\/wp\/v2\/comments?post=1730"}],"version-history":[{"count":0,"href":"https:\/\/www.reseau-entreprendre.org\/bretagne\/wp-json\/wp\/v2\/posts\/1730\/revisions"}],"wp:featuredmedia":[{"embeddable":true,"href":"https:\/\/www.reseau-entreprendre.org\/bretagne\/wp-json\/wp\/v2\/media\/1714"}],"wp:attachment":[{"href":"https:\/\/www.reseau-entreprendre.org\/bretagne\/wp-json\/wp\/v2\/media?parent=1730"}],"wp:term":[{"taxonomy":"category","embeddable":true,"href":"https:\/\/www.reseau-entreprendre.org\/bretagne\/wp-json\/wp\/v2\/categories?post=1730"},{"taxonomy":"post_tag","embeddable":true,"href":"https:\/\/www.reseau-entreprendre.org\/bretagne\/wp-json\/wp\/v2\/tags?post=1730"}],"curies":[{"name":"wp","href":"https:\/\/api.w.org\/{rel}","templated":true}]}}