{"id":1735,"date":"2019-02-28T15:34:05","date_gmt":"2019-02-28T14:34:05","guid":{"rendered":"https:\/\/www.reseau-entreprendre.org\/bretagne\/?p=1735"},"modified":"2022-04-11T17:20:15","modified_gmt":"2022-04-11T15:20:15","slug":"reseau-entreprendre-bretagne-2-nouvelles-laureates-en-finistere-flocon-bio","status":"publish","type":"post","link":"https:\/\/www.reseau-entreprendre.org\/bretagne\/2019\/02\/28\/reseau-entreprendre-bretagne-2-nouvelles-laureates-en-finistere-flocon-bio\/","title":{"rendered":"R\u00e9seau Entreprendre Bretagne- 2 nouvelles laur\u00e9ates  : FLOCON BIO"},"content":{"rendered":"<p>Deux nouvelles Laur\u00e9ates de R\u00e9seau Entreprendre Bretagne dans le Finist\u00e8re\u00a0: \u00a0<strong>Juliette ISERIN et G\u00e9raldine Esnous<\/strong> ont re\u00e7u un pr\u00eat d&#8217;honneur de <strong>35 000<\/strong> euros, afin de d\u00e9velopper la soci\u00e9t\u00e9 <strong>FLOCON BIO<\/strong>.<\/p>\n<p>FLOCON BIO est une entreprise bretonne qui d\u00e9marre dans le snacking. La jeune pousse finist\u00e9rienne propose de r\u00e9aliser des biscuits ap\u00e9ritifs v\u00e9gan et sans gluten \u00e0 haute valeur \u00e9nerg\u00e9tique \u00e0 base de produits sain et de qualit\u00e9 ceci au c\u0153ur du Finist\u00e8re \u00e0 Ch\u00e2teauneuf du Faou.<\/p>\n<p>Les deux cr\u00e9atrices \u00e2g\u00e9es de 28 ans, viennent, l\u2019une du monde de la finance Londonienne, l\u2019autre de l\u2019univers de la mode. Elles se lancent dans l\u2019aventure avec une belle \u00e9nergie. D\u00e9termin\u00e9es et ambitieuses, elles ont choisi de r\u00e9aliser elle-m\u00eame la production, le marketing et la distribution\u00a0! Rendez-vous sur www.flocon.bio<\/p>\n<p><strong>M Fran\u00e7oise BOUCHET <\/strong>de l\u2019entreprise BLOT IMMOBILIER et Membre de R\u00e9seau Entreprendre Bretagne, accompagne ces laur\u00e9ates pour les deux ann\u00e9es \u00e0 venir.<\/p>\n<p>Philippe Edelmayer- D\u00e9l\u00e9gu\u00e9 R\u00e9seau Entreprendre Bretagne &#8211; Finist\u00e8re.<\/p>\n<figure id=\"attachment_1713\" aria-describedby=\"caption-attachment-1713\" style=\"width: 169px\" class=\"wp-caption alignnone\"><img loading=\"lazy\" decoding=\"async\" class=\"size-medium wp-image-1713\" src=\"https:\/\/www.reseau-entreprendre.org\/bretagne\/wp-content\/uploads\/sites\/3\/2019\/02\/flocon-e1551364110740-169x300.jpg\" alt=\"\" width=\"169\" height=\"300\" srcset=\"https:\/\/www.reseau-entreprendre.org\/bretagne\/wp-content\/uploads\/sites\/3\/2019\/02\/flocon-e1551364110740-169x300.jpg 169w, https:\/\/www.reseau-entreprendre.org\/bretagne\/wp-content\/uploads\/sites\/3\/2019\/02\/flocon-e1551364110740-768x1365.jpg 768w, https:\/\/www.reseau-entreprendre.org\/bretagne\/wp-content\/uploads\/sites\/3\/2019\/02\/flocon-e1551364110740-576x1024.jpg 576w\" sizes=\"auto, (max-width: 169px) 100vw, 169px\" \/><figcaption id=\"caption-attachment-1713\" class=\"wp-caption-text\">FLOCON 13\/02\/2019<\/figcaption><\/figure>\n","protected":false},"excerpt":{"rendered":"<p>Deux nouvelles Laur\u00e9ates de R\u00e9seau Entreprendre Bretagne dans le Finist\u00e8re\u00a0:<\/p>\n","protected":false},"author":90,"featured_media":1619,"comment_status":"closed","ping_status":"open","sticky":false,"template":"","format":"standard","meta":{"_acf_changed":false,"_monsterinsights_skip_tracking":false,"_monsterinsights_sitenote_active":false,"_monsterinsights_sitenote_note":"","_monsterinsights_sitenote_category":0,"footnotes":""},"categories":[4],"tags":[18,17,9,16],"class_list":["post-1735","post","type-post","status-publish","format-standard","has-post-thumbnail","hentry","category-actualites","tag-aperitif-sain","tag-bio","tag-entreprendre","tag-vegan","news"],"acf":[],"yoast_head":"<!-- This site is optimized with the Yoast SEO plugin v27.4 - https:\/\/yoast.com\/product\/yoast-seo-wordpress\/ -->\n<title>R\u00e9seau Entreprendre Bretagne- 2 nouvelles laur\u00e9ates : FLOCON BIO - R\u00e9seau Entreprendre Bretagne<\/title>\n<meta name=\"description\" content=\"#vegan#aperitif#bio#biscuit#entreprise#bretagne#plonevet du faou#flocon#iserin#esnous.\" \/>\n<meta name=\"robots\" content=\"index, follow, max-snippet:-1, max-image-preview:large, max-video-preview:-1\" \/>\n<link rel=\"canonical\" href=\"https:\/\/www.reseau-entreprendre.org\/bretagne\/2019\/02\/28\/reseau-entreprendre-bretagne-2-nouvelles-laureates-en-finistere-flocon-bio\/\" \/>\n<meta property=\"og:locale\" content=\"fr_FR\" \/>\n<meta property=\"og:type\" content=\"article\" \/>\n<meta property=\"og:title\" content=\"R\u00e9seau Entreprendre Bretagne- 2 nouvelles laur\u00e9ates : FLOCON BIO - R\u00e9seau Entreprendre Bretagne\" \/>\n<meta property=\"og:description\" content=\"#vegan#aperitif#bio#biscuit#entreprise#bretagne#plonevet du faou#flocon#iserin#esnous.\" \/>\n<meta property=\"og:url\" content=\"https:\/\/www.reseau-entreprendre.org\/bretagne\/2019\/02\/28\/reseau-entreprendre-bretagne-2-nouvelles-laureates-en-finistere-flocon-bio\/\" \/>\n<meta property=\"og:site_name\" content=\"R\u00e9seau Entreprendre Bretagne\" \/>\n<meta property=\"article:publisher\" content=\"https:\/\/www.facebook.com\/reseauentreprendrebretagne\/\" \/>\n<meta property=\"article:published_time\" content=\"2019-02-28T14:34:05+00:00\" \/>\n<meta property=\"article:modified_time\" content=\"2022-04-11T15:20:15+00:00\" \/>\n<meta property=\"og:image\" content=\"https:\/\/www.reseau-entreprendre.org\/bretagne\/wp-content\/uploads\/sites\/3\/2019\/01\/Pr\u00e9sentation1.png\" \/>\n\t<meta property=\"og:image:width\" content=\"478\" \/>\n\t<meta property=\"og:image:height\" content=\"322\" \/>\n\t<meta property=\"og:image:type\" content=\"image\/png\" \/>\n<meta name=\"author\" content=\"pedelmayer\" \/>\n<meta name=\"twitter:card\" content=\"summary_large_image\" \/>\n<meta name=\"twitter:creator\" content=\"@RE_Bretagne\" \/>\n<meta name=\"twitter:site\" content=\"@RE_Bretagne\" \/>\n<meta name=\"twitter:label1\" content=\"\u00c9crit par\" \/>\n\t<meta name=\"twitter:data1\" content=\"pedelmayer\" \/>\n\t<meta name=\"twitter:label2\" content=\"Dur\u00e9e de lecture estim\u00e9e\" \/>\n\t<meta name=\"twitter:data2\" content=\"1 minute\" \/>\n<script type=\"application\/ld+json\" class=\"yoast-schema-graph\">{\"@context\":\"https:\\\/\\\/schema.org\",\"@graph\":[{\"@type\":\"Article\",\"@id\":\"https:\\\/\\\/www.reseau-entreprendre.org\\\/bretagne\\\/2019\\\/02\\\/28\\\/reseau-entreprendre-bretagne-2-nouvelles-laureates-en-finistere-flocon-bio\\\/#article\",\"isPartOf\":{\"@id\":\"https:\\\/\\\/www.reseau-entreprendre.org\\\/bretagne\\\/2019\\\/02\\\/28\\\/reseau-entreprendre-bretagne-2-nouvelles-laureates-en-finistere-flocon-bio\\\/\"},\"author\":{\"name\":\"pedelmayer\",\"@id\":\"https:\\\/\\\/www.reseau-entreprendre.org\\\/bretagne\\\/#\\\/schema\\\/person\\\/af65b1dc52519c13860043eb80f34b19\"},\"headline\":\"R\u00e9seau Entreprendre Bretagne- 2 nouvelles laur\u00e9ates : FLOCON BIO\",\"datePublished\":\"2019-02-28T14:34:05+00:00\",\"dateModified\":\"2022-04-11T15:20:15+00:00\",\"mainEntityOfPage\":{\"@id\":\"https:\\\/\\\/www.reseau-entreprendre.org\\\/bretagne\\\/2019\\\/02\\\/28\\\/reseau-entreprendre-bretagne-2-nouvelles-laureates-en-finistere-flocon-bio\\\/\"},\"wordCount\":205,\"image\":{\"@id\":\"https:\\\/\\\/www.reseau-entreprendre.org\\\/bretagne\\\/2019\\\/02\\\/28\\\/reseau-entreprendre-bretagne-2-nouvelles-laureates-en-finistere-flocon-bio\\\/#primaryimage\"},\"thumbnailUrl\":\"https:\\\/\\\/www.reseau-entreprendre.org\\\/bretagne\\\/wp-content\\\/uploads\\\/sites\\\/3\\\/2019\\\/01\\\/Pr\u00e9sentation1.png\",\"keywords\":[\"aperitif sain\",\"bio\",\"entreprendre\",\"vegan\"],\"articleSection\":[\"Actualit\u00e9s\"],\"inLanguage\":\"fr-FR\"},{\"@type\":\"WebPage\",\"@id\":\"https:\\\/\\\/www.reseau-entreprendre.org\\\/bretagne\\\/2019\\\/02\\\/28\\\/reseau-entreprendre-bretagne-2-nouvelles-laureates-en-finistere-flocon-bio\\\/\",\"url\":\"https:\\\/\\\/www.reseau-entreprendre.org\\\/bretagne\\\/2019\\\/02\\\/28\\\/reseau-entreprendre-bretagne-2-nouvelles-laureates-en-finistere-flocon-bio\\\/\",\"name\":\"R\u00e9seau Entreprendre Bretagne- 2 nouvelles laur\u00e9ates : FLOCON BIO - R\u00e9seau Entreprendre Bretagne\",\"isPartOf\":{\"@id\":\"https:\\\/\\\/www.reseau-entreprendre.org\\\/bretagne\\\/#website\"},\"primaryImageOfPage\":{\"@id\":\"https:\\\/\\\/www.reseau-entreprendre.org\\\/bretagne\\\/2019\\\/02\\\/28\\\/reseau-entreprendre-bretagne-2-nouvelles-laureates-en-finistere-flocon-bio\\\/#primaryimage\"},\"image\":{\"@id\":\"https:\\\/\\\/www.reseau-entreprendre.org\\\/bretagne\\\/2019\\\/02\\\/28\\\/reseau-entreprendre-bretagne-2-nouvelles-laureates-en-finistere-flocon-bio\\\/#primaryimage\"},\"thumbnailUrl\":\"https:\\\/\\\/www.reseau-entreprendre.org\\\/bretagne\\\/wp-content\\\/uploads\\\/sites\\\/3\\\/2019\\\/01\\\/Pr\u00e9sentation1.png\",\"datePublished\":\"2019-02-28T14:34:05+00:00\",\"dateModified\":\"2022-04-11T15:20:15+00:00\",\"author\":{\"@id\":\"https:\\\/\\\/www.reseau-entreprendre.org\\\/bretagne\\\/#\\\/schema\\\/person\\\/af65b1dc52519c13860043eb80f34b19\"},\"description\":\"#vegan#aperitif#bio#biscuit#entreprise#bretagne#plonevet du faou#flocon#iserin#esnous.\",\"breadcrumb\":{\"@id\":\"https:\\\/\\\/www.reseau-entreprendre.org\\\/bretagne\\\/2019\\\/02\\\/28\\\/reseau-entreprendre-bretagne-2-nouvelles-laureates-en-finistere-flocon-bio\\\/#breadcrumb\"},\"inLanguage\":\"fr-FR\",\"potentialAction\":[{\"@type\":\"ReadAction\",\"target\":[\"https:\\\/\\\/www.reseau-entreprendre.org\\\/bretagne\\\/2019\\\/02\\\/28\\\/reseau-entreprendre-bretagne-2-nouvelles-laureates-en-finistere-flocon-bio\\\/\"]}]},{\"@type\":\"ImageObject\",\"inLanguage\":\"fr-FR\",\"@id\":\"https:\\\/\\\/www.reseau-entreprendre.org\\\/bretagne\\\/2019\\\/02\\\/28\\\/reseau-entreprendre-bretagne-2-nouvelles-laureates-en-finistere-flocon-bio\\\/#primaryimage\",\"url\":\"https:\\\/\\\/www.reseau-entreprendre.org\\\/bretagne\\\/wp-content\\\/uploads\\\/sites\\\/3\\\/2019\\\/01\\\/Pr\u00e9sentation1.png\",\"contentUrl\":\"https:\\\/\\\/www.reseau-entreprendre.org\\\/bretagne\\\/wp-content\\\/uploads\\\/sites\\\/3\\\/2019\\\/01\\\/Pr\u00e9sentation1.png\",\"width\":478,\"height\":322},{\"@type\":\"BreadcrumbList\",\"@id\":\"https:\\\/\\\/www.reseau-entreprendre.org\\\/bretagne\\\/2019\\\/02\\\/28\\\/reseau-entreprendre-bretagne-2-nouvelles-laureates-en-finistere-flocon-bio\\\/#breadcrumb\",\"itemListElement\":[{\"@type\":\"ListItem\",\"position\":1,\"name\":\"Accueil\",\"item\":\"https:\\\/\\\/www.reseau-entreprendre.org\\\/bretagne\\\/\"},{\"@type\":\"ListItem\",\"position\":2,\"name\":\"R\u00e9seau Entreprendre Bretagne- 2 nouvelles laur\u00e9ates : FLOCON BIO\"}]},{\"@type\":\"WebSite\",\"@id\":\"https:\\\/\\\/www.reseau-entreprendre.org\\\/bretagne\\\/#website\",\"url\":\"https:\\\/\\\/www.reseau-entreprendre.org\\\/bretagne\\\/\",\"name\":\"R\u00e9seau Entreprendre Bretagne\",\"description\":\"Pour cr\u00e9er des emplois, cr\u00e9ons des employeurs\",\"potentialAction\":[{\"@type\":\"SearchAction\",\"target\":{\"@type\":\"EntryPoint\",\"urlTemplate\":\"https:\\\/\\\/www.reseau-entreprendre.org\\\/bretagne\\\/?s={search_term_string}\"},\"query-input\":{\"@type\":\"PropertyValueSpecification\",\"valueRequired\":true,\"valueName\":\"search_term_string\"}}],\"inLanguage\":\"fr-FR\"},{\"@type\":\"Person\",\"@id\":\"https:\\\/\\\/www.reseau-entreprendre.org\\\/bretagne\\\/#\\\/schema\\\/person\\\/af65b1dc52519c13860043eb80f34b19\",\"name\":\"pedelmayer\",\"image\":{\"@type\":\"ImageObject\",\"inLanguage\":\"fr-FR\",\"@id\":\"https:\\\/\\\/secure.gravatar.com\\\/avatar\\\/976a7d9faa36f0e7253e3479cce888c2a7253ea9e7436153395a00f3693cbfd9?s=96&d=mm&r=g\",\"url\":\"https:\\\/\\\/secure.gravatar.com\\\/avatar\\\/976a7d9faa36f0e7253e3479cce888c2a7253ea9e7436153395a00f3693cbfd9?s=96&d=mm&r=g\",\"contentUrl\":\"https:\\\/\\\/secure.gravatar.com\\\/avatar\\\/976a7d9faa36f0e7253e3479cce888c2a7253ea9e7436153395a00f3693cbfd9?s=96&d=mm&r=g\",\"caption\":\"pedelmayer\"},\"url\":\"https:\\\/\\\/www.reseau-entreprendre.org\\\/bretagne\\\/author\\\/edelmayer\\\/\"}]}<\/script>\n<!-- \/ Yoast SEO plugin. -->","yoast_head_json":{"title":"R\u00e9seau Entreprendre Bretagne- 2 nouvelles laur\u00e9ates : FLOCON BIO - R\u00e9seau Entreprendre Bretagne","description":"#vegan#aperitif#bio#biscuit#entreprise#bretagne#plonevet du faou#flocon#iserin#esnous.","robots":{"index":"index","follow":"follow","max-snippet":"max-snippet:-1","max-image-preview":"max-image-preview:large","max-video-preview":"max-video-preview:-1"},"canonical":"https:\/\/www.reseau-entreprendre.org\/bretagne\/2019\/02\/28\/reseau-entreprendre-bretagne-2-nouvelles-laureates-en-finistere-flocon-bio\/","og_locale":"fr_FR","og_type":"article","og_title":"R\u00e9seau Entreprendre Bretagne- 2 nouvelles laur\u00e9ates : FLOCON BIO - R\u00e9seau Entreprendre Bretagne","og_description":"#vegan#aperitif#bio#biscuit#entreprise#bretagne#plonevet du faou#flocon#iserin#esnous.","og_url":"https:\/\/www.reseau-entreprendre.org\/bretagne\/2019\/02\/28\/reseau-entreprendre-bretagne-2-nouvelles-laureates-en-finistere-flocon-bio\/","og_site_name":"R\u00e9seau Entreprendre Bretagne","article_publisher":"https:\/\/www.facebook.com\/reseauentreprendrebretagne\/","article_published_time":"2019-02-28T14:34:05+00:00","article_modified_time":"2022-04-11T15:20:15+00:00","og_image":[{"width":478,"height":322,"url":"https:\/\/www.reseau-entreprendre.org\/bretagne\/wp-content\/uploads\/sites\/3\/2019\/01\/Pr\u00e9sentation1.png","type":"image\/png"}],"author":"pedelmayer","twitter_card":"summary_large_image","twitter_creator":"@RE_Bretagne","twitter_site":"@RE_Bretagne","twitter_misc":{"\u00c9crit par":"pedelmayer","Dur\u00e9e de lecture estim\u00e9e":"1 minute"},"schema":{"@context":"https:\/\/schema.org","@graph":[{"@type":"Article","@id":"https:\/\/www.reseau-entreprendre.org\/bretagne\/2019\/02\/28\/reseau-entreprendre-bretagne-2-nouvelles-laureates-en-finistere-flocon-bio\/#article","isPartOf":{"@id":"https:\/\/www.reseau-entreprendre.org\/bretagne\/2019\/02\/28\/reseau-entreprendre-bretagne-2-nouvelles-laureates-en-finistere-flocon-bio\/"},"author":{"name":"pedelmayer","@id":"https:\/\/www.reseau-entreprendre.org\/bretagne\/#\/schema\/person\/af65b1dc52519c13860043eb80f34b19"},"headline":"R\u00e9seau Entreprendre Bretagne- 2 nouvelles laur\u00e9ates : FLOCON BIO","datePublished":"2019-02-28T14:34:05+00:00","dateModified":"2022-04-11T15:20:15+00:00","mainEntityOfPage":{"@id":"https:\/\/www.reseau-entreprendre.org\/bretagne\/2019\/02\/28\/reseau-entreprendre-bretagne-2-nouvelles-laureates-en-finistere-flocon-bio\/"},"wordCount":205,"image":{"@id":"https:\/\/www.reseau-entreprendre.org\/bretagne\/2019\/02\/28\/reseau-entreprendre-bretagne-2-nouvelles-laureates-en-finistere-flocon-bio\/#primaryimage"},"thumbnailUrl":"https:\/\/www.reseau-entreprendre.org\/bretagne\/wp-content\/uploads\/sites\/3\/2019\/01\/Pr\u00e9sentation1.png","keywords":["aperitif sain","bio","entreprendre","vegan"],"articleSection":["Actualit\u00e9s"],"inLanguage":"fr-FR"},{"@type":"WebPage","@id":"https:\/\/www.reseau-entreprendre.org\/bretagne\/2019\/02\/28\/reseau-entreprendre-bretagne-2-nouvelles-laureates-en-finistere-flocon-bio\/","url":"https:\/\/www.reseau-entreprendre.org\/bretagne\/2019\/02\/28\/reseau-entreprendre-bretagne-2-nouvelles-laureates-en-finistere-flocon-bio\/","name":"R\u00e9seau Entreprendre Bretagne- 2 nouvelles laur\u00e9ates : FLOCON BIO - R\u00e9seau Entreprendre Bretagne","isPartOf":{"@id":"https:\/\/www.reseau-entreprendre.org\/bretagne\/#website"},"primaryImageOfPage":{"@id":"https:\/\/www.reseau-entreprendre.org\/bretagne\/2019\/02\/28\/reseau-entreprendre-bretagne-2-nouvelles-laureates-en-finistere-flocon-bio\/#primaryimage"},"image":{"@id":"https:\/\/www.reseau-entreprendre.org\/bretagne\/2019\/02\/28\/reseau-entreprendre-bretagne-2-nouvelles-laureates-en-finistere-flocon-bio\/#primaryimage"},"thumbnailUrl":"https:\/\/www.reseau-entreprendre.org\/bretagne\/wp-content\/uploads\/sites\/3\/2019\/01\/Pr\u00e9sentation1.png","datePublished":"2019-02-28T14:34:05+00:00","dateModified":"2022-04-11T15:20:15+00:00","author":{"@id":"https:\/\/www.reseau-entreprendre.org\/bretagne\/#\/schema\/person\/af65b1dc52519c13860043eb80f34b19"},"description":"#vegan#aperitif#bio#biscuit#entreprise#bretagne#plonevet du faou#flocon#iserin#esnous.","breadcrumb":{"@id":"https:\/\/www.reseau-entreprendre.org\/bretagne\/2019\/02\/28\/reseau-entreprendre-bretagne-2-nouvelles-laureates-en-finistere-flocon-bio\/#breadcrumb"},"inLanguage":"fr-FR","potentialAction":[{"@type":"ReadAction","target":["https:\/\/www.reseau-entreprendre.org\/bretagne\/2019\/02\/28\/reseau-entreprendre-bretagne-2-nouvelles-laureates-en-finistere-flocon-bio\/"]}]},{"@type":"ImageObject","inLanguage":"fr-FR","@id":"https:\/\/www.reseau-entreprendre.org\/bretagne\/2019\/02\/28\/reseau-entreprendre-bretagne-2-nouvelles-laureates-en-finistere-flocon-bio\/#primaryimage","url":"https:\/\/www.reseau-entreprendre.org\/bretagne\/wp-content\/uploads\/sites\/3\/2019\/01\/Pr\u00e9sentation1.png","contentUrl":"https:\/\/www.reseau-entreprendre.org\/bretagne\/wp-content\/uploads\/sites\/3\/2019\/01\/Pr\u00e9sentation1.png","width":478,"height":322},{"@type":"BreadcrumbList","@id":"https:\/\/www.reseau-entreprendre.org\/bretagne\/2019\/02\/28\/reseau-entreprendre-bretagne-2-nouvelles-laureates-en-finistere-flocon-bio\/#breadcrumb","itemListElement":[{"@type":"ListItem","position":1,"name":"Accueil","item":"https:\/\/www.reseau-entreprendre.org\/bretagne\/"},{"@type":"ListItem","position":2,"name":"R\u00e9seau Entreprendre Bretagne- 2 nouvelles laur\u00e9ates : FLOCON BIO"}]},{"@type":"WebSite","@id":"https:\/\/www.reseau-entreprendre.org\/bretagne\/#website","url":"https:\/\/www.reseau-entreprendre.org\/bretagne\/","name":"R\u00e9seau Entreprendre Bretagne","description":"Pour cr\u00e9er des emplois, cr\u00e9ons des employeurs","potentialAction":[{"@type":"SearchAction","target":{"@type":"EntryPoint","urlTemplate":"https:\/\/www.reseau-entreprendre.org\/bretagne\/?s={search_term_string}"},"query-input":{"@type":"PropertyValueSpecification","valueRequired":true,"valueName":"search_term_string"}}],"inLanguage":"fr-FR"},{"@type":"Person","@id":"https:\/\/www.reseau-entreprendre.org\/bretagne\/#\/schema\/person\/af65b1dc52519c13860043eb80f34b19","name":"pedelmayer","image":{"@type":"ImageObject","inLanguage":"fr-FR","@id":"https:\/\/secure.gravatar.com\/avatar\/976a7d9faa36f0e7253e3479cce888c2a7253ea9e7436153395a00f3693cbfd9?s=96&d=mm&r=g","url":"https:\/\/secure.gravatar.com\/avatar\/976a7d9faa36f0e7253e3479cce888c2a7253ea9e7436153395a00f3693cbfd9?s=96&d=mm&r=g","contentUrl":"https:\/\/secure.gravatar.com\/avatar\/976a7d9faa36f0e7253e3479cce888c2a7253ea9e7436153395a00f3693cbfd9?s=96&d=mm&r=g","caption":"pedelmayer"},"url":"https:\/\/www.reseau-entreprendre.org\/bretagne\/author\/edelmayer\/"}]}},"_links":{"self":[{"href":"https:\/\/www.reseau-entreprendre.org\/bretagne\/wp-json\/wp\/v2\/posts\/1735","targetHints":{"allow":["GET"]}}],"collection":[{"href":"https:\/\/www.reseau-entreprendre.org\/bretagne\/wp-json\/wp\/v2\/posts"}],"about":[{"href":"https:\/\/www.reseau-entreprendre.org\/bretagne\/wp-json\/wp\/v2\/types\/post"}],"author":[{"embeddable":true,"href":"https:\/\/www.reseau-entreprendre.org\/bretagne\/wp-json\/wp\/v2\/users\/90"}],"replies":[{"embeddable":true,"href":"https:\/\/www.reseau-entreprendre.org\/bretagne\/wp-json\/wp\/v2\/comments?post=1735"}],"version-history":[{"count":0,"href":"https:\/\/www.reseau-entreprendre.org\/bretagne\/wp-json\/wp\/v2\/posts\/1735\/revisions"}],"wp:featuredmedia":[{"embeddable":true,"href":"https:\/\/www.reseau-entreprendre.org\/bretagne\/wp-json\/wp\/v2\/media\/1619"}],"wp:attachment":[{"href":"https:\/\/www.reseau-entreprendre.org\/bretagne\/wp-json\/wp\/v2\/media?parent=1735"}],"wp:term":[{"taxonomy":"category","embeddable":true,"href":"https:\/\/www.reseau-entreprendre.org\/bretagne\/wp-json\/wp\/v2\/categories?post=1735"},{"taxonomy":"post_tag","embeddable":true,"href":"https:\/\/www.reseau-entreprendre.org\/bretagne\/wp-json\/wp\/v2\/tags?post=1735"}],"curies":[{"name":"wp","href":"https:\/\/api.w.org\/{rel}","templated":true}]}}