{"id":1739,"date":"2019-02-28T15:41:53","date_gmt":"2019-02-28T14:41:53","guid":{"rendered":"https:\/\/www.reseau-entreprendre.org\/bretagne\/?p=1739"},"modified":"2022-04-11T17:20:15","modified_gmt":"2022-04-11T15:20:15","slug":"reseau-entreprendre-bretagne-reprise-de-la-societe-madec","status":"publish","type":"post","link":"https:\/\/www.reseau-entreprendre.org\/bretagne\/2019\/02\/28\/reseau-entreprendre-bretagne-reprise-de-la-societe-madec\/","title":{"rendered":"R\u00e9seau Entreprendre Bretagne &#8211; Reprise de la soci\u00e9t\u00e9 MADEC"},"content":{"rendered":"<p>Un nouveau laur\u00e9at de R\u00e9seau Entreprendre Bretagne dans le Finist\u00e8re\u00a0: \u00a0<strong>Vincent PINTO<\/strong> a re\u00e7u le 20 f\u00e9vrier 2019 un pr\u00eat d&#8217;honneur de 25 0000\u00a0euros, afin de reprendre la soci\u00e9t\u00e9 <strong>MADEC ELECTRICITE &#8211; LANDIVISIAU.<\/strong><\/p>\n<p>MADEC ELECTRICITE est un leader r\u00e9gional dans les domaines de l\u2019\u00e9lectricit\u00e9 courants forts et faibles \u00e0 destination des grandes surfaces commerciales alimentaires (GSA), sp\u00e9cialis\u00e9es (GSS) et centres commerciaux (Fonci\u00e8res). Elle intervient de la conception, \u00e0 l\u2019installation et la maintenance des installations, sur projets neufs, projets d\u2019extension ou de r\u00e9novation et maintenance. La soci\u00e9t\u00e9 intervient sur l\u2019ensemble du territoire national.<\/p>\n<p><strong>\u00a0Glen DESMOUSSEAUX <\/strong>de l\u2019entreprise AMZAIR, Membre de R\u00e9seau Entreprendre Bretagne, accompagne ce laur\u00e9at pour les deux ann\u00e9es \u00e0 venir.<\/p>\n<p>Philippe EDELMAYER- R\u00e9seau Entreprendre Bretagne &#8211; Finist\u00e8re.<\/p>\n<p><img loading=\"lazy\" decoding=\"async\" class=\"alignnone size-medium wp-image-1712\" src=\"https:\/\/www.reseau-entreprendre.org\/bretagne\/wp-content\/uploads\/sites\/3\/2019\/02\/vincent-PINTO-300x208.jpg\" alt=\"\" width=\"300\" height=\"208\" srcset=\"https:\/\/www.reseau-entreprendre.org\/bretagne\/wp-content\/uploads\/sites\/3\/2019\/02\/vincent-PINTO-300x208.jpg 300w, https:\/\/www.reseau-entreprendre.org\/bretagne\/wp-content\/uploads\/sites\/3\/2019\/02\/vincent-PINTO-768x531.jpg 768w, https:\/\/www.reseau-entreprendre.org\/bretagne\/wp-content\/uploads\/sites\/3\/2019\/02\/vincent-PINTO-1024x708.jpg 1024w\" sizes=\"auto, (max-width: 300px) 100vw, 300px\" \/><\/p>\n","protected":false},"excerpt":{"rendered":"<p>Un nouveau laur\u00e9at de R\u00e9seau Entreprendre Bretagne dans le Finist\u00e8re\u00a0:<\/p>\n","protected":false},"author":90,"featured_media":1712,"comment_status":"closed","ping_status":"open","sticky":false,"template":"","format":"standard","meta":{"_acf_changed":false,"_monsterinsights_skip_tracking":false,"_monsterinsights_sitenote_active":false,"_monsterinsights_sitenote_note":"","_monsterinsights_sitenote_category":0,"footnotes":""},"categories":[4],"tags":[23,21,20,8,22,19],"class_list":["post-1739","post","type-post","status-publish","format-standard","has-post-thumbnail","hentry","category-actualites","tag-bretagne","tag-electricite","tag-entreprise","tag-finistere","tag-landivisiau","tag-reprise","news"],"acf":[],"yoast_head":"<!-- This site is optimized with the Yoast SEO plugin v27.4 - https:\/\/yoast.com\/product\/yoast-seo-wordpress\/ -->\n<title>R\u00e9seau Entreprendre Bretagne - Reprise de la soci\u00e9t\u00e9 MADEC - R\u00e9seau Entreprendre Bretagne<\/title>\n<meta name=\"robots\" content=\"index, follow, max-snippet:-1, max-image-preview:large, max-video-preview:-1\" \/>\n<link rel=\"canonical\" href=\"https:\/\/www.reseau-entreprendre.org\/bretagne\/2019\/02\/28\/reseau-entreprendre-bretagne-reprise-de-la-societe-madec\/\" \/>\n<meta property=\"og:locale\" content=\"fr_FR\" \/>\n<meta property=\"og:type\" content=\"article\" \/>\n<meta property=\"og:title\" content=\"Mon titre facebook\" \/>\n<meta property=\"og:description\" content=\"ma description facebook\" \/>\n<meta property=\"og:url\" content=\"https:\/\/www.reseau-entreprendre.org\/bretagne\/2019\/02\/28\/reseau-entreprendre-bretagne-reprise-de-la-societe-madec\/\" \/>\n<meta property=\"og:site_name\" content=\"R\u00e9seau Entreprendre Bretagne\" \/>\n<meta property=\"article:publisher\" content=\"https:\/\/www.facebook.com\/reseauentreprendrebretagne\/\" \/>\n<meta property=\"article:published_time\" content=\"2019-02-28T14:41:53+00:00\" \/>\n<meta property=\"article:modified_time\" content=\"2022-04-11T15:20:15+00:00\" \/>\n<meta property=\"og:image\" content=\"https:\/\/www.reseau-entreprendre.org\/bretagne\/wp-content\/uploads\/sites\/3\/2019\/02\/vincent-PINTO.jpg\" \/>\n\t<meta property=\"og:image:width\" content=\"4200\" \/>\n\t<meta property=\"og:image:height\" content=\"2905\" \/>\n\t<meta property=\"og:image:type\" content=\"image\/jpeg\" \/>\n<meta name=\"author\" content=\"pedelmayer\" \/>\n<meta name=\"twitter:card\" content=\"summary_large_image\" \/>\n<meta name=\"twitter:creator\" content=\"@RE_Bretagne\" \/>\n<meta name=\"twitter:site\" content=\"@RE_Bretagne\" \/>\n<meta name=\"twitter:label1\" content=\"\u00c9crit par\" \/>\n\t<meta name=\"twitter:data1\" content=\"pedelmayer\" \/>\n\t<meta name=\"twitter:label2\" content=\"Dur\u00e9e de lecture estim\u00e9e\" \/>\n\t<meta name=\"twitter:data2\" content=\"1 minute\" \/>\n<script type=\"application\/ld+json\" class=\"yoast-schema-graph\">{\"@context\":\"https:\\\/\\\/schema.org\",\"@graph\":[{\"@type\":\"Article\",\"@id\":\"https:\\\/\\\/www.reseau-entreprendre.org\\\/bretagne\\\/2019\\\/02\\\/28\\\/reseau-entreprendre-bretagne-reprise-de-la-societe-madec\\\/#article\",\"isPartOf\":{\"@id\":\"https:\\\/\\\/www.reseau-entreprendre.org\\\/bretagne\\\/2019\\\/02\\\/28\\\/reseau-entreprendre-bretagne-reprise-de-la-societe-madec\\\/\"},\"author\":{\"name\":\"pedelmayer\",\"@id\":\"https:\\\/\\\/www.reseau-entreprendre.org\\\/bretagne\\\/#\\\/schema\\\/person\\\/af65b1dc52519c13860043eb80f34b19\"},\"headline\":\"R\u00e9seau Entreprendre Bretagne &#8211; Reprise de la soci\u00e9t\u00e9 MADEC\",\"datePublished\":\"2019-02-28T14:41:53+00:00\",\"dateModified\":\"2022-04-11T15:20:15+00:00\",\"mainEntityOfPage\":{\"@id\":\"https:\\\/\\\/www.reseau-entreprendre.org\\\/bretagne\\\/2019\\\/02\\\/28\\\/reseau-entreprendre-bretagne-reprise-de-la-societe-madec\\\/\"},\"wordCount\":147,\"image\":{\"@id\":\"https:\\\/\\\/www.reseau-entreprendre.org\\\/bretagne\\\/2019\\\/02\\\/28\\\/reseau-entreprendre-bretagne-reprise-de-la-societe-madec\\\/#primaryimage\"},\"thumbnailUrl\":\"https:\\\/\\\/www.reseau-entreprendre.org\\\/bretagne\\\/wp-content\\\/uploads\\\/sites\\\/3\\\/2019\\\/02\\\/vincent-PINTO.jpg\",\"keywords\":[\"bretagne\",\"electricit\u00e9\",\"entreprise\",\"finist\u00e8re\",\"landivisiau\",\"reprise\"],\"articleSection\":[\"Actualit\u00e9s\"],\"inLanguage\":\"fr-FR\"},{\"@type\":\"WebPage\",\"@id\":\"https:\\\/\\\/www.reseau-entreprendre.org\\\/bretagne\\\/2019\\\/02\\\/28\\\/reseau-entreprendre-bretagne-reprise-de-la-societe-madec\\\/\",\"url\":\"https:\\\/\\\/www.reseau-entreprendre.org\\\/bretagne\\\/2019\\\/02\\\/28\\\/reseau-entreprendre-bretagne-reprise-de-la-societe-madec\\\/\",\"name\":\"R\u00e9seau Entreprendre Bretagne - Reprise de la soci\u00e9t\u00e9 MADEC - R\u00e9seau Entreprendre Bretagne\",\"isPartOf\":{\"@id\":\"https:\\\/\\\/www.reseau-entreprendre.org\\\/bretagne\\\/#website\"},\"primaryImageOfPage\":{\"@id\":\"https:\\\/\\\/www.reseau-entreprendre.org\\\/bretagne\\\/2019\\\/02\\\/28\\\/reseau-entreprendre-bretagne-reprise-de-la-societe-madec\\\/#primaryimage\"},\"image\":{\"@id\":\"https:\\\/\\\/www.reseau-entreprendre.org\\\/bretagne\\\/2019\\\/02\\\/28\\\/reseau-entreprendre-bretagne-reprise-de-la-societe-madec\\\/#primaryimage\"},\"thumbnailUrl\":\"https:\\\/\\\/www.reseau-entreprendre.org\\\/bretagne\\\/wp-content\\\/uploads\\\/sites\\\/3\\\/2019\\\/02\\\/vincent-PINTO.jpg\",\"datePublished\":\"2019-02-28T14:41:53+00:00\",\"dateModified\":\"2022-04-11T15:20:15+00:00\",\"author\":{\"@id\":\"https:\\\/\\\/www.reseau-entreprendre.org\\\/bretagne\\\/#\\\/schema\\\/person\\\/af65b1dc52519c13860043eb80f34b19\"},\"breadcrumb\":{\"@id\":\"https:\\\/\\\/www.reseau-entreprendre.org\\\/bretagne\\\/2019\\\/02\\\/28\\\/reseau-entreprendre-bretagne-reprise-de-la-societe-madec\\\/#breadcrumb\"},\"inLanguage\":\"fr-FR\",\"potentialAction\":[{\"@type\":\"ReadAction\",\"target\":[\"https:\\\/\\\/www.reseau-entreprendre.org\\\/bretagne\\\/2019\\\/02\\\/28\\\/reseau-entreprendre-bretagne-reprise-de-la-societe-madec\\\/\"]}]},{\"@type\":\"ImageObject\",\"inLanguage\":\"fr-FR\",\"@id\":\"https:\\\/\\\/www.reseau-entreprendre.org\\\/bretagne\\\/2019\\\/02\\\/28\\\/reseau-entreprendre-bretagne-reprise-de-la-societe-madec\\\/#primaryimage\",\"url\":\"https:\\\/\\\/www.reseau-entreprendre.org\\\/bretagne\\\/wp-content\\\/uploads\\\/sites\\\/3\\\/2019\\\/02\\\/vincent-PINTO.jpg\",\"contentUrl\":\"https:\\\/\\\/www.reseau-entreprendre.org\\\/bretagne\\\/wp-content\\\/uploads\\\/sites\\\/3\\\/2019\\\/02\\\/vincent-PINTO.jpg\",\"width\":4200,\"height\":2905},{\"@type\":\"BreadcrumbList\",\"@id\":\"https:\\\/\\\/www.reseau-entreprendre.org\\\/bretagne\\\/2019\\\/02\\\/28\\\/reseau-entreprendre-bretagne-reprise-de-la-societe-madec\\\/#breadcrumb\",\"itemListElement\":[{\"@type\":\"ListItem\",\"position\":1,\"name\":\"Accueil\",\"item\":\"https:\\\/\\\/www.reseau-entreprendre.org\\\/bretagne\\\/\"},{\"@type\":\"ListItem\",\"position\":2,\"name\":\"R\u00e9seau Entreprendre Bretagne &#8211; Reprise de la soci\u00e9t\u00e9 MADEC\"}]},{\"@type\":\"WebSite\",\"@id\":\"https:\\\/\\\/www.reseau-entreprendre.org\\\/bretagne\\\/#website\",\"url\":\"https:\\\/\\\/www.reseau-entreprendre.org\\\/bretagne\\\/\",\"name\":\"R\u00e9seau Entreprendre Bretagne\",\"description\":\"Pour cr\u00e9er des emplois, cr\u00e9ons des employeurs\",\"potentialAction\":[{\"@type\":\"SearchAction\",\"target\":{\"@type\":\"EntryPoint\",\"urlTemplate\":\"https:\\\/\\\/www.reseau-entreprendre.org\\\/bretagne\\\/?s={search_term_string}\"},\"query-input\":{\"@type\":\"PropertyValueSpecification\",\"valueRequired\":true,\"valueName\":\"search_term_string\"}}],\"inLanguage\":\"fr-FR\"},{\"@type\":\"Person\",\"@id\":\"https:\\\/\\\/www.reseau-entreprendre.org\\\/bretagne\\\/#\\\/schema\\\/person\\\/af65b1dc52519c13860043eb80f34b19\",\"name\":\"pedelmayer\",\"image\":{\"@type\":\"ImageObject\",\"inLanguage\":\"fr-FR\",\"@id\":\"https:\\\/\\\/secure.gravatar.com\\\/avatar\\\/976a7d9faa36f0e7253e3479cce888c2a7253ea9e7436153395a00f3693cbfd9?s=96&d=mm&r=g\",\"url\":\"https:\\\/\\\/secure.gravatar.com\\\/avatar\\\/976a7d9faa36f0e7253e3479cce888c2a7253ea9e7436153395a00f3693cbfd9?s=96&d=mm&r=g\",\"contentUrl\":\"https:\\\/\\\/secure.gravatar.com\\\/avatar\\\/976a7d9faa36f0e7253e3479cce888c2a7253ea9e7436153395a00f3693cbfd9?s=96&d=mm&r=g\",\"caption\":\"pedelmayer\"},\"url\":\"https:\\\/\\\/www.reseau-entreprendre.org\\\/bretagne\\\/author\\\/edelmayer\\\/\"}]}<\/script>\n<!-- \/ Yoast SEO plugin. -->","yoast_head_json":{"title":"R\u00e9seau Entreprendre Bretagne - Reprise de la soci\u00e9t\u00e9 MADEC - R\u00e9seau Entreprendre Bretagne","robots":{"index":"index","follow":"follow","max-snippet":"max-snippet:-1","max-image-preview":"max-image-preview:large","max-video-preview":"max-video-preview:-1"},"canonical":"https:\/\/www.reseau-entreprendre.org\/bretagne\/2019\/02\/28\/reseau-entreprendre-bretagne-reprise-de-la-societe-madec\/","og_locale":"fr_FR","og_type":"article","og_title":"Mon titre facebook","og_description":"ma description facebook","og_url":"https:\/\/www.reseau-entreprendre.org\/bretagne\/2019\/02\/28\/reseau-entreprendre-bretagne-reprise-de-la-societe-madec\/","og_site_name":"R\u00e9seau Entreprendre Bretagne","article_publisher":"https:\/\/www.facebook.com\/reseauentreprendrebretagne\/","article_published_time":"2019-02-28T14:41:53+00:00","article_modified_time":"2022-04-11T15:20:15+00:00","og_image":[{"width":4200,"height":2905,"url":"https:\/\/www.reseau-entreprendre.org\/bretagne\/wp-content\/uploads\/sites\/3\/2019\/02\/vincent-PINTO.jpg","type":"image\/jpeg"}],"author":"pedelmayer","twitter_card":"summary_large_image","twitter_creator":"@RE_Bretagne","twitter_site":"@RE_Bretagne","twitter_misc":{"\u00c9crit par":"pedelmayer","Dur\u00e9e de lecture estim\u00e9e":"1 minute"},"schema":{"@context":"https:\/\/schema.org","@graph":[{"@type":"Article","@id":"https:\/\/www.reseau-entreprendre.org\/bretagne\/2019\/02\/28\/reseau-entreprendre-bretagne-reprise-de-la-societe-madec\/#article","isPartOf":{"@id":"https:\/\/www.reseau-entreprendre.org\/bretagne\/2019\/02\/28\/reseau-entreprendre-bretagne-reprise-de-la-societe-madec\/"},"author":{"name":"pedelmayer","@id":"https:\/\/www.reseau-entreprendre.org\/bretagne\/#\/schema\/person\/af65b1dc52519c13860043eb80f34b19"},"headline":"R\u00e9seau Entreprendre Bretagne &#8211; Reprise de la soci\u00e9t\u00e9 MADEC","datePublished":"2019-02-28T14:41:53+00:00","dateModified":"2022-04-11T15:20:15+00:00","mainEntityOfPage":{"@id":"https:\/\/www.reseau-entreprendre.org\/bretagne\/2019\/02\/28\/reseau-entreprendre-bretagne-reprise-de-la-societe-madec\/"},"wordCount":147,"image":{"@id":"https:\/\/www.reseau-entreprendre.org\/bretagne\/2019\/02\/28\/reseau-entreprendre-bretagne-reprise-de-la-societe-madec\/#primaryimage"},"thumbnailUrl":"https:\/\/www.reseau-entreprendre.org\/bretagne\/wp-content\/uploads\/sites\/3\/2019\/02\/vincent-PINTO.jpg","keywords":["bretagne","electricit\u00e9","entreprise","finist\u00e8re","landivisiau","reprise"],"articleSection":["Actualit\u00e9s"],"inLanguage":"fr-FR"},{"@type":"WebPage","@id":"https:\/\/www.reseau-entreprendre.org\/bretagne\/2019\/02\/28\/reseau-entreprendre-bretagne-reprise-de-la-societe-madec\/","url":"https:\/\/www.reseau-entreprendre.org\/bretagne\/2019\/02\/28\/reseau-entreprendre-bretagne-reprise-de-la-societe-madec\/","name":"R\u00e9seau Entreprendre Bretagne - Reprise de la soci\u00e9t\u00e9 MADEC - R\u00e9seau Entreprendre Bretagne","isPartOf":{"@id":"https:\/\/www.reseau-entreprendre.org\/bretagne\/#website"},"primaryImageOfPage":{"@id":"https:\/\/www.reseau-entreprendre.org\/bretagne\/2019\/02\/28\/reseau-entreprendre-bretagne-reprise-de-la-societe-madec\/#primaryimage"},"image":{"@id":"https:\/\/www.reseau-entreprendre.org\/bretagne\/2019\/02\/28\/reseau-entreprendre-bretagne-reprise-de-la-societe-madec\/#primaryimage"},"thumbnailUrl":"https:\/\/www.reseau-entreprendre.org\/bretagne\/wp-content\/uploads\/sites\/3\/2019\/02\/vincent-PINTO.jpg","datePublished":"2019-02-28T14:41:53+00:00","dateModified":"2022-04-11T15:20:15+00:00","author":{"@id":"https:\/\/www.reseau-entreprendre.org\/bretagne\/#\/schema\/person\/af65b1dc52519c13860043eb80f34b19"},"breadcrumb":{"@id":"https:\/\/www.reseau-entreprendre.org\/bretagne\/2019\/02\/28\/reseau-entreprendre-bretagne-reprise-de-la-societe-madec\/#breadcrumb"},"inLanguage":"fr-FR","potentialAction":[{"@type":"ReadAction","target":["https:\/\/www.reseau-entreprendre.org\/bretagne\/2019\/02\/28\/reseau-entreprendre-bretagne-reprise-de-la-societe-madec\/"]}]},{"@type":"ImageObject","inLanguage":"fr-FR","@id":"https:\/\/www.reseau-entreprendre.org\/bretagne\/2019\/02\/28\/reseau-entreprendre-bretagne-reprise-de-la-societe-madec\/#primaryimage","url":"https:\/\/www.reseau-entreprendre.org\/bretagne\/wp-content\/uploads\/sites\/3\/2019\/02\/vincent-PINTO.jpg","contentUrl":"https:\/\/www.reseau-entreprendre.org\/bretagne\/wp-content\/uploads\/sites\/3\/2019\/02\/vincent-PINTO.jpg","width":4200,"height":2905},{"@type":"BreadcrumbList","@id":"https:\/\/www.reseau-entreprendre.org\/bretagne\/2019\/02\/28\/reseau-entreprendre-bretagne-reprise-de-la-societe-madec\/#breadcrumb","itemListElement":[{"@type":"ListItem","position":1,"name":"Accueil","item":"https:\/\/www.reseau-entreprendre.org\/bretagne\/"},{"@type":"ListItem","position":2,"name":"R\u00e9seau Entreprendre Bretagne &#8211; Reprise de la soci\u00e9t\u00e9 MADEC"}]},{"@type":"WebSite","@id":"https:\/\/www.reseau-entreprendre.org\/bretagne\/#website","url":"https:\/\/www.reseau-entreprendre.org\/bretagne\/","name":"R\u00e9seau Entreprendre Bretagne","description":"Pour cr\u00e9er des emplois, cr\u00e9ons des employeurs","potentialAction":[{"@type":"SearchAction","target":{"@type":"EntryPoint","urlTemplate":"https:\/\/www.reseau-entreprendre.org\/bretagne\/?s={search_term_string}"},"query-input":{"@type":"PropertyValueSpecification","valueRequired":true,"valueName":"search_term_string"}}],"inLanguage":"fr-FR"},{"@type":"Person","@id":"https:\/\/www.reseau-entreprendre.org\/bretagne\/#\/schema\/person\/af65b1dc52519c13860043eb80f34b19","name":"pedelmayer","image":{"@type":"ImageObject","inLanguage":"fr-FR","@id":"https:\/\/secure.gravatar.com\/avatar\/976a7d9faa36f0e7253e3479cce888c2a7253ea9e7436153395a00f3693cbfd9?s=96&d=mm&r=g","url":"https:\/\/secure.gravatar.com\/avatar\/976a7d9faa36f0e7253e3479cce888c2a7253ea9e7436153395a00f3693cbfd9?s=96&d=mm&r=g","contentUrl":"https:\/\/secure.gravatar.com\/avatar\/976a7d9faa36f0e7253e3479cce888c2a7253ea9e7436153395a00f3693cbfd9?s=96&d=mm&r=g","caption":"pedelmayer"},"url":"https:\/\/www.reseau-entreprendre.org\/bretagne\/author\/edelmayer\/"}]}},"_links":{"self":[{"href":"https:\/\/www.reseau-entreprendre.org\/bretagne\/wp-json\/wp\/v2\/posts\/1739","targetHints":{"allow":["GET"]}}],"collection":[{"href":"https:\/\/www.reseau-entreprendre.org\/bretagne\/wp-json\/wp\/v2\/posts"}],"about":[{"href":"https:\/\/www.reseau-entreprendre.org\/bretagne\/wp-json\/wp\/v2\/types\/post"}],"author":[{"embeddable":true,"href":"https:\/\/www.reseau-entreprendre.org\/bretagne\/wp-json\/wp\/v2\/users\/90"}],"replies":[{"embeddable":true,"href":"https:\/\/www.reseau-entreprendre.org\/bretagne\/wp-json\/wp\/v2\/comments?post=1739"}],"version-history":[{"count":0,"href":"https:\/\/www.reseau-entreprendre.org\/bretagne\/wp-json\/wp\/v2\/posts\/1739\/revisions"}],"wp:featuredmedia":[{"embeddable":true,"href":"https:\/\/www.reseau-entreprendre.org\/bretagne\/wp-json\/wp\/v2\/media\/1712"}],"wp:attachment":[{"href":"https:\/\/www.reseau-entreprendre.org\/bretagne\/wp-json\/wp\/v2\/media?parent=1739"}],"wp:term":[{"taxonomy":"category","embeddable":true,"href":"https:\/\/www.reseau-entreprendre.org\/bretagne\/wp-json\/wp\/v2\/categories?post=1739"},{"taxonomy":"post_tag","embeddable":true,"href":"https:\/\/www.reseau-entreprendre.org\/bretagne\/wp-json\/wp\/v2\/tags?post=1739"}],"curies":[{"name":"wp","href":"https:\/\/api.w.org\/{rel}","templated":true}]}}