{"id":1762,"date":"2019-03-27T09:46:03","date_gmt":"2019-03-27T08:46:03","guid":{"rendered":"https:\/\/www.reseau-entreprendre.org\/bretagne\/?p=1762"},"modified":"2022-04-11T17:20:15","modified_gmt":"2022-04-11T15:20:15","slug":"laccompagne-devient-laccompagnant","status":"publish","type":"post","link":"https:\/\/www.reseau-entreprendre.org\/bretagne\/2019\/03\/27\/laccompagne-devient-laccompagnant\/","title":{"rendered":"L&#8217;Accompagn\u00e9 devient l&#8217;Accompagnant !"},"content":{"rendered":"<h2>L&#8217;Accompagn\u00e9 devient l&#8217;Accompagnant !<\/h2>\n<h4>Ludovic CORVOL dirigeant de l&#8217;entreprise ROUSSEAU EQUIPEMENTS \u00e0 Lanrodec (22), Laur\u00e9at du R\u00e9seau Entreprendre Bretagne en 2017, accompagnera pendant un an William DIBAS, Laur\u00e9at du programme PHAR de la r\u00e9gion Bretagne pour les entreprises innovantes.<\/h4>\n<p>&nbsp;<\/p>\n<p><img loading=\"lazy\" decoding=\"async\" class=\" wp-image-1763 alignleft\" src=\"https:\/\/www.reseau-entreprendre.org\/bretagne\/wp-content\/uploads\/sites\/3\/2019\/03\/ROUSSEAU_Plan-de-travail-1-300x200.jpg\" alt=\"\" width=\"350\" height=\"233\" srcset=\"https:\/\/www.reseau-entreprendre.org\/bretagne\/wp-content\/uploads\/sites\/3\/2019\/03\/ROUSSEAU_Plan-de-travail-1-300x200.jpg 300w, https:\/\/www.reseau-entreprendre.org\/bretagne\/wp-content\/uploads\/sites\/3\/2019\/03\/ROUSSEAU_Plan-de-travail-1-768x512.jpg 768w, https:\/\/www.reseau-entreprendre.org\/bretagne\/wp-content\/uploads\/sites\/3\/2019\/03\/ROUSSEAU_Plan-de-travail-1-1024x683.jpg 1024w\" sizes=\"auto, (max-width: 350px) 100vw, 350px\" \/>C&#8217;est tout d&#8217;abord une rencontre fortuite, provoqu\u00e9e \u00e0 la demande du R\u00e9seau&#8230; Ludovic, souhaiterais-tu accompagner un jeune entrepreneur?<\/p>\n<p>Et nous voil\u00e0, William et moi, le mois suivant chez ROUSSEAU pour faire connaissance et d\u00e9couvrir l&#8217;univers de Ludovic. Un moment simple, convivial et tellement riche humainement.<\/p>\n<p><strong>Ludovic CORVOL<\/strong>, apr\u00e8s une carri\u00e8re \u00e0 l&#8217;international chez RENAULT, a rachet\u00e9 l&#8217;entreprise ROUSSEAU en 2017, l&#8217;une des entreprises leaders fran\u00e7aises du march\u00e9 de l&#8217;\u00e9quipement routier et ferroviaire sur ouvrages d\u2019art. Sur son site de production de pr\u00e8s de 4400m2, ses \u00e9quipes con\u00e7oivent et fabriquent des garde-corps, des barri\u00e8res de s\u00e9curit\u00e9 pour les ponts et viaducs en France et \u00e0 l\u2019international.<\/p>\n<p><strong>William DIBAS<\/strong>, ing\u00e9nieur logiciels et r\u00e9seaux informatiques, a d\u00e9velopp\u00e9 une Solution web de Gestion RH sp\u00e9cialis\u00e9e dans le Suivi des temps. G\u00e9n\u00e9ralement, les donn\u00e9es historiques d&#8217;un planning sont peu exploit\u00e9es, voire pas du tout, or elles permettent de suivre dans le temps l&#8217;\u00e9volution des activit\u00e9s. La Solution JourOFF s&#8217;appuie sur le Planning pour alimenter de fa\u00e7on intuitive, un tableau de bord de suivi d&#8217;activit\u00e9. La gestion des activit\u00e9s est donc directement combin\u00e9e aux outils de planification.<\/p>\n<p>Dans le cadre du dispositif PHAR, le coaching \u00a0se centre sur l\u2019apprentissage du m\u00e9tier de Chef d\u2019entreprise par le porteur de projet. Le Coach intervient en phases de d\u00e9veloppement et de finalisation du projet pour mettre en perspective le march\u00e9 et le management d\u2019une entreprise. Il accompagne les porteurs de projet dans la transition structurelle et culturelle : id\u00e9e, projet, entreprise.<\/p>\n<p>Ludovic et William sont d\u00e9sormais li\u00e9s&#8230; et nous leur souhaitons pour le Meilleur !<\/p>\n","protected":false},"excerpt":{"rendered":"<p>L&#8217;Accompagn\u00e9 devient l&#8217;Accompagnant ! Ludovic CORVOL dirigeant de l&#8217;entreprise ROUSSEAU<\/p>\n","protected":false},"author":106,"featured_media":1763,"comment_status":"closed","ping_status":"open","sticky":false,"template":"","format":"standard","meta":{"_acf_changed":false,"_monsterinsights_skip_tracking":false,"_monsterinsights_sitenote_active":false,"_monsterinsights_sitenote_note":"","_monsterinsights_sitenote_category":0,"footnotes":""},"categories":[4],"tags":[],"class_list":["post-1762","post","type-post","status-publish","format-standard","has-post-thumbnail","hentry","category-actualites","news"],"acf":[],"yoast_head":"<!-- This site is optimized with the Yoast SEO plugin v27.4 - https:\/\/yoast.com\/product\/yoast-seo-wordpress\/ -->\n<title>L&#039;Accompagn\u00e9 devient l&#039;Accompagnant ! - R\u00e9seau Entreprendre Bretagne<\/title>\n<meta name=\"robots\" content=\"index, follow, max-snippet:-1, max-image-preview:large, max-video-preview:-1\" \/>\n<link rel=\"canonical\" href=\"https:\/\/www.reseau-entreprendre.org\/bretagne\/2019\/03\/27\/laccompagne-devient-laccompagnant\/\" \/>\n<meta property=\"og:locale\" content=\"fr_FR\" \/>\n<meta property=\"og:type\" content=\"article\" \/>\n<meta property=\"og:title\" content=\"L&#039;Accompagn\u00e9 devient l&#039;Accompagnant ! - R\u00e9seau Entreprendre Bretagne\" \/>\n<meta property=\"og:description\" content=\"L&#8217;Accompagn\u00e9 devient l&#8217;Accompagnant ! Ludovic CORVOL dirigeant de l&#8217;entreprise ROUSSEAU\" \/>\n<meta property=\"og:url\" content=\"https:\/\/www.reseau-entreprendre.org\/bretagne\/2019\/03\/27\/laccompagne-devient-laccompagnant\/\" \/>\n<meta property=\"og:site_name\" content=\"R\u00e9seau Entreprendre Bretagne\" \/>\n<meta property=\"article:publisher\" content=\"https:\/\/www.facebook.com\/reseauentreprendrebretagne\/\" \/>\n<meta property=\"article:published_time\" content=\"2019-03-27T08:46:03+00:00\" \/>\n<meta property=\"article:modified_time\" content=\"2022-04-11T15:20:15+00:00\" \/>\n<meta property=\"og:image\" content=\"https:\/\/www.reseau-entreprendre.org\/bretagne\/wp-content\/uploads\/sites\/3\/2019\/03\/ROUSSEAU_Plan-de-travail-1.jpg\" \/>\n\t<meta property=\"og:image:width\" content=\"2481\" \/>\n\t<meta property=\"og:image:height\" content=\"1654\" \/>\n\t<meta property=\"og:image:type\" content=\"image\/jpeg\" \/>\n<meta name=\"author\" content=\"gollivro\" \/>\n<meta name=\"twitter:card\" content=\"summary_large_image\" \/>\n<meta name=\"twitter:creator\" content=\"@RE_Bretagne\" \/>\n<meta name=\"twitter:site\" content=\"@RE_Bretagne\" \/>\n<meta name=\"twitter:label1\" content=\"\u00c9crit par\" \/>\n\t<meta name=\"twitter:data1\" content=\"gollivro\" \/>\n\t<meta name=\"twitter:label2\" content=\"Dur\u00e9e de lecture estim\u00e9e\" \/>\n\t<meta name=\"twitter:data2\" content=\"2 minutes\" \/>\n<script type=\"application\/ld+json\" class=\"yoast-schema-graph\">{\"@context\":\"https:\\\/\\\/schema.org\",\"@graph\":[{\"@type\":\"Article\",\"@id\":\"https:\\\/\\\/www.reseau-entreprendre.org\\\/bretagne\\\/2019\\\/03\\\/27\\\/laccompagne-devient-laccompagnant\\\/#article\",\"isPartOf\":{\"@id\":\"https:\\\/\\\/www.reseau-entreprendre.org\\\/bretagne\\\/2019\\\/03\\\/27\\\/laccompagne-devient-laccompagnant\\\/\"},\"author\":{\"name\":\"gollivro\",\"@id\":\"https:\\\/\\\/www.reseau-entreprendre.org\\\/bretagne\\\/#\\\/schema\\\/person\\\/b60cb74cd9b4f800a802c1c5bcb49e5a\"},\"headline\":\"L&#8217;Accompagn\u00e9 devient l&#8217;Accompagnant !\",\"datePublished\":\"2019-03-27T08:46:03+00:00\",\"dateModified\":\"2022-04-11T15:20:15+00:00\",\"mainEntityOfPage\":{\"@id\":\"https:\\\/\\\/www.reseau-entreprendre.org\\\/bretagne\\\/2019\\\/03\\\/27\\\/laccompagne-devient-laccompagnant\\\/\"},\"wordCount\":342,\"image\":{\"@id\":\"https:\\\/\\\/www.reseau-entreprendre.org\\\/bretagne\\\/2019\\\/03\\\/27\\\/laccompagne-devient-laccompagnant\\\/#primaryimage\"},\"thumbnailUrl\":\"https:\\\/\\\/www.reseau-entreprendre.org\\\/bretagne\\\/wp-content\\\/uploads\\\/sites\\\/3\\\/2019\\\/03\\\/ROUSSEAU_Plan-de-travail-1.jpg\",\"articleSection\":[\"Actualit\u00e9s\"],\"inLanguage\":\"fr-FR\"},{\"@type\":\"WebPage\",\"@id\":\"https:\\\/\\\/www.reseau-entreprendre.org\\\/bretagne\\\/2019\\\/03\\\/27\\\/laccompagne-devient-laccompagnant\\\/\",\"url\":\"https:\\\/\\\/www.reseau-entreprendre.org\\\/bretagne\\\/2019\\\/03\\\/27\\\/laccompagne-devient-laccompagnant\\\/\",\"name\":\"L'Accompagn\u00e9 devient l'Accompagnant ! - R\u00e9seau Entreprendre Bretagne\",\"isPartOf\":{\"@id\":\"https:\\\/\\\/www.reseau-entreprendre.org\\\/bretagne\\\/#website\"},\"primaryImageOfPage\":{\"@id\":\"https:\\\/\\\/www.reseau-entreprendre.org\\\/bretagne\\\/2019\\\/03\\\/27\\\/laccompagne-devient-laccompagnant\\\/#primaryimage\"},\"image\":{\"@id\":\"https:\\\/\\\/www.reseau-entreprendre.org\\\/bretagne\\\/2019\\\/03\\\/27\\\/laccompagne-devient-laccompagnant\\\/#primaryimage\"},\"thumbnailUrl\":\"https:\\\/\\\/www.reseau-entreprendre.org\\\/bretagne\\\/wp-content\\\/uploads\\\/sites\\\/3\\\/2019\\\/03\\\/ROUSSEAU_Plan-de-travail-1.jpg\",\"datePublished\":\"2019-03-27T08:46:03+00:00\",\"dateModified\":\"2022-04-11T15:20:15+00:00\",\"author\":{\"@id\":\"https:\\\/\\\/www.reseau-entreprendre.org\\\/bretagne\\\/#\\\/schema\\\/person\\\/b60cb74cd9b4f800a802c1c5bcb49e5a\"},\"breadcrumb\":{\"@id\":\"https:\\\/\\\/www.reseau-entreprendre.org\\\/bretagne\\\/2019\\\/03\\\/27\\\/laccompagne-devient-laccompagnant\\\/#breadcrumb\"},\"inLanguage\":\"fr-FR\",\"potentialAction\":[{\"@type\":\"ReadAction\",\"target\":[\"https:\\\/\\\/www.reseau-entreprendre.org\\\/bretagne\\\/2019\\\/03\\\/27\\\/laccompagne-devient-laccompagnant\\\/\"]}]},{\"@type\":\"ImageObject\",\"inLanguage\":\"fr-FR\",\"@id\":\"https:\\\/\\\/www.reseau-entreprendre.org\\\/bretagne\\\/2019\\\/03\\\/27\\\/laccompagne-devient-laccompagnant\\\/#primaryimage\",\"url\":\"https:\\\/\\\/www.reseau-entreprendre.org\\\/bretagne\\\/wp-content\\\/uploads\\\/sites\\\/3\\\/2019\\\/03\\\/ROUSSEAU_Plan-de-travail-1.jpg\",\"contentUrl\":\"https:\\\/\\\/www.reseau-entreprendre.org\\\/bretagne\\\/wp-content\\\/uploads\\\/sites\\\/3\\\/2019\\\/03\\\/ROUSSEAU_Plan-de-travail-1.jpg\",\"width\":2481,\"height\":1654},{\"@type\":\"BreadcrumbList\",\"@id\":\"https:\\\/\\\/www.reseau-entreprendre.org\\\/bretagne\\\/2019\\\/03\\\/27\\\/laccompagne-devient-laccompagnant\\\/#breadcrumb\",\"itemListElement\":[{\"@type\":\"ListItem\",\"position\":1,\"name\":\"Accueil\",\"item\":\"https:\\\/\\\/www.reseau-entreprendre.org\\\/bretagne\\\/\"},{\"@type\":\"ListItem\",\"position\":2,\"name\":\"L&rsquo;Accompagn\u00e9 devient l&rsquo;Accompagnant !\"}]},{\"@type\":\"WebSite\",\"@id\":\"https:\\\/\\\/www.reseau-entreprendre.org\\\/bretagne\\\/#website\",\"url\":\"https:\\\/\\\/www.reseau-entreprendre.org\\\/bretagne\\\/\",\"name\":\"R\u00e9seau Entreprendre Bretagne\",\"description\":\"Pour cr\u00e9er des emplois, cr\u00e9ons des employeurs\",\"potentialAction\":[{\"@type\":\"SearchAction\",\"target\":{\"@type\":\"EntryPoint\",\"urlTemplate\":\"https:\\\/\\\/www.reseau-entreprendre.org\\\/bretagne\\\/?s={search_term_string}\"},\"query-input\":{\"@type\":\"PropertyValueSpecification\",\"valueRequired\":true,\"valueName\":\"search_term_string\"}}],\"inLanguage\":\"fr-FR\"},{\"@type\":\"Person\",\"@id\":\"https:\\\/\\\/www.reseau-entreprendre.org\\\/bretagne\\\/#\\\/schema\\\/person\\\/b60cb74cd9b4f800a802c1c5bcb49e5a\",\"name\":\"gollivro\",\"image\":{\"@type\":\"ImageObject\",\"inLanguage\":\"fr-FR\",\"@id\":\"https:\\\/\\\/secure.gravatar.com\\\/avatar\\\/0039101dddd706b4fbaad4896bd81ba8b7373bc55617aa37134859b0b8a343c8?s=96&d=mm&r=g\",\"url\":\"https:\\\/\\\/secure.gravatar.com\\\/avatar\\\/0039101dddd706b4fbaad4896bd81ba8b7373bc55617aa37134859b0b8a343c8?s=96&d=mm&r=g\",\"contentUrl\":\"https:\\\/\\\/secure.gravatar.com\\\/avatar\\\/0039101dddd706b4fbaad4896bd81ba8b7373bc55617aa37134859b0b8a343c8?s=96&d=mm&r=g\",\"caption\":\"gollivro\"},\"url\":\"https:\\\/\\\/www.reseau-entreprendre.org\\\/bretagne\\\/author\\\/ollivro\\\/\"}]}<\/script>\n<!-- \/ Yoast SEO plugin. -->","yoast_head_json":{"title":"L'Accompagn\u00e9 devient l'Accompagnant ! - R\u00e9seau Entreprendre Bretagne","robots":{"index":"index","follow":"follow","max-snippet":"max-snippet:-1","max-image-preview":"max-image-preview:large","max-video-preview":"max-video-preview:-1"},"canonical":"https:\/\/www.reseau-entreprendre.org\/bretagne\/2019\/03\/27\/laccompagne-devient-laccompagnant\/","og_locale":"fr_FR","og_type":"article","og_title":"L'Accompagn\u00e9 devient l'Accompagnant ! - R\u00e9seau Entreprendre Bretagne","og_description":"L&#8217;Accompagn\u00e9 devient l&#8217;Accompagnant ! Ludovic CORVOL dirigeant de l&#8217;entreprise ROUSSEAU","og_url":"https:\/\/www.reseau-entreprendre.org\/bretagne\/2019\/03\/27\/laccompagne-devient-laccompagnant\/","og_site_name":"R\u00e9seau Entreprendre Bretagne","article_publisher":"https:\/\/www.facebook.com\/reseauentreprendrebretagne\/","article_published_time":"2019-03-27T08:46:03+00:00","article_modified_time":"2022-04-11T15:20:15+00:00","og_image":[{"width":2481,"height":1654,"url":"https:\/\/www.reseau-entreprendre.org\/bretagne\/wp-content\/uploads\/sites\/3\/2019\/03\/ROUSSEAU_Plan-de-travail-1.jpg","type":"image\/jpeg"}],"author":"gollivro","twitter_card":"summary_large_image","twitter_creator":"@RE_Bretagne","twitter_site":"@RE_Bretagne","twitter_misc":{"\u00c9crit par":"gollivro","Dur\u00e9e de lecture estim\u00e9e":"2 minutes"},"schema":{"@context":"https:\/\/schema.org","@graph":[{"@type":"Article","@id":"https:\/\/www.reseau-entreprendre.org\/bretagne\/2019\/03\/27\/laccompagne-devient-laccompagnant\/#article","isPartOf":{"@id":"https:\/\/www.reseau-entreprendre.org\/bretagne\/2019\/03\/27\/laccompagne-devient-laccompagnant\/"},"author":{"name":"gollivro","@id":"https:\/\/www.reseau-entreprendre.org\/bretagne\/#\/schema\/person\/b60cb74cd9b4f800a802c1c5bcb49e5a"},"headline":"L&#8217;Accompagn\u00e9 devient l&#8217;Accompagnant !","datePublished":"2019-03-27T08:46:03+00:00","dateModified":"2022-04-11T15:20:15+00:00","mainEntityOfPage":{"@id":"https:\/\/www.reseau-entreprendre.org\/bretagne\/2019\/03\/27\/laccompagne-devient-laccompagnant\/"},"wordCount":342,"image":{"@id":"https:\/\/www.reseau-entreprendre.org\/bretagne\/2019\/03\/27\/laccompagne-devient-laccompagnant\/#primaryimage"},"thumbnailUrl":"https:\/\/www.reseau-entreprendre.org\/bretagne\/wp-content\/uploads\/sites\/3\/2019\/03\/ROUSSEAU_Plan-de-travail-1.jpg","articleSection":["Actualit\u00e9s"],"inLanguage":"fr-FR"},{"@type":"WebPage","@id":"https:\/\/www.reseau-entreprendre.org\/bretagne\/2019\/03\/27\/laccompagne-devient-laccompagnant\/","url":"https:\/\/www.reseau-entreprendre.org\/bretagne\/2019\/03\/27\/laccompagne-devient-laccompagnant\/","name":"L'Accompagn\u00e9 devient l'Accompagnant ! - R\u00e9seau Entreprendre Bretagne","isPartOf":{"@id":"https:\/\/www.reseau-entreprendre.org\/bretagne\/#website"},"primaryImageOfPage":{"@id":"https:\/\/www.reseau-entreprendre.org\/bretagne\/2019\/03\/27\/laccompagne-devient-laccompagnant\/#primaryimage"},"image":{"@id":"https:\/\/www.reseau-entreprendre.org\/bretagne\/2019\/03\/27\/laccompagne-devient-laccompagnant\/#primaryimage"},"thumbnailUrl":"https:\/\/www.reseau-entreprendre.org\/bretagne\/wp-content\/uploads\/sites\/3\/2019\/03\/ROUSSEAU_Plan-de-travail-1.jpg","datePublished":"2019-03-27T08:46:03+00:00","dateModified":"2022-04-11T15:20:15+00:00","author":{"@id":"https:\/\/www.reseau-entreprendre.org\/bretagne\/#\/schema\/person\/b60cb74cd9b4f800a802c1c5bcb49e5a"},"breadcrumb":{"@id":"https:\/\/www.reseau-entreprendre.org\/bretagne\/2019\/03\/27\/laccompagne-devient-laccompagnant\/#breadcrumb"},"inLanguage":"fr-FR","potentialAction":[{"@type":"ReadAction","target":["https:\/\/www.reseau-entreprendre.org\/bretagne\/2019\/03\/27\/laccompagne-devient-laccompagnant\/"]}]},{"@type":"ImageObject","inLanguage":"fr-FR","@id":"https:\/\/www.reseau-entreprendre.org\/bretagne\/2019\/03\/27\/laccompagne-devient-laccompagnant\/#primaryimage","url":"https:\/\/www.reseau-entreprendre.org\/bretagne\/wp-content\/uploads\/sites\/3\/2019\/03\/ROUSSEAU_Plan-de-travail-1.jpg","contentUrl":"https:\/\/www.reseau-entreprendre.org\/bretagne\/wp-content\/uploads\/sites\/3\/2019\/03\/ROUSSEAU_Plan-de-travail-1.jpg","width":2481,"height":1654},{"@type":"BreadcrumbList","@id":"https:\/\/www.reseau-entreprendre.org\/bretagne\/2019\/03\/27\/laccompagne-devient-laccompagnant\/#breadcrumb","itemListElement":[{"@type":"ListItem","position":1,"name":"Accueil","item":"https:\/\/www.reseau-entreprendre.org\/bretagne\/"},{"@type":"ListItem","position":2,"name":"L&rsquo;Accompagn\u00e9 devient l&rsquo;Accompagnant !"}]},{"@type":"WebSite","@id":"https:\/\/www.reseau-entreprendre.org\/bretagne\/#website","url":"https:\/\/www.reseau-entreprendre.org\/bretagne\/","name":"R\u00e9seau Entreprendre Bretagne","description":"Pour cr\u00e9er des emplois, cr\u00e9ons des employeurs","potentialAction":[{"@type":"SearchAction","target":{"@type":"EntryPoint","urlTemplate":"https:\/\/www.reseau-entreprendre.org\/bretagne\/?s={search_term_string}"},"query-input":{"@type":"PropertyValueSpecification","valueRequired":true,"valueName":"search_term_string"}}],"inLanguage":"fr-FR"},{"@type":"Person","@id":"https:\/\/www.reseau-entreprendre.org\/bretagne\/#\/schema\/person\/b60cb74cd9b4f800a802c1c5bcb49e5a","name":"gollivro","image":{"@type":"ImageObject","inLanguage":"fr-FR","@id":"https:\/\/secure.gravatar.com\/avatar\/0039101dddd706b4fbaad4896bd81ba8b7373bc55617aa37134859b0b8a343c8?s=96&d=mm&r=g","url":"https:\/\/secure.gravatar.com\/avatar\/0039101dddd706b4fbaad4896bd81ba8b7373bc55617aa37134859b0b8a343c8?s=96&d=mm&r=g","contentUrl":"https:\/\/secure.gravatar.com\/avatar\/0039101dddd706b4fbaad4896bd81ba8b7373bc55617aa37134859b0b8a343c8?s=96&d=mm&r=g","caption":"gollivro"},"url":"https:\/\/www.reseau-entreprendre.org\/bretagne\/author\/ollivro\/"}]}},"_links":{"self":[{"href":"https:\/\/www.reseau-entreprendre.org\/bretagne\/wp-json\/wp\/v2\/posts\/1762","targetHints":{"allow":["GET"]}}],"collection":[{"href":"https:\/\/www.reseau-entreprendre.org\/bretagne\/wp-json\/wp\/v2\/posts"}],"about":[{"href":"https:\/\/www.reseau-entreprendre.org\/bretagne\/wp-json\/wp\/v2\/types\/post"}],"author":[{"embeddable":true,"href":"https:\/\/www.reseau-entreprendre.org\/bretagne\/wp-json\/wp\/v2\/users\/106"}],"replies":[{"embeddable":true,"href":"https:\/\/www.reseau-entreprendre.org\/bretagne\/wp-json\/wp\/v2\/comments?post=1762"}],"version-history":[{"count":0,"href":"https:\/\/www.reseau-entreprendre.org\/bretagne\/wp-json\/wp\/v2\/posts\/1762\/revisions"}],"wp:featuredmedia":[{"embeddable":true,"href":"https:\/\/www.reseau-entreprendre.org\/bretagne\/wp-json\/wp\/v2\/media\/1763"}],"wp:attachment":[{"href":"https:\/\/www.reseau-entreprendre.org\/bretagne\/wp-json\/wp\/v2\/media?parent=1762"}],"wp:term":[{"taxonomy":"category","embeddable":true,"href":"https:\/\/www.reseau-entreprendre.org\/bretagne\/wp-json\/wp\/v2\/categories?post=1762"},{"taxonomy":"post_tag","embeddable":true,"href":"https:\/\/www.reseau-entreprendre.org\/bretagne\/wp-json\/wp\/v2\/tags?post=1762"}],"curies":[{"name":"wp","href":"https:\/\/api.w.org\/{rel}","templated":true}]}}