{"id":1809,"date":"2019-04-09T14:51:02","date_gmt":"2019-04-09T12:51:02","guid":{"rendered":"https:\/\/www.reseau-entreprendre.org\/bretagne\/?p=1809"},"modified":"2022-04-11T17:20:15","modified_gmt":"2022-04-11T15:20:15","slug":"club-des-laureates-finistere","status":"publish","type":"post","link":"https:\/\/www.reseau-entreprendre.org\/bretagne\/2019\/04\/09\/club-des-laureates-finistere\/","title":{"rendered":"Club des laur\u00e9ates Finist\u00e8re"},"content":{"rendered":"<p>A l&#8217;ouest du nouveau !<\/p>\n<p>C&#8217;est assez rare pour le signaler :\u00a0<span style=\"font-size: 1rem\">nous nous sommes r\u00e9unis\u00a0<\/span><span style=\"font-size: 1rem\">po<\/span><span style=\"font-size: 1rem\">ur un club des laur\u00e9ats exclusivement f\u00e9minin.<\/span><\/p>\n<p>&#8230;Thomas a sauv\u00e9 la gente masculine en arrivant un peu plus tard.<\/p>\n<p><span style=\"font-size: 1rem\">Ce 9 avril 2019 de 9 heure \u00e0 11 heure, le club 29 a travaill\u00e9, en co-d\u00e9veloppement, sur la belle entreprise &#8220;Muse and Marlowe&#8221;.<\/span><\/p>\n<p><span style=\"font-size: 1rem\"> Mr Jean-Fran\u00e7ois J\u00e9gu,\u00a0 repr\u00e9sentant de la CARSAT Bretagne, est intervenu de 11h \u00e0 14h pour un expos\u00e9 pragmatique et appr\u00e9ci\u00e9 sur le risque en entreprise.<\/span><\/p>\n<p><span style=\"font-size: 1rem\">Cette intervention compl\u00e9tait celle r\u00e9alis\u00e9e lors du club de Mars 2019 d\u00e9di\u00e9e \u00e0 l&#8217;importance de mettre en place le document unique. Ce document obligatoire permet de mesurer les risques inh\u00e9rents \u00e0 l&#8217;activit\u00e9 professionnelle.<\/span><\/p>\n<figure id=\"attachment_1815\" aria-describedby=\"caption-attachment-1815\" style=\"width: 300px\" class=\"wp-caption alignnone\"><img loading=\"lazy\" decoding=\"async\" class=\"size-medium wp-image-1815\" src=\"https:\/\/www.reseau-entreprendre.org\/bretagne\/wp-content\/uploads\/sites\/3\/2019\/04\/20190409_091135-300x196.jpg\" alt=\"\" width=\"300\" height=\"196\" srcset=\"https:\/\/www.reseau-entreprendre.org\/bretagne\/wp-content\/uploads\/sites\/3\/2019\/04\/20190409_091135-300x196.jpg 300w, https:\/\/www.reseau-entreprendre.org\/bretagne\/wp-content\/uploads\/sites\/3\/2019\/04\/20190409_091135-768x501.jpg 768w, https:\/\/www.reseau-entreprendre.org\/bretagne\/wp-content\/uploads\/sites\/3\/2019\/04\/20190409_091135-1024x668.jpg 1024w\" sizes=\"auto, (max-width: 300px) 100vw, 300px\" \/><figcaption id=\"caption-attachment-1815\" class=\"wp-caption-text\">club 29 avril 2019<\/figcaption><\/figure>\n<p>Le prochain club pr\u00e9vu \u00e0 Quimper le 7 mai sera suivi de la visite de l&#8217;entreprise CAPIC Quimper, fabricant industriel de\u00a0 mat\u00e9riel de cuisine professionnel depuis 1955.<\/p>\n<p>J&#8217;esp\u00e8re vous y retrouver !<\/p>\n<p>Philippe Edelmayer.<\/p>\n","protected":false},"excerpt":{"rendered":"<p>A l&#8217;ouest du nouveau ! C&#8217;est assez rare pour le<\/p>\n","protected":false},"author":90,"featured_media":1815,"comment_status":"closed","ping_status":"open","sticky":false,"template":"","format":"standard","meta":{"_acf_changed":false,"_monsterinsights_skip_tracking":false,"_monsterinsights_sitenote_active":false,"_monsterinsights_sitenote_note":"","_monsterinsights_sitenote_category":0,"footnotes":""},"categories":[4],"tags":[],"class_list":["post-1809","post","type-post","status-publish","format-standard","has-post-thumbnail","hentry","category-actualites","news"],"acf":[],"yoast_head":"<!-- This site is optimized with the Yoast SEO plugin v27.4 - https:\/\/yoast.com\/product\/yoast-seo-wordpress\/ -->\n<title>Club des laur\u00e9ates Finist\u00e8re - R\u00e9seau Entreprendre Bretagne<\/title>\n<meta name=\"robots\" content=\"index, follow, max-snippet:-1, max-image-preview:large, max-video-preview:-1\" \/>\n<link rel=\"canonical\" href=\"https:\/\/www.reseau-entreprendre.org\/bretagne\/2019\/04\/09\/club-des-laureates-finistere\/\" \/>\n<meta property=\"og:locale\" content=\"fr_FR\" \/>\n<meta property=\"og:type\" content=\"article\" \/>\n<meta property=\"og:title\" content=\"Club des laur\u00e9ates Finist\u00e8re - R\u00e9seau Entreprendre Bretagne\" \/>\n<meta property=\"og:description\" content=\"A l&#8217;ouest du nouveau ! C&#8217;est assez rare pour le\" \/>\n<meta property=\"og:url\" content=\"https:\/\/www.reseau-entreprendre.org\/bretagne\/2019\/04\/09\/club-des-laureates-finistere\/\" \/>\n<meta property=\"og:site_name\" content=\"R\u00e9seau Entreprendre Bretagne\" \/>\n<meta property=\"article:publisher\" content=\"https:\/\/www.facebook.com\/reseauentreprendrebretagne\/\" \/>\n<meta property=\"article:published_time\" content=\"2019-04-09T12:51:02+00:00\" \/>\n<meta property=\"article:modified_time\" content=\"2022-04-11T15:20:15+00:00\" \/>\n<meta property=\"og:image\" content=\"https:\/\/www.reseau-entreprendre.org\/bretagne\/wp-content\/uploads\/sites\/3\/2019\/04\/20190409_091135.jpg\" \/>\n\t<meta property=\"og:image:width\" content=\"2598\" \/>\n\t<meta property=\"og:image:height\" content=\"1696\" \/>\n\t<meta property=\"og:image:type\" content=\"image\/jpeg\" \/>\n<meta name=\"author\" content=\"pedelmayer\" \/>\n<meta name=\"twitter:card\" content=\"summary_large_image\" \/>\n<meta name=\"twitter:creator\" content=\"@RE_Bretagne\" \/>\n<meta name=\"twitter:site\" content=\"@RE_Bretagne\" \/>\n<meta name=\"twitter:label1\" content=\"\u00c9crit par\" \/>\n\t<meta name=\"twitter:data1\" content=\"pedelmayer\" \/>\n\t<meta name=\"twitter:label2\" content=\"Dur\u00e9e de lecture estim\u00e9e\" \/>\n\t<meta name=\"twitter:data2\" content=\"1 minute\" \/>\n<script type=\"application\/ld+json\" class=\"yoast-schema-graph\">{\"@context\":\"https:\\\/\\\/schema.org\",\"@graph\":[{\"@type\":\"Article\",\"@id\":\"https:\\\/\\\/www.reseau-entreprendre.org\\\/bretagne\\\/2019\\\/04\\\/09\\\/club-des-laureates-finistere\\\/#article\",\"isPartOf\":{\"@id\":\"https:\\\/\\\/www.reseau-entreprendre.org\\\/bretagne\\\/2019\\\/04\\\/09\\\/club-des-laureates-finistere\\\/\"},\"author\":{\"name\":\"pedelmayer\",\"@id\":\"https:\\\/\\\/www.reseau-entreprendre.org\\\/bretagne\\\/#\\\/schema\\\/person\\\/af65b1dc52519c13860043eb80f34b19\"},\"headline\":\"Club des laur\u00e9ates Finist\u00e8re\",\"datePublished\":\"2019-04-09T12:51:02+00:00\",\"dateModified\":\"2022-04-11T15:20:15+00:00\",\"mainEntityOfPage\":{\"@id\":\"https:\\\/\\\/www.reseau-entreprendre.org\\\/bretagne\\\/2019\\\/04\\\/09\\\/club-des-laureates-finistere\\\/\"},\"wordCount\":174,\"image\":{\"@id\":\"https:\\\/\\\/www.reseau-entreprendre.org\\\/bretagne\\\/2019\\\/04\\\/09\\\/club-des-laureates-finistere\\\/#primaryimage\"},\"thumbnailUrl\":\"https:\\\/\\\/www.reseau-entreprendre.org\\\/bretagne\\\/wp-content\\\/uploads\\\/sites\\\/3\\\/2019\\\/04\\\/20190409_091135.jpg\",\"articleSection\":[\"Actualit\u00e9s\"],\"inLanguage\":\"fr-FR\"},{\"@type\":\"WebPage\",\"@id\":\"https:\\\/\\\/www.reseau-entreprendre.org\\\/bretagne\\\/2019\\\/04\\\/09\\\/club-des-laureates-finistere\\\/\",\"url\":\"https:\\\/\\\/www.reseau-entreprendre.org\\\/bretagne\\\/2019\\\/04\\\/09\\\/club-des-laureates-finistere\\\/\",\"name\":\"Club des laur\u00e9ates Finist\u00e8re - R\u00e9seau Entreprendre Bretagne\",\"isPartOf\":{\"@id\":\"https:\\\/\\\/www.reseau-entreprendre.org\\\/bretagne\\\/#website\"},\"primaryImageOfPage\":{\"@id\":\"https:\\\/\\\/www.reseau-entreprendre.org\\\/bretagne\\\/2019\\\/04\\\/09\\\/club-des-laureates-finistere\\\/#primaryimage\"},\"image\":{\"@id\":\"https:\\\/\\\/www.reseau-entreprendre.org\\\/bretagne\\\/2019\\\/04\\\/09\\\/club-des-laureates-finistere\\\/#primaryimage\"},\"thumbnailUrl\":\"https:\\\/\\\/www.reseau-entreprendre.org\\\/bretagne\\\/wp-content\\\/uploads\\\/sites\\\/3\\\/2019\\\/04\\\/20190409_091135.jpg\",\"datePublished\":\"2019-04-09T12:51:02+00:00\",\"dateModified\":\"2022-04-11T15:20:15+00:00\",\"author\":{\"@id\":\"https:\\\/\\\/www.reseau-entreprendre.org\\\/bretagne\\\/#\\\/schema\\\/person\\\/af65b1dc52519c13860043eb80f34b19\"},\"breadcrumb\":{\"@id\":\"https:\\\/\\\/www.reseau-entreprendre.org\\\/bretagne\\\/2019\\\/04\\\/09\\\/club-des-laureates-finistere\\\/#breadcrumb\"},\"inLanguage\":\"fr-FR\",\"potentialAction\":[{\"@type\":\"ReadAction\",\"target\":[\"https:\\\/\\\/www.reseau-entreprendre.org\\\/bretagne\\\/2019\\\/04\\\/09\\\/club-des-laureates-finistere\\\/\"]}]},{\"@type\":\"ImageObject\",\"inLanguage\":\"fr-FR\",\"@id\":\"https:\\\/\\\/www.reseau-entreprendre.org\\\/bretagne\\\/2019\\\/04\\\/09\\\/club-des-laureates-finistere\\\/#primaryimage\",\"url\":\"https:\\\/\\\/www.reseau-entreprendre.org\\\/bretagne\\\/wp-content\\\/uploads\\\/sites\\\/3\\\/2019\\\/04\\\/20190409_091135.jpg\",\"contentUrl\":\"https:\\\/\\\/www.reseau-entreprendre.org\\\/bretagne\\\/wp-content\\\/uploads\\\/sites\\\/3\\\/2019\\\/04\\\/20190409_091135.jpg\",\"width\":2598,\"height\":1696,\"caption\":\"club 29 avril 2019\"},{\"@type\":\"BreadcrumbList\",\"@id\":\"https:\\\/\\\/www.reseau-entreprendre.org\\\/bretagne\\\/2019\\\/04\\\/09\\\/club-des-laureates-finistere\\\/#breadcrumb\",\"itemListElement\":[{\"@type\":\"ListItem\",\"position\":1,\"name\":\"Accueil\",\"item\":\"https:\\\/\\\/www.reseau-entreprendre.org\\\/bretagne\\\/\"},{\"@type\":\"ListItem\",\"position\":2,\"name\":\"Club des laur\u00e9ates Finist\u00e8re\"}]},{\"@type\":\"WebSite\",\"@id\":\"https:\\\/\\\/www.reseau-entreprendre.org\\\/bretagne\\\/#website\",\"url\":\"https:\\\/\\\/www.reseau-entreprendre.org\\\/bretagne\\\/\",\"name\":\"R\u00e9seau Entreprendre Bretagne\",\"description\":\"Pour cr\u00e9er des emplois, cr\u00e9ons des employeurs\",\"potentialAction\":[{\"@type\":\"SearchAction\",\"target\":{\"@type\":\"EntryPoint\",\"urlTemplate\":\"https:\\\/\\\/www.reseau-entreprendre.org\\\/bretagne\\\/?s={search_term_string}\"},\"query-input\":{\"@type\":\"PropertyValueSpecification\",\"valueRequired\":true,\"valueName\":\"search_term_string\"}}],\"inLanguage\":\"fr-FR\"},{\"@type\":\"Person\",\"@id\":\"https:\\\/\\\/www.reseau-entreprendre.org\\\/bretagne\\\/#\\\/schema\\\/person\\\/af65b1dc52519c13860043eb80f34b19\",\"name\":\"pedelmayer\",\"image\":{\"@type\":\"ImageObject\",\"inLanguage\":\"fr-FR\",\"@id\":\"https:\\\/\\\/secure.gravatar.com\\\/avatar\\\/976a7d9faa36f0e7253e3479cce888c2a7253ea9e7436153395a00f3693cbfd9?s=96&d=mm&r=g\",\"url\":\"https:\\\/\\\/secure.gravatar.com\\\/avatar\\\/976a7d9faa36f0e7253e3479cce888c2a7253ea9e7436153395a00f3693cbfd9?s=96&d=mm&r=g\",\"contentUrl\":\"https:\\\/\\\/secure.gravatar.com\\\/avatar\\\/976a7d9faa36f0e7253e3479cce888c2a7253ea9e7436153395a00f3693cbfd9?s=96&d=mm&r=g\",\"caption\":\"pedelmayer\"},\"url\":\"https:\\\/\\\/www.reseau-entreprendre.org\\\/bretagne\\\/author\\\/edelmayer\\\/\"}]}<\/script>\n<!-- \/ Yoast SEO plugin. -->","yoast_head_json":{"title":"Club des laur\u00e9ates Finist\u00e8re - R\u00e9seau Entreprendre Bretagne","robots":{"index":"index","follow":"follow","max-snippet":"max-snippet:-1","max-image-preview":"max-image-preview:large","max-video-preview":"max-video-preview:-1"},"canonical":"https:\/\/www.reseau-entreprendre.org\/bretagne\/2019\/04\/09\/club-des-laureates-finistere\/","og_locale":"fr_FR","og_type":"article","og_title":"Club des laur\u00e9ates Finist\u00e8re - R\u00e9seau Entreprendre Bretagne","og_description":"A l&#8217;ouest du nouveau ! C&#8217;est assez rare pour le","og_url":"https:\/\/www.reseau-entreprendre.org\/bretagne\/2019\/04\/09\/club-des-laureates-finistere\/","og_site_name":"R\u00e9seau Entreprendre Bretagne","article_publisher":"https:\/\/www.facebook.com\/reseauentreprendrebretagne\/","article_published_time":"2019-04-09T12:51:02+00:00","article_modified_time":"2022-04-11T15:20:15+00:00","og_image":[{"width":2598,"height":1696,"url":"https:\/\/www.reseau-entreprendre.org\/bretagne\/wp-content\/uploads\/sites\/3\/2019\/04\/20190409_091135.jpg","type":"image\/jpeg"}],"author":"pedelmayer","twitter_card":"summary_large_image","twitter_creator":"@RE_Bretagne","twitter_site":"@RE_Bretagne","twitter_misc":{"\u00c9crit par":"pedelmayer","Dur\u00e9e de lecture estim\u00e9e":"1 minute"},"schema":{"@context":"https:\/\/schema.org","@graph":[{"@type":"Article","@id":"https:\/\/www.reseau-entreprendre.org\/bretagne\/2019\/04\/09\/club-des-laureates-finistere\/#article","isPartOf":{"@id":"https:\/\/www.reseau-entreprendre.org\/bretagne\/2019\/04\/09\/club-des-laureates-finistere\/"},"author":{"name":"pedelmayer","@id":"https:\/\/www.reseau-entreprendre.org\/bretagne\/#\/schema\/person\/af65b1dc52519c13860043eb80f34b19"},"headline":"Club des laur\u00e9ates Finist\u00e8re","datePublished":"2019-04-09T12:51:02+00:00","dateModified":"2022-04-11T15:20:15+00:00","mainEntityOfPage":{"@id":"https:\/\/www.reseau-entreprendre.org\/bretagne\/2019\/04\/09\/club-des-laureates-finistere\/"},"wordCount":174,"image":{"@id":"https:\/\/www.reseau-entreprendre.org\/bretagne\/2019\/04\/09\/club-des-laureates-finistere\/#primaryimage"},"thumbnailUrl":"https:\/\/www.reseau-entreprendre.org\/bretagne\/wp-content\/uploads\/sites\/3\/2019\/04\/20190409_091135.jpg","articleSection":["Actualit\u00e9s"],"inLanguage":"fr-FR"},{"@type":"WebPage","@id":"https:\/\/www.reseau-entreprendre.org\/bretagne\/2019\/04\/09\/club-des-laureates-finistere\/","url":"https:\/\/www.reseau-entreprendre.org\/bretagne\/2019\/04\/09\/club-des-laureates-finistere\/","name":"Club des laur\u00e9ates Finist\u00e8re - R\u00e9seau Entreprendre Bretagne","isPartOf":{"@id":"https:\/\/www.reseau-entreprendre.org\/bretagne\/#website"},"primaryImageOfPage":{"@id":"https:\/\/www.reseau-entreprendre.org\/bretagne\/2019\/04\/09\/club-des-laureates-finistere\/#primaryimage"},"image":{"@id":"https:\/\/www.reseau-entreprendre.org\/bretagne\/2019\/04\/09\/club-des-laureates-finistere\/#primaryimage"},"thumbnailUrl":"https:\/\/www.reseau-entreprendre.org\/bretagne\/wp-content\/uploads\/sites\/3\/2019\/04\/20190409_091135.jpg","datePublished":"2019-04-09T12:51:02+00:00","dateModified":"2022-04-11T15:20:15+00:00","author":{"@id":"https:\/\/www.reseau-entreprendre.org\/bretagne\/#\/schema\/person\/af65b1dc52519c13860043eb80f34b19"},"breadcrumb":{"@id":"https:\/\/www.reseau-entreprendre.org\/bretagne\/2019\/04\/09\/club-des-laureates-finistere\/#breadcrumb"},"inLanguage":"fr-FR","potentialAction":[{"@type":"ReadAction","target":["https:\/\/www.reseau-entreprendre.org\/bretagne\/2019\/04\/09\/club-des-laureates-finistere\/"]}]},{"@type":"ImageObject","inLanguage":"fr-FR","@id":"https:\/\/www.reseau-entreprendre.org\/bretagne\/2019\/04\/09\/club-des-laureates-finistere\/#primaryimage","url":"https:\/\/www.reseau-entreprendre.org\/bretagne\/wp-content\/uploads\/sites\/3\/2019\/04\/20190409_091135.jpg","contentUrl":"https:\/\/www.reseau-entreprendre.org\/bretagne\/wp-content\/uploads\/sites\/3\/2019\/04\/20190409_091135.jpg","width":2598,"height":1696,"caption":"club 29 avril 2019"},{"@type":"BreadcrumbList","@id":"https:\/\/www.reseau-entreprendre.org\/bretagne\/2019\/04\/09\/club-des-laureates-finistere\/#breadcrumb","itemListElement":[{"@type":"ListItem","position":1,"name":"Accueil","item":"https:\/\/www.reseau-entreprendre.org\/bretagne\/"},{"@type":"ListItem","position":2,"name":"Club des laur\u00e9ates Finist\u00e8re"}]},{"@type":"WebSite","@id":"https:\/\/www.reseau-entreprendre.org\/bretagne\/#website","url":"https:\/\/www.reseau-entreprendre.org\/bretagne\/","name":"R\u00e9seau Entreprendre Bretagne","description":"Pour cr\u00e9er des emplois, cr\u00e9ons des employeurs","potentialAction":[{"@type":"SearchAction","target":{"@type":"EntryPoint","urlTemplate":"https:\/\/www.reseau-entreprendre.org\/bretagne\/?s={search_term_string}"},"query-input":{"@type":"PropertyValueSpecification","valueRequired":true,"valueName":"search_term_string"}}],"inLanguage":"fr-FR"},{"@type":"Person","@id":"https:\/\/www.reseau-entreprendre.org\/bretagne\/#\/schema\/person\/af65b1dc52519c13860043eb80f34b19","name":"pedelmayer","image":{"@type":"ImageObject","inLanguage":"fr-FR","@id":"https:\/\/secure.gravatar.com\/avatar\/976a7d9faa36f0e7253e3479cce888c2a7253ea9e7436153395a00f3693cbfd9?s=96&d=mm&r=g","url":"https:\/\/secure.gravatar.com\/avatar\/976a7d9faa36f0e7253e3479cce888c2a7253ea9e7436153395a00f3693cbfd9?s=96&d=mm&r=g","contentUrl":"https:\/\/secure.gravatar.com\/avatar\/976a7d9faa36f0e7253e3479cce888c2a7253ea9e7436153395a00f3693cbfd9?s=96&d=mm&r=g","caption":"pedelmayer"},"url":"https:\/\/www.reseau-entreprendre.org\/bretagne\/author\/edelmayer\/"}]}},"_links":{"self":[{"href":"https:\/\/www.reseau-entreprendre.org\/bretagne\/wp-json\/wp\/v2\/posts\/1809","targetHints":{"allow":["GET"]}}],"collection":[{"href":"https:\/\/www.reseau-entreprendre.org\/bretagne\/wp-json\/wp\/v2\/posts"}],"about":[{"href":"https:\/\/www.reseau-entreprendre.org\/bretagne\/wp-json\/wp\/v2\/types\/post"}],"author":[{"embeddable":true,"href":"https:\/\/www.reseau-entreprendre.org\/bretagne\/wp-json\/wp\/v2\/users\/90"}],"replies":[{"embeddable":true,"href":"https:\/\/www.reseau-entreprendre.org\/bretagne\/wp-json\/wp\/v2\/comments?post=1809"}],"version-history":[{"count":0,"href":"https:\/\/www.reseau-entreprendre.org\/bretagne\/wp-json\/wp\/v2\/posts\/1809\/revisions"}],"wp:featuredmedia":[{"embeddable":true,"href":"https:\/\/www.reseau-entreprendre.org\/bretagne\/wp-json\/wp\/v2\/media\/1815"}],"wp:attachment":[{"href":"https:\/\/www.reseau-entreprendre.org\/bretagne\/wp-json\/wp\/v2\/media?parent=1809"}],"wp:term":[{"taxonomy":"category","embeddable":true,"href":"https:\/\/www.reseau-entreprendre.org\/bretagne\/wp-json\/wp\/v2\/categories?post=1809"},{"taxonomy":"post_tag","embeddable":true,"href":"https:\/\/www.reseau-entreprendre.org\/bretagne\/wp-json\/wp\/v2\/tags?post=1809"}],"curies":[{"name":"wp","href":"https:\/\/api.w.org\/{rel}","templated":true}]}}