{"id":1822,"date":"2019-04-12T11:36:05","date_gmt":"2019-04-12T09:36:05","guid":{"rendered":"https:\/\/www.reseau-entreprendre.org\/bretagne\/?p=1822"},"modified":"2022-04-11T17:20:15","modified_gmt":"2022-04-11T15:20:15","slug":"morbihan-membres-et-laureats-a-la-decouverte-de-savoir-faire-sur-le-terrain","status":"publish","type":"post","link":"https:\/\/www.reseau-entreprendre.org\/bretagne\/2019\/04\/12\/morbihan-membres-et-laureats-a-la-decouverte-de-savoir-faire-sur-le-terrain\/","title":{"rendered":"Morbihan : Membres et Laur\u00e9ats \u00e0 la d\u00e9couverte de savoir-faire sur le terrain"},"content":{"rendered":"<p style=\"text-align: left\"><span aria-hidden=\"false\"><span id=\"ember3673\" class=\"ember-view\">De Vannes \u00e0 Lorient, les premi\u00e8res rencontres organis\u00e9es en formule terrain : Vous \u00eates Membre, Laur\u00e9at, ouvrez nous vos portes, nous organisons la rencontre en petit comit\u00e9, id\u00e9al pour d\u00e9couvrir votre savoir-faire, rencontrer de nouveaux entrepreneurs, consolider vos relations de proximit\u00e9 dans la convivialit\u00e9<br \/>\n<\/span><\/span><\/p>\n<p>&nbsp;<\/p>\n<p><img loading=\"lazy\" decoding=\"async\" class=\"wp-image-1825 alignleft\" src=\"https:\/\/www.reseau-entreprendre.org\/bretagne\/wp-content\/uploads\/sites\/3\/2019\/04\/logo-300x230.png\" alt=\"\" width=\"164\" height=\"126\" srcset=\"https:\/\/www.reseau-entreprendre.org\/bretagne\/wp-content\/uploads\/sites\/3\/2019\/04\/logo-300x230.png 300w, https:\/\/www.reseau-entreprendre.org\/bretagne\/wp-content\/uploads\/sites\/3\/2019\/04\/logo.png 603w\" sizes=\"auto, (max-width: 164px) 100vw, 164px\" \/><\/p>\n<p style=\"text-align: left\"><span aria-hidden=\"false\"><span id=\"ember3673\" class=\"ember-view\">D<\/span><\/span><span aria-hidden=\"false\"><span id=\"ember3673\" class=\"ember-view\">\u00e9couverte de l&#8217;entreprise YEC&#8217;HED MALT dirig\u00e9e par Herv\u00e9 Lamoureux, install\u00e9 sur Vannes et <\/span><\/span><span aria-hidden=\"false\"><span id=\"ember3673\" class=\"ember-view\"><a id=\"ember3679\" class=\"hashtag-link ember-view\" href=\"https:\/\/www.linkedin.com\/feed\/hashtag\/?keywords=%23Laur%C3%A9at\" target=\"_self\" data-control-name=\"update_hashtag\" rel=\"noopener\"><span id=\"ember3680\" class=\"hashtag-a11y ember-view\" dir=\"ltr\"><span aria-hidden=\"true\">#<\/span><span class=\"hashtag-a11y__name\">Laur\u00e9at<\/span><\/span><\/a><\/span><\/span><span aria-hidden=\"false\"><span id=\"ember3673\" class=\"ember-view\"><a id=\"ember3683\" class=\"hashtag-link ember-view\" href=\"https:\/\/www.linkedin.com\/feed\/hashtag\/?keywords=%23R%C3%A9seau\" target=\"_self\" data-control-name=\"update_hashtag\" rel=\"noopener\"><span id=\"ember3684\" class=\"hashtag-a11y ember-view\" dir=\"ltr\"><span aria-hidden=\"true\">#<\/span><span class=\"hashtag-a11y__name\">R\u00e9seau<\/span><\/span><\/a><\/span><\/span><span aria-hidden=\"false\"><span id=\"ember3673\" class=\"ember-view\"><a id=\"ember3687\" class=\"hashtag-link ember-view\" href=\"https:\/\/www.linkedin.com\/feed\/hashtag\/?keywords=%23Entreprendre\" target=\"_self\" data-control-name=\"update_hashtag\" rel=\"noopener\"><span id=\"ember3688\" class=\"hashtag-a11y ember-view\" dir=\"ltr\"><span aria-hidden=\"true\">#<\/span><span class=\"hashtag-a11y__name\">Entreprendre<\/span><\/span><\/a> Bretagne du #Morbihan <\/span><\/span><span id=\"ember3673\" class=\"ember-view\"><\/span><span aria-hidden=\"false\"><span id=\"ember3673\" class=\"ember-view\">: <\/span><\/span><\/p>\n<p><img loading=\"lazy\" decoding=\"async\" class=\" wp-image-1827 alignleft\" src=\"https:\/\/www.reseau-entreprendre.org\/bretagne\/wp-content\/uploads\/sites\/3\/2019\/04\/Power-YEC-HED-MALT-1-300x169.png\" alt=\"\" width=\"316\" height=\"178\" srcset=\"https:\/\/www.reseau-entreprendre.org\/bretagne\/wp-content\/uploads\/sites\/3\/2019\/04\/Power-YEC-HED-MALT-1-300x169.png 300w, https:\/\/www.reseau-entreprendre.org\/bretagne\/wp-content\/uploads\/sites\/3\/2019\/04\/Power-YEC-HED-MALT-1-768x432.png 768w, https:\/\/www.reseau-entreprendre.org\/bretagne\/wp-content\/uploads\/sites\/3\/2019\/04\/Power-YEC-HED-MALT-1-1024x576.png 1024w, https:\/\/www.reseau-entreprendre.org\/bretagne\/wp-content\/uploads\/sites\/3\/2019\/04\/Power-YEC-HED-MALT-1.png 1280w\" sizes=\"auto, (max-width: 316px) 100vw, 316px\" \/><\/p>\n<blockquote>\n<p style=\"text-align: justify\"><span aria-hidden=\"false\"><span id=\"ember3673\" class=\"ember-view\">Herv\u00e9 Lamoureux est Artisan Malteur (56). Son m\u00e9tier ? Transformer l\u2019orge bretonne <a class=\"_58cn\" href=\"https:\/\/www.facebook.com\/hashtag\/bio?source=note&amp;epa=HASHTAG\" target=\"_blank\" rel=\"noopener\" data-ft=\"{&quot;type&quot;:104,&quot;tn&quot;:&quot;*N&quot;}\">#bio<\/a> en malt brassicole destin\u00e9e aux amateurs comme aux petites et moyennes brasseries ainsi qu\u2019aux distilleries. \u201cNous proposons un Malt 100 % BIO et de <\/span><\/span><span aria-hidden=\"false\"><span id=\"ember3673\" class=\"ember-view\"><a id=\"ember3695\" class=\"hashtag-link ember-view\" href=\"https:\/\/www.linkedin.com\/feed\/hashtag\/?keywords=%23Bretagne\" target=\"_self\" data-control-name=\"update_hashtag\" rel=\"noopener\"><span id=\"ember3696\" class=\"hashtag-a11y ember-view\" dir=\"ltr\"><span aria-hidden=\"true\">#<\/span><span class=\"hashtag-a11y__name\">Bretagne<\/span><\/span><\/a> pour qu\u2019enfin les amateurs, les brasseurs et distilleries puissent cr\u00e9er un produit 100% bio, 100 % Breton\u201d. <\/span><\/span><\/p>\n<p>Le saviez-vous ? 20 kg de Malt sont n\u00e9cessaires pour faire 100 litres de bi\u00e8re. C&#8217;est la premi\u00e8re mati\u00e8re premi\u00e8re apr\u00e8s l&#8217;eau.<a href=\"https:\/\/www.yechedmalt.bzh\/\" target=\"_blank\" rel=\"noopener\">En savoir plus sur l&#8217;entreprise ici<\/a><\/p><\/blockquote>\n<p>Quelques jours apr\u00e8s sur Lorient,<\/p>\n<p><img loading=\"lazy\" decoding=\"async\" class=\"size-thumbnail wp-image-1913 alignleft\" src=\"https:\/\/www.reseau-entreprendre.org\/bretagne\/wp-content\/uploads\/sites\/3\/2019\/04\/kolibri-logo-150x150.png\" alt=\"\" width=\"150\" height=\"150\" srcset=\"https:\/\/www.reseau-entreprendre.org\/bretagne\/wp-content\/uploads\/sites\/3\/2019\/04\/kolibri-logo-150x150.png 150w, https:\/\/www.reseau-entreprendre.org\/bretagne\/wp-content\/uploads\/sites\/3\/2019\/04\/kolibri-logo-300x300.png 300w, https:\/\/www.reseau-entreprendre.org\/bretagne\/wp-content\/uploads\/sites\/3\/2019\/04\/kolibri-logo.png 400w\" sizes=\"auto, (max-width: 150px) 100vw, 150px\" \/><span id=\"ember1292\" class=\"ember-view\"> <\/span><\/p>\n<p><span aria-hidden=\"false\"><span id=\"ember1292\" class=\"ember-view\"><a href=\"http:\/\/www.groupe-kolibri.com\/\" target=\"_blank\" rel=\"noopener\">D\u00e9couverte du Groupe KOLIBRI<\/a>, St\u00e9phane GUYOT re\u00e7oit une 8aine de membres et laur\u00e9ats \u00e0 l&#8217;IBIS STYLE Lorient. Les rencontres se multiplient \u00e0 la d\u00e9couverte du savoir-faire des entrepreneurs membres et laur\u00e9ats du r\u00e9seau de <a id=\"ember1299\" class=\"hashtag-link ember-view\" href=\"https:\/\/www.linkedin.com\/feed\/hashtag\/?keywords=%23TPE\" target=\"_self\" data-control-name=\"update_hashtag\" rel=\"noopener\"><span id=\"ember1300\" class=\"hashtag-a11y ember-view\" dir=\"ltr\"><\/span><\/a><\/span><\/span><span aria-hidden=\"false\"><span id=\"ember1292\" class=\"ember-view\"><a id=\"ember1299\" class=\"hashtag-link ember-view\" href=\"https:\/\/www.linkedin.com\/feed\/hashtag\/?keywords=%23TPE\" target=\"_self\" data-control-name=\"update_hashtag\" rel=\"noopener\"><span id=\"ember1300\" class=\"hashtag-a11y ember-view\" dir=\"ltr\"><span aria-hidden=\"true\">#<\/span><span class=\"hashtag-a11y__name\">TPE<\/span><\/span><\/a> <a id=\"ember1303\" class=\"hashtag-link ember-view\" href=\"https:\/\/www.linkedin.com\/feed\/hashtag\/?keywords=%23PME\" target=\"_self\" data-control-name=\"update_hashtag\" rel=\"noopener\"><span id=\"ember1304\" class=\"hashtag-a11y ember-view\" dir=\"ltr\"><\/span><\/a><\/span><\/span><span aria-hidden=\"false\"><span id=\"ember1292\" class=\"ember-view\"><a id=\"ember1303\" class=\"hashtag-link ember-view\" href=\"https:\/\/www.linkedin.com\/feed\/hashtag\/?keywords=%23PME\" target=\"_self\" data-control-name=\"update_hashtag\" rel=\"noopener\"><span id=\"ember1304\" class=\"hashtag-a11y ember-view\" dir=\"ltr\"><span aria-hidden=\"true\">#<\/span><span class=\"hashtag-a11y__name\">PME<\/span><\/span><\/a>. 100 membres d\u00e9j\u00e0 et toujours plus nombreux comme ici avec <\/span><a id=\"ember1308\" class=\"tap-target feed-shared-text-view__mention ember-view\" href=\"https:\/\/www.linkedin.com\/in\/ACoAAAnso_wB0i-NPsfLOFalXqVc12w6vehFThA\/\" target=\"_self\" rel=\"noopener\"><span data-entity-hovercard-id=\"urn:li:fs_miniProfile:ACoAAAnso_wB0i-NPsfLOFalXqVc12w6vehFThA\" data-entity-type=\"MINI_PROFILE\">Laurent Neveu<\/span><\/a><\/span><span aria-hidden=\"false\"><span id=\"ember1312\" class=\"ember-view\"> <\/span><a id=\"ember1316\" class=\"tap-target feed-shared-text-view__mention ember-view\" href=\"https:\/\/www.linkedin.com\/company\/25465462\/\" target=\"_self\" rel=\"noopener\"><span data-entity-hovercard-id=\"urn:li:fs_miniCompany:25465462\" data-entity-type=\"MINI_COMPANY\">BOIS ET CONCEPT<\/span><\/a><\/span><span aria-hidden=\"false\"><span id=\"ember1320\" class=\"ember-view\">, <\/span><a id=\"ember1324\" class=\"tap-target feed-shared-text-view__mention ember-view\" href=\"https:\/\/www.linkedin.com\/in\/ACoAABiYplkBkLWDW-do4Og_xxI4ov_DnwMLAv4\/\" target=\"_self\" rel=\"noopener\"><span data-entity-hovercard-id=\"urn:li:fs_miniProfile:ACoAABiYplkBkLWDW-do4Og_xxI4ov_DnwMLAv4\" data-entity-type=\"MINI_PROFILE\">St\u00e9phane Guyot<\/span><\/a><\/span><span aria-hidden=\"false\"><span id=\"ember1328\" class=\"ember-view\"> <\/span><a id=\"ember1332\" class=\"tap-target feed-shared-text-view__mention ember-view\" href=\"https:\/\/www.linkedin.com\/company\/10478995\/\" target=\"_self\" rel=\"noopener\"><span data-entity-hovercard-id=\"urn:li:fs_miniCompany:10478995\" data-entity-type=\"MINI_COMPANY\">Groupe Kolibri<\/span><\/a><\/span><span aria-hidden=\"false\"><span id=\"ember1336\" class=\"ember-view\">, <\/span><a id=\"ember1340\" class=\"tap-target feed-shared-text-view__mention ember-view\" href=\"https:\/\/www.linkedin.com\/in\/ACoAAA4degMBqp5l68EpjAGf6ZF_zskqexh2c1U\/\" target=\"_self\" rel=\"noopener\"><span data-entity-hovercard-id=\"urn:li:fs_miniProfile:ACoAAA4degMBqp5l68EpjAGf6ZF_zskqexh2c1U\" data-entity-type=\"MINI_PROFILE\">Ludovic de Fombelle<\/span><\/a><\/span><span aria-hidden=\"false\"><span id=\"ember1344\" class=\"ember-view\"> <\/span><a id=\"ember1348\" class=\"tap-target feed-shared-text-view__mention ember-view\" href=\"https:\/\/www.linkedin.com\/company\/11704073\/\" target=\"_self\" rel=\"noopener\"><span data-entity-hovercard-id=\"urn:li:fs_miniCompany:11704073\" data-entity-type=\"MINI_COMPANY\">SICA FORD Lorient &amp; Quimperl\u00e9<\/span><\/a><\/span><span aria-hidden=\"false\"><span id=\"ember1352\" class=\"ember-view\">, <\/span><a id=\"ember1356\" class=\"tap-target feed-shared-text-view__mention ember-view\" href=\"https:\/\/www.linkedin.com\/in\/ACoAABfH3f4B2mBXUm8qNURVZoFl6hlZoqBRYnU\/\" target=\"_self\" rel=\"noopener\"><span data-entity-hovercard-id=\"urn:li:fs_miniProfile:ACoAABfH3f4B2mBXUm8qNURVZoFl6hlZoqBRYnU\" data-entity-type=\"MINI_PROFILE\">Laurent Diesnis<\/span><\/a><\/span><span aria-hidden=\"false\"><span id=\"ember1360\" class=\"ember-view\">, <\/span><a id=\"ember1364\" class=\"tap-target feed-shared-text-view__mention ember-view\" href=\"https:\/\/www.linkedin.com\/in\/ACoAABjd-EQB9MNNc1cpwkP72_G2_wniplkIAX0\/\" target=\"_self\" rel=\"noopener\"><span data-entity-hovercard-id=\"urn:li:fs_miniProfile:ACoAABjd-EQB9MNNc1cpwkP72_G2_wniplkIAX0\" data-entity-type=\"MINI_PROFILE\">Yannick Raphalen<\/span><\/a><\/span><span aria-hidden=\"false\"><span id=\"ember1368\" class=\"ember-view\"> <\/span><a id=\"ember1372\" class=\"tap-target feed-shared-text-view__mention ember-view\" href=\"https:\/\/www.linkedin.com\/company\/7030199\/\" target=\"_self\" rel=\"noopener\"><span data-entity-hovercard-id=\"urn:li:fs_miniCompany:7030199\" data-entity-type=\"MINI_COMPANY\">Visia-Transactions<\/span><\/a><\/span><span aria-hidden=\"false\"><span id=\"ember1376\" class=\"ember-view\">, <\/span><a id=\"ember1380\" class=\"tap-target feed-shared-text-view__mention ember-view\" href=\"https:\/\/www.linkedin.com\/in\/ACoAAAG49ysBKuqc7ikfu39t-9Ud3WukLOiQ6o8\/\" target=\"_self\" rel=\"noopener\"><span data-entity-hovercard-id=\"urn:li:fs_miniProfile:ACoAAAG49ysBKuqc7ikfu39t-9Ud3WukLOiQ6o8\" data-entity-type=\"MINI_PROFILE\">Anthony Conanec<\/span><\/a><\/span><span aria-hidden=\"false\"><span id=\"ember1384\" class=\"ember-view\">, <\/span><a id=\"ember1388\" class=\"tap-target feed-shared-text-view__mention ember-view\" href=\"https:\/\/www.linkedin.com\/in\/ACoAACGOkBkBoBV9PI7K64-rfWavV9zknZWkeXs\/\" target=\"_self\" rel=\"noopener\"><span data-entity-hovercard-id=\"urn:li:fs_miniProfile:ACoAACGOkBkBoBV9PI7K64-rfWavV9zknZWkeXs\" data-entity-type=\"MINI_PROFILE\">DUVAL CAROLE<\/span><\/a><\/span><span aria-hidden=\"false\"><span id=\"ember1392\" class=\"ember-view\">, <\/span><a id=\"ember1396\" class=\"tap-target feed-shared-text-view__mention ember-view\" href=\"https:\/\/www.linkedin.com\/in\/ACoAACSmlaIB43GzBGB2q5UKD_X6bkQCCU69BUs\/\" target=\"_self\" rel=\"noopener\"><span data-entity-hovercard-id=\"urn:li:fs_miniProfile:ACoAACSmlaIB43GzBGB2q5UKD_X6bkQCCU69BUs\" data-entity-type=\"MINI_PROFILE\">Thomas CHAPON<\/span><\/a><\/span><span aria-hidden=\"false\"><span id=\"ember1400\" class=\"ember-view\">, <\/span><a id=\"ember1404\" class=\"tap-target feed-shared-text-view__mention ember-view\" href=\"https:\/\/www.linkedin.com\/in\/ACoAABLAWAIBSiiFlZC7bjKhFycg5lb26-wUk0g\/\" target=\"_self\" rel=\"noopener\"><span data-entity-hovercard-id=\"urn:li:fs_miniProfile:ACoAABLAWAIBSiiFlZC7bjKhFycg5lb26-wUk0g\" data-entity-type=\"MINI_PROFILE\">Philippe Laudren<\/span><\/a><\/span><span aria-hidden=\"false\"><span id=\"ember1408\" class=\"ember-view\"> et <\/span><a id=\"ember1412\" class=\"tap-target feed-shared-text-view__mention ember-view\" href=\"https:\/\/www.linkedin.com\/in\/ACoAACUY6CgBTiGxPiMJJAIH1zGrgyUnZQZ22ec\/\" target=\"_self\" rel=\"noopener\"><span data-entity-hovercard-id=\"urn:li:fs_miniProfile:ACoAACUY6CgBTiGxPiMJJAIH1zGrgyUnZQZ22ec\" data-entity-type=\"MINI_PROFILE\">SIMON CAROLINE<\/span><\/a><\/span><span id=\"ember1416\" class=\"ember-view\"> <\/span><\/p>\n<p><img loading=\"lazy\" decoding=\"async\" class=\"alignleft wp-image-1914 size-medium\" src=\"https:\/\/www.reseau-entreprendre.org\/bretagne\/wp-content\/uploads\/sites\/3\/2019\/04\/file-2-300x171.jpeg\" alt=\"\" width=\"300\" height=\"171\" srcset=\"https:\/\/www.reseau-entreprendre.org\/bretagne\/wp-content\/uploads\/sites\/3\/2019\/04\/file-2-300x171.jpeg 300w, https:\/\/www.reseau-entreprendre.org\/bretagne\/wp-content\/uploads\/sites\/3\/2019\/04\/file-2-768x437.jpeg 768w, https:\/\/www.reseau-entreprendre.org\/bretagne\/wp-content\/uploads\/sites\/3\/2019\/04\/file-2-1024x583.jpeg 1024w\" sizes=\"auto, (max-width: 300px) 100vw, 300px\" \/><\/p>\n<p>&nbsp;<\/p>\n<p><em>&#8220;Pour cr\u00e9er des emplois, cr\u00e9ons de employeurs&#8221;<\/em>,<\/p>\n<blockquote><p><span aria-hidden=\"false\"><span id=\"ember3673\" class=\"ember-view\"><a href=\"https:\/\/www.reseau-entreprendre.org\/bretagne\/entreprendre\/\" target=\"_blank\" rel=\"noopener\">Rejoignez notre r\u00e9seau<\/a> et d\u00e9couvrez vous aussi le savoir-faire de chacun dans la convivialit\u00e9. <\/span><\/span><\/p><\/blockquote>\n<p>Christophe GINET, D\u00e9l\u00e9gu\u00e9 territorial du Morbihan<\/p>\n","protected":false},"excerpt":{"rendered":"<p>De Vannes \u00e0 Lorient, les premi\u00e8res rencontres organis\u00e9es en formule<\/p>\n","protected":false},"author":87,"featured_media":1824,"comment_status":"closed","ping_status":"open","sticky":false,"template":"","format":"standard","meta":{"_acf_changed":false,"_monsterinsights_skip_tracking":false,"_monsterinsights_sitenote_active":false,"_monsterinsights_sitenote_note":"","_monsterinsights_sitenote_category":0,"footnotes":""},"categories":[4],"tags":[],"class_list":["post-1822","post","type-post","status-publish","format-standard","has-post-thumbnail","hentry","category-actualites","news"],"acf":[],"yoast_head":"<!-- This site is optimized with the Yoast SEO plugin v27.4 - https:\/\/yoast.com\/product\/yoast-seo-wordpress\/ -->\n<title>Morbihan : Membres et Laur\u00e9ats \u00e0 la d\u00e9couverte de savoir-faire sur le terrain - R\u00e9seau Entreprendre Bretagne<\/title>\n<meta name=\"robots\" content=\"index, follow, max-snippet:-1, max-image-preview:large, max-video-preview:-1\" \/>\n<link rel=\"canonical\" href=\"https:\/\/www.reseau-entreprendre.org\/bretagne\/2019\/04\/12\/morbihan-membres-et-laureats-a-la-decouverte-de-savoir-faire-sur-le-terrain\/\" \/>\n<meta property=\"og:locale\" content=\"fr_FR\" \/>\n<meta property=\"og:type\" content=\"article\" \/>\n<meta property=\"og:title\" content=\"Morbihan : Membres et Laur\u00e9ats \u00e0 la d\u00e9couverte de savoir-faire sur le terrain - R\u00e9seau Entreprendre Bretagne\" \/>\n<meta property=\"og:description\" content=\"De Vannes \u00e0 Lorient, les premi\u00e8res rencontres organis\u00e9es en formule\" \/>\n<meta property=\"og:url\" content=\"https:\/\/www.reseau-entreprendre.org\/bretagne\/2019\/04\/12\/morbihan-membres-et-laureats-a-la-decouverte-de-savoir-faire-sur-le-terrain\/\" \/>\n<meta property=\"og:site_name\" content=\"R\u00e9seau Entreprendre Bretagne\" \/>\n<meta property=\"article:publisher\" content=\"https:\/\/www.facebook.com\/reseauentreprendrebretagne\/\" \/>\n<meta property=\"article:published_time\" content=\"2019-04-12T09:36:05+00:00\" \/>\n<meta property=\"article:modified_time\" content=\"2022-04-11T15:20:15+00:00\" \/>\n<meta property=\"og:image\" content=\"https:\/\/www.reseau-entreprendre.org\/bretagne\/wp-content\/uploads\/sites\/3\/2019\/04\/4-e1555061085155.jpeg\" \/>\n\t<meta property=\"og:image:width\" content=\"300\" \/>\n\t<meta property=\"og:image:height\" content=\"191\" \/>\n\t<meta property=\"og:image:type\" content=\"image\/jpeg\" \/>\n<meta name=\"twitter:card\" content=\"summary_large_image\" \/>\n<meta name=\"twitter:creator\" content=\"@RE_Bretagne\" \/>\n<meta name=\"twitter:site\" content=\"@RE_Bretagne\" \/>\n<meta name=\"twitter:label1\" content=\"\u00c9crit par\" \/>\n\t<meta name=\"twitter:data1\" content=\"\" \/>\n\t<meta name=\"twitter:label2\" content=\"Dur\u00e9e de lecture estim\u00e9e\" \/>\n\t<meta name=\"twitter:data2\" content=\"1 minute\" \/>\n<script type=\"application\/ld+json\" class=\"yoast-schema-graph\">{\"@context\":\"https:\\\/\\\/schema.org\",\"@graph\":[{\"@type\":\"Article\",\"@id\":\"https:\\\/\\\/www.reseau-entreprendre.org\\\/bretagne\\\/2019\\\/04\\\/12\\\/morbihan-membres-et-laureats-a-la-decouverte-de-savoir-faire-sur-le-terrain\\\/#article\",\"isPartOf\":{\"@id\":\"https:\\\/\\\/www.reseau-entreprendre.org\\\/bretagne\\\/2019\\\/04\\\/12\\\/morbihan-membres-et-laureats-a-la-decouverte-de-savoir-faire-sur-le-terrain\\\/\"},\"author\":{\"name\":\"\",\"@id\":\"\"},\"headline\":\"Morbihan : Membres et Laur\u00e9ats \u00e0 la d\u00e9couverte de savoir-faire sur le terrain\",\"datePublished\":\"2019-04-12T09:36:05+00:00\",\"dateModified\":\"2022-04-11T15:20:15+00:00\",\"mainEntityOfPage\":{\"@id\":\"https:\\\/\\\/www.reseau-entreprendre.org\\\/bretagne\\\/2019\\\/04\\\/12\\\/morbihan-membres-et-laureats-a-la-decouverte-de-savoir-faire-sur-le-terrain\\\/\"},\"wordCount\":300,\"image\":{\"@id\":\"https:\\\/\\\/www.reseau-entreprendre.org\\\/bretagne\\\/2019\\\/04\\\/12\\\/morbihan-membres-et-laureats-a-la-decouverte-de-savoir-faire-sur-le-terrain\\\/#primaryimage\"},\"thumbnailUrl\":\"https:\\\/\\\/www.reseau-entreprendre.org\\\/bretagne\\\/wp-content\\\/uploads\\\/sites\\\/3\\\/2019\\\/04\\\/4-e1555061085155.jpeg\",\"articleSection\":[\"Actualit\u00e9s\"],\"inLanguage\":\"fr-FR\"},{\"@type\":\"WebPage\",\"@id\":\"https:\\\/\\\/www.reseau-entreprendre.org\\\/bretagne\\\/2019\\\/04\\\/12\\\/morbihan-membres-et-laureats-a-la-decouverte-de-savoir-faire-sur-le-terrain\\\/\",\"url\":\"https:\\\/\\\/www.reseau-entreprendre.org\\\/bretagne\\\/2019\\\/04\\\/12\\\/morbihan-membres-et-laureats-a-la-decouverte-de-savoir-faire-sur-le-terrain\\\/\",\"name\":\"Morbihan : Membres et Laur\u00e9ats \u00e0 la d\u00e9couverte de savoir-faire sur le terrain - R\u00e9seau Entreprendre Bretagne\",\"isPartOf\":{\"@id\":\"https:\\\/\\\/www.reseau-entreprendre.org\\\/bretagne\\\/#website\"},\"primaryImageOfPage\":{\"@id\":\"https:\\\/\\\/www.reseau-entreprendre.org\\\/bretagne\\\/2019\\\/04\\\/12\\\/morbihan-membres-et-laureats-a-la-decouverte-de-savoir-faire-sur-le-terrain\\\/#primaryimage\"},\"image\":{\"@id\":\"https:\\\/\\\/www.reseau-entreprendre.org\\\/bretagne\\\/2019\\\/04\\\/12\\\/morbihan-membres-et-laureats-a-la-decouverte-de-savoir-faire-sur-le-terrain\\\/#primaryimage\"},\"thumbnailUrl\":\"https:\\\/\\\/www.reseau-entreprendre.org\\\/bretagne\\\/wp-content\\\/uploads\\\/sites\\\/3\\\/2019\\\/04\\\/4-e1555061085155.jpeg\",\"datePublished\":\"2019-04-12T09:36:05+00:00\",\"dateModified\":\"2022-04-11T15:20:15+00:00\",\"author\":{\"@id\":\"\"},\"breadcrumb\":{\"@id\":\"https:\\\/\\\/www.reseau-entreprendre.org\\\/bretagne\\\/2019\\\/04\\\/12\\\/morbihan-membres-et-laureats-a-la-decouverte-de-savoir-faire-sur-le-terrain\\\/#breadcrumb\"},\"inLanguage\":\"fr-FR\",\"potentialAction\":[{\"@type\":\"ReadAction\",\"target\":[\"https:\\\/\\\/www.reseau-entreprendre.org\\\/bretagne\\\/2019\\\/04\\\/12\\\/morbihan-membres-et-laureats-a-la-decouverte-de-savoir-faire-sur-le-terrain\\\/\"]}]},{\"@type\":\"ImageObject\",\"inLanguage\":\"fr-FR\",\"@id\":\"https:\\\/\\\/www.reseau-entreprendre.org\\\/bretagne\\\/2019\\\/04\\\/12\\\/morbihan-membres-et-laureats-a-la-decouverte-de-savoir-faire-sur-le-terrain\\\/#primaryimage\",\"url\":\"https:\\\/\\\/www.reseau-entreprendre.org\\\/bretagne\\\/wp-content\\\/uploads\\\/sites\\\/3\\\/2019\\\/04\\\/4-e1555061085155.jpeg\",\"contentUrl\":\"https:\\\/\\\/www.reseau-entreprendre.org\\\/bretagne\\\/wp-content\\\/uploads\\\/sites\\\/3\\\/2019\\\/04\\\/4-e1555061085155.jpeg\",\"width\":300,\"height\":191},{\"@type\":\"BreadcrumbList\",\"@id\":\"https:\\\/\\\/www.reseau-entreprendre.org\\\/bretagne\\\/2019\\\/04\\\/12\\\/morbihan-membres-et-laureats-a-la-decouverte-de-savoir-faire-sur-le-terrain\\\/#breadcrumb\",\"itemListElement\":[{\"@type\":\"ListItem\",\"position\":1,\"name\":\"Accueil\",\"item\":\"https:\\\/\\\/www.reseau-entreprendre.org\\\/bretagne\\\/\"},{\"@type\":\"ListItem\",\"position\":2,\"name\":\"Morbihan : Membres et Laur\u00e9ats \u00e0 la d\u00e9couverte de savoir-faire sur le terrain\"}]},{\"@type\":\"WebSite\",\"@id\":\"https:\\\/\\\/www.reseau-entreprendre.org\\\/bretagne\\\/#website\",\"url\":\"https:\\\/\\\/www.reseau-entreprendre.org\\\/bretagne\\\/\",\"name\":\"R\u00e9seau Entreprendre Bretagne\",\"description\":\"Pour cr\u00e9er des emplois, cr\u00e9ons des employeurs\",\"potentialAction\":[{\"@type\":\"SearchAction\",\"target\":{\"@type\":\"EntryPoint\",\"urlTemplate\":\"https:\\\/\\\/www.reseau-entreprendre.org\\\/bretagne\\\/?s={search_term_string}\"},\"query-input\":{\"@type\":\"PropertyValueSpecification\",\"valueRequired\":true,\"valueName\":\"search_term_string\"}}],\"inLanguage\":\"fr-FR\"},{\"@type\":\"Person\",\"@id\":\"\",\"url\":\"https:\\\/\\\/www.reseau-entreprendre.org\\\/bretagne\\\/author\\\/\"}]}<\/script>\n<!-- \/ Yoast SEO plugin. -->","yoast_head_json":{"title":"Morbihan : Membres et Laur\u00e9ats \u00e0 la d\u00e9couverte de savoir-faire sur le terrain - R\u00e9seau Entreprendre Bretagne","robots":{"index":"index","follow":"follow","max-snippet":"max-snippet:-1","max-image-preview":"max-image-preview:large","max-video-preview":"max-video-preview:-1"},"canonical":"https:\/\/www.reseau-entreprendre.org\/bretagne\/2019\/04\/12\/morbihan-membres-et-laureats-a-la-decouverte-de-savoir-faire-sur-le-terrain\/","og_locale":"fr_FR","og_type":"article","og_title":"Morbihan : Membres et Laur\u00e9ats \u00e0 la d\u00e9couverte de savoir-faire sur le terrain - R\u00e9seau Entreprendre Bretagne","og_description":"De Vannes \u00e0 Lorient, les premi\u00e8res rencontres organis\u00e9es en formule","og_url":"https:\/\/www.reseau-entreprendre.org\/bretagne\/2019\/04\/12\/morbihan-membres-et-laureats-a-la-decouverte-de-savoir-faire-sur-le-terrain\/","og_site_name":"R\u00e9seau Entreprendre Bretagne","article_publisher":"https:\/\/www.facebook.com\/reseauentreprendrebretagne\/","article_published_time":"2019-04-12T09:36:05+00:00","article_modified_time":"2022-04-11T15:20:15+00:00","og_image":[{"width":300,"height":191,"url":"https:\/\/www.reseau-entreprendre.org\/bretagne\/wp-content\/uploads\/sites\/3\/2019\/04\/4-e1555061085155.jpeg","type":"image\/jpeg"}],"twitter_card":"summary_large_image","twitter_creator":"@RE_Bretagne","twitter_site":"@RE_Bretagne","twitter_misc":{"\u00c9crit par":"","Dur\u00e9e de lecture estim\u00e9e":"1 minute"},"schema":{"@context":"https:\/\/schema.org","@graph":[{"@type":"Article","@id":"https:\/\/www.reseau-entreprendre.org\/bretagne\/2019\/04\/12\/morbihan-membres-et-laureats-a-la-decouverte-de-savoir-faire-sur-le-terrain\/#article","isPartOf":{"@id":"https:\/\/www.reseau-entreprendre.org\/bretagne\/2019\/04\/12\/morbihan-membres-et-laureats-a-la-decouverte-de-savoir-faire-sur-le-terrain\/"},"author":{"name":"","@id":""},"headline":"Morbihan : Membres et Laur\u00e9ats \u00e0 la d\u00e9couverte de savoir-faire sur le terrain","datePublished":"2019-04-12T09:36:05+00:00","dateModified":"2022-04-11T15:20:15+00:00","mainEntityOfPage":{"@id":"https:\/\/www.reseau-entreprendre.org\/bretagne\/2019\/04\/12\/morbihan-membres-et-laureats-a-la-decouverte-de-savoir-faire-sur-le-terrain\/"},"wordCount":300,"image":{"@id":"https:\/\/www.reseau-entreprendre.org\/bretagne\/2019\/04\/12\/morbihan-membres-et-laureats-a-la-decouverte-de-savoir-faire-sur-le-terrain\/#primaryimage"},"thumbnailUrl":"https:\/\/www.reseau-entreprendre.org\/bretagne\/wp-content\/uploads\/sites\/3\/2019\/04\/4-e1555061085155.jpeg","articleSection":["Actualit\u00e9s"],"inLanguage":"fr-FR"},{"@type":"WebPage","@id":"https:\/\/www.reseau-entreprendre.org\/bretagne\/2019\/04\/12\/morbihan-membres-et-laureats-a-la-decouverte-de-savoir-faire-sur-le-terrain\/","url":"https:\/\/www.reseau-entreprendre.org\/bretagne\/2019\/04\/12\/morbihan-membres-et-laureats-a-la-decouverte-de-savoir-faire-sur-le-terrain\/","name":"Morbihan : Membres et Laur\u00e9ats \u00e0 la d\u00e9couverte de savoir-faire sur le terrain - R\u00e9seau Entreprendre Bretagne","isPartOf":{"@id":"https:\/\/www.reseau-entreprendre.org\/bretagne\/#website"},"primaryImageOfPage":{"@id":"https:\/\/www.reseau-entreprendre.org\/bretagne\/2019\/04\/12\/morbihan-membres-et-laureats-a-la-decouverte-de-savoir-faire-sur-le-terrain\/#primaryimage"},"image":{"@id":"https:\/\/www.reseau-entreprendre.org\/bretagne\/2019\/04\/12\/morbihan-membres-et-laureats-a-la-decouverte-de-savoir-faire-sur-le-terrain\/#primaryimage"},"thumbnailUrl":"https:\/\/www.reseau-entreprendre.org\/bretagne\/wp-content\/uploads\/sites\/3\/2019\/04\/4-e1555061085155.jpeg","datePublished":"2019-04-12T09:36:05+00:00","dateModified":"2022-04-11T15:20:15+00:00","author":{"@id":""},"breadcrumb":{"@id":"https:\/\/www.reseau-entreprendre.org\/bretagne\/2019\/04\/12\/morbihan-membres-et-laureats-a-la-decouverte-de-savoir-faire-sur-le-terrain\/#breadcrumb"},"inLanguage":"fr-FR","potentialAction":[{"@type":"ReadAction","target":["https:\/\/www.reseau-entreprendre.org\/bretagne\/2019\/04\/12\/morbihan-membres-et-laureats-a-la-decouverte-de-savoir-faire-sur-le-terrain\/"]}]},{"@type":"ImageObject","inLanguage":"fr-FR","@id":"https:\/\/www.reseau-entreprendre.org\/bretagne\/2019\/04\/12\/morbihan-membres-et-laureats-a-la-decouverte-de-savoir-faire-sur-le-terrain\/#primaryimage","url":"https:\/\/www.reseau-entreprendre.org\/bretagne\/wp-content\/uploads\/sites\/3\/2019\/04\/4-e1555061085155.jpeg","contentUrl":"https:\/\/www.reseau-entreprendre.org\/bretagne\/wp-content\/uploads\/sites\/3\/2019\/04\/4-e1555061085155.jpeg","width":300,"height":191},{"@type":"BreadcrumbList","@id":"https:\/\/www.reseau-entreprendre.org\/bretagne\/2019\/04\/12\/morbihan-membres-et-laureats-a-la-decouverte-de-savoir-faire-sur-le-terrain\/#breadcrumb","itemListElement":[{"@type":"ListItem","position":1,"name":"Accueil","item":"https:\/\/www.reseau-entreprendre.org\/bretagne\/"},{"@type":"ListItem","position":2,"name":"Morbihan : Membres et Laur\u00e9ats \u00e0 la d\u00e9couverte de savoir-faire sur le terrain"}]},{"@type":"WebSite","@id":"https:\/\/www.reseau-entreprendre.org\/bretagne\/#website","url":"https:\/\/www.reseau-entreprendre.org\/bretagne\/","name":"R\u00e9seau Entreprendre Bretagne","description":"Pour cr\u00e9er des emplois, cr\u00e9ons des employeurs","potentialAction":[{"@type":"SearchAction","target":{"@type":"EntryPoint","urlTemplate":"https:\/\/www.reseau-entreprendre.org\/bretagne\/?s={search_term_string}"},"query-input":{"@type":"PropertyValueSpecification","valueRequired":true,"valueName":"search_term_string"}}],"inLanguage":"fr-FR"},{"@type":"Person","@id":"","url":"https:\/\/www.reseau-entreprendre.org\/bretagne\/author\/"}]}},"_links":{"self":[{"href":"https:\/\/www.reseau-entreprendre.org\/bretagne\/wp-json\/wp\/v2\/posts\/1822","targetHints":{"allow":["GET"]}}],"collection":[{"href":"https:\/\/www.reseau-entreprendre.org\/bretagne\/wp-json\/wp\/v2\/posts"}],"about":[{"href":"https:\/\/www.reseau-entreprendre.org\/bretagne\/wp-json\/wp\/v2\/types\/post"}],"author":[{"embeddable":true,"href":"https:\/\/www.reseau-entreprendre.org\/bretagne\/wp-json\/wp\/v2\/users\/87"}],"replies":[{"embeddable":true,"href":"https:\/\/www.reseau-entreprendre.org\/bretagne\/wp-json\/wp\/v2\/comments?post=1822"}],"version-history":[{"count":0,"href":"https:\/\/www.reseau-entreprendre.org\/bretagne\/wp-json\/wp\/v2\/posts\/1822\/revisions"}],"wp:featuredmedia":[{"embeddable":true,"href":"https:\/\/www.reseau-entreprendre.org\/bretagne\/wp-json\/wp\/v2\/media\/1824"}],"wp:attachment":[{"href":"https:\/\/www.reseau-entreprendre.org\/bretagne\/wp-json\/wp\/v2\/media?parent=1822"}],"wp:term":[{"taxonomy":"category","embeddable":true,"href":"https:\/\/www.reseau-entreprendre.org\/bretagne\/wp-json\/wp\/v2\/categories?post=1822"},{"taxonomy":"post_tag","embeddable":true,"href":"https:\/\/www.reseau-entreprendre.org\/bretagne\/wp-json\/wp\/v2\/tags?post=1822"}],"curies":[{"name":"wp","href":"https:\/\/api.w.org\/{rel}","templated":true}]}}