{"id":1882,"date":"2019-04-29T15:35:13","date_gmt":"2019-04-29T13:35:13","guid":{"rendered":"https:\/\/www.reseau-entreprendre.org\/bretagne\/?p=1882"},"modified":"2022-04-11T17:19:59","modified_gmt":"2022-04-11T15:19:59","slug":"laureats-ils-decident-au-terme-de-leur-accompagnement-de-devenir-membres-davenir","status":"publish","type":"post","link":"https:\/\/www.reseau-entreprendre.org\/bretagne\/2019\/04\/29\/laureats-ils-decident-au-terme-de-leur-accompagnement-de-devenir-membres-davenir\/","title":{"rendered":"Laur\u00e9ats, ils d\u00e9cident, au terme de leur accompagnement, de devenir Membres d&#8217;Avenir"},"content":{"rendered":"<p><img loading=\"lazy\" decoding=\"async\" class=\"alignnone size-thumbnail wp-image-1884\" src=\"https:\/\/www.reseau-entreprendre.org\/bretagne\/wp-content\/uploads\/sites\/3\/2019\/04\/Ludovic-CORVOL-ROUSSEAU-150x150.jpg\" alt=\"\" width=\"150\" height=\"150\" srcset=\"https:\/\/www.reseau-entreprendre.org\/bretagne\/wp-content\/uploads\/sites\/3\/2019\/04\/Ludovic-CORVOL-ROUSSEAU-150x150.jpg 150w, https:\/\/www.reseau-entreprendre.org\/bretagne\/wp-content\/uploads\/sites\/3\/2019\/04\/Ludovic-CORVOL-ROUSSEAU-300x300.jpg 300w, https:\/\/www.reseau-entreprendre.org\/bretagne\/wp-content\/uploads\/sites\/3\/2019\/04\/Ludovic-CORVOL-ROUSSEAU.jpg 400w\" sizes=\"auto, (max-width: 150px) 100vw, 150px\" \/> Ludovic CORVOL <a href=\"https:\/\/www.rousseau-equipements.com\/\" target=\"_blank\" rel=\"noopener\">ROUSSEAU \u00c9QUIPEMENTS\u00a0<\/a> 22<\/p>\n<p><img loading=\"lazy\" decoding=\"async\" class=\"alignnone size-thumbnail wp-image-1885\" src=\"https:\/\/www.reseau-entreprendre.org\/bretagne\/wp-content\/uploads\/sites\/3\/2019\/04\/Micka\u00ebl-HERRMANN-ETR-150x150.jpg\" alt=\"\" width=\"150\" height=\"150\" srcset=\"https:\/\/www.reseau-entreprendre.org\/bretagne\/wp-content\/uploads\/sites\/3\/2019\/04\/Micka\u00ebl-HERRMANN-ETR-150x150.jpg 150w, https:\/\/www.reseau-entreprendre.org\/bretagne\/wp-content\/uploads\/sites\/3\/2019\/04\/Micka\u00ebl-HERRMANN-ETR-300x300.jpg 300w\" sizes=\"auto, (max-width: 150px) 100vw, 150px\" \/> Micka\u00ebl HERMMANN<a href=\"https:\/\/www.etr-electricite.fr\/\" target=\"_blank\" rel=\"noopener\"> ETR 22<\/a><\/p>\n<p><img loading=\"lazy\" decoding=\"async\" class=\"alignnone size-thumbnail wp-image-1886\" src=\"https:\/\/www.reseau-entreprendre.org\/bretagne\/wp-content\/uploads\/sites\/3\/2019\/04\/Micka\u00ebl-ANGAU-ANGAU-CO-150x150.png\" alt=\"\" width=\"150\" height=\"150\" srcset=\"https:\/\/www.reseau-entreprendre.org\/bretagne\/wp-content\/uploads\/sites\/3\/2019\/04\/Micka\u00ebl-ANGAU-ANGAU-CO-150x150.png 150w, https:\/\/www.reseau-entreprendre.org\/bretagne\/wp-content\/uploads\/sites\/3\/2019\/04\/Micka\u00ebl-ANGAU-ANGAU-CO.png 225w\" sizes=\"auto, (max-width: 150px) 100vw, 150px\" \/> Micka\u00ebl ANGAU <a href=\"http:\/\/www.angau-traiteur-rennes.fr\/\" target=\"_blank\" rel=\"noopener\">ANGAU &amp; CO<\/a> 35<\/p>\n<p><img loading=\"lazy\" decoding=\"async\" class=\"alignnone size-thumbnail wp-image-1887\" src=\"https:\/\/www.reseau-entreprendre.org\/bretagne\/wp-content\/uploads\/sites\/3\/2019\/04\/Benoit-LECLUSE-ARIMUS-150x150.jpg\" alt=\"\" width=\"150\" height=\"150\" srcset=\"https:\/\/www.reseau-entreprendre.org\/bretagne\/wp-content\/uploads\/sites\/3\/2019\/04\/Benoit-LECLUSE-ARIMUS-150x150.jpg 150w, https:\/\/www.reseau-entreprendre.org\/bretagne\/wp-content\/uploads\/sites\/3\/2019\/04\/Benoit-LECLUSE-ARIMUS-300x300.jpg 300w\" sizes=\"auto, (max-width: 150px) 100vw, 150px\" \/> Beno\u00eet L\u00c9CLUSE <a href=\"https:\/\/www.arimus-menuiserie.fr\/\" target=\"_blank\" rel=\"noopener\">ARIMUS<\/a> 35<\/p>\n<p><img loading=\"lazy\" decoding=\"async\" class=\"alignnone size-thumbnail wp-image-1888\" src=\"https:\/\/www.reseau-entreprendre.org\/bretagne\/wp-content\/uploads\/sites\/3\/2019\/04\/Ulrich-ROUSSEAU-WI6LABS-150x150.png\" alt=\"\" width=\"150\" height=\"150\" srcset=\"https:\/\/www.reseau-entreprendre.org\/bretagne\/wp-content\/uploads\/sites\/3\/2019\/04\/Ulrich-ROUSSEAU-WI6LABS-150x150.png 150w, https:\/\/www.reseau-entreprendre.org\/bretagne\/wp-content\/uploads\/sites\/3\/2019\/04\/Ulrich-ROUSSEAU-WI6LABS.png 225w\" sizes=\"auto, (max-width: 150px) 100vw, 150px\" \/> Ulrich ROUSSEAU <a href=\"http:\/\/www.wi6labs.com\/\" target=\"_blank\" rel=\"noopener\">WI6LABS<\/a> 35<\/p>\n","protected":false},"excerpt":{"rendered":"<p>Ludovic CORVOL ROUSSEAU \u00c9QUIPEMENTS\u00a0 22 Micka\u00ebl HERMMANN ETR 22 Micka\u00ebl<\/p>\n","protected":false},"author":87,"featured_media":1091,"comment_status":"closed","ping_status":"open","sticky":false,"template":"","format":"standard","meta":{"_acf_changed":false,"_monsterinsights_skip_tracking":false,"_monsterinsights_sitenote_active":false,"_monsterinsights_sitenote_note":"","_monsterinsights_sitenote_category":0,"footnotes":""},"categories":[4],"tags":[],"class_list":["post-1882","post","type-post","status-publish","format-standard","has-post-thumbnail","hentry","category-actualites","news"],"acf":[],"yoast_head":"<!-- This site is optimized with the Yoast SEO plugin v27.4 - https:\/\/yoast.com\/product\/yoast-seo-wordpress\/ -->\n<title>Laur\u00e9ats, ils d\u00e9cident, au terme de leur accompagnement, de devenir Membres d&#039;Avenir - R\u00e9seau Entreprendre Bretagne<\/title>\n<meta name=\"robots\" content=\"index, follow, max-snippet:-1, max-image-preview:large, max-video-preview:-1\" \/>\n<link rel=\"canonical\" href=\"https:\/\/www.reseau-entreprendre.org\/bretagne\/2019\/04\/29\/laureats-ils-decident-au-terme-de-leur-accompagnement-de-devenir-membres-davenir\/\" \/>\n<meta property=\"og:locale\" content=\"fr_FR\" \/>\n<meta property=\"og:type\" content=\"article\" \/>\n<meta property=\"og:title\" content=\"Laur\u00e9ats, ils d\u00e9cident, au terme de leur accompagnement, de devenir Membres d&#039;Avenir - R\u00e9seau Entreprendre Bretagne\" \/>\n<meta property=\"og:description\" content=\"Ludovic CORVOL ROUSSEAU \u00c9QUIPEMENTS\u00a0 22 Micka\u00ebl HERMMANN ETR 22 Micka\u00ebl\" \/>\n<meta property=\"og:url\" content=\"https:\/\/www.reseau-entreprendre.org\/bretagne\/2019\/04\/29\/laureats-ils-decident-au-terme-de-leur-accompagnement-de-devenir-membres-davenir\/\" \/>\n<meta property=\"og:site_name\" content=\"R\u00e9seau Entreprendre Bretagne\" \/>\n<meta property=\"article:publisher\" content=\"https:\/\/www.facebook.com\/reseauentreprendrebretagne\/\" \/>\n<meta property=\"article:published_time\" content=\"2019-04-29T13:35:13+00:00\" \/>\n<meta property=\"article:modified_time\" content=\"2022-04-11T15:19:59+00:00\" \/>\n<meta property=\"og:image\" content=\"https:\/\/www.reseau-entreprendre.org\/bretagne\/wp-content\/uploads\/sites\/3\/2018\/01\/logo-membre-avenir-bretagne-couleur.png\" \/>\n\t<meta property=\"og:image:width\" content=\"4016\" \/>\n\t<meta property=\"og:image:height\" content=\"3012\" \/>\n\t<meta property=\"og:image:type\" content=\"image\/png\" \/>\n<meta name=\"twitter:card\" content=\"summary_large_image\" \/>\n<meta name=\"twitter:creator\" content=\"@RE_Bretagne\" \/>\n<meta name=\"twitter:site\" content=\"@RE_Bretagne\" \/>\n<meta name=\"twitter:label1\" content=\"\u00c9crit par\" \/>\n\t<meta name=\"twitter:data1\" content=\"\" \/>\n<script type=\"application\/ld+json\" class=\"yoast-schema-graph\">{\"@context\":\"https:\\\/\\\/schema.org\",\"@graph\":[{\"@type\":\"Article\",\"@id\":\"https:\\\/\\\/www.reseau-entreprendre.org\\\/bretagne\\\/2019\\\/04\\\/29\\\/laureats-ils-decident-au-terme-de-leur-accompagnement-de-devenir-membres-davenir\\\/#article\",\"isPartOf\":{\"@id\":\"https:\\\/\\\/www.reseau-entreprendre.org\\\/bretagne\\\/2019\\\/04\\\/29\\\/laureats-ils-decident-au-terme-de-leur-accompagnement-de-devenir-membres-davenir\\\/\"},\"author\":{\"name\":\"\",\"@id\":\"\"},\"headline\":\"Laur\u00e9ats, ils d\u00e9cident, au terme de leur accompagnement, de devenir Membres d&#8217;Avenir\",\"datePublished\":\"2019-04-29T13:35:13+00:00\",\"dateModified\":\"2022-04-11T15:19:59+00:00\",\"mainEntityOfPage\":{\"@id\":\"https:\\\/\\\/www.reseau-entreprendre.org\\\/bretagne\\\/2019\\\/04\\\/29\\\/laureats-ils-decident-au-terme-de-leur-accompagnement-de-devenir-membres-davenir\\\/\"},\"wordCount\":38,\"image\":{\"@id\":\"https:\\\/\\\/www.reseau-entreprendre.org\\\/bretagne\\\/2019\\\/04\\\/29\\\/laureats-ils-decident-au-terme-de-leur-accompagnement-de-devenir-membres-davenir\\\/#primaryimage\"},\"thumbnailUrl\":\"https:\\\/\\\/www.reseau-entreprendre.org\\\/bretagne\\\/wp-content\\\/uploads\\\/sites\\\/3\\\/2018\\\/01\\\/logo-membre-avenir-bretagne-couleur.png\",\"articleSection\":[\"Actualit\u00e9s\"],\"inLanguage\":\"fr-FR\"},{\"@type\":\"WebPage\",\"@id\":\"https:\\\/\\\/www.reseau-entreprendre.org\\\/bretagne\\\/2019\\\/04\\\/29\\\/laureats-ils-decident-au-terme-de-leur-accompagnement-de-devenir-membres-davenir\\\/\",\"url\":\"https:\\\/\\\/www.reseau-entreprendre.org\\\/bretagne\\\/2019\\\/04\\\/29\\\/laureats-ils-decident-au-terme-de-leur-accompagnement-de-devenir-membres-davenir\\\/\",\"name\":\"Laur\u00e9ats, ils d\u00e9cident, au terme de leur accompagnement, de devenir Membres d'Avenir - R\u00e9seau Entreprendre Bretagne\",\"isPartOf\":{\"@id\":\"https:\\\/\\\/www.reseau-entreprendre.org\\\/bretagne\\\/#website\"},\"primaryImageOfPage\":{\"@id\":\"https:\\\/\\\/www.reseau-entreprendre.org\\\/bretagne\\\/2019\\\/04\\\/29\\\/laureats-ils-decident-au-terme-de-leur-accompagnement-de-devenir-membres-davenir\\\/#primaryimage\"},\"image\":{\"@id\":\"https:\\\/\\\/www.reseau-entreprendre.org\\\/bretagne\\\/2019\\\/04\\\/29\\\/laureats-ils-decident-au-terme-de-leur-accompagnement-de-devenir-membres-davenir\\\/#primaryimage\"},\"thumbnailUrl\":\"https:\\\/\\\/www.reseau-entreprendre.org\\\/bretagne\\\/wp-content\\\/uploads\\\/sites\\\/3\\\/2018\\\/01\\\/logo-membre-avenir-bretagne-couleur.png\",\"datePublished\":\"2019-04-29T13:35:13+00:00\",\"dateModified\":\"2022-04-11T15:19:59+00:00\",\"author\":{\"@id\":\"\"},\"breadcrumb\":{\"@id\":\"https:\\\/\\\/www.reseau-entreprendre.org\\\/bretagne\\\/2019\\\/04\\\/29\\\/laureats-ils-decident-au-terme-de-leur-accompagnement-de-devenir-membres-davenir\\\/#breadcrumb\"},\"inLanguage\":\"fr-FR\",\"potentialAction\":[{\"@type\":\"ReadAction\",\"target\":[\"https:\\\/\\\/www.reseau-entreprendre.org\\\/bretagne\\\/2019\\\/04\\\/29\\\/laureats-ils-decident-au-terme-de-leur-accompagnement-de-devenir-membres-davenir\\\/\"]}]},{\"@type\":\"ImageObject\",\"inLanguage\":\"fr-FR\",\"@id\":\"https:\\\/\\\/www.reseau-entreprendre.org\\\/bretagne\\\/2019\\\/04\\\/29\\\/laureats-ils-decident-au-terme-de-leur-accompagnement-de-devenir-membres-davenir\\\/#primaryimage\",\"url\":\"https:\\\/\\\/www.reseau-entreprendre.org\\\/bretagne\\\/wp-content\\\/uploads\\\/sites\\\/3\\\/2018\\\/01\\\/logo-membre-avenir-bretagne-couleur.png\",\"contentUrl\":\"https:\\\/\\\/www.reseau-entreprendre.org\\\/bretagne\\\/wp-content\\\/uploads\\\/sites\\\/3\\\/2018\\\/01\\\/logo-membre-avenir-bretagne-couleur.png\",\"width\":4016,\"height\":3012},{\"@type\":\"BreadcrumbList\",\"@id\":\"https:\\\/\\\/www.reseau-entreprendre.org\\\/bretagne\\\/2019\\\/04\\\/29\\\/laureats-ils-decident-au-terme-de-leur-accompagnement-de-devenir-membres-davenir\\\/#breadcrumb\",\"itemListElement\":[{\"@type\":\"ListItem\",\"position\":1,\"name\":\"Accueil\",\"item\":\"https:\\\/\\\/www.reseau-entreprendre.org\\\/bretagne\\\/\"},{\"@type\":\"ListItem\",\"position\":2,\"name\":\"Laur\u00e9ats, ils d\u00e9cident, au terme de leur accompagnement, de devenir Membres d&rsquo;Avenir\"}]},{\"@type\":\"WebSite\",\"@id\":\"https:\\\/\\\/www.reseau-entreprendre.org\\\/bretagne\\\/#website\",\"url\":\"https:\\\/\\\/www.reseau-entreprendre.org\\\/bretagne\\\/\",\"name\":\"R\u00e9seau Entreprendre Bretagne\",\"description\":\"Pour cr\u00e9er des emplois, cr\u00e9ons des employeurs\",\"potentialAction\":[{\"@type\":\"SearchAction\",\"target\":{\"@type\":\"EntryPoint\",\"urlTemplate\":\"https:\\\/\\\/www.reseau-entreprendre.org\\\/bretagne\\\/?s={search_term_string}\"},\"query-input\":{\"@type\":\"PropertyValueSpecification\",\"valueRequired\":true,\"valueName\":\"search_term_string\"}}],\"inLanguage\":\"fr-FR\"},{\"@type\":\"Person\",\"@id\":\"\",\"url\":\"https:\\\/\\\/www.reseau-entreprendre.org\\\/bretagne\\\/author\\\/\"}]}<\/script>\n<!-- \/ Yoast SEO plugin. -->","yoast_head_json":{"title":"Laur\u00e9ats, ils d\u00e9cident, au terme de leur accompagnement, de devenir Membres d'Avenir - R\u00e9seau Entreprendre Bretagne","robots":{"index":"index","follow":"follow","max-snippet":"max-snippet:-1","max-image-preview":"max-image-preview:large","max-video-preview":"max-video-preview:-1"},"canonical":"https:\/\/www.reseau-entreprendre.org\/bretagne\/2019\/04\/29\/laureats-ils-decident-au-terme-de-leur-accompagnement-de-devenir-membres-davenir\/","og_locale":"fr_FR","og_type":"article","og_title":"Laur\u00e9ats, ils d\u00e9cident, au terme de leur accompagnement, de devenir Membres d'Avenir - R\u00e9seau Entreprendre Bretagne","og_description":"Ludovic CORVOL ROUSSEAU \u00c9QUIPEMENTS\u00a0 22 Micka\u00ebl HERMMANN ETR 22 Micka\u00ebl","og_url":"https:\/\/www.reseau-entreprendre.org\/bretagne\/2019\/04\/29\/laureats-ils-decident-au-terme-de-leur-accompagnement-de-devenir-membres-davenir\/","og_site_name":"R\u00e9seau Entreprendre Bretagne","article_publisher":"https:\/\/www.facebook.com\/reseauentreprendrebretagne\/","article_published_time":"2019-04-29T13:35:13+00:00","article_modified_time":"2022-04-11T15:19:59+00:00","og_image":[{"width":4016,"height":3012,"url":"https:\/\/www.reseau-entreprendre.org\/bretagne\/wp-content\/uploads\/sites\/3\/2018\/01\/logo-membre-avenir-bretagne-couleur.png","type":"image\/png"}],"twitter_card":"summary_large_image","twitter_creator":"@RE_Bretagne","twitter_site":"@RE_Bretagne","twitter_misc":{"\u00c9crit par":""},"schema":{"@context":"https:\/\/schema.org","@graph":[{"@type":"Article","@id":"https:\/\/www.reseau-entreprendre.org\/bretagne\/2019\/04\/29\/laureats-ils-decident-au-terme-de-leur-accompagnement-de-devenir-membres-davenir\/#article","isPartOf":{"@id":"https:\/\/www.reseau-entreprendre.org\/bretagne\/2019\/04\/29\/laureats-ils-decident-au-terme-de-leur-accompagnement-de-devenir-membres-davenir\/"},"author":{"name":"","@id":""},"headline":"Laur\u00e9ats, ils d\u00e9cident, au terme de leur accompagnement, de devenir Membres d&#8217;Avenir","datePublished":"2019-04-29T13:35:13+00:00","dateModified":"2022-04-11T15:19:59+00:00","mainEntityOfPage":{"@id":"https:\/\/www.reseau-entreprendre.org\/bretagne\/2019\/04\/29\/laureats-ils-decident-au-terme-de-leur-accompagnement-de-devenir-membres-davenir\/"},"wordCount":38,"image":{"@id":"https:\/\/www.reseau-entreprendre.org\/bretagne\/2019\/04\/29\/laureats-ils-decident-au-terme-de-leur-accompagnement-de-devenir-membres-davenir\/#primaryimage"},"thumbnailUrl":"https:\/\/www.reseau-entreprendre.org\/bretagne\/wp-content\/uploads\/sites\/3\/2018\/01\/logo-membre-avenir-bretagne-couleur.png","articleSection":["Actualit\u00e9s"],"inLanguage":"fr-FR"},{"@type":"WebPage","@id":"https:\/\/www.reseau-entreprendre.org\/bretagne\/2019\/04\/29\/laureats-ils-decident-au-terme-de-leur-accompagnement-de-devenir-membres-davenir\/","url":"https:\/\/www.reseau-entreprendre.org\/bretagne\/2019\/04\/29\/laureats-ils-decident-au-terme-de-leur-accompagnement-de-devenir-membres-davenir\/","name":"Laur\u00e9ats, ils d\u00e9cident, au terme de leur accompagnement, de devenir Membres d'Avenir - R\u00e9seau Entreprendre Bretagne","isPartOf":{"@id":"https:\/\/www.reseau-entreprendre.org\/bretagne\/#website"},"primaryImageOfPage":{"@id":"https:\/\/www.reseau-entreprendre.org\/bretagne\/2019\/04\/29\/laureats-ils-decident-au-terme-de-leur-accompagnement-de-devenir-membres-davenir\/#primaryimage"},"image":{"@id":"https:\/\/www.reseau-entreprendre.org\/bretagne\/2019\/04\/29\/laureats-ils-decident-au-terme-de-leur-accompagnement-de-devenir-membres-davenir\/#primaryimage"},"thumbnailUrl":"https:\/\/www.reseau-entreprendre.org\/bretagne\/wp-content\/uploads\/sites\/3\/2018\/01\/logo-membre-avenir-bretagne-couleur.png","datePublished":"2019-04-29T13:35:13+00:00","dateModified":"2022-04-11T15:19:59+00:00","author":{"@id":""},"breadcrumb":{"@id":"https:\/\/www.reseau-entreprendre.org\/bretagne\/2019\/04\/29\/laureats-ils-decident-au-terme-de-leur-accompagnement-de-devenir-membres-davenir\/#breadcrumb"},"inLanguage":"fr-FR","potentialAction":[{"@type":"ReadAction","target":["https:\/\/www.reseau-entreprendre.org\/bretagne\/2019\/04\/29\/laureats-ils-decident-au-terme-de-leur-accompagnement-de-devenir-membres-davenir\/"]}]},{"@type":"ImageObject","inLanguage":"fr-FR","@id":"https:\/\/www.reseau-entreprendre.org\/bretagne\/2019\/04\/29\/laureats-ils-decident-au-terme-de-leur-accompagnement-de-devenir-membres-davenir\/#primaryimage","url":"https:\/\/www.reseau-entreprendre.org\/bretagne\/wp-content\/uploads\/sites\/3\/2018\/01\/logo-membre-avenir-bretagne-couleur.png","contentUrl":"https:\/\/www.reseau-entreprendre.org\/bretagne\/wp-content\/uploads\/sites\/3\/2018\/01\/logo-membre-avenir-bretagne-couleur.png","width":4016,"height":3012},{"@type":"BreadcrumbList","@id":"https:\/\/www.reseau-entreprendre.org\/bretagne\/2019\/04\/29\/laureats-ils-decident-au-terme-de-leur-accompagnement-de-devenir-membres-davenir\/#breadcrumb","itemListElement":[{"@type":"ListItem","position":1,"name":"Accueil","item":"https:\/\/www.reseau-entreprendre.org\/bretagne\/"},{"@type":"ListItem","position":2,"name":"Laur\u00e9ats, ils d\u00e9cident, au terme de leur accompagnement, de devenir Membres d&rsquo;Avenir"}]},{"@type":"WebSite","@id":"https:\/\/www.reseau-entreprendre.org\/bretagne\/#website","url":"https:\/\/www.reseau-entreprendre.org\/bretagne\/","name":"R\u00e9seau Entreprendre Bretagne","description":"Pour cr\u00e9er des emplois, cr\u00e9ons des employeurs","potentialAction":[{"@type":"SearchAction","target":{"@type":"EntryPoint","urlTemplate":"https:\/\/www.reseau-entreprendre.org\/bretagne\/?s={search_term_string}"},"query-input":{"@type":"PropertyValueSpecification","valueRequired":true,"valueName":"search_term_string"}}],"inLanguage":"fr-FR"},{"@type":"Person","@id":"","url":"https:\/\/www.reseau-entreprendre.org\/bretagne\/author\/"}]}},"_links":{"self":[{"href":"https:\/\/www.reseau-entreprendre.org\/bretagne\/wp-json\/wp\/v2\/posts\/1882","targetHints":{"allow":["GET"]}}],"collection":[{"href":"https:\/\/www.reseau-entreprendre.org\/bretagne\/wp-json\/wp\/v2\/posts"}],"about":[{"href":"https:\/\/www.reseau-entreprendre.org\/bretagne\/wp-json\/wp\/v2\/types\/post"}],"author":[{"embeddable":true,"href":"https:\/\/www.reseau-entreprendre.org\/bretagne\/wp-json\/wp\/v2\/users\/87"}],"replies":[{"embeddable":true,"href":"https:\/\/www.reseau-entreprendre.org\/bretagne\/wp-json\/wp\/v2\/comments?post=1882"}],"version-history":[{"count":0,"href":"https:\/\/www.reseau-entreprendre.org\/bretagne\/wp-json\/wp\/v2\/posts\/1882\/revisions"}],"wp:featuredmedia":[{"embeddable":true,"href":"https:\/\/www.reseau-entreprendre.org\/bretagne\/wp-json\/wp\/v2\/media\/1091"}],"wp:attachment":[{"href":"https:\/\/www.reseau-entreprendre.org\/bretagne\/wp-json\/wp\/v2\/media?parent=1882"}],"wp:term":[{"taxonomy":"category","embeddable":true,"href":"https:\/\/www.reseau-entreprendre.org\/bretagne\/wp-json\/wp\/v2\/categories?post=1882"},{"taxonomy":"post_tag","embeddable":true,"href":"https:\/\/www.reseau-entreprendre.org\/bretagne\/wp-json\/wp\/v2\/tags?post=1882"}],"curies":[{"name":"wp","href":"https:\/\/api.w.org\/{rel}","templated":true}]}}