{"id":2108,"date":"2019-09-25T11:54:49","date_gmt":"2019-09-25T09:54:49","guid":{"rendered":"https:\/\/www.reseau-entreprendre.org\/bretagne\/?p=2108"},"modified":"2022-04-11T17:19:58","modified_gmt":"2022-04-11T15:19:58","slug":"conviviale-en-finistere","status":"publish","type":"post","link":"https:\/\/www.reseau-entreprendre.org\/bretagne\/2019\/09\/25\/conviviale-en-finistere\/","title":{"rendered":"CONVIVIALE EN FINIST\u00c8RE"},"content":{"rendered":"<p>une belle sortie \u00e0 Ouessant !<br \/>\nLa m\u00e9t\u00e9o de ce 24 septembre semblait bien triste au d\u00e9part de la gare maritime de Brest. Grisaille et crachin dans un semi obscurit\u00e9 matinale ne donnaient gu\u00e8re envie de quitter Brest.<br \/>\nIl n&#8217;emp\u00eache ! ce n&#8217;est pas la pluie qui a arr\u00eat\u00e9 les participants de R\u00e9seau Entreprendre \u00e0 cette sortie.<br \/>\nSur la rade, le bateau de la compagnie Penn ar Bed nous a un peu chahut\u00e9.<br \/>\nA partir du Conquet le ciel et la mer se sont soudainement d\u00e9gag\u00e9s pour nous offrir une arriv\u00e9e sous un soleil \u00e9clatant.<br \/>\nSophie Chave, laur\u00e9ate et entrepreneuse, nous attendait sur le quai \u00e0 partir duquel nous avons embarqu\u00e9, en minibus, vers le phare de Creac&#8217;h,<br \/>\nLe mus\u00e9e des phares et balises fut le point de d\u00e9part d&#8217;une randonn\u00e9e de 7 kilom\u00e8tres dans un d\u00e9cor exceptionnel conjuguant le vent, le soleil et une mer \u00e9clatante.<br \/>\nLe restaurant, privatis\u00e9 pour l&#8217;occasion, fut l&#8217;occasion de faire une pause avant de repartir d\u00e9couvrir les fondations du futur spa h\u00f4tel.<br \/>\nSophie nous en a expliqu\u00e9 la philosophie et les objectifs de ce futur SPA HOTEL dot\u00e9 d&#8217;une vue \u00e0 180\u00b0 sur la baie de Lampaul en face du rocher du Corse.<br \/>\nC&#8217;est dans ce site que nous avons pratiqu\u00e9 une petite session de remise en forme et m\u00e9ditation sous un ciel o\u00f9 les mouettes jouaient avec les nuages avant de rejoindre l\u2019embarcad\u00e8re.<br \/>\nUn dauphin de belle taille a salu\u00e9 notre d\u00e9part en esp\u00e9rant renouveler le s\u00e9jour l&#8217;ann\u00e9e 2020 et tester la piscine de l\u2019h\u00f4tel.<br \/>\nPhilippe Edelmayer<\/p>\n<figure id=\"attachment_2109\" aria-describedby=\"caption-attachment-2109\" style=\"width: 1300px\" class=\"wp-caption aligncenter\"><img loading=\"lazy\" decoding=\"async\" class=\"size-full wp-image-2109\" src=\"https:\/\/www.reseau-entreprendre.org\/bretagne\/wp-content\/uploads\/sites\/3\/2019\/09\/20190924_115756.jpg\" alt=\"\" width=\"1300\" height=\"700\" \/><figcaption id=\"caption-attachment-2109\" class=\"wp-caption-text\">groupe REB<\/figcaption><\/figure>\n<figure id=\"attachment_2111\" aria-describedby=\"caption-attachment-2111\" style=\"width: 2011px\" class=\"wp-caption aligncenter\"><img loading=\"lazy\" decoding=\"async\" class=\"size-full wp-image-2111\" src=\"https:\/\/www.reseau-entreprendre.org\/bretagne\/wp-content\/uploads\/sites\/3\/2019\/09\/20190924_121723.jpg\" alt=\"\" width=\"2011\" height=\"485\" srcset=\"https:\/\/www.reseau-entreprendre.org\/bretagne\/wp-content\/uploads\/sites\/3\/2019\/09\/20190924_121723.jpg 4022w, https:\/\/www.reseau-entreprendre.org\/bretagne\/wp-content\/uploads\/sites\/3\/2019\/09\/20190924_121723-300x72.jpg 300w, https:\/\/www.reseau-entreprendre.org\/bretagne\/wp-content\/uploads\/sites\/3\/2019\/09\/20190924_121723-768x185.jpg 768w, https:\/\/www.reseau-entreprendre.org\/bretagne\/wp-content\/uploads\/sites\/3\/2019\/09\/20190924_121723-1024x247.jpg 1024w\" sizes=\"auto, (max-width: 2011px) 100vw, 2011px\" \/><figcaption id=\"caption-attachment-2111\" class=\"wp-caption-text\">panoramique<\/figcaption><\/figure>\n<figure id=\"attachment_2113\" aria-describedby=\"caption-attachment-2113\" style=\"width: 1217px\" class=\"wp-caption aligncenter\"><img loading=\"lazy\" decoding=\"async\" class=\"size-full wp-image-2113\" src=\"https:\/\/www.reseau-entreprendre.org\/bretagne\/wp-content\/uploads\/sites\/3\/2019\/09\/20190924_150748.jpg\" alt=\"\" width=\"1217\" height=\"657\" srcset=\"https:\/\/www.reseau-entreprendre.org\/bretagne\/wp-content\/uploads\/sites\/3\/2019\/09\/20190924_150748.jpg 2435w, https:\/\/www.reseau-entreprendre.org\/bretagne\/wp-content\/uploads\/sites\/3\/2019\/09\/20190924_150748-300x162.jpg 300w, https:\/\/www.reseau-entreprendre.org\/bretagne\/wp-content\/uploads\/sites\/3\/2019\/09\/20190924_150748-768x415.jpg 768w, https:\/\/www.reseau-entreprendre.org\/bretagne\/wp-content\/uploads\/sites\/3\/2019\/09\/20190924_150748-1024x553.jpg 1024w\" sizes=\"auto, (max-width: 1217px) 100vw, 1217px\" \/><figcaption id=\"caption-attachment-2113\" class=\"wp-caption-text\">ressource1<\/figcaption><\/figure>\n","protected":false},"excerpt":{"rendered":"<p>une belle sortie \u00e0 Ouessant ! La m\u00e9t\u00e9o de ce<\/p>\n","protected":false},"author":3,"featured_media":2109,"comment_status":"closed","ping_status":"open","sticky":false,"template":"","format":"image","meta":{"_acf_changed":false,"_monsterinsights_skip_tracking":false,"_monsterinsights_sitenote_active":false,"_monsterinsights_sitenote_note":"","_monsterinsights_sitenote_category":0,"footnotes":""},"categories":[4],"tags":[],"class_list":["post-2108","post","type-post","status-publish","format-image","has-post-thumbnail","hentry","category-actualites","post_format-post-format-image","news"],"acf":[],"yoast_head":"<!-- This site is optimized with the Yoast SEO plugin v27.4 - https:\/\/yoast.com\/product\/yoast-seo-wordpress\/ -->\n<title>CONVIVIALE EN FINIST\u00c8RE - R\u00e9seau Entreprendre Bretagne<\/title>\n<meta name=\"robots\" content=\"index, follow, max-snippet:-1, max-image-preview:large, max-video-preview:-1\" \/>\n<link rel=\"canonical\" href=\"https:\/\/www.reseau-entreprendre.org\/bretagne\/2019\/09\/25\/conviviale-en-finistere\/\" \/>\n<meta property=\"og:locale\" content=\"fr_FR\" \/>\n<meta property=\"og:type\" content=\"article\" \/>\n<meta property=\"og:title\" content=\"CONVIVIALE EN FINIST\u00c8RE - R\u00e9seau Entreprendre Bretagne\" \/>\n<meta property=\"og:description\" content=\"une belle sortie \u00e0 Ouessant ! La m\u00e9t\u00e9o de ce\" \/>\n<meta property=\"og:url\" content=\"https:\/\/www.reseau-entreprendre.org\/bretagne\/2019\/09\/25\/conviviale-en-finistere\/\" \/>\n<meta property=\"og:site_name\" content=\"R\u00e9seau Entreprendre Bretagne\" \/>\n<meta property=\"article:publisher\" content=\"https:\/\/www.facebook.com\/reseauentreprendrebretagne\/\" \/>\n<meta property=\"article:published_time\" content=\"2019-09-25T09:54:49+00:00\" \/>\n<meta property=\"article:modified_time\" content=\"2022-04-11T15:19:58+00:00\" \/>\n<meta property=\"og:image\" content=\"https:\/\/www.reseau-entreprendre.org\/bretagne\/wp-content\/uploads\/sites\/3\/2019\/09\/20190924_115756.jpg\" \/>\n\t<meta property=\"og:image:width\" content=\"2790\" \/>\n\t<meta property=\"og:image:height\" content=\"1456\" \/>\n\t<meta property=\"og:image:type\" content=\"image\/jpeg\" \/>\n<meta name=\"author\" content=\"bretagne\" \/>\n<meta name=\"twitter:card\" content=\"summary_large_image\" \/>\n<meta name=\"twitter:creator\" content=\"@RE_Bretagne\" \/>\n<meta name=\"twitter:site\" content=\"@RE_Bretagne\" \/>\n<meta name=\"twitter:label1\" content=\"\u00c9crit par\" \/>\n\t<meta name=\"twitter:data1\" content=\"bretagne\" \/>\n\t<meta name=\"twitter:label2\" content=\"Dur\u00e9e de lecture estim\u00e9e\" \/>\n\t<meta name=\"twitter:data2\" content=\"1 minute\" \/>\n<script type=\"application\/ld+json\" class=\"yoast-schema-graph\">{\"@context\":\"https:\\\/\\\/schema.org\",\"@graph\":[{\"@type\":\"Article\",\"@id\":\"https:\\\/\\\/www.reseau-entreprendre.org\\\/bretagne\\\/2019\\\/09\\\/25\\\/conviviale-en-finistere\\\/#article\",\"isPartOf\":{\"@id\":\"https:\\\/\\\/www.reseau-entreprendre.org\\\/bretagne\\\/2019\\\/09\\\/25\\\/conviviale-en-finistere\\\/\"},\"author\":{\"name\":\"bretagne\",\"@id\":\"https:\\\/\\\/www.reseau-entreprendre.org\\\/bretagne\\\/#\\\/schema\\\/person\\\/1c6299543d9bd30cb3c949a995444772\"},\"headline\":\"CONVIVIALE EN FINIST\u00c8RE\",\"datePublished\":\"2019-09-25T09:54:49+00:00\",\"dateModified\":\"2022-04-11T15:19:58+00:00\",\"mainEntityOfPage\":{\"@id\":\"https:\\\/\\\/www.reseau-entreprendre.org\\\/bretagne\\\/2019\\\/09\\\/25\\\/conviviale-en-finistere\\\/\"},\"wordCount\":309,\"image\":{\"@id\":\"https:\\\/\\\/www.reseau-entreprendre.org\\\/bretagne\\\/2019\\\/09\\\/25\\\/conviviale-en-finistere\\\/#primaryimage\"},\"thumbnailUrl\":\"https:\\\/\\\/www.reseau-entreprendre.org\\\/bretagne\\\/wp-content\\\/uploads\\\/sites\\\/3\\\/2019\\\/09\\\/20190924_115756.jpg\",\"articleSection\":[\"Actualit\u00e9s\"],\"inLanguage\":\"fr-FR\"},{\"@type\":\"WebPage\",\"@id\":\"https:\\\/\\\/www.reseau-entreprendre.org\\\/bretagne\\\/2019\\\/09\\\/25\\\/conviviale-en-finistere\\\/\",\"url\":\"https:\\\/\\\/www.reseau-entreprendre.org\\\/bretagne\\\/2019\\\/09\\\/25\\\/conviviale-en-finistere\\\/\",\"name\":\"CONVIVIALE EN FINIST\u00c8RE - R\u00e9seau Entreprendre Bretagne\",\"isPartOf\":{\"@id\":\"https:\\\/\\\/www.reseau-entreprendre.org\\\/bretagne\\\/#website\"},\"primaryImageOfPage\":{\"@id\":\"https:\\\/\\\/www.reseau-entreprendre.org\\\/bretagne\\\/2019\\\/09\\\/25\\\/conviviale-en-finistere\\\/#primaryimage\"},\"image\":{\"@id\":\"https:\\\/\\\/www.reseau-entreprendre.org\\\/bretagne\\\/2019\\\/09\\\/25\\\/conviviale-en-finistere\\\/#primaryimage\"},\"thumbnailUrl\":\"https:\\\/\\\/www.reseau-entreprendre.org\\\/bretagne\\\/wp-content\\\/uploads\\\/sites\\\/3\\\/2019\\\/09\\\/20190924_115756.jpg\",\"datePublished\":\"2019-09-25T09:54:49+00:00\",\"dateModified\":\"2022-04-11T15:19:58+00:00\",\"author\":{\"@id\":\"https:\\\/\\\/www.reseau-entreprendre.org\\\/bretagne\\\/#\\\/schema\\\/person\\\/1c6299543d9bd30cb3c949a995444772\"},\"breadcrumb\":{\"@id\":\"https:\\\/\\\/www.reseau-entreprendre.org\\\/bretagne\\\/2019\\\/09\\\/25\\\/conviviale-en-finistere\\\/#breadcrumb\"},\"inLanguage\":\"fr-FR\",\"potentialAction\":[{\"@type\":\"ReadAction\",\"target\":[\"https:\\\/\\\/www.reseau-entreprendre.org\\\/bretagne\\\/2019\\\/09\\\/25\\\/conviviale-en-finistere\\\/\"]}]},{\"@type\":\"ImageObject\",\"inLanguage\":\"fr-FR\",\"@id\":\"https:\\\/\\\/www.reseau-entreprendre.org\\\/bretagne\\\/2019\\\/09\\\/25\\\/conviviale-en-finistere\\\/#primaryimage\",\"url\":\"https:\\\/\\\/www.reseau-entreprendre.org\\\/bretagne\\\/wp-content\\\/uploads\\\/sites\\\/3\\\/2019\\\/09\\\/20190924_115756.jpg\",\"contentUrl\":\"https:\\\/\\\/www.reseau-entreprendre.org\\\/bretagne\\\/wp-content\\\/uploads\\\/sites\\\/3\\\/2019\\\/09\\\/20190924_115756.jpg\",\"width\":2790,\"height\":1456,\"caption\":\"groupe REB\"},{\"@type\":\"BreadcrumbList\",\"@id\":\"https:\\\/\\\/www.reseau-entreprendre.org\\\/bretagne\\\/2019\\\/09\\\/25\\\/conviviale-en-finistere\\\/#breadcrumb\",\"itemListElement\":[{\"@type\":\"ListItem\",\"position\":1,\"name\":\"Accueil\",\"item\":\"https:\\\/\\\/www.reseau-entreprendre.org\\\/bretagne\\\/\"},{\"@type\":\"ListItem\",\"position\":2,\"name\":\"CONVIVIALE EN FINIST\u00c8RE\"}]},{\"@type\":\"WebSite\",\"@id\":\"https:\\\/\\\/www.reseau-entreprendre.org\\\/bretagne\\\/#website\",\"url\":\"https:\\\/\\\/www.reseau-entreprendre.org\\\/bretagne\\\/\",\"name\":\"R\u00e9seau Entreprendre Bretagne\",\"description\":\"Pour cr\u00e9er des emplois, cr\u00e9ons des employeurs\",\"potentialAction\":[{\"@type\":\"SearchAction\",\"target\":{\"@type\":\"EntryPoint\",\"urlTemplate\":\"https:\\\/\\\/www.reseau-entreprendre.org\\\/bretagne\\\/?s={search_term_string}\"},\"query-input\":{\"@type\":\"PropertyValueSpecification\",\"valueRequired\":true,\"valueName\":\"search_term_string\"}}],\"inLanguage\":\"fr-FR\"},{\"@type\":\"Person\",\"@id\":\"https:\\\/\\\/www.reseau-entreprendre.org\\\/bretagne\\\/#\\\/schema\\\/person\\\/1c6299543d9bd30cb3c949a995444772\",\"name\":\"bretagne\",\"image\":{\"@type\":\"ImageObject\",\"inLanguage\":\"fr-FR\",\"@id\":\"https:\\\/\\\/secure.gravatar.com\\\/avatar\\\/92cffde2dbd036cbc8249d542d2ca21dabebd4b4db2db5ea59b98bb93e0521b9?s=96&d=mm&r=g\",\"url\":\"https:\\\/\\\/secure.gravatar.com\\\/avatar\\\/92cffde2dbd036cbc8249d542d2ca21dabebd4b4db2db5ea59b98bb93e0521b9?s=96&d=mm&r=g\",\"contentUrl\":\"https:\\\/\\\/secure.gravatar.com\\\/avatar\\\/92cffde2dbd036cbc8249d542d2ca21dabebd4b4db2db5ea59b98bb93e0521b9?s=96&d=mm&r=g\",\"caption\":\"bretagne\"},\"url\":\"https:\\\/\\\/www.reseau-entreprendre.org\\\/bretagne\\\/author\\\/bretagne\\\/\"}]}<\/script>\n<!-- \/ Yoast SEO plugin. -->","yoast_head_json":{"title":"CONVIVIALE EN FINIST\u00c8RE - R\u00e9seau Entreprendre Bretagne","robots":{"index":"index","follow":"follow","max-snippet":"max-snippet:-1","max-image-preview":"max-image-preview:large","max-video-preview":"max-video-preview:-1"},"canonical":"https:\/\/www.reseau-entreprendre.org\/bretagne\/2019\/09\/25\/conviviale-en-finistere\/","og_locale":"fr_FR","og_type":"article","og_title":"CONVIVIALE EN FINIST\u00c8RE - R\u00e9seau Entreprendre Bretagne","og_description":"une belle sortie \u00e0 Ouessant ! La m\u00e9t\u00e9o de ce","og_url":"https:\/\/www.reseau-entreprendre.org\/bretagne\/2019\/09\/25\/conviviale-en-finistere\/","og_site_name":"R\u00e9seau Entreprendre Bretagne","article_publisher":"https:\/\/www.facebook.com\/reseauentreprendrebretagne\/","article_published_time":"2019-09-25T09:54:49+00:00","article_modified_time":"2022-04-11T15:19:58+00:00","og_image":[{"width":2790,"height":1456,"url":"https:\/\/www.reseau-entreprendre.org\/bretagne\/wp-content\/uploads\/sites\/3\/2019\/09\/20190924_115756.jpg","type":"image\/jpeg"}],"author":"bretagne","twitter_card":"summary_large_image","twitter_creator":"@RE_Bretagne","twitter_site":"@RE_Bretagne","twitter_misc":{"\u00c9crit par":"bretagne","Dur\u00e9e de lecture estim\u00e9e":"1 minute"},"schema":{"@context":"https:\/\/schema.org","@graph":[{"@type":"Article","@id":"https:\/\/www.reseau-entreprendre.org\/bretagne\/2019\/09\/25\/conviviale-en-finistere\/#article","isPartOf":{"@id":"https:\/\/www.reseau-entreprendre.org\/bretagne\/2019\/09\/25\/conviviale-en-finistere\/"},"author":{"name":"bretagne","@id":"https:\/\/www.reseau-entreprendre.org\/bretagne\/#\/schema\/person\/1c6299543d9bd30cb3c949a995444772"},"headline":"CONVIVIALE EN FINIST\u00c8RE","datePublished":"2019-09-25T09:54:49+00:00","dateModified":"2022-04-11T15:19:58+00:00","mainEntityOfPage":{"@id":"https:\/\/www.reseau-entreprendre.org\/bretagne\/2019\/09\/25\/conviviale-en-finistere\/"},"wordCount":309,"image":{"@id":"https:\/\/www.reseau-entreprendre.org\/bretagne\/2019\/09\/25\/conviviale-en-finistere\/#primaryimage"},"thumbnailUrl":"https:\/\/www.reseau-entreprendre.org\/bretagne\/wp-content\/uploads\/sites\/3\/2019\/09\/20190924_115756.jpg","articleSection":["Actualit\u00e9s"],"inLanguage":"fr-FR"},{"@type":"WebPage","@id":"https:\/\/www.reseau-entreprendre.org\/bretagne\/2019\/09\/25\/conviviale-en-finistere\/","url":"https:\/\/www.reseau-entreprendre.org\/bretagne\/2019\/09\/25\/conviviale-en-finistere\/","name":"CONVIVIALE EN FINIST\u00c8RE - R\u00e9seau Entreprendre Bretagne","isPartOf":{"@id":"https:\/\/www.reseau-entreprendre.org\/bretagne\/#website"},"primaryImageOfPage":{"@id":"https:\/\/www.reseau-entreprendre.org\/bretagne\/2019\/09\/25\/conviviale-en-finistere\/#primaryimage"},"image":{"@id":"https:\/\/www.reseau-entreprendre.org\/bretagne\/2019\/09\/25\/conviviale-en-finistere\/#primaryimage"},"thumbnailUrl":"https:\/\/www.reseau-entreprendre.org\/bretagne\/wp-content\/uploads\/sites\/3\/2019\/09\/20190924_115756.jpg","datePublished":"2019-09-25T09:54:49+00:00","dateModified":"2022-04-11T15:19:58+00:00","author":{"@id":"https:\/\/www.reseau-entreprendre.org\/bretagne\/#\/schema\/person\/1c6299543d9bd30cb3c949a995444772"},"breadcrumb":{"@id":"https:\/\/www.reseau-entreprendre.org\/bretagne\/2019\/09\/25\/conviviale-en-finistere\/#breadcrumb"},"inLanguage":"fr-FR","potentialAction":[{"@type":"ReadAction","target":["https:\/\/www.reseau-entreprendre.org\/bretagne\/2019\/09\/25\/conviviale-en-finistere\/"]}]},{"@type":"ImageObject","inLanguage":"fr-FR","@id":"https:\/\/www.reseau-entreprendre.org\/bretagne\/2019\/09\/25\/conviviale-en-finistere\/#primaryimage","url":"https:\/\/www.reseau-entreprendre.org\/bretagne\/wp-content\/uploads\/sites\/3\/2019\/09\/20190924_115756.jpg","contentUrl":"https:\/\/www.reseau-entreprendre.org\/bretagne\/wp-content\/uploads\/sites\/3\/2019\/09\/20190924_115756.jpg","width":2790,"height":1456,"caption":"groupe REB"},{"@type":"BreadcrumbList","@id":"https:\/\/www.reseau-entreprendre.org\/bretagne\/2019\/09\/25\/conviviale-en-finistere\/#breadcrumb","itemListElement":[{"@type":"ListItem","position":1,"name":"Accueil","item":"https:\/\/www.reseau-entreprendre.org\/bretagne\/"},{"@type":"ListItem","position":2,"name":"CONVIVIALE EN FINIST\u00c8RE"}]},{"@type":"WebSite","@id":"https:\/\/www.reseau-entreprendre.org\/bretagne\/#website","url":"https:\/\/www.reseau-entreprendre.org\/bretagne\/","name":"R\u00e9seau Entreprendre Bretagne","description":"Pour cr\u00e9er des emplois, cr\u00e9ons des employeurs","potentialAction":[{"@type":"SearchAction","target":{"@type":"EntryPoint","urlTemplate":"https:\/\/www.reseau-entreprendre.org\/bretagne\/?s={search_term_string}"},"query-input":{"@type":"PropertyValueSpecification","valueRequired":true,"valueName":"search_term_string"}}],"inLanguage":"fr-FR"},{"@type":"Person","@id":"https:\/\/www.reseau-entreprendre.org\/bretagne\/#\/schema\/person\/1c6299543d9bd30cb3c949a995444772","name":"bretagne","image":{"@type":"ImageObject","inLanguage":"fr-FR","@id":"https:\/\/secure.gravatar.com\/avatar\/92cffde2dbd036cbc8249d542d2ca21dabebd4b4db2db5ea59b98bb93e0521b9?s=96&d=mm&r=g","url":"https:\/\/secure.gravatar.com\/avatar\/92cffde2dbd036cbc8249d542d2ca21dabebd4b4db2db5ea59b98bb93e0521b9?s=96&d=mm&r=g","contentUrl":"https:\/\/secure.gravatar.com\/avatar\/92cffde2dbd036cbc8249d542d2ca21dabebd4b4db2db5ea59b98bb93e0521b9?s=96&d=mm&r=g","caption":"bretagne"},"url":"https:\/\/www.reseau-entreprendre.org\/bretagne\/author\/bretagne\/"}]}},"_links":{"self":[{"href":"https:\/\/www.reseau-entreprendre.org\/bretagne\/wp-json\/wp\/v2\/posts\/2108","targetHints":{"allow":["GET"]}}],"collection":[{"href":"https:\/\/www.reseau-entreprendre.org\/bretagne\/wp-json\/wp\/v2\/posts"}],"about":[{"href":"https:\/\/www.reseau-entreprendre.org\/bretagne\/wp-json\/wp\/v2\/types\/post"}],"author":[{"embeddable":true,"href":"https:\/\/www.reseau-entreprendre.org\/bretagne\/wp-json\/wp\/v2\/users\/3"}],"replies":[{"embeddable":true,"href":"https:\/\/www.reseau-entreprendre.org\/bretagne\/wp-json\/wp\/v2\/comments?post=2108"}],"version-history":[{"count":0,"href":"https:\/\/www.reseau-entreprendre.org\/bretagne\/wp-json\/wp\/v2\/posts\/2108\/revisions"}],"wp:featuredmedia":[{"embeddable":true,"href":"https:\/\/www.reseau-entreprendre.org\/bretagne\/wp-json\/wp\/v2\/media\/2109"}],"wp:attachment":[{"href":"https:\/\/www.reseau-entreprendre.org\/bretagne\/wp-json\/wp\/v2\/media?parent=2108"}],"wp:term":[{"taxonomy":"category","embeddable":true,"href":"https:\/\/www.reseau-entreprendre.org\/bretagne\/wp-json\/wp\/v2\/categories?post=2108"},{"taxonomy":"post_tag","embeddable":true,"href":"https:\/\/www.reseau-entreprendre.org\/bretagne\/wp-json\/wp\/v2\/tags?post=2108"}],"curies":[{"name":"wp","href":"https:\/\/api.w.org\/{rel}","templated":true}]}}