{"id":2251,"date":"2019-11-13T10:24:53","date_gmt":"2019-11-13T09:24:53","guid":{"rendered":"https:\/\/www.reseau-entreprendre.org\/bretagne\/?p=2251"},"modified":"2022-04-11T17:19:58","modified_gmt":"2022-04-11T15:19:58","slug":"ille-et-vilaine-visite-de-lentreprise-prismalu-a-liffre","status":"publish","type":"post","link":"https:\/\/www.reseau-entreprendre.org\/bretagne\/2019\/11\/13\/ille-et-vilaine-visite-de-lentreprise-prismalu-a-liffre\/","title":{"rendered":"Ille et Vilaine : Visite de l&#8217;entreprise PRISMALU \u00e0 Liffr\u00e9"},"content":{"rendered":"<p style=\"text-align: justify\"><img loading=\"lazy\" decoding=\"async\" class=\"wp-image-2255 alignleft\" src=\"https:\/\/www.reseau-entreprendre.org\/bretagne\/wp-content\/uploads\/sites\/3\/2019\/11\/IMG_0420.jpg\" alt=\"\" width=\"483\" height=\"362\" srcset=\"https:\/\/www.reseau-entreprendre.org\/bretagne\/wp-content\/uploads\/sites\/3\/2019\/11\/IMG_0420.jpg 4032w, https:\/\/www.reseau-entreprendre.org\/bretagne\/wp-content\/uploads\/sites\/3\/2019\/11\/IMG_0420-300x225.jpg 300w, https:\/\/www.reseau-entreprendre.org\/bretagne\/wp-content\/uploads\/sites\/3\/2019\/11\/IMG_0420-768x576.jpg 768w, https:\/\/www.reseau-entreprendre.org\/bretagne\/wp-content\/uploads\/sites\/3\/2019\/11\/IMG_0420-1024x768.jpg 1024w\" sizes=\"auto, (max-width: 483px) 100vw, 483px\" \/>Ronan Pichon, dirigeant de <a href=\"https:\/\/www.silice-cambium.com\/\" target=\"_blank\" rel=\"noopener noreferrer\">Prismalu<\/a>, ancien laur\u00e9at et dor\u00e9navant membre de notre R\u00e9seau, nous a convi\u00e9 \u00e0 une visite de son entreprise le 25 octobre dernier \u00e0 Liffr\u00e9. <a href=\"https:\/\/www.silice-cambium.com\/\" target=\"_blank\" rel=\"noopener noreferrer\">PRISMALU SILICE ET CAMBIUM<\/a> con\u00e7oit et r\u00e9alise vos projets d\u2019architectures vitr\u00e9es, de menuiseries m\u00e9talliques, de m\u00e9tallerie et ferronnerie d&#8217;art, travail du m\u00e9tal (acier, inox, aluminium, cuivre, laiton, corten, fer pur\u2026), verre et bois.<\/p>\n<p style=\"text-align: justify\">Conception, fabrication et pose de : verri\u00e8re \u00e0 l&#8217;ancienne, v\u00e9randa, verri\u00e8re int\u00e9rieure, serre, orangerie, jardin d&#8217;hiver, bow-window, couverture de piscine, marquise, escalier, garde-corps, rampe, portail, cave \u00e0 vin, porte, fen\u00eatre, baie vitr\u00e9e, mobilier, agencement\u2026 Ouvrages sur-mesure, uniques, de prestige, d&#8217;exception, haut de gamme. Styles : design, moderne, esprit loft, atelier d&#8217;artiste, industriel, brut, contemporain, ancien, rouill\u00e9\u2026<\/p>\n<p>Une belle d\u00e9couverte pour une quinzaine de membres de notre R\u00e9seau !<\/p>\n<p><em>Servane Bigot Guillemois, <\/em><em>D\u00e9l\u00e9gu\u00e9e pour l&#8217;Ille et Vilaine<\/em><\/p>\n","protected":false},"excerpt":{"rendered":"<p>Ronan Pichon, dirigeant de Prismalu, ancien laur\u00e9at et dor\u00e9navant membre<\/p>\n","protected":false},"author":3,"featured_media":2255,"comment_status":"closed","ping_status":"open","sticky":false,"template":"","format":"standard","meta":{"_acf_changed":false,"_monsterinsights_skip_tracking":false,"_monsterinsights_sitenote_active":false,"_monsterinsights_sitenote_note":"","_monsterinsights_sitenote_category":0,"footnotes":""},"categories":[4],"tags":[],"class_list":["post-2251","post","type-post","status-publish","format-standard","has-post-thumbnail","hentry","category-actualites","news"],"acf":[],"yoast_head":"<!-- This site is optimized with the Yoast SEO plugin v27.4 - https:\/\/yoast.com\/product\/yoast-seo-wordpress\/ -->\n<title>Ille et Vilaine : Visite de l&#039;entreprise PRISMALU \u00e0 Liffr\u00e9 - R\u00e9seau Entreprendre Bretagne<\/title>\n<meta name=\"robots\" content=\"index, follow, max-snippet:-1, max-image-preview:large, max-video-preview:-1\" \/>\n<link rel=\"canonical\" href=\"https:\/\/www.reseau-entreprendre.org\/bretagne\/2019\/11\/13\/ille-et-vilaine-visite-de-lentreprise-prismalu-a-liffre\/\" \/>\n<meta property=\"og:locale\" content=\"fr_FR\" \/>\n<meta property=\"og:type\" content=\"article\" \/>\n<meta property=\"og:title\" content=\"Ille et Vilaine : Visite de l&#039;entreprise PRISMALU \u00e0 Liffr\u00e9 - R\u00e9seau Entreprendre Bretagne\" \/>\n<meta property=\"og:description\" content=\"Ronan Pichon, dirigeant de Prismalu, ancien laur\u00e9at et dor\u00e9navant membre\" \/>\n<meta property=\"og:url\" content=\"https:\/\/www.reseau-entreprendre.org\/bretagne\/2019\/11\/13\/ille-et-vilaine-visite-de-lentreprise-prismalu-a-liffre\/\" \/>\n<meta property=\"og:site_name\" content=\"R\u00e9seau Entreprendre Bretagne\" \/>\n<meta property=\"article:publisher\" content=\"https:\/\/www.facebook.com\/reseauentreprendrebretagne\/\" \/>\n<meta property=\"article:published_time\" content=\"2019-11-13T09:24:53+00:00\" \/>\n<meta property=\"article:modified_time\" content=\"2022-04-11T15:19:58+00:00\" \/>\n<meta property=\"og:image\" content=\"https:\/\/www.reseau-entreprendre.org\/bretagne\/wp-content\/uploads\/sites\/3\/2019\/11\/IMG_0420.jpg\" \/>\n\t<meta property=\"og:image:width\" content=\"4032\" \/>\n\t<meta property=\"og:image:height\" content=\"3024\" \/>\n\t<meta property=\"og:image:type\" content=\"image\/jpeg\" \/>\n<meta name=\"author\" content=\"bretagne\" \/>\n<meta name=\"twitter:card\" content=\"summary_large_image\" \/>\n<meta name=\"twitter:creator\" content=\"@RE_Bretagne\" \/>\n<meta name=\"twitter:site\" content=\"@RE_Bretagne\" \/>\n<meta name=\"twitter:label1\" content=\"\u00c9crit par\" \/>\n\t<meta name=\"twitter:data1\" content=\"bretagne\" \/>\n\t<meta name=\"twitter:label2\" content=\"Dur\u00e9e de lecture estim\u00e9e\" \/>\n\t<meta name=\"twitter:data2\" content=\"1 minute\" \/>\n<script type=\"application\/ld+json\" class=\"yoast-schema-graph\">{\"@context\":\"https:\\\/\\\/schema.org\",\"@graph\":[{\"@type\":\"Article\",\"@id\":\"https:\\\/\\\/www.reseau-entreprendre.org\\\/bretagne\\\/2019\\\/11\\\/13\\\/ille-et-vilaine-visite-de-lentreprise-prismalu-a-liffre\\\/#article\",\"isPartOf\":{\"@id\":\"https:\\\/\\\/www.reseau-entreprendre.org\\\/bretagne\\\/2019\\\/11\\\/13\\\/ille-et-vilaine-visite-de-lentreprise-prismalu-a-liffre\\\/\"},\"author\":{\"name\":\"bretagne\",\"@id\":\"https:\\\/\\\/www.reseau-entreprendre.org\\\/bretagne\\\/#\\\/schema\\\/person\\\/1c6299543d9bd30cb3c949a995444772\"},\"headline\":\"Ille et Vilaine : Visite de l&#8217;entreprise PRISMALU \u00e0 Liffr\u00e9\",\"datePublished\":\"2019-11-13T09:24:53+00:00\",\"dateModified\":\"2022-04-11T15:19:58+00:00\",\"mainEntityOfPage\":{\"@id\":\"https:\\\/\\\/www.reseau-entreprendre.org\\\/bretagne\\\/2019\\\/11\\\/13\\\/ille-et-vilaine-visite-de-lentreprise-prismalu-a-liffre\\\/\"},\"wordCount\":165,\"image\":{\"@id\":\"https:\\\/\\\/www.reseau-entreprendre.org\\\/bretagne\\\/2019\\\/11\\\/13\\\/ille-et-vilaine-visite-de-lentreprise-prismalu-a-liffre\\\/#primaryimage\"},\"thumbnailUrl\":\"https:\\\/\\\/www.reseau-entreprendre.org\\\/bretagne\\\/wp-content\\\/uploads\\\/sites\\\/3\\\/2019\\\/11\\\/IMG_0420.jpg\",\"articleSection\":[\"Actualit\u00e9s\"],\"inLanguage\":\"fr-FR\"},{\"@type\":\"WebPage\",\"@id\":\"https:\\\/\\\/www.reseau-entreprendre.org\\\/bretagne\\\/2019\\\/11\\\/13\\\/ille-et-vilaine-visite-de-lentreprise-prismalu-a-liffre\\\/\",\"url\":\"https:\\\/\\\/www.reseau-entreprendre.org\\\/bretagne\\\/2019\\\/11\\\/13\\\/ille-et-vilaine-visite-de-lentreprise-prismalu-a-liffre\\\/\",\"name\":\"Ille et Vilaine : Visite de l'entreprise PRISMALU \u00e0 Liffr\u00e9 - R\u00e9seau Entreprendre Bretagne\",\"isPartOf\":{\"@id\":\"https:\\\/\\\/www.reseau-entreprendre.org\\\/bretagne\\\/#website\"},\"primaryImageOfPage\":{\"@id\":\"https:\\\/\\\/www.reseau-entreprendre.org\\\/bretagne\\\/2019\\\/11\\\/13\\\/ille-et-vilaine-visite-de-lentreprise-prismalu-a-liffre\\\/#primaryimage\"},\"image\":{\"@id\":\"https:\\\/\\\/www.reseau-entreprendre.org\\\/bretagne\\\/2019\\\/11\\\/13\\\/ille-et-vilaine-visite-de-lentreprise-prismalu-a-liffre\\\/#primaryimage\"},\"thumbnailUrl\":\"https:\\\/\\\/www.reseau-entreprendre.org\\\/bretagne\\\/wp-content\\\/uploads\\\/sites\\\/3\\\/2019\\\/11\\\/IMG_0420.jpg\",\"datePublished\":\"2019-11-13T09:24:53+00:00\",\"dateModified\":\"2022-04-11T15:19:58+00:00\",\"author\":{\"@id\":\"https:\\\/\\\/www.reseau-entreprendre.org\\\/bretagne\\\/#\\\/schema\\\/person\\\/1c6299543d9bd30cb3c949a995444772\"},\"breadcrumb\":{\"@id\":\"https:\\\/\\\/www.reseau-entreprendre.org\\\/bretagne\\\/2019\\\/11\\\/13\\\/ille-et-vilaine-visite-de-lentreprise-prismalu-a-liffre\\\/#breadcrumb\"},\"inLanguage\":\"fr-FR\",\"potentialAction\":[{\"@type\":\"ReadAction\",\"target\":[\"https:\\\/\\\/www.reseau-entreprendre.org\\\/bretagne\\\/2019\\\/11\\\/13\\\/ille-et-vilaine-visite-de-lentreprise-prismalu-a-liffre\\\/\"]}]},{\"@type\":\"ImageObject\",\"inLanguage\":\"fr-FR\",\"@id\":\"https:\\\/\\\/www.reseau-entreprendre.org\\\/bretagne\\\/2019\\\/11\\\/13\\\/ille-et-vilaine-visite-de-lentreprise-prismalu-a-liffre\\\/#primaryimage\",\"url\":\"https:\\\/\\\/www.reseau-entreprendre.org\\\/bretagne\\\/wp-content\\\/uploads\\\/sites\\\/3\\\/2019\\\/11\\\/IMG_0420.jpg\",\"contentUrl\":\"https:\\\/\\\/www.reseau-entreprendre.org\\\/bretagne\\\/wp-content\\\/uploads\\\/sites\\\/3\\\/2019\\\/11\\\/IMG_0420.jpg\",\"width\":4032,\"height\":3024},{\"@type\":\"BreadcrumbList\",\"@id\":\"https:\\\/\\\/www.reseau-entreprendre.org\\\/bretagne\\\/2019\\\/11\\\/13\\\/ille-et-vilaine-visite-de-lentreprise-prismalu-a-liffre\\\/#breadcrumb\",\"itemListElement\":[{\"@type\":\"ListItem\",\"position\":1,\"name\":\"Accueil\",\"item\":\"https:\\\/\\\/www.reseau-entreprendre.org\\\/bretagne\\\/\"},{\"@type\":\"ListItem\",\"position\":2,\"name\":\"Ille et Vilaine : Visite de l&rsquo;entreprise PRISMALU \u00e0 Liffr\u00e9\"}]},{\"@type\":\"WebSite\",\"@id\":\"https:\\\/\\\/www.reseau-entreprendre.org\\\/bretagne\\\/#website\",\"url\":\"https:\\\/\\\/www.reseau-entreprendre.org\\\/bretagne\\\/\",\"name\":\"R\u00e9seau Entreprendre Bretagne\",\"description\":\"Pour cr\u00e9er des emplois, cr\u00e9ons des employeurs\",\"potentialAction\":[{\"@type\":\"SearchAction\",\"target\":{\"@type\":\"EntryPoint\",\"urlTemplate\":\"https:\\\/\\\/www.reseau-entreprendre.org\\\/bretagne\\\/?s={search_term_string}\"},\"query-input\":{\"@type\":\"PropertyValueSpecification\",\"valueRequired\":true,\"valueName\":\"search_term_string\"}}],\"inLanguage\":\"fr-FR\"},{\"@type\":\"Person\",\"@id\":\"https:\\\/\\\/www.reseau-entreprendre.org\\\/bretagne\\\/#\\\/schema\\\/person\\\/1c6299543d9bd30cb3c949a995444772\",\"name\":\"bretagne\",\"image\":{\"@type\":\"ImageObject\",\"inLanguage\":\"fr-FR\",\"@id\":\"https:\\\/\\\/secure.gravatar.com\\\/avatar\\\/92cffde2dbd036cbc8249d542d2ca21dabebd4b4db2db5ea59b98bb93e0521b9?s=96&d=mm&r=g\",\"url\":\"https:\\\/\\\/secure.gravatar.com\\\/avatar\\\/92cffde2dbd036cbc8249d542d2ca21dabebd4b4db2db5ea59b98bb93e0521b9?s=96&d=mm&r=g\",\"contentUrl\":\"https:\\\/\\\/secure.gravatar.com\\\/avatar\\\/92cffde2dbd036cbc8249d542d2ca21dabebd4b4db2db5ea59b98bb93e0521b9?s=96&d=mm&r=g\",\"caption\":\"bretagne\"},\"url\":\"https:\\\/\\\/www.reseau-entreprendre.org\\\/bretagne\\\/author\\\/bretagne\\\/\"}]}<\/script>\n<!-- \/ Yoast SEO plugin. -->","yoast_head_json":{"title":"Ille et Vilaine : Visite de l'entreprise PRISMALU \u00e0 Liffr\u00e9 - R\u00e9seau Entreprendre Bretagne","robots":{"index":"index","follow":"follow","max-snippet":"max-snippet:-1","max-image-preview":"max-image-preview:large","max-video-preview":"max-video-preview:-1"},"canonical":"https:\/\/www.reseau-entreprendre.org\/bretagne\/2019\/11\/13\/ille-et-vilaine-visite-de-lentreprise-prismalu-a-liffre\/","og_locale":"fr_FR","og_type":"article","og_title":"Ille et Vilaine : Visite de l'entreprise PRISMALU \u00e0 Liffr\u00e9 - R\u00e9seau Entreprendre Bretagne","og_description":"Ronan Pichon, dirigeant de Prismalu, ancien laur\u00e9at et dor\u00e9navant membre","og_url":"https:\/\/www.reseau-entreprendre.org\/bretagne\/2019\/11\/13\/ille-et-vilaine-visite-de-lentreprise-prismalu-a-liffre\/","og_site_name":"R\u00e9seau Entreprendre Bretagne","article_publisher":"https:\/\/www.facebook.com\/reseauentreprendrebretagne\/","article_published_time":"2019-11-13T09:24:53+00:00","article_modified_time":"2022-04-11T15:19:58+00:00","og_image":[{"width":4032,"height":3024,"url":"https:\/\/www.reseau-entreprendre.org\/bretagne\/wp-content\/uploads\/sites\/3\/2019\/11\/IMG_0420.jpg","type":"image\/jpeg"}],"author":"bretagne","twitter_card":"summary_large_image","twitter_creator":"@RE_Bretagne","twitter_site":"@RE_Bretagne","twitter_misc":{"\u00c9crit par":"bretagne","Dur\u00e9e de lecture estim\u00e9e":"1 minute"},"schema":{"@context":"https:\/\/schema.org","@graph":[{"@type":"Article","@id":"https:\/\/www.reseau-entreprendre.org\/bretagne\/2019\/11\/13\/ille-et-vilaine-visite-de-lentreprise-prismalu-a-liffre\/#article","isPartOf":{"@id":"https:\/\/www.reseau-entreprendre.org\/bretagne\/2019\/11\/13\/ille-et-vilaine-visite-de-lentreprise-prismalu-a-liffre\/"},"author":{"name":"bretagne","@id":"https:\/\/www.reseau-entreprendre.org\/bretagne\/#\/schema\/person\/1c6299543d9bd30cb3c949a995444772"},"headline":"Ille et Vilaine : Visite de l&#8217;entreprise PRISMALU \u00e0 Liffr\u00e9","datePublished":"2019-11-13T09:24:53+00:00","dateModified":"2022-04-11T15:19:58+00:00","mainEntityOfPage":{"@id":"https:\/\/www.reseau-entreprendre.org\/bretagne\/2019\/11\/13\/ille-et-vilaine-visite-de-lentreprise-prismalu-a-liffre\/"},"wordCount":165,"image":{"@id":"https:\/\/www.reseau-entreprendre.org\/bretagne\/2019\/11\/13\/ille-et-vilaine-visite-de-lentreprise-prismalu-a-liffre\/#primaryimage"},"thumbnailUrl":"https:\/\/www.reseau-entreprendre.org\/bretagne\/wp-content\/uploads\/sites\/3\/2019\/11\/IMG_0420.jpg","articleSection":["Actualit\u00e9s"],"inLanguage":"fr-FR"},{"@type":"WebPage","@id":"https:\/\/www.reseau-entreprendre.org\/bretagne\/2019\/11\/13\/ille-et-vilaine-visite-de-lentreprise-prismalu-a-liffre\/","url":"https:\/\/www.reseau-entreprendre.org\/bretagne\/2019\/11\/13\/ille-et-vilaine-visite-de-lentreprise-prismalu-a-liffre\/","name":"Ille et Vilaine : Visite de l'entreprise PRISMALU \u00e0 Liffr\u00e9 - R\u00e9seau Entreprendre Bretagne","isPartOf":{"@id":"https:\/\/www.reseau-entreprendre.org\/bretagne\/#website"},"primaryImageOfPage":{"@id":"https:\/\/www.reseau-entreprendre.org\/bretagne\/2019\/11\/13\/ille-et-vilaine-visite-de-lentreprise-prismalu-a-liffre\/#primaryimage"},"image":{"@id":"https:\/\/www.reseau-entreprendre.org\/bretagne\/2019\/11\/13\/ille-et-vilaine-visite-de-lentreprise-prismalu-a-liffre\/#primaryimage"},"thumbnailUrl":"https:\/\/www.reseau-entreprendre.org\/bretagne\/wp-content\/uploads\/sites\/3\/2019\/11\/IMG_0420.jpg","datePublished":"2019-11-13T09:24:53+00:00","dateModified":"2022-04-11T15:19:58+00:00","author":{"@id":"https:\/\/www.reseau-entreprendre.org\/bretagne\/#\/schema\/person\/1c6299543d9bd30cb3c949a995444772"},"breadcrumb":{"@id":"https:\/\/www.reseau-entreprendre.org\/bretagne\/2019\/11\/13\/ille-et-vilaine-visite-de-lentreprise-prismalu-a-liffre\/#breadcrumb"},"inLanguage":"fr-FR","potentialAction":[{"@type":"ReadAction","target":["https:\/\/www.reseau-entreprendre.org\/bretagne\/2019\/11\/13\/ille-et-vilaine-visite-de-lentreprise-prismalu-a-liffre\/"]}]},{"@type":"ImageObject","inLanguage":"fr-FR","@id":"https:\/\/www.reseau-entreprendre.org\/bretagne\/2019\/11\/13\/ille-et-vilaine-visite-de-lentreprise-prismalu-a-liffre\/#primaryimage","url":"https:\/\/www.reseau-entreprendre.org\/bretagne\/wp-content\/uploads\/sites\/3\/2019\/11\/IMG_0420.jpg","contentUrl":"https:\/\/www.reseau-entreprendre.org\/bretagne\/wp-content\/uploads\/sites\/3\/2019\/11\/IMG_0420.jpg","width":4032,"height":3024},{"@type":"BreadcrumbList","@id":"https:\/\/www.reseau-entreprendre.org\/bretagne\/2019\/11\/13\/ille-et-vilaine-visite-de-lentreprise-prismalu-a-liffre\/#breadcrumb","itemListElement":[{"@type":"ListItem","position":1,"name":"Accueil","item":"https:\/\/www.reseau-entreprendre.org\/bretagne\/"},{"@type":"ListItem","position":2,"name":"Ille et Vilaine : Visite de l&rsquo;entreprise PRISMALU \u00e0 Liffr\u00e9"}]},{"@type":"WebSite","@id":"https:\/\/www.reseau-entreprendre.org\/bretagne\/#website","url":"https:\/\/www.reseau-entreprendre.org\/bretagne\/","name":"R\u00e9seau Entreprendre Bretagne","description":"Pour cr\u00e9er des emplois, cr\u00e9ons des employeurs","potentialAction":[{"@type":"SearchAction","target":{"@type":"EntryPoint","urlTemplate":"https:\/\/www.reseau-entreprendre.org\/bretagne\/?s={search_term_string}"},"query-input":{"@type":"PropertyValueSpecification","valueRequired":true,"valueName":"search_term_string"}}],"inLanguage":"fr-FR"},{"@type":"Person","@id":"https:\/\/www.reseau-entreprendre.org\/bretagne\/#\/schema\/person\/1c6299543d9bd30cb3c949a995444772","name":"bretagne","image":{"@type":"ImageObject","inLanguage":"fr-FR","@id":"https:\/\/secure.gravatar.com\/avatar\/92cffde2dbd036cbc8249d542d2ca21dabebd4b4db2db5ea59b98bb93e0521b9?s=96&d=mm&r=g","url":"https:\/\/secure.gravatar.com\/avatar\/92cffde2dbd036cbc8249d542d2ca21dabebd4b4db2db5ea59b98bb93e0521b9?s=96&d=mm&r=g","contentUrl":"https:\/\/secure.gravatar.com\/avatar\/92cffde2dbd036cbc8249d542d2ca21dabebd4b4db2db5ea59b98bb93e0521b9?s=96&d=mm&r=g","caption":"bretagne"},"url":"https:\/\/www.reseau-entreprendre.org\/bretagne\/author\/bretagne\/"}]}},"_links":{"self":[{"href":"https:\/\/www.reseau-entreprendre.org\/bretagne\/wp-json\/wp\/v2\/posts\/2251","targetHints":{"allow":["GET"]}}],"collection":[{"href":"https:\/\/www.reseau-entreprendre.org\/bretagne\/wp-json\/wp\/v2\/posts"}],"about":[{"href":"https:\/\/www.reseau-entreprendre.org\/bretagne\/wp-json\/wp\/v2\/types\/post"}],"author":[{"embeddable":true,"href":"https:\/\/www.reseau-entreprendre.org\/bretagne\/wp-json\/wp\/v2\/users\/3"}],"replies":[{"embeddable":true,"href":"https:\/\/www.reseau-entreprendre.org\/bretagne\/wp-json\/wp\/v2\/comments?post=2251"}],"version-history":[{"count":0,"href":"https:\/\/www.reseau-entreprendre.org\/bretagne\/wp-json\/wp\/v2\/posts\/2251\/revisions"}],"wp:featuredmedia":[{"embeddable":true,"href":"https:\/\/www.reseau-entreprendre.org\/bretagne\/wp-json\/wp\/v2\/media\/2255"}],"wp:attachment":[{"href":"https:\/\/www.reseau-entreprendre.org\/bretagne\/wp-json\/wp\/v2\/media?parent=2251"}],"wp:term":[{"taxonomy":"category","embeddable":true,"href":"https:\/\/www.reseau-entreprendre.org\/bretagne\/wp-json\/wp\/v2\/categories?post=2251"},{"taxonomy":"post_tag","embeddable":true,"href":"https:\/\/www.reseau-entreprendre.org\/bretagne\/wp-json\/wp\/v2\/tags?post=2251"}],"curies":[{"name":"wp","href":"https:\/\/api.w.org\/{rel}","templated":true}]}}