{"id":2474,"date":"2020-03-19T08:55:15","date_gmt":"2020-03-19T07:55:15","guid":{"rendered":"https:\/\/www.reseau-entreprendre.org\/bretagne\/?p=2474"},"modified":"2022-04-11T17:19:57","modified_gmt":"2022-04-11T15:19:57","slug":"une-belle-soiree-sur-lentreprise-du-futur","status":"publish","type":"post","link":"https:\/\/www.reseau-entreprendre.org\/bretagne\/2020\/03\/19\/une-belle-soiree-sur-lentreprise-du-futur\/","title":{"rendered":"Une belle soir\u00e9e sur L&#8217;ENTREPRISE DU FUTUR"},"content":{"rendered":"<p>Le mercredi 4 mars dernier, les r\u00e9seaux \u00e9conomiques locaux #reseauentreprendrebretagne, #saintbrieucentreprises, #initiativearmor, #cci22, #saintbrieucagglom\u00e9ration, se sont collectivement engag\u00e9s dans l&#8217;organisation d&#8217;une soir\u00e9e \u00e9conomique afin de sensibiliser et d&#8217;inspirer les dirigeants \u00e0 la n\u00e9cessit\u00e9 de faire \u00e9voluer leurs mod\u00e8les \u00e9conomiques.<\/p>\n<p>L&#8217;objectif de cette soir\u00e9e \u00e9tait d&#8217;expliquer pourquoi et comment de nouveaux mod\u00e8les \u00e9conomiques tels que l\u2019Efficience Economique et l\u2019Economie de la Fonctionnalit\u00e9 et de la Coop\u00e9ration (EFC) pouvaient r\u00e9pondre \u00e0 ces enjeux.<\/p>\n<p>3 chefs d&#8217;entreprises bretonnes, d\u00e9j\u00e0 engag\u00e9s sur cette voie, ont t\u00e9moign\u00e9s de leurs exp\u00e9riences avec passion et simplicit\u00e9 : Eliane RIVIERE du CAMPING AU BOCAGE DU LAC, Richard BAUZON\u00a0de l&#8217;H\u00f4tel Restaurant l&#8217;ESKEMM et Betty Boland de KAECIA (Industrie &#8211; V\u00e9rins Pneumatiques).\u00a0Avec conviction, ils nous ont rappel\u00e9 qu&#8217;il n&#8217;existe pas de manuel de &#8220;l&#8217;entreprise du futur&#8221;, c&#8217;est \u00e0 chacun d&#8217;\u00e9crire son propre aveni<span style=\"font-size: 1rem\">r&#8230;<\/span><\/p>\n<p>Anim\u00e9e par #Aur\u00e9lienPASQUIER, dirigeant de l&#8217;agence EVEREST et expert de l&#8217;EFC chez #ImmaTerra, la conf\u00e9rence nous a apport\u00e9 l&#8217;expertise pour mieux comprendre les nouveaux business models, l&#8217;Economie de la Fonctionnalit\u00e9 et de la Coop\u00e9ration, et l&#8217;efficience \u00e9conomique.<\/p>\n<p>La soir\u00e9e a \u00e9t\u00e9 rythm\u00e9e par des animations faisant appel \u00e0 l\u2019intelligence collective et \u00e0 l&#8217;interactivit\u00e9, une premi\u00e8re pour de nombreux dirigeants !<\/p>\n<p>Un grand merci \u00e0 nos m\u00e9c\u00e8nes #fidal, #cmb, #ademe et \u00e0 Tony #inspir pour sa participation \u00e0<\/p>\n<p><span style=\"font-size: 1rem\">l&#8217;organisation.<\/span><\/p>\n","protected":false},"excerpt":{"rendered":"<p>Le mercredi 4 mars dernier, les r\u00e9seaux \u00e9conomiques locaux #reseauentreprendrebretagne,<\/p>\n","protected":false},"author":106,"featured_media":2475,"comment_status":"closed","ping_status":"open","sticky":false,"template":"","format":"standard","meta":{"_acf_changed":false,"_monsterinsights_skip_tracking":false,"_monsterinsights_sitenote_active":false,"_monsterinsights_sitenote_note":"","_monsterinsights_sitenote_category":0,"footnotes":""},"categories":[4],"tags":[],"class_list":["post-2474","post","type-post","status-publish","format-standard","has-post-thumbnail","hentry","category-actualites","news"],"acf":[],"yoast_head":"<!-- This site is optimized with the Yoast SEO plugin v27.4 - https:\/\/yoast.com\/product\/yoast-seo-wordpress\/ -->\n<title>Une belle soir\u00e9e sur L&#039;ENTREPRISE DU FUTUR - R\u00e9seau Entreprendre Bretagne<\/title>\n<meta name=\"robots\" content=\"index, follow, max-snippet:-1, max-image-preview:large, max-video-preview:-1\" \/>\n<link rel=\"canonical\" href=\"https:\/\/www.reseau-entreprendre.org\/bretagne\/2020\/03\/19\/une-belle-soiree-sur-lentreprise-du-futur\/\" \/>\n<meta property=\"og:locale\" content=\"fr_FR\" \/>\n<meta property=\"og:type\" content=\"article\" \/>\n<meta property=\"og:title\" content=\"Une belle soir\u00e9e sur L&#039;ENTREPRISE DU FUTUR - R\u00e9seau Entreprendre Bretagne\" \/>\n<meta property=\"og:description\" content=\"Le mercredi 4 mars dernier, les r\u00e9seaux \u00e9conomiques locaux #reseauentreprendrebretagne,\" \/>\n<meta property=\"og:url\" content=\"https:\/\/www.reseau-entreprendre.org\/bretagne\/2020\/03\/19\/une-belle-soiree-sur-lentreprise-du-futur\/\" \/>\n<meta property=\"og:site_name\" content=\"R\u00e9seau Entreprendre Bretagne\" \/>\n<meta property=\"article:publisher\" content=\"https:\/\/www.facebook.com\/reseauentreprendrebretagne\/\" \/>\n<meta property=\"article:published_time\" content=\"2020-03-19T07:55:15+00:00\" \/>\n<meta property=\"article:modified_time\" content=\"2022-04-11T15:19:57+00:00\" \/>\n<meta property=\"og:image\" content=\"https:\/\/www.reseau-entreprendre.org\/bretagne\/wp-content\/uploads\/sites\/3\/2020\/03\/IMG_0445-Copie.jpg\" \/>\n\t<meta property=\"og:image:width\" content=\"640\" \/>\n\t<meta property=\"og:image:height\" content=\"480\" \/>\n\t<meta property=\"og:image:type\" content=\"image\/jpeg\" \/>\n<meta name=\"author\" content=\"gollivro\" \/>\n<meta name=\"twitter:card\" content=\"summary_large_image\" \/>\n<meta name=\"twitter:creator\" content=\"@RE_Bretagne\" \/>\n<meta name=\"twitter:site\" content=\"@RE_Bretagne\" \/>\n<meta name=\"twitter:label1\" content=\"\u00c9crit par\" \/>\n\t<meta name=\"twitter:data1\" content=\"gollivro\" \/>\n\t<meta name=\"twitter:label2\" content=\"Dur\u00e9e de lecture estim\u00e9e\" \/>\n\t<meta name=\"twitter:data2\" content=\"1 minute\" \/>\n<script type=\"application\/ld+json\" class=\"yoast-schema-graph\">{\"@context\":\"https:\\\/\\\/schema.org\",\"@graph\":[{\"@type\":\"Article\",\"@id\":\"https:\\\/\\\/www.reseau-entreprendre.org\\\/bretagne\\\/2020\\\/03\\\/19\\\/une-belle-soiree-sur-lentreprise-du-futur\\\/#article\",\"isPartOf\":{\"@id\":\"https:\\\/\\\/www.reseau-entreprendre.org\\\/bretagne\\\/2020\\\/03\\\/19\\\/une-belle-soiree-sur-lentreprise-du-futur\\\/\"},\"author\":{\"name\":\"gollivro\",\"@id\":\"https:\\\/\\\/www.reseau-entreprendre.org\\\/bretagne\\\/#\\\/schema\\\/person\\\/b60cb74cd9b4f800a802c1c5bcb49e5a\"},\"headline\":\"Une belle soir\u00e9e sur L&#8217;ENTREPRISE DU FUTUR\",\"datePublished\":\"2020-03-19T07:55:15+00:00\",\"dateModified\":\"2022-04-11T15:19:57+00:00\",\"mainEntityOfPage\":{\"@id\":\"https:\\\/\\\/www.reseau-entreprendre.org\\\/bretagne\\\/2020\\\/03\\\/19\\\/une-belle-soiree-sur-lentreprise-du-futur\\\/\"},\"wordCount\":259,\"image\":{\"@id\":\"https:\\\/\\\/www.reseau-entreprendre.org\\\/bretagne\\\/2020\\\/03\\\/19\\\/une-belle-soiree-sur-lentreprise-du-futur\\\/#primaryimage\"},\"thumbnailUrl\":\"https:\\\/\\\/www.reseau-entreprendre.org\\\/bretagne\\\/wp-content\\\/uploads\\\/sites\\\/3\\\/2020\\\/03\\\/IMG_0445-Copie.jpg\",\"articleSection\":[\"Actualit\u00e9s\"],\"inLanguage\":\"fr-FR\"},{\"@type\":\"WebPage\",\"@id\":\"https:\\\/\\\/www.reseau-entreprendre.org\\\/bretagne\\\/2020\\\/03\\\/19\\\/une-belle-soiree-sur-lentreprise-du-futur\\\/\",\"url\":\"https:\\\/\\\/www.reseau-entreprendre.org\\\/bretagne\\\/2020\\\/03\\\/19\\\/une-belle-soiree-sur-lentreprise-du-futur\\\/\",\"name\":\"Une belle soir\u00e9e sur L'ENTREPRISE DU FUTUR - R\u00e9seau Entreprendre Bretagne\",\"isPartOf\":{\"@id\":\"https:\\\/\\\/www.reseau-entreprendre.org\\\/bretagne\\\/#website\"},\"primaryImageOfPage\":{\"@id\":\"https:\\\/\\\/www.reseau-entreprendre.org\\\/bretagne\\\/2020\\\/03\\\/19\\\/une-belle-soiree-sur-lentreprise-du-futur\\\/#primaryimage\"},\"image\":{\"@id\":\"https:\\\/\\\/www.reseau-entreprendre.org\\\/bretagne\\\/2020\\\/03\\\/19\\\/une-belle-soiree-sur-lentreprise-du-futur\\\/#primaryimage\"},\"thumbnailUrl\":\"https:\\\/\\\/www.reseau-entreprendre.org\\\/bretagne\\\/wp-content\\\/uploads\\\/sites\\\/3\\\/2020\\\/03\\\/IMG_0445-Copie.jpg\",\"datePublished\":\"2020-03-19T07:55:15+00:00\",\"dateModified\":\"2022-04-11T15:19:57+00:00\",\"author\":{\"@id\":\"https:\\\/\\\/www.reseau-entreprendre.org\\\/bretagne\\\/#\\\/schema\\\/person\\\/b60cb74cd9b4f800a802c1c5bcb49e5a\"},\"breadcrumb\":{\"@id\":\"https:\\\/\\\/www.reseau-entreprendre.org\\\/bretagne\\\/2020\\\/03\\\/19\\\/une-belle-soiree-sur-lentreprise-du-futur\\\/#breadcrumb\"},\"inLanguage\":\"fr-FR\",\"potentialAction\":[{\"@type\":\"ReadAction\",\"target\":[\"https:\\\/\\\/www.reseau-entreprendre.org\\\/bretagne\\\/2020\\\/03\\\/19\\\/une-belle-soiree-sur-lentreprise-du-futur\\\/\"]}]},{\"@type\":\"ImageObject\",\"inLanguage\":\"fr-FR\",\"@id\":\"https:\\\/\\\/www.reseau-entreprendre.org\\\/bretagne\\\/2020\\\/03\\\/19\\\/une-belle-soiree-sur-lentreprise-du-futur\\\/#primaryimage\",\"url\":\"https:\\\/\\\/www.reseau-entreprendre.org\\\/bretagne\\\/wp-content\\\/uploads\\\/sites\\\/3\\\/2020\\\/03\\\/IMG_0445-Copie.jpg\",\"contentUrl\":\"https:\\\/\\\/www.reseau-entreprendre.org\\\/bretagne\\\/wp-content\\\/uploads\\\/sites\\\/3\\\/2020\\\/03\\\/IMG_0445-Copie.jpg\",\"width\":640,\"height\":480},{\"@type\":\"BreadcrumbList\",\"@id\":\"https:\\\/\\\/www.reseau-entreprendre.org\\\/bretagne\\\/2020\\\/03\\\/19\\\/une-belle-soiree-sur-lentreprise-du-futur\\\/#breadcrumb\",\"itemListElement\":[{\"@type\":\"ListItem\",\"position\":1,\"name\":\"Accueil\",\"item\":\"https:\\\/\\\/www.reseau-entreprendre.org\\\/bretagne\\\/\"},{\"@type\":\"ListItem\",\"position\":2,\"name\":\"Une belle soir\u00e9e sur L&rsquo;ENTREPRISE DU FUTUR\"}]},{\"@type\":\"WebSite\",\"@id\":\"https:\\\/\\\/www.reseau-entreprendre.org\\\/bretagne\\\/#website\",\"url\":\"https:\\\/\\\/www.reseau-entreprendre.org\\\/bretagne\\\/\",\"name\":\"R\u00e9seau Entreprendre Bretagne\",\"description\":\"Pour cr\u00e9er des emplois, cr\u00e9ons des employeurs\",\"potentialAction\":[{\"@type\":\"SearchAction\",\"target\":{\"@type\":\"EntryPoint\",\"urlTemplate\":\"https:\\\/\\\/www.reseau-entreprendre.org\\\/bretagne\\\/?s={search_term_string}\"},\"query-input\":{\"@type\":\"PropertyValueSpecification\",\"valueRequired\":true,\"valueName\":\"search_term_string\"}}],\"inLanguage\":\"fr-FR\"},{\"@type\":\"Person\",\"@id\":\"https:\\\/\\\/www.reseau-entreprendre.org\\\/bretagne\\\/#\\\/schema\\\/person\\\/b60cb74cd9b4f800a802c1c5bcb49e5a\",\"name\":\"gollivro\",\"image\":{\"@type\":\"ImageObject\",\"inLanguage\":\"fr-FR\",\"@id\":\"https:\\\/\\\/secure.gravatar.com\\\/avatar\\\/0039101dddd706b4fbaad4896bd81ba8b7373bc55617aa37134859b0b8a343c8?s=96&d=mm&r=g\",\"url\":\"https:\\\/\\\/secure.gravatar.com\\\/avatar\\\/0039101dddd706b4fbaad4896bd81ba8b7373bc55617aa37134859b0b8a343c8?s=96&d=mm&r=g\",\"contentUrl\":\"https:\\\/\\\/secure.gravatar.com\\\/avatar\\\/0039101dddd706b4fbaad4896bd81ba8b7373bc55617aa37134859b0b8a343c8?s=96&d=mm&r=g\",\"caption\":\"gollivro\"},\"url\":\"https:\\\/\\\/www.reseau-entreprendre.org\\\/bretagne\\\/author\\\/ollivro\\\/\"}]}<\/script>\n<!-- \/ Yoast SEO plugin. -->","yoast_head_json":{"title":"Une belle soir\u00e9e sur L'ENTREPRISE DU FUTUR - R\u00e9seau Entreprendre Bretagne","robots":{"index":"index","follow":"follow","max-snippet":"max-snippet:-1","max-image-preview":"max-image-preview:large","max-video-preview":"max-video-preview:-1"},"canonical":"https:\/\/www.reseau-entreprendre.org\/bretagne\/2020\/03\/19\/une-belle-soiree-sur-lentreprise-du-futur\/","og_locale":"fr_FR","og_type":"article","og_title":"Une belle soir\u00e9e sur L'ENTREPRISE DU FUTUR - R\u00e9seau Entreprendre Bretagne","og_description":"Le mercredi 4 mars dernier, les r\u00e9seaux \u00e9conomiques locaux #reseauentreprendrebretagne,","og_url":"https:\/\/www.reseau-entreprendre.org\/bretagne\/2020\/03\/19\/une-belle-soiree-sur-lentreprise-du-futur\/","og_site_name":"R\u00e9seau Entreprendre Bretagne","article_publisher":"https:\/\/www.facebook.com\/reseauentreprendrebretagne\/","article_published_time":"2020-03-19T07:55:15+00:00","article_modified_time":"2022-04-11T15:19:57+00:00","og_image":[{"width":640,"height":480,"url":"https:\/\/www.reseau-entreprendre.org\/bretagne\/wp-content\/uploads\/sites\/3\/2020\/03\/IMG_0445-Copie.jpg","type":"image\/jpeg"}],"author":"gollivro","twitter_card":"summary_large_image","twitter_creator":"@RE_Bretagne","twitter_site":"@RE_Bretagne","twitter_misc":{"\u00c9crit par":"gollivro","Dur\u00e9e de lecture estim\u00e9e":"1 minute"},"schema":{"@context":"https:\/\/schema.org","@graph":[{"@type":"Article","@id":"https:\/\/www.reseau-entreprendre.org\/bretagne\/2020\/03\/19\/une-belle-soiree-sur-lentreprise-du-futur\/#article","isPartOf":{"@id":"https:\/\/www.reseau-entreprendre.org\/bretagne\/2020\/03\/19\/une-belle-soiree-sur-lentreprise-du-futur\/"},"author":{"name":"gollivro","@id":"https:\/\/www.reseau-entreprendre.org\/bretagne\/#\/schema\/person\/b60cb74cd9b4f800a802c1c5bcb49e5a"},"headline":"Une belle soir\u00e9e sur L&#8217;ENTREPRISE DU FUTUR","datePublished":"2020-03-19T07:55:15+00:00","dateModified":"2022-04-11T15:19:57+00:00","mainEntityOfPage":{"@id":"https:\/\/www.reseau-entreprendre.org\/bretagne\/2020\/03\/19\/une-belle-soiree-sur-lentreprise-du-futur\/"},"wordCount":259,"image":{"@id":"https:\/\/www.reseau-entreprendre.org\/bretagne\/2020\/03\/19\/une-belle-soiree-sur-lentreprise-du-futur\/#primaryimage"},"thumbnailUrl":"https:\/\/www.reseau-entreprendre.org\/bretagne\/wp-content\/uploads\/sites\/3\/2020\/03\/IMG_0445-Copie.jpg","articleSection":["Actualit\u00e9s"],"inLanguage":"fr-FR"},{"@type":"WebPage","@id":"https:\/\/www.reseau-entreprendre.org\/bretagne\/2020\/03\/19\/une-belle-soiree-sur-lentreprise-du-futur\/","url":"https:\/\/www.reseau-entreprendre.org\/bretagne\/2020\/03\/19\/une-belle-soiree-sur-lentreprise-du-futur\/","name":"Une belle soir\u00e9e sur L'ENTREPRISE DU FUTUR - R\u00e9seau Entreprendre Bretagne","isPartOf":{"@id":"https:\/\/www.reseau-entreprendre.org\/bretagne\/#website"},"primaryImageOfPage":{"@id":"https:\/\/www.reseau-entreprendre.org\/bretagne\/2020\/03\/19\/une-belle-soiree-sur-lentreprise-du-futur\/#primaryimage"},"image":{"@id":"https:\/\/www.reseau-entreprendre.org\/bretagne\/2020\/03\/19\/une-belle-soiree-sur-lentreprise-du-futur\/#primaryimage"},"thumbnailUrl":"https:\/\/www.reseau-entreprendre.org\/bretagne\/wp-content\/uploads\/sites\/3\/2020\/03\/IMG_0445-Copie.jpg","datePublished":"2020-03-19T07:55:15+00:00","dateModified":"2022-04-11T15:19:57+00:00","author":{"@id":"https:\/\/www.reseau-entreprendre.org\/bretagne\/#\/schema\/person\/b60cb74cd9b4f800a802c1c5bcb49e5a"},"breadcrumb":{"@id":"https:\/\/www.reseau-entreprendre.org\/bretagne\/2020\/03\/19\/une-belle-soiree-sur-lentreprise-du-futur\/#breadcrumb"},"inLanguage":"fr-FR","potentialAction":[{"@type":"ReadAction","target":["https:\/\/www.reseau-entreprendre.org\/bretagne\/2020\/03\/19\/une-belle-soiree-sur-lentreprise-du-futur\/"]}]},{"@type":"ImageObject","inLanguage":"fr-FR","@id":"https:\/\/www.reseau-entreprendre.org\/bretagne\/2020\/03\/19\/une-belle-soiree-sur-lentreprise-du-futur\/#primaryimage","url":"https:\/\/www.reseau-entreprendre.org\/bretagne\/wp-content\/uploads\/sites\/3\/2020\/03\/IMG_0445-Copie.jpg","contentUrl":"https:\/\/www.reseau-entreprendre.org\/bretagne\/wp-content\/uploads\/sites\/3\/2020\/03\/IMG_0445-Copie.jpg","width":640,"height":480},{"@type":"BreadcrumbList","@id":"https:\/\/www.reseau-entreprendre.org\/bretagne\/2020\/03\/19\/une-belle-soiree-sur-lentreprise-du-futur\/#breadcrumb","itemListElement":[{"@type":"ListItem","position":1,"name":"Accueil","item":"https:\/\/www.reseau-entreprendre.org\/bretagne\/"},{"@type":"ListItem","position":2,"name":"Une belle soir\u00e9e sur L&rsquo;ENTREPRISE DU FUTUR"}]},{"@type":"WebSite","@id":"https:\/\/www.reseau-entreprendre.org\/bretagne\/#website","url":"https:\/\/www.reseau-entreprendre.org\/bretagne\/","name":"R\u00e9seau Entreprendre Bretagne","description":"Pour cr\u00e9er des emplois, cr\u00e9ons des employeurs","potentialAction":[{"@type":"SearchAction","target":{"@type":"EntryPoint","urlTemplate":"https:\/\/www.reseau-entreprendre.org\/bretagne\/?s={search_term_string}"},"query-input":{"@type":"PropertyValueSpecification","valueRequired":true,"valueName":"search_term_string"}}],"inLanguage":"fr-FR"},{"@type":"Person","@id":"https:\/\/www.reseau-entreprendre.org\/bretagne\/#\/schema\/person\/b60cb74cd9b4f800a802c1c5bcb49e5a","name":"gollivro","image":{"@type":"ImageObject","inLanguage":"fr-FR","@id":"https:\/\/secure.gravatar.com\/avatar\/0039101dddd706b4fbaad4896bd81ba8b7373bc55617aa37134859b0b8a343c8?s=96&d=mm&r=g","url":"https:\/\/secure.gravatar.com\/avatar\/0039101dddd706b4fbaad4896bd81ba8b7373bc55617aa37134859b0b8a343c8?s=96&d=mm&r=g","contentUrl":"https:\/\/secure.gravatar.com\/avatar\/0039101dddd706b4fbaad4896bd81ba8b7373bc55617aa37134859b0b8a343c8?s=96&d=mm&r=g","caption":"gollivro"},"url":"https:\/\/www.reseau-entreprendre.org\/bretagne\/author\/ollivro\/"}]}},"_links":{"self":[{"href":"https:\/\/www.reseau-entreprendre.org\/bretagne\/wp-json\/wp\/v2\/posts\/2474","targetHints":{"allow":["GET"]}}],"collection":[{"href":"https:\/\/www.reseau-entreprendre.org\/bretagne\/wp-json\/wp\/v2\/posts"}],"about":[{"href":"https:\/\/www.reseau-entreprendre.org\/bretagne\/wp-json\/wp\/v2\/types\/post"}],"author":[{"embeddable":true,"href":"https:\/\/www.reseau-entreprendre.org\/bretagne\/wp-json\/wp\/v2\/users\/106"}],"replies":[{"embeddable":true,"href":"https:\/\/www.reseau-entreprendre.org\/bretagne\/wp-json\/wp\/v2\/comments?post=2474"}],"version-history":[{"count":0,"href":"https:\/\/www.reseau-entreprendre.org\/bretagne\/wp-json\/wp\/v2\/posts\/2474\/revisions"}],"wp:featuredmedia":[{"embeddable":true,"href":"https:\/\/www.reseau-entreprendre.org\/bretagne\/wp-json\/wp\/v2\/media\/2475"}],"wp:attachment":[{"href":"https:\/\/www.reseau-entreprendre.org\/bretagne\/wp-json\/wp\/v2\/media?parent=2474"}],"wp:term":[{"taxonomy":"category","embeddable":true,"href":"https:\/\/www.reseau-entreprendre.org\/bretagne\/wp-json\/wp\/v2\/categories?post=2474"},{"taxonomy":"post_tag","embeddable":true,"href":"https:\/\/www.reseau-entreprendre.org\/bretagne\/wp-json\/wp\/v2\/tags?post=2474"}],"curies":[{"name":"wp","href":"https:\/\/api.w.org\/{rel}","templated":true}]}}