{"id":884,"date":"2017-10-24T12:55:29","date_gmt":"2017-10-24T10:55:29","guid":{"rendered":"https:\/\/www.reseau-entreprendre.org\/bretagne\/?p=884"},"modified":"2022-04-11T17:20:20","modified_gmt":"2022-04-11T15:20:20","slug":"finistere-club-laureats-17-octobre","status":"publish","type":"post","link":"https:\/\/www.reseau-entreprendre.org\/bretagne\/2017\/10\/24\/finistere-club-laureats-17-octobre\/","title":{"rendered":"Finist\u00e8re : Club des Laur\u00e9ats du 17 octobre"},"content":{"rendered":"<p><img loading=\"lazy\" decoding=\"async\" class=\"aligncenter size-full wp-image-885\" src=\"https:\/\/www.reseau-entreprendre.org\/bretagne\/wp-content\/uploads\/sites\/3\/2017\/10\/club-17.10.17-laureats-e1508856721233.jpg\" alt=\"\" width=\"370\" height=\"222\" \/><\/p>\n<p style=\"text-align: justify\">Le 17 octobre 2017 de 9h \u00e0 14h, s\u2019est tenu le club des laur\u00e9ats Finist\u00e8re de <strong>R\u00e9seau Entreprendre Bretagne<\/strong>.<\/p>\n<p style=\"text-align: justify\">Ce club a b\u00e9n\u00e9fici\u00e9 de l\u2019accueil des propri\u00e9taires de l\u2019h\u00f4tel <strong><a href=\"http:\/\/www.lesmimosas-pontaven.com\/\">Les Mimosas<\/a> \u00e0 Pont Aven<\/strong>, jolie demeure d\u2019une dizaine de chambres plant\u00e9e au bord de l\u2019Aven et qui dispose d\u2019un restaurant que je vous invite \u00e0 d\u00e9couvrir.<\/p>\n<p style=\"text-align: justify\">La r\u00e9union portait sur les activit\u00e9s et l\u2019\u00e9tat d\u2019avancement des projets des 10 laur\u00e9ats pr\u00e9sents. Un tour de table a permis \u00e0 chacun de faire le point et de livrer ses bonheurs et ses tracasseries. Au-del\u00e0 de ce moment de partage, <strong>Arnaud Legall<\/strong>, membre du club et dirigeant de la soci\u00e9t\u00e9 <strong>Probioterre<\/strong> nous a fait une sensibilisation sur la mise en place d\u2019une \u00e9quipe commerciale : objectifs, motivations, etc. qui, je l\u2019esp\u00e8re, a remis en m\u00e9moire quelques fondamentaux de l\u2019animation commerciale. Cette matin\u00e9e a pris fin par un d\u00e9jeuner dans un cadre sympa et chaleureux.<\/p>\n<p style=\"text-align: justify\">Le club de novembre est report\u00e9 en raison de la f\u00eate des <strong>15 ans le 16 novembre \u00e0 Pontivy,<\/strong> et le prochain club est pr\u00e9vu le 12 d\u00e9cembre \u00e0 Brest dans les locaux de la BPO, avec pour th\u00e8me la relation bancaire, sous la houlette du repr\u00e9sentant de la f\u00e9d\u00e9ration des banques et avec le concours de Manuel Charpentier, laur\u00e9at et ex cadre bancaire. Un grand merci \u00e0 <strong>Luc et V\u00e9ronique Le Gall<\/strong> pour le moment de convivialit\u00e9.<\/p>\n","protected":false},"excerpt":{"rendered":"<p>Le 17 octobre 2017 de 9h \u00e0 14h, s\u2019est tenu<\/p>\n","protected":false},"author":3,"featured_media":885,"comment_status":"closed","ping_status":"open","sticky":false,"template":"","format":"standard","meta":{"_acf_changed":false,"_monsterinsights_skip_tracking":false,"_monsterinsights_sitenote_active":false,"_monsterinsights_sitenote_note":"","_monsterinsights_sitenote_category":0,"footnotes":""},"categories":[4],"tags":[],"class_list":["post-884","post","type-post","status-publish","format-standard","has-post-thumbnail","hentry","category-actualites","news"],"acf":[],"yoast_head":"<!-- This site is optimized with the Yoast SEO plugin v27.4 - https:\/\/yoast.com\/product\/yoast-seo-wordpress\/ -->\n<title>Finist\u00e8re : Club des Laur\u00e9ats du 17 octobre - R\u00e9seau Entreprendre Bretagne<\/title>\n<meta name=\"robots\" content=\"index, follow, max-snippet:-1, max-image-preview:large, max-video-preview:-1\" \/>\n<link rel=\"canonical\" href=\"https:\/\/www.reseau-entreprendre.org\/bretagne\/2017\/10\/24\/finistere-club-laureats-17-octobre\/\" \/>\n<meta property=\"og:locale\" content=\"fr_FR\" \/>\n<meta property=\"og:type\" content=\"article\" \/>\n<meta property=\"og:title\" content=\"Finist\u00e8re : Club des Laur\u00e9ats du 17 octobre - R\u00e9seau Entreprendre Bretagne\" \/>\n<meta property=\"og:description\" content=\"Le 17 octobre 2017 de 9h \u00e0 14h, s\u2019est tenu\" \/>\n<meta property=\"og:url\" content=\"https:\/\/www.reseau-entreprendre.org\/bretagne\/2017\/10\/24\/finistere-club-laureats-17-octobre\/\" \/>\n<meta property=\"og:site_name\" content=\"R\u00e9seau Entreprendre Bretagne\" \/>\n<meta property=\"article:publisher\" content=\"https:\/\/www.facebook.com\/reseauentreprendrebretagne\/\" \/>\n<meta property=\"article:published_time\" content=\"2017-10-24T10:55:29+00:00\" \/>\n<meta property=\"article:modified_time\" content=\"2022-04-11T15:20:20+00:00\" \/>\n<meta property=\"og:image\" content=\"https:\/\/www.reseau-entreprendre.org\/bretagne\/wp-content\/uploads\/sites\/3\/2017\/10\/club-17.10.17-laureats-e1508856721233.jpg\" \/>\n\t<meta property=\"og:image:width\" content=\"370\" \/>\n\t<meta property=\"og:image:height\" content=\"222\" \/>\n\t<meta property=\"og:image:type\" content=\"image\/jpeg\" \/>\n<meta name=\"author\" content=\"bretagne\" \/>\n<meta name=\"twitter:card\" content=\"summary_large_image\" \/>\n<meta name=\"twitter:creator\" content=\"@RE_Bretagne\" \/>\n<meta name=\"twitter:site\" content=\"@RE_Bretagne\" \/>\n<meta name=\"twitter:label1\" content=\"\u00c9crit par\" \/>\n\t<meta name=\"twitter:data1\" content=\"bretagne\" \/>\n\t<meta name=\"twitter:label2\" content=\"Dur\u00e9e de lecture estim\u00e9e\" \/>\n\t<meta name=\"twitter:data2\" content=\"1 minute\" \/>\n<script type=\"application\/ld+json\" class=\"yoast-schema-graph\">{\"@context\":\"https:\\\/\\\/schema.org\",\"@graph\":[{\"@type\":\"Article\",\"@id\":\"https:\\\/\\\/www.reseau-entreprendre.org\\\/bretagne\\\/2017\\\/10\\\/24\\\/finistere-club-laureats-17-octobre\\\/#article\",\"isPartOf\":{\"@id\":\"https:\\\/\\\/www.reseau-entreprendre.org\\\/bretagne\\\/2017\\\/10\\\/24\\\/finistere-club-laureats-17-octobre\\\/\"},\"author\":{\"name\":\"bretagne\",\"@id\":\"https:\\\/\\\/www.reseau-entreprendre.org\\\/bretagne\\\/#\\\/schema\\\/person\\\/1c6299543d9bd30cb3c949a995444772\"},\"headline\":\"Finist\u00e8re : Club des Laur\u00e9ats du 17 octobre\",\"datePublished\":\"2017-10-24T10:55:29+00:00\",\"dateModified\":\"2022-04-11T15:20:20+00:00\",\"mainEntityOfPage\":{\"@id\":\"https:\\\/\\\/www.reseau-entreprendre.org\\\/bretagne\\\/2017\\\/10\\\/24\\\/finistere-club-laureats-17-octobre\\\/\"},\"wordCount\":261,\"image\":{\"@id\":\"https:\\\/\\\/www.reseau-entreprendre.org\\\/bretagne\\\/2017\\\/10\\\/24\\\/finistere-club-laureats-17-octobre\\\/#primaryimage\"},\"thumbnailUrl\":\"https:\\\/\\\/www.reseau-entreprendre.org\\\/bretagne\\\/wp-content\\\/uploads\\\/sites\\\/3\\\/2017\\\/10\\\/club-17.10.17-laureats-e1508856721233.jpg\",\"articleSection\":[\"Actualit\u00e9s\"],\"inLanguage\":\"fr-FR\"},{\"@type\":\"WebPage\",\"@id\":\"https:\\\/\\\/www.reseau-entreprendre.org\\\/bretagne\\\/2017\\\/10\\\/24\\\/finistere-club-laureats-17-octobre\\\/\",\"url\":\"https:\\\/\\\/www.reseau-entreprendre.org\\\/bretagne\\\/2017\\\/10\\\/24\\\/finistere-club-laureats-17-octobre\\\/\",\"name\":\"Finist\u00e8re : Club des Laur\u00e9ats du 17 octobre - R\u00e9seau Entreprendre Bretagne\",\"isPartOf\":{\"@id\":\"https:\\\/\\\/www.reseau-entreprendre.org\\\/bretagne\\\/#website\"},\"primaryImageOfPage\":{\"@id\":\"https:\\\/\\\/www.reseau-entreprendre.org\\\/bretagne\\\/2017\\\/10\\\/24\\\/finistere-club-laureats-17-octobre\\\/#primaryimage\"},\"image\":{\"@id\":\"https:\\\/\\\/www.reseau-entreprendre.org\\\/bretagne\\\/2017\\\/10\\\/24\\\/finistere-club-laureats-17-octobre\\\/#primaryimage\"},\"thumbnailUrl\":\"https:\\\/\\\/www.reseau-entreprendre.org\\\/bretagne\\\/wp-content\\\/uploads\\\/sites\\\/3\\\/2017\\\/10\\\/club-17.10.17-laureats-e1508856721233.jpg\",\"datePublished\":\"2017-10-24T10:55:29+00:00\",\"dateModified\":\"2022-04-11T15:20:20+00:00\",\"author\":{\"@id\":\"https:\\\/\\\/www.reseau-entreprendre.org\\\/bretagne\\\/#\\\/schema\\\/person\\\/1c6299543d9bd30cb3c949a995444772\"},\"breadcrumb\":{\"@id\":\"https:\\\/\\\/www.reseau-entreprendre.org\\\/bretagne\\\/2017\\\/10\\\/24\\\/finistere-club-laureats-17-octobre\\\/#breadcrumb\"},\"inLanguage\":\"fr-FR\",\"potentialAction\":[{\"@type\":\"ReadAction\",\"target\":[\"https:\\\/\\\/www.reseau-entreprendre.org\\\/bretagne\\\/2017\\\/10\\\/24\\\/finistere-club-laureats-17-octobre\\\/\"]}]},{\"@type\":\"ImageObject\",\"inLanguage\":\"fr-FR\",\"@id\":\"https:\\\/\\\/www.reseau-entreprendre.org\\\/bretagne\\\/2017\\\/10\\\/24\\\/finistere-club-laureats-17-octobre\\\/#primaryimage\",\"url\":\"https:\\\/\\\/www.reseau-entreprendre.org\\\/bretagne\\\/wp-content\\\/uploads\\\/sites\\\/3\\\/2017\\\/10\\\/club-17.10.17-laureats-e1508856721233.jpg\",\"contentUrl\":\"https:\\\/\\\/www.reseau-entreprendre.org\\\/bretagne\\\/wp-content\\\/uploads\\\/sites\\\/3\\\/2017\\\/10\\\/club-17.10.17-laureats-e1508856721233.jpg\",\"width\":370,\"height\":222},{\"@type\":\"BreadcrumbList\",\"@id\":\"https:\\\/\\\/www.reseau-entreprendre.org\\\/bretagne\\\/2017\\\/10\\\/24\\\/finistere-club-laureats-17-octobre\\\/#breadcrumb\",\"itemListElement\":[{\"@type\":\"ListItem\",\"position\":1,\"name\":\"Accueil\",\"item\":\"https:\\\/\\\/www.reseau-entreprendre.org\\\/bretagne\\\/\"},{\"@type\":\"ListItem\",\"position\":2,\"name\":\"Finist\u00e8re : Club des Laur\u00e9ats du 17 octobre\"}]},{\"@type\":\"WebSite\",\"@id\":\"https:\\\/\\\/www.reseau-entreprendre.org\\\/bretagne\\\/#website\",\"url\":\"https:\\\/\\\/www.reseau-entreprendre.org\\\/bretagne\\\/\",\"name\":\"R\u00e9seau Entreprendre Bretagne\",\"description\":\"Pour cr\u00e9er des emplois, cr\u00e9ons des employeurs\",\"potentialAction\":[{\"@type\":\"SearchAction\",\"target\":{\"@type\":\"EntryPoint\",\"urlTemplate\":\"https:\\\/\\\/www.reseau-entreprendre.org\\\/bretagne\\\/?s={search_term_string}\"},\"query-input\":{\"@type\":\"PropertyValueSpecification\",\"valueRequired\":true,\"valueName\":\"search_term_string\"}}],\"inLanguage\":\"fr-FR\"},{\"@type\":\"Person\",\"@id\":\"https:\\\/\\\/www.reseau-entreprendre.org\\\/bretagne\\\/#\\\/schema\\\/person\\\/1c6299543d9bd30cb3c949a995444772\",\"name\":\"bretagne\",\"image\":{\"@type\":\"ImageObject\",\"inLanguage\":\"fr-FR\",\"@id\":\"https:\\\/\\\/secure.gravatar.com\\\/avatar\\\/92cffde2dbd036cbc8249d542d2ca21dabebd4b4db2db5ea59b98bb93e0521b9?s=96&d=mm&r=g\",\"url\":\"https:\\\/\\\/secure.gravatar.com\\\/avatar\\\/92cffde2dbd036cbc8249d542d2ca21dabebd4b4db2db5ea59b98bb93e0521b9?s=96&d=mm&r=g\",\"contentUrl\":\"https:\\\/\\\/secure.gravatar.com\\\/avatar\\\/92cffde2dbd036cbc8249d542d2ca21dabebd4b4db2db5ea59b98bb93e0521b9?s=96&d=mm&r=g\",\"caption\":\"bretagne\"},\"url\":\"https:\\\/\\\/www.reseau-entreprendre.org\\\/bretagne\\\/author\\\/bretagne\\\/\"}]}<\/script>\n<!-- \/ Yoast SEO plugin. -->","yoast_head_json":{"title":"Finist\u00e8re : Club des Laur\u00e9ats du 17 octobre - R\u00e9seau Entreprendre Bretagne","robots":{"index":"index","follow":"follow","max-snippet":"max-snippet:-1","max-image-preview":"max-image-preview:large","max-video-preview":"max-video-preview:-1"},"canonical":"https:\/\/www.reseau-entreprendre.org\/bretagne\/2017\/10\/24\/finistere-club-laureats-17-octobre\/","og_locale":"fr_FR","og_type":"article","og_title":"Finist\u00e8re : Club des Laur\u00e9ats du 17 octobre - R\u00e9seau Entreprendre Bretagne","og_description":"Le 17 octobre 2017 de 9h \u00e0 14h, s\u2019est tenu","og_url":"https:\/\/www.reseau-entreprendre.org\/bretagne\/2017\/10\/24\/finistere-club-laureats-17-octobre\/","og_site_name":"R\u00e9seau Entreprendre Bretagne","article_publisher":"https:\/\/www.facebook.com\/reseauentreprendrebretagne\/","article_published_time":"2017-10-24T10:55:29+00:00","article_modified_time":"2022-04-11T15:20:20+00:00","og_image":[{"width":370,"height":222,"url":"https:\/\/www.reseau-entreprendre.org\/bretagne\/wp-content\/uploads\/sites\/3\/2017\/10\/club-17.10.17-laureats-e1508856721233.jpg","type":"image\/jpeg"}],"author":"bretagne","twitter_card":"summary_large_image","twitter_creator":"@RE_Bretagne","twitter_site":"@RE_Bretagne","twitter_misc":{"\u00c9crit par":"bretagne","Dur\u00e9e de lecture estim\u00e9e":"1 minute"},"schema":{"@context":"https:\/\/schema.org","@graph":[{"@type":"Article","@id":"https:\/\/www.reseau-entreprendre.org\/bretagne\/2017\/10\/24\/finistere-club-laureats-17-octobre\/#article","isPartOf":{"@id":"https:\/\/www.reseau-entreprendre.org\/bretagne\/2017\/10\/24\/finistere-club-laureats-17-octobre\/"},"author":{"name":"bretagne","@id":"https:\/\/www.reseau-entreprendre.org\/bretagne\/#\/schema\/person\/1c6299543d9bd30cb3c949a995444772"},"headline":"Finist\u00e8re : Club des Laur\u00e9ats du 17 octobre","datePublished":"2017-10-24T10:55:29+00:00","dateModified":"2022-04-11T15:20:20+00:00","mainEntityOfPage":{"@id":"https:\/\/www.reseau-entreprendre.org\/bretagne\/2017\/10\/24\/finistere-club-laureats-17-octobre\/"},"wordCount":261,"image":{"@id":"https:\/\/www.reseau-entreprendre.org\/bretagne\/2017\/10\/24\/finistere-club-laureats-17-octobre\/#primaryimage"},"thumbnailUrl":"https:\/\/www.reseau-entreprendre.org\/bretagne\/wp-content\/uploads\/sites\/3\/2017\/10\/club-17.10.17-laureats-e1508856721233.jpg","articleSection":["Actualit\u00e9s"],"inLanguage":"fr-FR"},{"@type":"WebPage","@id":"https:\/\/www.reseau-entreprendre.org\/bretagne\/2017\/10\/24\/finistere-club-laureats-17-octobre\/","url":"https:\/\/www.reseau-entreprendre.org\/bretagne\/2017\/10\/24\/finistere-club-laureats-17-octobre\/","name":"Finist\u00e8re : Club des Laur\u00e9ats du 17 octobre - R\u00e9seau Entreprendre Bretagne","isPartOf":{"@id":"https:\/\/www.reseau-entreprendre.org\/bretagne\/#website"},"primaryImageOfPage":{"@id":"https:\/\/www.reseau-entreprendre.org\/bretagne\/2017\/10\/24\/finistere-club-laureats-17-octobre\/#primaryimage"},"image":{"@id":"https:\/\/www.reseau-entreprendre.org\/bretagne\/2017\/10\/24\/finistere-club-laureats-17-octobre\/#primaryimage"},"thumbnailUrl":"https:\/\/www.reseau-entreprendre.org\/bretagne\/wp-content\/uploads\/sites\/3\/2017\/10\/club-17.10.17-laureats-e1508856721233.jpg","datePublished":"2017-10-24T10:55:29+00:00","dateModified":"2022-04-11T15:20:20+00:00","author":{"@id":"https:\/\/www.reseau-entreprendre.org\/bretagne\/#\/schema\/person\/1c6299543d9bd30cb3c949a995444772"},"breadcrumb":{"@id":"https:\/\/www.reseau-entreprendre.org\/bretagne\/2017\/10\/24\/finistere-club-laureats-17-octobre\/#breadcrumb"},"inLanguage":"fr-FR","potentialAction":[{"@type":"ReadAction","target":["https:\/\/www.reseau-entreprendre.org\/bretagne\/2017\/10\/24\/finistere-club-laureats-17-octobre\/"]}]},{"@type":"ImageObject","inLanguage":"fr-FR","@id":"https:\/\/www.reseau-entreprendre.org\/bretagne\/2017\/10\/24\/finistere-club-laureats-17-octobre\/#primaryimage","url":"https:\/\/www.reseau-entreprendre.org\/bretagne\/wp-content\/uploads\/sites\/3\/2017\/10\/club-17.10.17-laureats-e1508856721233.jpg","contentUrl":"https:\/\/www.reseau-entreprendre.org\/bretagne\/wp-content\/uploads\/sites\/3\/2017\/10\/club-17.10.17-laureats-e1508856721233.jpg","width":370,"height":222},{"@type":"BreadcrumbList","@id":"https:\/\/www.reseau-entreprendre.org\/bretagne\/2017\/10\/24\/finistere-club-laureats-17-octobre\/#breadcrumb","itemListElement":[{"@type":"ListItem","position":1,"name":"Accueil","item":"https:\/\/www.reseau-entreprendre.org\/bretagne\/"},{"@type":"ListItem","position":2,"name":"Finist\u00e8re : Club des Laur\u00e9ats du 17 octobre"}]},{"@type":"WebSite","@id":"https:\/\/www.reseau-entreprendre.org\/bretagne\/#website","url":"https:\/\/www.reseau-entreprendre.org\/bretagne\/","name":"R\u00e9seau Entreprendre Bretagne","description":"Pour cr\u00e9er des emplois, cr\u00e9ons des employeurs","potentialAction":[{"@type":"SearchAction","target":{"@type":"EntryPoint","urlTemplate":"https:\/\/www.reseau-entreprendre.org\/bretagne\/?s={search_term_string}"},"query-input":{"@type":"PropertyValueSpecification","valueRequired":true,"valueName":"search_term_string"}}],"inLanguage":"fr-FR"},{"@type":"Person","@id":"https:\/\/www.reseau-entreprendre.org\/bretagne\/#\/schema\/person\/1c6299543d9bd30cb3c949a995444772","name":"bretagne","image":{"@type":"ImageObject","inLanguage":"fr-FR","@id":"https:\/\/secure.gravatar.com\/avatar\/92cffde2dbd036cbc8249d542d2ca21dabebd4b4db2db5ea59b98bb93e0521b9?s=96&d=mm&r=g","url":"https:\/\/secure.gravatar.com\/avatar\/92cffde2dbd036cbc8249d542d2ca21dabebd4b4db2db5ea59b98bb93e0521b9?s=96&d=mm&r=g","contentUrl":"https:\/\/secure.gravatar.com\/avatar\/92cffde2dbd036cbc8249d542d2ca21dabebd4b4db2db5ea59b98bb93e0521b9?s=96&d=mm&r=g","caption":"bretagne"},"url":"https:\/\/www.reseau-entreprendre.org\/bretagne\/author\/bretagne\/"}]}},"_links":{"self":[{"href":"https:\/\/www.reseau-entreprendre.org\/bretagne\/wp-json\/wp\/v2\/posts\/884","targetHints":{"allow":["GET"]}}],"collection":[{"href":"https:\/\/www.reseau-entreprendre.org\/bretagne\/wp-json\/wp\/v2\/posts"}],"about":[{"href":"https:\/\/www.reseau-entreprendre.org\/bretagne\/wp-json\/wp\/v2\/types\/post"}],"author":[{"embeddable":true,"href":"https:\/\/www.reseau-entreprendre.org\/bretagne\/wp-json\/wp\/v2\/users\/3"}],"replies":[{"embeddable":true,"href":"https:\/\/www.reseau-entreprendre.org\/bretagne\/wp-json\/wp\/v2\/comments?post=884"}],"version-history":[{"count":0,"href":"https:\/\/www.reseau-entreprendre.org\/bretagne\/wp-json\/wp\/v2\/posts\/884\/revisions"}],"wp:featuredmedia":[{"embeddable":true,"href":"https:\/\/www.reseau-entreprendre.org\/bretagne\/wp-json\/wp\/v2\/media\/885"}],"wp:attachment":[{"href":"https:\/\/www.reseau-entreprendre.org\/bretagne\/wp-json\/wp\/v2\/media?parent=884"}],"wp:term":[{"taxonomy":"category","embeddable":true,"href":"https:\/\/www.reseau-entreprendre.org\/bretagne\/wp-json\/wp\/v2\/categories?post=884"},{"taxonomy":"post_tag","embeddable":true,"href":"https:\/\/www.reseau-entreprendre.org\/bretagne\/wp-json\/wp\/v2\/tags?post=884"}],"curies":[{"name":"wp","href":"https:\/\/api.w.org\/{rel}","templated":true}]}}