{"id":889,"date":"2017-10-27T10:33:33","date_gmt":"2017-10-27T08:33:33","guid":{"rendered":"https:\/\/www.reseau-entreprendre.org\/bretagne\/?p=889"},"modified":"2022-04-11T17:20:20","modified_gmt":"2022-04-11T15:20:20","slug":"finistere-nouvelle-laureate-anne-calvez-eqwall","status":"publish","type":"post","link":"https:\/\/www.reseau-entreprendre.org\/bretagne\/2017\/10\/27\/finistere-nouvelle-laureate-anne-calvez-eqwall\/","title":{"rendered":"Finist\u00e8re : nouvelle laur\u00e9ate, Anne Calvez &#8211; EQWALL"},"content":{"rendered":"<figure id=\"attachment_891\" aria-describedby=\"caption-attachment-891\" style=\"width: 370px\" class=\"wp-caption aligncenter\"><img loading=\"lazy\" decoding=\"async\" class=\"size-full wp-image-891\" src=\"https:\/\/www.reseau-entreprendre.org\/bretagne\/wp-content\/uploads\/sites\/3\/2017\/10\/Remise-pr\u00eat-dhonneur-A.-Calvez-e1509096693353.jpg\" alt=\"\" width=\"370\" height=\"278\" \/><figcaption id=\"caption-attachment-891\" class=\"wp-caption-text\"><em>Anne Calvez entour\u00e9e de Philippe Edelmayer \u00e0 Gauche et Didier Margerand.<\/em><\/figcaption><\/figure>\n<p>&nbsp;<\/p>\n<p style=\"text-align: justify\">Une nouvelle laur\u00e9ate <strong>R\u00e9seau Entreprendre<\/strong> dans le Finist\u00e8re ! <strong>Anne Calvez<\/strong> a re\u00e7u un pr\u00eat d&#8217;honneur de 45 000 euros le 25 octobre \u00e0 Brest afin de d\u00e9velopper sa soci\u00e9t\u00e9 <a href=\"https:\/\/eqwall.com\/\"><strong>EQWALL<\/strong><\/a>.<br \/>\nDidier Margerand r\u00e9f\u00e9rent de l&#8217;accompagnement et Philippe Edelmayer, D\u00e9l\u00e9gu\u00e9, \u00e9taient dans les locaux d&#8217;Anne ce jeudi.<br \/>\n<strong>Eqwall<\/strong> est une start-up bretonne, bas\u00e9e pr\u00e8s de Brest, fond\u00e9e par Anne Calvez. Elle d\u00e9veloppe une web app permettant de dynamiser les conf\u00e9rences en faisant interagir le public pr\u00e9sent dans une salle avec les conf\u00e9renciers : votes, questions-r\u00e9ponses\u2026 La soci\u00e9t\u00e9 travaille d\u00e9j\u00e0 sur une solution audio pour que les participants utilisent le micro de leur smartphone pour prendre la parole publiquement, plut\u00f4t que d\u2019attendre que quelqu\u2019un leur apporte le micro.<br \/>\n<strong>Fabrice Sourdonnier<\/strong>, adh\u00e9rent Finist\u00e9rien, accompagne cette start-up pour les 2 ann\u00e9es \u00e0 venir.<\/p>\n","protected":false},"excerpt":{"rendered":"<p>&nbsp; Une nouvelle laur\u00e9ate R\u00e9seau Entreprendre dans le Finist\u00e8re !<\/p>\n","protected":false},"author":3,"featured_media":891,"comment_status":"closed","ping_status":"open","sticky":false,"template":"","format":"standard","meta":{"_acf_changed":false,"_monsterinsights_skip_tracking":false,"_monsterinsights_sitenote_active":false,"_monsterinsights_sitenote_note":"","_monsterinsights_sitenote_category":0,"footnotes":""},"categories":[4],"tags":[],"class_list":["post-889","post","type-post","status-publish","format-standard","has-post-thumbnail","hentry","category-actualites","news"],"acf":[],"yoast_head":"<!-- This site is optimized with the Yoast SEO plugin v27.4 - https:\/\/yoast.com\/product\/yoast-seo-wordpress\/ -->\n<title>Finist\u00e8re : nouvelle laur\u00e9ate, Anne Calvez - EQWALL - R\u00e9seau Entreprendre Bretagne<\/title>\n<meta name=\"robots\" content=\"index, follow, max-snippet:-1, max-image-preview:large, max-video-preview:-1\" \/>\n<link rel=\"canonical\" href=\"https:\/\/www.reseau-entreprendre.org\/bretagne\/2017\/10\/27\/finistere-nouvelle-laureate-anne-calvez-eqwall\/\" \/>\n<meta property=\"og:locale\" content=\"fr_FR\" \/>\n<meta property=\"og:type\" content=\"article\" \/>\n<meta property=\"og:title\" content=\"Finist\u00e8re : nouvelle laur\u00e9ate, Anne Calvez - EQWALL - R\u00e9seau Entreprendre Bretagne\" \/>\n<meta property=\"og:description\" content=\"&nbsp; Une nouvelle laur\u00e9ate R\u00e9seau Entreprendre dans le Finist\u00e8re !\" \/>\n<meta property=\"og:url\" content=\"https:\/\/www.reseau-entreprendre.org\/bretagne\/2017\/10\/27\/finistere-nouvelle-laureate-anne-calvez-eqwall\/\" \/>\n<meta property=\"og:site_name\" content=\"R\u00e9seau Entreprendre Bretagne\" \/>\n<meta property=\"article:publisher\" content=\"https:\/\/www.facebook.com\/reseauentreprendrebretagne\/\" \/>\n<meta property=\"article:published_time\" content=\"2017-10-27T08:33:33+00:00\" \/>\n<meta property=\"article:modified_time\" content=\"2022-04-11T15:20:20+00:00\" \/>\n<meta property=\"og:image\" content=\"https:\/\/www.reseau-entreprendre.org\/bretagne\/wp-content\/uploads\/sites\/3\/2017\/10\/Remise-pr\u00eat-dhonneur-A.-Calvez-e1509096693353.jpg\" \/>\n\t<meta property=\"og:image:width\" content=\"370\" \/>\n\t<meta property=\"og:image:height\" content=\"278\" \/>\n\t<meta property=\"og:image:type\" content=\"image\/jpeg\" \/>\n<meta name=\"author\" content=\"bretagne\" \/>\n<meta name=\"twitter:card\" content=\"summary_large_image\" \/>\n<meta name=\"twitter:creator\" content=\"@RE_Bretagne\" \/>\n<meta name=\"twitter:site\" content=\"@RE_Bretagne\" \/>\n<meta name=\"twitter:label1\" content=\"\u00c9crit par\" \/>\n\t<meta name=\"twitter:data1\" content=\"bretagne\" \/>\n\t<meta name=\"twitter:label2\" content=\"Dur\u00e9e de lecture estim\u00e9e\" \/>\n\t<meta name=\"twitter:data2\" content=\"1 minute\" \/>\n<script type=\"application\/ld+json\" class=\"yoast-schema-graph\">{\"@context\":\"https:\\\/\\\/schema.org\",\"@graph\":[{\"@type\":\"Article\",\"@id\":\"https:\\\/\\\/www.reseau-entreprendre.org\\\/bretagne\\\/2017\\\/10\\\/27\\\/finistere-nouvelle-laureate-anne-calvez-eqwall\\\/#article\",\"isPartOf\":{\"@id\":\"https:\\\/\\\/www.reseau-entreprendre.org\\\/bretagne\\\/2017\\\/10\\\/27\\\/finistere-nouvelle-laureate-anne-calvez-eqwall\\\/\"},\"author\":{\"name\":\"bretagne\",\"@id\":\"https:\\\/\\\/www.reseau-entreprendre.org\\\/bretagne\\\/#\\\/schema\\\/person\\\/1c6299543d9bd30cb3c949a995444772\"},\"headline\":\"Finist\u00e8re : nouvelle laur\u00e9ate, Anne Calvez &#8211; EQWALL\",\"datePublished\":\"2017-10-27T08:33:33+00:00\",\"dateModified\":\"2022-04-11T15:20:20+00:00\",\"mainEntityOfPage\":{\"@id\":\"https:\\\/\\\/www.reseau-entreprendre.org\\\/bretagne\\\/2017\\\/10\\\/27\\\/finistere-nouvelle-laureate-anne-calvez-eqwall\\\/\"},\"wordCount\":180,\"image\":{\"@id\":\"https:\\\/\\\/www.reseau-entreprendre.org\\\/bretagne\\\/2017\\\/10\\\/27\\\/finistere-nouvelle-laureate-anne-calvez-eqwall\\\/#primaryimage\"},\"thumbnailUrl\":\"https:\\\/\\\/www.reseau-entreprendre.org\\\/bretagne\\\/wp-content\\\/uploads\\\/sites\\\/3\\\/2017\\\/10\\\/Remise-pr\u00eat-dhonneur-A.-Calvez-e1509096693353.jpg\",\"articleSection\":[\"Actualit\u00e9s\"],\"inLanguage\":\"fr-FR\"},{\"@type\":\"WebPage\",\"@id\":\"https:\\\/\\\/www.reseau-entreprendre.org\\\/bretagne\\\/2017\\\/10\\\/27\\\/finistere-nouvelle-laureate-anne-calvez-eqwall\\\/\",\"url\":\"https:\\\/\\\/www.reseau-entreprendre.org\\\/bretagne\\\/2017\\\/10\\\/27\\\/finistere-nouvelle-laureate-anne-calvez-eqwall\\\/\",\"name\":\"Finist\u00e8re : nouvelle laur\u00e9ate, Anne Calvez - EQWALL - R\u00e9seau Entreprendre Bretagne\",\"isPartOf\":{\"@id\":\"https:\\\/\\\/www.reseau-entreprendre.org\\\/bretagne\\\/#website\"},\"primaryImageOfPage\":{\"@id\":\"https:\\\/\\\/www.reseau-entreprendre.org\\\/bretagne\\\/2017\\\/10\\\/27\\\/finistere-nouvelle-laureate-anne-calvez-eqwall\\\/#primaryimage\"},\"image\":{\"@id\":\"https:\\\/\\\/www.reseau-entreprendre.org\\\/bretagne\\\/2017\\\/10\\\/27\\\/finistere-nouvelle-laureate-anne-calvez-eqwall\\\/#primaryimage\"},\"thumbnailUrl\":\"https:\\\/\\\/www.reseau-entreprendre.org\\\/bretagne\\\/wp-content\\\/uploads\\\/sites\\\/3\\\/2017\\\/10\\\/Remise-pr\u00eat-dhonneur-A.-Calvez-e1509096693353.jpg\",\"datePublished\":\"2017-10-27T08:33:33+00:00\",\"dateModified\":\"2022-04-11T15:20:20+00:00\",\"author\":{\"@id\":\"https:\\\/\\\/www.reseau-entreprendre.org\\\/bretagne\\\/#\\\/schema\\\/person\\\/1c6299543d9bd30cb3c949a995444772\"},\"breadcrumb\":{\"@id\":\"https:\\\/\\\/www.reseau-entreprendre.org\\\/bretagne\\\/2017\\\/10\\\/27\\\/finistere-nouvelle-laureate-anne-calvez-eqwall\\\/#breadcrumb\"},\"inLanguage\":\"fr-FR\",\"potentialAction\":[{\"@type\":\"ReadAction\",\"target\":[\"https:\\\/\\\/www.reseau-entreprendre.org\\\/bretagne\\\/2017\\\/10\\\/27\\\/finistere-nouvelle-laureate-anne-calvez-eqwall\\\/\"]}]},{\"@type\":\"ImageObject\",\"inLanguage\":\"fr-FR\",\"@id\":\"https:\\\/\\\/www.reseau-entreprendre.org\\\/bretagne\\\/2017\\\/10\\\/27\\\/finistere-nouvelle-laureate-anne-calvez-eqwall\\\/#primaryimage\",\"url\":\"https:\\\/\\\/www.reseau-entreprendre.org\\\/bretagne\\\/wp-content\\\/uploads\\\/sites\\\/3\\\/2017\\\/10\\\/Remise-pr\u00eat-dhonneur-A.-Calvez-e1509096693353.jpg\",\"contentUrl\":\"https:\\\/\\\/www.reseau-entreprendre.org\\\/bretagne\\\/wp-content\\\/uploads\\\/sites\\\/3\\\/2017\\\/10\\\/Remise-pr\u00eat-dhonneur-A.-Calvez-e1509096693353.jpg\",\"width\":370,\"height\":278,\"caption\":\"anne Calvez entour\u00e9e de Philippe Edelmayer \u00e0 Gauche et Didier Margerand.\"},{\"@type\":\"BreadcrumbList\",\"@id\":\"https:\\\/\\\/www.reseau-entreprendre.org\\\/bretagne\\\/2017\\\/10\\\/27\\\/finistere-nouvelle-laureate-anne-calvez-eqwall\\\/#breadcrumb\",\"itemListElement\":[{\"@type\":\"ListItem\",\"position\":1,\"name\":\"Accueil\",\"item\":\"https:\\\/\\\/www.reseau-entreprendre.org\\\/bretagne\\\/\"},{\"@type\":\"ListItem\",\"position\":2,\"name\":\"Finist\u00e8re : nouvelle laur\u00e9ate, Anne Calvez &#8211; EQWALL\"}]},{\"@type\":\"WebSite\",\"@id\":\"https:\\\/\\\/www.reseau-entreprendre.org\\\/bretagne\\\/#website\",\"url\":\"https:\\\/\\\/www.reseau-entreprendre.org\\\/bretagne\\\/\",\"name\":\"R\u00e9seau Entreprendre Bretagne\",\"description\":\"Pour cr\u00e9er des emplois, cr\u00e9ons des employeurs\",\"potentialAction\":[{\"@type\":\"SearchAction\",\"target\":{\"@type\":\"EntryPoint\",\"urlTemplate\":\"https:\\\/\\\/www.reseau-entreprendre.org\\\/bretagne\\\/?s={search_term_string}\"},\"query-input\":{\"@type\":\"PropertyValueSpecification\",\"valueRequired\":true,\"valueName\":\"search_term_string\"}}],\"inLanguage\":\"fr-FR\"},{\"@type\":\"Person\",\"@id\":\"https:\\\/\\\/www.reseau-entreprendre.org\\\/bretagne\\\/#\\\/schema\\\/person\\\/1c6299543d9bd30cb3c949a995444772\",\"name\":\"bretagne\",\"image\":{\"@type\":\"ImageObject\",\"inLanguage\":\"fr-FR\",\"@id\":\"https:\\\/\\\/secure.gravatar.com\\\/avatar\\\/92cffde2dbd036cbc8249d542d2ca21dabebd4b4db2db5ea59b98bb93e0521b9?s=96&d=mm&r=g\",\"url\":\"https:\\\/\\\/secure.gravatar.com\\\/avatar\\\/92cffde2dbd036cbc8249d542d2ca21dabebd4b4db2db5ea59b98bb93e0521b9?s=96&d=mm&r=g\",\"contentUrl\":\"https:\\\/\\\/secure.gravatar.com\\\/avatar\\\/92cffde2dbd036cbc8249d542d2ca21dabebd4b4db2db5ea59b98bb93e0521b9?s=96&d=mm&r=g\",\"caption\":\"bretagne\"},\"url\":\"https:\\\/\\\/www.reseau-entreprendre.org\\\/bretagne\\\/author\\\/bretagne\\\/\"}]}<\/script>\n<!-- \/ Yoast SEO plugin. -->","yoast_head_json":{"title":"Finist\u00e8re : nouvelle laur\u00e9ate, Anne Calvez - EQWALL - R\u00e9seau Entreprendre Bretagne","robots":{"index":"index","follow":"follow","max-snippet":"max-snippet:-1","max-image-preview":"max-image-preview:large","max-video-preview":"max-video-preview:-1"},"canonical":"https:\/\/www.reseau-entreprendre.org\/bretagne\/2017\/10\/27\/finistere-nouvelle-laureate-anne-calvez-eqwall\/","og_locale":"fr_FR","og_type":"article","og_title":"Finist\u00e8re : nouvelle laur\u00e9ate, Anne Calvez - EQWALL - R\u00e9seau Entreprendre Bretagne","og_description":"&nbsp; Une nouvelle laur\u00e9ate R\u00e9seau Entreprendre dans le Finist\u00e8re !","og_url":"https:\/\/www.reseau-entreprendre.org\/bretagne\/2017\/10\/27\/finistere-nouvelle-laureate-anne-calvez-eqwall\/","og_site_name":"R\u00e9seau Entreprendre Bretagne","article_publisher":"https:\/\/www.facebook.com\/reseauentreprendrebretagne\/","article_published_time":"2017-10-27T08:33:33+00:00","article_modified_time":"2022-04-11T15:20:20+00:00","og_image":[{"width":370,"height":278,"url":"https:\/\/www.reseau-entreprendre.org\/bretagne\/wp-content\/uploads\/sites\/3\/2017\/10\/Remise-pr\u00eat-dhonneur-A.-Calvez-e1509096693353.jpg","type":"image\/jpeg"}],"author":"bretagne","twitter_card":"summary_large_image","twitter_creator":"@RE_Bretagne","twitter_site":"@RE_Bretagne","twitter_misc":{"\u00c9crit par":"bretagne","Dur\u00e9e de lecture estim\u00e9e":"1 minute"},"schema":{"@context":"https:\/\/schema.org","@graph":[{"@type":"Article","@id":"https:\/\/www.reseau-entreprendre.org\/bretagne\/2017\/10\/27\/finistere-nouvelle-laureate-anne-calvez-eqwall\/#article","isPartOf":{"@id":"https:\/\/www.reseau-entreprendre.org\/bretagne\/2017\/10\/27\/finistere-nouvelle-laureate-anne-calvez-eqwall\/"},"author":{"name":"bretagne","@id":"https:\/\/www.reseau-entreprendre.org\/bretagne\/#\/schema\/person\/1c6299543d9bd30cb3c949a995444772"},"headline":"Finist\u00e8re : nouvelle laur\u00e9ate, Anne Calvez &#8211; EQWALL","datePublished":"2017-10-27T08:33:33+00:00","dateModified":"2022-04-11T15:20:20+00:00","mainEntityOfPage":{"@id":"https:\/\/www.reseau-entreprendre.org\/bretagne\/2017\/10\/27\/finistere-nouvelle-laureate-anne-calvez-eqwall\/"},"wordCount":180,"image":{"@id":"https:\/\/www.reseau-entreprendre.org\/bretagne\/2017\/10\/27\/finistere-nouvelle-laureate-anne-calvez-eqwall\/#primaryimage"},"thumbnailUrl":"https:\/\/www.reseau-entreprendre.org\/bretagne\/wp-content\/uploads\/sites\/3\/2017\/10\/Remise-pr\u00eat-dhonneur-A.-Calvez-e1509096693353.jpg","articleSection":["Actualit\u00e9s"],"inLanguage":"fr-FR"},{"@type":"WebPage","@id":"https:\/\/www.reseau-entreprendre.org\/bretagne\/2017\/10\/27\/finistere-nouvelle-laureate-anne-calvez-eqwall\/","url":"https:\/\/www.reseau-entreprendre.org\/bretagne\/2017\/10\/27\/finistere-nouvelle-laureate-anne-calvez-eqwall\/","name":"Finist\u00e8re : nouvelle laur\u00e9ate, Anne Calvez - EQWALL - R\u00e9seau Entreprendre Bretagne","isPartOf":{"@id":"https:\/\/www.reseau-entreprendre.org\/bretagne\/#website"},"primaryImageOfPage":{"@id":"https:\/\/www.reseau-entreprendre.org\/bretagne\/2017\/10\/27\/finistere-nouvelle-laureate-anne-calvez-eqwall\/#primaryimage"},"image":{"@id":"https:\/\/www.reseau-entreprendre.org\/bretagne\/2017\/10\/27\/finistere-nouvelle-laureate-anne-calvez-eqwall\/#primaryimage"},"thumbnailUrl":"https:\/\/www.reseau-entreprendre.org\/bretagne\/wp-content\/uploads\/sites\/3\/2017\/10\/Remise-pr\u00eat-dhonneur-A.-Calvez-e1509096693353.jpg","datePublished":"2017-10-27T08:33:33+00:00","dateModified":"2022-04-11T15:20:20+00:00","author":{"@id":"https:\/\/www.reseau-entreprendre.org\/bretagne\/#\/schema\/person\/1c6299543d9bd30cb3c949a995444772"},"breadcrumb":{"@id":"https:\/\/www.reseau-entreprendre.org\/bretagne\/2017\/10\/27\/finistere-nouvelle-laureate-anne-calvez-eqwall\/#breadcrumb"},"inLanguage":"fr-FR","potentialAction":[{"@type":"ReadAction","target":["https:\/\/www.reseau-entreprendre.org\/bretagne\/2017\/10\/27\/finistere-nouvelle-laureate-anne-calvez-eqwall\/"]}]},{"@type":"ImageObject","inLanguage":"fr-FR","@id":"https:\/\/www.reseau-entreprendre.org\/bretagne\/2017\/10\/27\/finistere-nouvelle-laureate-anne-calvez-eqwall\/#primaryimage","url":"https:\/\/www.reseau-entreprendre.org\/bretagne\/wp-content\/uploads\/sites\/3\/2017\/10\/Remise-pr\u00eat-dhonneur-A.-Calvez-e1509096693353.jpg","contentUrl":"https:\/\/www.reseau-entreprendre.org\/bretagne\/wp-content\/uploads\/sites\/3\/2017\/10\/Remise-pr\u00eat-dhonneur-A.-Calvez-e1509096693353.jpg","width":370,"height":278,"caption":"anne Calvez entour\u00e9e de Philippe Edelmayer \u00e0 Gauche et Didier Margerand."},{"@type":"BreadcrumbList","@id":"https:\/\/www.reseau-entreprendre.org\/bretagne\/2017\/10\/27\/finistere-nouvelle-laureate-anne-calvez-eqwall\/#breadcrumb","itemListElement":[{"@type":"ListItem","position":1,"name":"Accueil","item":"https:\/\/www.reseau-entreprendre.org\/bretagne\/"},{"@type":"ListItem","position":2,"name":"Finist\u00e8re : nouvelle laur\u00e9ate, Anne Calvez &#8211; EQWALL"}]},{"@type":"WebSite","@id":"https:\/\/www.reseau-entreprendre.org\/bretagne\/#website","url":"https:\/\/www.reseau-entreprendre.org\/bretagne\/","name":"R\u00e9seau Entreprendre Bretagne","description":"Pour cr\u00e9er des emplois, cr\u00e9ons des employeurs","potentialAction":[{"@type":"SearchAction","target":{"@type":"EntryPoint","urlTemplate":"https:\/\/www.reseau-entreprendre.org\/bretagne\/?s={search_term_string}"},"query-input":{"@type":"PropertyValueSpecification","valueRequired":true,"valueName":"search_term_string"}}],"inLanguage":"fr-FR"},{"@type":"Person","@id":"https:\/\/www.reseau-entreprendre.org\/bretagne\/#\/schema\/person\/1c6299543d9bd30cb3c949a995444772","name":"bretagne","image":{"@type":"ImageObject","inLanguage":"fr-FR","@id":"https:\/\/secure.gravatar.com\/avatar\/92cffde2dbd036cbc8249d542d2ca21dabebd4b4db2db5ea59b98bb93e0521b9?s=96&d=mm&r=g","url":"https:\/\/secure.gravatar.com\/avatar\/92cffde2dbd036cbc8249d542d2ca21dabebd4b4db2db5ea59b98bb93e0521b9?s=96&d=mm&r=g","contentUrl":"https:\/\/secure.gravatar.com\/avatar\/92cffde2dbd036cbc8249d542d2ca21dabebd4b4db2db5ea59b98bb93e0521b9?s=96&d=mm&r=g","caption":"bretagne"},"url":"https:\/\/www.reseau-entreprendre.org\/bretagne\/author\/bretagne\/"}]}},"_links":{"self":[{"href":"https:\/\/www.reseau-entreprendre.org\/bretagne\/wp-json\/wp\/v2\/posts\/889","targetHints":{"allow":["GET"]}}],"collection":[{"href":"https:\/\/www.reseau-entreprendre.org\/bretagne\/wp-json\/wp\/v2\/posts"}],"about":[{"href":"https:\/\/www.reseau-entreprendre.org\/bretagne\/wp-json\/wp\/v2\/types\/post"}],"author":[{"embeddable":true,"href":"https:\/\/www.reseau-entreprendre.org\/bretagne\/wp-json\/wp\/v2\/users\/3"}],"replies":[{"embeddable":true,"href":"https:\/\/www.reseau-entreprendre.org\/bretagne\/wp-json\/wp\/v2\/comments?post=889"}],"version-history":[{"count":0,"href":"https:\/\/www.reseau-entreprendre.org\/bretagne\/wp-json\/wp\/v2\/posts\/889\/revisions"}],"wp:featuredmedia":[{"embeddable":true,"href":"https:\/\/www.reseau-entreprendre.org\/bretagne\/wp-json\/wp\/v2\/media\/891"}],"wp:attachment":[{"href":"https:\/\/www.reseau-entreprendre.org\/bretagne\/wp-json\/wp\/v2\/media?parent=889"}],"wp:term":[{"taxonomy":"category","embeddable":true,"href":"https:\/\/www.reseau-entreprendre.org\/bretagne\/wp-json\/wp\/v2\/categories?post=889"},{"taxonomy":"post_tag","embeddable":true,"href":"https:\/\/www.reseau-entreprendre.org\/bretagne\/wp-json\/wp\/v2\/tags?post=889"}],"curies":[{"name":"wp","href":"https:\/\/api.w.org\/{rel}","templated":true}]}}