{"id":915,"date":"2017-11-21T11:54:21","date_gmt":"2017-11-21T10:54:21","guid":{"rendered":"https:\/\/www.reseau-entreprendre.org\/bretagne\/?p=915"},"modified":"2022-04-11T17:20:19","modified_gmt":"2022-04-11T15:20:19","slug":"915","status":"publish","type":"post","link":"https:\/\/www.reseau-entreprendre.org\/bretagne\/2017\/11\/21\/915\/","title":{"rendered":"15 ans R\u00e9seau Entreprendre Bretagne"},"content":{"rendered":"<p>&nbsp;<\/p>\n<p><strong>Vous \u00e9tiez plus de 450 pour f\u00eater 15 ann\u00e9es d&#8217;action associative R\u00e9seau Entreprendre sur le territoire de la Bretagne sur le th\u00e8me de l\u2019Engagement B\u00e9n\u00e9vole,<\/strong> dans la bonne humeur et dans l\u2019esprit des Valeurs de R\u00e9seau Entreprendre.<\/p>\n<p><strong>15 ann\u00e9es d\u2019action au service des cr\u00e9ateurs-repreneurs, <\/strong>Laur\u00e9ats, pour la Cr\u00e9ation d\u2019Emplois et le D\u00e9veloppement \u00e9conomique\u2026<\/p>\n<p><strong>39 Entreprises Laur\u00e9ates<\/strong> de l\u2019ann\u00e9e \u00e9coul\u00e9e sur le Village et lors de la pl\u00e9ni\u00e8re\u2026<\/p>\n<p>Ensemble, nous allons poursuivre notre d\u00e9veloppement pour <strong>Accompagner nos Laur\u00e9ats,<\/strong> pour soutenir les Laur\u00e9ats PHAR et pour accompagner le d\u00e9veloppement strat\u00e9gique des entreprises Laur\u00e9ates du Programme Croissance-Ambition.<\/p>\n<p style=\"text-align: justify\">Invit\u00e9 d&#8217;honneur,Jean-Luc MARTIN, Pr\u00e9sident des <a href=\"https:\/\/www.vieillescharrues.asso.fr\/2018\/\" target=\"_blank\" rel=\"noopener\">Vieilles charrues<\/a> , nous a livr\u00e9 son exp\u00e9rience : 70000 personnes \u00e0 g\u00e9rer chaque soir, 40000 campeurs, 17M\u20ac de CA en 5 jours,\u00a0 rendu possible avec l&#8217;engagement b\u00e9n\u00e9vole de 6850 personnes \u00e2g\u00e9es de 14 \u00e0 plus de 90 ans.<\/p>\n<p style=\"text-align: justify\">Vous avez dit engagement b\u00e9n\u00e9vole ? Didier MOREAU directeur de la formation op\u00e9rationnelle de la <a href=\"https:\/\/don.snsm.org\/\" target=\"_blank\" rel=\"noopener\">SNSM<\/a> est lui aussi venu partager son exp\u00e9rience : Priorit\u00e9 \u00e0 la sauvegarde de la vie humaine en mer. 7000 b\u00e9n\u00e9voles, 220 stations de sauvetage et 6000 op\u00e9rations par an. Nous avons tenu \u00e0 remettre un don de 1500 \u20ac \u00e0 la SNSM pour souligner notre solidarit\u00e9 avec leur noble cause, ann\u00e9e de leurs 50ans !<\/p>\n<p style=\"text-align: justify\"><a href=\"http:\/\/www.biennale2018.brussels\/biennale-reseau-entreprendre-2018\" target=\"_blank\" rel=\"noopener\">D\u00e9j\u00e0 la Biennale 2018 s&#8217;annonce : 5, 6 et 7 octobre, tous \u00e0 Bruxelles<\/a> pour cr\u00e9er des ponts entre nos 115 associations !<\/p>\n<p><img loading=\"lazy\" decoding=\"async\" class=\"alignnone size-medium wp-image-918\" src=\"https:\/\/www.reseau-entreprendre.org\/bretagne\/wp-content\/uploads\/sites\/3\/2017\/11\/REb-15-2-1-300x244.jpg\" alt=\"\" width=\"300\" height=\"244\" srcset=\"https:\/\/www.reseau-entreprendre.org\/bretagne\/wp-content\/uploads\/sites\/3\/2017\/11\/REb-15-2-1-300x244.jpg 300w, https:\/\/www.reseau-entreprendre.org\/bretagne\/wp-content\/uploads\/sites\/3\/2017\/11\/REb-15-2-1.jpg 737w\" sizes=\"auto, (max-width: 300px) 100vw, 300px\" \/> <img loading=\"lazy\" decoding=\"async\" class=\"alignnone wp-image-924\" src=\"https:\/\/www.reseau-entreprendre.org\/bretagne\/wp-content\/uploads\/sites\/3\/2017\/11\/15-Ans-Reseau-Entreprendre-Bretagne-7588_1510947805_optimized-300x208.jpg\" alt=\"\" width=\"379\" height=\"263\" srcset=\"https:\/\/www.reseau-entreprendre.org\/bretagne\/wp-content\/uploads\/sites\/3\/2017\/11\/15-Ans-Reseau-Entreprendre-Bretagne-7588_1510947805_optimized-300x208.jpg 300w, https:\/\/www.reseau-entreprendre.org\/bretagne\/wp-content\/uploads\/sites\/3\/2017\/11\/15-Ans-Reseau-Entreprendre-Bretagne-7588_1510947805_optimized-768x532.jpg 768w, https:\/\/www.reseau-entreprendre.org\/bretagne\/wp-content\/uploads\/sites\/3\/2017\/11\/15-Ans-Reseau-Entreprendre-Bretagne-7588_1510947805_optimized-1024x709.jpg 1024w, https:\/\/www.reseau-entreprendre.org\/bretagne\/wp-content\/uploads\/sites\/3\/2017\/11\/15-Ans-Reseau-Entreprendre-Bretagne-7588_1510947805_optimized.jpg 2000w\" sizes=\"auto, (max-width: 379px) 100vw, 379px\" \/><\/p>\n<div id=\"sconnect-is-installed\">2.5.0.0<\/div>\n","protected":false},"excerpt":{"rendered":"<p>&nbsp; Vous \u00e9tiez plus de 450 pour f\u00eater 15 ann\u00e9es<\/p>\n","protected":false},"author":87,"featured_media":917,"comment_status":"closed","ping_status":"open","sticky":false,"template":"","format":"standard","meta":{"_acf_changed":false,"_monsterinsights_skip_tracking":false,"_monsterinsights_sitenote_active":false,"_monsterinsights_sitenote_note":"","_monsterinsights_sitenote_category":0,"footnotes":""},"categories":[4],"tags":[],"class_list":["post-915","post","type-post","status-publish","format-standard","has-post-thumbnail","hentry","category-actualites","news"],"acf":[],"yoast_head":"<!-- This site is optimized with the Yoast SEO plugin v27.4 - https:\/\/yoast.com\/product\/yoast-seo-wordpress\/ -->\n<title>15 ans R\u00e9seau Entreprendre Bretagne - R\u00e9seau Entreprendre Bretagne<\/title>\n<meta name=\"robots\" content=\"index, follow, max-snippet:-1, max-image-preview:large, max-video-preview:-1\" \/>\n<link rel=\"canonical\" href=\"https:\/\/www.reseau-entreprendre.org\/bretagne\/2017\/11\/21\/915\/\" \/>\n<meta property=\"og:locale\" content=\"fr_FR\" \/>\n<meta property=\"og:type\" content=\"article\" \/>\n<meta property=\"og:title\" content=\"15 ans R\u00e9seau Entreprendre Bretagne - R\u00e9seau Entreprendre Bretagne\" \/>\n<meta property=\"og:description\" content=\"&nbsp; Vous \u00e9tiez plus de 450 pour f\u00eater 15 ann\u00e9es\" \/>\n<meta property=\"og:url\" content=\"https:\/\/www.reseau-entreprendre.org\/bretagne\/2017\/11\/21\/915\/\" \/>\n<meta property=\"og:site_name\" content=\"R\u00e9seau Entreprendre Bretagne\" \/>\n<meta property=\"article:publisher\" content=\"https:\/\/www.facebook.com\/reseauentreprendrebretagne\/\" \/>\n<meta property=\"article:published_time\" content=\"2017-11-21T10:54:21+00:00\" \/>\n<meta property=\"article:modified_time\" content=\"2022-04-11T15:20:19+00:00\" \/>\n<meta property=\"og:image\" content=\"https:\/\/www.reseau-entreprendre.org\/bretagne\/wp-content\/uploads\/sites\/3\/2017\/11\/REb-15-2.jpg\" \/>\n\t<meta property=\"og:image:width\" content=\"737\" \/>\n\t<meta property=\"og:image:height\" content=\"600\" \/>\n\t<meta property=\"og:image:type\" content=\"image\/jpeg\" \/>\n<meta name=\"twitter:card\" content=\"summary_large_image\" \/>\n<meta name=\"twitter:creator\" content=\"@RE_Bretagne\" \/>\n<meta name=\"twitter:site\" content=\"@RE_Bretagne\" \/>\n<meta name=\"twitter:label1\" content=\"\u00c9crit par\" \/>\n\t<meta name=\"twitter:data1\" content=\"\" \/>\n\t<meta name=\"twitter:label2\" content=\"Dur\u00e9e de lecture estim\u00e9e\" \/>\n\t<meta name=\"twitter:data2\" content=\"1 minute\" \/>\n<script type=\"application\/ld+json\" class=\"yoast-schema-graph\">{\"@context\":\"https:\\\/\\\/schema.org\",\"@graph\":[{\"@type\":\"Article\",\"@id\":\"https:\\\/\\\/www.reseau-entreprendre.org\\\/bretagne\\\/2017\\\/11\\\/21\\\/915\\\/#article\",\"isPartOf\":{\"@id\":\"https:\\\/\\\/www.reseau-entreprendre.org\\\/bretagne\\\/2017\\\/11\\\/21\\\/915\\\/\"},\"author\":{\"name\":\"\",\"@id\":\"\"},\"headline\":\"15 ans R\u00e9seau Entreprendre Bretagne\",\"datePublished\":\"2017-11-21T10:54:21+00:00\",\"dateModified\":\"2022-04-11T15:20:19+00:00\",\"mainEntityOfPage\":{\"@id\":\"https:\\\/\\\/www.reseau-entreprendre.org\\\/bretagne\\\/2017\\\/11\\\/21\\\/915\\\/\"},\"wordCount\":254,\"image\":{\"@id\":\"https:\\\/\\\/www.reseau-entreprendre.org\\\/bretagne\\\/2017\\\/11\\\/21\\\/915\\\/#primaryimage\"},\"thumbnailUrl\":\"https:\\\/\\\/www.reseau-entreprendre.org\\\/bretagne\\\/wp-content\\\/uploads\\\/sites\\\/3\\\/2017\\\/11\\\/REb-15-2.jpg\",\"articleSection\":[\"Actualit\u00e9s\"],\"inLanguage\":\"fr-FR\"},{\"@type\":\"WebPage\",\"@id\":\"https:\\\/\\\/www.reseau-entreprendre.org\\\/bretagne\\\/2017\\\/11\\\/21\\\/915\\\/\",\"url\":\"https:\\\/\\\/www.reseau-entreprendre.org\\\/bretagne\\\/2017\\\/11\\\/21\\\/915\\\/\",\"name\":\"15 ans R\u00e9seau Entreprendre Bretagne - R\u00e9seau Entreprendre Bretagne\",\"isPartOf\":{\"@id\":\"https:\\\/\\\/www.reseau-entreprendre.org\\\/bretagne\\\/#website\"},\"primaryImageOfPage\":{\"@id\":\"https:\\\/\\\/www.reseau-entreprendre.org\\\/bretagne\\\/2017\\\/11\\\/21\\\/915\\\/#primaryimage\"},\"image\":{\"@id\":\"https:\\\/\\\/www.reseau-entreprendre.org\\\/bretagne\\\/2017\\\/11\\\/21\\\/915\\\/#primaryimage\"},\"thumbnailUrl\":\"https:\\\/\\\/www.reseau-entreprendre.org\\\/bretagne\\\/wp-content\\\/uploads\\\/sites\\\/3\\\/2017\\\/11\\\/REb-15-2.jpg\",\"datePublished\":\"2017-11-21T10:54:21+00:00\",\"dateModified\":\"2022-04-11T15:20:19+00:00\",\"author\":{\"@id\":\"\"},\"breadcrumb\":{\"@id\":\"https:\\\/\\\/www.reseau-entreprendre.org\\\/bretagne\\\/2017\\\/11\\\/21\\\/915\\\/#breadcrumb\"},\"inLanguage\":\"fr-FR\",\"potentialAction\":[{\"@type\":\"ReadAction\",\"target\":[\"https:\\\/\\\/www.reseau-entreprendre.org\\\/bretagne\\\/2017\\\/11\\\/21\\\/915\\\/\"]}]},{\"@type\":\"ImageObject\",\"inLanguage\":\"fr-FR\",\"@id\":\"https:\\\/\\\/www.reseau-entreprendre.org\\\/bretagne\\\/2017\\\/11\\\/21\\\/915\\\/#primaryimage\",\"url\":\"https:\\\/\\\/www.reseau-entreprendre.org\\\/bretagne\\\/wp-content\\\/uploads\\\/sites\\\/3\\\/2017\\\/11\\\/REb-15-2.jpg\",\"contentUrl\":\"https:\\\/\\\/www.reseau-entreprendre.org\\\/bretagne\\\/wp-content\\\/uploads\\\/sites\\\/3\\\/2017\\\/11\\\/REb-15-2.jpg\",\"width\":737,\"height\":600},{\"@type\":\"BreadcrumbList\",\"@id\":\"https:\\\/\\\/www.reseau-entreprendre.org\\\/bretagne\\\/2017\\\/11\\\/21\\\/915\\\/#breadcrumb\",\"itemListElement\":[{\"@type\":\"ListItem\",\"position\":1,\"name\":\"Accueil\",\"item\":\"https:\\\/\\\/www.reseau-entreprendre.org\\\/bretagne\\\/\"},{\"@type\":\"ListItem\",\"position\":2,\"name\":\"15 ans R\u00e9seau Entreprendre Bretagne\"}]},{\"@type\":\"WebSite\",\"@id\":\"https:\\\/\\\/www.reseau-entreprendre.org\\\/bretagne\\\/#website\",\"url\":\"https:\\\/\\\/www.reseau-entreprendre.org\\\/bretagne\\\/\",\"name\":\"R\u00e9seau Entreprendre Bretagne\",\"description\":\"Pour cr\u00e9er des emplois, cr\u00e9ons des employeurs\",\"potentialAction\":[{\"@type\":\"SearchAction\",\"target\":{\"@type\":\"EntryPoint\",\"urlTemplate\":\"https:\\\/\\\/www.reseau-entreprendre.org\\\/bretagne\\\/?s={search_term_string}\"},\"query-input\":{\"@type\":\"PropertyValueSpecification\",\"valueRequired\":true,\"valueName\":\"search_term_string\"}}],\"inLanguage\":\"fr-FR\"},{\"@type\":\"Person\",\"@id\":\"\",\"url\":\"https:\\\/\\\/www.reseau-entreprendre.org\\\/bretagne\\\/author\\\/\"}]}<\/script>\n<!-- \/ Yoast SEO plugin. -->","yoast_head_json":{"title":"15 ans R\u00e9seau Entreprendre Bretagne - R\u00e9seau Entreprendre Bretagne","robots":{"index":"index","follow":"follow","max-snippet":"max-snippet:-1","max-image-preview":"max-image-preview:large","max-video-preview":"max-video-preview:-1"},"canonical":"https:\/\/www.reseau-entreprendre.org\/bretagne\/2017\/11\/21\/915\/","og_locale":"fr_FR","og_type":"article","og_title":"15 ans R\u00e9seau Entreprendre Bretagne - R\u00e9seau Entreprendre Bretagne","og_description":"&nbsp; Vous \u00e9tiez plus de 450 pour f\u00eater 15 ann\u00e9es","og_url":"https:\/\/www.reseau-entreprendre.org\/bretagne\/2017\/11\/21\/915\/","og_site_name":"R\u00e9seau Entreprendre Bretagne","article_publisher":"https:\/\/www.facebook.com\/reseauentreprendrebretagne\/","article_published_time":"2017-11-21T10:54:21+00:00","article_modified_time":"2022-04-11T15:20:19+00:00","og_image":[{"width":737,"height":600,"url":"https:\/\/www.reseau-entreprendre.org\/bretagne\/wp-content\/uploads\/sites\/3\/2017\/11\/REb-15-2.jpg","type":"image\/jpeg"}],"twitter_card":"summary_large_image","twitter_creator":"@RE_Bretagne","twitter_site":"@RE_Bretagne","twitter_misc":{"\u00c9crit par":"","Dur\u00e9e de lecture estim\u00e9e":"1 minute"},"schema":{"@context":"https:\/\/schema.org","@graph":[{"@type":"Article","@id":"https:\/\/www.reseau-entreprendre.org\/bretagne\/2017\/11\/21\/915\/#article","isPartOf":{"@id":"https:\/\/www.reseau-entreprendre.org\/bretagne\/2017\/11\/21\/915\/"},"author":{"name":"","@id":""},"headline":"15 ans R\u00e9seau Entreprendre Bretagne","datePublished":"2017-11-21T10:54:21+00:00","dateModified":"2022-04-11T15:20:19+00:00","mainEntityOfPage":{"@id":"https:\/\/www.reseau-entreprendre.org\/bretagne\/2017\/11\/21\/915\/"},"wordCount":254,"image":{"@id":"https:\/\/www.reseau-entreprendre.org\/bretagne\/2017\/11\/21\/915\/#primaryimage"},"thumbnailUrl":"https:\/\/www.reseau-entreprendre.org\/bretagne\/wp-content\/uploads\/sites\/3\/2017\/11\/REb-15-2.jpg","articleSection":["Actualit\u00e9s"],"inLanguage":"fr-FR"},{"@type":"WebPage","@id":"https:\/\/www.reseau-entreprendre.org\/bretagne\/2017\/11\/21\/915\/","url":"https:\/\/www.reseau-entreprendre.org\/bretagne\/2017\/11\/21\/915\/","name":"15 ans R\u00e9seau Entreprendre Bretagne - R\u00e9seau Entreprendre Bretagne","isPartOf":{"@id":"https:\/\/www.reseau-entreprendre.org\/bretagne\/#website"},"primaryImageOfPage":{"@id":"https:\/\/www.reseau-entreprendre.org\/bretagne\/2017\/11\/21\/915\/#primaryimage"},"image":{"@id":"https:\/\/www.reseau-entreprendre.org\/bretagne\/2017\/11\/21\/915\/#primaryimage"},"thumbnailUrl":"https:\/\/www.reseau-entreprendre.org\/bretagne\/wp-content\/uploads\/sites\/3\/2017\/11\/REb-15-2.jpg","datePublished":"2017-11-21T10:54:21+00:00","dateModified":"2022-04-11T15:20:19+00:00","author":{"@id":""},"breadcrumb":{"@id":"https:\/\/www.reseau-entreprendre.org\/bretagne\/2017\/11\/21\/915\/#breadcrumb"},"inLanguage":"fr-FR","potentialAction":[{"@type":"ReadAction","target":["https:\/\/www.reseau-entreprendre.org\/bretagne\/2017\/11\/21\/915\/"]}]},{"@type":"ImageObject","inLanguage":"fr-FR","@id":"https:\/\/www.reseau-entreprendre.org\/bretagne\/2017\/11\/21\/915\/#primaryimage","url":"https:\/\/www.reseau-entreprendre.org\/bretagne\/wp-content\/uploads\/sites\/3\/2017\/11\/REb-15-2.jpg","contentUrl":"https:\/\/www.reseau-entreprendre.org\/bretagne\/wp-content\/uploads\/sites\/3\/2017\/11\/REb-15-2.jpg","width":737,"height":600},{"@type":"BreadcrumbList","@id":"https:\/\/www.reseau-entreprendre.org\/bretagne\/2017\/11\/21\/915\/#breadcrumb","itemListElement":[{"@type":"ListItem","position":1,"name":"Accueil","item":"https:\/\/www.reseau-entreprendre.org\/bretagne\/"},{"@type":"ListItem","position":2,"name":"15 ans R\u00e9seau Entreprendre Bretagne"}]},{"@type":"WebSite","@id":"https:\/\/www.reseau-entreprendre.org\/bretagne\/#website","url":"https:\/\/www.reseau-entreprendre.org\/bretagne\/","name":"R\u00e9seau Entreprendre Bretagne","description":"Pour cr\u00e9er des emplois, cr\u00e9ons des employeurs","potentialAction":[{"@type":"SearchAction","target":{"@type":"EntryPoint","urlTemplate":"https:\/\/www.reseau-entreprendre.org\/bretagne\/?s={search_term_string}"},"query-input":{"@type":"PropertyValueSpecification","valueRequired":true,"valueName":"search_term_string"}}],"inLanguage":"fr-FR"},{"@type":"Person","@id":"","url":"https:\/\/www.reseau-entreprendre.org\/bretagne\/author\/"}]}},"_links":{"self":[{"href":"https:\/\/www.reseau-entreprendre.org\/bretagne\/wp-json\/wp\/v2\/posts\/915","targetHints":{"allow":["GET"]}}],"collection":[{"href":"https:\/\/www.reseau-entreprendre.org\/bretagne\/wp-json\/wp\/v2\/posts"}],"about":[{"href":"https:\/\/www.reseau-entreprendre.org\/bretagne\/wp-json\/wp\/v2\/types\/post"}],"author":[{"embeddable":true,"href":"https:\/\/www.reseau-entreprendre.org\/bretagne\/wp-json\/wp\/v2\/users\/87"}],"replies":[{"embeddable":true,"href":"https:\/\/www.reseau-entreprendre.org\/bretagne\/wp-json\/wp\/v2\/comments?post=915"}],"version-history":[{"count":0,"href":"https:\/\/www.reseau-entreprendre.org\/bretagne\/wp-json\/wp\/v2\/posts\/915\/revisions"}],"wp:featuredmedia":[{"embeddable":true,"href":"https:\/\/www.reseau-entreprendre.org\/bretagne\/wp-json\/wp\/v2\/media\/917"}],"wp:attachment":[{"href":"https:\/\/www.reseau-entreprendre.org\/bretagne\/wp-json\/wp\/v2\/media?parent=915"}],"wp:term":[{"taxonomy":"category","embeddable":true,"href":"https:\/\/www.reseau-entreprendre.org\/bretagne\/wp-json\/wp\/v2\/categories?post=915"},{"taxonomy":"post_tag","embeddable":true,"href":"https:\/\/www.reseau-entreprendre.org\/bretagne\/wp-json\/wp\/v2\/tags?post=915"}],"curies":[{"name":"wp","href":"https:\/\/api.w.org\/{rel}","templated":true}]}}