{"id":932,"date":"2017-11-28T15:28:09","date_gmt":"2017-11-28T14:28:09","guid":{"rendered":"https:\/\/www.reseau-entreprendre.org\/bretagne\/?p=932"},"modified":"2022-04-11T17:20:19","modified_gmt":"2022-04-11T15:20:19","slug":"finistere-nouveau-laureat-jean-francois-istin-createur-de-back","status":"publish","type":"post","link":"https:\/\/www.reseau-entreprendre.org\/bretagne\/2017\/11\/28\/finistere-nouveau-laureat-jean-francois-istin-createur-de-back\/","title":{"rendered":"Finist\u00e8re : nouveau laur\u00e9at, Jean-Fran\u00e7ois ISTIN, cr\u00e9ateur de la &#8220;BACK&#8221;"},"content":{"rendered":"<p>Jean-Fran\u00e7ois ISTIN est un \u00ab serial entrepreneur \u00bb bien connu \u00e0 Quimper.<\/p>\n<p>D\u00e9j\u00e0 laur\u00e9at du dispositif r\u00e9gional : Pr\u00eat d\u2019Honneur pour l\u2019Amor\u00e7age en R\u00e9gion pour un ing\u00e9nieux dispositif de pompe \u00e0 bi\u00e8re connect\u00e9e permettant au client de d\u00e9couvrir des bi\u00e8res locales et artisanales via un \u00ab robot \u00bb, d\u00e9bit de boisson autonome, il poursuit son aventure en cr\u00e9ant \u00ab la maison jaune \u00bb, rue du Stivel \u00e0 Quimper. Fort de ce succ\u00e8s, il installe ses machines dans plusieurs \u00e9tablissements Bretons.<\/p>\n<p>Aujourd\u2019hui, il renforce son projet en lan\u00e7ant un concept r\u00e9unissant une micro brasserie et un restaurant dans un espace de 700 m2 proches de la fa\u00efencerie.<\/p>\n<p>Pour cette nouvelle r\u00e9alisation, Jean-Fran\u00e7ois ISTIN b\u00e9n\u00e9fice d\u2019un pr\u00eat d\u2019honneur de R\u00e9seau Entreprendre Bretagne de 45 000 euros ainsi que du concours d&#8217;Erwan Le Glouannec, lui-m\u00eame dirigeant de 2 restaurants Del Arte \u00e0 Brest qui l\u2019accompagnera pendant 2 ans.<\/p>\n<p>La convention d\u2019accompagnement et de pr\u00eat d\u2019honneur a \u00e9t\u00e9 sign\u00e9e le 23 novembre 2017 en pr\u00e9sence d\u2019Erwan, de Didier Margerand, r\u00e9f\u00e9rent des accompagnements pour le Finist\u00e8re et de Philippe Edelmayer, d\u00e9l\u00e9gu\u00e9 d\u00e9partemental Finist\u00e8re.<\/p>\n","protected":false},"excerpt":{"rendered":"<p>Jean-Fran\u00e7ois ISTIN est un \u00ab serial entrepreneur \u00bb bien connu<\/p>\n","protected":false},"author":3,"featured_media":934,"comment_status":"closed","ping_status":"open","sticky":false,"template":"","format":"standard","meta":{"_acf_changed":false,"_monsterinsights_skip_tracking":false,"_monsterinsights_sitenote_active":false,"_monsterinsights_sitenote_note":"","_monsterinsights_sitenote_category":0,"footnotes":""},"categories":[4],"tags":[],"class_list":["post-932","post","type-post","status-publish","format-standard","has-post-thumbnail","hentry","category-actualites","news"],"acf":[],"yoast_head":"<!-- This site is optimized with the Yoast SEO plugin v27.4 - https:\/\/yoast.com\/product\/yoast-seo-wordpress\/ -->\n<title>Finist\u00e8re : nouveau laur\u00e9at, Jean-Fran\u00e7ois ISTIN, cr\u00e9ateur de la &quot;BACK&quot; - R\u00e9seau Entreprendre Bretagne<\/title>\n<meta name=\"robots\" content=\"index, follow, max-snippet:-1, max-image-preview:large, max-video-preview:-1\" \/>\n<link rel=\"canonical\" href=\"https:\/\/www.reseau-entreprendre.org\/bretagne\/2017\/11\/28\/finistere-nouveau-laureat-jean-francois-istin-createur-de-back\/\" \/>\n<meta property=\"og:locale\" content=\"fr_FR\" \/>\n<meta property=\"og:type\" content=\"article\" \/>\n<meta property=\"og:title\" content=\"Finist\u00e8re : nouveau laur\u00e9at, Jean-Fran\u00e7ois ISTIN, cr\u00e9ateur de la &quot;BACK&quot; - R\u00e9seau Entreprendre Bretagne\" \/>\n<meta property=\"og:description\" content=\"Jean-Fran\u00e7ois ISTIN est un \u00ab serial entrepreneur \u00bb bien connu\" \/>\n<meta property=\"og:url\" content=\"https:\/\/www.reseau-entreprendre.org\/bretagne\/2017\/11\/28\/finistere-nouveau-laureat-jean-francois-istin-createur-de-back\/\" \/>\n<meta property=\"og:site_name\" content=\"R\u00e9seau Entreprendre Bretagne\" \/>\n<meta property=\"article:publisher\" content=\"https:\/\/www.facebook.com\/reseauentreprendrebretagne\/\" \/>\n<meta property=\"article:published_time\" content=\"2017-11-28T14:28:09+00:00\" \/>\n<meta property=\"article:modified_time\" content=\"2022-04-11T15:20:19+00:00\" \/>\n<meta property=\"og:image\" content=\"https:\/\/www.reseau-entreprendre.org\/bretagne\/wp-content\/uploads\/sites\/3\/2017\/11\/DSC_2818-e1511879423949.jpg\" \/>\n\t<meta property=\"og:image:width\" content=\"370\" \/>\n\t<meta property=\"og:image:height\" content=\"232\" \/>\n\t<meta property=\"og:image:type\" content=\"image\/jpeg\" \/>\n<meta name=\"author\" content=\"bretagne\" \/>\n<meta name=\"twitter:card\" content=\"summary_large_image\" \/>\n<meta name=\"twitter:creator\" content=\"@RE_Bretagne\" \/>\n<meta name=\"twitter:site\" content=\"@RE_Bretagne\" \/>\n<meta name=\"twitter:label1\" content=\"\u00c9crit par\" \/>\n\t<meta name=\"twitter:data1\" content=\"bretagne\" \/>\n\t<meta name=\"twitter:label2\" content=\"Dur\u00e9e de lecture estim\u00e9e\" \/>\n\t<meta name=\"twitter:data2\" content=\"1 minute\" \/>\n<script type=\"application\/ld+json\" class=\"yoast-schema-graph\">{\"@context\":\"https:\\\/\\\/schema.org\",\"@graph\":[{\"@type\":\"Article\",\"@id\":\"https:\\\/\\\/www.reseau-entreprendre.org\\\/bretagne\\\/2017\\\/11\\\/28\\\/finistere-nouveau-laureat-jean-francois-istin-createur-de-back\\\/#article\",\"isPartOf\":{\"@id\":\"https:\\\/\\\/www.reseau-entreprendre.org\\\/bretagne\\\/2017\\\/11\\\/28\\\/finistere-nouveau-laureat-jean-francois-istin-createur-de-back\\\/\"},\"author\":{\"name\":\"bretagne\",\"@id\":\"https:\\\/\\\/www.reseau-entreprendre.org\\\/bretagne\\\/#\\\/schema\\\/person\\\/1c6299543d9bd30cb3c949a995444772\"},\"headline\":\"Finist\u00e8re : nouveau laur\u00e9at, Jean-Fran\u00e7ois ISTIN, cr\u00e9ateur de la &#8220;BACK&#8221;\",\"datePublished\":\"2017-11-28T14:28:09+00:00\",\"dateModified\":\"2022-04-11T15:20:19+00:00\",\"mainEntityOfPage\":{\"@id\":\"https:\\\/\\\/www.reseau-entreprendre.org\\\/bretagne\\\/2017\\\/11\\\/28\\\/finistere-nouveau-laureat-jean-francois-istin-createur-de-back\\\/\"},\"wordCount\":218,\"image\":{\"@id\":\"https:\\\/\\\/www.reseau-entreprendre.org\\\/bretagne\\\/2017\\\/11\\\/28\\\/finistere-nouveau-laureat-jean-francois-istin-createur-de-back\\\/#primaryimage\"},\"thumbnailUrl\":\"https:\\\/\\\/www.reseau-entreprendre.org\\\/bretagne\\\/wp-content\\\/uploads\\\/sites\\\/3\\\/2017\\\/11\\\/DSC_2818-e1511879423949.jpg\",\"articleSection\":[\"Actualit\u00e9s\"],\"inLanguage\":\"fr-FR\"},{\"@type\":\"WebPage\",\"@id\":\"https:\\\/\\\/www.reseau-entreprendre.org\\\/bretagne\\\/2017\\\/11\\\/28\\\/finistere-nouveau-laureat-jean-francois-istin-createur-de-back\\\/\",\"url\":\"https:\\\/\\\/www.reseau-entreprendre.org\\\/bretagne\\\/2017\\\/11\\\/28\\\/finistere-nouveau-laureat-jean-francois-istin-createur-de-back\\\/\",\"name\":\"Finist\u00e8re : nouveau laur\u00e9at, Jean-Fran\u00e7ois ISTIN, cr\u00e9ateur de la \\\"BACK\\\" - R\u00e9seau Entreprendre Bretagne\",\"isPartOf\":{\"@id\":\"https:\\\/\\\/www.reseau-entreprendre.org\\\/bretagne\\\/#website\"},\"primaryImageOfPage\":{\"@id\":\"https:\\\/\\\/www.reseau-entreprendre.org\\\/bretagne\\\/2017\\\/11\\\/28\\\/finistere-nouveau-laureat-jean-francois-istin-createur-de-back\\\/#primaryimage\"},\"image\":{\"@id\":\"https:\\\/\\\/www.reseau-entreprendre.org\\\/bretagne\\\/2017\\\/11\\\/28\\\/finistere-nouveau-laureat-jean-francois-istin-createur-de-back\\\/#primaryimage\"},\"thumbnailUrl\":\"https:\\\/\\\/www.reseau-entreprendre.org\\\/bretagne\\\/wp-content\\\/uploads\\\/sites\\\/3\\\/2017\\\/11\\\/DSC_2818-e1511879423949.jpg\",\"datePublished\":\"2017-11-28T14:28:09+00:00\",\"dateModified\":\"2022-04-11T15:20:19+00:00\",\"author\":{\"@id\":\"https:\\\/\\\/www.reseau-entreprendre.org\\\/bretagne\\\/#\\\/schema\\\/person\\\/1c6299543d9bd30cb3c949a995444772\"},\"breadcrumb\":{\"@id\":\"https:\\\/\\\/www.reseau-entreprendre.org\\\/bretagne\\\/2017\\\/11\\\/28\\\/finistere-nouveau-laureat-jean-francois-istin-createur-de-back\\\/#breadcrumb\"},\"inLanguage\":\"fr-FR\",\"potentialAction\":[{\"@type\":\"ReadAction\",\"target\":[\"https:\\\/\\\/www.reseau-entreprendre.org\\\/bretagne\\\/2017\\\/11\\\/28\\\/finistere-nouveau-laureat-jean-francois-istin-createur-de-back\\\/\"]}]},{\"@type\":\"ImageObject\",\"inLanguage\":\"fr-FR\",\"@id\":\"https:\\\/\\\/www.reseau-entreprendre.org\\\/bretagne\\\/2017\\\/11\\\/28\\\/finistere-nouveau-laureat-jean-francois-istin-createur-de-back\\\/#primaryimage\",\"url\":\"https:\\\/\\\/www.reseau-entreprendre.org\\\/bretagne\\\/wp-content\\\/uploads\\\/sites\\\/3\\\/2017\\\/11\\\/DSC_2818-e1511879423949.jpg\",\"contentUrl\":\"https:\\\/\\\/www.reseau-entreprendre.org\\\/bretagne\\\/wp-content\\\/uploads\\\/sites\\\/3\\\/2017\\\/11\\\/DSC_2818-e1511879423949.jpg\",\"width\":370,\"height\":232},{\"@type\":\"BreadcrumbList\",\"@id\":\"https:\\\/\\\/www.reseau-entreprendre.org\\\/bretagne\\\/2017\\\/11\\\/28\\\/finistere-nouveau-laureat-jean-francois-istin-createur-de-back\\\/#breadcrumb\",\"itemListElement\":[{\"@type\":\"ListItem\",\"position\":1,\"name\":\"Accueil\",\"item\":\"https:\\\/\\\/www.reseau-entreprendre.org\\\/bretagne\\\/\"},{\"@type\":\"ListItem\",\"position\":2,\"name\":\"Finist\u00e8re : nouveau laur\u00e9at, Jean-Fran\u00e7ois ISTIN, cr\u00e9ateur de la \u00ab\u00a0BACK\u00a0\u00bb\"}]},{\"@type\":\"WebSite\",\"@id\":\"https:\\\/\\\/www.reseau-entreprendre.org\\\/bretagne\\\/#website\",\"url\":\"https:\\\/\\\/www.reseau-entreprendre.org\\\/bretagne\\\/\",\"name\":\"R\u00e9seau Entreprendre Bretagne\",\"description\":\"Pour cr\u00e9er des emplois, cr\u00e9ons des employeurs\",\"potentialAction\":[{\"@type\":\"SearchAction\",\"target\":{\"@type\":\"EntryPoint\",\"urlTemplate\":\"https:\\\/\\\/www.reseau-entreprendre.org\\\/bretagne\\\/?s={search_term_string}\"},\"query-input\":{\"@type\":\"PropertyValueSpecification\",\"valueRequired\":true,\"valueName\":\"search_term_string\"}}],\"inLanguage\":\"fr-FR\"},{\"@type\":\"Person\",\"@id\":\"https:\\\/\\\/www.reseau-entreprendre.org\\\/bretagne\\\/#\\\/schema\\\/person\\\/1c6299543d9bd30cb3c949a995444772\",\"name\":\"bretagne\",\"image\":{\"@type\":\"ImageObject\",\"inLanguage\":\"fr-FR\",\"@id\":\"https:\\\/\\\/secure.gravatar.com\\\/avatar\\\/92cffde2dbd036cbc8249d542d2ca21dabebd4b4db2db5ea59b98bb93e0521b9?s=96&d=mm&r=g\",\"url\":\"https:\\\/\\\/secure.gravatar.com\\\/avatar\\\/92cffde2dbd036cbc8249d542d2ca21dabebd4b4db2db5ea59b98bb93e0521b9?s=96&d=mm&r=g\",\"contentUrl\":\"https:\\\/\\\/secure.gravatar.com\\\/avatar\\\/92cffde2dbd036cbc8249d542d2ca21dabebd4b4db2db5ea59b98bb93e0521b9?s=96&d=mm&r=g\",\"caption\":\"bretagne\"},\"url\":\"https:\\\/\\\/www.reseau-entreprendre.org\\\/bretagne\\\/author\\\/bretagne\\\/\"}]}<\/script>\n<!-- \/ Yoast SEO plugin. -->","yoast_head_json":{"title":"Finist\u00e8re : nouveau laur\u00e9at, Jean-Fran\u00e7ois ISTIN, cr\u00e9ateur de la \"BACK\" - R\u00e9seau Entreprendre Bretagne","robots":{"index":"index","follow":"follow","max-snippet":"max-snippet:-1","max-image-preview":"max-image-preview:large","max-video-preview":"max-video-preview:-1"},"canonical":"https:\/\/www.reseau-entreprendre.org\/bretagne\/2017\/11\/28\/finistere-nouveau-laureat-jean-francois-istin-createur-de-back\/","og_locale":"fr_FR","og_type":"article","og_title":"Finist\u00e8re : nouveau laur\u00e9at, Jean-Fran\u00e7ois ISTIN, cr\u00e9ateur de la \"BACK\" - R\u00e9seau Entreprendre Bretagne","og_description":"Jean-Fran\u00e7ois ISTIN est un \u00ab serial entrepreneur \u00bb bien connu","og_url":"https:\/\/www.reseau-entreprendre.org\/bretagne\/2017\/11\/28\/finistere-nouveau-laureat-jean-francois-istin-createur-de-back\/","og_site_name":"R\u00e9seau Entreprendre Bretagne","article_publisher":"https:\/\/www.facebook.com\/reseauentreprendrebretagne\/","article_published_time":"2017-11-28T14:28:09+00:00","article_modified_time":"2022-04-11T15:20:19+00:00","og_image":[{"width":370,"height":232,"url":"https:\/\/www.reseau-entreprendre.org\/bretagne\/wp-content\/uploads\/sites\/3\/2017\/11\/DSC_2818-e1511879423949.jpg","type":"image\/jpeg"}],"author":"bretagne","twitter_card":"summary_large_image","twitter_creator":"@RE_Bretagne","twitter_site":"@RE_Bretagne","twitter_misc":{"\u00c9crit par":"bretagne","Dur\u00e9e de lecture estim\u00e9e":"1 minute"},"schema":{"@context":"https:\/\/schema.org","@graph":[{"@type":"Article","@id":"https:\/\/www.reseau-entreprendre.org\/bretagne\/2017\/11\/28\/finistere-nouveau-laureat-jean-francois-istin-createur-de-back\/#article","isPartOf":{"@id":"https:\/\/www.reseau-entreprendre.org\/bretagne\/2017\/11\/28\/finistere-nouveau-laureat-jean-francois-istin-createur-de-back\/"},"author":{"name":"bretagne","@id":"https:\/\/www.reseau-entreprendre.org\/bretagne\/#\/schema\/person\/1c6299543d9bd30cb3c949a995444772"},"headline":"Finist\u00e8re : nouveau laur\u00e9at, Jean-Fran\u00e7ois ISTIN, cr\u00e9ateur de la &#8220;BACK&#8221;","datePublished":"2017-11-28T14:28:09+00:00","dateModified":"2022-04-11T15:20:19+00:00","mainEntityOfPage":{"@id":"https:\/\/www.reseau-entreprendre.org\/bretagne\/2017\/11\/28\/finistere-nouveau-laureat-jean-francois-istin-createur-de-back\/"},"wordCount":218,"image":{"@id":"https:\/\/www.reseau-entreprendre.org\/bretagne\/2017\/11\/28\/finistere-nouveau-laureat-jean-francois-istin-createur-de-back\/#primaryimage"},"thumbnailUrl":"https:\/\/www.reseau-entreprendre.org\/bretagne\/wp-content\/uploads\/sites\/3\/2017\/11\/DSC_2818-e1511879423949.jpg","articleSection":["Actualit\u00e9s"],"inLanguage":"fr-FR"},{"@type":"WebPage","@id":"https:\/\/www.reseau-entreprendre.org\/bretagne\/2017\/11\/28\/finistere-nouveau-laureat-jean-francois-istin-createur-de-back\/","url":"https:\/\/www.reseau-entreprendre.org\/bretagne\/2017\/11\/28\/finistere-nouveau-laureat-jean-francois-istin-createur-de-back\/","name":"Finist\u00e8re : nouveau laur\u00e9at, Jean-Fran\u00e7ois ISTIN, cr\u00e9ateur de la \"BACK\" - R\u00e9seau Entreprendre Bretagne","isPartOf":{"@id":"https:\/\/www.reseau-entreprendre.org\/bretagne\/#website"},"primaryImageOfPage":{"@id":"https:\/\/www.reseau-entreprendre.org\/bretagne\/2017\/11\/28\/finistere-nouveau-laureat-jean-francois-istin-createur-de-back\/#primaryimage"},"image":{"@id":"https:\/\/www.reseau-entreprendre.org\/bretagne\/2017\/11\/28\/finistere-nouveau-laureat-jean-francois-istin-createur-de-back\/#primaryimage"},"thumbnailUrl":"https:\/\/www.reseau-entreprendre.org\/bretagne\/wp-content\/uploads\/sites\/3\/2017\/11\/DSC_2818-e1511879423949.jpg","datePublished":"2017-11-28T14:28:09+00:00","dateModified":"2022-04-11T15:20:19+00:00","author":{"@id":"https:\/\/www.reseau-entreprendre.org\/bretagne\/#\/schema\/person\/1c6299543d9bd30cb3c949a995444772"},"breadcrumb":{"@id":"https:\/\/www.reseau-entreprendre.org\/bretagne\/2017\/11\/28\/finistere-nouveau-laureat-jean-francois-istin-createur-de-back\/#breadcrumb"},"inLanguage":"fr-FR","potentialAction":[{"@type":"ReadAction","target":["https:\/\/www.reseau-entreprendre.org\/bretagne\/2017\/11\/28\/finistere-nouveau-laureat-jean-francois-istin-createur-de-back\/"]}]},{"@type":"ImageObject","inLanguage":"fr-FR","@id":"https:\/\/www.reseau-entreprendre.org\/bretagne\/2017\/11\/28\/finistere-nouveau-laureat-jean-francois-istin-createur-de-back\/#primaryimage","url":"https:\/\/www.reseau-entreprendre.org\/bretagne\/wp-content\/uploads\/sites\/3\/2017\/11\/DSC_2818-e1511879423949.jpg","contentUrl":"https:\/\/www.reseau-entreprendre.org\/bretagne\/wp-content\/uploads\/sites\/3\/2017\/11\/DSC_2818-e1511879423949.jpg","width":370,"height":232},{"@type":"BreadcrumbList","@id":"https:\/\/www.reseau-entreprendre.org\/bretagne\/2017\/11\/28\/finistere-nouveau-laureat-jean-francois-istin-createur-de-back\/#breadcrumb","itemListElement":[{"@type":"ListItem","position":1,"name":"Accueil","item":"https:\/\/www.reseau-entreprendre.org\/bretagne\/"},{"@type":"ListItem","position":2,"name":"Finist\u00e8re : nouveau laur\u00e9at, Jean-Fran\u00e7ois ISTIN, cr\u00e9ateur de la \u00ab\u00a0BACK\u00a0\u00bb"}]},{"@type":"WebSite","@id":"https:\/\/www.reseau-entreprendre.org\/bretagne\/#website","url":"https:\/\/www.reseau-entreprendre.org\/bretagne\/","name":"R\u00e9seau Entreprendre Bretagne","description":"Pour cr\u00e9er des emplois, cr\u00e9ons des employeurs","potentialAction":[{"@type":"SearchAction","target":{"@type":"EntryPoint","urlTemplate":"https:\/\/www.reseau-entreprendre.org\/bretagne\/?s={search_term_string}"},"query-input":{"@type":"PropertyValueSpecification","valueRequired":true,"valueName":"search_term_string"}}],"inLanguage":"fr-FR"},{"@type":"Person","@id":"https:\/\/www.reseau-entreprendre.org\/bretagne\/#\/schema\/person\/1c6299543d9bd30cb3c949a995444772","name":"bretagne","image":{"@type":"ImageObject","inLanguage":"fr-FR","@id":"https:\/\/secure.gravatar.com\/avatar\/92cffde2dbd036cbc8249d542d2ca21dabebd4b4db2db5ea59b98bb93e0521b9?s=96&d=mm&r=g","url":"https:\/\/secure.gravatar.com\/avatar\/92cffde2dbd036cbc8249d542d2ca21dabebd4b4db2db5ea59b98bb93e0521b9?s=96&d=mm&r=g","contentUrl":"https:\/\/secure.gravatar.com\/avatar\/92cffde2dbd036cbc8249d542d2ca21dabebd4b4db2db5ea59b98bb93e0521b9?s=96&d=mm&r=g","caption":"bretagne"},"url":"https:\/\/www.reseau-entreprendre.org\/bretagne\/author\/bretagne\/"}]}},"_links":{"self":[{"href":"https:\/\/www.reseau-entreprendre.org\/bretagne\/wp-json\/wp\/v2\/posts\/932","targetHints":{"allow":["GET"]}}],"collection":[{"href":"https:\/\/www.reseau-entreprendre.org\/bretagne\/wp-json\/wp\/v2\/posts"}],"about":[{"href":"https:\/\/www.reseau-entreprendre.org\/bretagne\/wp-json\/wp\/v2\/types\/post"}],"author":[{"embeddable":true,"href":"https:\/\/www.reseau-entreprendre.org\/bretagne\/wp-json\/wp\/v2\/users\/3"}],"replies":[{"embeddable":true,"href":"https:\/\/www.reseau-entreprendre.org\/bretagne\/wp-json\/wp\/v2\/comments?post=932"}],"version-history":[{"count":0,"href":"https:\/\/www.reseau-entreprendre.org\/bretagne\/wp-json\/wp\/v2\/posts\/932\/revisions"}],"wp:featuredmedia":[{"embeddable":true,"href":"https:\/\/www.reseau-entreprendre.org\/bretagne\/wp-json\/wp\/v2\/media\/934"}],"wp:attachment":[{"href":"https:\/\/www.reseau-entreprendre.org\/bretagne\/wp-json\/wp\/v2\/media?parent=932"}],"wp:term":[{"taxonomy":"category","embeddable":true,"href":"https:\/\/www.reseau-entreprendre.org\/bretagne\/wp-json\/wp\/v2\/categories?post=932"},{"taxonomy":"post_tag","embeddable":true,"href":"https:\/\/www.reseau-entreprendre.org\/bretagne\/wp-json\/wp\/v2\/tags?post=932"}],"curies":[{"name":"wp","href":"https:\/\/api.w.org\/{rel}","templated":true}]}}