{"id":941,"date":"2017-12-06T18:43:22","date_gmt":"2017-12-06T17:43:22","guid":{"rendered":"https:\/\/www.reseau-entreprendre.org\/bretagne\/?p=941"},"modified":"2022-04-11T17:20:19","modified_gmt":"2022-04-11T15:20:19","slug":"nouveau-laureat-morbihan-jean-paul-dufau-reprend-heol-composites","status":"publish","type":"post","link":"https:\/\/www.reseau-entreprendre.org\/bretagne\/2017\/12\/06\/nouveau-laureat-morbihan-jean-paul-dufau-reprend-heol-composites\/","title":{"rendered":"Nouveau laur\u00e9at dans le Morbihan : Jean Paul DUFAU reprend Heol Composites"},"content":{"rendered":"<p>L&#8217;entreprise HEOL COMPOSITES a \u00e9t\u00e9 reprise par Jean Paul DUFAU, qui devient Laur\u00e9at R\u00e9seau Entreprendre Bretagne.<\/p>\n<p>HEOL COMPOSITES qui emploie 10 ing\u00e9nieurs et compagnons \u00e0 Treffl\u00e9an, est experte dans la fabrication de pi\u00e8ces composites structurelles creuses, en pr\u00e9-impr\u00e9gn\u00e9s carbone\/\u00e9poxy, \u00e0 l\u2019autoclave sous 7 bars de pression. Elle est reconnue dans la voile de comp\u00e9tition pour ses espars (m\u00e2ts carbone jusqu\u2019\u00e0 15 m\u00e8tres, nouvelles lattes creuses de grand-voile\u2026) et appendices \u2013 dont les foils qui font voler les plus beaux bateaux (AC50 de Groupama Team France sur l\u2019Americas\u2019Cup, Imoca victorieux Banque Populaire sur le Vend\u00e9e Globe\u2026). Elle fabrique aussi des pi\u00e8ces carbones aussi l\u00e9g\u00e8res que r\u00e9sistantes, pour Airbus en second rang, des industriels de secteurs tr\u00e8s vari\u00e9s \u00a0et plusieurs \u00e9curies de course automobile.<\/p>\n<p><a href=\"http:\/\/www.heol-composites.com\">http:\/\/www.heol-composites.com<\/a><\/p>\n<p>Jean-Paul DUFAU est associ\u00e9 \u00e0 un homme de l\u2019Art Jean-Baptiste MOUTON. Le fondateur Laurent Tournier reste \u00e0 leur c\u00f4t\u00e9 pendant plus d\u2019un an en se concentrant sur l\u2019innovation.<\/p>\n<p>Jean-Paul DUFAU obtient un pr\u00eat d&#8217;honneur de 25 000 \u20ac de R\u00e9seau Entreprendre et de 20\u00a0000 \u20ac de BRIT.<\/p>\n","protected":false},"excerpt":{"rendered":"<p>L&#8217;entreprise HEOL COMPOSITES a \u00e9t\u00e9 reprise par Jean Paul DUFAU,<\/p>\n","protected":false},"author":89,"featured_media":942,"comment_status":"closed","ping_status":"open","sticky":false,"template":"","format":"standard","meta":{"_acf_changed":false,"_monsterinsights_skip_tracking":false,"_monsterinsights_sitenote_active":false,"_monsterinsights_sitenote_note":"","_monsterinsights_sitenote_category":0,"footnotes":""},"categories":[4],"tags":[],"class_list":["post-941","post","type-post","status-publish","format-standard","has-post-thumbnail","hentry","category-actualites","news"],"acf":[],"yoast_head":"<!-- This site is optimized with the Yoast SEO plugin v27.4 - https:\/\/yoast.com\/product\/yoast-seo-wordpress\/ -->\n<title>Nouveau laur\u00e9at dans le Morbihan : Jean Paul DUFAU reprend Heol Composites - R\u00e9seau Entreprendre Bretagne<\/title>\n<meta name=\"robots\" content=\"index, follow, max-snippet:-1, max-image-preview:large, max-video-preview:-1\" \/>\n<link rel=\"canonical\" href=\"https:\/\/www.reseau-entreprendre.org\/bretagne\/2017\/12\/06\/nouveau-laureat-morbihan-jean-paul-dufau-reprend-heol-composites\/\" \/>\n<meta property=\"og:locale\" content=\"fr_FR\" \/>\n<meta property=\"og:type\" content=\"article\" \/>\n<meta property=\"og:title\" content=\"Nouveau laur\u00e9at dans le Morbihan : Jean Paul DUFAU reprend Heol Composites - R\u00e9seau Entreprendre Bretagne\" \/>\n<meta property=\"og:description\" content=\"L&#8217;entreprise HEOL COMPOSITES a \u00e9t\u00e9 reprise par Jean Paul DUFAU,\" \/>\n<meta property=\"og:url\" content=\"https:\/\/www.reseau-entreprendre.org\/bretagne\/2017\/12\/06\/nouveau-laureat-morbihan-jean-paul-dufau-reprend-heol-composites\/\" \/>\n<meta property=\"og:site_name\" content=\"R\u00e9seau Entreprendre Bretagne\" \/>\n<meta property=\"article:publisher\" content=\"https:\/\/www.facebook.com\/reseauentreprendrebretagne\/\" \/>\n<meta property=\"article:published_time\" content=\"2017-12-06T17:43:22+00:00\" \/>\n<meta property=\"article:modified_time\" content=\"2022-04-11T15:20:19+00:00\" \/>\n<meta property=\"og:image\" content=\"https:\/\/www.reseau-entreprendre.org\/bretagne\/wp-content\/uploads\/sites\/3\/2017\/12\/Photo.jpg\" \/>\n\t<meta property=\"og:image:width\" content=\"640\" \/>\n\t<meta property=\"og:image:height\" content=\"480\" \/>\n\t<meta property=\"og:image:type\" content=\"image\/jpeg\" \/>\n<meta name=\"author\" content=\"fmariet\" \/>\n<meta name=\"twitter:card\" content=\"summary_large_image\" \/>\n<meta name=\"twitter:creator\" content=\"@RE_Bretagne\" \/>\n<meta name=\"twitter:site\" content=\"@RE_Bretagne\" \/>\n<meta name=\"twitter:label1\" content=\"\u00c9crit par\" \/>\n\t<meta name=\"twitter:data1\" content=\"fmariet\" \/>\n\t<meta name=\"twitter:label2\" content=\"Dur\u00e9e de lecture estim\u00e9e\" \/>\n\t<meta name=\"twitter:data2\" content=\"1 minute\" \/>\n<script type=\"application\/ld+json\" class=\"yoast-schema-graph\">{\"@context\":\"https:\\\/\\\/schema.org\",\"@graph\":[{\"@type\":\"Article\",\"@id\":\"https:\\\/\\\/www.reseau-entreprendre.org\\\/bretagne\\\/2017\\\/12\\\/06\\\/nouveau-laureat-morbihan-jean-paul-dufau-reprend-heol-composites\\\/#article\",\"isPartOf\":{\"@id\":\"https:\\\/\\\/www.reseau-entreprendre.org\\\/bretagne\\\/2017\\\/12\\\/06\\\/nouveau-laureat-morbihan-jean-paul-dufau-reprend-heol-composites\\\/\"},\"author\":{\"name\":\"fmariet\",\"@id\":\"https:\\\/\\\/www.reseau-entreprendre.org\\\/bretagne\\\/#\\\/schema\\\/person\\\/0787c8eb1efbf5de43caa62b73f8de28\"},\"headline\":\"Nouveau laur\u00e9at dans le Morbihan : Jean Paul DUFAU reprend Heol Composites\",\"datePublished\":\"2017-12-06T17:43:22+00:00\",\"dateModified\":\"2022-04-11T15:20:19+00:00\",\"mainEntityOfPage\":{\"@id\":\"https:\\\/\\\/www.reseau-entreprendre.org\\\/bretagne\\\/2017\\\/12\\\/06\\\/nouveau-laureat-morbihan-jean-paul-dufau-reprend-heol-composites\\\/\"},\"wordCount\":202,\"image\":{\"@id\":\"https:\\\/\\\/www.reseau-entreprendre.org\\\/bretagne\\\/2017\\\/12\\\/06\\\/nouveau-laureat-morbihan-jean-paul-dufau-reprend-heol-composites\\\/#primaryimage\"},\"thumbnailUrl\":\"https:\\\/\\\/www.reseau-entreprendre.org\\\/bretagne\\\/wp-content\\\/uploads\\\/sites\\\/3\\\/2017\\\/12\\\/Photo.jpg\",\"articleSection\":[\"Actualit\u00e9s\"],\"inLanguage\":\"fr-FR\"},{\"@type\":\"WebPage\",\"@id\":\"https:\\\/\\\/www.reseau-entreprendre.org\\\/bretagne\\\/2017\\\/12\\\/06\\\/nouveau-laureat-morbihan-jean-paul-dufau-reprend-heol-composites\\\/\",\"url\":\"https:\\\/\\\/www.reseau-entreprendre.org\\\/bretagne\\\/2017\\\/12\\\/06\\\/nouveau-laureat-morbihan-jean-paul-dufau-reprend-heol-composites\\\/\",\"name\":\"Nouveau laur\u00e9at dans le Morbihan : Jean Paul DUFAU reprend Heol Composites - R\u00e9seau Entreprendre Bretagne\",\"isPartOf\":{\"@id\":\"https:\\\/\\\/www.reseau-entreprendre.org\\\/bretagne\\\/#website\"},\"primaryImageOfPage\":{\"@id\":\"https:\\\/\\\/www.reseau-entreprendre.org\\\/bretagne\\\/2017\\\/12\\\/06\\\/nouveau-laureat-morbihan-jean-paul-dufau-reprend-heol-composites\\\/#primaryimage\"},\"image\":{\"@id\":\"https:\\\/\\\/www.reseau-entreprendre.org\\\/bretagne\\\/2017\\\/12\\\/06\\\/nouveau-laureat-morbihan-jean-paul-dufau-reprend-heol-composites\\\/#primaryimage\"},\"thumbnailUrl\":\"https:\\\/\\\/www.reseau-entreprendre.org\\\/bretagne\\\/wp-content\\\/uploads\\\/sites\\\/3\\\/2017\\\/12\\\/Photo.jpg\",\"datePublished\":\"2017-12-06T17:43:22+00:00\",\"dateModified\":\"2022-04-11T15:20:19+00:00\",\"author\":{\"@id\":\"https:\\\/\\\/www.reseau-entreprendre.org\\\/bretagne\\\/#\\\/schema\\\/person\\\/0787c8eb1efbf5de43caa62b73f8de28\"},\"breadcrumb\":{\"@id\":\"https:\\\/\\\/www.reseau-entreprendre.org\\\/bretagne\\\/2017\\\/12\\\/06\\\/nouveau-laureat-morbihan-jean-paul-dufau-reprend-heol-composites\\\/#breadcrumb\"},\"inLanguage\":\"fr-FR\",\"potentialAction\":[{\"@type\":\"ReadAction\",\"target\":[\"https:\\\/\\\/www.reseau-entreprendre.org\\\/bretagne\\\/2017\\\/12\\\/06\\\/nouveau-laureat-morbihan-jean-paul-dufau-reprend-heol-composites\\\/\"]}]},{\"@type\":\"ImageObject\",\"inLanguage\":\"fr-FR\",\"@id\":\"https:\\\/\\\/www.reseau-entreprendre.org\\\/bretagne\\\/2017\\\/12\\\/06\\\/nouveau-laureat-morbihan-jean-paul-dufau-reprend-heol-composites\\\/#primaryimage\",\"url\":\"https:\\\/\\\/www.reseau-entreprendre.org\\\/bretagne\\\/wp-content\\\/uploads\\\/sites\\\/3\\\/2017\\\/12\\\/Photo.jpg\",\"contentUrl\":\"https:\\\/\\\/www.reseau-entreprendre.org\\\/bretagne\\\/wp-content\\\/uploads\\\/sites\\\/3\\\/2017\\\/12\\\/Photo.jpg\",\"width\":640,\"height\":480},{\"@type\":\"BreadcrumbList\",\"@id\":\"https:\\\/\\\/www.reseau-entreprendre.org\\\/bretagne\\\/2017\\\/12\\\/06\\\/nouveau-laureat-morbihan-jean-paul-dufau-reprend-heol-composites\\\/#breadcrumb\",\"itemListElement\":[{\"@type\":\"ListItem\",\"position\":1,\"name\":\"Accueil\",\"item\":\"https:\\\/\\\/www.reseau-entreprendre.org\\\/bretagne\\\/\"},{\"@type\":\"ListItem\",\"position\":2,\"name\":\"Nouveau laur\u00e9at dans le Morbihan : Jean Paul DUFAU reprend Heol Composites\"}]},{\"@type\":\"WebSite\",\"@id\":\"https:\\\/\\\/www.reseau-entreprendre.org\\\/bretagne\\\/#website\",\"url\":\"https:\\\/\\\/www.reseau-entreprendre.org\\\/bretagne\\\/\",\"name\":\"R\u00e9seau Entreprendre Bretagne\",\"description\":\"Pour cr\u00e9er des emplois, cr\u00e9ons des employeurs\",\"potentialAction\":[{\"@type\":\"SearchAction\",\"target\":{\"@type\":\"EntryPoint\",\"urlTemplate\":\"https:\\\/\\\/www.reseau-entreprendre.org\\\/bretagne\\\/?s={search_term_string}\"},\"query-input\":{\"@type\":\"PropertyValueSpecification\",\"valueRequired\":true,\"valueName\":\"search_term_string\"}}],\"inLanguage\":\"fr-FR\"},{\"@type\":\"Person\",\"@id\":\"https:\\\/\\\/www.reseau-entreprendre.org\\\/bretagne\\\/#\\\/schema\\\/person\\\/0787c8eb1efbf5de43caa62b73f8de28\",\"name\":\"fmariet\",\"image\":{\"@type\":\"ImageObject\",\"inLanguage\":\"fr-FR\",\"@id\":\"https:\\\/\\\/secure.gravatar.com\\\/avatar\\\/4fc6b6a48dfeef075e4ab63a7d6204a3f50fa3e56ea586d7c693aa1c4b70b84c?s=96&d=mm&r=g\",\"url\":\"https:\\\/\\\/secure.gravatar.com\\\/avatar\\\/4fc6b6a48dfeef075e4ab63a7d6204a3f50fa3e56ea586d7c693aa1c4b70b84c?s=96&d=mm&r=g\",\"contentUrl\":\"https:\\\/\\\/secure.gravatar.com\\\/avatar\\\/4fc6b6a48dfeef075e4ab63a7d6204a3f50fa3e56ea586d7c693aa1c4b70b84c?s=96&d=mm&r=g\",\"caption\":\"fmariet\"},\"url\":\"https:\\\/\\\/www.reseau-entreprendre.org\\\/bretagne\\\/author\\\/fmariet\\\/\"}]}<\/script>\n<!-- \/ Yoast SEO plugin. -->","yoast_head_json":{"title":"Nouveau laur\u00e9at dans le Morbihan : Jean Paul DUFAU reprend Heol Composites - R\u00e9seau Entreprendre Bretagne","robots":{"index":"index","follow":"follow","max-snippet":"max-snippet:-1","max-image-preview":"max-image-preview:large","max-video-preview":"max-video-preview:-1"},"canonical":"https:\/\/www.reseau-entreprendre.org\/bretagne\/2017\/12\/06\/nouveau-laureat-morbihan-jean-paul-dufau-reprend-heol-composites\/","og_locale":"fr_FR","og_type":"article","og_title":"Nouveau laur\u00e9at dans le Morbihan : Jean Paul DUFAU reprend Heol Composites - R\u00e9seau Entreprendre Bretagne","og_description":"L&#8217;entreprise HEOL COMPOSITES a \u00e9t\u00e9 reprise par Jean Paul DUFAU,","og_url":"https:\/\/www.reseau-entreprendre.org\/bretagne\/2017\/12\/06\/nouveau-laureat-morbihan-jean-paul-dufau-reprend-heol-composites\/","og_site_name":"R\u00e9seau Entreprendre Bretagne","article_publisher":"https:\/\/www.facebook.com\/reseauentreprendrebretagne\/","article_published_time":"2017-12-06T17:43:22+00:00","article_modified_time":"2022-04-11T15:20:19+00:00","og_image":[{"width":640,"height":480,"url":"https:\/\/www.reseau-entreprendre.org\/bretagne\/wp-content\/uploads\/sites\/3\/2017\/12\/Photo.jpg","type":"image\/jpeg"}],"author":"fmariet","twitter_card":"summary_large_image","twitter_creator":"@RE_Bretagne","twitter_site":"@RE_Bretagne","twitter_misc":{"\u00c9crit par":"fmariet","Dur\u00e9e de lecture estim\u00e9e":"1 minute"},"schema":{"@context":"https:\/\/schema.org","@graph":[{"@type":"Article","@id":"https:\/\/www.reseau-entreprendre.org\/bretagne\/2017\/12\/06\/nouveau-laureat-morbihan-jean-paul-dufau-reprend-heol-composites\/#article","isPartOf":{"@id":"https:\/\/www.reseau-entreprendre.org\/bretagne\/2017\/12\/06\/nouveau-laureat-morbihan-jean-paul-dufau-reprend-heol-composites\/"},"author":{"name":"fmariet","@id":"https:\/\/www.reseau-entreprendre.org\/bretagne\/#\/schema\/person\/0787c8eb1efbf5de43caa62b73f8de28"},"headline":"Nouveau laur\u00e9at dans le Morbihan : Jean Paul DUFAU reprend Heol Composites","datePublished":"2017-12-06T17:43:22+00:00","dateModified":"2022-04-11T15:20:19+00:00","mainEntityOfPage":{"@id":"https:\/\/www.reseau-entreprendre.org\/bretagne\/2017\/12\/06\/nouveau-laureat-morbihan-jean-paul-dufau-reprend-heol-composites\/"},"wordCount":202,"image":{"@id":"https:\/\/www.reseau-entreprendre.org\/bretagne\/2017\/12\/06\/nouveau-laureat-morbihan-jean-paul-dufau-reprend-heol-composites\/#primaryimage"},"thumbnailUrl":"https:\/\/www.reseau-entreprendre.org\/bretagne\/wp-content\/uploads\/sites\/3\/2017\/12\/Photo.jpg","articleSection":["Actualit\u00e9s"],"inLanguage":"fr-FR"},{"@type":"WebPage","@id":"https:\/\/www.reseau-entreprendre.org\/bretagne\/2017\/12\/06\/nouveau-laureat-morbihan-jean-paul-dufau-reprend-heol-composites\/","url":"https:\/\/www.reseau-entreprendre.org\/bretagne\/2017\/12\/06\/nouveau-laureat-morbihan-jean-paul-dufau-reprend-heol-composites\/","name":"Nouveau laur\u00e9at dans le Morbihan : Jean Paul DUFAU reprend Heol Composites - R\u00e9seau Entreprendre Bretagne","isPartOf":{"@id":"https:\/\/www.reseau-entreprendre.org\/bretagne\/#website"},"primaryImageOfPage":{"@id":"https:\/\/www.reseau-entreprendre.org\/bretagne\/2017\/12\/06\/nouveau-laureat-morbihan-jean-paul-dufau-reprend-heol-composites\/#primaryimage"},"image":{"@id":"https:\/\/www.reseau-entreprendre.org\/bretagne\/2017\/12\/06\/nouveau-laureat-morbihan-jean-paul-dufau-reprend-heol-composites\/#primaryimage"},"thumbnailUrl":"https:\/\/www.reseau-entreprendre.org\/bretagne\/wp-content\/uploads\/sites\/3\/2017\/12\/Photo.jpg","datePublished":"2017-12-06T17:43:22+00:00","dateModified":"2022-04-11T15:20:19+00:00","author":{"@id":"https:\/\/www.reseau-entreprendre.org\/bretagne\/#\/schema\/person\/0787c8eb1efbf5de43caa62b73f8de28"},"breadcrumb":{"@id":"https:\/\/www.reseau-entreprendre.org\/bretagne\/2017\/12\/06\/nouveau-laureat-morbihan-jean-paul-dufau-reprend-heol-composites\/#breadcrumb"},"inLanguage":"fr-FR","potentialAction":[{"@type":"ReadAction","target":["https:\/\/www.reseau-entreprendre.org\/bretagne\/2017\/12\/06\/nouveau-laureat-morbihan-jean-paul-dufau-reprend-heol-composites\/"]}]},{"@type":"ImageObject","inLanguage":"fr-FR","@id":"https:\/\/www.reseau-entreprendre.org\/bretagne\/2017\/12\/06\/nouveau-laureat-morbihan-jean-paul-dufau-reprend-heol-composites\/#primaryimage","url":"https:\/\/www.reseau-entreprendre.org\/bretagne\/wp-content\/uploads\/sites\/3\/2017\/12\/Photo.jpg","contentUrl":"https:\/\/www.reseau-entreprendre.org\/bretagne\/wp-content\/uploads\/sites\/3\/2017\/12\/Photo.jpg","width":640,"height":480},{"@type":"BreadcrumbList","@id":"https:\/\/www.reseau-entreprendre.org\/bretagne\/2017\/12\/06\/nouveau-laureat-morbihan-jean-paul-dufau-reprend-heol-composites\/#breadcrumb","itemListElement":[{"@type":"ListItem","position":1,"name":"Accueil","item":"https:\/\/www.reseau-entreprendre.org\/bretagne\/"},{"@type":"ListItem","position":2,"name":"Nouveau laur\u00e9at dans le Morbihan : Jean Paul DUFAU reprend Heol Composites"}]},{"@type":"WebSite","@id":"https:\/\/www.reseau-entreprendre.org\/bretagne\/#website","url":"https:\/\/www.reseau-entreprendre.org\/bretagne\/","name":"R\u00e9seau Entreprendre Bretagne","description":"Pour cr\u00e9er des emplois, cr\u00e9ons des employeurs","potentialAction":[{"@type":"SearchAction","target":{"@type":"EntryPoint","urlTemplate":"https:\/\/www.reseau-entreprendre.org\/bretagne\/?s={search_term_string}"},"query-input":{"@type":"PropertyValueSpecification","valueRequired":true,"valueName":"search_term_string"}}],"inLanguage":"fr-FR"},{"@type":"Person","@id":"https:\/\/www.reseau-entreprendre.org\/bretagne\/#\/schema\/person\/0787c8eb1efbf5de43caa62b73f8de28","name":"fmariet","image":{"@type":"ImageObject","inLanguage":"fr-FR","@id":"https:\/\/secure.gravatar.com\/avatar\/4fc6b6a48dfeef075e4ab63a7d6204a3f50fa3e56ea586d7c693aa1c4b70b84c?s=96&d=mm&r=g","url":"https:\/\/secure.gravatar.com\/avatar\/4fc6b6a48dfeef075e4ab63a7d6204a3f50fa3e56ea586d7c693aa1c4b70b84c?s=96&d=mm&r=g","contentUrl":"https:\/\/secure.gravatar.com\/avatar\/4fc6b6a48dfeef075e4ab63a7d6204a3f50fa3e56ea586d7c693aa1c4b70b84c?s=96&d=mm&r=g","caption":"fmariet"},"url":"https:\/\/www.reseau-entreprendre.org\/bretagne\/author\/fmariet\/"}]}},"_links":{"self":[{"href":"https:\/\/www.reseau-entreprendre.org\/bretagne\/wp-json\/wp\/v2\/posts\/941","targetHints":{"allow":["GET"]}}],"collection":[{"href":"https:\/\/www.reseau-entreprendre.org\/bretagne\/wp-json\/wp\/v2\/posts"}],"about":[{"href":"https:\/\/www.reseau-entreprendre.org\/bretagne\/wp-json\/wp\/v2\/types\/post"}],"author":[{"embeddable":true,"href":"https:\/\/www.reseau-entreprendre.org\/bretagne\/wp-json\/wp\/v2\/users\/89"}],"replies":[{"embeddable":true,"href":"https:\/\/www.reseau-entreprendre.org\/bretagne\/wp-json\/wp\/v2\/comments?post=941"}],"version-history":[{"count":0,"href":"https:\/\/www.reseau-entreprendre.org\/bretagne\/wp-json\/wp\/v2\/posts\/941\/revisions"}],"wp:featuredmedia":[{"embeddable":true,"href":"https:\/\/www.reseau-entreprendre.org\/bretagne\/wp-json\/wp\/v2\/media\/942"}],"wp:attachment":[{"href":"https:\/\/www.reseau-entreprendre.org\/bretagne\/wp-json\/wp\/v2\/media?parent=941"}],"wp:term":[{"taxonomy":"category","embeddable":true,"href":"https:\/\/www.reseau-entreprendre.org\/bretagne\/wp-json\/wp\/v2\/categories?post=941"},{"taxonomy":"post_tag","embeddable":true,"href":"https:\/\/www.reseau-entreprendre.org\/bretagne\/wp-json\/wp\/v2\/tags?post=941"}],"curies":[{"name":"wp","href":"https:\/\/api.w.org\/{rel}","templated":true}]}}