{"id":953,"date":"2017-12-11T16:26:50","date_gmt":"2017-12-11T15:26:50","guid":{"rendered":"https:\/\/www.reseau-entreprendre.org\/bretagne\/?p=953"},"modified":"2022-04-11T17:20:19","modified_gmt":"2022-04-11T15:20:19","slug":"finistere-nouveau-laureat-phar-societe-vetosoft","status":"publish","type":"post","link":"https:\/\/www.reseau-entreprendre.org\/bretagne\/2017\/12\/11\/finistere-nouveau-laureat-phar-societe-vetosoft\/","title":{"rendered":"Finist\u00e8re : nouveau laur\u00e9at PHAR, la soci\u00e9t\u00e9 VETOSOFT"},"content":{"rendered":"<p>&nbsp;<\/p>\n<p>Le mardi 5 d\u00e9cembre 2017 \u00e0 Quimper, dans les locaux de la Technopole de l\u2019innovation, Philippe Edelmayer, d\u00e9l\u00e9gu\u00e9 de <strong>R\u00e9seau Entreprendre<\/strong> dans le Finist\u00e8re a remis un pr\u00eat d\u2019honneur d\u2019un montant de 45 000 euros \u00e0 la start-up <strong>VETOSOFT<\/strong> dans le cadre du dispositif r\u00e9gional d&#8217;aide \u00e0 l&#8217;innovation des entreprises innovantes g\u00e9r\u00e9 par R\u00e9seau Entreprendre Bretagne pour le compte de la R\u00e9gion Bretagne, de la Caisse des d\u00e9p\u00f4ts et des banques partenaires : CIC, CMB, BPO, Banque Postale.<\/p>\n<p>Les laur\u00e9ats b\u00e9n\u00e9ficient du coaching b\u00e9n\u00e9vole de Daniel Jacq pendant 1 an.<\/p>\n<p>Mont\u00e9 par Karen Noteris, Simon Perigault et Ga\u00ebtan Mabille, <strong>VETOSOFT<\/strong>, bas\u00e9 \u00e0 Plonevez du Faou, permet aux v\u00e9t\u00e9rinaires et aux \u00e9leveurs d\u2019avoir une approche syst\u00e9mique de l\u2019\u00e9levage, via un logiciel d\u00e9di\u00e9. Les conditions optimales du suivi du cheptel sont r\u00e9unies en une solution digitale simple et peu couteuse vendue en mode SAAS.<\/p>\n<p>Le suivi v\u00e9t\u00e9rinaire digital, notamment l\u2019alimentation, la reproduction, la lactation (entre autres fonctions), assure au client final un gain allant, \u00e0 minima, de 20 \u00e0 30.000 euros par rapport aux solutions traditionnelles.<\/p>\n<p>Un partenariat est en cours avec Zoetis, entreprise pharmaceutique v\u00e9t\u00e9rinaire am\u00e9ricaine. N\u00b01 mondiale dans ce secteur.\u00a0 Zoetis est sp\u00e9cialis\u00e9e sur 8 esp\u00e8ces (bovins allaitants et laitiers, porcs, volailles, poissons, chats, chiens et chevaux).<\/p>\n<p>Les responsables de l\u2019entreprise seront pr\u00e9sents \u00e0 la soir\u00e9e Intervoeux du <strong>25 janvier 2018<\/strong> qui aura lieu \u00e0 Brest Business School.<\/p>\n","protected":false},"excerpt":{"rendered":"<p>&nbsp; Le mardi 5 d\u00e9cembre 2017 \u00e0 Quimper, dans les<\/p>\n","protected":false},"author":3,"featured_media":956,"comment_status":"closed","ping_status":"open","sticky":false,"template":"","format":"standard","meta":{"_acf_changed":false,"_monsterinsights_skip_tracking":false,"_monsterinsights_sitenote_active":false,"_monsterinsights_sitenote_note":"","_monsterinsights_sitenote_category":0,"footnotes":""},"categories":[4],"tags":[],"class_list":["post-953","post","type-post","status-publish","format-standard","has-post-thumbnail","hentry","category-actualites","news"],"acf":[],"yoast_head":"<!-- This site is optimized with the Yoast SEO plugin v27.4 - https:\/\/yoast.com\/product\/yoast-seo-wordpress\/ -->\n<title>Finist\u00e8re : nouveau laur\u00e9at PHAR, la soci\u00e9t\u00e9 VETOSOFT - R\u00e9seau Entreprendre Bretagne<\/title>\n<meta name=\"robots\" content=\"index, follow, max-snippet:-1, max-image-preview:large, max-video-preview:-1\" \/>\n<link rel=\"canonical\" href=\"https:\/\/www.reseau-entreprendre.org\/bretagne\/2017\/12\/11\/finistere-nouveau-laureat-phar-societe-vetosoft\/\" \/>\n<meta property=\"og:locale\" content=\"fr_FR\" \/>\n<meta property=\"og:type\" content=\"article\" \/>\n<meta property=\"og:title\" content=\"Finist\u00e8re : nouveau laur\u00e9at PHAR, la soci\u00e9t\u00e9 VETOSOFT - R\u00e9seau Entreprendre Bretagne\" \/>\n<meta property=\"og:description\" content=\"&nbsp; Le mardi 5 d\u00e9cembre 2017 \u00e0 Quimper, dans les\" \/>\n<meta property=\"og:url\" content=\"https:\/\/www.reseau-entreprendre.org\/bretagne\/2017\/12\/11\/finistere-nouveau-laureat-phar-societe-vetosoft\/\" \/>\n<meta property=\"og:site_name\" content=\"R\u00e9seau Entreprendre Bretagne\" \/>\n<meta property=\"article:publisher\" content=\"https:\/\/www.facebook.com\/reseauentreprendrebretagne\/\" \/>\n<meta property=\"article:published_time\" content=\"2017-12-11T15:26:50+00:00\" \/>\n<meta property=\"article:modified_time\" content=\"2022-04-11T15:20:19+00:00\" \/>\n<meta property=\"og:image\" content=\"https:\/\/www.reseau-entreprendre.org\/bretagne\/wp-content\/uploads\/sites\/3\/2017\/12\/vetosoft-006-e1513006240267.jpg\" \/>\n\t<meta property=\"og:image:width\" content=\"400\" \/>\n\t<meta property=\"og:image:height\" content=\"202\" \/>\n\t<meta property=\"og:image:type\" content=\"image\/jpeg\" \/>\n<meta name=\"author\" content=\"bretagne\" \/>\n<meta name=\"twitter:card\" content=\"summary_large_image\" \/>\n<meta name=\"twitter:creator\" content=\"@RE_Bretagne\" \/>\n<meta name=\"twitter:site\" content=\"@RE_Bretagne\" \/>\n<meta name=\"twitter:label1\" content=\"\u00c9crit par\" \/>\n\t<meta name=\"twitter:data1\" content=\"bretagne\" \/>\n\t<meta name=\"twitter:label2\" content=\"Dur\u00e9e de lecture estim\u00e9e\" \/>\n\t<meta name=\"twitter:data2\" content=\"1 minute\" \/>\n<script type=\"application\/ld+json\" class=\"yoast-schema-graph\">{\"@context\":\"https:\\\/\\\/schema.org\",\"@graph\":[{\"@type\":\"Article\",\"@id\":\"https:\\\/\\\/www.reseau-entreprendre.org\\\/bretagne\\\/2017\\\/12\\\/11\\\/finistere-nouveau-laureat-phar-societe-vetosoft\\\/#article\",\"isPartOf\":{\"@id\":\"https:\\\/\\\/www.reseau-entreprendre.org\\\/bretagne\\\/2017\\\/12\\\/11\\\/finistere-nouveau-laureat-phar-societe-vetosoft\\\/\"},\"author\":{\"name\":\"bretagne\",\"@id\":\"https:\\\/\\\/www.reseau-entreprendre.org\\\/bretagne\\\/#\\\/schema\\\/person\\\/1c6299543d9bd30cb3c949a995444772\"},\"headline\":\"Finist\u00e8re : nouveau laur\u00e9at PHAR, la soci\u00e9t\u00e9 VETOSOFT\",\"datePublished\":\"2017-12-11T15:26:50+00:00\",\"dateModified\":\"2022-04-11T15:20:19+00:00\",\"mainEntityOfPage\":{\"@id\":\"https:\\\/\\\/www.reseau-entreprendre.org\\\/bretagne\\\/2017\\\/12\\\/11\\\/finistere-nouveau-laureat-phar-societe-vetosoft\\\/\"},\"wordCount\":262,\"image\":{\"@id\":\"https:\\\/\\\/www.reseau-entreprendre.org\\\/bretagne\\\/2017\\\/12\\\/11\\\/finistere-nouveau-laureat-phar-societe-vetosoft\\\/#primaryimage\"},\"thumbnailUrl\":\"https:\\\/\\\/www.reseau-entreprendre.org\\\/bretagne\\\/wp-content\\\/uploads\\\/sites\\\/3\\\/2017\\\/12\\\/vetosoft-006-e1513006240267.jpg\",\"articleSection\":[\"Actualit\u00e9s\"],\"inLanguage\":\"fr-FR\"},{\"@type\":\"WebPage\",\"@id\":\"https:\\\/\\\/www.reseau-entreprendre.org\\\/bretagne\\\/2017\\\/12\\\/11\\\/finistere-nouveau-laureat-phar-societe-vetosoft\\\/\",\"url\":\"https:\\\/\\\/www.reseau-entreprendre.org\\\/bretagne\\\/2017\\\/12\\\/11\\\/finistere-nouveau-laureat-phar-societe-vetosoft\\\/\",\"name\":\"Finist\u00e8re : nouveau laur\u00e9at PHAR, la soci\u00e9t\u00e9 VETOSOFT - R\u00e9seau Entreprendre Bretagne\",\"isPartOf\":{\"@id\":\"https:\\\/\\\/www.reseau-entreprendre.org\\\/bretagne\\\/#website\"},\"primaryImageOfPage\":{\"@id\":\"https:\\\/\\\/www.reseau-entreprendre.org\\\/bretagne\\\/2017\\\/12\\\/11\\\/finistere-nouveau-laureat-phar-societe-vetosoft\\\/#primaryimage\"},\"image\":{\"@id\":\"https:\\\/\\\/www.reseau-entreprendre.org\\\/bretagne\\\/2017\\\/12\\\/11\\\/finistere-nouveau-laureat-phar-societe-vetosoft\\\/#primaryimage\"},\"thumbnailUrl\":\"https:\\\/\\\/www.reseau-entreprendre.org\\\/bretagne\\\/wp-content\\\/uploads\\\/sites\\\/3\\\/2017\\\/12\\\/vetosoft-006-e1513006240267.jpg\",\"datePublished\":\"2017-12-11T15:26:50+00:00\",\"dateModified\":\"2022-04-11T15:20:19+00:00\",\"author\":{\"@id\":\"https:\\\/\\\/www.reseau-entreprendre.org\\\/bretagne\\\/#\\\/schema\\\/person\\\/1c6299543d9bd30cb3c949a995444772\"},\"breadcrumb\":{\"@id\":\"https:\\\/\\\/www.reseau-entreprendre.org\\\/bretagne\\\/2017\\\/12\\\/11\\\/finistere-nouveau-laureat-phar-societe-vetosoft\\\/#breadcrumb\"},\"inLanguage\":\"fr-FR\",\"potentialAction\":[{\"@type\":\"ReadAction\",\"target\":[\"https:\\\/\\\/www.reseau-entreprendre.org\\\/bretagne\\\/2017\\\/12\\\/11\\\/finistere-nouveau-laureat-phar-societe-vetosoft\\\/\"]}]},{\"@type\":\"ImageObject\",\"inLanguage\":\"fr-FR\",\"@id\":\"https:\\\/\\\/www.reseau-entreprendre.org\\\/bretagne\\\/2017\\\/12\\\/11\\\/finistere-nouveau-laureat-phar-societe-vetosoft\\\/#primaryimage\",\"url\":\"https:\\\/\\\/www.reseau-entreprendre.org\\\/bretagne\\\/wp-content\\\/uploads\\\/sites\\\/3\\\/2017\\\/12\\\/vetosoft-006-e1513006240267.jpg\",\"contentUrl\":\"https:\\\/\\\/www.reseau-entreprendre.org\\\/bretagne\\\/wp-content\\\/uploads\\\/sites\\\/3\\\/2017\\\/12\\\/vetosoft-006-e1513006240267.jpg\",\"width\":400,\"height\":202},{\"@type\":\"BreadcrumbList\",\"@id\":\"https:\\\/\\\/www.reseau-entreprendre.org\\\/bretagne\\\/2017\\\/12\\\/11\\\/finistere-nouveau-laureat-phar-societe-vetosoft\\\/#breadcrumb\",\"itemListElement\":[{\"@type\":\"ListItem\",\"position\":1,\"name\":\"Accueil\",\"item\":\"https:\\\/\\\/www.reseau-entreprendre.org\\\/bretagne\\\/\"},{\"@type\":\"ListItem\",\"position\":2,\"name\":\"Finist\u00e8re : nouveau laur\u00e9at PHAR, la soci\u00e9t\u00e9 VETOSOFT\"}]},{\"@type\":\"WebSite\",\"@id\":\"https:\\\/\\\/www.reseau-entreprendre.org\\\/bretagne\\\/#website\",\"url\":\"https:\\\/\\\/www.reseau-entreprendre.org\\\/bretagne\\\/\",\"name\":\"R\u00e9seau Entreprendre Bretagne\",\"description\":\"Pour cr\u00e9er des emplois, cr\u00e9ons des employeurs\",\"potentialAction\":[{\"@type\":\"SearchAction\",\"target\":{\"@type\":\"EntryPoint\",\"urlTemplate\":\"https:\\\/\\\/www.reseau-entreprendre.org\\\/bretagne\\\/?s={search_term_string}\"},\"query-input\":{\"@type\":\"PropertyValueSpecification\",\"valueRequired\":true,\"valueName\":\"search_term_string\"}}],\"inLanguage\":\"fr-FR\"},{\"@type\":\"Person\",\"@id\":\"https:\\\/\\\/www.reseau-entreprendre.org\\\/bretagne\\\/#\\\/schema\\\/person\\\/1c6299543d9bd30cb3c949a995444772\",\"name\":\"bretagne\",\"image\":{\"@type\":\"ImageObject\",\"inLanguage\":\"fr-FR\",\"@id\":\"https:\\\/\\\/secure.gravatar.com\\\/avatar\\\/92cffde2dbd036cbc8249d542d2ca21dabebd4b4db2db5ea59b98bb93e0521b9?s=96&d=mm&r=g\",\"url\":\"https:\\\/\\\/secure.gravatar.com\\\/avatar\\\/92cffde2dbd036cbc8249d542d2ca21dabebd4b4db2db5ea59b98bb93e0521b9?s=96&d=mm&r=g\",\"contentUrl\":\"https:\\\/\\\/secure.gravatar.com\\\/avatar\\\/92cffde2dbd036cbc8249d542d2ca21dabebd4b4db2db5ea59b98bb93e0521b9?s=96&d=mm&r=g\",\"caption\":\"bretagne\"},\"url\":\"https:\\\/\\\/www.reseau-entreprendre.org\\\/bretagne\\\/author\\\/bretagne\\\/\"}]}<\/script>\n<!-- \/ Yoast SEO plugin. -->","yoast_head_json":{"title":"Finist\u00e8re : nouveau laur\u00e9at PHAR, la soci\u00e9t\u00e9 VETOSOFT - R\u00e9seau Entreprendre Bretagne","robots":{"index":"index","follow":"follow","max-snippet":"max-snippet:-1","max-image-preview":"max-image-preview:large","max-video-preview":"max-video-preview:-1"},"canonical":"https:\/\/www.reseau-entreprendre.org\/bretagne\/2017\/12\/11\/finistere-nouveau-laureat-phar-societe-vetosoft\/","og_locale":"fr_FR","og_type":"article","og_title":"Finist\u00e8re : nouveau laur\u00e9at PHAR, la soci\u00e9t\u00e9 VETOSOFT - R\u00e9seau Entreprendre Bretagne","og_description":"&nbsp; Le mardi 5 d\u00e9cembre 2017 \u00e0 Quimper, dans les","og_url":"https:\/\/www.reseau-entreprendre.org\/bretagne\/2017\/12\/11\/finistere-nouveau-laureat-phar-societe-vetosoft\/","og_site_name":"R\u00e9seau Entreprendre Bretagne","article_publisher":"https:\/\/www.facebook.com\/reseauentreprendrebretagne\/","article_published_time":"2017-12-11T15:26:50+00:00","article_modified_time":"2022-04-11T15:20:19+00:00","og_image":[{"width":400,"height":202,"url":"https:\/\/www.reseau-entreprendre.org\/bretagne\/wp-content\/uploads\/sites\/3\/2017\/12\/vetosoft-006-e1513006240267.jpg","type":"image\/jpeg"}],"author":"bretagne","twitter_card":"summary_large_image","twitter_creator":"@RE_Bretagne","twitter_site":"@RE_Bretagne","twitter_misc":{"\u00c9crit par":"bretagne","Dur\u00e9e de lecture estim\u00e9e":"1 minute"},"schema":{"@context":"https:\/\/schema.org","@graph":[{"@type":"Article","@id":"https:\/\/www.reseau-entreprendre.org\/bretagne\/2017\/12\/11\/finistere-nouveau-laureat-phar-societe-vetosoft\/#article","isPartOf":{"@id":"https:\/\/www.reseau-entreprendre.org\/bretagne\/2017\/12\/11\/finistere-nouveau-laureat-phar-societe-vetosoft\/"},"author":{"name":"bretagne","@id":"https:\/\/www.reseau-entreprendre.org\/bretagne\/#\/schema\/person\/1c6299543d9bd30cb3c949a995444772"},"headline":"Finist\u00e8re : nouveau laur\u00e9at PHAR, la soci\u00e9t\u00e9 VETOSOFT","datePublished":"2017-12-11T15:26:50+00:00","dateModified":"2022-04-11T15:20:19+00:00","mainEntityOfPage":{"@id":"https:\/\/www.reseau-entreprendre.org\/bretagne\/2017\/12\/11\/finistere-nouveau-laureat-phar-societe-vetosoft\/"},"wordCount":262,"image":{"@id":"https:\/\/www.reseau-entreprendre.org\/bretagne\/2017\/12\/11\/finistere-nouveau-laureat-phar-societe-vetosoft\/#primaryimage"},"thumbnailUrl":"https:\/\/www.reseau-entreprendre.org\/bretagne\/wp-content\/uploads\/sites\/3\/2017\/12\/vetosoft-006-e1513006240267.jpg","articleSection":["Actualit\u00e9s"],"inLanguage":"fr-FR"},{"@type":"WebPage","@id":"https:\/\/www.reseau-entreprendre.org\/bretagne\/2017\/12\/11\/finistere-nouveau-laureat-phar-societe-vetosoft\/","url":"https:\/\/www.reseau-entreprendre.org\/bretagne\/2017\/12\/11\/finistere-nouveau-laureat-phar-societe-vetosoft\/","name":"Finist\u00e8re : nouveau laur\u00e9at PHAR, la soci\u00e9t\u00e9 VETOSOFT - R\u00e9seau Entreprendre Bretagne","isPartOf":{"@id":"https:\/\/www.reseau-entreprendre.org\/bretagne\/#website"},"primaryImageOfPage":{"@id":"https:\/\/www.reseau-entreprendre.org\/bretagne\/2017\/12\/11\/finistere-nouveau-laureat-phar-societe-vetosoft\/#primaryimage"},"image":{"@id":"https:\/\/www.reseau-entreprendre.org\/bretagne\/2017\/12\/11\/finistere-nouveau-laureat-phar-societe-vetosoft\/#primaryimage"},"thumbnailUrl":"https:\/\/www.reseau-entreprendre.org\/bretagne\/wp-content\/uploads\/sites\/3\/2017\/12\/vetosoft-006-e1513006240267.jpg","datePublished":"2017-12-11T15:26:50+00:00","dateModified":"2022-04-11T15:20:19+00:00","author":{"@id":"https:\/\/www.reseau-entreprendre.org\/bretagne\/#\/schema\/person\/1c6299543d9bd30cb3c949a995444772"},"breadcrumb":{"@id":"https:\/\/www.reseau-entreprendre.org\/bretagne\/2017\/12\/11\/finistere-nouveau-laureat-phar-societe-vetosoft\/#breadcrumb"},"inLanguage":"fr-FR","potentialAction":[{"@type":"ReadAction","target":["https:\/\/www.reseau-entreprendre.org\/bretagne\/2017\/12\/11\/finistere-nouveau-laureat-phar-societe-vetosoft\/"]}]},{"@type":"ImageObject","inLanguage":"fr-FR","@id":"https:\/\/www.reseau-entreprendre.org\/bretagne\/2017\/12\/11\/finistere-nouveau-laureat-phar-societe-vetosoft\/#primaryimage","url":"https:\/\/www.reseau-entreprendre.org\/bretagne\/wp-content\/uploads\/sites\/3\/2017\/12\/vetosoft-006-e1513006240267.jpg","contentUrl":"https:\/\/www.reseau-entreprendre.org\/bretagne\/wp-content\/uploads\/sites\/3\/2017\/12\/vetosoft-006-e1513006240267.jpg","width":400,"height":202},{"@type":"BreadcrumbList","@id":"https:\/\/www.reseau-entreprendre.org\/bretagne\/2017\/12\/11\/finistere-nouveau-laureat-phar-societe-vetosoft\/#breadcrumb","itemListElement":[{"@type":"ListItem","position":1,"name":"Accueil","item":"https:\/\/www.reseau-entreprendre.org\/bretagne\/"},{"@type":"ListItem","position":2,"name":"Finist\u00e8re : nouveau laur\u00e9at PHAR, la soci\u00e9t\u00e9 VETOSOFT"}]},{"@type":"WebSite","@id":"https:\/\/www.reseau-entreprendre.org\/bretagne\/#website","url":"https:\/\/www.reseau-entreprendre.org\/bretagne\/","name":"R\u00e9seau Entreprendre Bretagne","description":"Pour cr\u00e9er des emplois, cr\u00e9ons des employeurs","potentialAction":[{"@type":"SearchAction","target":{"@type":"EntryPoint","urlTemplate":"https:\/\/www.reseau-entreprendre.org\/bretagne\/?s={search_term_string}"},"query-input":{"@type":"PropertyValueSpecification","valueRequired":true,"valueName":"search_term_string"}}],"inLanguage":"fr-FR"},{"@type":"Person","@id":"https:\/\/www.reseau-entreprendre.org\/bretagne\/#\/schema\/person\/1c6299543d9bd30cb3c949a995444772","name":"bretagne","image":{"@type":"ImageObject","inLanguage":"fr-FR","@id":"https:\/\/secure.gravatar.com\/avatar\/92cffde2dbd036cbc8249d542d2ca21dabebd4b4db2db5ea59b98bb93e0521b9?s=96&d=mm&r=g","url":"https:\/\/secure.gravatar.com\/avatar\/92cffde2dbd036cbc8249d542d2ca21dabebd4b4db2db5ea59b98bb93e0521b9?s=96&d=mm&r=g","contentUrl":"https:\/\/secure.gravatar.com\/avatar\/92cffde2dbd036cbc8249d542d2ca21dabebd4b4db2db5ea59b98bb93e0521b9?s=96&d=mm&r=g","caption":"bretagne"},"url":"https:\/\/www.reseau-entreprendre.org\/bretagne\/author\/bretagne\/"}]}},"_links":{"self":[{"href":"https:\/\/www.reseau-entreprendre.org\/bretagne\/wp-json\/wp\/v2\/posts\/953","targetHints":{"allow":["GET"]}}],"collection":[{"href":"https:\/\/www.reseau-entreprendre.org\/bretagne\/wp-json\/wp\/v2\/posts"}],"about":[{"href":"https:\/\/www.reseau-entreprendre.org\/bretagne\/wp-json\/wp\/v2\/types\/post"}],"author":[{"embeddable":true,"href":"https:\/\/www.reseau-entreprendre.org\/bretagne\/wp-json\/wp\/v2\/users\/3"}],"replies":[{"embeddable":true,"href":"https:\/\/www.reseau-entreprendre.org\/bretagne\/wp-json\/wp\/v2\/comments?post=953"}],"version-history":[{"count":0,"href":"https:\/\/www.reseau-entreprendre.org\/bretagne\/wp-json\/wp\/v2\/posts\/953\/revisions"}],"wp:featuredmedia":[{"embeddable":true,"href":"https:\/\/www.reseau-entreprendre.org\/bretagne\/wp-json\/wp\/v2\/media\/956"}],"wp:attachment":[{"href":"https:\/\/www.reseau-entreprendre.org\/bretagne\/wp-json\/wp\/v2\/media?parent=953"}],"wp:term":[{"taxonomy":"category","embeddable":true,"href":"https:\/\/www.reseau-entreprendre.org\/bretagne\/wp-json\/wp\/v2\/categories?post=953"},{"taxonomy":"post_tag","embeddable":true,"href":"https:\/\/www.reseau-entreprendre.org\/bretagne\/wp-json\/wp\/v2\/tags?post=953"}],"curies":[{"name":"wp","href":"https:\/\/api.w.org\/{rel}","templated":true}]}}