{"id":969,"date":"2017-12-14T14:46:33","date_gmt":"2017-12-14T13:46:33","guid":{"rendered":"https:\/\/www.reseau-entreprendre.org\/bretagne\/?p=969"},"modified":"2022-04-11T17:20:19","modified_gmt":"2022-04-11T15:20:19","slug":"yves-allegret","status":"publish","type":"post","link":"https:\/\/www.reseau-entreprendre.org\/bretagne\/2017\/12\/14\/yves-allegret\/","title":{"rendered":"Yves All\u00e9gret"},"content":{"rendered":"<p><strong>Yves All\u00e9gret, membre de R\u00e9seau Entreprendre Bretagne depuis 2014, revient sur son exp\u00e9rience en tant qu&#8217;accompagnateur :<\/strong><\/p>\n<p>&nbsp;<\/p>\n<p class=\"x_MsoNormal\">&#8220;<em>L&#8217;accompagnement ?<\/em><\/p>\n<p class=\"x_MsoNormal\"><em>Je garde un souvenir \u00e9mu des fonctions que j&#8217;exer\u00e7ais il y a peu au sein d&#8217;une grande entreprise comme responsable de la formation des cadres de haut potentiel et accompagnateur d&#8217;int\u00e9gration des cadres de tous niveaux y compris dirigeants. Je croyais donc bien ma\u00eetriser le sujet dont on allait parler lors de ce Club d&#8217;accompagnateurs. Mais pris d&#8217;un acc\u00e8s de prudence, \u00e0 moins que ce ne f\u00fbt pour mieux m\u00e9nager mes effets, j&#8217;ai commenc\u00e9 par \u00e9couter ce que l&#8217;animateur et les quelques accompagnateurs chevronn\u00e9s pr\u00e9sents avaient \u00e0 dire. Et c&#8217;est tout de suite devenu tr\u00e8s int\u00e9ressant.<\/em><\/p>\n<p class=\"x_MsoNormal\"><em>Certes, nombre de notions m&#8217;\u00e9taient famili\u00e8res : savoir \u00e9couter, comprendre le besoin de l&#8217;autre, ne pas tenter d&#8217;imposer sa propre vision des choses, etc. Mais l\u00e0 ce sont des chefs d&#8217;entreprises petites ou moyennes qui s&#8217;expriment sur leurs besoins d&#8217;accompagnement, sur leur fa\u00e7on de mener ces entretiens. Riche id\u00e9e que de commencer par \u00e9couter l&#8217;autre avant de parler, car j&#8217;ai pu mesurer ce que peut \u00eatre la solitude du d\u00e9cideur sur le terrain d&#8217;une PME : on est loin, tr\u00e8s loin des ressources et de l&#8217;entourage dont tout manager b\u00e9n\u00e9ficie au sein d&#8217;une multinationale.<\/em><\/p>\n<p class=\"x_MsoNormal\"><em>L&#8217;accompagnement en PME, c&#8217;est comme la navigation en eaux resserr\u00e9es, un art tout d&#8217;ex\u00e9cution ! Cette formation me permettra d&#8217;\u00e9viter bien des pi\u00e8ges, dont le premier d&#8217;entre eux : la certitude que la route d&#8217;accompagnement qu&#8217;on propose est la meilleure\u2026 au point qu&#8217;on ne pensera pas forc\u00e9ment \u00e0 virer alors que les mouettes ont d\u00e9j\u00e0 pied<\/em>&#8220;<\/p>\n","protected":false},"excerpt":{"rendered":"<p>La certitude que la route d\u2019accompagnement qu\u2019on propose est la meilleure.<\/p>\n","protected":false},"author":3,"featured_media":970,"comment_status":"closed","ping_status":"open","sticky":false,"template":"","format":"standard","meta":{"_acf_changed":false,"_monsterinsights_skip_tracking":false,"_monsterinsights_sitenote_active":false,"_monsterinsights_sitenote_note":"","_monsterinsights_sitenote_category":0,"footnotes":""},"categories":[6],"tags":[],"class_list":["post-969","post","type-post","status-publish","format-standard","has-post-thumbnail","hentry","category-temoignages-membres","testimonials"],"acf":[],"yoast_head":"<!-- This site is optimized with the Yoast SEO plugin v27.4 - https:\/\/yoast.com\/product\/yoast-seo-wordpress\/ -->\n<title>Yves All\u00e9gret - R\u00e9seau Entreprendre Bretagne<\/title>\n<meta name=\"robots\" content=\"index, follow, max-snippet:-1, max-image-preview:large, max-video-preview:-1\" \/>\n<link rel=\"canonical\" href=\"https:\/\/www.reseau-entreprendre.org\/bretagne\/2017\/12\/14\/yves-allegret\/\" \/>\n<meta property=\"og:locale\" content=\"fr_FR\" \/>\n<meta property=\"og:type\" content=\"article\" \/>\n<meta property=\"og:title\" content=\"Yves All\u00e9gret - R\u00e9seau Entreprendre Bretagne\" \/>\n<meta property=\"og:description\" content=\"La certitude que la route d\u2019accompagnement qu\u2019on propose est la meilleure.\" \/>\n<meta property=\"og:url\" content=\"https:\/\/www.reseau-entreprendre.org\/bretagne\/2017\/12\/14\/yves-allegret\/\" \/>\n<meta property=\"og:site_name\" content=\"R\u00e9seau Entreprendre Bretagne\" \/>\n<meta property=\"article:publisher\" content=\"https:\/\/www.facebook.com\/reseauentreprendrebretagne\/\" \/>\n<meta property=\"article:published_time\" content=\"2017-12-14T13:46:33+00:00\" \/>\n<meta property=\"article:modified_time\" content=\"2022-04-11T15:20:19+00:00\" \/>\n<meta property=\"og:image\" content=\"https:\/\/www.reseau-entreprendre.org\/bretagne\/wp-content\/uploads\/sites\/3\/2017\/12\/ALLEGRET-Y.jpg\" \/>\n\t<meta property=\"og:image:width\" content=\"200\" \/>\n\t<meta property=\"og:image:height\" content=\"200\" \/>\n\t<meta property=\"og:image:type\" content=\"image\/jpeg\" \/>\n<meta name=\"author\" content=\"bretagne\" \/>\n<meta name=\"twitter:card\" content=\"summary_large_image\" \/>\n<meta name=\"twitter:creator\" content=\"@RE_Bretagne\" \/>\n<meta name=\"twitter:site\" content=\"@RE_Bretagne\" \/>\n<meta name=\"twitter:label1\" content=\"\u00c9crit par\" \/>\n\t<meta name=\"twitter:data1\" content=\"bretagne\" \/>\n\t<meta name=\"twitter:label2\" content=\"Dur\u00e9e de lecture estim\u00e9e\" \/>\n\t<meta name=\"twitter:data2\" content=\"1 minute\" \/>\n<script type=\"application\/ld+json\" class=\"yoast-schema-graph\">{\"@context\":\"https:\\\/\\\/schema.org\",\"@graph\":[{\"@type\":\"Article\",\"@id\":\"https:\\\/\\\/www.reseau-entreprendre.org\\\/bretagne\\\/2017\\\/12\\\/14\\\/yves-allegret\\\/#article\",\"isPartOf\":{\"@id\":\"https:\\\/\\\/www.reseau-entreprendre.org\\\/bretagne\\\/2017\\\/12\\\/14\\\/yves-allegret\\\/\"},\"author\":{\"name\":\"bretagne\",\"@id\":\"https:\\\/\\\/www.reseau-entreprendre.org\\\/bretagne\\\/#\\\/schema\\\/person\\\/1c6299543d9bd30cb3c949a995444772\"},\"headline\":\"Yves All\u00e9gret\",\"datePublished\":\"2017-12-14T13:46:33+00:00\",\"dateModified\":\"2022-04-11T15:20:19+00:00\",\"mainEntityOfPage\":{\"@id\":\"https:\\\/\\\/www.reseau-entreprendre.org\\\/bretagne\\\/2017\\\/12\\\/14\\\/yves-allegret\\\/\"},\"wordCount\":313,\"image\":{\"@id\":\"https:\\\/\\\/www.reseau-entreprendre.org\\\/bretagne\\\/2017\\\/12\\\/14\\\/yves-allegret\\\/#primaryimage\"},\"thumbnailUrl\":\"https:\\\/\\\/www.reseau-entreprendre.org\\\/bretagne\\\/wp-content\\\/uploads\\\/sites\\\/3\\\/2017\\\/12\\\/ALLEGRET-Y.jpg\",\"articleSection\":[\"T\u00e9moignages membres\"],\"inLanguage\":\"fr-FR\"},{\"@type\":\"WebPage\",\"@id\":\"https:\\\/\\\/www.reseau-entreprendre.org\\\/bretagne\\\/2017\\\/12\\\/14\\\/yves-allegret\\\/\",\"url\":\"https:\\\/\\\/www.reseau-entreprendre.org\\\/bretagne\\\/2017\\\/12\\\/14\\\/yves-allegret\\\/\",\"name\":\"Yves All\u00e9gret - R\u00e9seau Entreprendre Bretagne\",\"isPartOf\":{\"@id\":\"https:\\\/\\\/www.reseau-entreprendre.org\\\/bretagne\\\/#website\"},\"primaryImageOfPage\":{\"@id\":\"https:\\\/\\\/www.reseau-entreprendre.org\\\/bretagne\\\/2017\\\/12\\\/14\\\/yves-allegret\\\/#primaryimage\"},\"image\":{\"@id\":\"https:\\\/\\\/www.reseau-entreprendre.org\\\/bretagne\\\/2017\\\/12\\\/14\\\/yves-allegret\\\/#primaryimage\"},\"thumbnailUrl\":\"https:\\\/\\\/www.reseau-entreprendre.org\\\/bretagne\\\/wp-content\\\/uploads\\\/sites\\\/3\\\/2017\\\/12\\\/ALLEGRET-Y.jpg\",\"datePublished\":\"2017-12-14T13:46:33+00:00\",\"dateModified\":\"2022-04-11T15:20:19+00:00\",\"author\":{\"@id\":\"https:\\\/\\\/www.reseau-entreprendre.org\\\/bretagne\\\/#\\\/schema\\\/person\\\/1c6299543d9bd30cb3c949a995444772\"},\"breadcrumb\":{\"@id\":\"https:\\\/\\\/www.reseau-entreprendre.org\\\/bretagne\\\/2017\\\/12\\\/14\\\/yves-allegret\\\/#breadcrumb\"},\"inLanguage\":\"fr-FR\",\"potentialAction\":[{\"@type\":\"ReadAction\",\"target\":[\"https:\\\/\\\/www.reseau-entreprendre.org\\\/bretagne\\\/2017\\\/12\\\/14\\\/yves-allegret\\\/\"]}]},{\"@type\":\"ImageObject\",\"inLanguage\":\"fr-FR\",\"@id\":\"https:\\\/\\\/www.reseau-entreprendre.org\\\/bretagne\\\/2017\\\/12\\\/14\\\/yves-allegret\\\/#primaryimage\",\"url\":\"https:\\\/\\\/www.reseau-entreprendre.org\\\/bretagne\\\/wp-content\\\/uploads\\\/sites\\\/3\\\/2017\\\/12\\\/ALLEGRET-Y.jpg\",\"contentUrl\":\"https:\\\/\\\/www.reseau-entreprendre.org\\\/bretagne\\\/wp-content\\\/uploads\\\/sites\\\/3\\\/2017\\\/12\\\/ALLEGRET-Y.jpg\",\"width\":200,\"height\":200},{\"@type\":\"BreadcrumbList\",\"@id\":\"https:\\\/\\\/www.reseau-entreprendre.org\\\/bretagne\\\/2017\\\/12\\\/14\\\/yves-allegret\\\/#breadcrumb\",\"itemListElement\":[{\"@type\":\"ListItem\",\"position\":1,\"name\":\"Accueil\",\"item\":\"https:\\\/\\\/www.reseau-entreprendre.org\\\/bretagne\\\/\"},{\"@type\":\"ListItem\",\"position\":2,\"name\":\"Yves All\u00e9gret\"}]},{\"@type\":\"WebSite\",\"@id\":\"https:\\\/\\\/www.reseau-entreprendre.org\\\/bretagne\\\/#website\",\"url\":\"https:\\\/\\\/www.reseau-entreprendre.org\\\/bretagne\\\/\",\"name\":\"R\u00e9seau Entreprendre Bretagne\",\"description\":\"Pour cr\u00e9er des emplois, cr\u00e9ons des employeurs\",\"potentialAction\":[{\"@type\":\"SearchAction\",\"target\":{\"@type\":\"EntryPoint\",\"urlTemplate\":\"https:\\\/\\\/www.reseau-entreprendre.org\\\/bretagne\\\/?s={search_term_string}\"},\"query-input\":{\"@type\":\"PropertyValueSpecification\",\"valueRequired\":true,\"valueName\":\"search_term_string\"}}],\"inLanguage\":\"fr-FR\"},{\"@type\":\"Person\",\"@id\":\"https:\\\/\\\/www.reseau-entreprendre.org\\\/bretagne\\\/#\\\/schema\\\/person\\\/1c6299543d9bd30cb3c949a995444772\",\"name\":\"bretagne\",\"image\":{\"@type\":\"ImageObject\",\"inLanguage\":\"fr-FR\",\"@id\":\"https:\\\/\\\/secure.gravatar.com\\\/avatar\\\/92cffde2dbd036cbc8249d542d2ca21dabebd4b4db2db5ea59b98bb93e0521b9?s=96&d=mm&r=g\",\"url\":\"https:\\\/\\\/secure.gravatar.com\\\/avatar\\\/92cffde2dbd036cbc8249d542d2ca21dabebd4b4db2db5ea59b98bb93e0521b9?s=96&d=mm&r=g\",\"contentUrl\":\"https:\\\/\\\/secure.gravatar.com\\\/avatar\\\/92cffde2dbd036cbc8249d542d2ca21dabebd4b4db2db5ea59b98bb93e0521b9?s=96&d=mm&r=g\",\"caption\":\"bretagne\"},\"url\":\"https:\\\/\\\/www.reseau-entreprendre.org\\\/bretagne\\\/author\\\/bretagne\\\/\"}]}<\/script>\n<!-- \/ Yoast SEO plugin. -->","yoast_head_json":{"title":"Yves All\u00e9gret - R\u00e9seau Entreprendre Bretagne","robots":{"index":"index","follow":"follow","max-snippet":"max-snippet:-1","max-image-preview":"max-image-preview:large","max-video-preview":"max-video-preview:-1"},"canonical":"https:\/\/www.reseau-entreprendre.org\/bretagne\/2017\/12\/14\/yves-allegret\/","og_locale":"fr_FR","og_type":"article","og_title":"Yves All\u00e9gret - R\u00e9seau Entreprendre Bretagne","og_description":"La certitude que la route d\u2019accompagnement qu\u2019on propose est la meilleure.","og_url":"https:\/\/www.reseau-entreprendre.org\/bretagne\/2017\/12\/14\/yves-allegret\/","og_site_name":"R\u00e9seau Entreprendre Bretagne","article_publisher":"https:\/\/www.facebook.com\/reseauentreprendrebretagne\/","article_published_time":"2017-12-14T13:46:33+00:00","article_modified_time":"2022-04-11T15:20:19+00:00","og_image":[{"width":200,"height":200,"url":"https:\/\/www.reseau-entreprendre.org\/bretagne\/wp-content\/uploads\/sites\/3\/2017\/12\/ALLEGRET-Y.jpg","type":"image\/jpeg"}],"author":"bretagne","twitter_card":"summary_large_image","twitter_creator":"@RE_Bretagne","twitter_site":"@RE_Bretagne","twitter_misc":{"\u00c9crit par":"bretagne","Dur\u00e9e de lecture estim\u00e9e":"1 minute"},"schema":{"@context":"https:\/\/schema.org","@graph":[{"@type":"Article","@id":"https:\/\/www.reseau-entreprendre.org\/bretagne\/2017\/12\/14\/yves-allegret\/#article","isPartOf":{"@id":"https:\/\/www.reseau-entreprendre.org\/bretagne\/2017\/12\/14\/yves-allegret\/"},"author":{"name":"bretagne","@id":"https:\/\/www.reseau-entreprendre.org\/bretagne\/#\/schema\/person\/1c6299543d9bd30cb3c949a995444772"},"headline":"Yves All\u00e9gret","datePublished":"2017-12-14T13:46:33+00:00","dateModified":"2022-04-11T15:20:19+00:00","mainEntityOfPage":{"@id":"https:\/\/www.reseau-entreprendre.org\/bretagne\/2017\/12\/14\/yves-allegret\/"},"wordCount":313,"image":{"@id":"https:\/\/www.reseau-entreprendre.org\/bretagne\/2017\/12\/14\/yves-allegret\/#primaryimage"},"thumbnailUrl":"https:\/\/www.reseau-entreprendre.org\/bretagne\/wp-content\/uploads\/sites\/3\/2017\/12\/ALLEGRET-Y.jpg","articleSection":["T\u00e9moignages membres"],"inLanguage":"fr-FR"},{"@type":"WebPage","@id":"https:\/\/www.reseau-entreprendre.org\/bretagne\/2017\/12\/14\/yves-allegret\/","url":"https:\/\/www.reseau-entreprendre.org\/bretagne\/2017\/12\/14\/yves-allegret\/","name":"Yves All\u00e9gret - R\u00e9seau Entreprendre Bretagne","isPartOf":{"@id":"https:\/\/www.reseau-entreprendre.org\/bretagne\/#website"},"primaryImageOfPage":{"@id":"https:\/\/www.reseau-entreprendre.org\/bretagne\/2017\/12\/14\/yves-allegret\/#primaryimage"},"image":{"@id":"https:\/\/www.reseau-entreprendre.org\/bretagne\/2017\/12\/14\/yves-allegret\/#primaryimage"},"thumbnailUrl":"https:\/\/www.reseau-entreprendre.org\/bretagne\/wp-content\/uploads\/sites\/3\/2017\/12\/ALLEGRET-Y.jpg","datePublished":"2017-12-14T13:46:33+00:00","dateModified":"2022-04-11T15:20:19+00:00","author":{"@id":"https:\/\/www.reseau-entreprendre.org\/bretagne\/#\/schema\/person\/1c6299543d9bd30cb3c949a995444772"},"breadcrumb":{"@id":"https:\/\/www.reseau-entreprendre.org\/bretagne\/2017\/12\/14\/yves-allegret\/#breadcrumb"},"inLanguage":"fr-FR","potentialAction":[{"@type":"ReadAction","target":["https:\/\/www.reseau-entreprendre.org\/bretagne\/2017\/12\/14\/yves-allegret\/"]}]},{"@type":"ImageObject","inLanguage":"fr-FR","@id":"https:\/\/www.reseau-entreprendre.org\/bretagne\/2017\/12\/14\/yves-allegret\/#primaryimage","url":"https:\/\/www.reseau-entreprendre.org\/bretagne\/wp-content\/uploads\/sites\/3\/2017\/12\/ALLEGRET-Y.jpg","contentUrl":"https:\/\/www.reseau-entreprendre.org\/bretagne\/wp-content\/uploads\/sites\/3\/2017\/12\/ALLEGRET-Y.jpg","width":200,"height":200},{"@type":"BreadcrumbList","@id":"https:\/\/www.reseau-entreprendre.org\/bretagne\/2017\/12\/14\/yves-allegret\/#breadcrumb","itemListElement":[{"@type":"ListItem","position":1,"name":"Accueil","item":"https:\/\/www.reseau-entreprendre.org\/bretagne\/"},{"@type":"ListItem","position":2,"name":"Yves All\u00e9gret"}]},{"@type":"WebSite","@id":"https:\/\/www.reseau-entreprendre.org\/bretagne\/#website","url":"https:\/\/www.reseau-entreprendre.org\/bretagne\/","name":"R\u00e9seau Entreprendre Bretagne","description":"Pour cr\u00e9er des emplois, cr\u00e9ons des employeurs","potentialAction":[{"@type":"SearchAction","target":{"@type":"EntryPoint","urlTemplate":"https:\/\/www.reseau-entreprendre.org\/bretagne\/?s={search_term_string}"},"query-input":{"@type":"PropertyValueSpecification","valueRequired":true,"valueName":"search_term_string"}}],"inLanguage":"fr-FR"},{"@type":"Person","@id":"https:\/\/www.reseau-entreprendre.org\/bretagne\/#\/schema\/person\/1c6299543d9bd30cb3c949a995444772","name":"bretagne","image":{"@type":"ImageObject","inLanguage":"fr-FR","@id":"https:\/\/secure.gravatar.com\/avatar\/92cffde2dbd036cbc8249d542d2ca21dabebd4b4db2db5ea59b98bb93e0521b9?s=96&d=mm&r=g","url":"https:\/\/secure.gravatar.com\/avatar\/92cffde2dbd036cbc8249d542d2ca21dabebd4b4db2db5ea59b98bb93e0521b9?s=96&d=mm&r=g","contentUrl":"https:\/\/secure.gravatar.com\/avatar\/92cffde2dbd036cbc8249d542d2ca21dabebd4b4db2db5ea59b98bb93e0521b9?s=96&d=mm&r=g","caption":"bretagne"},"url":"https:\/\/www.reseau-entreprendre.org\/bretagne\/author\/bretagne\/"}]}},"_links":{"self":[{"href":"https:\/\/www.reseau-entreprendre.org\/bretagne\/wp-json\/wp\/v2\/posts\/969","targetHints":{"allow":["GET"]}}],"collection":[{"href":"https:\/\/www.reseau-entreprendre.org\/bretagne\/wp-json\/wp\/v2\/posts"}],"about":[{"href":"https:\/\/www.reseau-entreprendre.org\/bretagne\/wp-json\/wp\/v2\/types\/post"}],"author":[{"embeddable":true,"href":"https:\/\/www.reseau-entreprendre.org\/bretagne\/wp-json\/wp\/v2\/users\/3"}],"replies":[{"embeddable":true,"href":"https:\/\/www.reseau-entreprendre.org\/bretagne\/wp-json\/wp\/v2\/comments?post=969"}],"version-history":[{"count":0,"href":"https:\/\/www.reseau-entreprendre.org\/bretagne\/wp-json\/wp\/v2\/posts\/969\/revisions"}],"wp:featuredmedia":[{"embeddable":true,"href":"https:\/\/www.reseau-entreprendre.org\/bretagne\/wp-json\/wp\/v2\/media\/970"}],"wp:attachment":[{"href":"https:\/\/www.reseau-entreprendre.org\/bretagne\/wp-json\/wp\/v2\/media?parent=969"}],"wp:term":[{"taxonomy":"category","embeddable":true,"href":"https:\/\/www.reseau-entreprendre.org\/bretagne\/wp-json\/wp\/v2\/categories?post=969"},{"taxonomy":"post_tag","embeddable":true,"href":"https:\/\/www.reseau-entreprendre.org\/bretagne\/wp-json\/wp\/v2\/tags?post=969"}],"curies":[{"name":"wp","href":"https:\/\/api.w.org\/{rel}","templated":true}]}}