{"id":6129,"date":"2025-11-26T14:00:00","date_gmt":"2025-11-26T13:00:00","guid":{"rendered":"https:\/\/www.reseau-entreprendre.org\/cote-d-azur\/?p=6129"},"modified":"2026-02-24T14:45:11","modified_gmt":"2026-02-24T13:45:11","slug":"nouveaux-laureats-gwenaellethierry","status":"publish","type":"post","link":"https:\/\/www.reseau-entreprendre.org\/cote-d-azur\/2025\/11\/26\/nouveaux-laureats-gwenaellethierry\/","title":{"rendered":"Laur\u00e9ats promotion 2025 : Gwenaelle Coffinet et Thierry Petra"},"content":{"rendered":"\n<div style=\"height:32px\" aria-hidden=\"true\" class=\"wp-block-spacer\"><\/div>\n\n\n\n\n<div class=\"wp-block-image\">\n<figure class=\"aligncenter size-full is-resized\"><img loading=\"lazy\" decoding=\"async\" width=\"1050\" height=\"600\" src=\"https:\/\/www.reseau-entreprendre.org\/cote-d-azur\/wp-content\/uploads\/sites\/75\/2025\/11\/NOUVEAUX-Laureats-et-Membres.png\" alt=\"\" class=\"wp-image-6145\" style=\"width:569px;height:auto\" srcset=\"https:\/\/www.reseau-entreprendre.org\/cote-d-azur\/wp-content\/uploads\/sites\/75\/2025\/11\/NOUVEAUX-Laureats-et-Membres.png 1050w, https:\/\/www.reseau-entreprendre.org\/cote-d-azur\/wp-content\/uploads\/sites\/75\/2025\/11\/NOUVEAUX-Laureats-et-Membres-300x171.png 300w, https:\/\/www.reseau-entreprendre.org\/cote-d-azur\/wp-content\/uploads\/sites\/75\/2025\/11\/NOUVEAUX-Laureats-et-Membres-1024x585.png 1024w, https:\/\/www.reseau-entreprendre.org\/cote-d-azur\/wp-content\/uploads\/sites\/75\/2025\/11\/NOUVEAUX-Laureats-et-Membres-768x439.png 768w, https:\/\/www.reseau-entreprendre.org\/cote-d-azur\/wp-content\/uploads\/sites\/75\/2025\/11\/NOUVEAUX-Laureats-et-Membres-210x120.png 210w, https:\/\/www.reseau-entreprendre.org\/cote-d-azur\/wp-content\/uploads\/sites\/75\/2025\/11\/NOUVEAUX-Laureats-et-Membres-100x57.png 100w\" sizes=\"auto, (max-width: 1050px) 100vw, 1050px\" \/><\/figure>\n<\/div>\n\n<div data-block_2183fbf519edb78b648f30fe95b1ed52 class=\"re-highlight-type-sticker alignfull\">\n  <div class=\"sticker__wrapper d-flex text-white justify-content-center justify-content-lg-start\">\n      <div class=\"sticker\" style=\"background-color:#5f0f99\">\n        <div class=\"sticker__content\">\n          <h4>Gwenaelle Coffinet et Thierry Petra<\/h4>\n          <hr>\n          <p>\n            \n          <\/p>\n        <\/div>\n        <div class=\"mb-4\">\n          <img decoding=\"async\" src=\"https:\/\/www.reseau-entreprendre.org\/cote-d-azur\/wp-content\/themes\/reseau-entreprendre-v2\/dist\/images\/logo-white_a5d88e1d.png\"\/>\n        <\/div>  \n      <\/div> \n   \n  <\/div>\n\n  <div class=\"highlight-type__wrapper d-flex flex-column\">\n    <ul class=\"highlight-type__list pl-0 mb-0\">\n                        <li class=\"hightlight-item d-flex\">\n            <div class=\"hightlight-item__content\">\n                            <p>D\u00e9couvrez le parcours de Gwenaelle Coffinet et Thierry Petra : Margot-Sodimats<\/p>\n\n                                        <\/div>\n          <\/li>\n                  <\/ul>\n    \n    <div class=\"highlight-type__nav w-100 d-flex justify-content-end  align-self-end\">\n      <div class=\"highlight-type__pagination align-self-center pr-3\">\n        <div class=\"\">\n            <span class=\"curr\" style=\"color:#5f0f99;\"><\/span>\n            \/<span class=\"count\"><\/span>\n        <\/div>\n      <\/div>\n\n      <div class=\"highlight-type__prev slick-arrow text-white p-3\" style=\"background-color:#5f0f99;filter: brightness(115%);\">\n        <svg class=\"icon d-block\" width=\"16\" height=\"28\" viewBox=\"0 0 16 28\" fill=\"none\" xmlns=\"http:\/\/www.w3.org\/2000\/svg\">\n<path d=\"M15 1L2 14L15 27\" stroke=\"currentColor\" stroke-width=\"1.8\"\/>\n<\/svg>      <\/div>\n      <div class=\"highlight-type__next slick-arrow text-white p-3\" style=\"background-color:#5f0f99\">\n        <svg class=\"icon d-block\" width=\"16\" height=\"28\" viewBox=\"0 0 16 28\" fill=\"none\" xmlns=\"http:\/\/www.w3.org\/2000\/svg\">\n<path d=\"M1 1L14 14L1 27\" stroke=\"currentColor\" stroke-width=\"1.8\"\/>\n<\/svg>      <\/div>\n    <\/div>\n  <\/div>\n<\/div>\n\n\n\n<div style=\"height:16px\" aria-hidden=\"true\" class=\"wp-block-spacer\"><\/div>\n\n\n\n<p><\/p>\n\n\n\n<p><mark class=\"has-inline-color has-re-blue-color\"><strong>Quel est votre parcours personnel et professionnel ?<\/strong><\/mark><\/p>\n\n\n\n<p style=\"font-size:16px\">Gwenaelle : J\u2019ai un parcours orient\u00e9 d\u00e9veloppement commercial et gestion d\u2019\u00e9quipes. J\u2019ai toujours \u00e9volu\u00e9 dans des environnements PME, o\u00f9 la relation client, la r\u00e9activit\u00e9 et la pr\u00e9sence sur le terrain sont essentielles.<\/p>\n\n\n\n<p style=\"font-size:16px\">Mon associ\u00e9 Thierry dispose, quant \u00e0 lui, d\u2019une solide exp\u00e9rience technique et en gestion d\u2019entreprise. Nous avons tous les deux \u00e9volu\u00e9 dans des univers o\u00f9 la maintenance du mat\u00e9riel \u00e9tait directement li\u00e9e \u00e0 la satisfaction client.<\/p>\n\n\n\n<p style=\"font-size:16px\">Dans les m\u00e9tiers de la restauration, l\u2019enjeu est clair : une panne peut emp\u00eacher un \u00e9tablissement de travailler. La continuit\u00e9 de service, et donc la capacit\u00e9 \u00e0 intervenir rapidement pour ne pas interrompre l\u2019activit\u00e9 d\u2019un restaurateur, est aujourd\u2019hui au c\u0153ur de notre savoir-faire.<\/p>\n\n\n\n<p style=\"font-size:16px\">Aujourd\u2019hui, nous dirigeons ensemble la soci\u00e9t\u00e9 Margot SODIMATS, sp\u00e9cialis\u00e9e dans la fourniture, l\u2019installation et la maintenance de mat\u00e9riel de cuisine professionnelle pour les m\u00e9tiers de la restauration : restaurants, h\u00f4tels, snacks, boulangeries et collectivit\u00e9s.<\/p>\n\n\n\n<p style=\"font-size:16px\">Mon r\u00f4le est tr\u00e8s transversal : d\u00e9veloppement commercial, structuration interne, communication et accompagnement des clients dans leurs projets de cuisines professionnelles. Nous intervenons aussi bien sur des cr\u00e9ations de restaurants que sur le renouvellement d\u2019\u00e9quipements CHR existants, avec une forte dimension de conseil technique.<\/p>\n\n\n\n<div style=\"height:30px\" aria-hidden=\"true\" class=\"wp-block-spacer\"><\/div>\n\n\n\n<p><mark class=\"has-inline-color has-re-blue-color\"><strong>Comment vous est venue l\u2019id\u00e9e de reprendre Margot SODIMATS ?<\/strong><\/mark><\/p>\n\n\n\n<p style=\"font-size:16px\">Nous souhaitions entreprendre, mais sans partir de z\u00e9ro. La reprise d\u2019entreprise permet de s\u2019appuyer sur une \u00e9quipe, un savoir-faire et une client\u00e8le existante.<\/p>\n\n\n\n<p style=\"font-size:16px\">Nous avons d\u00e9couvert SODIMATS dans le cadre d\u2019un projet de reprise. L\u2019entreprise pr\u00e9sentait un r\u00e9el potentiel : une \u00e9quipe technique comp\u00e9tente, un portefeuille de restaurateurs fid\u00e8les et un m\u00e9tier indispensable. Un restaurant peut fonctionner sans marketing pendant quelques jours, mais pas sans chambre froide, sans cuisson ou sans laverie professionnelle.<\/p>\n\n\n\n<p style=\"font-size:16px\">Le secteur de l\u2019\u00e9quipement de cuisine professionnelle nous a rapidement convaincus. C\u2019est un march\u00e9 concret, utile et local. Les restaurateurs ont besoin d\u2019un partenaire de proximit\u00e9 capable d\u2019installer, de d\u00e9panner et de maintenir leur mat\u00e9riel rapidement. Nous avons vu l\u2019opportunit\u00e9 de relancer l\u2019entreprise en modernisant l\u2019organisation, la communication digitale et la qualit\u00e9 de service. <\/p>\n\n\n\n<p style=\"font-size:16px\"><\/p>\n\n\n\n<div style=\"height:22px\" aria-hidden=\"true\" class=\"wp-block-spacer\"><\/div>\n\n\n\n<p><mark class=\"has-inline-color has-re-blue-color\"><mark class=\"has-inline-color has-re-blue-color\"><strong>Pourquoi entreprendre, quel a \u00e9t\u00e9 l&#8217;\u00e9l\u00e9ment d\u00e9clencheur ?<\/strong><\/mark><\/mark><\/p>\n\n\n\n<p style=\"font-size:16px\">L\u2019envie d\u2019entreprendre vient souvent progressivement. Pour moi, le d\u00e9clic a \u00e9t\u00e9 la volont\u00e9 de ma\u00eetriser les d\u00e9cisions et de construire un projet dans la dur\u00e9e. On passe beaucoup de temps \u00e0 travailler : autant le consacrer \u00e0 d\u00e9velopper un projet qui a du sens.<\/p>\n\n\n\n<p style=\"font-size:16px\">La reprise a \u00e9t\u00e9 l\u2019\u00e9l\u00e9ment d\u00e9clencheur. Elle permet d\u2019allier s\u00e9curisation et ambition : on reprend une entreprise existante, avec des salari\u00e9s et des clients, tout en lui donnant une nouvelle trajectoire.<\/p>\n\n\n\n<p style=\"font-size:16px\">Il y avait \u00e9galement une dimension personnelle importante : l\u2019envie de porter ce projet avec un associ\u00e9 de confiance, partageant les m\u00eames valeurs de travail, d\u2019engagement et de responsabilit\u00e9 vis-\u00e0-vis des \u00e9quipes et des clients.<\/p>\n\n\n\n<p style=\"font-size:16px\">Nous avons aussi \u00e9t\u00e9 sensibles \u00e0 l\u2019impact local : pr\u00e9server des emplois techniques qualifi\u00e9s et accompagner les professionnels de la restauration dans leur activit\u00e9 quotidienne. Installer une cuisine professionnelle ou d\u00e9panner un four en urgence n\u2019est pas anodin : cela permet \u00e0 un restaurateur d\u2019ouvrir son \u00e9tablissement et de travailler.<\/p>\n\n\n\n<div style=\"height:14px\" aria-hidden=\"true\" class=\"wp-block-spacer\"><\/div>\n\n\n\n<div class=\"wp-block-columns is-layout-flex wp-container-core-columns-is-layout-9d6595d7 wp-block-columns-is-layout-flex\">\n<div class=\"wp-block-column is-layout-flow wp-block-column-is-layout-flow\"><div class=\"wp-block-image\">\n<figure class=\"alignright size-large is-resized\"><img loading=\"lazy\" decoding=\"async\" width=\"1024\" height=\"1024\" src=\"https:\/\/www.reseau-entreprendre.org\/cote-d-azur\/wp-content\/uploads\/sites\/75\/2025\/11\/Equipe-Sodimats-2-1024x1024.jpg\" alt=\"\" class=\"wp-image-6148\" style=\"width:302px;height:auto\" srcset=\"https:\/\/www.reseau-entreprendre.org\/cote-d-azur\/wp-content\/uploads\/sites\/75\/2025\/11\/Equipe-Sodimats-2-1024x1024.jpg 1024w, https:\/\/www.reseau-entreprendre.org\/cote-d-azur\/wp-content\/uploads\/sites\/75\/2025\/11\/Equipe-Sodimats-2-300x300.jpg 300w, https:\/\/www.reseau-entreprendre.org\/cote-d-azur\/wp-content\/uploads\/sites\/75\/2025\/11\/Equipe-Sodimats-2-150x150.jpg 150w, https:\/\/www.reseau-entreprendre.org\/cote-d-azur\/wp-content\/uploads\/sites\/75\/2025\/11\/Equipe-Sodimats-2-768x768.jpg 768w, https:\/\/www.reseau-entreprendre.org\/cote-d-azur\/wp-content\/uploads\/sites\/75\/2025\/11\/Equipe-Sodimats-2-500x500.jpg 500w, https:\/\/www.reseau-entreprendre.org\/cote-d-azur\/wp-content\/uploads\/sites\/75\/2025\/11\/Equipe-Sodimats-2-130x130.jpg 130w, https:\/\/www.reseau-entreprendre.org\/cote-d-azur\/wp-content\/uploads\/sites\/75\/2025\/11\/Equipe-Sodimats-2-100x100.jpg 100w, https:\/\/www.reseau-entreprendre.org\/cote-d-azur\/wp-content\/uploads\/sites\/75\/2025\/11\/Equipe-Sodimats-2.jpg 1080w\" sizes=\"auto, (max-width: 1024px) 100vw, 1024px\" \/><\/figure>\n<\/div><\/div>\n\n\n\n<div class=\"wp-block-column is-layout-flow wp-block-column-is-layout-flow\"><div class=\"wp-block-image\">\n<figure class=\"alignleft size-large is-resized\"><img loading=\"lazy\" decoding=\"async\" width=\"1024\" height=\"768\" src=\"https:\/\/www.reseau-entreprendre.org\/cote-d-azur\/wp-content\/uploads\/sites\/75\/2025\/11\/Locaux-Showroom-2-1024x768.jpg\" alt=\"\" class=\"wp-image-6150\" style=\"width:359px;height:auto\" srcset=\"https:\/\/www.reseau-entreprendre.org\/cote-d-azur\/wp-content\/uploads\/sites\/75\/2025\/11\/Locaux-Showroom-2-1024x768.jpg 1024w, https:\/\/www.reseau-entreprendre.org\/cote-d-azur\/wp-content\/uploads\/sites\/75\/2025\/11\/Locaux-Showroom-2-300x225.jpg 300w, https:\/\/www.reseau-entreprendre.org\/cote-d-azur\/wp-content\/uploads\/sites\/75\/2025\/11\/Locaux-Showroom-2-768x576.jpg 768w, https:\/\/www.reseau-entreprendre.org\/cote-d-azur\/wp-content\/uploads\/sites\/75\/2025\/11\/Locaux-Showroom-2-1536x1152.jpg 1536w, https:\/\/www.reseau-entreprendre.org\/cote-d-azur\/wp-content\/uploads\/sites\/75\/2025\/11\/Locaux-Showroom-2-173x130.jpg 173w, https:\/\/www.reseau-entreprendre.org\/cote-d-azur\/wp-content\/uploads\/sites\/75\/2025\/11\/Locaux-Showroom-2-100x75.jpg 100w, https:\/\/www.reseau-entreprendre.org\/cote-d-azur\/wp-content\/uploads\/sites\/75\/2025\/11\/Locaux-Showroom-2.jpg 2048w\" sizes=\"auto, (max-width: 1024px) 100vw, 1024px\" \/><\/figure>\n<\/div><\/div>\n<\/div>\n\n\n\n<div style=\"height:17px\" aria-hidden=\"true\" class=\"wp-block-spacer\"><\/div>\n\n\n\n<p><mark class=\"has-inline-color has-re-blue-color\"><strong>Quels ont \u00e9t\u00e9 les plus grands d\u00e9fis lors de la reprise ?<\/strong><\/mark><\/p>\n\n\n\n<p style=\"font-size:16px\">Le principal d\u00e9fi a \u00e9t\u00e9 la phase post-reprise. Une reprise d\u2019entreprise n\u2019est pas qu\u2019un projet financier : c\u2019est un projet humain, organisationnel et op\u00e9rationnel imm\u00e9diat.<\/p>\n\n\n\n<p style=\"font-size:16px\">Nous avons repris la soci\u00e9t\u00e9 \u00e0 une p\u00e9riode particuli\u00e8rement critique du calendrier. Le secteur de la restauration fonctionne par saisonnalit\u00e9, et la reprise est intervenue en basse saison, donc dans une p\u00e9riode financi\u00e8rement plus tendue pour l\u2019activit\u00e9.<\/p>\n\n\n\n<p style=\"font-size:16px\">En parall\u00e8le, un agenda exigeant s\u2019imposait \u00e0 nous : pr\u00e9parer la nouvelle saison commerciale, reconstruire un catalogue produits complet et organiser notre participation au salon professionnel AGECOTEL, incontournable pour rencontrer les restaurateurs de la r\u00e9gion. Dans le m\u00eame temps, nous devions recruter des profils techniques indispensables pour assurer le service apr\u00e8s-vente et les installations. Tout cela a d\u00fb \u00eatre men\u00e9 de front en \u00e0 peine trois mois.<\/p>\n\n\n\n<p style=\"font-size:16px\">Il a \u00e9galement fallu reprendre rapidement les relations avec les fournisseurs, rassurer les clients restaurateurs et structurer l\u2019entreprise. Dans notre secteur, le service apr\u00e8s-vente est critique : une panne de chambre froide ou de lave-vaisselle professionnel peut bloquer l\u2019activit\u00e9 d\u2019un restaurant.<\/p>\n\n\n\n<p style=\"font-size:16px\">Nous avons donc travaill\u00e9 en priorit\u00e9 sur la continuit\u00e9 de service, la r\u00e9organisation interne, la communication avec les clients et la modernisation de l\u2019entreprise (site internet, outils, image de marque).<\/p>\n\n\n\n<p style=\"font-size:16px\">Le d\u00e9fi a aussi \u00e9t\u00e9 personnel : passer du r\u00f4le de cadre \u00e0 celui de dirigeant implique d\u2019assumer l\u2019ensemble des d\u00e9cisions et des arbitrages, souvent dans des d\u00e9lais courts.<\/p>\n\n\n\n<div style=\"height:23px\" aria-hidden=\"true\" class=\"wp-block-spacer\"><\/div>\n\n\n\n<p><mark class=\"has-inline-color has-re-blue-color\"><strong>Qu\u2019attendez-vous de l\u2019accompagnement de R\u00e9seau Entreprendre C\u00f4te d\u2019Azur ?&nbsp;<\/strong><\/mark><\/p>\n\n\n\n<p style=\"font-size:16px\">Le R\u00e9seau Entreprendre C\u00f4te d\u2019Azur nous apporte d\u00e9j\u00e0 beaucoup : deux parrains chefs d\u2019entreprise exp\u00e9riment\u00e9s, du recul strat\u00e9gique et un r\u00e9seau d\u2019entrepreneurs locaux.<\/p>\n\n\n\n<p style=\"font-size:16px\">Lors d\u2019une reprise, il faut prendre rapidement des d\u00e9cisions importantes : recrutement, investissements, organisation, d\u00e9veloppement commercial. Le parrainage permet d\u2019\u00e9changer avec quelqu\u2019un qui a d\u00e9j\u00e0 v\u00e9cu ces situations.<\/p>\n\n\n\n<p style=\"font-size:16px\">Au-del\u00e0 du financement, l\u2019accompagnement est essentiel. L\u2019entrepreneur peut vite se sentir isol\u00e9. Pouvoir partager ses probl\u00e9matiques avec d\u2019autres dirigeants, confronter ses id\u00e9es et \u00e9viter certaines erreurs constitue un v\u00e9ritable levier de s\u00e9curisation du projet.<\/p>\n\n\n\n<div style=\"height:22px\" aria-hidden=\"true\" class=\"wp-block-spacer\"><\/div>\n\n\n\n<p><mark class=\"has-inline-color has-re-blue-color\"><strong>Quels conseils donneriez-vous \u00e0 quelqu\u2019un qui h\u00e9site \u00e0 se lancer dans l\u2019entrepreneuriat ?<\/strong><\/mark><\/p>\n\n\n\n<p style=\"font-size:16px\">D\u2019abord, ne pas rester seul. \u00catre accompagn\u00e9 change tout : r\u00e9seau, mentor, experts, partenaires financiers. L\u2019entrepreneuriat est exigeant, mais beaucoup moins risqu\u00e9 lorsqu\u2019il est pr\u00e9par\u00e9.<\/p>\n\n\n\n<p style=\"font-size:16px\">Ensuite, bien choisir son projet. Il faut comprendre le m\u00e9tier, le march\u00e9 et surtout les besoins des clients. Une entreprise fonctionne lorsqu\u2019elle apporte une solution concr\u00e8te. Dans notre cas, aider un restaurateur \u00e0 \u00e9quiper ou maintenir sa cuisine professionnelle r\u00e9pond \u00e0 un besoin quotidien.<\/p>\n\n\n\n<p style=\"font-size:16px\">Enfin, accepter qu\u2019il n\u2019existe jamais de moment parfait. On n\u2019est jamais totalement pr\u00eat. L\u2019important est d\u2019avoir une vision, de la d\u00e9termination et la capacit\u00e9 d\u2019apprendre rapidement.<\/p>\n\n\n\n<p style=\"font-size:16px\">Entreprendre, c\u2019est accepter la difficult\u00e9 pour construire une entreprise utile, pour ses \u00e9quipes, ses clients et son territoire. Et c\u2019est pr\u00e9cis\u00e9ment ce qui rend l\u2019exp\u00e9rience si enrichissante.<\/p>\n\n\n\n<div style=\"height:25px\" aria-hidden=\"true\" class=\"wp-block-spacer\"><\/div>\n\n\n\n<div class=\"wp-block-buttons is-content-justification-center is-layout-flex wp-container-core-buttons-is-layout-16018d1d wp-block-buttons-is-layout-flex\">\n<div class=\"wp-block-button is-style-fill\"><a class=\"wp-block-button__link has-re-blue-background-color has-text-color has-background has-link-color wp-element-button\" href=\"https:\/\/sodimats.com\" style=\"color:#000000\" target=\"_blank\" rel=\"noreferrer noopener\"><strong>En savoir plus sur Margot-Sodimats<\/strong><\/a><\/div>\n<\/div>\n\n\n\n<p><\/p>\n","protected":false},"excerpt":{"rendered":"<p>Quel est votre parcours personnel et professionnel ? Gwenaelle :<\/p>\n","protected":false},"author":13,"featured_media":6145,"comment_status":"closed","ping_status":"closed","sticky":false,"template":"","format":"standard","meta":{"_acf_changed":false,"_monsterinsights_skip_tracking":false,"_monsterinsights_sitenote_active":false,"_monsterinsights_sitenote_note":"","_monsterinsights_sitenote_category":0,"footnotes":""},"categories":[4,20],"tags":[],"class_list":["post-6129","post","type-post","status-publish","format-standard","has-post-thumbnail","hentry","category-actualites","category-laureat","news",null],"acf":[],"yoast_head":"<!-- This site is optimized with the Yoast SEO plugin v27.4 - https:\/\/yoast.com\/product\/yoast-seo-wordpress\/ -->\n<title>Laur\u00e9ats promotion 2025 : Gwenaelle Coffinet et Thierry Petra - R\u00e9seau Entreprendre C\u00f4te d&#039;Azur<\/title>\n<meta name=\"description\" content=\"D\u00e9couvrez le parcours de Adrien Salaun et Emmanuel Chichignoud, Laur\u00e9ats 2023 R\u00e9seau Entreprendre C\u00f4te d&#039;Azur.\" \/>\n<meta name=\"robots\" content=\"index, follow, max-snippet:-1, max-image-preview:large, max-video-preview:-1\" \/>\n<link rel=\"canonical\" href=\"https:\/\/www.reseau-entreprendre.org\/cote-d-azur\/2025\/11\/26\/nouveaux-laureats-gwenaellethierry\/\" \/>\n<meta property=\"og:locale\" content=\"fr_FR\" \/>\n<meta property=\"og:type\" content=\"article\" \/>\n<meta property=\"og:title\" content=\"Laur\u00e9ats promotion 2025 : Gwenaelle Coffinet et Thierry Petra - R\u00e9seau Entreprendre C\u00f4te d&#039;Azur\" \/>\n<meta property=\"og:description\" content=\"D\u00e9couvrez le parcours de Adrien Salaun et Emmanuel Chichignoud, Laur\u00e9ats 2023 R\u00e9seau Entreprendre C\u00f4te d&#039;Azur.\" \/>\n<meta property=\"og:url\" content=\"https:\/\/www.reseau-entreprendre.org\/cote-d-azur\/2025\/11\/26\/nouveaux-laureats-gwenaellethierry\/\" \/>\n<meta property=\"og:site_name\" content=\"R\u00e9seau Entreprendre C\u00f4te d&#039;Azur\" \/>\n<meta property=\"article:published_time\" content=\"2025-11-26T13:00:00+00:00\" \/>\n<meta property=\"article:modified_time\" content=\"2026-02-24T13:45:11+00:00\" \/>\n<meta property=\"og:image\" content=\"https:\/\/www.reseau-entreprendre.org\/cote-d-azur\/wp-content\/uploads\/sites\/75\/2025\/11\/NOUVEAUX-Laureats-et-Membres.png\" \/>\n\t<meta property=\"og:image:width\" content=\"1050\" \/>\n\t<meta property=\"og:image:height\" content=\"600\" \/>\n\t<meta property=\"og:image:type\" content=\"image\/png\" \/>\n<meta name=\"author\" content=\"cotedazur\" \/>\n<meta name=\"twitter:card\" content=\"summary_large_image\" \/>\n<meta name=\"twitter:label1\" content=\"\u00c9crit par\" \/>\n\t<meta name=\"twitter:data1\" content=\"cotedazur\" \/>\n\t<meta name=\"twitter:label2\" content=\"Dur\u00e9e de lecture estim\u00e9e\" \/>\n\t<meta name=\"twitter:data2\" content=\"6 minutes\" \/>\n<script type=\"application\/ld+json\" class=\"yoast-schema-graph\">{\"@context\":\"https:\\\/\\\/schema.org\",\"@graph\":[{\"@type\":\"Article\",\"@id\":\"https:\\\/\\\/www.reseau-entreprendre.org\\\/cote-d-azur\\\/2025\\\/11\\\/26\\\/nouveaux-laureats-gwenaellethierry\\\/#article\",\"isPartOf\":{\"@id\":\"https:\\\/\\\/www.reseau-entreprendre.org\\\/cote-d-azur\\\/2025\\\/11\\\/26\\\/nouveaux-laureats-gwenaellethierry\\\/\"},\"author\":{\"name\":\"cotedazur\",\"@id\":\"https:\\\/\\\/www.reseau-entreprendre.org\\\/cote-d-azur\\\/#\\\/schema\\\/person\\\/0294acea63e3ebcf8e02e735e2adc8ce\"},\"headline\":\"Laur\u00e9ats promotion 2025 : Gwenaelle Coffinet et Thierry Petra\",\"datePublished\":\"2025-11-26T13:00:00+00:00\",\"dateModified\":\"2026-02-24T13:45:11+00:00\",\"mainEntityOfPage\":{\"@id\":\"https:\\\/\\\/www.reseau-entreprendre.org\\\/cote-d-azur\\\/2025\\\/11\\\/26\\\/nouveaux-laureats-gwenaellethierry\\\/\"},\"wordCount\":1116,\"image\":{\"@id\":\"https:\\\/\\\/www.reseau-entreprendre.org\\\/cote-d-azur\\\/2025\\\/11\\\/26\\\/nouveaux-laureats-gwenaellethierry\\\/#primaryimage\"},\"thumbnailUrl\":\"https:\\\/\\\/www.reseau-entreprendre.org\\\/cote-d-azur\\\/wp-content\\\/uploads\\\/sites\\\/75\\\/2025\\\/11\\\/NOUVEAUX-Laureats-et-Membres.png\",\"articleSection\":[\"Actualit\u00e9s\",\"Laur\u00e9ats\"],\"inLanguage\":\"fr-FR\"},{\"@type\":\"WebPage\",\"@id\":\"https:\\\/\\\/www.reseau-entreprendre.org\\\/cote-d-azur\\\/2025\\\/11\\\/26\\\/nouveaux-laureats-gwenaellethierry\\\/\",\"url\":\"https:\\\/\\\/www.reseau-entreprendre.org\\\/cote-d-azur\\\/2025\\\/11\\\/26\\\/nouveaux-laureats-gwenaellethierry\\\/\",\"name\":\"Laur\u00e9ats promotion 2025 : Gwenaelle Coffinet et Thierry Petra - R\u00e9seau Entreprendre C\u00f4te d&#039;Azur\",\"isPartOf\":{\"@id\":\"https:\\\/\\\/www.reseau-entreprendre.org\\\/cote-d-azur\\\/#website\"},\"primaryImageOfPage\":{\"@id\":\"https:\\\/\\\/www.reseau-entreprendre.org\\\/cote-d-azur\\\/2025\\\/11\\\/26\\\/nouveaux-laureats-gwenaellethierry\\\/#primaryimage\"},\"image\":{\"@id\":\"https:\\\/\\\/www.reseau-entreprendre.org\\\/cote-d-azur\\\/2025\\\/11\\\/26\\\/nouveaux-laureats-gwenaellethierry\\\/#primaryimage\"},\"thumbnailUrl\":\"https:\\\/\\\/www.reseau-entreprendre.org\\\/cote-d-azur\\\/wp-content\\\/uploads\\\/sites\\\/75\\\/2025\\\/11\\\/NOUVEAUX-Laureats-et-Membres.png\",\"datePublished\":\"2025-11-26T13:00:00+00:00\",\"dateModified\":\"2026-02-24T13:45:11+00:00\",\"author\":{\"@id\":\"https:\\\/\\\/www.reseau-entreprendre.org\\\/cote-d-azur\\\/#\\\/schema\\\/person\\\/0294acea63e3ebcf8e02e735e2adc8ce\"},\"description\":\"D\u00e9couvrez le parcours de Adrien Salaun et Emmanuel Chichignoud, Laur\u00e9ats 2023 R\u00e9seau Entreprendre C\u00f4te d'Azur.\",\"breadcrumb\":{\"@id\":\"https:\\\/\\\/www.reseau-entreprendre.org\\\/cote-d-azur\\\/2025\\\/11\\\/26\\\/nouveaux-laureats-gwenaellethierry\\\/#breadcrumb\"},\"inLanguage\":\"fr-FR\",\"potentialAction\":[{\"@type\":\"ReadAction\",\"target\":[\"https:\\\/\\\/www.reseau-entreprendre.org\\\/cote-d-azur\\\/2025\\\/11\\\/26\\\/nouveaux-laureats-gwenaellethierry\\\/\"]}]},{\"@type\":\"ImageObject\",\"inLanguage\":\"fr-FR\",\"@id\":\"https:\\\/\\\/www.reseau-entreprendre.org\\\/cote-d-azur\\\/2025\\\/11\\\/26\\\/nouveaux-laureats-gwenaellethierry\\\/#primaryimage\",\"url\":\"https:\\\/\\\/www.reseau-entreprendre.org\\\/cote-d-azur\\\/wp-content\\\/uploads\\\/sites\\\/75\\\/2025\\\/11\\\/NOUVEAUX-Laureats-et-Membres.png\",\"contentUrl\":\"https:\\\/\\\/www.reseau-entreprendre.org\\\/cote-d-azur\\\/wp-content\\\/uploads\\\/sites\\\/75\\\/2025\\\/11\\\/NOUVEAUX-Laureats-et-Membres.png\",\"width\":1050,\"height\":600},{\"@type\":\"BreadcrumbList\",\"@id\":\"https:\\\/\\\/www.reseau-entreprendre.org\\\/cote-d-azur\\\/2025\\\/11\\\/26\\\/nouveaux-laureats-gwenaellethierry\\\/#breadcrumb\",\"itemListElement\":[{\"@type\":\"ListItem\",\"position\":1,\"name\":\"Accueil\",\"item\":\"https:\\\/\\\/www.reseau-entreprendre.org\\\/cote-d-azur\\\/\"},{\"@type\":\"ListItem\",\"position\":2,\"name\":\"Laur\u00e9ats promotion 2025 : Gwenaelle Coffinet et Thierry Petra\"}]},{\"@type\":\"WebSite\",\"@id\":\"https:\\\/\\\/www.reseau-entreprendre.org\\\/cote-d-azur\\\/#website\",\"url\":\"https:\\\/\\\/www.reseau-entreprendre.org\\\/cote-d-azur\\\/\",\"name\":\"R\u00e9seau Entreprendre C\u00f4te d&#039;Azur\",\"description\":\"Les sites de R\u00e9seau Entreprendre\",\"potentialAction\":[{\"@type\":\"SearchAction\",\"target\":{\"@type\":\"EntryPoint\",\"urlTemplate\":\"https:\\\/\\\/www.reseau-entreprendre.org\\\/cote-d-azur\\\/?s={search_term_string}\"},\"query-input\":{\"@type\":\"PropertyValueSpecification\",\"valueRequired\":true,\"valueName\":\"search_term_string\"}}],\"inLanguage\":\"fr-FR\"},{\"@type\":\"Person\",\"@id\":\"https:\\\/\\\/www.reseau-entreprendre.org\\\/cote-d-azur\\\/#\\\/schema\\\/person\\\/0294acea63e3ebcf8e02e735e2adc8ce\",\"name\":\"cotedazur\",\"image\":{\"@type\":\"ImageObject\",\"inLanguage\":\"fr-FR\",\"@id\":\"https:\\\/\\\/secure.gravatar.com\\\/avatar\\\/7a9946209f83cbad74142e858fbf2da2d49037f5cd6f8548410ca42e41259401?s=96&d=mm&r=g\",\"url\":\"https:\\\/\\\/secure.gravatar.com\\\/avatar\\\/7a9946209f83cbad74142e858fbf2da2d49037f5cd6f8548410ca42e41259401?s=96&d=mm&r=g\",\"contentUrl\":\"https:\\\/\\\/secure.gravatar.com\\\/avatar\\\/7a9946209f83cbad74142e858fbf2da2d49037f5cd6f8548410ca42e41259401?s=96&d=mm&r=g\",\"caption\":\"cotedazur\"},\"url\":\"https:\\\/\\\/www.reseau-entreprendre.org\\\/cote-d-azur\\\/author\\\/cotedazur\\\/\"}]}<\/script>\n<!-- \/ Yoast SEO plugin. -->","yoast_head_json":{"title":"Laur\u00e9ats promotion 2025 : Gwenaelle Coffinet et Thierry Petra - R\u00e9seau Entreprendre C\u00f4te d&#039;Azur","description":"D\u00e9couvrez le parcours de Adrien Salaun et Emmanuel Chichignoud, Laur\u00e9ats 2023 R\u00e9seau Entreprendre C\u00f4te d'Azur.","robots":{"index":"index","follow":"follow","max-snippet":"max-snippet:-1","max-image-preview":"max-image-preview:large","max-video-preview":"max-video-preview:-1"},"canonical":"https:\/\/www.reseau-entreprendre.org\/cote-d-azur\/2025\/11\/26\/nouveaux-laureats-gwenaellethierry\/","og_locale":"fr_FR","og_type":"article","og_title":"Laur\u00e9ats promotion 2025 : Gwenaelle Coffinet et Thierry Petra - R\u00e9seau Entreprendre C\u00f4te d&#039;Azur","og_description":"D\u00e9couvrez le parcours de Adrien Salaun et Emmanuel Chichignoud, Laur\u00e9ats 2023 R\u00e9seau Entreprendre C\u00f4te d'Azur.","og_url":"https:\/\/www.reseau-entreprendre.org\/cote-d-azur\/2025\/11\/26\/nouveaux-laureats-gwenaellethierry\/","og_site_name":"R\u00e9seau Entreprendre C\u00f4te d&#039;Azur","article_published_time":"2025-11-26T13:00:00+00:00","article_modified_time":"2026-02-24T13:45:11+00:00","og_image":[{"width":1050,"height":600,"url":"https:\/\/www.reseau-entreprendre.org\/cote-d-azur\/wp-content\/uploads\/sites\/75\/2025\/11\/NOUVEAUX-Laureats-et-Membres.png","type":"image\/png"}],"author":"cotedazur","twitter_card":"summary_large_image","twitter_misc":{"\u00c9crit par":"cotedazur","Dur\u00e9e de lecture estim\u00e9e":"6 minutes"},"schema":{"@context":"https:\/\/schema.org","@graph":[{"@type":"Article","@id":"https:\/\/www.reseau-entreprendre.org\/cote-d-azur\/2025\/11\/26\/nouveaux-laureats-gwenaellethierry\/#article","isPartOf":{"@id":"https:\/\/www.reseau-entreprendre.org\/cote-d-azur\/2025\/11\/26\/nouveaux-laureats-gwenaellethierry\/"},"author":{"name":"cotedazur","@id":"https:\/\/www.reseau-entreprendre.org\/cote-d-azur\/#\/schema\/person\/0294acea63e3ebcf8e02e735e2adc8ce"},"headline":"Laur\u00e9ats promotion 2025 : Gwenaelle Coffinet et Thierry Petra","datePublished":"2025-11-26T13:00:00+00:00","dateModified":"2026-02-24T13:45:11+00:00","mainEntityOfPage":{"@id":"https:\/\/www.reseau-entreprendre.org\/cote-d-azur\/2025\/11\/26\/nouveaux-laureats-gwenaellethierry\/"},"wordCount":1116,"image":{"@id":"https:\/\/www.reseau-entreprendre.org\/cote-d-azur\/2025\/11\/26\/nouveaux-laureats-gwenaellethierry\/#primaryimage"},"thumbnailUrl":"https:\/\/www.reseau-entreprendre.org\/cote-d-azur\/wp-content\/uploads\/sites\/75\/2025\/11\/NOUVEAUX-Laureats-et-Membres.png","articleSection":["Actualit\u00e9s","Laur\u00e9ats"],"inLanguage":"fr-FR"},{"@type":"WebPage","@id":"https:\/\/www.reseau-entreprendre.org\/cote-d-azur\/2025\/11\/26\/nouveaux-laureats-gwenaellethierry\/","url":"https:\/\/www.reseau-entreprendre.org\/cote-d-azur\/2025\/11\/26\/nouveaux-laureats-gwenaellethierry\/","name":"Laur\u00e9ats promotion 2025 : Gwenaelle Coffinet et Thierry Petra - R\u00e9seau Entreprendre C\u00f4te d&#039;Azur","isPartOf":{"@id":"https:\/\/www.reseau-entreprendre.org\/cote-d-azur\/#website"},"primaryImageOfPage":{"@id":"https:\/\/www.reseau-entreprendre.org\/cote-d-azur\/2025\/11\/26\/nouveaux-laureats-gwenaellethierry\/#primaryimage"},"image":{"@id":"https:\/\/www.reseau-entreprendre.org\/cote-d-azur\/2025\/11\/26\/nouveaux-laureats-gwenaellethierry\/#primaryimage"},"thumbnailUrl":"https:\/\/www.reseau-entreprendre.org\/cote-d-azur\/wp-content\/uploads\/sites\/75\/2025\/11\/NOUVEAUX-Laureats-et-Membres.png","datePublished":"2025-11-26T13:00:00+00:00","dateModified":"2026-02-24T13:45:11+00:00","author":{"@id":"https:\/\/www.reseau-entreprendre.org\/cote-d-azur\/#\/schema\/person\/0294acea63e3ebcf8e02e735e2adc8ce"},"description":"D\u00e9couvrez le parcours de Adrien Salaun et Emmanuel Chichignoud, Laur\u00e9ats 2023 R\u00e9seau Entreprendre C\u00f4te d'Azur.","breadcrumb":{"@id":"https:\/\/www.reseau-entreprendre.org\/cote-d-azur\/2025\/11\/26\/nouveaux-laureats-gwenaellethierry\/#breadcrumb"},"inLanguage":"fr-FR","potentialAction":[{"@type":"ReadAction","target":["https:\/\/www.reseau-entreprendre.org\/cote-d-azur\/2025\/11\/26\/nouveaux-laureats-gwenaellethierry\/"]}]},{"@type":"ImageObject","inLanguage":"fr-FR","@id":"https:\/\/www.reseau-entreprendre.org\/cote-d-azur\/2025\/11\/26\/nouveaux-laureats-gwenaellethierry\/#primaryimage","url":"https:\/\/www.reseau-entreprendre.org\/cote-d-azur\/wp-content\/uploads\/sites\/75\/2025\/11\/NOUVEAUX-Laureats-et-Membres.png","contentUrl":"https:\/\/www.reseau-entreprendre.org\/cote-d-azur\/wp-content\/uploads\/sites\/75\/2025\/11\/NOUVEAUX-Laureats-et-Membres.png","width":1050,"height":600},{"@type":"BreadcrumbList","@id":"https:\/\/www.reseau-entreprendre.org\/cote-d-azur\/2025\/11\/26\/nouveaux-laureats-gwenaellethierry\/#breadcrumb","itemListElement":[{"@type":"ListItem","position":1,"name":"Accueil","item":"https:\/\/www.reseau-entreprendre.org\/cote-d-azur\/"},{"@type":"ListItem","position":2,"name":"Laur\u00e9ats promotion 2025 : Gwenaelle Coffinet et Thierry Petra"}]},{"@type":"WebSite","@id":"https:\/\/www.reseau-entreprendre.org\/cote-d-azur\/#website","url":"https:\/\/www.reseau-entreprendre.org\/cote-d-azur\/","name":"R\u00e9seau Entreprendre C\u00f4te d&#039;Azur","description":"Les sites de R\u00e9seau Entreprendre","potentialAction":[{"@type":"SearchAction","target":{"@type":"EntryPoint","urlTemplate":"https:\/\/www.reseau-entreprendre.org\/cote-d-azur\/?s={search_term_string}"},"query-input":{"@type":"PropertyValueSpecification","valueRequired":true,"valueName":"search_term_string"}}],"inLanguage":"fr-FR"},{"@type":"Person","@id":"https:\/\/www.reseau-entreprendre.org\/cote-d-azur\/#\/schema\/person\/0294acea63e3ebcf8e02e735e2adc8ce","name":"cotedazur","image":{"@type":"ImageObject","inLanguage":"fr-FR","@id":"https:\/\/secure.gravatar.com\/avatar\/7a9946209f83cbad74142e858fbf2da2d49037f5cd6f8548410ca42e41259401?s=96&d=mm&r=g","url":"https:\/\/secure.gravatar.com\/avatar\/7a9946209f83cbad74142e858fbf2da2d49037f5cd6f8548410ca42e41259401?s=96&d=mm&r=g","contentUrl":"https:\/\/secure.gravatar.com\/avatar\/7a9946209f83cbad74142e858fbf2da2d49037f5cd6f8548410ca42e41259401?s=96&d=mm&r=g","caption":"cotedazur"},"url":"https:\/\/www.reseau-entreprendre.org\/cote-d-azur\/author\/cotedazur\/"}]}},"_links":{"self":[{"href":"https:\/\/www.reseau-entreprendre.org\/cote-d-azur\/wp-json\/wp\/v2\/posts\/6129","targetHints":{"allow":["GET"]}}],"collection":[{"href":"https:\/\/www.reseau-entreprendre.org\/cote-d-azur\/wp-json\/wp\/v2\/posts"}],"about":[{"href":"https:\/\/www.reseau-entreprendre.org\/cote-d-azur\/wp-json\/wp\/v2\/types\/post"}],"author":[{"embeddable":true,"href":"https:\/\/www.reseau-entreprendre.org\/cote-d-azur\/wp-json\/wp\/v2\/users\/13"}],"replies":[{"embeddable":true,"href":"https:\/\/www.reseau-entreprendre.org\/cote-d-azur\/wp-json\/wp\/v2\/comments?post=6129"}],"version-history":[{"count":0,"href":"https:\/\/www.reseau-entreprendre.org\/cote-d-azur\/wp-json\/wp\/v2\/posts\/6129\/revisions"}],"wp:featuredmedia":[{"embeddable":true,"href":"https:\/\/www.reseau-entreprendre.org\/cote-d-azur\/wp-json\/wp\/v2\/media\/6145"}],"wp:attachment":[{"href":"https:\/\/www.reseau-entreprendre.org\/cote-d-azur\/wp-json\/wp\/v2\/media?parent=6129"}],"wp:term":[{"taxonomy":"category","embeddable":true,"href":"https:\/\/www.reseau-entreprendre.org\/cote-d-azur\/wp-json\/wp\/v2\/categories?post=6129"},{"taxonomy":"post_tag","embeddable":true,"href":"https:\/\/www.reseau-entreprendre.org\/cote-d-azur\/wp-json\/wp\/v2\/tags?post=6129"}],"curies":[{"name":"wp","href":"https:\/\/api.w.org\/{rel}","templated":true}]}}