{"id":2279,"date":"2024-03-20T15:53:11","date_gmt":"2024-03-20T14:53:11","guid":{"rendered":"https:\/\/www.reseau-entreprendre.org\/drome-ardeche\/?p=2279"},"modified":"2024-03-20T17:34:48","modified_gmt":"2024-03-20T16:34:48","slug":"fete-des-laureats-2024","status":"publish","type":"post","link":"https:\/\/www.reseau-entreprendre.org\/drome-ardeche\/2024\/03\/20\/fete-des-laureats-2024\/","title":{"rendered":"F\u00eate des Laur\u00e9ats 2024"},"content":{"rendered":"<div class=\"wp-block-image wp-duotone-unset-1\">\n<figure class=\"alignleft size-large is-resized\"><a href=\"https:\/\/urlz.fr\/pNJR\"><img loading=\"lazy\" decoding=\"async\" width=\"730\" height=\"1024\" src=\"https:\/\/www.reseau-entreprendre.org\/drome-ardeche\/wp-content\/uploads\/sites\/30\/2024\/03\/Affiche-FDL24-1-730x1024.jpg\" alt=\"\" class=\"wp-image-2283\" style=\"width:613px;height:auto\" srcset=\"https:\/\/www.reseau-entreprendre.org\/drome-ardeche\/wp-content\/uploads\/sites\/30\/2024\/03\/Affiche-FDL24-1-730x1024.jpg 730w, https:\/\/www.reseau-entreprendre.org\/drome-ardeche\/wp-content\/uploads\/sites\/30\/2024\/03\/Affiche-FDL24-1-214x300.jpg 214w, https:\/\/www.reseau-entreprendre.org\/drome-ardeche\/wp-content\/uploads\/sites\/30\/2024\/03\/Affiche-FDL24-1-768x1077.jpg 768w, https:\/\/www.reseau-entreprendre.org\/drome-ardeche\/wp-content\/uploads\/sites\/30\/2024\/03\/Affiche-FDL24-1-1095x1536.jpg 1095w, https:\/\/www.reseau-entreprendre.org\/drome-ardeche\/wp-content\/uploads\/sites\/30\/2024\/03\/Affiche-FDL24-1-1460x2048.jpg 1460w, https:\/\/www.reseau-entreprendre.org\/drome-ardeche\/wp-content\/uploads\/sites\/30\/2024\/03\/Affiche-FDL24-1-93x130.jpg 93w, https:\/\/www.reseau-entreprendre.org\/drome-ardeche\/wp-content\/uploads\/sites\/30\/2024\/03\/Affiche-FDL24-1-scaled.jpg 1826w\" sizes=\"auto, (max-width: 730px) 100vw, 730px\" \/><\/a><\/figure>\n<\/div>\n\n\n<p><\/p>\n\n\n\n<p class=\"has-background\" style=\"background-color:#ffffff\">La<strong> <mark class=\"has-inline-color has-re-blue-color\">F\u00eate des Laur\u00e9ats 2024<\/mark><\/strong> : <strong><mark class=\"has-inline-color has-re-blue-color\">Entreprendre, c&#8217;est du Sport<\/mark><\/strong> ! Le compte \u00e0 rebours est lanc\u00e9 !<\/p>\n\n\n\n<p>L\u2019occasion de d\u00e9couvrir nos 12 <a href=\"https:\/\/www.reseau-entreprendre.org\/drome-ardeche\/devenez-laureats\/\">Laur\u00e9ats<\/a> de la Promotion Oasis (2023) sur sc\u00e8ne ! Tenez-vous pr\u00eats, ils vous r\u00e9servent plein de surprises\u2026<\/p>\n\n\n\n<p>Au programme\u00a0: d\u00e9couverte de nos Laur\u00e9ats, stands, cocktail dinatoire, et temps d\u2019\u00e9changes \u2026 <\/p>\n\n\n\n<p>On vous donne RDV&nbsp;:<\/p>\n\n\n\n<p>&#x1f4c5; Jeudi 11 avril \u00e0 18h00<br>&#x1f4cd; \u00c0 l&#8217;Espace Cristal de Portes-l\u00e8s-Valence<\/p>\n\n\n\n<p>Les<mark class=\"has-inline-color has-re-blue-color\"> inscriptions sont d\u00e9j\u00e0 ouvertes <\/mark>! <\/p>\n\n\n\n<p>\u00c0 vos marques, pr\u00eat\u2026 r\u00e9servez :\u00a0<a href=\"https:\/\/urlz.fr\/pNJR\"><strong>https:\/\/urlz.fr\/pNJR<\/strong><\/a><\/p>\n\n\n\n<p>Nous vous attendons nombreux et avons h\u00e2te de partager cette belle soir\u00e9e avec vous !<\/p>\n","protected":false},"excerpt":{"rendered":"<p>La F\u00eate des Laur\u00e9ats 2024 : Entreprendre, c&#8217;est du Sport<\/p>\n","protected":false},"author":31,"featured_media":2283,"comment_status":"closed","ping_status":"closed","sticky":false,"template":"","format":"standard","meta":{"_acf_changed":false,"_monsterinsights_skip_tracking":false,"_monsterinsights_sitenote_active":false,"_monsterinsights_sitenote_note":"","_monsterinsights_sitenote_category":0,"footnotes":""},"categories":[4],"tags":[],"class_list":["post-2279","post","type-post","status-publish","format-standard","has-post-thumbnail","hentry","category-actualites","news"],"acf":[],"yoast_head":"<!-- This site is optimized with the Yoast SEO plugin v27.4 - https:\/\/yoast.com\/product\/yoast-seo-wordpress\/ -->\n<title>F\u00eate des Laur\u00e9ats 2024 - R\u00e9seau Entreprendre Dr\u00f4me-Ard\u00e8che<\/title>\n<meta name=\"description\" content=\"F\u00eate des Laur\u00e9ats, rejoignez-nous pour une soir\u00e9e le 11 avril \u00e0 l&#039;Espace Cristal de Portes les Valence. #EntreprendreCestDuSport\" \/>\n<meta name=\"robots\" content=\"index, follow, max-snippet:-1, max-image-preview:large, max-video-preview:-1\" \/>\n<link rel=\"canonical\" href=\"https:\/\/www.reseau-entreprendre.org\/drome-ardeche\/2024\/03\/20\/fete-des-laureats-2024\/\" \/>\n<meta property=\"og:locale\" content=\"fr_FR\" \/>\n<meta property=\"og:type\" content=\"article\" \/>\n<meta property=\"og:title\" content=\"F\u00eate des Laur\u00e9ats 2024 - R\u00e9seau Entreprendre Dr\u00f4me-Ard\u00e8che\" \/>\n<meta property=\"og:description\" content=\"F\u00eate des Laur\u00e9ats, rejoignez-nous pour une soir\u00e9e le 11 avril \u00e0 l&#039;Espace Cristal de Portes les Valence. #EntreprendreCestDuSport\" \/>\n<meta property=\"og:url\" content=\"https:\/\/www.reseau-entreprendre.org\/drome-ardeche\/2024\/03\/20\/fete-des-laureats-2024\/\" \/>\n<meta property=\"og:site_name\" content=\"R\u00e9seau Entreprendre Dr\u00f4me-Ard\u00e8che\" \/>\n<meta property=\"article:published_time\" content=\"2024-03-20T14:53:11+00:00\" \/>\n<meta property=\"article:modified_time\" content=\"2024-03-20T16:34:48+00:00\" \/>\n<meta property=\"og:image\" content=\"https:\/\/www.reseau-entreprendre.org\/drome-ardeche\/wp-content\/uploads\/sites\/30\/2024\/03\/Affiche-FDL24-1-scaled.jpg\" \/>\n\t<meta property=\"og:image:width\" content=\"1826\" \/>\n\t<meta property=\"og:image:height\" content=\"2560\" \/>\n\t<meta property=\"og:image:type\" content=\"image\/jpeg\" \/>\n<meta name=\"author\" content=\"drome-ardeche\" \/>\n<meta name=\"twitter:card\" content=\"summary_large_image\" \/>\n<meta name=\"twitter:label1\" content=\"\u00c9crit par\" \/>\n\t<meta name=\"twitter:data1\" content=\"drome-ardeche\" \/>\n\t<meta name=\"twitter:label2\" content=\"Dur\u00e9e de lecture estim\u00e9e\" \/>\n\t<meta name=\"twitter:data2\" content=\"1 minute\" \/>\n<script type=\"application\/ld+json\" class=\"yoast-schema-graph\">{\"@context\":\"https:\\\/\\\/schema.org\",\"@graph\":[{\"@type\":\"Article\",\"@id\":\"https:\\\/\\\/www.reseau-entreprendre.org\\\/drome-ardeche\\\/2024\\\/03\\\/20\\\/fete-des-laureats-2024\\\/#article\",\"isPartOf\":{\"@id\":\"https:\\\/\\\/www.reseau-entreprendre.org\\\/drome-ardeche\\\/2024\\\/03\\\/20\\\/fete-des-laureats-2024\\\/\"},\"author\":{\"name\":\"drome-ardeche\",\"@id\":\"https:\\\/\\\/www.reseau-entreprendre.org\\\/drome-ardeche\\\/#\\\/schema\\\/person\\\/5df559fd7d56773f3f6e5b9a156d442c\"},\"headline\":\"F\u00eate des Laur\u00e9ats 2024\",\"datePublished\":\"2024-03-20T14:53:11+00:00\",\"dateModified\":\"2024-03-20T16:34:48+00:00\",\"mainEntityOfPage\":{\"@id\":\"https:\\\/\\\/www.reseau-entreprendre.org\\\/drome-ardeche\\\/2024\\\/03\\\/20\\\/fete-des-laureats-2024\\\/\"},\"wordCount\":113,\"image\":{\"@id\":\"https:\\\/\\\/www.reseau-entreprendre.org\\\/drome-ardeche\\\/2024\\\/03\\\/20\\\/fete-des-laureats-2024\\\/#primaryimage\"},\"thumbnailUrl\":\"https:\\\/\\\/www.reseau-entreprendre.org\\\/drome-ardeche\\\/wp-content\\\/uploads\\\/sites\\\/30\\\/2024\\\/03\\\/Affiche-FDL24-1-scaled.jpg\",\"articleSection\":[\"Actualit\u00e9s\"],\"inLanguage\":\"fr-FR\"},{\"@type\":\"WebPage\",\"@id\":\"https:\\\/\\\/www.reseau-entreprendre.org\\\/drome-ardeche\\\/2024\\\/03\\\/20\\\/fete-des-laureats-2024\\\/\",\"url\":\"https:\\\/\\\/www.reseau-entreprendre.org\\\/drome-ardeche\\\/2024\\\/03\\\/20\\\/fete-des-laureats-2024\\\/\",\"name\":\"F\u00eate des Laur\u00e9ats 2024 - R\u00e9seau Entreprendre Dr\u00f4me-Ard\u00e8che\",\"isPartOf\":{\"@id\":\"https:\\\/\\\/www.reseau-entreprendre.org\\\/drome-ardeche\\\/#website\"},\"primaryImageOfPage\":{\"@id\":\"https:\\\/\\\/www.reseau-entreprendre.org\\\/drome-ardeche\\\/2024\\\/03\\\/20\\\/fete-des-laureats-2024\\\/#primaryimage\"},\"image\":{\"@id\":\"https:\\\/\\\/www.reseau-entreprendre.org\\\/drome-ardeche\\\/2024\\\/03\\\/20\\\/fete-des-laureats-2024\\\/#primaryimage\"},\"thumbnailUrl\":\"https:\\\/\\\/www.reseau-entreprendre.org\\\/drome-ardeche\\\/wp-content\\\/uploads\\\/sites\\\/30\\\/2024\\\/03\\\/Affiche-FDL24-1-scaled.jpg\",\"datePublished\":\"2024-03-20T14:53:11+00:00\",\"dateModified\":\"2024-03-20T16:34:48+00:00\",\"author\":{\"@id\":\"https:\\\/\\\/www.reseau-entreprendre.org\\\/drome-ardeche\\\/#\\\/schema\\\/person\\\/5df559fd7d56773f3f6e5b9a156d442c\"},\"description\":\"F\u00eate des Laur\u00e9ats, rejoignez-nous pour une soir\u00e9e le 11 avril \u00e0 l'Espace Cristal de Portes les Valence. #EntreprendreCestDuSport\",\"breadcrumb\":{\"@id\":\"https:\\\/\\\/www.reseau-entreprendre.org\\\/drome-ardeche\\\/2024\\\/03\\\/20\\\/fete-des-laureats-2024\\\/#breadcrumb\"},\"inLanguage\":\"fr-FR\",\"potentialAction\":[{\"@type\":\"ReadAction\",\"target\":[\"https:\\\/\\\/www.reseau-entreprendre.org\\\/drome-ardeche\\\/2024\\\/03\\\/20\\\/fete-des-laureats-2024\\\/\"]}]},{\"@type\":\"ImageObject\",\"inLanguage\":\"fr-FR\",\"@id\":\"https:\\\/\\\/www.reseau-entreprendre.org\\\/drome-ardeche\\\/2024\\\/03\\\/20\\\/fete-des-laureats-2024\\\/#primaryimage\",\"url\":\"https:\\\/\\\/www.reseau-entreprendre.org\\\/drome-ardeche\\\/wp-content\\\/uploads\\\/sites\\\/30\\\/2024\\\/03\\\/Affiche-FDL24-1-scaled.jpg\",\"contentUrl\":\"https:\\\/\\\/www.reseau-entreprendre.org\\\/drome-ardeche\\\/wp-content\\\/uploads\\\/sites\\\/30\\\/2024\\\/03\\\/Affiche-FDL24-1-scaled.jpg\",\"width\":1826,\"height\":2560},{\"@type\":\"BreadcrumbList\",\"@id\":\"https:\\\/\\\/www.reseau-entreprendre.org\\\/drome-ardeche\\\/2024\\\/03\\\/20\\\/fete-des-laureats-2024\\\/#breadcrumb\",\"itemListElement\":[{\"@type\":\"ListItem\",\"position\":1,\"name\":\"Accueil\",\"item\":\"https:\\\/\\\/www.reseau-entreprendre.org\\\/drome-ardeche\\\/\"},{\"@type\":\"ListItem\",\"position\":2,\"name\":\"F\u00eate des Laur\u00e9ats 2024\"}]},{\"@type\":\"WebSite\",\"@id\":\"https:\\\/\\\/www.reseau-entreprendre.org\\\/drome-ardeche\\\/#website\",\"url\":\"https:\\\/\\\/www.reseau-entreprendre.org\\\/drome-ardeche\\\/\",\"name\":\"R\u00e9seau Entreprendre Dr\u00f4me-Ard\u00e8che\",\"description\":\"Un site utilisant Les sites de R\u00e9seau Entreprendre\",\"potentialAction\":[{\"@type\":\"SearchAction\",\"target\":{\"@type\":\"EntryPoint\",\"urlTemplate\":\"https:\\\/\\\/www.reseau-entreprendre.org\\\/drome-ardeche\\\/?s={search_term_string}\"},\"query-input\":{\"@type\":\"PropertyValueSpecification\",\"valueRequired\":true,\"valueName\":\"search_term_string\"}}],\"inLanguage\":\"fr-FR\"},{\"@type\":\"Person\",\"@id\":\"https:\\\/\\\/www.reseau-entreprendre.org\\\/drome-ardeche\\\/#\\\/schema\\\/person\\\/5df559fd7d56773f3f6e5b9a156d442c\",\"name\":\"drome-ardeche\",\"image\":{\"@type\":\"ImageObject\",\"inLanguage\":\"fr-FR\",\"@id\":\"https:\\\/\\\/secure.gravatar.com\\\/avatar\\\/3ee32bd96c30b38c0e313e096033da8f1fd71f08be4a3857095163fe99a60eaa?s=96&d=mm&r=g\",\"url\":\"https:\\\/\\\/secure.gravatar.com\\\/avatar\\\/3ee32bd96c30b38c0e313e096033da8f1fd71f08be4a3857095163fe99a60eaa?s=96&d=mm&r=g\",\"contentUrl\":\"https:\\\/\\\/secure.gravatar.com\\\/avatar\\\/3ee32bd96c30b38c0e313e096033da8f1fd71f08be4a3857095163fe99a60eaa?s=96&d=mm&r=g\",\"caption\":\"drome-ardeche\"},\"url\":\"https:\\\/\\\/www.reseau-entreprendre.org\\\/drome-ardeche\\\/author\\\/reda\\\/\"}]}<\/script>\n<!-- \/ Yoast SEO plugin. -->","yoast_head_json":{"title":"F\u00eate des Laur\u00e9ats 2024 - R\u00e9seau Entreprendre Dr\u00f4me-Ard\u00e8che","description":"F\u00eate des Laur\u00e9ats, rejoignez-nous pour une soir\u00e9e le 11 avril \u00e0 l'Espace Cristal de Portes les Valence. #EntreprendreCestDuSport","robots":{"index":"index","follow":"follow","max-snippet":"max-snippet:-1","max-image-preview":"max-image-preview:large","max-video-preview":"max-video-preview:-1"},"canonical":"https:\/\/www.reseau-entreprendre.org\/drome-ardeche\/2024\/03\/20\/fete-des-laureats-2024\/","og_locale":"fr_FR","og_type":"article","og_title":"F\u00eate des Laur\u00e9ats 2024 - R\u00e9seau Entreprendre Dr\u00f4me-Ard\u00e8che","og_description":"F\u00eate des Laur\u00e9ats, rejoignez-nous pour une soir\u00e9e le 11 avril \u00e0 l'Espace Cristal de Portes les Valence. #EntreprendreCestDuSport","og_url":"https:\/\/www.reseau-entreprendre.org\/drome-ardeche\/2024\/03\/20\/fete-des-laureats-2024\/","og_site_name":"R\u00e9seau Entreprendre Dr\u00f4me-Ard\u00e8che","article_published_time":"2024-03-20T14:53:11+00:00","article_modified_time":"2024-03-20T16:34:48+00:00","og_image":[{"width":1826,"height":2560,"url":"https:\/\/www.reseau-entreprendre.org\/drome-ardeche\/wp-content\/uploads\/sites\/30\/2024\/03\/Affiche-FDL24-1-scaled.jpg","type":"image\/jpeg"}],"author":"drome-ardeche","twitter_card":"summary_large_image","twitter_misc":{"\u00c9crit par":"drome-ardeche","Dur\u00e9e de lecture estim\u00e9e":"1 minute"},"schema":{"@context":"https:\/\/schema.org","@graph":[{"@type":"Article","@id":"https:\/\/www.reseau-entreprendre.org\/drome-ardeche\/2024\/03\/20\/fete-des-laureats-2024\/#article","isPartOf":{"@id":"https:\/\/www.reseau-entreprendre.org\/drome-ardeche\/2024\/03\/20\/fete-des-laureats-2024\/"},"author":{"name":"drome-ardeche","@id":"https:\/\/www.reseau-entreprendre.org\/drome-ardeche\/#\/schema\/person\/5df559fd7d56773f3f6e5b9a156d442c"},"headline":"F\u00eate des Laur\u00e9ats 2024","datePublished":"2024-03-20T14:53:11+00:00","dateModified":"2024-03-20T16:34:48+00:00","mainEntityOfPage":{"@id":"https:\/\/www.reseau-entreprendre.org\/drome-ardeche\/2024\/03\/20\/fete-des-laureats-2024\/"},"wordCount":113,"image":{"@id":"https:\/\/www.reseau-entreprendre.org\/drome-ardeche\/2024\/03\/20\/fete-des-laureats-2024\/#primaryimage"},"thumbnailUrl":"https:\/\/www.reseau-entreprendre.org\/drome-ardeche\/wp-content\/uploads\/sites\/30\/2024\/03\/Affiche-FDL24-1-scaled.jpg","articleSection":["Actualit\u00e9s"],"inLanguage":"fr-FR"},{"@type":"WebPage","@id":"https:\/\/www.reseau-entreprendre.org\/drome-ardeche\/2024\/03\/20\/fete-des-laureats-2024\/","url":"https:\/\/www.reseau-entreprendre.org\/drome-ardeche\/2024\/03\/20\/fete-des-laureats-2024\/","name":"F\u00eate des Laur\u00e9ats 2024 - R\u00e9seau Entreprendre Dr\u00f4me-Ard\u00e8che","isPartOf":{"@id":"https:\/\/www.reseau-entreprendre.org\/drome-ardeche\/#website"},"primaryImageOfPage":{"@id":"https:\/\/www.reseau-entreprendre.org\/drome-ardeche\/2024\/03\/20\/fete-des-laureats-2024\/#primaryimage"},"image":{"@id":"https:\/\/www.reseau-entreprendre.org\/drome-ardeche\/2024\/03\/20\/fete-des-laureats-2024\/#primaryimage"},"thumbnailUrl":"https:\/\/www.reseau-entreprendre.org\/drome-ardeche\/wp-content\/uploads\/sites\/30\/2024\/03\/Affiche-FDL24-1-scaled.jpg","datePublished":"2024-03-20T14:53:11+00:00","dateModified":"2024-03-20T16:34:48+00:00","author":{"@id":"https:\/\/www.reseau-entreprendre.org\/drome-ardeche\/#\/schema\/person\/5df559fd7d56773f3f6e5b9a156d442c"},"description":"F\u00eate des Laur\u00e9ats, rejoignez-nous pour une soir\u00e9e le 11 avril \u00e0 l'Espace Cristal de Portes les Valence. #EntreprendreCestDuSport","breadcrumb":{"@id":"https:\/\/www.reseau-entreprendre.org\/drome-ardeche\/2024\/03\/20\/fete-des-laureats-2024\/#breadcrumb"},"inLanguage":"fr-FR","potentialAction":[{"@type":"ReadAction","target":["https:\/\/www.reseau-entreprendre.org\/drome-ardeche\/2024\/03\/20\/fete-des-laureats-2024\/"]}]},{"@type":"ImageObject","inLanguage":"fr-FR","@id":"https:\/\/www.reseau-entreprendre.org\/drome-ardeche\/2024\/03\/20\/fete-des-laureats-2024\/#primaryimage","url":"https:\/\/www.reseau-entreprendre.org\/drome-ardeche\/wp-content\/uploads\/sites\/30\/2024\/03\/Affiche-FDL24-1-scaled.jpg","contentUrl":"https:\/\/www.reseau-entreprendre.org\/drome-ardeche\/wp-content\/uploads\/sites\/30\/2024\/03\/Affiche-FDL24-1-scaled.jpg","width":1826,"height":2560},{"@type":"BreadcrumbList","@id":"https:\/\/www.reseau-entreprendre.org\/drome-ardeche\/2024\/03\/20\/fete-des-laureats-2024\/#breadcrumb","itemListElement":[{"@type":"ListItem","position":1,"name":"Accueil","item":"https:\/\/www.reseau-entreprendre.org\/drome-ardeche\/"},{"@type":"ListItem","position":2,"name":"F\u00eate des Laur\u00e9ats 2024"}]},{"@type":"WebSite","@id":"https:\/\/www.reseau-entreprendre.org\/drome-ardeche\/#website","url":"https:\/\/www.reseau-entreprendre.org\/drome-ardeche\/","name":"R\u00e9seau Entreprendre Dr\u00f4me-Ard\u00e8che","description":"Un site utilisant Les sites de R\u00e9seau Entreprendre","potentialAction":[{"@type":"SearchAction","target":{"@type":"EntryPoint","urlTemplate":"https:\/\/www.reseau-entreprendre.org\/drome-ardeche\/?s={search_term_string}"},"query-input":{"@type":"PropertyValueSpecification","valueRequired":true,"valueName":"search_term_string"}}],"inLanguage":"fr-FR"},{"@type":"Person","@id":"https:\/\/www.reseau-entreprendre.org\/drome-ardeche\/#\/schema\/person\/5df559fd7d56773f3f6e5b9a156d442c","name":"drome-ardeche","image":{"@type":"ImageObject","inLanguage":"fr-FR","@id":"https:\/\/secure.gravatar.com\/avatar\/3ee32bd96c30b38c0e313e096033da8f1fd71f08be4a3857095163fe99a60eaa?s=96&d=mm&r=g","url":"https:\/\/secure.gravatar.com\/avatar\/3ee32bd96c30b38c0e313e096033da8f1fd71f08be4a3857095163fe99a60eaa?s=96&d=mm&r=g","contentUrl":"https:\/\/secure.gravatar.com\/avatar\/3ee32bd96c30b38c0e313e096033da8f1fd71f08be4a3857095163fe99a60eaa?s=96&d=mm&r=g","caption":"drome-ardeche"},"url":"https:\/\/www.reseau-entreprendre.org\/drome-ardeche\/author\/reda\/"}]}},"_links":{"self":[{"href":"https:\/\/www.reseau-entreprendre.org\/drome-ardeche\/wp-json\/wp\/v2\/posts\/2279","targetHints":{"allow":["GET"]}}],"collection":[{"href":"https:\/\/www.reseau-entreprendre.org\/drome-ardeche\/wp-json\/wp\/v2\/posts"}],"about":[{"href":"https:\/\/www.reseau-entreprendre.org\/drome-ardeche\/wp-json\/wp\/v2\/types\/post"}],"author":[{"embeddable":true,"href":"https:\/\/www.reseau-entreprendre.org\/drome-ardeche\/wp-json\/wp\/v2\/users\/31"}],"replies":[{"embeddable":true,"href":"https:\/\/www.reseau-entreprendre.org\/drome-ardeche\/wp-json\/wp\/v2\/comments?post=2279"}],"version-history":[{"count":0,"href":"https:\/\/www.reseau-entreprendre.org\/drome-ardeche\/wp-json\/wp\/v2\/posts\/2279\/revisions"}],"wp:featuredmedia":[{"embeddable":true,"href":"https:\/\/www.reseau-entreprendre.org\/drome-ardeche\/wp-json\/wp\/v2\/media\/2283"}],"wp:attachment":[{"href":"https:\/\/www.reseau-entreprendre.org\/drome-ardeche\/wp-json\/wp\/v2\/media?parent=2279"}],"wp:term":[{"taxonomy":"category","embeddable":true,"href":"https:\/\/www.reseau-entreprendre.org\/drome-ardeche\/wp-json\/wp\/v2\/categories?post=2279"},{"taxonomy":"post_tag","embeddable":true,"href":"https:\/\/www.reseau-entreprendre.org\/drome-ardeche\/wp-json\/wp\/v2\/tags?post=2279"}],"curies":[{"name":"wp","href":"https:\/\/api.w.org\/{rel}","templated":true}]}}