{"id":518,"date":"2017-06-22T13:58:04","date_gmt":"2017-06-22T11:58:04","guid":{"rendered":"https:\/\/www.reseau-entreprendre.org\/drome-ardeche\/?p=518"},"modified":"2023-03-01T17:45:22","modified_gmt":"2023-03-01T16:45:22","slug":"david-larue","status":"publish","type":"post","link":"https:\/\/www.reseau-entreprendre.org\/drome-ardeche\/2017\/06\/22\/david-larue\/","title":{"rendered":"T\u00e9moignage Membre &#8211; David LARUE"},"content":{"rendered":"<p><a href=\"http:\/\/www.idecsas.com\/\" target=\"_blank\" rel=\"noopener noreferrer\"><img loading=\"lazy\" decoding=\"async\" class=\"alignnone wp-image-888 size-full aligncenter\" src=\"https:\/\/www.reseau-entreprendre.org\/drome-ardeche\/wp-content\/uploads\/sites\/30\/2017\/06\/IDEC.png\" alt=\"\" width=\"1000\" height=\"162\" srcset=\"https:\/\/www.reseau-entreprendre.org\/drome-ardeche\/wp-content\/uploads\/sites\/30\/2017\/06\/IDEC.png 1000w, https:\/\/www.reseau-entreprendre.org\/drome-ardeche\/wp-content\/uploads\/sites\/30\/2017\/06\/IDEC-300x49.png 300w, https:\/\/www.reseau-entreprendre.org\/drome-ardeche\/wp-content\/uploads\/sites\/30\/2017\/06\/IDEC-768x124.png 768w\" sizes=\"auto, (max-width: 1000px) 100vw, 1000px\" \/><\/a>[re-btn newtab=&#8221;_bank&#8221; align=&#8221;left&#8221; class=&#8221;btn btn-primary&#8221; url=&#8221;http:\/\/www.idecsas.com\/&#8221;]Idec[\/re-btn]\n<p style=\"text-align: center\">Pour moi REDA est le passage indispensable pour prendre du recul sur son projet et donc se poser les <strong>bonnes questions<\/strong>. REDA m\u2019a permis de prendre <strong>confiance en moi<\/strong> et en mon projet. Le parcours de validation est une superbe exp\u00e9rience, les \u00e9changes avec les diff\u00e9rents chefs d\u2019entreprises sont tr\u00e8s enrichissants.<\/p>\n<p style=\"text-align: center\">Le partage avec les autres laur\u00e9ats est vraiment important, cela permet de se soutenir mutuellement.<\/p>\n<p style=\"text-align: center\">J\u2019esp\u00e8re vraiment dans quelques ann\u00e9es pouvoir faire profiter de mon exp\u00e9rience \u00e0 de futurs laur\u00e9ats et de pouvoir rendre un peu du temps que vous nous avez donn\u00e9.<\/p>\n<p style=\"text-align: center\">J\u2019ai vraiment une grosse envie de r\u00e9ussir, pour pouvoir partager plus tard mon parcours avec de futurs entrepreneurs ou repreneurs.<\/p>\n<p><img loading=\"lazy\" decoding=\"async\" class=\"size-medium wp-image-919 aligncenter\" src=\"https:\/\/www.reseau-entreprendre.org\/drome-ardeche\/wp-content\/uploads\/sites\/30\/2019\/06\/noir_points2-e1530179775308-300x119.png\" alt=\"\" width=\"300\" height=\"119\" srcset=\"https:\/\/www.reseau-entreprendre.org\/drome-ardeche\/wp-content\/uploads\/sites\/30\/2019\/06\/noir_points2-e1530179775308-300x119.png 300w, https:\/\/www.reseau-entreprendre.org\/drome-ardeche\/wp-content\/uploads\/sites\/30\/2019\/06\/noir_points2-e1530179775308.png 595w\" sizes=\"auto, (max-width: 300px) 100vw, 300px\" \/><\/p>\n<p><img loading=\"lazy\" decoding=\"async\" class=\"size-medium wp-image-923 aligncenter\" src=\"https:\/\/www.reseau-entreprendre.org\/drome-ardeche\/wp-content\/uploads\/sites\/30\/2017\/06\/IMG_3215-300x214.jpg\" alt=\"\" width=\"300\" height=\"214\" srcset=\"https:\/\/www.reseau-entreprendre.org\/drome-ardeche\/wp-content\/uploads\/sites\/30\/2017\/06\/IMG_3215-300x214.jpg 300w, https:\/\/www.reseau-entreprendre.org\/drome-ardeche\/wp-content\/uploads\/sites\/30\/2017\/06\/IMG_3215-768x548.jpg 768w, https:\/\/www.reseau-entreprendre.org\/drome-ardeche\/wp-content\/uploads\/sites\/30\/2017\/06\/IMG_3215-1024x731.jpg 1024w, https:\/\/www.reseau-entreprendre.org\/drome-ardeche\/wp-content\/uploads\/sites\/30\/2017\/06\/IMG_3215.jpg 1500w\" sizes=\"auto, (max-width: 300px) 100vw, 300px\" \/><\/p>\n<p style=\"text-align: center\"><span style=\"color: #268597;font-size: 18px\">David LARUE<\/span> &amp; son accompagnateur, <span style=\"font-size: 18px;color: #268597\">Pierre LABROSSE<\/span><\/p>\n","protected":false},"excerpt":{"rendered":"<p>[re-btn newtab=&#8221;_bank&#8221; align=&#8221;left&#8221; class=&#8221;btn btn-primary&#8221; url=&#8221;http:\/\/www.idecsas.com\/&#8221;]Idec[\/re-btn] Pour moi REDA est<\/p>\n","protected":false},"author":31,"featured_media":930,"comment_status":"closed","ping_status":"closed","sticky":false,"template":"","format":"standard","meta":{"_acf_changed":false,"_monsterinsights_skip_tracking":false,"_monsterinsights_sitenote_active":false,"_monsterinsights_sitenote_note":"","_monsterinsights_sitenote_category":0,"footnotes":""},"categories":[5],"tags":[],"class_list":["post-518","post","type-post","status-publish","format-standard","has-post-thumbnail","hentry","category-temoignages-laureats","testimonials"],"acf":[],"yoast_head":"<!-- This site is optimized with the Yoast SEO plugin v27.4 - https:\/\/yoast.com\/product\/yoast-seo-wordpress\/ -->\n<title>T\u00e9moignage Membre - David LARUE - R\u00e9seau Entreprendre Dr\u00f4me-Ard\u00e8che<\/title>\n<meta name=\"description\" content=\"D\u00e9couvrez le t\u00e9moignage de notre laur\u00e9at de la promotion 2017 : David Larue\" \/>\n<meta name=\"robots\" content=\"index, follow, max-snippet:-1, max-image-preview:large, max-video-preview:-1\" \/>\n<link rel=\"canonical\" href=\"https:\/\/www.reseau-entreprendre.org\/drome-ardeche\/2017\/06\/22\/david-larue\/\" \/>\n<meta property=\"og:locale\" content=\"fr_FR\" \/>\n<meta property=\"og:type\" content=\"article\" \/>\n<meta property=\"og:title\" content=\"T\u00e9moignage Membre - David LARUE - R\u00e9seau Entreprendre Dr\u00f4me-Ard\u00e8che\" \/>\n<meta property=\"og:description\" content=\"D\u00e9couvrez le t\u00e9moignage de notre laur\u00e9at de la promotion 2017 : David Larue\" \/>\n<meta property=\"og:url\" content=\"https:\/\/www.reseau-entreprendre.org\/drome-ardeche\/2017\/06\/22\/david-larue\/\" \/>\n<meta property=\"og:site_name\" content=\"R\u00e9seau Entreprendre Dr\u00f4me-Ard\u00e8che\" \/>\n<meta property=\"article:published_time\" content=\"2017-06-22T11:58:04+00:00\" \/>\n<meta property=\"article:modified_time\" content=\"2023-03-01T16:45:22+00:00\" \/>\n<meta property=\"og:image\" content=\"https:\/\/www.reseau-entreprendre.org\/drome-ardeche\/wp-content\/uploads\/sites\/30\/2018\/07\/IMG_2840-e1530794712339.jpg\" \/>\n\t<meta property=\"og:image:width\" content=\"900\" \/>\n\t<meta property=\"og:image:height\" content=\"1350\" \/>\n\t<meta property=\"og:image:type\" content=\"image\/jpeg\" \/>\n<meta name=\"author\" content=\"drome-ardeche\" \/>\n<meta name=\"twitter:card\" content=\"summary_large_image\" \/>\n<meta name=\"twitter:label1\" content=\"\u00c9crit par\" \/>\n\t<meta name=\"twitter:data1\" content=\"drome-ardeche\" \/>\n\t<meta name=\"twitter:label2\" content=\"Dur\u00e9e de lecture estim\u00e9e\" \/>\n\t<meta name=\"twitter:data2\" content=\"1 minute\" \/>\n<script type=\"application\/ld+json\" class=\"yoast-schema-graph\">{\"@context\":\"https:\\\/\\\/schema.org\",\"@graph\":[{\"@type\":\"Article\",\"@id\":\"https:\\\/\\\/www.reseau-entreprendre.org\\\/drome-ardeche\\\/2017\\\/06\\\/22\\\/david-larue\\\/#article\",\"isPartOf\":{\"@id\":\"https:\\\/\\\/www.reseau-entreprendre.org\\\/drome-ardeche\\\/2017\\\/06\\\/22\\\/david-larue\\\/\"},\"author\":{\"name\":\"drome-ardeche\",\"@id\":\"https:\\\/\\\/www.reseau-entreprendre.org\\\/drome-ardeche\\\/#\\\/schema\\\/person\\\/5df559fd7d56773f3f6e5b9a156d442c\"},\"headline\":\"T\u00e9moignage Membre &#8211; David LARUE\",\"datePublished\":\"2017-06-22T11:58:04+00:00\",\"dateModified\":\"2023-03-01T16:45:22+00:00\",\"mainEntityOfPage\":{\"@id\":\"https:\\\/\\\/www.reseau-entreprendre.org\\\/drome-ardeche\\\/2017\\\/06\\\/22\\\/david-larue\\\/\"},\"wordCount\":154,\"image\":{\"@id\":\"https:\\\/\\\/www.reseau-entreprendre.org\\\/drome-ardeche\\\/2017\\\/06\\\/22\\\/david-larue\\\/#primaryimage\"},\"thumbnailUrl\":\"https:\\\/\\\/www.reseau-entreprendre.org\\\/drome-ardeche\\\/wp-content\\\/uploads\\\/sites\\\/30\\\/2018\\\/07\\\/IMG_2840-e1530794712339.jpg\",\"articleSection\":[\"T\u00e9moignages laur\u00e9ats\"],\"inLanguage\":\"fr-FR\"},{\"@type\":\"WebPage\",\"@id\":\"https:\\\/\\\/www.reseau-entreprendre.org\\\/drome-ardeche\\\/2017\\\/06\\\/22\\\/david-larue\\\/\",\"url\":\"https:\\\/\\\/www.reseau-entreprendre.org\\\/drome-ardeche\\\/2017\\\/06\\\/22\\\/david-larue\\\/\",\"name\":\"T\u00e9moignage Membre - David LARUE - R\u00e9seau Entreprendre Dr\u00f4me-Ard\u00e8che\",\"isPartOf\":{\"@id\":\"https:\\\/\\\/www.reseau-entreprendre.org\\\/drome-ardeche\\\/#website\"},\"primaryImageOfPage\":{\"@id\":\"https:\\\/\\\/www.reseau-entreprendre.org\\\/drome-ardeche\\\/2017\\\/06\\\/22\\\/david-larue\\\/#primaryimage\"},\"image\":{\"@id\":\"https:\\\/\\\/www.reseau-entreprendre.org\\\/drome-ardeche\\\/2017\\\/06\\\/22\\\/david-larue\\\/#primaryimage\"},\"thumbnailUrl\":\"https:\\\/\\\/www.reseau-entreprendre.org\\\/drome-ardeche\\\/wp-content\\\/uploads\\\/sites\\\/30\\\/2018\\\/07\\\/IMG_2840-e1530794712339.jpg\",\"datePublished\":\"2017-06-22T11:58:04+00:00\",\"dateModified\":\"2023-03-01T16:45:22+00:00\",\"author\":{\"@id\":\"https:\\\/\\\/www.reseau-entreprendre.org\\\/drome-ardeche\\\/#\\\/schema\\\/person\\\/5df559fd7d56773f3f6e5b9a156d442c\"},\"description\":\"D\u00e9couvrez le t\u00e9moignage de notre laur\u00e9at de la promotion 2017 : David Larue\",\"breadcrumb\":{\"@id\":\"https:\\\/\\\/www.reseau-entreprendre.org\\\/drome-ardeche\\\/2017\\\/06\\\/22\\\/david-larue\\\/#breadcrumb\"},\"inLanguage\":\"fr-FR\",\"potentialAction\":[{\"@type\":\"ReadAction\",\"target\":[\"https:\\\/\\\/www.reseau-entreprendre.org\\\/drome-ardeche\\\/2017\\\/06\\\/22\\\/david-larue\\\/\"]}]},{\"@type\":\"ImageObject\",\"inLanguage\":\"fr-FR\",\"@id\":\"https:\\\/\\\/www.reseau-entreprendre.org\\\/drome-ardeche\\\/2017\\\/06\\\/22\\\/david-larue\\\/#primaryimage\",\"url\":\"https:\\\/\\\/www.reseau-entreprendre.org\\\/drome-ardeche\\\/wp-content\\\/uploads\\\/sites\\\/30\\\/2018\\\/07\\\/IMG_2840-e1530794712339.jpg\",\"contentUrl\":\"https:\\\/\\\/www.reseau-entreprendre.org\\\/drome-ardeche\\\/wp-content\\\/uploads\\\/sites\\\/30\\\/2018\\\/07\\\/IMG_2840-e1530794712339.jpg\",\"width\":900,\"height\":1350},{\"@type\":\"BreadcrumbList\",\"@id\":\"https:\\\/\\\/www.reseau-entreprendre.org\\\/drome-ardeche\\\/2017\\\/06\\\/22\\\/david-larue\\\/#breadcrumb\",\"itemListElement\":[{\"@type\":\"ListItem\",\"position\":1,\"name\":\"Accueil\",\"item\":\"https:\\\/\\\/www.reseau-entreprendre.org\\\/drome-ardeche\\\/\"},{\"@type\":\"ListItem\",\"position\":2,\"name\":\"T\u00e9moignage Membre &#8211; David LARUE\"}]},{\"@type\":\"WebSite\",\"@id\":\"https:\\\/\\\/www.reseau-entreprendre.org\\\/drome-ardeche\\\/#website\",\"url\":\"https:\\\/\\\/www.reseau-entreprendre.org\\\/drome-ardeche\\\/\",\"name\":\"R\u00e9seau Entreprendre Dr\u00f4me-Ard\u00e8che\",\"description\":\"Un site utilisant Les sites de R\u00e9seau Entreprendre\",\"potentialAction\":[{\"@type\":\"SearchAction\",\"target\":{\"@type\":\"EntryPoint\",\"urlTemplate\":\"https:\\\/\\\/www.reseau-entreprendre.org\\\/drome-ardeche\\\/?s={search_term_string}\"},\"query-input\":{\"@type\":\"PropertyValueSpecification\",\"valueRequired\":true,\"valueName\":\"search_term_string\"}}],\"inLanguage\":\"fr-FR\"},{\"@type\":\"Person\",\"@id\":\"https:\\\/\\\/www.reseau-entreprendre.org\\\/drome-ardeche\\\/#\\\/schema\\\/person\\\/5df559fd7d56773f3f6e5b9a156d442c\",\"name\":\"drome-ardeche\",\"image\":{\"@type\":\"ImageObject\",\"inLanguage\":\"fr-FR\",\"@id\":\"https:\\\/\\\/secure.gravatar.com\\\/avatar\\\/3ee32bd96c30b38c0e313e096033da8f1fd71f08be4a3857095163fe99a60eaa?s=96&d=mm&r=g\",\"url\":\"https:\\\/\\\/secure.gravatar.com\\\/avatar\\\/3ee32bd96c30b38c0e313e096033da8f1fd71f08be4a3857095163fe99a60eaa?s=96&d=mm&r=g\",\"contentUrl\":\"https:\\\/\\\/secure.gravatar.com\\\/avatar\\\/3ee32bd96c30b38c0e313e096033da8f1fd71f08be4a3857095163fe99a60eaa?s=96&d=mm&r=g\",\"caption\":\"drome-ardeche\"},\"url\":\"https:\\\/\\\/www.reseau-entreprendre.org\\\/drome-ardeche\\\/author\\\/reda\\\/\"}]}<\/script>\n<!-- \/ Yoast SEO plugin. -->","yoast_head_json":{"title":"T\u00e9moignage Membre - David LARUE - R\u00e9seau Entreprendre Dr\u00f4me-Ard\u00e8che","description":"D\u00e9couvrez le t\u00e9moignage de notre laur\u00e9at de la promotion 2017 : David Larue","robots":{"index":"index","follow":"follow","max-snippet":"max-snippet:-1","max-image-preview":"max-image-preview:large","max-video-preview":"max-video-preview:-1"},"canonical":"https:\/\/www.reseau-entreprendre.org\/drome-ardeche\/2017\/06\/22\/david-larue\/","og_locale":"fr_FR","og_type":"article","og_title":"T\u00e9moignage Membre - David LARUE - R\u00e9seau Entreprendre Dr\u00f4me-Ard\u00e8che","og_description":"D\u00e9couvrez le t\u00e9moignage de notre laur\u00e9at de la promotion 2017 : David Larue","og_url":"https:\/\/www.reseau-entreprendre.org\/drome-ardeche\/2017\/06\/22\/david-larue\/","og_site_name":"R\u00e9seau Entreprendre Dr\u00f4me-Ard\u00e8che","article_published_time":"2017-06-22T11:58:04+00:00","article_modified_time":"2023-03-01T16:45:22+00:00","og_image":[{"width":900,"height":1350,"url":"https:\/\/www.reseau-entreprendre.org\/drome-ardeche\/wp-content\/uploads\/sites\/30\/2018\/07\/IMG_2840-e1530794712339.jpg","type":"image\/jpeg"}],"author":"drome-ardeche","twitter_card":"summary_large_image","twitter_misc":{"\u00c9crit par":"drome-ardeche","Dur\u00e9e de lecture estim\u00e9e":"1 minute"},"schema":{"@context":"https:\/\/schema.org","@graph":[{"@type":"Article","@id":"https:\/\/www.reseau-entreprendre.org\/drome-ardeche\/2017\/06\/22\/david-larue\/#article","isPartOf":{"@id":"https:\/\/www.reseau-entreprendre.org\/drome-ardeche\/2017\/06\/22\/david-larue\/"},"author":{"name":"drome-ardeche","@id":"https:\/\/www.reseau-entreprendre.org\/drome-ardeche\/#\/schema\/person\/5df559fd7d56773f3f6e5b9a156d442c"},"headline":"T\u00e9moignage Membre &#8211; David LARUE","datePublished":"2017-06-22T11:58:04+00:00","dateModified":"2023-03-01T16:45:22+00:00","mainEntityOfPage":{"@id":"https:\/\/www.reseau-entreprendre.org\/drome-ardeche\/2017\/06\/22\/david-larue\/"},"wordCount":154,"image":{"@id":"https:\/\/www.reseau-entreprendre.org\/drome-ardeche\/2017\/06\/22\/david-larue\/#primaryimage"},"thumbnailUrl":"https:\/\/www.reseau-entreprendre.org\/drome-ardeche\/wp-content\/uploads\/sites\/30\/2018\/07\/IMG_2840-e1530794712339.jpg","articleSection":["T\u00e9moignages laur\u00e9ats"],"inLanguage":"fr-FR"},{"@type":"WebPage","@id":"https:\/\/www.reseau-entreprendre.org\/drome-ardeche\/2017\/06\/22\/david-larue\/","url":"https:\/\/www.reseau-entreprendre.org\/drome-ardeche\/2017\/06\/22\/david-larue\/","name":"T\u00e9moignage Membre - David LARUE - R\u00e9seau Entreprendre Dr\u00f4me-Ard\u00e8che","isPartOf":{"@id":"https:\/\/www.reseau-entreprendre.org\/drome-ardeche\/#website"},"primaryImageOfPage":{"@id":"https:\/\/www.reseau-entreprendre.org\/drome-ardeche\/2017\/06\/22\/david-larue\/#primaryimage"},"image":{"@id":"https:\/\/www.reseau-entreprendre.org\/drome-ardeche\/2017\/06\/22\/david-larue\/#primaryimage"},"thumbnailUrl":"https:\/\/www.reseau-entreprendre.org\/drome-ardeche\/wp-content\/uploads\/sites\/30\/2018\/07\/IMG_2840-e1530794712339.jpg","datePublished":"2017-06-22T11:58:04+00:00","dateModified":"2023-03-01T16:45:22+00:00","author":{"@id":"https:\/\/www.reseau-entreprendre.org\/drome-ardeche\/#\/schema\/person\/5df559fd7d56773f3f6e5b9a156d442c"},"description":"D\u00e9couvrez le t\u00e9moignage de notre laur\u00e9at de la promotion 2017 : David Larue","breadcrumb":{"@id":"https:\/\/www.reseau-entreprendre.org\/drome-ardeche\/2017\/06\/22\/david-larue\/#breadcrumb"},"inLanguage":"fr-FR","potentialAction":[{"@type":"ReadAction","target":["https:\/\/www.reseau-entreprendre.org\/drome-ardeche\/2017\/06\/22\/david-larue\/"]}]},{"@type":"ImageObject","inLanguage":"fr-FR","@id":"https:\/\/www.reseau-entreprendre.org\/drome-ardeche\/2017\/06\/22\/david-larue\/#primaryimage","url":"https:\/\/www.reseau-entreprendre.org\/drome-ardeche\/wp-content\/uploads\/sites\/30\/2018\/07\/IMG_2840-e1530794712339.jpg","contentUrl":"https:\/\/www.reseau-entreprendre.org\/drome-ardeche\/wp-content\/uploads\/sites\/30\/2018\/07\/IMG_2840-e1530794712339.jpg","width":900,"height":1350},{"@type":"BreadcrumbList","@id":"https:\/\/www.reseau-entreprendre.org\/drome-ardeche\/2017\/06\/22\/david-larue\/#breadcrumb","itemListElement":[{"@type":"ListItem","position":1,"name":"Accueil","item":"https:\/\/www.reseau-entreprendre.org\/drome-ardeche\/"},{"@type":"ListItem","position":2,"name":"T\u00e9moignage Membre &#8211; David LARUE"}]},{"@type":"WebSite","@id":"https:\/\/www.reseau-entreprendre.org\/drome-ardeche\/#website","url":"https:\/\/www.reseau-entreprendre.org\/drome-ardeche\/","name":"R\u00e9seau Entreprendre Dr\u00f4me-Ard\u00e8che","description":"Un site utilisant Les sites de R\u00e9seau Entreprendre","potentialAction":[{"@type":"SearchAction","target":{"@type":"EntryPoint","urlTemplate":"https:\/\/www.reseau-entreprendre.org\/drome-ardeche\/?s={search_term_string}"},"query-input":{"@type":"PropertyValueSpecification","valueRequired":true,"valueName":"search_term_string"}}],"inLanguage":"fr-FR"},{"@type":"Person","@id":"https:\/\/www.reseau-entreprendre.org\/drome-ardeche\/#\/schema\/person\/5df559fd7d56773f3f6e5b9a156d442c","name":"drome-ardeche","image":{"@type":"ImageObject","inLanguage":"fr-FR","@id":"https:\/\/secure.gravatar.com\/avatar\/3ee32bd96c30b38c0e313e096033da8f1fd71f08be4a3857095163fe99a60eaa?s=96&d=mm&r=g","url":"https:\/\/secure.gravatar.com\/avatar\/3ee32bd96c30b38c0e313e096033da8f1fd71f08be4a3857095163fe99a60eaa?s=96&d=mm&r=g","contentUrl":"https:\/\/secure.gravatar.com\/avatar\/3ee32bd96c30b38c0e313e096033da8f1fd71f08be4a3857095163fe99a60eaa?s=96&d=mm&r=g","caption":"drome-ardeche"},"url":"https:\/\/www.reseau-entreprendre.org\/drome-ardeche\/author\/reda\/"}]}},"_links":{"self":[{"href":"https:\/\/www.reseau-entreprendre.org\/drome-ardeche\/wp-json\/wp\/v2\/posts\/518","targetHints":{"allow":["GET"]}}],"collection":[{"href":"https:\/\/www.reseau-entreprendre.org\/drome-ardeche\/wp-json\/wp\/v2\/posts"}],"about":[{"href":"https:\/\/www.reseau-entreprendre.org\/drome-ardeche\/wp-json\/wp\/v2\/types\/post"}],"author":[{"embeddable":true,"href":"https:\/\/www.reseau-entreprendre.org\/drome-ardeche\/wp-json\/wp\/v2\/users\/31"}],"replies":[{"embeddable":true,"href":"https:\/\/www.reseau-entreprendre.org\/drome-ardeche\/wp-json\/wp\/v2\/comments?post=518"}],"version-history":[{"count":0,"href":"https:\/\/www.reseau-entreprendre.org\/drome-ardeche\/wp-json\/wp\/v2\/posts\/518\/revisions"}],"wp:featuredmedia":[{"embeddable":true,"href":"https:\/\/www.reseau-entreprendre.org\/drome-ardeche\/wp-json\/wp\/v2\/media\/930"}],"wp:attachment":[{"href":"https:\/\/www.reseau-entreprendre.org\/drome-ardeche\/wp-json\/wp\/v2\/media?parent=518"}],"wp:term":[{"taxonomy":"category","embeddable":true,"href":"https:\/\/www.reseau-entreprendre.org\/drome-ardeche\/wp-json\/wp\/v2\/categories?post=518"},{"taxonomy":"post_tag","embeddable":true,"href":"https:\/\/www.reseau-entreprendre.org\/drome-ardeche\/wp-json\/wp\/v2\/tags?post=518"}],"curies":[{"name":"wp","href":"https:\/\/api.w.org\/{rel}","templated":true}]}}