{"id":695,"date":"2018-05-10T11:14:08","date_gmt":"2018-05-10T09:14:08","guid":{"rendered":"https:\/\/www.reseau-entreprendre.org\/emilia-romagna\/?p=695"},"modified":"2022-04-12T12:21:29","modified_gmt":"2022-04-12T10:21:29","slug":"si-fa-presto-a-dire-start-up","status":"publish","type":"post","link":"https:\/\/www.reseau-entreprendre.org\/emilia-romagna\/2018\/05\/10\/si-fa-presto-a-dire-start-up\/","title":{"rendered":"SI FA PRESTO A DIRE START UP"},"content":{"rendered":"<p>&nbsp;<\/p>\n<p><img loading=\"lazy\" decoding=\"async\" class=\"alignnone size-medium wp-image-696\" src=\"https:\/\/www.reseau-entreprendre.org\/emilia-romagna\/wp-content\/uploads\/sites\/68\/2018\/05\/GSF_2018_TRASP_HD-1-300x169.png\" alt=\"\" width=\"300\" height=\"169\" srcset=\"https:\/\/www.reseau-entreprendre.org\/emilia-romagna\/wp-content\/uploads\/sites\/68\/2018\/05\/GSF_2018_TRASP_HD-1-300x169.png 300w, https:\/\/www.reseau-entreprendre.org\/emilia-romagna\/wp-content\/uploads\/sites\/68\/2018\/05\/GSF_2018_TRASP_HD-1-768x432.png 768w, https:\/\/www.reseau-entreprendre.org\/emilia-romagna\/wp-content\/uploads\/sites\/68\/2018\/05\/GSF_2018_TRASP_HD-1-1024x576.png 1024w, https:\/\/www.reseau-entreprendre.org\/emilia-romagna\/wp-content\/uploads\/sites\/68\/2018\/05\/GSF_2018_TRASP_HD-1.png 1280w\" sizes=\"auto, (max-width: 300px) 100vw, 300px\" \/><\/p>\n<p>Venerd\u00ec 11 Maggio R\u00e9seau Entreprendre Emilia Romagna parteciper\u00e0 al Green Social Festival 2018.<\/p>\n<p><strong>SI FA PRESTO A DIRE STARTUP<br \/>\n<\/strong>Economia sensibile\u00a0 e startup: esempi virtuosi gi\u00e0 oggi operativi nel facilitare l\u2019ingresso nel mercato di nuove realt\u00e0 o il reinserimento di professionalit\u00e0 temporaneamente espulse.<br \/>\nrelatori:\u00a0<strong>Marc Buisson<\/strong>\u00a0\u2013 Ceo Up Day Ristoservice;<strong>\u00a0Francesco Guadagno<\/strong>\u00a0\u2013 Head of innovation Emilia Romagna Banca Intesa ;\u00a0<strong>Roberto Lippi<\/strong>\u00a0\u2013 Presidente Open Group;\u00a0<strong>Valentina Bergamaschi<\/strong>\u2013 Direttrice Reseau Entreprendre Emilia Romagna;\u00a0<strong>Marcella Gubitosa<\/strong>\u00a0\u2013 Stars and cows.<\/p>\n<p>Per maggiori informazioni <a href=\"http:\/\/www.greensocialfestival.it\/11-maggio-intraprendere-sensibilmente\/\">cliccare qui<\/a><\/p>\n","protected":false},"excerpt":{"rendered":"<p>&nbsp; Venerd\u00ec 11 Maggio R\u00e9seau Entreprendre Emilia Romagna parteciper\u00e0 al<\/p>\n","protected":false},"author":74,"featured_media":696,"comment_status":"closed","ping_status":"open","sticky":true,"template":"","format":"standard","meta":{"_acf_changed":false,"_monsterinsights_skip_tracking":false,"_monsterinsights_sitenote_active":false,"_monsterinsights_sitenote_note":"","_monsterinsights_sitenote_category":0,"footnotes":""},"categories":[4],"tags":[],"class_list":["post-695","post","type-post","status-publish","format-standard","has-post-thumbnail","hentry","category-attualita","news"],"acf":[],"yoast_head":"<!-- This site is optimized with the Yoast SEO plugin v27.4 - https:\/\/yoast.com\/product\/yoast-seo-wordpress\/ -->\n<title>SI FA PRESTO A DIRE START UP - R\u00e9seau Entreprendre Emilia Romagna<\/title>\n<meta name=\"robots\" content=\"index, follow, max-snippet:-1, max-image-preview:large, max-video-preview:-1\" \/>\n<link rel=\"canonical\" href=\"https:\/\/www.reseau-entreprendre.org\/emilia-romagna\/2018\/05\/10\/si-fa-presto-a-dire-start-up\/\" \/>\n<meta property=\"og:locale\" content=\"it_IT\" \/>\n<meta property=\"og:type\" content=\"article\" \/>\n<meta property=\"og:title\" content=\"SI FA PRESTO A DIRE START UP - R\u00e9seau Entreprendre Emilia Romagna\" \/>\n<meta property=\"og:description\" content=\"&nbsp; Venerd\u00ec 11 Maggio R\u00e9seau Entreprendre Emilia Romagna parteciper\u00e0 al\" \/>\n<meta property=\"og:url\" content=\"https:\/\/www.reseau-entreprendre.org\/emilia-romagna\/2018\/05\/10\/si-fa-presto-a-dire-start-up\/\" \/>\n<meta property=\"og:site_name\" content=\"R\u00e9seau Entreprendre Emilia Romagna\" \/>\n<meta property=\"article:published_time\" content=\"2018-05-10T09:14:08+00:00\" \/>\n<meta property=\"article:modified_time\" content=\"2022-04-12T10:21:29+00:00\" \/>\n<meta property=\"og:image\" content=\"https:\/\/www.reseau-entreprendre.org\/emilia-romagna\/wp-content\/uploads\/sites\/68\/2018\/05\/GSF_2018_TRASP_HD-1.png\" \/>\n\t<meta property=\"og:image:width\" content=\"1280\" \/>\n\t<meta property=\"og:image:height\" content=\"720\" \/>\n\t<meta property=\"og:image:type\" content=\"image\/png\" \/>\n<meta name=\"author\" content=\"emilia-romagna\" \/>\n<meta name=\"twitter:card\" content=\"summary_large_image\" \/>\n<meta name=\"twitter:label1\" content=\"Scritto da\" \/>\n\t<meta name=\"twitter:data1\" content=\"emilia-romagna\" \/>\n<script type=\"application\/ld+json\" class=\"yoast-schema-graph\">{\"@context\":\"https:\\\/\\\/schema.org\",\"@graph\":[{\"@type\":\"Article\",\"@id\":\"https:\\\/\\\/www.reseau-entreprendre.org\\\/emilia-romagna\\\/2018\\\/05\\\/10\\\/si-fa-presto-a-dire-start-up\\\/#article\",\"isPartOf\":{\"@id\":\"https:\\\/\\\/www.reseau-entreprendre.org\\\/emilia-romagna\\\/2018\\\/05\\\/10\\\/si-fa-presto-a-dire-start-up\\\/\"},\"author\":{\"name\":\"emilia-romagna\",\"@id\":\"https:\\\/\\\/www.reseau-entreprendre.org\\\/emilia-romagna\\\/#\\\/schema\\\/person\\\/033a3fc392e041c6bf2cd643440c563a\"},\"headline\":\"SI FA PRESTO A DIRE START UP\",\"datePublished\":\"2018-05-10T09:14:08+00:00\",\"dateModified\":\"2022-04-12T10:21:29+00:00\",\"mainEntityOfPage\":{\"@id\":\"https:\\\/\\\/www.reseau-entreprendre.org\\\/emilia-romagna\\\/2018\\\/05\\\/10\\\/si-fa-presto-a-dire-start-up\\\/\"},\"wordCount\":89,\"image\":{\"@id\":\"https:\\\/\\\/www.reseau-entreprendre.org\\\/emilia-romagna\\\/2018\\\/05\\\/10\\\/si-fa-presto-a-dire-start-up\\\/#primaryimage\"},\"thumbnailUrl\":\"https:\\\/\\\/www.reseau-entreprendre.org\\\/emilia-romagna\\\/wp-content\\\/uploads\\\/sites\\\/68\\\/2018\\\/05\\\/GSF_2018_TRASP_HD-1.png\",\"articleSection\":[\"ATTUALITA\"],\"inLanguage\":\"it-IT\"},{\"@type\":\"WebPage\",\"@id\":\"https:\\\/\\\/www.reseau-entreprendre.org\\\/emilia-romagna\\\/2018\\\/05\\\/10\\\/si-fa-presto-a-dire-start-up\\\/\",\"url\":\"https:\\\/\\\/www.reseau-entreprendre.org\\\/emilia-romagna\\\/2018\\\/05\\\/10\\\/si-fa-presto-a-dire-start-up\\\/\",\"name\":\"SI FA PRESTO A DIRE START UP - R\u00e9seau Entreprendre Emilia Romagna\",\"isPartOf\":{\"@id\":\"https:\\\/\\\/www.reseau-entreprendre.org\\\/emilia-romagna\\\/#website\"},\"primaryImageOfPage\":{\"@id\":\"https:\\\/\\\/www.reseau-entreprendre.org\\\/emilia-romagna\\\/2018\\\/05\\\/10\\\/si-fa-presto-a-dire-start-up\\\/#primaryimage\"},\"image\":{\"@id\":\"https:\\\/\\\/www.reseau-entreprendre.org\\\/emilia-romagna\\\/2018\\\/05\\\/10\\\/si-fa-presto-a-dire-start-up\\\/#primaryimage\"},\"thumbnailUrl\":\"https:\\\/\\\/www.reseau-entreprendre.org\\\/emilia-romagna\\\/wp-content\\\/uploads\\\/sites\\\/68\\\/2018\\\/05\\\/GSF_2018_TRASP_HD-1.png\",\"datePublished\":\"2018-05-10T09:14:08+00:00\",\"dateModified\":\"2022-04-12T10:21:29+00:00\",\"author\":{\"@id\":\"https:\\\/\\\/www.reseau-entreprendre.org\\\/emilia-romagna\\\/#\\\/schema\\\/person\\\/033a3fc392e041c6bf2cd643440c563a\"},\"breadcrumb\":{\"@id\":\"https:\\\/\\\/www.reseau-entreprendre.org\\\/emilia-romagna\\\/2018\\\/05\\\/10\\\/si-fa-presto-a-dire-start-up\\\/#breadcrumb\"},\"inLanguage\":\"it-IT\",\"potentialAction\":[{\"@type\":\"ReadAction\",\"target\":[\"https:\\\/\\\/www.reseau-entreprendre.org\\\/emilia-romagna\\\/2018\\\/05\\\/10\\\/si-fa-presto-a-dire-start-up\\\/\"]}]},{\"@type\":\"ImageObject\",\"inLanguage\":\"it-IT\",\"@id\":\"https:\\\/\\\/www.reseau-entreprendre.org\\\/emilia-romagna\\\/2018\\\/05\\\/10\\\/si-fa-presto-a-dire-start-up\\\/#primaryimage\",\"url\":\"https:\\\/\\\/www.reseau-entreprendre.org\\\/emilia-romagna\\\/wp-content\\\/uploads\\\/sites\\\/68\\\/2018\\\/05\\\/GSF_2018_TRASP_HD-1.png\",\"contentUrl\":\"https:\\\/\\\/www.reseau-entreprendre.org\\\/emilia-romagna\\\/wp-content\\\/uploads\\\/sites\\\/68\\\/2018\\\/05\\\/GSF_2018_TRASP_HD-1.png\",\"width\":1280,\"height\":720},{\"@type\":\"BreadcrumbList\",\"@id\":\"https:\\\/\\\/www.reseau-entreprendre.org\\\/emilia-romagna\\\/2018\\\/05\\\/10\\\/si-fa-presto-a-dire-start-up\\\/#breadcrumb\",\"itemListElement\":[{\"@type\":\"ListItem\",\"position\":1,\"name\":\"Accueil\",\"item\":\"https:\\\/\\\/www.reseau-entreprendre.org\\\/emilia-romagna\\\/\"},{\"@type\":\"ListItem\",\"position\":2,\"name\":\"SI FA PRESTO A DIRE START UP\"}]},{\"@type\":\"WebSite\",\"@id\":\"https:\\\/\\\/www.reseau-entreprendre.org\\\/emilia-romagna\\\/#website\",\"url\":\"https:\\\/\\\/www.reseau-entreprendre.org\\\/emilia-romagna\\\/\",\"name\":\"R\u00e9seau Entreprendre Emilia Romagna\",\"description\":\"Un site utilisant Les sites de R\u00e9seau Entreprendre\",\"potentialAction\":[{\"@type\":\"SearchAction\",\"target\":{\"@type\":\"EntryPoint\",\"urlTemplate\":\"https:\\\/\\\/www.reseau-entreprendre.org\\\/emilia-romagna\\\/?s={search_term_string}\"},\"query-input\":{\"@type\":\"PropertyValueSpecification\",\"valueRequired\":true,\"valueName\":\"search_term_string\"}}],\"inLanguage\":\"it-IT\"},{\"@type\":\"Person\",\"@id\":\"https:\\\/\\\/www.reseau-entreprendre.org\\\/emilia-romagna\\\/#\\\/schema\\\/person\\\/033a3fc392e041c6bf2cd643440c563a\",\"name\":\"emilia-romagna\",\"image\":{\"@type\":\"ImageObject\",\"inLanguage\":\"it-IT\",\"@id\":\"https:\\\/\\\/secure.gravatar.com\\\/avatar\\\/8925ec0e642884aa6098ef6817ea277b9519ef9ce920d2fad3e40ddda4173671?s=96&d=mm&r=g\",\"url\":\"https:\\\/\\\/secure.gravatar.com\\\/avatar\\\/8925ec0e642884aa6098ef6817ea277b9519ef9ce920d2fad3e40ddda4173671?s=96&d=mm&r=g\",\"contentUrl\":\"https:\\\/\\\/secure.gravatar.com\\\/avatar\\\/8925ec0e642884aa6098ef6817ea277b9519ef9ce920d2fad3e40ddda4173671?s=96&d=mm&r=g\",\"caption\":\"emilia-romagna\"},\"url\":\"https:\\\/\\\/www.reseau-entreprendre.org\\\/emilia-romagna\\\/author\\\/emilia-romagna\\\/\"}]}<\/script>\n<!-- \/ Yoast SEO plugin. -->","yoast_head_json":{"title":"SI FA PRESTO A DIRE START UP - R\u00e9seau Entreprendre Emilia Romagna","robots":{"index":"index","follow":"follow","max-snippet":"max-snippet:-1","max-image-preview":"max-image-preview:large","max-video-preview":"max-video-preview:-1"},"canonical":"https:\/\/www.reseau-entreprendre.org\/emilia-romagna\/2018\/05\/10\/si-fa-presto-a-dire-start-up\/","og_locale":"it_IT","og_type":"article","og_title":"SI FA PRESTO A DIRE START UP - R\u00e9seau Entreprendre Emilia Romagna","og_description":"&nbsp; Venerd\u00ec 11 Maggio R\u00e9seau Entreprendre Emilia Romagna parteciper\u00e0 al","og_url":"https:\/\/www.reseau-entreprendre.org\/emilia-romagna\/2018\/05\/10\/si-fa-presto-a-dire-start-up\/","og_site_name":"R\u00e9seau Entreprendre Emilia Romagna","article_published_time":"2018-05-10T09:14:08+00:00","article_modified_time":"2022-04-12T10:21:29+00:00","og_image":[{"width":1280,"height":720,"url":"https:\/\/www.reseau-entreprendre.org\/emilia-romagna\/wp-content\/uploads\/sites\/68\/2018\/05\/GSF_2018_TRASP_HD-1.png","type":"image\/png"}],"author":"emilia-romagna","twitter_card":"summary_large_image","twitter_misc":{"Scritto da":"emilia-romagna"},"schema":{"@context":"https:\/\/schema.org","@graph":[{"@type":"Article","@id":"https:\/\/www.reseau-entreprendre.org\/emilia-romagna\/2018\/05\/10\/si-fa-presto-a-dire-start-up\/#article","isPartOf":{"@id":"https:\/\/www.reseau-entreprendre.org\/emilia-romagna\/2018\/05\/10\/si-fa-presto-a-dire-start-up\/"},"author":{"name":"emilia-romagna","@id":"https:\/\/www.reseau-entreprendre.org\/emilia-romagna\/#\/schema\/person\/033a3fc392e041c6bf2cd643440c563a"},"headline":"SI FA PRESTO A DIRE START UP","datePublished":"2018-05-10T09:14:08+00:00","dateModified":"2022-04-12T10:21:29+00:00","mainEntityOfPage":{"@id":"https:\/\/www.reseau-entreprendre.org\/emilia-romagna\/2018\/05\/10\/si-fa-presto-a-dire-start-up\/"},"wordCount":89,"image":{"@id":"https:\/\/www.reseau-entreprendre.org\/emilia-romagna\/2018\/05\/10\/si-fa-presto-a-dire-start-up\/#primaryimage"},"thumbnailUrl":"https:\/\/www.reseau-entreprendre.org\/emilia-romagna\/wp-content\/uploads\/sites\/68\/2018\/05\/GSF_2018_TRASP_HD-1.png","articleSection":["ATTUALITA"],"inLanguage":"it-IT"},{"@type":"WebPage","@id":"https:\/\/www.reseau-entreprendre.org\/emilia-romagna\/2018\/05\/10\/si-fa-presto-a-dire-start-up\/","url":"https:\/\/www.reseau-entreprendre.org\/emilia-romagna\/2018\/05\/10\/si-fa-presto-a-dire-start-up\/","name":"SI FA PRESTO A DIRE START UP - R\u00e9seau Entreprendre Emilia Romagna","isPartOf":{"@id":"https:\/\/www.reseau-entreprendre.org\/emilia-romagna\/#website"},"primaryImageOfPage":{"@id":"https:\/\/www.reseau-entreprendre.org\/emilia-romagna\/2018\/05\/10\/si-fa-presto-a-dire-start-up\/#primaryimage"},"image":{"@id":"https:\/\/www.reseau-entreprendre.org\/emilia-romagna\/2018\/05\/10\/si-fa-presto-a-dire-start-up\/#primaryimage"},"thumbnailUrl":"https:\/\/www.reseau-entreprendre.org\/emilia-romagna\/wp-content\/uploads\/sites\/68\/2018\/05\/GSF_2018_TRASP_HD-1.png","datePublished":"2018-05-10T09:14:08+00:00","dateModified":"2022-04-12T10:21:29+00:00","author":{"@id":"https:\/\/www.reseau-entreprendre.org\/emilia-romagna\/#\/schema\/person\/033a3fc392e041c6bf2cd643440c563a"},"breadcrumb":{"@id":"https:\/\/www.reseau-entreprendre.org\/emilia-romagna\/2018\/05\/10\/si-fa-presto-a-dire-start-up\/#breadcrumb"},"inLanguage":"it-IT","potentialAction":[{"@type":"ReadAction","target":["https:\/\/www.reseau-entreprendre.org\/emilia-romagna\/2018\/05\/10\/si-fa-presto-a-dire-start-up\/"]}]},{"@type":"ImageObject","inLanguage":"it-IT","@id":"https:\/\/www.reseau-entreprendre.org\/emilia-romagna\/2018\/05\/10\/si-fa-presto-a-dire-start-up\/#primaryimage","url":"https:\/\/www.reseau-entreprendre.org\/emilia-romagna\/wp-content\/uploads\/sites\/68\/2018\/05\/GSF_2018_TRASP_HD-1.png","contentUrl":"https:\/\/www.reseau-entreprendre.org\/emilia-romagna\/wp-content\/uploads\/sites\/68\/2018\/05\/GSF_2018_TRASP_HD-1.png","width":1280,"height":720},{"@type":"BreadcrumbList","@id":"https:\/\/www.reseau-entreprendre.org\/emilia-romagna\/2018\/05\/10\/si-fa-presto-a-dire-start-up\/#breadcrumb","itemListElement":[{"@type":"ListItem","position":1,"name":"Accueil","item":"https:\/\/www.reseau-entreprendre.org\/emilia-romagna\/"},{"@type":"ListItem","position":2,"name":"SI FA PRESTO A DIRE START UP"}]},{"@type":"WebSite","@id":"https:\/\/www.reseau-entreprendre.org\/emilia-romagna\/#website","url":"https:\/\/www.reseau-entreprendre.org\/emilia-romagna\/","name":"R\u00e9seau Entreprendre Emilia Romagna","description":"Un site utilisant Les sites de R\u00e9seau Entreprendre","potentialAction":[{"@type":"SearchAction","target":{"@type":"EntryPoint","urlTemplate":"https:\/\/www.reseau-entreprendre.org\/emilia-romagna\/?s={search_term_string}"},"query-input":{"@type":"PropertyValueSpecification","valueRequired":true,"valueName":"search_term_string"}}],"inLanguage":"it-IT"},{"@type":"Person","@id":"https:\/\/www.reseau-entreprendre.org\/emilia-romagna\/#\/schema\/person\/033a3fc392e041c6bf2cd643440c563a","name":"emilia-romagna","image":{"@type":"ImageObject","inLanguage":"it-IT","@id":"https:\/\/secure.gravatar.com\/avatar\/8925ec0e642884aa6098ef6817ea277b9519ef9ce920d2fad3e40ddda4173671?s=96&d=mm&r=g","url":"https:\/\/secure.gravatar.com\/avatar\/8925ec0e642884aa6098ef6817ea277b9519ef9ce920d2fad3e40ddda4173671?s=96&d=mm&r=g","contentUrl":"https:\/\/secure.gravatar.com\/avatar\/8925ec0e642884aa6098ef6817ea277b9519ef9ce920d2fad3e40ddda4173671?s=96&d=mm&r=g","caption":"emilia-romagna"},"url":"https:\/\/www.reseau-entreprendre.org\/emilia-romagna\/author\/emilia-romagna\/"}]}},"_links":{"self":[{"href":"https:\/\/www.reseau-entreprendre.org\/emilia-romagna\/wp-json\/wp\/v2\/posts\/695","targetHints":{"allow":["GET"]}}],"collection":[{"href":"https:\/\/www.reseau-entreprendre.org\/emilia-romagna\/wp-json\/wp\/v2\/posts"}],"about":[{"href":"https:\/\/www.reseau-entreprendre.org\/emilia-romagna\/wp-json\/wp\/v2\/types\/post"}],"author":[{"embeddable":true,"href":"https:\/\/www.reseau-entreprendre.org\/emilia-romagna\/wp-json\/wp\/v2\/users\/74"}],"replies":[{"embeddable":true,"href":"https:\/\/www.reseau-entreprendre.org\/emilia-romagna\/wp-json\/wp\/v2\/comments?post=695"}],"version-history":[{"count":0,"href":"https:\/\/www.reseau-entreprendre.org\/emilia-romagna\/wp-json\/wp\/v2\/posts\/695\/revisions"}],"wp:featuredmedia":[{"embeddable":true,"href":"https:\/\/www.reseau-entreprendre.org\/emilia-romagna\/wp-json\/wp\/v2\/media\/696"}],"wp:attachment":[{"href":"https:\/\/www.reseau-entreprendre.org\/emilia-romagna\/wp-json\/wp\/v2\/media?parent=695"}],"wp:term":[{"taxonomy":"category","embeddable":true,"href":"https:\/\/www.reseau-entreprendre.org\/emilia-romagna\/wp-json\/wp\/v2\/categories?post=695"},{"taxonomy":"post_tag","embeddable":true,"href":"https:\/\/www.reseau-entreprendre.org\/emilia-romagna\/wp-json\/wp\/v2\/tags?post=695"}],"curies":[{"name":"wp","href":"https:\/\/api.w.org\/{rel}","templated":true}]}}