{"id":784,"date":"2018-10-27T20:03:20","date_gmt":"2018-10-27T18:03:20","guid":{"rendered":"https:\/\/www.reseau-entreprendre.org\/emilia-romagna\/?p=784"},"modified":"2022-04-12T12:21:29","modified_gmt":"2022-04-12T10:21:29","slug":"guido-ottolenghi","status":"publish","type":"post","link":"https:\/\/www.reseau-entreprendre.org\/emilia-romagna\/2018\/10\/27\/guido-ottolenghi\/","title":{"rendered":"Guido Ottolenghi"},"content":{"rendered":"<p><img loading=\"lazy\" decoding=\"async\" class=\"alignnone size-medium wp-image-778\" src=\"https:\/\/www.reseau-entreprendre.org\/emilia-romagna\/wp-content\/uploads\/sites\/68\/2018\/10\/OttolenghiGuido_Confindustria2-e1540654615426-300x200.jpg\" alt=\"\" width=\"300\" height=\"200\" srcset=\"https:\/\/www.reseau-entreprendre.org\/emilia-romagna\/wp-content\/uploads\/sites\/68\/2018\/10\/OttolenghiGuido_Confindustria2-e1540654615426-300x200.jpg 300w, https:\/\/www.reseau-entreprendre.org\/emilia-romagna\/wp-content\/uploads\/sites\/68\/2018\/10\/OttolenghiGuido_Confindustria2-e1540654615426.jpg 421w\" sizes=\"auto, (max-width: 300px) 100vw, 300px\" \/>\u00a0 \u00a0<img loading=\"lazy\" decoding=\"async\" class=\"alignnone  wp-image-787\" style=\"font-size: 1rem\" src=\"https:\/\/www.reseau-entreprendre.org\/emilia-romagna\/wp-content\/uploads\/sites\/68\/2018\/10\/download.jpg\" alt=\"\" width=\"164\" height=\"183\" \/><\/p>\n<p>&nbsp;<\/p>\n<p><span style=\"font-size: 1rem\">Direttore Generale e Amministratore Delegato della Petrolifera Italo Rumena Spa (PIR GROUP)\u00a0<\/span><\/p>\n<p><span style=\"font-size: 1rem\">\u00a0L&#8217;azienda si occupa di logistica portuale con depositi di propriet\u00e0 e in concessione a Ravenna, Genova, Albania e Tunisia. L&#8217;azienda fu fondata nel 1920 con soci Rumeni, che per\u00f2 uscirono nel 1926 e da allora \u00e8 interamente posseduta dalla famiglia Ottolenghi.<\/span><\/p>\n<p>Dal 1997 al 2001 amministratore di ALS SpA (in societ\u00e0 con la famiglia Bertola di Piacenza), societ\u00e0 di logistica integrata attiva in Italia, Francia e Spagna, ora Geodis Italia, SpA.<\/p>\n<p>Dal 2006 al 2012 amministratore di ISEO Serrature SpA (in societ\u00e0 con la famiglia Facchinetti di Brescia \u2013\u00a0leader nel settore delle serrature meccatroniche e complesse, con stabilimenti in Italia, Francia, Germania, e Spagna.<\/p>\n<p>Dal 2015 presidente di SITTAM srl, importante spedizioniere internazionale di Milano<\/p>\n<p>Dal 1996 esperienze in consigli di societ\u00e0 finanziarie tra cui Euromobiliare SpA, Banca Euromobiliare, Euromobiliare Asset Management SGR, Banca Intesa San Paolo Albania, BIAT &#8211; Banque International Arabe de Tunisie.<\/p>\n<p>Ha svolto pro bono attivit\u00e0 di gestione in associazioni morali, culturali e di assistenza agli anziani e curato il restauro di Villa Pliniana sul lago di Como<\/p>\n<p>PIR \u00e8 socia di Confindustria Ravenna dalla fondazione nel 1945, e la famiglia Ottolenghi, di Torino, \u00e8 vicina alla Confindustria dalla sua fondazione nel 1910. PIR \u00e8 socia di Unione Petrolifera dalla sua fondazione nel 1948, e socia di Assologistica.<\/p>\n<p>Guido Ottolenghi \u00e8 stato nel Consiglio Direttivo di Confindustria Ravenna, nel suo Comitato di Presidenza dal 2007 al 2011, anno in cui \u00e8 diventato presidente dell\u2019associazione, promuovendo l\u2019aggregazione con Forl\u00ec-Cesena e Rimini in Confindustria Romagna. \u00c8 membro del Consiglio Direttivo (organo ristretto) di Unione Petrolifera, e socio di Assologistica. Su richiesta di Confindustria Emilia Romagna \u00e8 stato presidente del confidi regionale, Fidindustria Emilia Romagna, dal 2013 a inizio 2015 per seguirne la ristrutturazione e ricapitalizzazione in seguito a un provvedimento di sospensione della Banca d&#8217;Italia. Dal 2014 \u00e8 membro del Consiglio Generale di Confindustria.<\/p>\n","protected":false},"excerpt":{"rendered":"<p>\u00a0 \u00a0 &nbsp; Direttore Generale e Amministratore Delegato della Petrolifera<\/p>\n","protected":false},"author":74,"featured_media":778,"comment_status":"closed","ping_status":"open","sticky":false,"template":"","format":"standard","meta":{"_acf_changed":false,"_monsterinsights_skip_tracking":false,"_monsterinsights_sitenote_active":false,"_monsterinsights_sitenote_note":"","_monsterinsights_sitenote_category":0,"footnotes":""},"categories":[6],"tags":[],"class_list":["post-784","post","type-post","status-publish","format-standard","has-post-thumbnail","hentry","category-temoignages-membres","testimonials"],"acf":[],"yoast_head":"<!-- This site is optimized with the Yoast SEO plugin v27.4 - https:\/\/yoast.com\/product\/yoast-seo-wordpress\/ -->\n<title>Guido Ottolenghi - R\u00e9seau Entreprendre Emilia Romagna<\/title>\n<meta name=\"robots\" content=\"index, follow, max-snippet:-1, max-image-preview:large, max-video-preview:-1\" \/>\n<link rel=\"canonical\" href=\"https:\/\/www.reseau-entreprendre.org\/emilia-romagna\/2018\/10\/27\/guido-ottolenghi\/\" \/>\n<meta property=\"og:locale\" content=\"it_IT\" \/>\n<meta property=\"og:type\" content=\"article\" \/>\n<meta property=\"og:title\" content=\"Guido Ottolenghi - R\u00e9seau Entreprendre Emilia Romagna\" \/>\n<meta property=\"og:description\" content=\"\u00a0 \u00a0 &nbsp; Direttore Generale e Amministratore Delegato della Petrolifera\" \/>\n<meta property=\"og:url\" content=\"https:\/\/www.reseau-entreprendre.org\/emilia-romagna\/2018\/10\/27\/guido-ottolenghi\/\" \/>\n<meta property=\"og:site_name\" content=\"R\u00e9seau Entreprendre Emilia Romagna\" \/>\n<meta property=\"article:published_time\" content=\"2018-10-27T18:03:20+00:00\" \/>\n<meta property=\"article:modified_time\" content=\"2022-04-12T10:21:29+00:00\" \/>\n<meta property=\"og:image\" content=\"https:\/\/www.reseau-entreprendre.org\/emilia-romagna\/wp-content\/uploads\/sites\/68\/2018\/10\/OttolenghiGuido_Confindustria2-e1540654615426.jpg\" \/>\n\t<meta property=\"og:image:width\" content=\"421\" \/>\n\t<meta property=\"og:image:height\" content=\"280\" \/>\n\t<meta property=\"og:image:type\" content=\"image\/jpeg\" \/>\n<meta name=\"author\" content=\"emilia-romagna\" \/>\n<meta name=\"twitter:card\" content=\"summary_large_image\" \/>\n<meta name=\"twitter:label1\" content=\"Scritto da\" \/>\n\t<meta name=\"twitter:data1\" content=\"emilia-romagna\" \/>\n\t<meta name=\"twitter:label2\" content=\"Tempo di lettura stimato\" \/>\n\t<meta name=\"twitter:data2\" content=\"1 minuto\" \/>\n<script type=\"application\/ld+json\" class=\"yoast-schema-graph\">{\"@context\":\"https:\\\/\\\/schema.org\",\"@graph\":[{\"@type\":\"Article\",\"@id\":\"https:\\\/\\\/www.reseau-entreprendre.org\\\/emilia-romagna\\\/2018\\\/10\\\/27\\\/guido-ottolenghi\\\/#article\",\"isPartOf\":{\"@id\":\"https:\\\/\\\/www.reseau-entreprendre.org\\\/emilia-romagna\\\/2018\\\/10\\\/27\\\/guido-ottolenghi\\\/\"},\"author\":{\"name\":\"emilia-romagna\",\"@id\":\"https:\\\/\\\/www.reseau-entreprendre.org\\\/emilia-romagna\\\/#\\\/schema\\\/person\\\/033a3fc392e041c6bf2cd643440c563a\"},\"headline\":\"Guido Ottolenghi\",\"datePublished\":\"2018-10-27T18:03:20+00:00\",\"dateModified\":\"2022-04-12T10:21:29+00:00\",\"mainEntityOfPage\":{\"@id\":\"https:\\\/\\\/www.reseau-entreprendre.org\\\/emilia-romagna\\\/2018\\\/10\\\/27\\\/guido-ottolenghi\\\/\"},\"wordCount\":302,\"image\":{\"@id\":\"https:\\\/\\\/www.reseau-entreprendre.org\\\/emilia-romagna\\\/2018\\\/10\\\/27\\\/guido-ottolenghi\\\/#primaryimage\"},\"thumbnailUrl\":\"https:\\\/\\\/www.reseau-entreprendre.org\\\/emilia-romagna\\\/wp-content\\\/uploads\\\/sites\\\/68\\\/2018\\\/10\\\/OttolenghiGuido_Confindustria2-e1540654615426.jpg\",\"articleSection\":[\"T\u00e9moignages membres\"],\"inLanguage\":\"it-IT\"},{\"@type\":\"WebPage\",\"@id\":\"https:\\\/\\\/www.reseau-entreprendre.org\\\/emilia-romagna\\\/2018\\\/10\\\/27\\\/guido-ottolenghi\\\/\",\"url\":\"https:\\\/\\\/www.reseau-entreprendre.org\\\/emilia-romagna\\\/2018\\\/10\\\/27\\\/guido-ottolenghi\\\/\",\"name\":\"Guido Ottolenghi - R\u00e9seau Entreprendre Emilia Romagna\",\"isPartOf\":{\"@id\":\"https:\\\/\\\/www.reseau-entreprendre.org\\\/emilia-romagna\\\/#website\"},\"primaryImageOfPage\":{\"@id\":\"https:\\\/\\\/www.reseau-entreprendre.org\\\/emilia-romagna\\\/2018\\\/10\\\/27\\\/guido-ottolenghi\\\/#primaryimage\"},\"image\":{\"@id\":\"https:\\\/\\\/www.reseau-entreprendre.org\\\/emilia-romagna\\\/2018\\\/10\\\/27\\\/guido-ottolenghi\\\/#primaryimage\"},\"thumbnailUrl\":\"https:\\\/\\\/www.reseau-entreprendre.org\\\/emilia-romagna\\\/wp-content\\\/uploads\\\/sites\\\/68\\\/2018\\\/10\\\/OttolenghiGuido_Confindustria2-e1540654615426.jpg\",\"datePublished\":\"2018-10-27T18:03:20+00:00\",\"dateModified\":\"2022-04-12T10:21:29+00:00\",\"author\":{\"@id\":\"https:\\\/\\\/www.reseau-entreprendre.org\\\/emilia-romagna\\\/#\\\/schema\\\/person\\\/033a3fc392e041c6bf2cd643440c563a\"},\"breadcrumb\":{\"@id\":\"https:\\\/\\\/www.reseau-entreprendre.org\\\/emilia-romagna\\\/2018\\\/10\\\/27\\\/guido-ottolenghi\\\/#breadcrumb\"},\"inLanguage\":\"it-IT\",\"potentialAction\":[{\"@type\":\"ReadAction\",\"target\":[\"https:\\\/\\\/www.reseau-entreprendre.org\\\/emilia-romagna\\\/2018\\\/10\\\/27\\\/guido-ottolenghi\\\/\"]}]},{\"@type\":\"ImageObject\",\"inLanguage\":\"it-IT\",\"@id\":\"https:\\\/\\\/www.reseau-entreprendre.org\\\/emilia-romagna\\\/2018\\\/10\\\/27\\\/guido-ottolenghi\\\/#primaryimage\",\"url\":\"https:\\\/\\\/www.reseau-entreprendre.org\\\/emilia-romagna\\\/wp-content\\\/uploads\\\/sites\\\/68\\\/2018\\\/10\\\/OttolenghiGuido_Confindustria2-e1540654615426.jpg\",\"contentUrl\":\"https:\\\/\\\/www.reseau-entreprendre.org\\\/emilia-romagna\\\/wp-content\\\/uploads\\\/sites\\\/68\\\/2018\\\/10\\\/OttolenghiGuido_Confindustria2-e1540654615426.jpg\",\"width\":421,\"height\":280},{\"@type\":\"BreadcrumbList\",\"@id\":\"https:\\\/\\\/www.reseau-entreprendre.org\\\/emilia-romagna\\\/2018\\\/10\\\/27\\\/guido-ottolenghi\\\/#breadcrumb\",\"itemListElement\":[{\"@type\":\"ListItem\",\"position\":1,\"name\":\"Accueil\",\"item\":\"https:\\\/\\\/www.reseau-entreprendre.org\\\/emilia-romagna\\\/\"},{\"@type\":\"ListItem\",\"position\":2,\"name\":\"Guido Ottolenghi\"}]},{\"@type\":\"WebSite\",\"@id\":\"https:\\\/\\\/www.reseau-entreprendre.org\\\/emilia-romagna\\\/#website\",\"url\":\"https:\\\/\\\/www.reseau-entreprendre.org\\\/emilia-romagna\\\/\",\"name\":\"R\u00e9seau Entreprendre Emilia Romagna\",\"description\":\"Un site utilisant Les sites de R\u00e9seau Entreprendre\",\"potentialAction\":[{\"@type\":\"SearchAction\",\"target\":{\"@type\":\"EntryPoint\",\"urlTemplate\":\"https:\\\/\\\/www.reseau-entreprendre.org\\\/emilia-romagna\\\/?s={search_term_string}\"},\"query-input\":{\"@type\":\"PropertyValueSpecification\",\"valueRequired\":true,\"valueName\":\"search_term_string\"}}],\"inLanguage\":\"it-IT\"},{\"@type\":\"Person\",\"@id\":\"https:\\\/\\\/www.reseau-entreprendre.org\\\/emilia-romagna\\\/#\\\/schema\\\/person\\\/033a3fc392e041c6bf2cd643440c563a\",\"name\":\"emilia-romagna\",\"image\":{\"@type\":\"ImageObject\",\"inLanguage\":\"it-IT\",\"@id\":\"https:\\\/\\\/secure.gravatar.com\\\/avatar\\\/8925ec0e642884aa6098ef6817ea277b9519ef9ce920d2fad3e40ddda4173671?s=96&d=mm&r=g\",\"url\":\"https:\\\/\\\/secure.gravatar.com\\\/avatar\\\/8925ec0e642884aa6098ef6817ea277b9519ef9ce920d2fad3e40ddda4173671?s=96&d=mm&r=g\",\"contentUrl\":\"https:\\\/\\\/secure.gravatar.com\\\/avatar\\\/8925ec0e642884aa6098ef6817ea277b9519ef9ce920d2fad3e40ddda4173671?s=96&d=mm&r=g\",\"caption\":\"emilia-romagna\"},\"url\":\"https:\\\/\\\/www.reseau-entreprendre.org\\\/emilia-romagna\\\/author\\\/emilia-romagna\\\/\"}]}<\/script>\n<!-- \/ Yoast SEO plugin. -->","yoast_head_json":{"title":"Guido Ottolenghi - R\u00e9seau Entreprendre Emilia Romagna","robots":{"index":"index","follow":"follow","max-snippet":"max-snippet:-1","max-image-preview":"max-image-preview:large","max-video-preview":"max-video-preview:-1"},"canonical":"https:\/\/www.reseau-entreprendre.org\/emilia-romagna\/2018\/10\/27\/guido-ottolenghi\/","og_locale":"it_IT","og_type":"article","og_title":"Guido Ottolenghi - R\u00e9seau Entreprendre Emilia Romagna","og_description":"\u00a0 \u00a0 &nbsp; Direttore Generale e Amministratore Delegato della Petrolifera","og_url":"https:\/\/www.reseau-entreprendre.org\/emilia-romagna\/2018\/10\/27\/guido-ottolenghi\/","og_site_name":"R\u00e9seau Entreprendre Emilia Romagna","article_published_time":"2018-10-27T18:03:20+00:00","article_modified_time":"2022-04-12T10:21:29+00:00","og_image":[{"width":421,"height":280,"url":"https:\/\/www.reseau-entreprendre.org\/emilia-romagna\/wp-content\/uploads\/sites\/68\/2018\/10\/OttolenghiGuido_Confindustria2-e1540654615426.jpg","type":"image\/jpeg"}],"author":"emilia-romagna","twitter_card":"summary_large_image","twitter_misc":{"Scritto da":"emilia-romagna","Tempo di lettura stimato":"1 minuto"},"schema":{"@context":"https:\/\/schema.org","@graph":[{"@type":"Article","@id":"https:\/\/www.reseau-entreprendre.org\/emilia-romagna\/2018\/10\/27\/guido-ottolenghi\/#article","isPartOf":{"@id":"https:\/\/www.reseau-entreprendre.org\/emilia-romagna\/2018\/10\/27\/guido-ottolenghi\/"},"author":{"name":"emilia-romagna","@id":"https:\/\/www.reseau-entreprendre.org\/emilia-romagna\/#\/schema\/person\/033a3fc392e041c6bf2cd643440c563a"},"headline":"Guido Ottolenghi","datePublished":"2018-10-27T18:03:20+00:00","dateModified":"2022-04-12T10:21:29+00:00","mainEntityOfPage":{"@id":"https:\/\/www.reseau-entreprendre.org\/emilia-romagna\/2018\/10\/27\/guido-ottolenghi\/"},"wordCount":302,"image":{"@id":"https:\/\/www.reseau-entreprendre.org\/emilia-romagna\/2018\/10\/27\/guido-ottolenghi\/#primaryimage"},"thumbnailUrl":"https:\/\/www.reseau-entreprendre.org\/emilia-romagna\/wp-content\/uploads\/sites\/68\/2018\/10\/OttolenghiGuido_Confindustria2-e1540654615426.jpg","articleSection":["T\u00e9moignages membres"],"inLanguage":"it-IT"},{"@type":"WebPage","@id":"https:\/\/www.reseau-entreprendre.org\/emilia-romagna\/2018\/10\/27\/guido-ottolenghi\/","url":"https:\/\/www.reseau-entreprendre.org\/emilia-romagna\/2018\/10\/27\/guido-ottolenghi\/","name":"Guido Ottolenghi - R\u00e9seau Entreprendre Emilia Romagna","isPartOf":{"@id":"https:\/\/www.reseau-entreprendre.org\/emilia-romagna\/#website"},"primaryImageOfPage":{"@id":"https:\/\/www.reseau-entreprendre.org\/emilia-romagna\/2018\/10\/27\/guido-ottolenghi\/#primaryimage"},"image":{"@id":"https:\/\/www.reseau-entreprendre.org\/emilia-romagna\/2018\/10\/27\/guido-ottolenghi\/#primaryimage"},"thumbnailUrl":"https:\/\/www.reseau-entreprendre.org\/emilia-romagna\/wp-content\/uploads\/sites\/68\/2018\/10\/OttolenghiGuido_Confindustria2-e1540654615426.jpg","datePublished":"2018-10-27T18:03:20+00:00","dateModified":"2022-04-12T10:21:29+00:00","author":{"@id":"https:\/\/www.reseau-entreprendre.org\/emilia-romagna\/#\/schema\/person\/033a3fc392e041c6bf2cd643440c563a"},"breadcrumb":{"@id":"https:\/\/www.reseau-entreprendre.org\/emilia-romagna\/2018\/10\/27\/guido-ottolenghi\/#breadcrumb"},"inLanguage":"it-IT","potentialAction":[{"@type":"ReadAction","target":["https:\/\/www.reseau-entreprendre.org\/emilia-romagna\/2018\/10\/27\/guido-ottolenghi\/"]}]},{"@type":"ImageObject","inLanguage":"it-IT","@id":"https:\/\/www.reseau-entreprendre.org\/emilia-romagna\/2018\/10\/27\/guido-ottolenghi\/#primaryimage","url":"https:\/\/www.reseau-entreprendre.org\/emilia-romagna\/wp-content\/uploads\/sites\/68\/2018\/10\/OttolenghiGuido_Confindustria2-e1540654615426.jpg","contentUrl":"https:\/\/www.reseau-entreprendre.org\/emilia-romagna\/wp-content\/uploads\/sites\/68\/2018\/10\/OttolenghiGuido_Confindustria2-e1540654615426.jpg","width":421,"height":280},{"@type":"BreadcrumbList","@id":"https:\/\/www.reseau-entreprendre.org\/emilia-romagna\/2018\/10\/27\/guido-ottolenghi\/#breadcrumb","itemListElement":[{"@type":"ListItem","position":1,"name":"Accueil","item":"https:\/\/www.reseau-entreprendre.org\/emilia-romagna\/"},{"@type":"ListItem","position":2,"name":"Guido Ottolenghi"}]},{"@type":"WebSite","@id":"https:\/\/www.reseau-entreprendre.org\/emilia-romagna\/#website","url":"https:\/\/www.reseau-entreprendre.org\/emilia-romagna\/","name":"R\u00e9seau Entreprendre Emilia Romagna","description":"Un site utilisant Les sites de R\u00e9seau Entreprendre","potentialAction":[{"@type":"SearchAction","target":{"@type":"EntryPoint","urlTemplate":"https:\/\/www.reseau-entreprendre.org\/emilia-romagna\/?s={search_term_string}"},"query-input":{"@type":"PropertyValueSpecification","valueRequired":true,"valueName":"search_term_string"}}],"inLanguage":"it-IT"},{"@type":"Person","@id":"https:\/\/www.reseau-entreprendre.org\/emilia-romagna\/#\/schema\/person\/033a3fc392e041c6bf2cd643440c563a","name":"emilia-romagna","image":{"@type":"ImageObject","inLanguage":"it-IT","@id":"https:\/\/secure.gravatar.com\/avatar\/8925ec0e642884aa6098ef6817ea277b9519ef9ce920d2fad3e40ddda4173671?s=96&d=mm&r=g","url":"https:\/\/secure.gravatar.com\/avatar\/8925ec0e642884aa6098ef6817ea277b9519ef9ce920d2fad3e40ddda4173671?s=96&d=mm&r=g","contentUrl":"https:\/\/secure.gravatar.com\/avatar\/8925ec0e642884aa6098ef6817ea277b9519ef9ce920d2fad3e40ddda4173671?s=96&d=mm&r=g","caption":"emilia-romagna"},"url":"https:\/\/www.reseau-entreprendre.org\/emilia-romagna\/author\/emilia-romagna\/"}]}},"_links":{"self":[{"href":"https:\/\/www.reseau-entreprendre.org\/emilia-romagna\/wp-json\/wp\/v2\/posts\/784","targetHints":{"allow":["GET"]}}],"collection":[{"href":"https:\/\/www.reseau-entreprendre.org\/emilia-romagna\/wp-json\/wp\/v2\/posts"}],"about":[{"href":"https:\/\/www.reseau-entreprendre.org\/emilia-romagna\/wp-json\/wp\/v2\/types\/post"}],"author":[{"embeddable":true,"href":"https:\/\/www.reseau-entreprendre.org\/emilia-romagna\/wp-json\/wp\/v2\/users\/74"}],"replies":[{"embeddable":true,"href":"https:\/\/www.reseau-entreprendre.org\/emilia-romagna\/wp-json\/wp\/v2\/comments?post=784"}],"version-history":[{"count":0,"href":"https:\/\/www.reseau-entreprendre.org\/emilia-romagna\/wp-json\/wp\/v2\/posts\/784\/revisions"}],"wp:featuredmedia":[{"embeddable":true,"href":"https:\/\/www.reseau-entreprendre.org\/emilia-romagna\/wp-json\/wp\/v2\/media\/778"}],"wp:attachment":[{"href":"https:\/\/www.reseau-entreprendre.org\/emilia-romagna\/wp-json\/wp\/v2\/media?parent=784"}],"wp:term":[{"taxonomy":"category","embeddable":true,"href":"https:\/\/www.reseau-entreprendre.org\/emilia-romagna\/wp-json\/wp\/v2\/categories?post=784"},{"taxonomy":"post_tag","embeddable":true,"href":"https:\/\/www.reseau-entreprendre.org\/emilia-romagna\/wp-json\/wp\/v2\/tags?post=784"}],"curies":[{"name":"wp","href":"https:\/\/api.w.org\/{rel}","templated":true}]}}