{"id":4346,"date":"2025-04-17T14:16:00","date_gmt":"2025-04-17T12:16:00","guid":{"rendered":"https:\/\/www.reseau-entreprendre.org\/essonne\/?p=4346"},"modified":"2025-06-30T14:18:48","modified_gmt":"2025-06-30T12:18:48","slug":"%f0%9f%8c%b1-bienvenue-a-cameron-fyfe-andreas-hausot-nouveaux-laureats-2025-%f0%9f%8e%89","status":"publish","type":"post","link":"https:\/\/www.reseau-entreprendre.org\/essonne\/2025\/04\/17\/%f0%9f%8c%b1-bienvenue-a-cameron-fyfe-andreas-hausot-nouveaux-laureats-2025-%f0%9f%8e%89\/","title":{"rendered":"&#x1f331; Bienvenue \u00e0 Cameron Fyfe &amp; Andreas Hausot, nouveaux laur\u00e9ats 2025 ! &#x1f389;"},"content":{"rendered":"<div class=\"wp-block-image\">\n<figure class=\"aligncenter size-full is-resized\"><img loading=\"lazy\" decoding=\"async\" width=\"800\" height=\"800\" src=\"https:\/\/www.reseau-entreprendre.org\/essonne\/wp-content\/uploads\/sites\/16\/2025\/06\/laureats.synanthra.jpeg\" alt=\"\" class=\"wp-image-4347\" style=\"width:429px;height:auto\" srcset=\"https:\/\/www.reseau-entreprendre.org\/essonne\/wp-content\/uploads\/sites\/16\/2025\/06\/laureats.synanthra.jpeg 800w, https:\/\/www.reseau-entreprendre.org\/essonne\/wp-content\/uploads\/sites\/16\/2025\/06\/laureats.synanthra-300x300.jpeg 300w, https:\/\/www.reseau-entreprendre.org\/essonne\/wp-content\/uploads\/sites\/16\/2025\/06\/laureats.synanthra-150x150.jpeg 150w, https:\/\/www.reseau-entreprendre.org\/essonne\/wp-content\/uploads\/sites\/16\/2025\/06\/laureats.synanthra-768x768.jpeg 768w, https:\/\/www.reseau-entreprendre.org\/essonne\/wp-content\/uploads\/sites\/16\/2025\/06\/laureats.synanthra-500x500.jpeg 500w, https:\/\/www.reseau-entreprendre.org\/essonne\/wp-content\/uploads\/sites\/16\/2025\/06\/laureats.synanthra-130x130.jpeg 130w, https:\/\/www.reseau-entreprendre.org\/essonne\/wp-content\/uploads\/sites\/16\/2025\/06\/laureats.synanthra-100x100.jpeg 100w\" sizes=\"auto, (max-width: 800px) 100vw, 800px\" \/><\/figure>\n<\/div>\n\n\n<p>Nous sommes ravis d\u2019accueillir au sein de notre r\u00e9seau <strong>les fondateurs de Synanthra<\/strong>, une startup qui s\u2019attaque \u00e0 un enjeu environnemental majeur : la production durable d\u2019ammoniac.<\/p>\n\n\n\n<p>&#x1f4a1; <strong>Synanthra r\u00e9volutionne l\u2019industrie de l\u2019ammoniac<\/strong> en proposant une alternative innovante et respectueuse de l\u2019environnement.<br>Aujourd\u2019hui, la production d\u2019ammoniac \u2014 essentielle pour l\u2019agriculture et les engrais \u2014 est responsable d\u2019une part importante des \u00e9missions mondiales de CO\u2082. Cameron et Andreas ont d\u00e9cid\u00e9 de changer cela.<\/p>\n\n\n\n<p>&#x1f30d; Leur solution ? Une <strong>m\u00e9thode naturelle bas\u00e9e sur des micro-organismes<\/strong>, capable de produire de <strong>l\u2019ammoniac vert<\/strong>, avec une empreinte carbone drastiquement r\u00e9duite.<\/p>\n\n\n\n<p>Une innovation de rupture qui m\u00eale <strong>biotechnologie, impact environnemental et enjeux industriels<\/strong>, au service d\u2019une agriculture plus propre et plus durable.<\/p>\n\n\n\n<p>&#x1f44f; Bravo \u00e0 eux pour leur engagement et leur vision tourn\u00e9e vers l\u2019avenir ! Nous sommes fiers de les accompagner dans cette aventure entrepreneuriale.<\/p>\n\n\n\n<hr class=\"wp-block-separator has-alpha-channel-opacity\" \/>\n\n\n\n<p>&#x1f91d; <strong>Envie de soutenir des projets \u00e0 impact comme Synanthra ?<\/strong><br>Devenez membre b\u00e9n\u00e9vole de <strong>R\u00e9seau Entreprendre Essonne<\/strong> et accompagnez les entrepreneurs de demain.<br>&#x1f331; Plus d\u2019infos \u2192 <a href=\"https:\/\/www.reseau-entreprendre.org\/essonne\/sengager\/\">Cliquez ici<\/a><\/p>\n\n\n\n<p><\/p>\n","protected":false},"excerpt":{"rendered":"<p>Nous sommes ravis d\u2019accueillir au sein de notre r\u00e9seau les<\/p>\n","protected":false},"author":112,"featured_media":4347,"comment_status":"closed","ping_status":"closed","sticky":false,"template":"","format":"standard","meta":{"_acf_changed":false,"_monsterinsights_skip_tracking":false,"_monsterinsights_sitenote_active":false,"_monsterinsights_sitenote_note":"","_monsterinsights_sitenote_category":0,"footnotes":""},"categories":[4],"tags":[],"class_list":["post-4346","post","type-post","status-publish","format-standard","has-post-thumbnail","hentry","category-actualites","news"],"acf":[],"yoast_head":"<!-- This site is optimized with the Yoast SEO plugin v27.4 - https:\/\/yoast.com\/product\/yoast-seo-wordpress\/ -->\n<title>&#x1f331; Bienvenue \u00e0 Cameron Fyfe &amp; Andreas Hausot, nouveaux laur\u00e9ats 2025 ! &#x1f389; - R\u00e9seau Entreprendre Essonne<\/title>\n<meta name=\"description\" content=\"Nous sommes ravis d\u2019accueillir au sein de notre r\u00e9seau les fondateurs de Synanthra, une startup qui s\u2019attaque \u00e0 un enjeu environnemental majeur : la production durable d\u2019ammoniac.\" \/>\n<meta name=\"robots\" content=\"index, follow, max-snippet:-1, max-image-preview:large, max-video-preview:-1\" \/>\n<link rel=\"canonical\" href=\"https:\/\/www.reseau-entreprendre.org\/essonne\/2025\/04\/17\/\ud83c\udf31-bienvenue-a-cameron-fyfe-andreas-hausot-nouveaux-laureats-2025-\ud83c\udf89\/\" \/>\n<meta property=\"og:locale\" content=\"fr_FR\" \/>\n<meta property=\"og:type\" content=\"article\" \/>\n<meta property=\"og:title\" content=\"&#x1f331; Bienvenue \u00e0 Cameron Fyfe &amp; Andreas Hausot, nouveaux laur\u00e9ats 2025 ! &#x1f389; - R\u00e9seau Entreprendre Essonne\" \/>\n<meta property=\"og:description\" content=\"Nous sommes ravis d\u2019accueillir au sein de notre r\u00e9seau les fondateurs de Synanthra, une startup qui s\u2019attaque \u00e0 un enjeu environnemental majeur : la production durable d\u2019ammoniac.\" \/>\n<meta property=\"og:url\" content=\"https:\/\/www.reseau-entreprendre.org\/essonne\/2025\/04\/17\/\ud83c\udf31-bienvenue-a-cameron-fyfe-andreas-hausot-nouveaux-laureats-2025-\ud83c\udf89\/\" \/>\n<meta property=\"og:site_name\" content=\"R\u00e9seau Entreprendre Essonne\" \/>\n<meta property=\"article:published_time\" content=\"2025-04-17T12:16:00+00:00\" \/>\n<meta property=\"article:modified_time\" content=\"2025-06-30T12:18:48+00:00\" \/>\n<meta property=\"og:image\" content=\"https:\/\/www.reseau-entreprendre.org\/essonne\/wp-content\/uploads\/sites\/16\/2025\/06\/laureats.synanthra.jpeg\" \/>\n\t<meta property=\"og:image:width\" content=\"800\" \/>\n\t<meta property=\"og:image:height\" content=\"800\" \/>\n\t<meta property=\"og:image:type\" content=\"image\/jpeg\" \/>\n<meta name=\"author\" content=\"Andr\u00e9a ALVES\" \/>\n<meta name=\"twitter:card\" content=\"summary_large_image\" \/>\n<meta name=\"twitter:label1\" content=\"\u00c9crit par\" \/>\n\t<meta name=\"twitter:data1\" content=\"Andr\u00e9a ALVES\" \/>\n\t<meta name=\"twitter:label2\" content=\"Dur\u00e9e de lecture estim\u00e9e\" \/>\n\t<meta name=\"twitter:data2\" content=\"2 minutes\" \/>\n<script type=\"application\/ld+json\" class=\"yoast-schema-graph\">{\"@context\":\"https:\\\/\\\/schema.org\",\"@graph\":[{\"@type\":\"Article\",\"@id\":\"https:\\\/\\\/www.reseau-entreprendre.org\\\/essonne\\\/2025\\\/04\\\/17\\\/%f0%9f%8c%b1-bienvenue-a-cameron-fyfe-andreas-hausot-nouveaux-laureats-2025-%f0%9f%8e%89\\\/#article\",\"isPartOf\":{\"@id\":\"https:\\\/\\\/www.reseau-entreprendre.org\\\/essonne\\\/2025\\\/04\\\/17\\\/%f0%9f%8c%b1-bienvenue-a-cameron-fyfe-andreas-hausot-nouveaux-laureats-2025-%f0%9f%8e%89\\\/\"},\"author\":{\"name\":\"Andr\u00e9a ALVES\",\"@id\":\"https:\\\/\\\/www.reseau-entreprendre.org\\\/essonne\\\/#\\\/schema\\\/person\\\/c4ed833d37f3f0270c8d6b77016e5e84\"},\"headline\":\"&#x1f331; Bienvenue \u00e0 Cameron Fyfe &amp; Andreas Hausot, nouveaux laur\u00e9ats 2025 ! &#x1f389;\",\"datePublished\":\"2025-04-17T12:16:00+00:00\",\"dateModified\":\"2025-06-30T12:18:48+00:00\",\"mainEntityOfPage\":{\"@id\":\"https:\\\/\\\/www.reseau-entreprendre.org\\\/essonne\\\/2025\\\/04\\\/17\\\/%f0%9f%8c%b1-bienvenue-a-cameron-fyfe-andreas-hausot-nouveaux-laureats-2025-%f0%9f%8e%89\\\/\"},\"wordCount\":207,\"image\":{\"@id\":\"https:\\\/\\\/www.reseau-entreprendre.org\\\/essonne\\\/2025\\\/04\\\/17\\\/%f0%9f%8c%b1-bienvenue-a-cameron-fyfe-andreas-hausot-nouveaux-laureats-2025-%f0%9f%8e%89\\\/#primaryimage\"},\"thumbnailUrl\":\"https:\\\/\\\/www.reseau-entreprendre.org\\\/essonne\\\/wp-content\\\/uploads\\\/sites\\\/16\\\/2025\\\/06\\\/laureats.synanthra.jpeg\",\"articleSection\":[\"Actualit\u00e9s\"],\"inLanguage\":\"fr-FR\"},{\"@type\":\"WebPage\",\"@id\":\"https:\\\/\\\/www.reseau-entreprendre.org\\\/essonne\\\/2025\\\/04\\\/17\\\/%f0%9f%8c%b1-bienvenue-a-cameron-fyfe-andreas-hausot-nouveaux-laureats-2025-%f0%9f%8e%89\\\/\",\"url\":\"https:\\\/\\\/www.reseau-entreprendre.org\\\/essonne\\\/2025\\\/04\\\/17\\\/%f0%9f%8c%b1-bienvenue-a-cameron-fyfe-andreas-hausot-nouveaux-laureats-2025-%f0%9f%8e%89\\\/\",\"name\":\"&#x1f331; Bienvenue \u00e0 Cameron Fyfe &amp; Andreas Hausot, nouveaux laur\u00e9ats 2025 ! &#x1f389; - R\u00e9seau Entreprendre Essonne\",\"isPartOf\":{\"@id\":\"https:\\\/\\\/www.reseau-entreprendre.org\\\/essonne\\\/#website\"},\"primaryImageOfPage\":{\"@id\":\"https:\\\/\\\/www.reseau-entreprendre.org\\\/essonne\\\/2025\\\/04\\\/17\\\/%f0%9f%8c%b1-bienvenue-a-cameron-fyfe-andreas-hausot-nouveaux-laureats-2025-%f0%9f%8e%89\\\/#primaryimage\"},\"image\":{\"@id\":\"https:\\\/\\\/www.reseau-entreprendre.org\\\/essonne\\\/2025\\\/04\\\/17\\\/%f0%9f%8c%b1-bienvenue-a-cameron-fyfe-andreas-hausot-nouveaux-laureats-2025-%f0%9f%8e%89\\\/#primaryimage\"},\"thumbnailUrl\":\"https:\\\/\\\/www.reseau-entreprendre.org\\\/essonne\\\/wp-content\\\/uploads\\\/sites\\\/16\\\/2025\\\/06\\\/laureats.synanthra.jpeg\",\"datePublished\":\"2025-04-17T12:16:00+00:00\",\"dateModified\":\"2025-06-30T12:18:48+00:00\",\"author\":{\"@id\":\"https:\\\/\\\/www.reseau-entreprendre.org\\\/essonne\\\/#\\\/schema\\\/person\\\/c4ed833d37f3f0270c8d6b77016e5e84\"},\"description\":\"Nous sommes ravis d\u2019accueillir au sein de notre r\u00e9seau les fondateurs de Synanthra, une startup qui s\u2019attaque \u00e0 un enjeu environnemental majeur : la production durable d\u2019ammoniac.\",\"breadcrumb\":{\"@id\":\"https:\\\/\\\/www.reseau-entreprendre.org\\\/essonne\\\/2025\\\/04\\\/17\\\/%f0%9f%8c%b1-bienvenue-a-cameron-fyfe-andreas-hausot-nouveaux-laureats-2025-%f0%9f%8e%89\\\/#breadcrumb\"},\"inLanguage\":\"fr-FR\",\"potentialAction\":[{\"@type\":\"ReadAction\",\"target\":[\"https:\\\/\\\/www.reseau-entreprendre.org\\\/essonne\\\/2025\\\/04\\\/17\\\/%f0%9f%8c%b1-bienvenue-a-cameron-fyfe-andreas-hausot-nouveaux-laureats-2025-%f0%9f%8e%89\\\/\"]}]},{\"@type\":\"ImageObject\",\"inLanguage\":\"fr-FR\",\"@id\":\"https:\\\/\\\/www.reseau-entreprendre.org\\\/essonne\\\/2025\\\/04\\\/17\\\/%f0%9f%8c%b1-bienvenue-a-cameron-fyfe-andreas-hausot-nouveaux-laureats-2025-%f0%9f%8e%89\\\/#primaryimage\",\"url\":\"https:\\\/\\\/www.reseau-entreprendre.org\\\/essonne\\\/wp-content\\\/uploads\\\/sites\\\/16\\\/2025\\\/06\\\/laureats.synanthra.jpeg\",\"contentUrl\":\"https:\\\/\\\/www.reseau-entreprendre.org\\\/essonne\\\/wp-content\\\/uploads\\\/sites\\\/16\\\/2025\\\/06\\\/laureats.synanthra.jpeg\",\"width\":800,\"height\":800,\"caption\":\"synanthra\"},{\"@type\":\"BreadcrumbList\",\"@id\":\"https:\\\/\\\/www.reseau-entreprendre.org\\\/essonne\\\/2025\\\/04\\\/17\\\/%f0%9f%8c%b1-bienvenue-a-cameron-fyfe-andreas-hausot-nouveaux-laureats-2025-%f0%9f%8e%89\\\/#breadcrumb\",\"itemListElement\":[{\"@type\":\"ListItem\",\"position\":1,\"name\":\"Accueil\",\"item\":\"https:\\\/\\\/www.reseau-entreprendre.org\\\/essonne\\\/\"},{\"@type\":\"ListItem\",\"position\":2,\"name\":\"&#x1f331; Bienvenue \u00e0 Cameron Fyfe &amp; Andreas Hausot, nouveaux laur\u00e9ats 2025 ! &#x1f389;\"}]},{\"@type\":\"WebSite\",\"@id\":\"https:\\\/\\\/www.reseau-entreprendre.org\\\/essonne\\\/#website\",\"url\":\"https:\\\/\\\/www.reseau-entreprendre.org\\\/essonne\\\/\",\"name\":\"R\u00e9seau Entreprendre Essonne\",\"description\":\"\",\"potentialAction\":[{\"@type\":\"SearchAction\",\"target\":{\"@type\":\"EntryPoint\",\"urlTemplate\":\"https:\\\/\\\/www.reseau-entreprendre.org\\\/essonne\\\/?s={search_term_string}\"},\"query-input\":{\"@type\":\"PropertyValueSpecification\",\"valueRequired\":true,\"valueName\":\"search_term_string\"}}],\"inLanguage\":\"fr-FR\"},{\"@type\":\"Person\",\"@id\":\"https:\\\/\\\/www.reseau-entreprendre.org\\\/essonne\\\/#\\\/schema\\\/person\\\/c4ed833d37f3f0270c8d6b77016e5e84\",\"name\":\"Andr\u00e9a ALVES\",\"image\":{\"@type\":\"ImageObject\",\"inLanguage\":\"fr-FR\",\"@id\":\"https:\\\/\\\/secure.gravatar.com\\\/avatar\\\/1da4f0766eed273f9b84ca6b9c47e71c0b137567c0cc615ca5a22a520701c103?s=96&d=mm&r=g\",\"url\":\"https:\\\/\\\/secure.gravatar.com\\\/avatar\\\/1da4f0766eed273f9b84ca6b9c47e71c0b137567c0cc615ca5a22a520701c103?s=96&d=mm&r=g\",\"contentUrl\":\"https:\\\/\\\/secure.gravatar.com\\\/avatar\\\/1da4f0766eed273f9b84ca6b9c47e71c0b137567c0cc615ca5a22a520701c103?s=96&d=mm&r=g\",\"caption\":\"Andr\u00e9a ALVES\"},\"url\":\"https:\\\/\\\/www.reseau-entreprendre.org\\\/essonne\\\/author\\\/aalves\\\/\"}]}<\/script>\n<!-- \/ Yoast SEO plugin. -->","yoast_head_json":{"title":"&#x1f331; Bienvenue \u00e0 Cameron Fyfe &amp; Andreas Hausot, nouveaux laur\u00e9ats 2025 ! &#x1f389; - R\u00e9seau Entreprendre Essonne","description":"Nous sommes ravis d\u2019accueillir au sein de notre r\u00e9seau les fondateurs de Synanthra, une startup qui s\u2019attaque \u00e0 un enjeu environnemental majeur : la production durable d\u2019ammoniac.","robots":{"index":"index","follow":"follow","max-snippet":"max-snippet:-1","max-image-preview":"max-image-preview:large","max-video-preview":"max-video-preview:-1"},"canonical":"https:\/\/www.reseau-entreprendre.org\/essonne\/2025\/04\/17\/\ud83c\udf31-bienvenue-a-cameron-fyfe-andreas-hausot-nouveaux-laureats-2025-\ud83c\udf89\/","og_locale":"fr_FR","og_type":"article","og_title":"&#x1f331; Bienvenue \u00e0 Cameron Fyfe &amp; Andreas Hausot, nouveaux laur\u00e9ats 2025 ! &#x1f389; - R\u00e9seau Entreprendre Essonne","og_description":"Nous sommes ravis d\u2019accueillir au sein de notre r\u00e9seau les fondateurs de Synanthra, une startup qui s\u2019attaque \u00e0 un enjeu environnemental majeur : la production durable d\u2019ammoniac.","og_url":"https:\/\/www.reseau-entreprendre.org\/essonne\/2025\/04\/17\/\ud83c\udf31-bienvenue-a-cameron-fyfe-andreas-hausot-nouveaux-laureats-2025-\ud83c\udf89\/","og_site_name":"R\u00e9seau Entreprendre Essonne","article_published_time":"2025-04-17T12:16:00+00:00","article_modified_time":"2025-06-30T12:18:48+00:00","og_image":[{"width":800,"height":800,"url":"https:\/\/www.reseau-entreprendre.org\/essonne\/wp-content\/uploads\/sites\/16\/2025\/06\/laureats.synanthra.jpeg","type":"image\/jpeg"}],"author":"Andr\u00e9a ALVES","twitter_card":"summary_large_image","twitter_misc":{"\u00c9crit par":"Andr\u00e9a ALVES","Dur\u00e9e de lecture estim\u00e9e":"2 minutes"},"schema":{"@context":"https:\/\/schema.org","@graph":[{"@type":"Article","@id":"https:\/\/www.reseau-entreprendre.org\/essonne\/2025\/04\/17\/%f0%9f%8c%b1-bienvenue-a-cameron-fyfe-andreas-hausot-nouveaux-laureats-2025-%f0%9f%8e%89\/#article","isPartOf":{"@id":"https:\/\/www.reseau-entreprendre.org\/essonne\/2025\/04\/17\/%f0%9f%8c%b1-bienvenue-a-cameron-fyfe-andreas-hausot-nouveaux-laureats-2025-%f0%9f%8e%89\/"},"author":{"name":"Andr\u00e9a ALVES","@id":"https:\/\/www.reseau-entreprendre.org\/essonne\/#\/schema\/person\/c4ed833d37f3f0270c8d6b77016e5e84"},"headline":"&#x1f331; Bienvenue \u00e0 Cameron Fyfe &amp; Andreas Hausot, nouveaux laur\u00e9ats 2025 ! &#x1f389;","datePublished":"2025-04-17T12:16:00+00:00","dateModified":"2025-06-30T12:18:48+00:00","mainEntityOfPage":{"@id":"https:\/\/www.reseau-entreprendre.org\/essonne\/2025\/04\/17\/%f0%9f%8c%b1-bienvenue-a-cameron-fyfe-andreas-hausot-nouveaux-laureats-2025-%f0%9f%8e%89\/"},"wordCount":207,"image":{"@id":"https:\/\/www.reseau-entreprendre.org\/essonne\/2025\/04\/17\/%f0%9f%8c%b1-bienvenue-a-cameron-fyfe-andreas-hausot-nouveaux-laureats-2025-%f0%9f%8e%89\/#primaryimage"},"thumbnailUrl":"https:\/\/www.reseau-entreprendre.org\/essonne\/wp-content\/uploads\/sites\/16\/2025\/06\/laureats.synanthra.jpeg","articleSection":["Actualit\u00e9s"],"inLanguage":"fr-FR"},{"@type":"WebPage","@id":"https:\/\/www.reseau-entreprendre.org\/essonne\/2025\/04\/17\/%f0%9f%8c%b1-bienvenue-a-cameron-fyfe-andreas-hausot-nouveaux-laureats-2025-%f0%9f%8e%89\/","url":"https:\/\/www.reseau-entreprendre.org\/essonne\/2025\/04\/17\/%f0%9f%8c%b1-bienvenue-a-cameron-fyfe-andreas-hausot-nouveaux-laureats-2025-%f0%9f%8e%89\/","name":"&#x1f331; Bienvenue \u00e0 Cameron Fyfe &amp; Andreas Hausot, nouveaux laur\u00e9ats 2025 ! &#x1f389; - R\u00e9seau Entreprendre Essonne","isPartOf":{"@id":"https:\/\/www.reseau-entreprendre.org\/essonne\/#website"},"primaryImageOfPage":{"@id":"https:\/\/www.reseau-entreprendre.org\/essonne\/2025\/04\/17\/%f0%9f%8c%b1-bienvenue-a-cameron-fyfe-andreas-hausot-nouveaux-laureats-2025-%f0%9f%8e%89\/#primaryimage"},"image":{"@id":"https:\/\/www.reseau-entreprendre.org\/essonne\/2025\/04\/17\/%f0%9f%8c%b1-bienvenue-a-cameron-fyfe-andreas-hausot-nouveaux-laureats-2025-%f0%9f%8e%89\/#primaryimage"},"thumbnailUrl":"https:\/\/www.reseau-entreprendre.org\/essonne\/wp-content\/uploads\/sites\/16\/2025\/06\/laureats.synanthra.jpeg","datePublished":"2025-04-17T12:16:00+00:00","dateModified":"2025-06-30T12:18:48+00:00","author":{"@id":"https:\/\/www.reseau-entreprendre.org\/essonne\/#\/schema\/person\/c4ed833d37f3f0270c8d6b77016e5e84"},"description":"Nous sommes ravis d\u2019accueillir au sein de notre r\u00e9seau les fondateurs de Synanthra, une startup qui s\u2019attaque \u00e0 un enjeu environnemental majeur : la production durable d\u2019ammoniac.","breadcrumb":{"@id":"https:\/\/www.reseau-entreprendre.org\/essonne\/2025\/04\/17\/%f0%9f%8c%b1-bienvenue-a-cameron-fyfe-andreas-hausot-nouveaux-laureats-2025-%f0%9f%8e%89\/#breadcrumb"},"inLanguage":"fr-FR","potentialAction":[{"@type":"ReadAction","target":["https:\/\/www.reseau-entreprendre.org\/essonne\/2025\/04\/17\/%f0%9f%8c%b1-bienvenue-a-cameron-fyfe-andreas-hausot-nouveaux-laureats-2025-%f0%9f%8e%89\/"]}]},{"@type":"ImageObject","inLanguage":"fr-FR","@id":"https:\/\/www.reseau-entreprendre.org\/essonne\/2025\/04\/17\/%f0%9f%8c%b1-bienvenue-a-cameron-fyfe-andreas-hausot-nouveaux-laureats-2025-%f0%9f%8e%89\/#primaryimage","url":"https:\/\/www.reseau-entreprendre.org\/essonne\/wp-content\/uploads\/sites\/16\/2025\/06\/laureats.synanthra.jpeg","contentUrl":"https:\/\/www.reseau-entreprendre.org\/essonne\/wp-content\/uploads\/sites\/16\/2025\/06\/laureats.synanthra.jpeg","width":800,"height":800,"caption":"synanthra"},{"@type":"BreadcrumbList","@id":"https:\/\/www.reseau-entreprendre.org\/essonne\/2025\/04\/17\/%f0%9f%8c%b1-bienvenue-a-cameron-fyfe-andreas-hausot-nouveaux-laureats-2025-%f0%9f%8e%89\/#breadcrumb","itemListElement":[{"@type":"ListItem","position":1,"name":"Accueil","item":"https:\/\/www.reseau-entreprendre.org\/essonne\/"},{"@type":"ListItem","position":2,"name":"&#x1f331; Bienvenue \u00e0 Cameron Fyfe &amp; Andreas Hausot, nouveaux laur\u00e9ats 2025 ! &#x1f389;"}]},{"@type":"WebSite","@id":"https:\/\/www.reseau-entreprendre.org\/essonne\/#website","url":"https:\/\/www.reseau-entreprendre.org\/essonne\/","name":"R\u00e9seau Entreprendre Essonne","description":"","potentialAction":[{"@type":"SearchAction","target":{"@type":"EntryPoint","urlTemplate":"https:\/\/www.reseau-entreprendre.org\/essonne\/?s={search_term_string}"},"query-input":{"@type":"PropertyValueSpecification","valueRequired":true,"valueName":"search_term_string"}}],"inLanguage":"fr-FR"},{"@type":"Person","@id":"https:\/\/www.reseau-entreprendre.org\/essonne\/#\/schema\/person\/c4ed833d37f3f0270c8d6b77016e5e84","name":"Andr\u00e9a ALVES","image":{"@type":"ImageObject","inLanguage":"fr-FR","@id":"https:\/\/secure.gravatar.com\/avatar\/1da4f0766eed273f9b84ca6b9c47e71c0b137567c0cc615ca5a22a520701c103?s=96&d=mm&r=g","url":"https:\/\/secure.gravatar.com\/avatar\/1da4f0766eed273f9b84ca6b9c47e71c0b137567c0cc615ca5a22a520701c103?s=96&d=mm&r=g","contentUrl":"https:\/\/secure.gravatar.com\/avatar\/1da4f0766eed273f9b84ca6b9c47e71c0b137567c0cc615ca5a22a520701c103?s=96&d=mm&r=g","caption":"Andr\u00e9a ALVES"},"url":"https:\/\/www.reseau-entreprendre.org\/essonne\/author\/aalves\/"}]}},"_links":{"self":[{"href":"https:\/\/www.reseau-entreprendre.org\/essonne\/wp-json\/wp\/v2\/posts\/4346","targetHints":{"allow":["GET"]}}],"collection":[{"href":"https:\/\/www.reseau-entreprendre.org\/essonne\/wp-json\/wp\/v2\/posts"}],"about":[{"href":"https:\/\/www.reseau-entreprendre.org\/essonne\/wp-json\/wp\/v2\/types\/post"}],"author":[{"embeddable":true,"href":"https:\/\/www.reseau-entreprendre.org\/essonne\/wp-json\/wp\/v2\/users\/112"}],"replies":[{"embeddable":true,"href":"https:\/\/www.reseau-entreprendre.org\/essonne\/wp-json\/wp\/v2\/comments?post=4346"}],"version-history":[{"count":0,"href":"https:\/\/www.reseau-entreprendre.org\/essonne\/wp-json\/wp\/v2\/posts\/4346\/revisions"}],"wp:featuredmedia":[{"embeddable":true,"href":"https:\/\/www.reseau-entreprendre.org\/essonne\/wp-json\/wp\/v2\/media\/4347"}],"wp:attachment":[{"href":"https:\/\/www.reseau-entreprendre.org\/essonne\/wp-json\/wp\/v2\/media?parent=4346"}],"wp:term":[{"taxonomy":"category","embeddable":true,"href":"https:\/\/www.reseau-entreprendre.org\/essonne\/wp-json\/wp\/v2\/categories?post=4346"},{"taxonomy":"post_tag","embeddable":true,"href":"https:\/\/www.reseau-entreprendre.org\/essonne\/wp-json\/wp\/v2\/tags?post=4346"}],"curies":[{"name":"wp","href":"https:\/\/api.w.org\/{rel}","templated":true}]}}