{"id":675,"date":"2014-10-15T13:23:55","date_gmt":"2014-10-15T11:23:55","guid":{"rendered":"https:\/\/re-preprod-entreprendre.fr\/guyane\/?p=675"},"modified":"2022-04-13T12:00:03","modified_gmt":"2022-04-13T10:00:03","slug":"frederic-craste-et-lucie-soler","status":"publish","type":"post","link":"https:\/\/www.reseau-entreprendre.org\/guyane\/2014\/10\/15\/frederic-craste-et-lucie-soler\/","title":{"rendered":"Lucie SOLER &amp; Fr\u00e9d\u00e9ric CRASTE"},"content":{"rendered":"<h1><strong><span style=\"font-size: 36px\"><span style=\"color: #268597\">Laur\u00e9ats <em>START<\/em> \u2739 Promo 2019 \u2739<\/span>\u00a0<\/span>\u00a0 \u00a0 \u00a0 \u00a0 \u00a0 \u00a0 \u00a0<img loading=\"lazy\" decoding=\"async\" class=\"alignnone wp-image-2304\" src=\"https:\/\/www.reseau-entreprendre.org\/guyane\/wp-content\/uploads\/sites\/35\/2020\/09\/CACAO-GIVR\u00c9-300x300.jpg\" alt=\"\" width=\"186\" height=\"186\" srcset=\"https:\/\/www.reseau-entreprendre.org\/guyane\/wp-content\/uploads\/sites\/35\/2020\/09\/CACAO-GIVR\u00c9-300x300.jpg 300w, https:\/\/www.reseau-entreprendre.org\/guyane\/wp-content\/uploads\/sites\/35\/2020\/09\/CACAO-GIVR\u00c9-150x150.jpg 150w, https:\/\/www.reseau-entreprendre.org\/guyane\/wp-content\/uploads\/sites\/35\/2020\/09\/CACAO-GIVR\u00c9-768x768.jpg 768w, https:\/\/www.reseau-entreprendre.org\/guyane\/wp-content\/uploads\/sites\/35\/2020\/09\/CACAO-GIVR\u00c9.jpg 960w\" sizes=\"auto, (max-width: 186px) 100vw, 186px\" \/><\/strong><\/h1>\n<p>&nbsp;<\/p>\n<p><strong>\u00ab <span style=\"color: #d70635\">L&#8217;acc\u00e8s \u00e0 des chefs d&#8217;entreprise chevronn\u00e9s vous fera gagner des ann\u00e9es d&#8217;exp\u00e9riences !<\/span> \u00bb Lucie SOLER et Fr\u00e9d\u00e9ric CRASTE<\/strong>, <span class=\"fontstyle0\">fondateurs de l\u2019entreprise <strong>CACAO GIVR\u00c9<\/strong>, <span class=\"st\">atelier de transformation de fruits et l\u00e9gumes locaux<\/span><\/span><span class=\"fontstyle0\">, \u00e0 Cacao<\/span><span class=\"fontstyle2\">,<\/span> Laur\u00e9ats de R\u00e9seau Entreprendre\u00ae Guyane.<\/p>\n<p><span class=\"fontstyle2\">Ils sont <strong>accompagn\u00e9s<\/strong> depuis mai 2019 par <strong>Fr\u00e9d\u00e9ric FARRUGIA<\/strong>, directeur de la Brasserie Guyanaise \u00e0 Matoury et <\/span><em><span class=\"fontstyle3\">Membre et Laur\u00e9at de R\u00e9seau Entreprendre\u00ae Guyane<\/span>.<\/em><\/p>\n<p>&nbsp;<\/p>\n<div><\/div>\n<div><\/div>\n<div>\n<div>\u00a0\u00a0\u00a0\u00a0\u00a0\u00a0\u00a0\u00a0\u00a0\u00a0\u00a0\u00a0\u00a0\u00a0\u00a0\u00a0\u00a0\u00a0\u00a0\u00a0\u00a0\u00a0\u00a0\u00a0\u00a0\u00a0\u00a0\u00a0\u00a0\u00a0 \u00a0 \u00a0 \u00a0 \u00a0 \u00a0 \u00a0 \u00a0\u00a0 \u00a0\u00a0\u00a0\u00a0\u00a0\u00a0 <img loading=\"lazy\" decoding=\"async\" class=\"alignnone size-medium wp-image-1948\" src=\"https:\/\/www.reseau-entreprendre.org\/guyane\/wp-content\/uploads\/sites\/35\/2019\/07\/Pancartes-Laur\u00e9ats-\u00e0-imprimer_page-0002-300x225.jpg\" alt=\"\" width=\"300\" height=\"225\" srcset=\"https:\/\/www.reseau-entreprendre.org\/guyane\/wp-content\/uploads\/sites\/35\/2019\/07\/Pancartes-Laur\u00e9ats-\u00e0-imprimer_page-0002-300x225.jpg 300w, https:\/\/www.reseau-entreprendre.org\/guyane\/wp-content\/uploads\/sites\/35\/2019\/07\/Pancartes-Laur\u00e9ats-\u00e0-imprimer_page-0002-768x576.jpg 768w, https:\/\/www.reseau-entreprendre.org\/guyane\/wp-content\/uploads\/sites\/35\/2019\/07\/Pancartes-Laur\u00e9ats-\u00e0-imprimer_page-0002-1024x768.jpg 1024w, https:\/\/www.reseau-entreprendre.org\/guyane\/wp-content\/uploads\/sites\/35\/2019\/07\/Pancartes-Laur\u00e9ats-\u00e0-imprimer_page-0002.jpg 1500w\" sizes=\"auto, (max-width: 300px) 100vw, 300px\" \/> <img loading=\"lazy\" decoding=\"async\" class=\"alignnone size-medium wp-image-1949\" src=\"https:\/\/www.reseau-entreprendre.org\/guyane\/wp-content\/uploads\/sites\/35\/2019\/07\/Pancartes-Laur\u00e9ats-\u00e0-imprimer_page-0001-300x225.jpg\" alt=\"\" width=\"300\" height=\"225\" srcset=\"https:\/\/www.reseau-entreprendre.org\/guyane\/wp-content\/uploads\/sites\/35\/2019\/07\/Pancartes-Laur\u00e9ats-\u00e0-imprimer_page-0001-300x225.jpg 300w, https:\/\/www.reseau-entreprendre.org\/guyane\/wp-content\/uploads\/sites\/35\/2019\/07\/Pancartes-Laur\u00e9ats-\u00e0-imprimer_page-0001-768x576.jpg 768w, https:\/\/www.reseau-entreprendre.org\/guyane\/wp-content\/uploads\/sites\/35\/2019\/07\/Pancartes-Laur\u00e9ats-\u00e0-imprimer_page-0001-1024x768.jpg 1024w, https:\/\/www.reseau-entreprendre.org\/guyane\/wp-content\/uploads\/sites\/35\/2019\/07\/Pancartes-Laur\u00e9ats-\u00e0-imprimer_page-0001.jpg 1500w\" sizes=\"auto, (max-width: 300px) 100vw, 300px\" \/><\/div>\n<div><\/div>\n<div>\n<div><\/div>\n<\/div>\n<\/div>\n","protected":false},"excerpt":{"rendered":"<p>\u00ab L&#8217;acc\u00e8s \u00e0 des chefs d&#8217;entreprise chevronn\u00e9s vous fera gagner des ann\u00e9es d&#8217;exp\u00e9rience ! \u00bb<\/p>\n","protected":false},"author":36,"featured_media":1360,"comment_status":"closed","ping_status":"closed","sticky":true,"template":"","format":"standard","meta":{"_acf_changed":false,"_monsterinsights_skip_tracking":false,"_monsterinsights_sitenote_active":false,"_monsterinsights_sitenote_note":"","_monsterinsights_sitenote_category":0,"footnotes":""},"categories":[5],"tags":[],"class_list":["post-675","post","type-post","status-publish","format-standard","has-post-thumbnail","hentry","category-temoignages-laureats","testimonials"],"acf":[],"yoast_head":"<!-- This site is optimized with the Yoast SEO plugin v27.4 - https:\/\/yoast.com\/product\/yoast-seo-wordpress\/ -->\n<title>Lucie SOLER &amp; Fr\u00e9d\u00e9ric CRASTE - R\u00e9seau Entreprendre Guyane<\/title>\n<meta name=\"robots\" content=\"index, follow, max-snippet:-1, max-image-preview:large, max-video-preview:-1\" \/>\n<link rel=\"canonical\" href=\"https:\/\/www.reseau-entreprendre.org\/guyane\/2014\/10\/15\/frederic-craste-et-lucie-soler\/\" \/>\n<meta property=\"og:locale\" content=\"fr_FR\" \/>\n<meta property=\"og:type\" content=\"article\" \/>\n<meta property=\"og:title\" content=\"Lucie SOLER &amp; Fr\u00e9d\u00e9ric CRASTE - R\u00e9seau Entreprendre Guyane\" \/>\n<meta property=\"og:description\" content=\"\u00ab L&#039;acc\u00e8s \u00e0 des chefs d&#039;entreprise chevronn\u00e9s vous fera gagner des ann\u00e9es d&#039;exp\u00e9rience ! \u00bb\" \/>\n<meta property=\"og:url\" content=\"https:\/\/www.reseau-entreprendre.org\/guyane\/2014\/10\/15\/frederic-craste-et-lucie-soler\/\" \/>\n<meta property=\"og:site_name\" content=\"R\u00e9seau Entreprendre Guyane\" \/>\n<meta property=\"article:author\" content=\"https:\/\/www.facebook.com\/reseauentreprendre.guyane\/\" \/>\n<meta property=\"article:published_time\" content=\"2014-10-15T11:23:55+00:00\" \/>\n<meta property=\"article:modified_time\" content=\"2022-04-13T10:00:03+00:00\" \/>\n<meta property=\"og:image\" content=\"https:\/\/www.reseau-entreprendre.org\/guyane\/wp-content\/uploads\/sites\/35\/2019\/07\/Lucie-et-Fred-e1564574270695.jpg\" \/>\n\t<meta property=\"og:image:width\" content=\"862\" \/>\n\t<meta property=\"og:image:height\" content=\"626\" \/>\n\t<meta property=\"og:image:type\" content=\"image\/jpeg\" \/>\n<meta name=\"author\" content=\"guyane\" \/>\n<meta name=\"twitter:card\" content=\"summary_large_image\" \/>\n<meta name=\"twitter:label1\" content=\"\u00c9crit par\" \/>\n\t<meta name=\"twitter:data1\" content=\"guyane\" \/>\n<script type=\"application\/ld+json\" class=\"yoast-schema-graph\">{\"@context\":\"https:\\\/\\\/schema.org\",\"@graph\":[{\"@type\":\"Article\",\"@id\":\"https:\\\/\\\/www.reseau-entreprendre.org\\\/guyane\\\/2014\\\/10\\\/15\\\/frederic-craste-et-lucie-soler\\\/#article\",\"isPartOf\":{\"@id\":\"https:\\\/\\\/www.reseau-entreprendre.org\\\/guyane\\\/2014\\\/10\\\/15\\\/frederic-craste-et-lucie-soler\\\/\"},\"author\":{\"name\":\"guyane\",\"@id\":\"https:\\\/\\\/www.reseau-entreprendre.org\\\/guyane\\\/#\\\/schema\\\/person\\\/f7eabe1c4d0cf2c267f90c447444daee\"},\"headline\":\"Lucie SOLER &amp; Fr\u00e9d\u00e9ric CRASTE\",\"datePublished\":\"2014-10-15T11:23:55+00:00\",\"dateModified\":\"2022-04-13T10:00:03+00:00\",\"mainEntityOfPage\":{\"@id\":\"https:\\\/\\\/www.reseau-entreprendre.org\\\/guyane\\\/2014\\\/10\\\/15\\\/frederic-craste-et-lucie-soler\\\/\"},\"wordCount\":88,\"image\":{\"@id\":\"https:\\\/\\\/www.reseau-entreprendre.org\\\/guyane\\\/2014\\\/10\\\/15\\\/frederic-craste-et-lucie-soler\\\/#primaryimage\"},\"thumbnailUrl\":\"https:\\\/\\\/www.reseau-entreprendre.org\\\/guyane\\\/wp-content\\\/uploads\\\/sites\\\/35\\\/2019\\\/07\\\/Lucie-et-Fred-e1564574270695.jpg\",\"articleSection\":[\"T\u00e9moignages laur\u00e9ats\"],\"inLanguage\":\"fr-FR\"},{\"@type\":\"WebPage\",\"@id\":\"https:\\\/\\\/www.reseau-entreprendre.org\\\/guyane\\\/2014\\\/10\\\/15\\\/frederic-craste-et-lucie-soler\\\/\",\"url\":\"https:\\\/\\\/www.reseau-entreprendre.org\\\/guyane\\\/2014\\\/10\\\/15\\\/frederic-craste-et-lucie-soler\\\/\",\"name\":\"Lucie SOLER &amp; Fr\u00e9d\u00e9ric CRASTE - R\u00e9seau Entreprendre Guyane\",\"isPartOf\":{\"@id\":\"https:\\\/\\\/www.reseau-entreprendre.org\\\/guyane\\\/#website\"},\"primaryImageOfPage\":{\"@id\":\"https:\\\/\\\/www.reseau-entreprendre.org\\\/guyane\\\/2014\\\/10\\\/15\\\/frederic-craste-et-lucie-soler\\\/#primaryimage\"},\"image\":{\"@id\":\"https:\\\/\\\/www.reseau-entreprendre.org\\\/guyane\\\/2014\\\/10\\\/15\\\/frederic-craste-et-lucie-soler\\\/#primaryimage\"},\"thumbnailUrl\":\"https:\\\/\\\/www.reseau-entreprendre.org\\\/guyane\\\/wp-content\\\/uploads\\\/sites\\\/35\\\/2019\\\/07\\\/Lucie-et-Fred-e1564574270695.jpg\",\"datePublished\":\"2014-10-15T11:23:55+00:00\",\"dateModified\":\"2022-04-13T10:00:03+00:00\",\"author\":{\"@id\":\"https:\\\/\\\/www.reseau-entreprendre.org\\\/guyane\\\/#\\\/schema\\\/person\\\/f7eabe1c4d0cf2c267f90c447444daee\"},\"breadcrumb\":{\"@id\":\"https:\\\/\\\/www.reseau-entreprendre.org\\\/guyane\\\/2014\\\/10\\\/15\\\/frederic-craste-et-lucie-soler\\\/#breadcrumb\"},\"inLanguage\":\"fr-FR\",\"potentialAction\":[{\"@type\":\"ReadAction\",\"target\":[\"https:\\\/\\\/www.reseau-entreprendre.org\\\/guyane\\\/2014\\\/10\\\/15\\\/frederic-craste-et-lucie-soler\\\/\"]}]},{\"@type\":\"ImageObject\",\"inLanguage\":\"fr-FR\",\"@id\":\"https:\\\/\\\/www.reseau-entreprendre.org\\\/guyane\\\/2014\\\/10\\\/15\\\/frederic-craste-et-lucie-soler\\\/#primaryimage\",\"url\":\"https:\\\/\\\/www.reseau-entreprendre.org\\\/guyane\\\/wp-content\\\/uploads\\\/sites\\\/35\\\/2019\\\/07\\\/Lucie-et-Fred-e1564574270695.jpg\",\"contentUrl\":\"https:\\\/\\\/www.reseau-entreprendre.org\\\/guyane\\\/wp-content\\\/uploads\\\/sites\\\/35\\\/2019\\\/07\\\/Lucie-et-Fred-e1564574270695.jpg\",\"width\":862,\"height\":626},{\"@type\":\"BreadcrumbList\",\"@id\":\"https:\\\/\\\/www.reseau-entreprendre.org\\\/guyane\\\/2014\\\/10\\\/15\\\/frederic-craste-et-lucie-soler\\\/#breadcrumb\",\"itemListElement\":[{\"@type\":\"ListItem\",\"position\":1,\"name\":\"Accueil\",\"item\":\"https:\\\/\\\/www.reseau-entreprendre.org\\\/guyane\\\/\"},{\"@type\":\"ListItem\",\"position\":2,\"name\":\"Lucie SOLER &amp; Fr\u00e9d\u00e9ric CRASTE\"}]},{\"@type\":\"WebSite\",\"@id\":\"https:\\\/\\\/www.reseau-entreprendre.org\\\/guyane\\\/#website\",\"url\":\"https:\\\/\\\/www.reseau-entreprendre.org\\\/guyane\\\/\",\"name\":\"R\u00e9seau Entreprendre Guyane\",\"description\":\"Un site utilisant Les sites de R\u00e9seau Entreprendre\",\"potentialAction\":[{\"@type\":\"SearchAction\",\"target\":{\"@type\":\"EntryPoint\",\"urlTemplate\":\"https:\\\/\\\/www.reseau-entreprendre.org\\\/guyane\\\/?s={search_term_string}\"},\"query-input\":{\"@type\":\"PropertyValueSpecification\",\"valueRequired\":true,\"valueName\":\"search_term_string\"}}],\"inLanguage\":\"fr-FR\"},{\"@type\":\"Person\",\"@id\":\"https:\\\/\\\/www.reseau-entreprendre.org\\\/guyane\\\/#\\\/schema\\\/person\\\/f7eabe1c4d0cf2c267f90c447444daee\",\"name\":\"guyane\",\"image\":{\"@type\":\"ImageObject\",\"inLanguage\":\"fr-FR\",\"@id\":\"https:\\\/\\\/secure.gravatar.com\\\/avatar\\\/98fd837db399710df8273cd38a6e1ccfa4828191305740fc94b393188a8cb136?s=96&d=mm&r=g\",\"url\":\"https:\\\/\\\/secure.gravatar.com\\\/avatar\\\/98fd837db399710df8273cd38a6e1ccfa4828191305740fc94b393188a8cb136?s=96&d=mm&r=g\",\"contentUrl\":\"https:\\\/\\\/secure.gravatar.com\\\/avatar\\\/98fd837db399710df8273cd38a6e1ccfa4828191305740fc94b393188a8cb136?s=96&d=mm&r=g\",\"caption\":\"guyane\"},\"sameAs\":[\"https:\\\/\\\/www.facebook.com\\\/reseauentreprendre.guyane\\\/\",\"https:\\\/\\\/www.instagram.com\\\/reseauentreprendreguyane_\\\/\",\"https:\\\/\\\/www.linkedin.com\\\/company\\\/re-guyane\\\/\"],\"url\":\"https:\\\/\\\/www.reseau-entreprendre.org\\\/guyane\\\/author\\\/guyane\\\/\"}]}<\/script>\n<!-- \/ Yoast SEO plugin. -->","yoast_head_json":{"title":"Lucie SOLER &amp; Fr\u00e9d\u00e9ric CRASTE - R\u00e9seau Entreprendre Guyane","robots":{"index":"index","follow":"follow","max-snippet":"max-snippet:-1","max-image-preview":"max-image-preview:large","max-video-preview":"max-video-preview:-1"},"canonical":"https:\/\/www.reseau-entreprendre.org\/guyane\/2014\/10\/15\/frederic-craste-et-lucie-soler\/","og_locale":"fr_FR","og_type":"article","og_title":"Lucie SOLER &amp; Fr\u00e9d\u00e9ric CRASTE - R\u00e9seau Entreprendre Guyane","og_description":"\u00ab L'acc\u00e8s \u00e0 des chefs d'entreprise chevronn\u00e9s vous fera gagner des ann\u00e9es d'exp\u00e9rience ! \u00bb","og_url":"https:\/\/www.reseau-entreprendre.org\/guyane\/2014\/10\/15\/frederic-craste-et-lucie-soler\/","og_site_name":"R\u00e9seau Entreprendre Guyane","article_author":"https:\/\/www.facebook.com\/reseauentreprendre.guyane\/","article_published_time":"2014-10-15T11:23:55+00:00","article_modified_time":"2022-04-13T10:00:03+00:00","og_image":[{"width":862,"height":626,"url":"https:\/\/www.reseau-entreprendre.org\/guyane\/wp-content\/uploads\/sites\/35\/2019\/07\/Lucie-et-Fred-e1564574270695.jpg","type":"image\/jpeg"}],"author":"guyane","twitter_card":"summary_large_image","twitter_misc":{"\u00c9crit par":"guyane"},"schema":{"@context":"https:\/\/schema.org","@graph":[{"@type":"Article","@id":"https:\/\/www.reseau-entreprendre.org\/guyane\/2014\/10\/15\/frederic-craste-et-lucie-soler\/#article","isPartOf":{"@id":"https:\/\/www.reseau-entreprendre.org\/guyane\/2014\/10\/15\/frederic-craste-et-lucie-soler\/"},"author":{"name":"guyane","@id":"https:\/\/www.reseau-entreprendre.org\/guyane\/#\/schema\/person\/f7eabe1c4d0cf2c267f90c447444daee"},"headline":"Lucie SOLER &amp; Fr\u00e9d\u00e9ric CRASTE","datePublished":"2014-10-15T11:23:55+00:00","dateModified":"2022-04-13T10:00:03+00:00","mainEntityOfPage":{"@id":"https:\/\/www.reseau-entreprendre.org\/guyane\/2014\/10\/15\/frederic-craste-et-lucie-soler\/"},"wordCount":88,"image":{"@id":"https:\/\/www.reseau-entreprendre.org\/guyane\/2014\/10\/15\/frederic-craste-et-lucie-soler\/#primaryimage"},"thumbnailUrl":"https:\/\/www.reseau-entreprendre.org\/guyane\/wp-content\/uploads\/sites\/35\/2019\/07\/Lucie-et-Fred-e1564574270695.jpg","articleSection":["T\u00e9moignages laur\u00e9ats"],"inLanguage":"fr-FR"},{"@type":"WebPage","@id":"https:\/\/www.reseau-entreprendre.org\/guyane\/2014\/10\/15\/frederic-craste-et-lucie-soler\/","url":"https:\/\/www.reseau-entreprendre.org\/guyane\/2014\/10\/15\/frederic-craste-et-lucie-soler\/","name":"Lucie SOLER &amp; Fr\u00e9d\u00e9ric CRASTE - R\u00e9seau Entreprendre Guyane","isPartOf":{"@id":"https:\/\/www.reseau-entreprendre.org\/guyane\/#website"},"primaryImageOfPage":{"@id":"https:\/\/www.reseau-entreprendre.org\/guyane\/2014\/10\/15\/frederic-craste-et-lucie-soler\/#primaryimage"},"image":{"@id":"https:\/\/www.reseau-entreprendre.org\/guyane\/2014\/10\/15\/frederic-craste-et-lucie-soler\/#primaryimage"},"thumbnailUrl":"https:\/\/www.reseau-entreprendre.org\/guyane\/wp-content\/uploads\/sites\/35\/2019\/07\/Lucie-et-Fred-e1564574270695.jpg","datePublished":"2014-10-15T11:23:55+00:00","dateModified":"2022-04-13T10:00:03+00:00","author":{"@id":"https:\/\/www.reseau-entreprendre.org\/guyane\/#\/schema\/person\/f7eabe1c4d0cf2c267f90c447444daee"},"breadcrumb":{"@id":"https:\/\/www.reseau-entreprendre.org\/guyane\/2014\/10\/15\/frederic-craste-et-lucie-soler\/#breadcrumb"},"inLanguage":"fr-FR","potentialAction":[{"@type":"ReadAction","target":["https:\/\/www.reseau-entreprendre.org\/guyane\/2014\/10\/15\/frederic-craste-et-lucie-soler\/"]}]},{"@type":"ImageObject","inLanguage":"fr-FR","@id":"https:\/\/www.reseau-entreprendre.org\/guyane\/2014\/10\/15\/frederic-craste-et-lucie-soler\/#primaryimage","url":"https:\/\/www.reseau-entreprendre.org\/guyane\/wp-content\/uploads\/sites\/35\/2019\/07\/Lucie-et-Fred-e1564574270695.jpg","contentUrl":"https:\/\/www.reseau-entreprendre.org\/guyane\/wp-content\/uploads\/sites\/35\/2019\/07\/Lucie-et-Fred-e1564574270695.jpg","width":862,"height":626},{"@type":"BreadcrumbList","@id":"https:\/\/www.reseau-entreprendre.org\/guyane\/2014\/10\/15\/frederic-craste-et-lucie-soler\/#breadcrumb","itemListElement":[{"@type":"ListItem","position":1,"name":"Accueil","item":"https:\/\/www.reseau-entreprendre.org\/guyane\/"},{"@type":"ListItem","position":2,"name":"Lucie SOLER &amp; Fr\u00e9d\u00e9ric CRASTE"}]},{"@type":"WebSite","@id":"https:\/\/www.reseau-entreprendre.org\/guyane\/#website","url":"https:\/\/www.reseau-entreprendre.org\/guyane\/","name":"R\u00e9seau Entreprendre Guyane","description":"Un site utilisant Les sites de R\u00e9seau Entreprendre","potentialAction":[{"@type":"SearchAction","target":{"@type":"EntryPoint","urlTemplate":"https:\/\/www.reseau-entreprendre.org\/guyane\/?s={search_term_string}"},"query-input":{"@type":"PropertyValueSpecification","valueRequired":true,"valueName":"search_term_string"}}],"inLanguage":"fr-FR"},{"@type":"Person","@id":"https:\/\/www.reseau-entreprendre.org\/guyane\/#\/schema\/person\/f7eabe1c4d0cf2c267f90c447444daee","name":"guyane","image":{"@type":"ImageObject","inLanguage":"fr-FR","@id":"https:\/\/secure.gravatar.com\/avatar\/98fd837db399710df8273cd38a6e1ccfa4828191305740fc94b393188a8cb136?s=96&d=mm&r=g","url":"https:\/\/secure.gravatar.com\/avatar\/98fd837db399710df8273cd38a6e1ccfa4828191305740fc94b393188a8cb136?s=96&d=mm&r=g","contentUrl":"https:\/\/secure.gravatar.com\/avatar\/98fd837db399710df8273cd38a6e1ccfa4828191305740fc94b393188a8cb136?s=96&d=mm&r=g","caption":"guyane"},"sameAs":["https:\/\/www.facebook.com\/reseauentreprendre.guyane\/","https:\/\/www.instagram.com\/reseauentreprendreguyane_\/","https:\/\/www.linkedin.com\/company\/re-guyane\/"],"url":"https:\/\/www.reseau-entreprendre.org\/guyane\/author\/guyane\/"}]}},"_links":{"self":[{"href":"https:\/\/www.reseau-entreprendre.org\/guyane\/wp-json\/wp\/v2\/posts\/675","targetHints":{"allow":["GET"]}}],"collection":[{"href":"https:\/\/www.reseau-entreprendre.org\/guyane\/wp-json\/wp\/v2\/posts"}],"about":[{"href":"https:\/\/www.reseau-entreprendre.org\/guyane\/wp-json\/wp\/v2\/types\/post"}],"author":[{"embeddable":true,"href":"https:\/\/www.reseau-entreprendre.org\/guyane\/wp-json\/wp\/v2\/users\/36"}],"replies":[{"embeddable":true,"href":"https:\/\/www.reseau-entreprendre.org\/guyane\/wp-json\/wp\/v2\/comments?post=675"}],"version-history":[{"count":0,"href":"https:\/\/www.reseau-entreprendre.org\/guyane\/wp-json\/wp\/v2\/posts\/675\/revisions"}],"wp:featuredmedia":[{"embeddable":true,"href":"https:\/\/www.reseau-entreprendre.org\/guyane\/wp-json\/wp\/v2\/media\/1360"}],"wp:attachment":[{"href":"https:\/\/www.reseau-entreprendre.org\/guyane\/wp-json\/wp\/v2\/media?parent=675"}],"wp:term":[{"taxonomy":"category","embeddable":true,"href":"https:\/\/www.reseau-entreprendre.org\/guyane\/wp-json\/wp\/v2\/categories?post=675"},{"taxonomy":"post_tag","embeddable":true,"href":"https:\/\/www.reseau-entreprendre.org\/guyane\/wp-json\/wp\/v2\/tags?post=675"}],"curies":[{"name":"wp","href":"https:\/\/api.w.org\/{rel}","templated":true}]}}