{"id":5199,"date":"2025-06-30T09:35:09","date_gmt":"2025-06-30T07:35:09","guid":{"rendered":"https:\/\/www.reseau-entreprendre.org\/hainaut\/?p=5199"},"modified":"2025-06-30T09:35:11","modified_gmt":"2025-06-30T07:35:11","slug":"reprise-entreprise-formation-cra-reseau-entreprendre-hainaut","status":"publish","type":"post","link":"https:\/\/www.reseau-entreprendre.org\/hainaut\/2025\/06\/30\/reprise-entreprise-formation-cra-reseau-entreprendre-hainaut\/","title":{"rendered":"Formation reprise entreprise : R\u00e9seau Entreprendre Hainaut et C.R.A accompagnent les futurs repreneurs"},"content":{"rendered":"\n<p><strong><a href=\"https:\/\/www.reseau-entreprendre.org\/hainaut\/qui-sommes-nous-2\/\">R\u00e9seau Entreprendre Hainaut<\/a><\/strong> renforce son engagement en faveur de la <strong>reprise d\u2019entreprise<\/strong> en consolidant son partenariat avec le <strong>C.R.A (C\u00e9dants et Repreneurs d\u2019Affaires)<\/strong>, organisme de r\u00e9f\u00e9rence en <strong>formation \u00e0 la reprise de TPE et PME<\/strong>. Ce partenariat vise \u00e0 accompagner concr\u00e8tement les futurs chefs d\u2019entreprise dans leur parcours de reprise, gr\u00e2ce \u00e0 des sessions de formation cibl\u00e9es, accessibles et reconnues.<\/p>\n\n\n\n<h2 class=\"wp-block-heading has-re-blue-color has-text-color has-link-color wp-elements-ee9a92161c397133d33858e2525c27e1\"><strong>Former les dirigeants de demain gr\u00e2ce \u00e0 un acteur historique de la reprise<\/strong><\/h2>\n\n\n\n<p>Depuis plus de 30 ans, le <strong><a href=\"https:\/\/cra-formation.fr\/\">C.R.A Formation<\/a><\/strong> \u0153uvre \u00e0 la <strong>professionnalisation de la reprise d\u2019entreprise<\/strong>, en proposant des formations structur\u00e9es, un accompagnement personnalis\u00e9, et un r\u00e9seau de mentors exp\u00e9riment\u00e9s. Plus de <strong>3 000 repreneurs<\/strong> ont d\u00e9j\u00e0 \u00e9t\u00e9 form\u00e9s avec succ\u00e8s !<\/p>\n\n\n\n<p>Gr\u00e2ce \u00e0 cette collaboration avec R\u00e9seau Entreprendre Hainaut, les <strong>cadres, dirigeants ou porteurs de projet<\/strong> d\u00e9sireux de reprendre une entreprise b\u00e9n\u00e9ficient d\u2019un acc\u00e8s privil\u00e9gi\u00e9 \u00e0 des programmes complets, pens\u00e9s pour chaque \u00e9tape de leur projet entrepreneurial.<\/p>\n\n\n\n<div class=\"wp-block-media-text is-stacked-on-mobile\" style=\"grid-template-columns:32% auto\"><figure class=\"wp-block-media-text__media\"><img loading=\"lazy\" decoding=\"async\" width=\"768\" height=\"1024\" src=\"https:\/\/www.reseau-entreprendre.org\/hainaut\/wp-content\/uploads\/sites\/39\/2025\/06\/IMG-20240829-WA0000-1-768x1024.jpg\" alt=\"\" class=\"wp-image-5205 size-full\" srcset=\"https:\/\/www.reseau-entreprendre.org\/hainaut\/wp-content\/uploads\/sites\/39\/2025\/06\/IMG-20240829-WA0000-1-768x1024.jpg 768w, https:\/\/www.reseau-entreprendre.org\/hainaut\/wp-content\/uploads\/sites\/39\/2025\/06\/IMG-20240829-WA0000-1-225x300.jpg 225w, https:\/\/www.reseau-entreprendre.org\/hainaut\/wp-content\/uploads\/sites\/39\/2025\/06\/IMG-20240829-WA0000-1-300x400.jpg 300w, https:\/\/www.reseau-entreprendre.org\/hainaut\/wp-content\/uploads\/sites\/39\/2025\/06\/IMG-20240829-WA0000-1-1152x1536.jpg 1152w, https:\/\/www.reseau-entreprendre.org\/hainaut\/wp-content\/uploads\/sites\/39\/2025\/06\/IMG-20240829-WA0000-1-98x130.jpg 98w, https:\/\/www.reseau-entreprendre.org\/hainaut\/wp-content\/uploads\/sites\/39\/2025\/06\/IMG-20240829-WA0000-1-75x100.jpg 75w, https:\/\/www.reseau-entreprendre.org\/hainaut\/wp-content\/uploads\/sites\/39\/2025\/06\/IMG-20240829-WA0000-1.jpg 1200w\" sizes=\"auto, (max-width: 768px) 100vw, 768px\" \/><\/figure><div class=\"wp-block-media-text__content\">\n<h3 class=\"wp-block-heading has-re-blue-color has-text-color has-link-color wp-elements-b9f313eb38069225be38dd27571acb5c\"><strong>Prochaines sessions de formation \u00e0 la reprise d\u2019entreprise<\/strong><\/h3>\n\n\n\n<p>Vous pouvez d\u00e9j\u00e0 retrouver 2 sessions programm\u00e9es pour le second semestre 2025. Ces formations intensives, organis\u00e9es par <strong>le C.R.A en partenariat avec R\u00e9seau Entreprendre Hainaut<\/strong>, s\u2019adressent \u00e0 tous ceux qui souhaitent acqu\u00e9rir les <strong>comp\u00e9tences indispensables \u00e0 la r\u00e9ussite d\u2019un projet de reprise<\/strong> :<\/p>\n\n\n\n<ul class=\"wp-block-list\">\n<li>&#x1f4c5; Session de septembre 2025 : du 15 septembre au 3 octobre 2025<\/li>\n\n\n\n<li>&#x1f4c5; Session de d\u00e9cembre 2025 : du 17 novembre au 5 d\u00e9cembre 2025<\/li>\n<\/ul>\n\n\n\n<p><\/p>\n<\/div><\/div>\n\n\n\n<p><\/p>\n\n\n\n<h2 class=\"wp-block-heading has-re-blue-color has-text-color has-link-color wp-elements-8e48e3c0d3814114c5f2eff5715dfbae\"><strong>Des objectifs concrets pour les futurs repreneurs<\/strong><\/h2>\n\n\n\n<p>Chaque formation permet de :<\/p>\n\n\n\n<ul class=\"wp-block-list\">\n<li>Comprendre les enjeux et les \u00e9tapes cl\u00e9s d\u2019un projet de reprise d\u2019entreprise,<\/li>\n\n\n\n<li>Ma\u00eetriser les aspects juridiques, fiscaux et financiers de la reprise,<\/li>\n\n\n\n<li>Identifier et \u00e9valuer des cibles potentielles (TPE-PME),<\/li>\n\n\n\n<li>Construire un projet viable et structur\u00e9,<\/li>\n\n\n\n<li>Se pr\u00e9parer \u00e0 piloter une entreprise avec confiance et efficacit\u00e9.<\/li>\n<\/ul>\n\n\n\n<h3 class=\"wp-block-heading has-re-blue-color has-text-color has-link-color wp-elements-c98b052e72aea091afea9bf534127a72\"><strong>Pourquoi choisir C.R.A Formation avec R\u00e9seau Entreprendre Hainaut ?<\/strong><\/h3>\n\n\n\n<ul class=\"wp-block-list\">\n<li>&#x2705; Une <strong>expertise reconnue<\/strong> en mati\u00e8re de reprise de TPE-PME<\/li>\n\n\n\n<li>&#x2705; Une <strong>approche pratique et op\u00e9rationnelle<\/strong>, centr\u00e9e sur le projet r\u00e9el du participant<\/li>\n\n\n\n<li>&#x2705; Un <strong>r\u00e9seau d\u2019experts, de mentors et de pairs<\/strong> \u00e0 disposition<\/li>\n\n\n\n<li>&#x2705; Un <strong>acc\u00e8s facilit\u00e9<\/strong> pour les membres et laur\u00e9ats de R\u00e9seau Entreprendre<\/li>\n<\/ul>\n\n\n\n<hr class=\"wp-block-separator has-alpha-channel-opacity\" \/>\n\n\n\n<h3 class=\"wp-block-heading has-re-blue-color has-text-color has-link-color wp-elements-634340af11790f6a71bda04a66e8a3b3\"><strong>&#x1f4cc; Ne ratez pas ces opportunit\u00e9s pour r\u00e9ussir votre projet de reprise d\u2019entreprise<\/strong><\/h3>\n\n\n\n<p>Attention les places sont limit\u00e9es pour chaque session. Pour obtenir le programme d\u00e9taill\u00e9 et vous inscrire \u00e0 la formation, <strong>contactez R\u00e9seau Entreprendre Hainaut<\/strong> ou visitez le site officiel du <strong>C.R.A Formation<\/strong>.<\/p>\n\n\n\n\n","protected":false},"excerpt":{"rendered":"<p>R\u00e9seau Entreprendre Hainaut renforce son engagement en faveur de la<\/p>\n","protected":false},"author":41,"featured_media":5202,"comment_status":"closed","ping_status":"closed","sticky":false,"template":"","format":"standard","meta":{"_acf_changed":false,"_monsterinsights_skip_tracking":false,"_monsterinsights_sitenote_active":false,"_monsterinsights_sitenote_note":"","_monsterinsights_sitenote_category":0,"footnotes":""},"categories":[4],"tags":[],"class_list":["post-5199","post","type-post","status-publish","format-standard","has-post-thumbnail","hentry","category-actualites","news"],"acf":[],"yoast_head":"<!-- This site is optimized with the Yoast SEO plugin v27.4 - https:\/\/yoast.com\/product\/yoast-seo-wordpress\/ -->\n<title>Reprise d\u2019entreprise : Formations C.R.A et R\u00e9seau Entreprendre Hainaut pour futurs repreneurs TPE-PME<\/title>\n<meta name=\"description\" content=\"Boostez votre projet de reprise d\u2019entreprise gr\u00e2ce aux formations C.R.A et R\u00e9seau Entreprendre Hainaut. Sessions d\u00e9di\u00e9es aux futurs repreneurs TPE-PME pour acqu\u00e9rir comp\u00e9tences et r\u00e9seau. Inscrivez-vous d\u00e8s maintenant\u202f!\" \/>\n<meta name=\"robots\" content=\"index, follow, max-snippet:-1, max-image-preview:large, max-video-preview:-1\" \/>\n<link rel=\"canonical\" href=\"https:\/\/www.reseau-entreprendre.org\/hainaut\/2025\/06\/30\/reprise-entreprise-formation-cra-reseau-entreprendre-hainaut\/\" \/>\n<meta property=\"og:locale\" content=\"fr_FR\" \/>\n<meta property=\"og:type\" content=\"article\" \/>\n<meta property=\"og:title\" content=\"Reprise d\u2019entreprise : Formations C.R.A et R\u00e9seau Entreprendre Hainaut pour futurs repreneurs TPE-PME\" \/>\n<meta property=\"og:description\" content=\"Boostez votre projet de reprise d\u2019entreprise gr\u00e2ce aux formations C.R.A et R\u00e9seau Entreprendre Hainaut. Sessions d\u00e9di\u00e9es aux futurs repreneurs TPE-PME pour acqu\u00e9rir comp\u00e9tences et r\u00e9seau. Inscrivez-vous d\u00e8s maintenant\u202f!\" \/>\n<meta property=\"og:url\" content=\"https:\/\/www.reseau-entreprendre.org\/hainaut\/2025\/06\/30\/reprise-entreprise-formation-cra-reseau-entreprendre-hainaut\/\" \/>\n<meta property=\"og:site_name\" content=\"R\u00e9seau Entreprendre Hainaut\" \/>\n<meta property=\"article:published_time\" content=\"2025-06-30T07:35:09+00:00\" \/>\n<meta property=\"article:modified_time\" content=\"2025-06-30T07:35:11+00:00\" \/>\n<meta property=\"og:image\" content=\"https:\/\/www.reseau-entreprendre.org\/hainaut\/wp-content\/uploads\/sites\/39\/2025\/06\/IMG-20240829-WA0000.jpg\" \/>\n\t<meta property=\"og:image:width\" content=\"1200\" \/>\n\t<meta property=\"og:image:height\" content=\"1600\" \/>\n\t<meta property=\"og:image:type\" content=\"image\/jpeg\" \/>\n<meta name=\"author\" content=\"hainaut\" \/>\n<meta name=\"twitter:card\" content=\"summary_large_image\" \/>\n<meta name=\"twitter:label1\" content=\"\u00c9crit par\" \/>\n\t<meta name=\"twitter:data1\" content=\"hainaut\" \/>\n\t<meta name=\"twitter:label2\" content=\"Dur\u00e9e de lecture estim\u00e9e\" \/>\n\t<meta name=\"twitter:data2\" content=\"3 minutes\" \/>\n<script type=\"application\/ld+json\" class=\"yoast-schema-graph\">{\"@context\":\"https:\\\/\\\/schema.org\",\"@graph\":[{\"@type\":\"Article\",\"@id\":\"https:\\\/\\\/www.reseau-entreprendre.org\\\/hainaut\\\/2025\\\/06\\\/30\\\/reprise-entreprise-formation-cra-reseau-entreprendre-hainaut\\\/#article\",\"isPartOf\":{\"@id\":\"https:\\\/\\\/www.reseau-entreprendre.org\\\/hainaut\\\/2025\\\/06\\\/30\\\/reprise-entreprise-formation-cra-reseau-entreprendre-hainaut\\\/\"},\"author\":{\"name\":\"hainaut\",\"@id\":\"https:\\\/\\\/www.reseau-entreprendre.org\\\/hainaut\\\/#\\\/schema\\\/person\\\/fceac0bd5213d3d69c94c249b5c09a85\"},\"headline\":\"Formation reprise entreprise : R\u00e9seau Entreprendre Hainaut et C.R.A accompagnent les futurs repreneurs\",\"datePublished\":\"2025-06-30T07:35:09+00:00\",\"dateModified\":\"2025-06-30T07:35:11+00:00\",\"mainEntityOfPage\":{\"@id\":\"https:\\\/\\\/www.reseau-entreprendre.org\\\/hainaut\\\/2025\\\/06\\\/30\\\/reprise-entreprise-formation-cra-reseau-entreprendre-hainaut\\\/\"},\"wordCount\":444,\"image\":{\"@id\":\"https:\\\/\\\/www.reseau-entreprendre.org\\\/hainaut\\\/2025\\\/06\\\/30\\\/reprise-entreprise-formation-cra-reseau-entreprendre-hainaut\\\/#primaryimage\"},\"thumbnailUrl\":\"https:\\\/\\\/www.reseau-entreprendre.org\\\/hainaut\\\/wp-content\\\/uploads\\\/sites\\\/39\\\/2025\\\/06\\\/IMG-20240829-WA0000.jpg\",\"articleSection\":[\"Actualit\u00e9s\"],\"inLanguage\":\"fr-FR\"},{\"@type\":\"WebPage\",\"@id\":\"https:\\\/\\\/www.reseau-entreprendre.org\\\/hainaut\\\/2025\\\/06\\\/30\\\/reprise-entreprise-formation-cra-reseau-entreprendre-hainaut\\\/\",\"url\":\"https:\\\/\\\/www.reseau-entreprendre.org\\\/hainaut\\\/2025\\\/06\\\/30\\\/reprise-entreprise-formation-cra-reseau-entreprendre-hainaut\\\/\",\"name\":\"Reprise d\u2019entreprise : Formations C.R.A et R\u00e9seau Entreprendre Hainaut pour futurs repreneurs TPE-PME\",\"isPartOf\":{\"@id\":\"https:\\\/\\\/www.reseau-entreprendre.org\\\/hainaut\\\/#website\"},\"primaryImageOfPage\":{\"@id\":\"https:\\\/\\\/www.reseau-entreprendre.org\\\/hainaut\\\/2025\\\/06\\\/30\\\/reprise-entreprise-formation-cra-reseau-entreprendre-hainaut\\\/#primaryimage\"},\"image\":{\"@id\":\"https:\\\/\\\/www.reseau-entreprendre.org\\\/hainaut\\\/2025\\\/06\\\/30\\\/reprise-entreprise-formation-cra-reseau-entreprendre-hainaut\\\/#primaryimage\"},\"thumbnailUrl\":\"https:\\\/\\\/www.reseau-entreprendre.org\\\/hainaut\\\/wp-content\\\/uploads\\\/sites\\\/39\\\/2025\\\/06\\\/IMG-20240829-WA0000.jpg\",\"datePublished\":\"2025-06-30T07:35:09+00:00\",\"dateModified\":\"2025-06-30T07:35:11+00:00\",\"author\":{\"@id\":\"https:\\\/\\\/www.reseau-entreprendre.org\\\/hainaut\\\/#\\\/schema\\\/person\\\/fceac0bd5213d3d69c94c249b5c09a85\"},\"description\":\"Boostez votre projet de reprise d\u2019entreprise gr\u00e2ce aux formations C.R.A et R\u00e9seau Entreprendre Hainaut. Sessions d\u00e9di\u00e9es aux futurs repreneurs TPE-PME pour acqu\u00e9rir comp\u00e9tences et r\u00e9seau. Inscrivez-vous d\u00e8s maintenant\u202f!\",\"breadcrumb\":{\"@id\":\"https:\\\/\\\/www.reseau-entreprendre.org\\\/hainaut\\\/2025\\\/06\\\/30\\\/reprise-entreprise-formation-cra-reseau-entreprendre-hainaut\\\/#breadcrumb\"},\"inLanguage\":\"fr-FR\",\"potentialAction\":[{\"@type\":\"ReadAction\",\"target\":[\"https:\\\/\\\/www.reseau-entreprendre.org\\\/hainaut\\\/2025\\\/06\\\/30\\\/reprise-entreprise-formation-cra-reseau-entreprendre-hainaut\\\/\"]}]},{\"@type\":\"ImageObject\",\"inLanguage\":\"fr-FR\",\"@id\":\"https:\\\/\\\/www.reseau-entreprendre.org\\\/hainaut\\\/2025\\\/06\\\/30\\\/reprise-entreprise-formation-cra-reseau-entreprendre-hainaut\\\/#primaryimage\",\"url\":\"https:\\\/\\\/www.reseau-entreprendre.org\\\/hainaut\\\/wp-content\\\/uploads\\\/sites\\\/39\\\/2025\\\/06\\\/IMG-20240829-WA0000.jpg\",\"contentUrl\":\"https:\\\/\\\/www.reseau-entreprendre.org\\\/hainaut\\\/wp-content\\\/uploads\\\/sites\\\/39\\\/2025\\\/06\\\/IMG-20240829-WA0000.jpg\",\"width\":1200,\"height\":1600},{\"@type\":\"BreadcrumbList\",\"@id\":\"https:\\\/\\\/www.reseau-entreprendre.org\\\/hainaut\\\/2025\\\/06\\\/30\\\/reprise-entreprise-formation-cra-reseau-entreprendre-hainaut\\\/#breadcrumb\",\"itemListElement\":[{\"@type\":\"ListItem\",\"position\":1,\"name\":\"Accueil\",\"item\":\"https:\\\/\\\/www.reseau-entreprendre.org\\\/hainaut\\\/\"},{\"@type\":\"ListItem\",\"position\":2,\"name\":\"Formation reprise entreprise : R\u00e9seau Entreprendre Hainaut et C.R.A accompagnent les futurs repreneurs\"}]},{\"@type\":\"WebSite\",\"@id\":\"https:\\\/\\\/www.reseau-entreprendre.org\\\/hainaut\\\/#website\",\"url\":\"https:\\\/\\\/www.reseau-entreprendre.org\\\/hainaut\\\/\",\"name\":\"R\u00e9seau Entreprendre Hainaut\",\"description\":\"Un site utilisant Les sites de R\u00e9seau Entreprendre\",\"potentialAction\":[{\"@type\":\"SearchAction\",\"target\":{\"@type\":\"EntryPoint\",\"urlTemplate\":\"https:\\\/\\\/www.reseau-entreprendre.org\\\/hainaut\\\/?s={search_term_string}\"},\"query-input\":{\"@type\":\"PropertyValueSpecification\",\"valueRequired\":true,\"valueName\":\"search_term_string\"}}],\"inLanguage\":\"fr-FR\"},{\"@type\":\"Person\",\"@id\":\"https:\\\/\\\/www.reseau-entreprendre.org\\\/hainaut\\\/#\\\/schema\\\/person\\\/fceac0bd5213d3d69c94c249b5c09a85\",\"name\":\"hainaut\",\"image\":{\"@type\":\"ImageObject\",\"inLanguage\":\"fr-FR\",\"@id\":\"https:\\\/\\\/secure.gravatar.com\\\/avatar\\\/96f4e48111d175679c98a2049666f6d0ca92c054b0541795300a9538be840d65?s=96&d=mm&r=g\",\"url\":\"https:\\\/\\\/secure.gravatar.com\\\/avatar\\\/96f4e48111d175679c98a2049666f6d0ca92c054b0541795300a9538be840d65?s=96&d=mm&r=g\",\"contentUrl\":\"https:\\\/\\\/secure.gravatar.com\\\/avatar\\\/96f4e48111d175679c98a2049666f6d0ca92c054b0541795300a9538be840d65?s=96&d=mm&r=g\",\"caption\":\"hainaut\"},\"url\":\"https:\\\/\\\/www.reseau-entreprendre.org\\\/hainaut\\\/author\\\/hainaut\\\/\"}]}<\/script>\n<!-- \/ Yoast SEO plugin. -->","yoast_head_json":{"title":"Reprise d\u2019entreprise : Formations C.R.A et R\u00e9seau Entreprendre Hainaut pour futurs repreneurs TPE-PME","description":"Boostez votre projet de reprise d\u2019entreprise gr\u00e2ce aux formations C.R.A et R\u00e9seau Entreprendre Hainaut. Sessions d\u00e9di\u00e9es aux futurs repreneurs TPE-PME pour acqu\u00e9rir comp\u00e9tences et r\u00e9seau. Inscrivez-vous d\u00e8s maintenant\u202f!","robots":{"index":"index","follow":"follow","max-snippet":"max-snippet:-1","max-image-preview":"max-image-preview:large","max-video-preview":"max-video-preview:-1"},"canonical":"https:\/\/www.reseau-entreprendre.org\/hainaut\/2025\/06\/30\/reprise-entreprise-formation-cra-reseau-entreprendre-hainaut\/","og_locale":"fr_FR","og_type":"article","og_title":"Reprise d\u2019entreprise : Formations C.R.A et R\u00e9seau Entreprendre Hainaut pour futurs repreneurs TPE-PME","og_description":"Boostez votre projet de reprise d\u2019entreprise gr\u00e2ce aux formations C.R.A et R\u00e9seau Entreprendre Hainaut. Sessions d\u00e9di\u00e9es aux futurs repreneurs TPE-PME pour acqu\u00e9rir comp\u00e9tences et r\u00e9seau. Inscrivez-vous d\u00e8s maintenant\u202f!","og_url":"https:\/\/www.reseau-entreprendre.org\/hainaut\/2025\/06\/30\/reprise-entreprise-formation-cra-reseau-entreprendre-hainaut\/","og_site_name":"R\u00e9seau Entreprendre Hainaut","article_published_time":"2025-06-30T07:35:09+00:00","article_modified_time":"2025-06-30T07:35:11+00:00","og_image":[{"width":1200,"height":1600,"url":"https:\/\/www.reseau-entreprendre.org\/hainaut\/wp-content\/uploads\/sites\/39\/2025\/06\/IMG-20240829-WA0000.jpg","type":"image\/jpeg"}],"author":"hainaut","twitter_card":"summary_large_image","twitter_misc":{"\u00c9crit par":"hainaut","Dur\u00e9e de lecture estim\u00e9e":"3 minutes"},"schema":{"@context":"https:\/\/schema.org","@graph":[{"@type":"Article","@id":"https:\/\/www.reseau-entreprendre.org\/hainaut\/2025\/06\/30\/reprise-entreprise-formation-cra-reseau-entreprendre-hainaut\/#article","isPartOf":{"@id":"https:\/\/www.reseau-entreprendre.org\/hainaut\/2025\/06\/30\/reprise-entreprise-formation-cra-reseau-entreprendre-hainaut\/"},"author":{"name":"hainaut","@id":"https:\/\/www.reseau-entreprendre.org\/hainaut\/#\/schema\/person\/fceac0bd5213d3d69c94c249b5c09a85"},"headline":"Formation reprise entreprise : R\u00e9seau Entreprendre Hainaut et C.R.A accompagnent les futurs repreneurs","datePublished":"2025-06-30T07:35:09+00:00","dateModified":"2025-06-30T07:35:11+00:00","mainEntityOfPage":{"@id":"https:\/\/www.reseau-entreprendre.org\/hainaut\/2025\/06\/30\/reprise-entreprise-formation-cra-reseau-entreprendre-hainaut\/"},"wordCount":444,"image":{"@id":"https:\/\/www.reseau-entreprendre.org\/hainaut\/2025\/06\/30\/reprise-entreprise-formation-cra-reseau-entreprendre-hainaut\/#primaryimage"},"thumbnailUrl":"https:\/\/www.reseau-entreprendre.org\/hainaut\/wp-content\/uploads\/sites\/39\/2025\/06\/IMG-20240829-WA0000.jpg","articleSection":["Actualit\u00e9s"],"inLanguage":"fr-FR"},{"@type":"WebPage","@id":"https:\/\/www.reseau-entreprendre.org\/hainaut\/2025\/06\/30\/reprise-entreprise-formation-cra-reseau-entreprendre-hainaut\/","url":"https:\/\/www.reseau-entreprendre.org\/hainaut\/2025\/06\/30\/reprise-entreprise-formation-cra-reseau-entreprendre-hainaut\/","name":"Reprise d\u2019entreprise : Formations C.R.A et R\u00e9seau Entreprendre Hainaut pour futurs repreneurs TPE-PME","isPartOf":{"@id":"https:\/\/www.reseau-entreprendre.org\/hainaut\/#website"},"primaryImageOfPage":{"@id":"https:\/\/www.reseau-entreprendre.org\/hainaut\/2025\/06\/30\/reprise-entreprise-formation-cra-reseau-entreprendre-hainaut\/#primaryimage"},"image":{"@id":"https:\/\/www.reseau-entreprendre.org\/hainaut\/2025\/06\/30\/reprise-entreprise-formation-cra-reseau-entreprendre-hainaut\/#primaryimage"},"thumbnailUrl":"https:\/\/www.reseau-entreprendre.org\/hainaut\/wp-content\/uploads\/sites\/39\/2025\/06\/IMG-20240829-WA0000.jpg","datePublished":"2025-06-30T07:35:09+00:00","dateModified":"2025-06-30T07:35:11+00:00","author":{"@id":"https:\/\/www.reseau-entreprendre.org\/hainaut\/#\/schema\/person\/fceac0bd5213d3d69c94c249b5c09a85"},"description":"Boostez votre projet de reprise d\u2019entreprise gr\u00e2ce aux formations C.R.A et R\u00e9seau Entreprendre Hainaut. Sessions d\u00e9di\u00e9es aux futurs repreneurs TPE-PME pour acqu\u00e9rir comp\u00e9tences et r\u00e9seau. Inscrivez-vous d\u00e8s maintenant\u202f!","breadcrumb":{"@id":"https:\/\/www.reseau-entreprendre.org\/hainaut\/2025\/06\/30\/reprise-entreprise-formation-cra-reseau-entreprendre-hainaut\/#breadcrumb"},"inLanguage":"fr-FR","potentialAction":[{"@type":"ReadAction","target":["https:\/\/www.reseau-entreprendre.org\/hainaut\/2025\/06\/30\/reprise-entreprise-formation-cra-reseau-entreprendre-hainaut\/"]}]},{"@type":"ImageObject","inLanguage":"fr-FR","@id":"https:\/\/www.reseau-entreprendre.org\/hainaut\/2025\/06\/30\/reprise-entreprise-formation-cra-reseau-entreprendre-hainaut\/#primaryimage","url":"https:\/\/www.reseau-entreprendre.org\/hainaut\/wp-content\/uploads\/sites\/39\/2025\/06\/IMG-20240829-WA0000.jpg","contentUrl":"https:\/\/www.reseau-entreprendre.org\/hainaut\/wp-content\/uploads\/sites\/39\/2025\/06\/IMG-20240829-WA0000.jpg","width":1200,"height":1600},{"@type":"BreadcrumbList","@id":"https:\/\/www.reseau-entreprendre.org\/hainaut\/2025\/06\/30\/reprise-entreprise-formation-cra-reseau-entreprendre-hainaut\/#breadcrumb","itemListElement":[{"@type":"ListItem","position":1,"name":"Accueil","item":"https:\/\/www.reseau-entreprendre.org\/hainaut\/"},{"@type":"ListItem","position":2,"name":"Formation reprise entreprise : R\u00e9seau Entreprendre Hainaut et C.R.A accompagnent les futurs repreneurs"}]},{"@type":"WebSite","@id":"https:\/\/www.reseau-entreprendre.org\/hainaut\/#website","url":"https:\/\/www.reseau-entreprendre.org\/hainaut\/","name":"R\u00e9seau Entreprendre Hainaut","description":"Un site utilisant Les sites de R\u00e9seau Entreprendre","potentialAction":[{"@type":"SearchAction","target":{"@type":"EntryPoint","urlTemplate":"https:\/\/www.reseau-entreprendre.org\/hainaut\/?s={search_term_string}"},"query-input":{"@type":"PropertyValueSpecification","valueRequired":true,"valueName":"search_term_string"}}],"inLanguage":"fr-FR"},{"@type":"Person","@id":"https:\/\/www.reseau-entreprendre.org\/hainaut\/#\/schema\/person\/fceac0bd5213d3d69c94c249b5c09a85","name":"hainaut","image":{"@type":"ImageObject","inLanguage":"fr-FR","@id":"https:\/\/secure.gravatar.com\/avatar\/96f4e48111d175679c98a2049666f6d0ca92c054b0541795300a9538be840d65?s=96&d=mm&r=g","url":"https:\/\/secure.gravatar.com\/avatar\/96f4e48111d175679c98a2049666f6d0ca92c054b0541795300a9538be840d65?s=96&d=mm&r=g","contentUrl":"https:\/\/secure.gravatar.com\/avatar\/96f4e48111d175679c98a2049666f6d0ca92c054b0541795300a9538be840d65?s=96&d=mm&r=g","caption":"hainaut"},"url":"https:\/\/www.reseau-entreprendre.org\/hainaut\/author\/hainaut\/"}]}},"_links":{"self":[{"href":"https:\/\/www.reseau-entreprendre.org\/hainaut\/wp-json\/wp\/v2\/posts\/5199","targetHints":{"allow":["GET"]}}],"collection":[{"href":"https:\/\/www.reseau-entreprendre.org\/hainaut\/wp-json\/wp\/v2\/posts"}],"about":[{"href":"https:\/\/www.reseau-entreprendre.org\/hainaut\/wp-json\/wp\/v2\/types\/post"}],"author":[{"embeddable":true,"href":"https:\/\/www.reseau-entreprendre.org\/hainaut\/wp-json\/wp\/v2\/users\/41"}],"replies":[{"embeddable":true,"href":"https:\/\/www.reseau-entreprendre.org\/hainaut\/wp-json\/wp\/v2\/comments?post=5199"}],"version-history":[{"count":0,"href":"https:\/\/www.reseau-entreprendre.org\/hainaut\/wp-json\/wp\/v2\/posts\/5199\/revisions"}],"wp:featuredmedia":[{"embeddable":true,"href":"https:\/\/www.reseau-entreprendre.org\/hainaut\/wp-json\/wp\/v2\/media\/5202"}],"wp:attachment":[{"href":"https:\/\/www.reseau-entreprendre.org\/hainaut\/wp-json\/wp\/v2\/media?parent=5199"}],"wp:term":[{"taxonomy":"category","embeddable":true,"href":"https:\/\/www.reseau-entreprendre.org\/hainaut\/wp-json\/wp\/v2\/categories?post=5199"},{"taxonomy":"post_tag","embeddable":true,"href":"https:\/\/www.reseau-entreprendre.org\/hainaut\/wp-json\/wp\/v2\/tags?post=5199"}],"curies":[{"name":"wp","href":"https:\/\/api.w.org\/{rel}","templated":true}]}}