{"id":5229,"date":"2025-07-28T10:27:26","date_gmt":"2025-07-28T08:27:26","guid":{"rendered":"https:\/\/www.reseau-entreprendre.org\/hainaut\/?p=5229"},"modified":"2025-07-28T10:27:29","modified_gmt":"2025-07-28T08:27:29","slug":"journees-patrimoine-economique-2025-hainaut","status":"publish","type":"post","link":"https:\/\/www.reseau-entreprendre.org\/hainaut\/2025\/07\/28\/journees-patrimoine-economique-2025-hainaut\/","title":{"rendered":"Lancement des Journ\u00e9es du Patrimoine \u00c9conomique 2025 : Entreprises, ouvrez vos portes les 26, 27 et 28 septembre !"},"content":{"rendered":"\n<p><strong><a href=\"https:\/\/www.reseau-entreprendre.org\/hainaut\/\">R\u00e9seau Entreprendre Hainaut<\/a><\/strong> est fier de soutenir le <strong>MEDEF Hainaut Cambr\u00e9sis<\/strong> dans l\u2019organisation des <strong><a href=\"https:\/\/www.patrimoineeco.fr\/fr\/\">Journ\u00e9es du Patrimoine \u00c9conomique<\/a> (JPE)<\/strong>, un \u00e9v\u00e9nement unique qui valorise le tissu entrepreneurial local.<\/p>\n\n\n\n<p>&#x1f4cd; <strong>Les 26, 27 et 28 septembre 2025<\/strong>, les entreprises du territoire auront l\u2019opportunit\u00e9 d\u2019ouvrir leurs portes au grand public pour <strong>faire d\u00e9couvrir leurs m\u00e9tiers, leur histoire, et leurs savoir-faire<\/strong>.<\/p>\n\n\n\n<h2 class=\"wp-block-heading has-re-yellow-color has-text-color has-link-color wp-elements-730518036ffb4942008b4c4fc4bc8ea9\"><strong>Pourquoi participer aux Journ\u00e9es du Patrimoine \u00c9conomique ?<\/strong><\/h2>\n\n\n\n<p>Les JPE 2025 sont une <strong>opportunit\u00e9 strat\u00e9gique pour toutes les entreprises<\/strong>, quels que soient leur taille ou leur secteur d\u2019activit\u00e9 (TPE, PME, ETI, grandes entreprises) :<\/p>\n\n\n\n<h3 class=\"wp-block-heading\">1. <strong>Renforcer votre attractivit\u00e9<\/strong><\/h3>\n\n\n\n<ul class=\"wp-block-list\">\n<li>Attirez de nouveaux talents<\/li>\n\n\n\n<li>Inspirez les jeunes g\u00e9n\u00e9rations et les publics en reconversion<\/li>\n\n\n\n<li>Fid\u00e9lisez vos collaborateurs en les impliquant dans un projet f\u00e9d\u00e9rateur<\/li>\n<\/ul>\n\n\n\n<h3 class=\"wp-block-heading\">2. <strong>Valoriser votre savoir-faire<\/strong><\/h3>\n\n\n\n<ul class=\"wp-block-list\">\n<li>Faites d\u00e9couvrir les coulisses de votre entreprise<\/li>\n\n\n\n<li>Partagez vos innovations, vos m\u00e9tiers rares ou m\u00e9connus<\/li>\n\n\n\n<li>Mettez en lumi\u00e8re votre r\u00f4le dans l\u2019\u00e9conomie locale<\/li>\n<\/ul>\n\n\n\n<h3 class=\"wp-block-heading\">3. <strong>Devenir un acteur cl\u00e9 du territoire<\/strong><\/h3>\n\n\n\n<ul class=\"wp-block-list\">\n<li>Renforcez les liens avec votre \u00e9cosyst\u00e8me local<\/li>\n\n\n\n<li>Contribuez \u00e0 faire conna\u00eetre les richesses \u00e9conomiques du Hainaut<\/li>\n\n\n\n<li>Participez \u00e0 un \u00e9v\u00e9nement de territoire \u00e0 fort impact m\u00e9diatique<\/li>\n<\/ul>\n\n\n\n<hr class=\"wp-block-separator has-alpha-channel-opacity\" \/>\n\n\n\n<h2 class=\"wp-block-heading has-re-yellow-color has-text-color has-link-color wp-elements-bc2d131bf53df92b91695d1a22ab0010\"><strong>Pour qui ?<\/strong><\/h2>\n\n\n\n<p>Les visiteurs attendus sont nombreux :<\/p>\n\n\n\n<ul class=\"wp-block-list\">\n<li>Scolaires<\/li>\n\n\n\n<li>\u00c9tudiants<\/li>\n\n\n\n<li>Familles<\/li>\n\n\n\n<li>Actifs en reconversion<\/li>\n\n\n\n<li>Curieux et passionn\u00e9s d\u2019\u00e9conomie locale<\/li>\n<\/ul>\n\n\n\n<p>C\u2019est une <strong>occasion unique de cr\u00e9er des vocations et de tisser du lien avec votre communaut\u00e9<\/strong>.<\/p>\n\n\n\n<h2 class=\"wp-block-heading has-re-yellow-color has-text-color has-link-color wp-elements-51c0e37c766e9ef18243155a6adea8f5\"><strong>Un accompagnement personnalis\u00e9 pour chaque entreprise<\/strong><\/h2>\n\n\n\n<p>Une fois votre inscription valid\u00e9e, vous recevrez un <strong>kit complet d\u2019accompagnement<\/strong>, comprenant :<\/p>\n\n\n\n<ul class=\"wp-block-list\">\n<li>Des visuels personnalis\u00e9s pour vos r\u00e9seaux sociaux et supports de communication<\/li>\n\n\n\n<li>Des kits de communication cl\u00e9s en main<\/li>\n\n\n\n<li>L\u2019acc\u00e8s \u00e0 un espace de gestion des inscrits<\/li>\n\n\n\n<li>Des visios d&#8217;information pour vous guider pas \u00e0 pas<\/li>\n<\/ul>\n\n\n\n<hr class=\"wp-block-separator has-alpha-channel-opacity\" \/>\n\n\n\n<h2 class=\"wp-block-heading has-re-yellow-color has-text-color has-link-color wp-elements-eae9070662e1d59a3d069c3fe9558a3c\"><strong>Comment participer aux JPE 2025 ?<\/strong><\/h2>\n\n\n\n<p>&#x1f4cc; L\u2019inscription est <strong>gratuite<\/strong> et ouverte d\u00e8s maintenant sur le site officiel :<br>&#x1f449; <a class=\"\" href=\"https:\/\/www.patrimoineeco.fr\/fr\/entreprises\">https:\/\/www.patrimoineeco.fr\/fr\/entreprises<\/a><\/p>\n\n\n\n<hr class=\"wp-block-separator has-alpha-channel-opacity\" \/>\n\n\n\n<h2 class=\"wp-block-heading has-re-yellow-color has-text-color has-link-color wp-elements-4ea7666a99294f6600f3891fc2ca3a83\"><strong> Un projet collectif soutenu par R\u00e9seau Entreprendre Hainaut<\/strong><\/h2>\n\n\n\n<p>Chez <strong>R\u00e9seau Entreprendre Hainaut<\/strong>, nous croyons au <strong>r\u00f4le moteur des entrepreneurs dans le d\u00e9veloppement du territoire<\/strong>. C\u2019est pourquoi nous encourageons vivement notre communaut\u00e9 de laur\u00e9ats, membres et partenaires \u00e0 participer \u00e0 ces journ\u00e9es pour <strong>mettre en lumi\u00e8re leurs talents et leur engagement local<\/strong>.<\/p>\n\n\n\n<hr class=\"wp-block-separator has-alpha-channel-opacity\" \/>\n\n\n\n<h3 class=\"wp-block-heading\">&#x1f4e3; Ne ratez pas cette occasion de faire rayonner votre entreprise au c\u0153ur du Hainaut !<\/h3>\n\n\n\n\n","protected":false},"excerpt":{"rendered":"<p>R\u00e9seau Entreprendre Hainaut est fier de soutenir le MEDEF Hainaut<\/p>\n","protected":false},"author":41,"featured_media":5230,"comment_status":"closed","ping_status":"closed","sticky":false,"template":"","format":"standard","meta":{"_acf_changed":false,"_monsterinsights_skip_tracking":false,"_monsterinsights_sitenote_active":false,"_monsterinsights_sitenote_note":"","_monsterinsights_sitenote_category":0,"footnotes":""},"categories":[4],"tags":[],"class_list":["post-5229","post","type-post","status-publish","format-standard","has-post-thumbnail","hentry","category-actualites","news"],"acf":[],"yoast_head":"<!-- This site is optimized with the Yoast SEO plugin v27.4 - https:\/\/yoast.com\/product\/yoast-seo-wordpress\/ -->\n<title>Journ\u00e9es du Patrimoine \u00c9conomique 2025 avec REH<\/title>\n<meta name=\"description\" content=\"Participez aux Journ\u00e9es du Patrimoine \u00c9conomique 2025 et valorisez votre entreprise, vos m\u00e9tiers et vos savoir-faire dans le Hainaut.\" \/>\n<meta name=\"robots\" content=\"index, follow, max-snippet:-1, max-image-preview:large, max-video-preview:-1\" \/>\n<link rel=\"canonical\" href=\"https:\/\/www.reseau-entreprendre.org\/hainaut\/2025\/07\/28\/journees-patrimoine-economique-2025-hainaut\/\" \/>\n<meta property=\"og:locale\" content=\"fr_FR\" \/>\n<meta property=\"og:type\" content=\"article\" \/>\n<meta property=\"og:title\" content=\"Journ\u00e9es du Patrimoine \u00c9conomique 2025 avec REH\" \/>\n<meta property=\"og:description\" content=\"Participez aux Journ\u00e9es du Patrimoine \u00c9conomique 2025 et valorisez votre entreprise, vos m\u00e9tiers et vos savoir-faire dans le Hainaut.\" \/>\n<meta property=\"og:url\" content=\"https:\/\/www.reseau-entreprendre.org\/hainaut\/2025\/07\/28\/journees-patrimoine-economique-2025-hainaut\/\" \/>\n<meta property=\"og:site_name\" content=\"R\u00e9seau Entreprendre Hainaut\" \/>\n<meta property=\"article:published_time\" content=\"2025-07-28T08:27:26+00:00\" \/>\n<meta property=\"article:modified_time\" content=\"2025-07-28T08:27:29+00:00\" \/>\n<meta property=\"og:image\" content=\"https:\/\/www.reseau-entreprendre.org\/hainaut\/wp-content\/uploads\/sites\/39\/2025\/07\/Banniere-Wordpress-3.png\" \/>\n\t<meta property=\"og:image:width\" content=\"1920\" \/>\n\t<meta property=\"og:image:height\" content=\"1080\" \/>\n\t<meta property=\"og:image:type\" content=\"image\/png\" \/>\n<meta name=\"author\" content=\"hainaut\" \/>\n<meta name=\"twitter:card\" content=\"summary_large_image\" \/>\n<meta name=\"twitter:label1\" content=\"\u00c9crit par\" \/>\n\t<meta name=\"twitter:data1\" content=\"hainaut\" \/>\n\t<meta name=\"twitter:label2\" content=\"Dur\u00e9e de lecture estim\u00e9e\" \/>\n\t<meta name=\"twitter:data2\" content=\"2 minutes\" \/>\n<script type=\"application\/ld+json\" class=\"yoast-schema-graph\">{\"@context\":\"https:\\\/\\\/schema.org\",\"@graph\":[{\"@type\":\"Article\",\"@id\":\"https:\\\/\\\/www.reseau-entreprendre.org\\\/hainaut\\\/2025\\\/07\\\/28\\\/journees-patrimoine-economique-2025-hainaut\\\/#article\",\"isPartOf\":{\"@id\":\"https:\\\/\\\/www.reseau-entreprendre.org\\\/hainaut\\\/2025\\\/07\\\/28\\\/journees-patrimoine-economique-2025-hainaut\\\/\"},\"author\":{\"name\":\"hainaut\",\"@id\":\"https:\\\/\\\/www.reseau-entreprendre.org\\\/hainaut\\\/#\\\/schema\\\/person\\\/fceac0bd5213d3d69c94c249b5c09a85\"},\"headline\":\"Lancement des Journ\u00e9es du Patrimoine \u00c9conomique 2025 : Entreprises, ouvrez vos portes les 26, 27 et 28 septembre !\",\"datePublished\":\"2025-07-28T08:27:26+00:00\",\"dateModified\":\"2025-07-28T08:27:29+00:00\",\"mainEntityOfPage\":{\"@id\":\"https:\\\/\\\/www.reseau-entreprendre.org\\\/hainaut\\\/2025\\\/07\\\/28\\\/journees-patrimoine-economique-2025-hainaut\\\/\"},\"wordCount\":409,\"image\":{\"@id\":\"https:\\\/\\\/www.reseau-entreprendre.org\\\/hainaut\\\/2025\\\/07\\\/28\\\/journees-patrimoine-economique-2025-hainaut\\\/#primaryimage\"},\"thumbnailUrl\":\"https:\\\/\\\/www.reseau-entreprendre.org\\\/hainaut\\\/wp-content\\\/uploads\\\/sites\\\/39\\\/2025\\\/07\\\/Banniere-Wordpress-3.png\",\"articleSection\":[\"Actualit\u00e9s\"],\"inLanguage\":\"fr-FR\"},{\"@type\":\"WebPage\",\"@id\":\"https:\\\/\\\/www.reseau-entreprendre.org\\\/hainaut\\\/2025\\\/07\\\/28\\\/journees-patrimoine-economique-2025-hainaut\\\/\",\"url\":\"https:\\\/\\\/www.reseau-entreprendre.org\\\/hainaut\\\/2025\\\/07\\\/28\\\/journees-patrimoine-economique-2025-hainaut\\\/\",\"name\":\"Journ\u00e9es du Patrimoine \u00c9conomique 2025 avec REH\",\"isPartOf\":{\"@id\":\"https:\\\/\\\/www.reseau-entreprendre.org\\\/hainaut\\\/#website\"},\"primaryImageOfPage\":{\"@id\":\"https:\\\/\\\/www.reseau-entreprendre.org\\\/hainaut\\\/2025\\\/07\\\/28\\\/journees-patrimoine-economique-2025-hainaut\\\/#primaryimage\"},\"image\":{\"@id\":\"https:\\\/\\\/www.reseau-entreprendre.org\\\/hainaut\\\/2025\\\/07\\\/28\\\/journees-patrimoine-economique-2025-hainaut\\\/#primaryimage\"},\"thumbnailUrl\":\"https:\\\/\\\/www.reseau-entreprendre.org\\\/hainaut\\\/wp-content\\\/uploads\\\/sites\\\/39\\\/2025\\\/07\\\/Banniere-Wordpress-3.png\",\"datePublished\":\"2025-07-28T08:27:26+00:00\",\"dateModified\":\"2025-07-28T08:27:29+00:00\",\"author\":{\"@id\":\"https:\\\/\\\/www.reseau-entreprendre.org\\\/hainaut\\\/#\\\/schema\\\/person\\\/fceac0bd5213d3d69c94c249b5c09a85\"},\"description\":\"Participez aux Journ\u00e9es du Patrimoine \u00c9conomique 2025 et valorisez votre entreprise, vos m\u00e9tiers et vos savoir-faire dans le Hainaut.\",\"breadcrumb\":{\"@id\":\"https:\\\/\\\/www.reseau-entreprendre.org\\\/hainaut\\\/2025\\\/07\\\/28\\\/journees-patrimoine-economique-2025-hainaut\\\/#breadcrumb\"},\"inLanguage\":\"fr-FR\",\"potentialAction\":[{\"@type\":\"ReadAction\",\"target\":[\"https:\\\/\\\/www.reseau-entreprendre.org\\\/hainaut\\\/2025\\\/07\\\/28\\\/journees-patrimoine-economique-2025-hainaut\\\/\"]}]},{\"@type\":\"ImageObject\",\"inLanguage\":\"fr-FR\",\"@id\":\"https:\\\/\\\/www.reseau-entreprendre.org\\\/hainaut\\\/2025\\\/07\\\/28\\\/journees-patrimoine-economique-2025-hainaut\\\/#primaryimage\",\"url\":\"https:\\\/\\\/www.reseau-entreprendre.org\\\/hainaut\\\/wp-content\\\/uploads\\\/sites\\\/39\\\/2025\\\/07\\\/Banniere-Wordpress-3.png\",\"contentUrl\":\"https:\\\/\\\/www.reseau-entreprendre.org\\\/hainaut\\\/wp-content\\\/uploads\\\/sites\\\/39\\\/2025\\\/07\\\/Banniere-Wordpress-3.png\",\"width\":1920,\"height\":1080,\"caption\":\"Journ\u00e9es du Patrimoine \u00c9conomique 2025\"},{\"@type\":\"BreadcrumbList\",\"@id\":\"https:\\\/\\\/www.reseau-entreprendre.org\\\/hainaut\\\/2025\\\/07\\\/28\\\/journees-patrimoine-economique-2025-hainaut\\\/#breadcrumb\",\"itemListElement\":[{\"@type\":\"ListItem\",\"position\":1,\"name\":\"Accueil\",\"item\":\"https:\\\/\\\/www.reseau-entreprendre.org\\\/hainaut\\\/\"},{\"@type\":\"ListItem\",\"position\":2,\"name\":\"Lancement des Journ\u00e9es du Patrimoine \u00c9conomique 2025 : Entreprises, ouvrez vos portes les 26, 27 et 28 septembre !\"}]},{\"@type\":\"WebSite\",\"@id\":\"https:\\\/\\\/www.reseau-entreprendre.org\\\/hainaut\\\/#website\",\"url\":\"https:\\\/\\\/www.reseau-entreprendre.org\\\/hainaut\\\/\",\"name\":\"R\u00e9seau Entreprendre Hainaut\",\"description\":\"Un site utilisant Les sites de R\u00e9seau Entreprendre\",\"potentialAction\":[{\"@type\":\"SearchAction\",\"target\":{\"@type\":\"EntryPoint\",\"urlTemplate\":\"https:\\\/\\\/www.reseau-entreprendre.org\\\/hainaut\\\/?s={search_term_string}\"},\"query-input\":{\"@type\":\"PropertyValueSpecification\",\"valueRequired\":true,\"valueName\":\"search_term_string\"}}],\"inLanguage\":\"fr-FR\"},{\"@type\":\"Person\",\"@id\":\"https:\\\/\\\/www.reseau-entreprendre.org\\\/hainaut\\\/#\\\/schema\\\/person\\\/fceac0bd5213d3d69c94c249b5c09a85\",\"name\":\"hainaut\",\"image\":{\"@type\":\"ImageObject\",\"inLanguage\":\"fr-FR\",\"@id\":\"https:\\\/\\\/secure.gravatar.com\\\/avatar\\\/96f4e48111d175679c98a2049666f6d0ca92c054b0541795300a9538be840d65?s=96&d=mm&r=g\",\"url\":\"https:\\\/\\\/secure.gravatar.com\\\/avatar\\\/96f4e48111d175679c98a2049666f6d0ca92c054b0541795300a9538be840d65?s=96&d=mm&r=g\",\"contentUrl\":\"https:\\\/\\\/secure.gravatar.com\\\/avatar\\\/96f4e48111d175679c98a2049666f6d0ca92c054b0541795300a9538be840d65?s=96&d=mm&r=g\",\"caption\":\"hainaut\"},\"url\":\"https:\\\/\\\/www.reseau-entreprendre.org\\\/hainaut\\\/author\\\/hainaut\\\/\"}]}<\/script>\n<!-- \/ Yoast SEO plugin. -->","yoast_head_json":{"title":"Journ\u00e9es du Patrimoine \u00c9conomique 2025 avec REH","description":"Participez aux Journ\u00e9es du Patrimoine \u00c9conomique 2025 et valorisez votre entreprise, vos m\u00e9tiers et vos savoir-faire dans le Hainaut.","robots":{"index":"index","follow":"follow","max-snippet":"max-snippet:-1","max-image-preview":"max-image-preview:large","max-video-preview":"max-video-preview:-1"},"canonical":"https:\/\/www.reseau-entreprendre.org\/hainaut\/2025\/07\/28\/journees-patrimoine-economique-2025-hainaut\/","og_locale":"fr_FR","og_type":"article","og_title":"Journ\u00e9es du Patrimoine \u00c9conomique 2025 avec REH","og_description":"Participez aux Journ\u00e9es du Patrimoine \u00c9conomique 2025 et valorisez votre entreprise, vos m\u00e9tiers et vos savoir-faire dans le Hainaut.","og_url":"https:\/\/www.reseau-entreprendre.org\/hainaut\/2025\/07\/28\/journees-patrimoine-economique-2025-hainaut\/","og_site_name":"R\u00e9seau Entreprendre Hainaut","article_published_time":"2025-07-28T08:27:26+00:00","article_modified_time":"2025-07-28T08:27:29+00:00","og_image":[{"width":1920,"height":1080,"url":"https:\/\/www.reseau-entreprendre.org\/hainaut\/wp-content\/uploads\/sites\/39\/2025\/07\/Banniere-Wordpress-3.png","type":"image\/png"}],"author":"hainaut","twitter_card":"summary_large_image","twitter_misc":{"\u00c9crit par":"hainaut","Dur\u00e9e de lecture estim\u00e9e":"2 minutes"},"schema":{"@context":"https:\/\/schema.org","@graph":[{"@type":"Article","@id":"https:\/\/www.reseau-entreprendre.org\/hainaut\/2025\/07\/28\/journees-patrimoine-economique-2025-hainaut\/#article","isPartOf":{"@id":"https:\/\/www.reseau-entreprendre.org\/hainaut\/2025\/07\/28\/journees-patrimoine-economique-2025-hainaut\/"},"author":{"name":"hainaut","@id":"https:\/\/www.reseau-entreprendre.org\/hainaut\/#\/schema\/person\/fceac0bd5213d3d69c94c249b5c09a85"},"headline":"Lancement des Journ\u00e9es du Patrimoine \u00c9conomique 2025 : Entreprises, ouvrez vos portes les 26, 27 et 28 septembre !","datePublished":"2025-07-28T08:27:26+00:00","dateModified":"2025-07-28T08:27:29+00:00","mainEntityOfPage":{"@id":"https:\/\/www.reseau-entreprendre.org\/hainaut\/2025\/07\/28\/journees-patrimoine-economique-2025-hainaut\/"},"wordCount":409,"image":{"@id":"https:\/\/www.reseau-entreprendre.org\/hainaut\/2025\/07\/28\/journees-patrimoine-economique-2025-hainaut\/#primaryimage"},"thumbnailUrl":"https:\/\/www.reseau-entreprendre.org\/hainaut\/wp-content\/uploads\/sites\/39\/2025\/07\/Banniere-Wordpress-3.png","articleSection":["Actualit\u00e9s"],"inLanguage":"fr-FR"},{"@type":"WebPage","@id":"https:\/\/www.reseau-entreprendre.org\/hainaut\/2025\/07\/28\/journees-patrimoine-economique-2025-hainaut\/","url":"https:\/\/www.reseau-entreprendre.org\/hainaut\/2025\/07\/28\/journees-patrimoine-economique-2025-hainaut\/","name":"Journ\u00e9es du Patrimoine \u00c9conomique 2025 avec REH","isPartOf":{"@id":"https:\/\/www.reseau-entreprendre.org\/hainaut\/#website"},"primaryImageOfPage":{"@id":"https:\/\/www.reseau-entreprendre.org\/hainaut\/2025\/07\/28\/journees-patrimoine-economique-2025-hainaut\/#primaryimage"},"image":{"@id":"https:\/\/www.reseau-entreprendre.org\/hainaut\/2025\/07\/28\/journees-patrimoine-economique-2025-hainaut\/#primaryimage"},"thumbnailUrl":"https:\/\/www.reseau-entreprendre.org\/hainaut\/wp-content\/uploads\/sites\/39\/2025\/07\/Banniere-Wordpress-3.png","datePublished":"2025-07-28T08:27:26+00:00","dateModified":"2025-07-28T08:27:29+00:00","author":{"@id":"https:\/\/www.reseau-entreprendre.org\/hainaut\/#\/schema\/person\/fceac0bd5213d3d69c94c249b5c09a85"},"description":"Participez aux Journ\u00e9es du Patrimoine \u00c9conomique 2025 et valorisez votre entreprise, vos m\u00e9tiers et vos savoir-faire dans le Hainaut.","breadcrumb":{"@id":"https:\/\/www.reseau-entreprendre.org\/hainaut\/2025\/07\/28\/journees-patrimoine-economique-2025-hainaut\/#breadcrumb"},"inLanguage":"fr-FR","potentialAction":[{"@type":"ReadAction","target":["https:\/\/www.reseau-entreprendre.org\/hainaut\/2025\/07\/28\/journees-patrimoine-economique-2025-hainaut\/"]}]},{"@type":"ImageObject","inLanguage":"fr-FR","@id":"https:\/\/www.reseau-entreprendre.org\/hainaut\/2025\/07\/28\/journees-patrimoine-economique-2025-hainaut\/#primaryimage","url":"https:\/\/www.reseau-entreprendre.org\/hainaut\/wp-content\/uploads\/sites\/39\/2025\/07\/Banniere-Wordpress-3.png","contentUrl":"https:\/\/www.reseau-entreprendre.org\/hainaut\/wp-content\/uploads\/sites\/39\/2025\/07\/Banniere-Wordpress-3.png","width":1920,"height":1080,"caption":"Journ\u00e9es du Patrimoine \u00c9conomique 2025"},{"@type":"BreadcrumbList","@id":"https:\/\/www.reseau-entreprendre.org\/hainaut\/2025\/07\/28\/journees-patrimoine-economique-2025-hainaut\/#breadcrumb","itemListElement":[{"@type":"ListItem","position":1,"name":"Accueil","item":"https:\/\/www.reseau-entreprendre.org\/hainaut\/"},{"@type":"ListItem","position":2,"name":"Lancement des Journ\u00e9es du Patrimoine \u00c9conomique 2025 : Entreprises, ouvrez vos portes les 26, 27 et 28 septembre !"}]},{"@type":"WebSite","@id":"https:\/\/www.reseau-entreprendre.org\/hainaut\/#website","url":"https:\/\/www.reseau-entreprendre.org\/hainaut\/","name":"R\u00e9seau Entreprendre Hainaut","description":"Un site utilisant Les sites de R\u00e9seau Entreprendre","potentialAction":[{"@type":"SearchAction","target":{"@type":"EntryPoint","urlTemplate":"https:\/\/www.reseau-entreprendre.org\/hainaut\/?s={search_term_string}"},"query-input":{"@type":"PropertyValueSpecification","valueRequired":true,"valueName":"search_term_string"}}],"inLanguage":"fr-FR"},{"@type":"Person","@id":"https:\/\/www.reseau-entreprendre.org\/hainaut\/#\/schema\/person\/fceac0bd5213d3d69c94c249b5c09a85","name":"hainaut","image":{"@type":"ImageObject","inLanguage":"fr-FR","@id":"https:\/\/secure.gravatar.com\/avatar\/96f4e48111d175679c98a2049666f6d0ca92c054b0541795300a9538be840d65?s=96&d=mm&r=g","url":"https:\/\/secure.gravatar.com\/avatar\/96f4e48111d175679c98a2049666f6d0ca92c054b0541795300a9538be840d65?s=96&d=mm&r=g","contentUrl":"https:\/\/secure.gravatar.com\/avatar\/96f4e48111d175679c98a2049666f6d0ca92c054b0541795300a9538be840d65?s=96&d=mm&r=g","caption":"hainaut"},"url":"https:\/\/www.reseau-entreprendre.org\/hainaut\/author\/hainaut\/"}]}},"_links":{"self":[{"href":"https:\/\/www.reseau-entreprendre.org\/hainaut\/wp-json\/wp\/v2\/posts\/5229","targetHints":{"allow":["GET"]}}],"collection":[{"href":"https:\/\/www.reseau-entreprendre.org\/hainaut\/wp-json\/wp\/v2\/posts"}],"about":[{"href":"https:\/\/www.reseau-entreprendre.org\/hainaut\/wp-json\/wp\/v2\/types\/post"}],"author":[{"embeddable":true,"href":"https:\/\/www.reseau-entreprendre.org\/hainaut\/wp-json\/wp\/v2\/users\/41"}],"replies":[{"embeddable":true,"href":"https:\/\/www.reseau-entreprendre.org\/hainaut\/wp-json\/wp\/v2\/comments?post=5229"}],"version-history":[{"count":0,"href":"https:\/\/www.reseau-entreprendre.org\/hainaut\/wp-json\/wp\/v2\/posts\/5229\/revisions"}],"wp:featuredmedia":[{"embeddable":true,"href":"https:\/\/www.reseau-entreprendre.org\/hainaut\/wp-json\/wp\/v2\/media\/5230"}],"wp:attachment":[{"href":"https:\/\/www.reseau-entreprendre.org\/hainaut\/wp-json\/wp\/v2\/media?parent=5229"}],"wp:term":[{"taxonomy":"category","embeddable":true,"href":"https:\/\/www.reseau-entreprendre.org\/hainaut\/wp-json\/wp\/v2\/categories?post=5229"},{"taxonomy":"post_tag","embeddable":true,"href":"https:\/\/www.reseau-entreprendre.org\/hainaut\/wp-json\/wp\/v2\/tags?post=5229"}],"curies":[{"name":"wp","href":"https:\/\/api.w.org\/{rel}","templated":true}]}}