{"id":5233,"date":"2025-09-04T12:07:51","date_gmt":"2025-09-04T10:07:51","guid":{"rendered":"https:\/\/www.reseau-entreprendre.org\/hainaut\/?p=5233"},"modified":"2025-09-12T11:05:05","modified_gmt":"2025-09-12T09:05:05","slug":"soiree-laureats-2025-reseau-entreprendre-hainaut","status":"publish","type":"post","link":"https:\/\/www.reseau-entreprendre.org\/hainaut\/2025\/09\/04\/soiree-laureats-2025-reseau-entreprendre-hainaut\/","title":{"rendered":"La Soir\u00e9e des Laur\u00e9ats 2025 de R\u00e9seau Entreprendre Hainaut : un rendez-vous entrepreneurial \u00e0 ne pas manquer"},"content":{"rendered":"\n<p>Chaque ann\u00e9e, <strong><a href=\"https:\/\/www.reseau-entreprendre.org\/hainaut\/\">R\u00e9seau Entreprendre Hainaut<\/a><\/strong> organise <em>La Soir\u00e9e des Laur\u00e9ats<\/em>, un \u00e9v\u00e9nement incontournable qui r\u00e9unit l\u2019\u00e9cosyst\u00e8me entrepreneurial du territoire. Plus qu\u2019une simple c\u00e9r\u00e9monie, c\u2019est un moment fort pour <strong>honorer les entrepreneurs accompagn\u00e9s par le r\u00e9seau<\/strong>, mettre en lumi\u00e8re leurs parcours inspirants, leurs succ\u00e8s et leurs ambitions pour l\u2019avenir.<\/p>\n\n\n\n<div style=\"height:15px\" aria-hidden=\"true\" class=\"wp-block-spacer\"><\/div>\n\n\n\n<figure class=\"wp-block-image size-full\"><img loading=\"lazy\" decoding=\"async\" width=\"920\" height=\"240\" src=\"https:\/\/www.reseau-entreprendre.org\/hainaut\/wp-content\/uploads\/sites\/39\/2025\/08\/Banniere-Evenement-23.png\" alt=\"\" class=\"wp-image-5259\" srcset=\"https:\/\/www.reseau-entreprendre.org\/hainaut\/wp-content\/uploads\/sites\/39\/2025\/08\/Banniere-Evenement-23.png 920w, https:\/\/www.reseau-entreprendre.org\/hainaut\/wp-content\/uploads\/sites\/39\/2025\/08\/Banniere-Evenement-23-300x78.png 300w, https:\/\/www.reseau-entreprendre.org\/hainaut\/wp-content\/uploads\/sites\/39\/2025\/08\/Banniere-Evenement-23-768x200.png 768w, https:\/\/www.reseau-entreprendre.org\/hainaut\/wp-content\/uploads\/sites\/39\/2025\/08\/Banniere-Evenement-23-210x55.png 210w, https:\/\/www.reseau-entreprendre.org\/hainaut\/wp-content\/uploads\/sites\/39\/2025\/08\/Banniere-Evenement-23-100x26.png 100w\" sizes=\"auto, (max-width: 920px) 100vw, 920px\" \/><\/figure>\n\n\n\n<div style=\"height:18px\" aria-hidden=\"true\" class=\"wp-block-spacer\"><\/div>\n\n\n\n<h2 class=\"wp-block-heading has-re-red-color has-text-color has-link-color wp-elements-705a757bed3cd08c29d83959811e7cc3\"><strong>Un \u00e9v\u00e9nement qui rassemble tout l\u2019\u00e9cosyst\u00e8me entrepreneurial du Hainaut<\/strong><\/h2>\n\n\n\n<p>L\u2019\u00e9dition 2025 s\u2019annonce exceptionnelle : plus de <strong>150 membres et laur\u00e9ats<\/strong>, <strong>250 leaders \u00e9conomiques<\/strong> et une dizaine de partenaires seront r\u00e9unis pour c\u00e9l\u00e9brer l\u2019entrepreneuriat local.<\/p>\n\n\n\n<p>C\u2019est l\u2019occasion id\u00e9ale pour :<\/p>\n\n\n\n<ul class=\"wp-block-list\">\n<li><strong>Rencontrer et \u00e9changer<\/strong> avec les acteurs cl\u00e9s du d\u00e9veloppement \u00e9conomique du territoire<\/li>\n\n\n\n<li><strong>D\u00e9couvrir les parcours<\/strong> de cr\u00e9ateurs et repreneurs d\u2019entreprise inspirants<\/li>\n\n\n\n<li><strong>Renforcer son r\u00e9seau professionnel<\/strong> dans un cadre convivial et original<\/li>\n<\/ul>\n\n\n\n<h2 class=\"wp-block-heading has-re-red-color has-text-color has-link-color wp-elements-a72d0391c5398668d07485703e3fd09f\"><strong>Une double c\u00e9l\u00e9bration d\u00e9cal\u00e9e et savoureuse<\/strong><\/h2>\n\n\n\n<p>Cette ann\u00e9e, la Soir\u00e9e des Laur\u00e9ats mettra \u00e0 l\u2019honneur <strong>deux promotions<\/strong> : les laur\u00e9ats <strong>2023<\/strong> et <strong>2024<\/strong>.<br>Et, fid\u00e8le \u00e0 son esprit cr\u00e9atif et audacieux, R\u00e9seau Entreprendre Hainaut sort une fois de plus du cadre\u2026<\/p>\n\n\n\n<p>&#x1f4cd; <strong>Th\u00e8me 2025 : Le Quizz Burger version entrepreneuriale<\/strong><br>Pr\u00e9parez-vous \u00e0 vivre une exp\u00e9rience immersive, dynamique et inattendue, o\u00f9 l\u2019univers du jeu se m\u00ealera \u00e0 la c\u00e9l\u00e9bration entrepreneuriale.<\/p>\n\n\n\n<h2 class=\"wp-block-heading has-re-yellow-color has-text-color has-link-color wp-elements-489626e092baf18e820f9880f4641dd6\"><strong>Les infos cl\u00e9s<\/strong><\/h2>\n\n\n\n<p>&#x1f4c5; <strong>Jeudi 2 octobre 2025<\/strong><br>&#x1f4cd;<a href=\"https:\/\/www.tourisme-porteduhainaut.com\/activites\/decouvrir-notre-heritage\/1150464-arenberg-creative-mine---site-minier-de-wallers-arenberg\"> <strong>Site Minier de Wallers-Arenberg<\/strong><\/a><\/p>\n\n\n\n<h2 class=\"wp-block-heading has-re-red-color has-text-color has-link-color wp-elements-8ccead2a63bbac47cfd96ddc6075687f\"><strong>Pourquoi participer \u00e0 la Soir\u00e9e des Laur\u00e9ats ?<\/strong><\/h2>\n\n\n\n<ul class=\"wp-block-list\">\n<li>Valoriser l\u2019entrepreneuriat local<\/li>\n\n\n\n<li>Partager un moment convivial avec l\u2019ensemble du r\u00e9seau<\/li>\n\n\n\n<li>S\u2019inspirer des t\u00e9moignages de laur\u00e9ats et de partenaires<\/li>\n\n\n\n<li>D\u00e9couvrir un concept \u00e9v\u00e9nementiel original<\/li>\n<\/ul>\n\n\n\n<h2 class=\"wp-block-heading has-re-red-color has-text-color has-link-color wp-elements-c44b6dadad7ec2cd102013dd4f555a16\"><strong>&#x1f4e2; Inscrivez-vous vite : les places sont limit\u00e9es !<\/strong><\/h2>\n\n\n\n<p>La Soir\u00e9e des Laur\u00e9ats est <strong>ouverte sur<a href=\"https:\/\/www.helloasso.com\/associations\/reseau-entreprendre-hainaut\/evenements\/soiree-des-laureats-2025-1\"> inscription uniquement<\/a><\/strong> et les places partent tr\u00e8s vite.<br>&#x1f4e9; R\u00e9servez votre participation d\u00e8s aujourd\u2019hui pour \u00eatre s\u00fbr de vivre cet \u00e9v\u00e9nement unique.<br>&#x26a0;&#xfe0f; Attention : une fois la capacit\u00e9 atteinte, les inscriptions seront ferm\u00e9es.<\/p>\n\n\n\n<h2 class=\"wp-block-heading has-re-yellow-color has-text-color has-link-color wp-elements-12a9252958e978523c3eda5a93843c12\"><strong>Devenez partenaire de l\u2019\u00e9v\u00e9nement<\/strong><\/h2>\n\n\n\n<p>Vous souhaitez associer votre image \u00e0 la dynamique entrepreneuriale du Hainaut ?<br>Vous voulez soutenir et mettre en valeur les cr\u00e9ateurs et repreneurs d\u2019entreprise du territoire ?<\/p>\n\n\n\n<p>&#x1f4e9; <strong><a href=\"https:\/\/www.reseau-entreprendre.org\/hainaut\/contact\/\">Contactez-nous<\/a> d\u00e8s maintenant pour devenir partenaire de la Soir\u00e9e des Laur\u00e9ats 2025<\/strong> et profitez d\u2019une visibilit\u00e9 unique aupr\u00e8s de plus de 400 acteurs \u00e9conomiques.<\/p>\n\n\n\n<figure class=\"wp-block-image size-full\"><img loading=\"lazy\" decoding=\"async\" width=\"920\" height=\"240\" src=\"https:\/\/www.reseau-entreprendre.org\/hainaut\/wp-content\/uploads\/sites\/39\/2025\/09\/Banniere-Evenement-28.png\" alt=\"\" class=\"wp-image-5264\" srcset=\"https:\/\/www.reseau-entreprendre.org\/hainaut\/wp-content\/uploads\/sites\/39\/2025\/09\/Banniere-Evenement-28.png 920w, https:\/\/www.reseau-entreprendre.org\/hainaut\/wp-content\/uploads\/sites\/39\/2025\/09\/Banniere-Evenement-28-300x78.png 300w, https:\/\/www.reseau-entreprendre.org\/hainaut\/wp-content\/uploads\/sites\/39\/2025\/09\/Banniere-Evenement-28-768x200.png 768w, https:\/\/www.reseau-entreprendre.org\/hainaut\/wp-content\/uploads\/sites\/39\/2025\/09\/Banniere-Evenement-28-210x55.png 210w, https:\/\/www.reseau-entreprendre.org\/hainaut\/wp-content\/uploads\/sites\/39\/2025\/09\/Banniere-Evenement-28-100x26.png 100w\" sizes=\"auto, (max-width: 920px) 100vw, 920px\" \/><\/figure>\n\n\n\n<p><\/p>\n\n\n\n\n","protected":false},"excerpt":{"rendered":"<p>Chaque ann\u00e9e, R\u00e9seau Entreprendre Hainaut organise La Soir\u00e9e des Laur\u00e9ats,<\/p>\n","protected":false},"author":41,"featured_media":5235,"comment_status":"closed","ping_status":"closed","sticky":false,"template":"","format":"standard","meta":{"_acf_changed":false,"_monsterinsights_skip_tracking":false,"_monsterinsights_sitenote_active":false,"_monsterinsights_sitenote_note":"","_monsterinsights_sitenote_category":0,"footnotes":""},"categories":[4],"tags":[],"class_list":["post-5233","post","type-post","status-publish","format-standard","has-post-thumbnail","hentry","category-actualites","news"],"acf":[],"yoast_head":"<!-- This site is optimized with the Yoast SEO plugin v27.4 - https:\/\/yoast.com\/product\/yoast-seo-wordpress\/ -->\n<title>Soir\u00e9e des Laur\u00e9ats 2025 R\u00e9seau Entreprendre Hainaut<\/title>\n<meta name=\"description\" content=\"Participez \u00e0 la Soir\u00e9e des Laur\u00e9ats 2025 de R\u00e9seau Entreprendre Hainaut, le 2 octobre au Site Minier de Wallers-Arenberg.\" \/>\n<meta name=\"robots\" content=\"index, follow, max-snippet:-1, max-image-preview:large, max-video-preview:-1\" \/>\n<link rel=\"canonical\" href=\"https:\/\/www.reseau-entreprendre.org\/hainaut\/2025\/09\/04\/soiree-laureats-2025-reseau-entreprendre-hainaut\/\" \/>\n<meta property=\"og:locale\" content=\"fr_FR\" \/>\n<meta property=\"og:type\" content=\"article\" \/>\n<meta property=\"og:title\" content=\"Soir\u00e9e des Laur\u00e9ats 2025 R\u00e9seau Entreprendre Hainaut\" \/>\n<meta property=\"og:description\" content=\"Participez \u00e0 la Soir\u00e9e des Laur\u00e9ats 2025 de R\u00e9seau Entreprendre Hainaut, le 2 octobre au Site Minier de Wallers-Arenberg.\" \/>\n<meta property=\"og:url\" content=\"https:\/\/www.reseau-entreprendre.org\/hainaut\/2025\/09\/04\/soiree-laureats-2025-reseau-entreprendre-hainaut\/\" \/>\n<meta property=\"og:site_name\" content=\"R\u00e9seau Entreprendre Hainaut\" \/>\n<meta property=\"article:published_time\" content=\"2025-09-04T10:07:51+00:00\" \/>\n<meta property=\"article:modified_time\" content=\"2025-09-12T09:05:05+00:00\" \/>\n<meta property=\"og:image\" content=\"https:\/\/www.reseau-entreprendre.org\/hainaut\/wp-content\/uploads\/sites\/39\/2025\/08\/Quizz-Burger-Pres-OFFICIELLE-3.png\" \/>\n\t<meta property=\"og:image:width\" content=\"1920\" \/>\n\t<meta property=\"og:image:height\" content=\"1080\" \/>\n\t<meta property=\"og:image:type\" content=\"image\/png\" \/>\n<meta name=\"author\" content=\"hainaut\" \/>\n<meta name=\"twitter:card\" content=\"summary_large_image\" \/>\n<meta name=\"twitter:label1\" content=\"\u00c9crit par\" \/>\n\t<meta name=\"twitter:data1\" content=\"hainaut\" \/>\n\t<meta name=\"twitter:label2\" content=\"Dur\u00e9e de lecture estim\u00e9e\" \/>\n\t<meta name=\"twitter:data2\" content=\"3 minutes\" \/>\n<script type=\"application\/ld+json\" class=\"yoast-schema-graph\">{\"@context\":\"https:\\\/\\\/schema.org\",\"@graph\":[{\"@type\":\"Article\",\"@id\":\"https:\\\/\\\/www.reseau-entreprendre.org\\\/hainaut\\\/2025\\\/09\\\/04\\\/soiree-laureats-2025-reseau-entreprendre-hainaut\\\/#article\",\"isPartOf\":{\"@id\":\"https:\\\/\\\/www.reseau-entreprendre.org\\\/hainaut\\\/2025\\\/09\\\/04\\\/soiree-laureats-2025-reseau-entreprendre-hainaut\\\/\"},\"author\":{\"name\":\"hainaut\",\"@id\":\"https:\\\/\\\/www.reseau-entreprendre.org\\\/hainaut\\\/#\\\/schema\\\/person\\\/fceac0bd5213d3d69c94c249b5c09a85\"},\"headline\":\"La Soir\u00e9e des Laur\u00e9ats 2025 de R\u00e9seau Entreprendre Hainaut : un rendez-vous entrepreneurial \u00e0 ne pas manquer\",\"datePublished\":\"2025-09-04T10:07:51+00:00\",\"dateModified\":\"2025-09-12T09:05:05+00:00\",\"mainEntityOfPage\":{\"@id\":\"https:\\\/\\\/www.reseau-entreprendre.org\\\/hainaut\\\/2025\\\/09\\\/04\\\/soiree-laureats-2025-reseau-entreprendre-hainaut\\\/\"},\"wordCount\":429,\"image\":{\"@id\":\"https:\\\/\\\/www.reseau-entreprendre.org\\\/hainaut\\\/2025\\\/09\\\/04\\\/soiree-laureats-2025-reseau-entreprendre-hainaut\\\/#primaryimage\"},\"thumbnailUrl\":\"https:\\\/\\\/www.reseau-entreprendre.org\\\/hainaut\\\/wp-content\\\/uploads\\\/sites\\\/39\\\/2025\\\/08\\\/Quizz-Burger-Pres-OFFICIELLE-3.png\",\"articleSection\":[\"Actualit\u00e9s\"],\"inLanguage\":\"fr-FR\"},{\"@type\":\"WebPage\",\"@id\":\"https:\\\/\\\/www.reseau-entreprendre.org\\\/hainaut\\\/2025\\\/09\\\/04\\\/soiree-laureats-2025-reseau-entreprendre-hainaut\\\/\",\"url\":\"https:\\\/\\\/www.reseau-entreprendre.org\\\/hainaut\\\/2025\\\/09\\\/04\\\/soiree-laureats-2025-reseau-entreprendre-hainaut\\\/\",\"name\":\"Soir\u00e9e des Laur\u00e9ats 2025 R\u00e9seau Entreprendre Hainaut\",\"isPartOf\":{\"@id\":\"https:\\\/\\\/www.reseau-entreprendre.org\\\/hainaut\\\/#website\"},\"primaryImageOfPage\":{\"@id\":\"https:\\\/\\\/www.reseau-entreprendre.org\\\/hainaut\\\/2025\\\/09\\\/04\\\/soiree-laureats-2025-reseau-entreprendre-hainaut\\\/#primaryimage\"},\"image\":{\"@id\":\"https:\\\/\\\/www.reseau-entreprendre.org\\\/hainaut\\\/2025\\\/09\\\/04\\\/soiree-laureats-2025-reseau-entreprendre-hainaut\\\/#primaryimage\"},\"thumbnailUrl\":\"https:\\\/\\\/www.reseau-entreprendre.org\\\/hainaut\\\/wp-content\\\/uploads\\\/sites\\\/39\\\/2025\\\/08\\\/Quizz-Burger-Pres-OFFICIELLE-3.png\",\"datePublished\":\"2025-09-04T10:07:51+00:00\",\"dateModified\":\"2025-09-12T09:05:05+00:00\",\"author\":{\"@id\":\"https:\\\/\\\/www.reseau-entreprendre.org\\\/hainaut\\\/#\\\/schema\\\/person\\\/fceac0bd5213d3d69c94c249b5c09a85\"},\"description\":\"Participez \u00e0 la Soir\u00e9e des Laur\u00e9ats 2025 de R\u00e9seau Entreprendre Hainaut, le 2 octobre au Site Minier de Wallers-Arenberg.\",\"breadcrumb\":{\"@id\":\"https:\\\/\\\/www.reseau-entreprendre.org\\\/hainaut\\\/2025\\\/09\\\/04\\\/soiree-laureats-2025-reseau-entreprendre-hainaut\\\/#breadcrumb\"},\"inLanguage\":\"fr-FR\",\"potentialAction\":[{\"@type\":\"ReadAction\",\"target\":[\"https:\\\/\\\/www.reseau-entreprendre.org\\\/hainaut\\\/2025\\\/09\\\/04\\\/soiree-laureats-2025-reseau-entreprendre-hainaut\\\/\"]}]},{\"@type\":\"ImageObject\",\"inLanguage\":\"fr-FR\",\"@id\":\"https:\\\/\\\/www.reseau-entreprendre.org\\\/hainaut\\\/2025\\\/09\\\/04\\\/soiree-laureats-2025-reseau-entreprendre-hainaut\\\/#primaryimage\",\"url\":\"https:\\\/\\\/www.reseau-entreprendre.org\\\/hainaut\\\/wp-content\\\/uploads\\\/sites\\\/39\\\/2025\\\/08\\\/Quizz-Burger-Pres-OFFICIELLE-3.png\",\"contentUrl\":\"https:\\\/\\\/www.reseau-entreprendre.org\\\/hainaut\\\/wp-content\\\/uploads\\\/sites\\\/39\\\/2025\\\/08\\\/Quizz-Burger-Pres-OFFICIELLE-3.png\",\"width\":1920,\"height\":1080},{\"@type\":\"BreadcrumbList\",\"@id\":\"https:\\\/\\\/www.reseau-entreprendre.org\\\/hainaut\\\/2025\\\/09\\\/04\\\/soiree-laureats-2025-reseau-entreprendre-hainaut\\\/#breadcrumb\",\"itemListElement\":[{\"@type\":\"ListItem\",\"position\":1,\"name\":\"Accueil\",\"item\":\"https:\\\/\\\/www.reseau-entreprendre.org\\\/hainaut\\\/\"},{\"@type\":\"ListItem\",\"position\":2,\"name\":\"La Soir\u00e9e des Laur\u00e9ats 2025 de R\u00e9seau Entreprendre Hainaut : un rendez-vous entrepreneurial \u00e0 ne pas manquer\"}]},{\"@type\":\"WebSite\",\"@id\":\"https:\\\/\\\/www.reseau-entreprendre.org\\\/hainaut\\\/#website\",\"url\":\"https:\\\/\\\/www.reseau-entreprendre.org\\\/hainaut\\\/\",\"name\":\"R\u00e9seau Entreprendre Hainaut\",\"description\":\"Un site utilisant Les sites de R\u00e9seau Entreprendre\",\"potentialAction\":[{\"@type\":\"SearchAction\",\"target\":{\"@type\":\"EntryPoint\",\"urlTemplate\":\"https:\\\/\\\/www.reseau-entreprendre.org\\\/hainaut\\\/?s={search_term_string}\"},\"query-input\":{\"@type\":\"PropertyValueSpecification\",\"valueRequired\":true,\"valueName\":\"search_term_string\"}}],\"inLanguage\":\"fr-FR\"},{\"@type\":\"Person\",\"@id\":\"https:\\\/\\\/www.reseau-entreprendre.org\\\/hainaut\\\/#\\\/schema\\\/person\\\/fceac0bd5213d3d69c94c249b5c09a85\",\"name\":\"hainaut\",\"image\":{\"@type\":\"ImageObject\",\"inLanguage\":\"fr-FR\",\"@id\":\"https:\\\/\\\/secure.gravatar.com\\\/avatar\\\/96f4e48111d175679c98a2049666f6d0ca92c054b0541795300a9538be840d65?s=96&d=mm&r=g\",\"url\":\"https:\\\/\\\/secure.gravatar.com\\\/avatar\\\/96f4e48111d175679c98a2049666f6d0ca92c054b0541795300a9538be840d65?s=96&d=mm&r=g\",\"contentUrl\":\"https:\\\/\\\/secure.gravatar.com\\\/avatar\\\/96f4e48111d175679c98a2049666f6d0ca92c054b0541795300a9538be840d65?s=96&d=mm&r=g\",\"caption\":\"hainaut\"},\"url\":\"https:\\\/\\\/www.reseau-entreprendre.org\\\/hainaut\\\/author\\\/hainaut\\\/\"}]}<\/script>\n<!-- \/ Yoast SEO plugin. -->","yoast_head_json":{"title":"Soir\u00e9e des Laur\u00e9ats 2025 R\u00e9seau Entreprendre Hainaut","description":"Participez \u00e0 la Soir\u00e9e des Laur\u00e9ats 2025 de R\u00e9seau Entreprendre Hainaut, le 2 octobre au Site Minier de Wallers-Arenberg.","robots":{"index":"index","follow":"follow","max-snippet":"max-snippet:-1","max-image-preview":"max-image-preview:large","max-video-preview":"max-video-preview:-1"},"canonical":"https:\/\/www.reseau-entreprendre.org\/hainaut\/2025\/09\/04\/soiree-laureats-2025-reseau-entreprendre-hainaut\/","og_locale":"fr_FR","og_type":"article","og_title":"Soir\u00e9e des Laur\u00e9ats 2025 R\u00e9seau Entreprendre Hainaut","og_description":"Participez \u00e0 la Soir\u00e9e des Laur\u00e9ats 2025 de R\u00e9seau Entreprendre Hainaut, le 2 octobre au Site Minier de Wallers-Arenberg.","og_url":"https:\/\/www.reseau-entreprendre.org\/hainaut\/2025\/09\/04\/soiree-laureats-2025-reseau-entreprendre-hainaut\/","og_site_name":"R\u00e9seau Entreprendre Hainaut","article_published_time":"2025-09-04T10:07:51+00:00","article_modified_time":"2025-09-12T09:05:05+00:00","og_image":[{"width":1920,"height":1080,"url":"https:\/\/www.reseau-entreprendre.org\/hainaut\/wp-content\/uploads\/sites\/39\/2025\/08\/Quizz-Burger-Pres-OFFICIELLE-3.png","type":"image\/png"}],"author":"hainaut","twitter_card":"summary_large_image","twitter_misc":{"\u00c9crit par":"hainaut","Dur\u00e9e de lecture estim\u00e9e":"3 minutes"},"schema":{"@context":"https:\/\/schema.org","@graph":[{"@type":"Article","@id":"https:\/\/www.reseau-entreprendre.org\/hainaut\/2025\/09\/04\/soiree-laureats-2025-reseau-entreprendre-hainaut\/#article","isPartOf":{"@id":"https:\/\/www.reseau-entreprendre.org\/hainaut\/2025\/09\/04\/soiree-laureats-2025-reseau-entreprendre-hainaut\/"},"author":{"name":"hainaut","@id":"https:\/\/www.reseau-entreprendre.org\/hainaut\/#\/schema\/person\/fceac0bd5213d3d69c94c249b5c09a85"},"headline":"La Soir\u00e9e des Laur\u00e9ats 2025 de R\u00e9seau Entreprendre Hainaut : un rendez-vous entrepreneurial \u00e0 ne pas manquer","datePublished":"2025-09-04T10:07:51+00:00","dateModified":"2025-09-12T09:05:05+00:00","mainEntityOfPage":{"@id":"https:\/\/www.reseau-entreprendre.org\/hainaut\/2025\/09\/04\/soiree-laureats-2025-reseau-entreprendre-hainaut\/"},"wordCount":429,"image":{"@id":"https:\/\/www.reseau-entreprendre.org\/hainaut\/2025\/09\/04\/soiree-laureats-2025-reseau-entreprendre-hainaut\/#primaryimage"},"thumbnailUrl":"https:\/\/www.reseau-entreprendre.org\/hainaut\/wp-content\/uploads\/sites\/39\/2025\/08\/Quizz-Burger-Pres-OFFICIELLE-3.png","articleSection":["Actualit\u00e9s"],"inLanguage":"fr-FR"},{"@type":"WebPage","@id":"https:\/\/www.reseau-entreprendre.org\/hainaut\/2025\/09\/04\/soiree-laureats-2025-reseau-entreprendre-hainaut\/","url":"https:\/\/www.reseau-entreprendre.org\/hainaut\/2025\/09\/04\/soiree-laureats-2025-reseau-entreprendre-hainaut\/","name":"Soir\u00e9e des Laur\u00e9ats 2025 R\u00e9seau Entreprendre Hainaut","isPartOf":{"@id":"https:\/\/www.reseau-entreprendre.org\/hainaut\/#website"},"primaryImageOfPage":{"@id":"https:\/\/www.reseau-entreprendre.org\/hainaut\/2025\/09\/04\/soiree-laureats-2025-reseau-entreprendre-hainaut\/#primaryimage"},"image":{"@id":"https:\/\/www.reseau-entreprendre.org\/hainaut\/2025\/09\/04\/soiree-laureats-2025-reseau-entreprendre-hainaut\/#primaryimage"},"thumbnailUrl":"https:\/\/www.reseau-entreprendre.org\/hainaut\/wp-content\/uploads\/sites\/39\/2025\/08\/Quizz-Burger-Pres-OFFICIELLE-3.png","datePublished":"2025-09-04T10:07:51+00:00","dateModified":"2025-09-12T09:05:05+00:00","author":{"@id":"https:\/\/www.reseau-entreprendre.org\/hainaut\/#\/schema\/person\/fceac0bd5213d3d69c94c249b5c09a85"},"description":"Participez \u00e0 la Soir\u00e9e des Laur\u00e9ats 2025 de R\u00e9seau Entreprendre Hainaut, le 2 octobre au Site Minier de Wallers-Arenberg.","breadcrumb":{"@id":"https:\/\/www.reseau-entreprendre.org\/hainaut\/2025\/09\/04\/soiree-laureats-2025-reseau-entreprendre-hainaut\/#breadcrumb"},"inLanguage":"fr-FR","potentialAction":[{"@type":"ReadAction","target":["https:\/\/www.reseau-entreprendre.org\/hainaut\/2025\/09\/04\/soiree-laureats-2025-reseau-entreprendre-hainaut\/"]}]},{"@type":"ImageObject","inLanguage":"fr-FR","@id":"https:\/\/www.reseau-entreprendre.org\/hainaut\/2025\/09\/04\/soiree-laureats-2025-reseau-entreprendre-hainaut\/#primaryimage","url":"https:\/\/www.reseau-entreprendre.org\/hainaut\/wp-content\/uploads\/sites\/39\/2025\/08\/Quizz-Burger-Pres-OFFICIELLE-3.png","contentUrl":"https:\/\/www.reseau-entreprendre.org\/hainaut\/wp-content\/uploads\/sites\/39\/2025\/08\/Quizz-Burger-Pres-OFFICIELLE-3.png","width":1920,"height":1080},{"@type":"BreadcrumbList","@id":"https:\/\/www.reseau-entreprendre.org\/hainaut\/2025\/09\/04\/soiree-laureats-2025-reseau-entreprendre-hainaut\/#breadcrumb","itemListElement":[{"@type":"ListItem","position":1,"name":"Accueil","item":"https:\/\/www.reseau-entreprendre.org\/hainaut\/"},{"@type":"ListItem","position":2,"name":"La Soir\u00e9e des Laur\u00e9ats 2025 de R\u00e9seau Entreprendre Hainaut : un rendez-vous entrepreneurial \u00e0 ne pas manquer"}]},{"@type":"WebSite","@id":"https:\/\/www.reseau-entreprendre.org\/hainaut\/#website","url":"https:\/\/www.reseau-entreprendre.org\/hainaut\/","name":"R\u00e9seau Entreprendre Hainaut","description":"Un site utilisant Les sites de R\u00e9seau Entreprendre","potentialAction":[{"@type":"SearchAction","target":{"@type":"EntryPoint","urlTemplate":"https:\/\/www.reseau-entreprendre.org\/hainaut\/?s={search_term_string}"},"query-input":{"@type":"PropertyValueSpecification","valueRequired":true,"valueName":"search_term_string"}}],"inLanguage":"fr-FR"},{"@type":"Person","@id":"https:\/\/www.reseau-entreprendre.org\/hainaut\/#\/schema\/person\/fceac0bd5213d3d69c94c249b5c09a85","name":"hainaut","image":{"@type":"ImageObject","inLanguage":"fr-FR","@id":"https:\/\/secure.gravatar.com\/avatar\/96f4e48111d175679c98a2049666f6d0ca92c054b0541795300a9538be840d65?s=96&d=mm&r=g","url":"https:\/\/secure.gravatar.com\/avatar\/96f4e48111d175679c98a2049666f6d0ca92c054b0541795300a9538be840d65?s=96&d=mm&r=g","contentUrl":"https:\/\/secure.gravatar.com\/avatar\/96f4e48111d175679c98a2049666f6d0ca92c054b0541795300a9538be840d65?s=96&d=mm&r=g","caption":"hainaut"},"url":"https:\/\/www.reseau-entreprendre.org\/hainaut\/author\/hainaut\/"}]}},"_links":{"self":[{"href":"https:\/\/www.reseau-entreprendre.org\/hainaut\/wp-json\/wp\/v2\/posts\/5233","targetHints":{"allow":["GET"]}}],"collection":[{"href":"https:\/\/www.reseau-entreprendre.org\/hainaut\/wp-json\/wp\/v2\/posts"}],"about":[{"href":"https:\/\/www.reseau-entreprendre.org\/hainaut\/wp-json\/wp\/v2\/types\/post"}],"author":[{"embeddable":true,"href":"https:\/\/www.reseau-entreprendre.org\/hainaut\/wp-json\/wp\/v2\/users\/41"}],"replies":[{"embeddable":true,"href":"https:\/\/www.reseau-entreprendre.org\/hainaut\/wp-json\/wp\/v2\/comments?post=5233"}],"version-history":[{"count":0,"href":"https:\/\/www.reseau-entreprendre.org\/hainaut\/wp-json\/wp\/v2\/posts\/5233\/revisions"}],"wp:featuredmedia":[{"embeddable":true,"href":"https:\/\/www.reseau-entreprendre.org\/hainaut\/wp-json\/wp\/v2\/media\/5235"}],"wp:attachment":[{"href":"https:\/\/www.reseau-entreprendre.org\/hainaut\/wp-json\/wp\/v2\/media?parent=5233"}],"wp:term":[{"taxonomy":"category","embeddable":true,"href":"https:\/\/www.reseau-entreprendre.org\/hainaut\/wp-json\/wp\/v2\/categories?post=5233"},{"taxonomy":"post_tag","embeddable":true,"href":"https:\/\/www.reseau-entreprendre.org\/hainaut\/wp-json\/wp\/v2\/tags?post=5233"}],"curies":[{"name":"wp","href":"https:\/\/api.w.org\/{rel}","templated":true}]}}