{"id":5240,"date":"2025-09-02T15:25:39","date_gmt":"2025-09-02T13:25:39","guid":{"rendered":"https:\/\/www.reseau-entreprendre.org\/hainaut\/?p=5240"},"modified":"2025-09-02T15:26:33","modified_gmt":"2025-09-02T13:26:33","slug":"reseau-entreprendre-hainaut-antenne-cambrai","status":"publish","type":"post","link":"https:\/\/www.reseau-entreprendre.org\/hainaut\/2025\/09\/02\/reseau-entreprendre-hainaut-antenne-cambrai\/","title":{"rendered":"R\u00e9seau Entreprendre Hainaut inaugure son antenne \u00e0 Cambrai : un nouveau souffle pour l\u2019entrepreneuriat local"},"content":{"rendered":"\n<h2 class=\"wp-block-heading has-re-yellow-color has-text-color has-link-color wp-elements-c2899cc9047ae79b3b8cb5a9c1f14cda\"><strong>Un ancrage territorial renforc\u00e9<\/strong><\/h2>\n\n\n\n<p>Le <a href=\"https:\/\/www.reseau-entreprendre.org\/hainaut\/\"><strong>R\u00e9seau Entreprendre Hainaut<\/strong> <\/a>a inaugur\u00e9, le 28 ao\u00fbt 2025, sa nouvelle antenne \u00e0 <strong>Cambrai<\/strong>. Situ\u00e9e au c\u0153ur de la ville, cette ouverture marque une \u00e9tape majeure dans le d\u00e9veloppement du r\u00e9seau, d\u00e9j\u00e0 solidement implant\u00e9 \u00e0 Valenciennes et Saint-Amand-les-Eaux.<\/p>\n\n\n\n<p>Avec cette nouvelle implantation, l\u2019objectif est clair : <strong>accompagner toujours plus d\u2019entrepreneurs du Cambr\u00e9sis<\/strong>, en leur offrant proximit\u00e9, soutien et un \u00e9cosyst\u00e8me dynamique favorisant la r\u00e9ussite de leurs projets.<\/p>\n\n\n\n<h2 class=\"wp-block-heading has-re-yellow-color has-text-color has-link-color wp-elements-659f3a5c3991bfbc45fb768fdd16b1cb\"><strong>Un lieu pour soutenir les cr\u00e9ateurs, repreneurs et dirigeants<\/strong><\/h2>\n\n\n\n<p>La mission de R\u00e9seau Entreprendre Hainaut reste inchang\u00e9e :<\/p>\n\n\n\n<ul class=\"wp-block-list\">\n<li><strong>Accompagner les cr\u00e9ateurs et repreneurs d\u2019entreprise<\/strong> gr\u00e2ce \u00e0 un suivi personnalis\u00e9 par des chefs d\u2019entreprise b\u00e9n\u00e9voles ;<\/li>\n\n\n\n<li><strong>Apporter des financements via des pr\u00eats d\u2019honneur<\/strong>, v\u00e9ritables leviers pour mobiliser des financements compl\u00e9mentaires ;<\/li>\n\n\n\n<li><strong>Soutenir la croissance des PME<\/strong>, en mettant en relation les dirigeants avec un r\u00e9seau solide et engag\u00e9.<\/li>\n<\/ul>\n\n\n\n<p>L\u2019antenne cambraisienne permettra ainsi de r\u00e9pondre plus directement aux besoins sp\u00e9cifiques du territoire et de <strong>favoriser la cr\u00e9ation d\u2019emplois durables<\/strong>.<\/p>\n\n\n\n<h2 class=\"wp-block-heading has-re-yellow-color has-text-color has-link-color wp-elements-01864c4858cf803dd24b896431ae5271\"><strong>Une inauguration conviviale et f\u00e9d\u00e9ratrice<\/strong><\/h2>\n\n\n\n<p>L\u2019inauguration a rassembl\u00e9 de nombreux acteurs locaux : entrepreneurs, partenaires institutionnels et \u00e9conomiques, ainsi que les membres b\u00e9n\u00e9voles du r\u00e9seau. Ce moment de convivialit\u00e9 a \u00e9t\u00e9 l\u2019occasion de r\u00e9affirmer une conviction forte :<\/p>\n\n\n\n<div class=\"wp-block-columns is-layout-flex wp-container-core-columns-is-layout-9d6595d7 wp-block-columns-is-layout-flex\">\n<div class=\"wp-block-column is-layout-flow wp-block-column-is-layout-flow\" style=\"flex-basis:66.66%\">\n<div class=\"wp-block-group alignwide is-content-justification-center is-nowrap is-layout-flex wp-container-core-group-is-layout-94bc23d7 wp-block-group-is-layout-flex\">\n<div class=\"wp-block-columns is-layout-flex wp-container-core-columns-is-layout-9d6595d7 wp-block-columns-is-layout-flex\">\n<div class=\"wp-block-column is-layout-flow wp-block-column-is-layout-flow\"><\/div>\n<\/div>\n\n\n\n<figure class=\"wp-block-image size-large is-resized\"><img loading=\"lazy\" decoding=\"async\" width=\"768\" height=\"1024\" src=\"https:\/\/www.reseau-entreprendre.org\/hainaut\/wp-content\/uploads\/sites\/39\/2025\/09\/IMG-20250828-WA0017-768x1024.jpg\" alt=\"\" class=\"wp-image-5243\" style=\"width:355px;height:auto\" srcset=\"https:\/\/www.reseau-entreprendre.org\/hainaut\/wp-content\/uploads\/sites\/39\/2025\/09\/IMG-20250828-WA0017-768x1024.jpg 768w, https:\/\/www.reseau-entreprendre.org\/hainaut\/wp-content\/uploads\/sites\/39\/2025\/09\/IMG-20250828-WA0017-225x300.jpg 225w, https:\/\/www.reseau-entreprendre.org\/hainaut\/wp-content\/uploads\/sites\/39\/2025\/09\/IMG-20250828-WA0017-300x400.jpg 300w, https:\/\/www.reseau-entreprendre.org\/hainaut\/wp-content\/uploads\/sites\/39\/2025\/09\/IMG-20250828-WA0017-1152x1536.jpg 1152w, https:\/\/www.reseau-entreprendre.org\/hainaut\/wp-content\/uploads\/sites\/39\/2025\/09\/IMG-20250828-WA0017-98x130.jpg 98w, https:\/\/www.reseau-entreprendre.org\/hainaut\/wp-content\/uploads\/sites\/39\/2025\/09\/IMG-20250828-WA0017-75x100.jpg 75w, https:\/\/www.reseau-entreprendre.org\/hainaut\/wp-content\/uploads\/sites\/39\/2025\/09\/IMG-20250828-WA0017.jpg 1200w\" sizes=\"auto, (max-width: 768px) 100vw, 768px\" \/><\/figure>\n\n\n\n<figure class=\"wp-block-image size-large is-resized\"><img loading=\"lazy\" decoding=\"async\" width=\"768\" height=\"1024\" src=\"https:\/\/www.reseau-entreprendre.org\/hainaut\/wp-content\/uploads\/sites\/39\/2025\/09\/IMG-20250828-WA0015-1-768x1024.jpg\" alt=\"\" class=\"wp-image-5246\" style=\"width:356px;height:auto\" srcset=\"https:\/\/www.reseau-entreprendre.org\/hainaut\/wp-content\/uploads\/sites\/39\/2025\/09\/IMG-20250828-WA0015-1-768x1024.jpg 768w, https:\/\/www.reseau-entreprendre.org\/hainaut\/wp-content\/uploads\/sites\/39\/2025\/09\/IMG-20250828-WA0015-1-225x300.jpg 225w, https:\/\/www.reseau-entreprendre.org\/hainaut\/wp-content\/uploads\/sites\/39\/2025\/09\/IMG-20250828-WA0015-1-300x400.jpg 300w, https:\/\/www.reseau-entreprendre.org\/hainaut\/wp-content\/uploads\/sites\/39\/2025\/09\/IMG-20250828-WA0015-1-1152x1536.jpg 1152w, https:\/\/www.reseau-entreprendre.org\/hainaut\/wp-content\/uploads\/sites\/39\/2025\/09\/IMG-20250828-WA0015-1-98x130.jpg 98w, https:\/\/www.reseau-entreprendre.org\/hainaut\/wp-content\/uploads\/sites\/39\/2025\/09\/IMG-20250828-WA0015-1-75x100.jpg 75w, https:\/\/www.reseau-entreprendre.org\/hainaut\/wp-content\/uploads\/sites\/39\/2025\/09\/IMG-20250828-WA0015-1.jpg 1200w\" sizes=\"auto, (max-width: 768px) 100vw, 768px\" \/><\/figure>\n<\/div>\n<\/div>\n<\/div>\n\n\n\n<blockquote class=\"wp-block-quote is-layout-flow wp-block-quote-is-layout-flow\"><\/blockquote>\n\n\n\n<p>Cet engagement collectif illustre la volont\u00e9 du R\u00e9seau Entreprendre Hainaut de s\u2019ancrer encore davantage dans le tissu \u00e9conomique local.<\/p>\n\n\n\n<h2 class=\"wp-block-heading has-re-yellow-color has-text-color has-link-color wp-elements-bad17d7593e97f6193d0654b38fa1fbe\"><strong>Pourquoi une antenne \u00e0 Cambrai ?<\/strong><\/h2>\n\n\n\n<div class=\"wp-block-columns is-layout-flex wp-container-core-columns-is-layout-9d6595d7 wp-block-columns-is-layout-flex\">\n<div class=\"wp-block-column is-layout-flow wp-block-column-is-layout-flow\">\n<figure class=\"wp-block-image size-large is-resized\"><img loading=\"lazy\" decoding=\"async\" width=\"1024\" height=\"768\" src=\"https:\/\/www.reseau-entreprendre.org\/hainaut\/wp-content\/uploads\/sites\/39\/2025\/09\/IMG-20250828-WA0012-4-1024x768.jpg\" alt=\"\" class=\"wp-image-5253\" style=\"width:491px;height:auto\" srcset=\"https:\/\/www.reseau-entreprendre.org\/hainaut\/wp-content\/uploads\/sites\/39\/2025\/09\/IMG-20250828-WA0012-4-1024x768.jpg 1024w, https:\/\/www.reseau-entreprendre.org\/hainaut\/wp-content\/uploads\/sites\/39\/2025\/09\/IMG-20250828-WA0012-4-300x225.jpg 300w, https:\/\/www.reseau-entreprendre.org\/hainaut\/wp-content\/uploads\/sites\/39\/2025\/09\/IMG-20250828-WA0012-4-768x576.jpg 768w, https:\/\/www.reseau-entreprendre.org\/hainaut\/wp-content\/uploads\/sites\/39\/2025\/09\/IMG-20250828-WA0012-4-1536x1152.jpg 1536w, https:\/\/www.reseau-entreprendre.org\/hainaut\/wp-content\/uploads\/sites\/39\/2025\/09\/IMG-20250828-WA0012-4-173x130.jpg 173w, https:\/\/www.reseau-entreprendre.org\/hainaut\/wp-content\/uploads\/sites\/39\/2025\/09\/IMG-20250828-WA0012-4-100x75.jpg 100w, https:\/\/www.reseau-entreprendre.org\/hainaut\/wp-content\/uploads\/sites\/39\/2025\/09\/IMG-20250828-WA0012-4.jpg 1600w\" sizes=\"auto, (max-width: 1024px) 100vw, 1024px\" \/><\/figure>\n<\/div>\n\n\n\n<div class=\"wp-block-column is-layout-flow wp-block-column-is-layout-flow\">\n<p>Le <strong>Cambr\u00e9sis<\/strong> est un territoire riche en initiatives entrepreneuriales. En ouvrant cette antenne, R\u00e9seau Entreprendre Hainaut souhaite :<\/p>\n\n\n\n<ul class=\"wp-block-list\">\n<li>Faciliter l\u2019acc\u00e8s \u00e0 l\u2019accompagnement pour les porteurs de projets locaux ;<\/li>\n\n\n\n<li>D\u00e9velopper les synergies avec les partenaires \u00e9conomiques du territoire ;<\/li>\n\n\n\n<li>Offrir aux laur\u00e9ats un espace de proximit\u00e9 pour \u00e9changer et grandir ensemble.<\/li>\n<\/ul>\n<\/div>\n<\/div>\n\n\n\n<h2 class=\"wp-block-heading has-re-yellow-color has-text-color has-link-color wp-elements-702fc1f53bce11f4598650fbbcd4e191\"><strong><a href=\"https:\/\/www.reseau-entreprendre.org\/hainaut\/contact\/\">Contactez-nous<\/a><\/strong><\/h2>\n\n\n\n<p>Vous \u00eates cr\u00e9ateur, repreneur ou dirigeant d\u2019entreprise dans le Cambr\u00e9sis ?<br>&#x1f449; Rejoignez la communaut\u00e9 R\u00e9seau Entreprendre Hainaut et b\u00e9n\u00e9ficiez d\u2019un accompagnement unique, humain et exigeant.<\/p>\n\n\n\n<p>&#x1f4cd; <strong>Antenne de Cambrai<\/strong> \u2013 5, place de la R\u00e9publique<\/p>\n\n\n\n\n","protected":false},"excerpt":{"rendered":"<p>Un ancrage territorial renforc\u00e9 Le R\u00e9seau Entreprendre Hainaut a inaugur\u00e9,<\/p>\n","protected":false},"author":41,"featured_media":5241,"comment_status":"closed","ping_status":"closed","sticky":false,"template":"","format":"standard","meta":{"_acf_changed":false,"_monsterinsights_skip_tracking":false,"_monsterinsights_sitenote_active":false,"_monsterinsights_sitenote_note":"","_monsterinsights_sitenote_category":0,"footnotes":""},"categories":[4],"tags":[],"class_list":["post-5240","post","type-post","status-publish","format-standard","has-post-thumbnail","hentry","category-actualites","news"],"acf":[],"yoast_head":"<!-- This site is optimized with the Yoast SEO plugin v27.4 - https:\/\/yoast.com\/product\/yoast-seo-wordpress\/ -->\n<title>R\u00e9seau Entreprendre Hainaut ouvre son antenne \u00e0 Cambrai<\/title>\n<meta name=\"description\" content=\"R\u00e9seau Entreprendre Hainaut inaugure son antenne \u00e0 Cambrai pour accompagner les entrepreneurs locaux dans la cr\u00e9ation et reprise d\u2019entreprise.\" \/>\n<meta name=\"robots\" content=\"index, follow, max-snippet:-1, max-image-preview:large, max-video-preview:-1\" \/>\n<link rel=\"canonical\" href=\"https:\/\/www.reseau-entreprendre.org\/hainaut\/2025\/09\/02\/reseau-entreprendre-hainaut-antenne-cambrai\/\" \/>\n<meta property=\"og:locale\" content=\"fr_FR\" \/>\n<meta property=\"og:type\" content=\"article\" \/>\n<meta property=\"og:title\" content=\"R\u00e9seau Entreprendre Hainaut ouvre son antenne \u00e0 Cambrai\" \/>\n<meta property=\"og:description\" content=\"R\u00e9seau Entreprendre Hainaut inaugure son antenne \u00e0 Cambrai pour accompagner les entrepreneurs locaux dans la cr\u00e9ation et reprise d\u2019entreprise.\" \/>\n<meta property=\"og:url\" content=\"https:\/\/www.reseau-entreprendre.org\/hainaut\/2025\/09\/02\/reseau-entreprendre-hainaut-antenne-cambrai\/\" \/>\n<meta property=\"og:site_name\" content=\"R\u00e9seau Entreprendre Hainaut\" \/>\n<meta property=\"article:published_time\" content=\"2025-09-02T13:25:39+00:00\" \/>\n<meta property=\"article:modified_time\" content=\"2025-09-02T13:26:33+00:00\" \/>\n<meta property=\"og:image\" content=\"https:\/\/www.reseau-entreprendre.org\/hainaut\/wp-content\/uploads\/sites\/39\/2025\/09\/IMG-20250828-WA0015.jpg\" \/>\n\t<meta property=\"og:image:width\" content=\"1200\" \/>\n\t<meta property=\"og:image:height\" content=\"1600\" \/>\n\t<meta property=\"og:image:type\" content=\"image\/jpeg\" \/>\n<meta name=\"author\" content=\"hainaut\" \/>\n<meta name=\"twitter:card\" content=\"summary_large_image\" \/>\n<meta name=\"twitter:label1\" content=\"\u00c9crit par\" \/>\n\t<meta name=\"twitter:data1\" content=\"hainaut\" \/>\n\t<meta name=\"twitter:label2\" content=\"Dur\u00e9e de lecture estim\u00e9e\" \/>\n\t<meta name=\"twitter:data2\" content=\"3 minutes\" \/>\n<script type=\"application\/ld+json\" class=\"yoast-schema-graph\">{\"@context\":\"https:\\\/\\\/schema.org\",\"@graph\":[{\"@type\":\"Article\",\"@id\":\"https:\\\/\\\/www.reseau-entreprendre.org\\\/hainaut\\\/2025\\\/09\\\/02\\\/reseau-entreprendre-hainaut-antenne-cambrai\\\/#article\",\"isPartOf\":{\"@id\":\"https:\\\/\\\/www.reseau-entreprendre.org\\\/hainaut\\\/2025\\\/09\\\/02\\\/reseau-entreprendre-hainaut-antenne-cambrai\\\/\"},\"author\":{\"name\":\"hainaut\",\"@id\":\"https:\\\/\\\/www.reseau-entreprendre.org\\\/hainaut\\\/#\\\/schema\\\/person\\\/fceac0bd5213d3d69c94c249b5c09a85\"},\"headline\":\"R\u00e9seau Entreprendre Hainaut inaugure son antenne \u00e0 Cambrai : un nouveau souffle pour l\u2019entrepreneuriat local\",\"datePublished\":\"2025-09-02T13:25:39+00:00\",\"dateModified\":\"2025-09-02T13:26:33+00:00\",\"mainEntityOfPage\":{\"@id\":\"https:\\\/\\\/www.reseau-entreprendre.org\\\/hainaut\\\/2025\\\/09\\\/02\\\/reseau-entreprendre-hainaut-antenne-cambrai\\\/\"},\"wordCount\":364,\"image\":{\"@id\":\"https:\\\/\\\/www.reseau-entreprendre.org\\\/hainaut\\\/2025\\\/09\\\/02\\\/reseau-entreprendre-hainaut-antenne-cambrai\\\/#primaryimage\"},\"thumbnailUrl\":\"https:\\\/\\\/www.reseau-entreprendre.org\\\/hainaut\\\/wp-content\\\/uploads\\\/sites\\\/39\\\/2025\\\/09\\\/IMG-20250828-WA0015.jpg\",\"articleSection\":[\"Actualit\u00e9s\"],\"inLanguage\":\"fr-FR\"},{\"@type\":\"WebPage\",\"@id\":\"https:\\\/\\\/www.reseau-entreprendre.org\\\/hainaut\\\/2025\\\/09\\\/02\\\/reseau-entreprendre-hainaut-antenne-cambrai\\\/\",\"url\":\"https:\\\/\\\/www.reseau-entreprendre.org\\\/hainaut\\\/2025\\\/09\\\/02\\\/reseau-entreprendre-hainaut-antenne-cambrai\\\/\",\"name\":\"R\u00e9seau Entreprendre Hainaut ouvre son antenne \u00e0 Cambrai\",\"isPartOf\":{\"@id\":\"https:\\\/\\\/www.reseau-entreprendre.org\\\/hainaut\\\/#website\"},\"primaryImageOfPage\":{\"@id\":\"https:\\\/\\\/www.reseau-entreprendre.org\\\/hainaut\\\/2025\\\/09\\\/02\\\/reseau-entreprendre-hainaut-antenne-cambrai\\\/#primaryimage\"},\"image\":{\"@id\":\"https:\\\/\\\/www.reseau-entreprendre.org\\\/hainaut\\\/2025\\\/09\\\/02\\\/reseau-entreprendre-hainaut-antenne-cambrai\\\/#primaryimage\"},\"thumbnailUrl\":\"https:\\\/\\\/www.reseau-entreprendre.org\\\/hainaut\\\/wp-content\\\/uploads\\\/sites\\\/39\\\/2025\\\/09\\\/IMG-20250828-WA0015.jpg\",\"datePublished\":\"2025-09-02T13:25:39+00:00\",\"dateModified\":\"2025-09-02T13:26:33+00:00\",\"author\":{\"@id\":\"https:\\\/\\\/www.reseau-entreprendre.org\\\/hainaut\\\/#\\\/schema\\\/person\\\/fceac0bd5213d3d69c94c249b5c09a85\"},\"description\":\"R\u00e9seau Entreprendre Hainaut inaugure son antenne \u00e0 Cambrai pour accompagner les entrepreneurs locaux dans la cr\u00e9ation et reprise d\u2019entreprise.\",\"breadcrumb\":{\"@id\":\"https:\\\/\\\/www.reseau-entreprendre.org\\\/hainaut\\\/2025\\\/09\\\/02\\\/reseau-entreprendre-hainaut-antenne-cambrai\\\/#breadcrumb\"},\"inLanguage\":\"fr-FR\",\"potentialAction\":[{\"@type\":\"ReadAction\",\"target\":[\"https:\\\/\\\/www.reseau-entreprendre.org\\\/hainaut\\\/2025\\\/09\\\/02\\\/reseau-entreprendre-hainaut-antenne-cambrai\\\/\"]}]},{\"@type\":\"ImageObject\",\"inLanguage\":\"fr-FR\",\"@id\":\"https:\\\/\\\/www.reseau-entreprendre.org\\\/hainaut\\\/2025\\\/09\\\/02\\\/reseau-entreprendre-hainaut-antenne-cambrai\\\/#primaryimage\",\"url\":\"https:\\\/\\\/www.reseau-entreprendre.org\\\/hainaut\\\/wp-content\\\/uploads\\\/sites\\\/39\\\/2025\\\/09\\\/IMG-20250828-WA0015.jpg\",\"contentUrl\":\"https:\\\/\\\/www.reseau-entreprendre.org\\\/hainaut\\\/wp-content\\\/uploads\\\/sites\\\/39\\\/2025\\\/09\\\/IMG-20250828-WA0015.jpg\",\"width\":1200,\"height\":1600},{\"@type\":\"BreadcrumbList\",\"@id\":\"https:\\\/\\\/www.reseau-entreprendre.org\\\/hainaut\\\/2025\\\/09\\\/02\\\/reseau-entreprendre-hainaut-antenne-cambrai\\\/#breadcrumb\",\"itemListElement\":[{\"@type\":\"ListItem\",\"position\":1,\"name\":\"Accueil\",\"item\":\"https:\\\/\\\/www.reseau-entreprendre.org\\\/hainaut\\\/\"},{\"@type\":\"ListItem\",\"position\":2,\"name\":\"R\u00e9seau Entreprendre Hainaut inaugure son antenne \u00e0 Cambrai : un nouveau souffle pour l\u2019entrepreneuriat local\"}]},{\"@type\":\"WebSite\",\"@id\":\"https:\\\/\\\/www.reseau-entreprendre.org\\\/hainaut\\\/#website\",\"url\":\"https:\\\/\\\/www.reseau-entreprendre.org\\\/hainaut\\\/\",\"name\":\"R\u00e9seau Entreprendre Hainaut\",\"description\":\"Un site utilisant Les sites de R\u00e9seau Entreprendre\",\"potentialAction\":[{\"@type\":\"SearchAction\",\"target\":{\"@type\":\"EntryPoint\",\"urlTemplate\":\"https:\\\/\\\/www.reseau-entreprendre.org\\\/hainaut\\\/?s={search_term_string}\"},\"query-input\":{\"@type\":\"PropertyValueSpecification\",\"valueRequired\":true,\"valueName\":\"search_term_string\"}}],\"inLanguage\":\"fr-FR\"},{\"@type\":\"Person\",\"@id\":\"https:\\\/\\\/www.reseau-entreprendre.org\\\/hainaut\\\/#\\\/schema\\\/person\\\/fceac0bd5213d3d69c94c249b5c09a85\",\"name\":\"hainaut\",\"image\":{\"@type\":\"ImageObject\",\"inLanguage\":\"fr-FR\",\"@id\":\"https:\\\/\\\/secure.gravatar.com\\\/avatar\\\/96f4e48111d175679c98a2049666f6d0ca92c054b0541795300a9538be840d65?s=96&d=mm&r=g\",\"url\":\"https:\\\/\\\/secure.gravatar.com\\\/avatar\\\/96f4e48111d175679c98a2049666f6d0ca92c054b0541795300a9538be840d65?s=96&d=mm&r=g\",\"contentUrl\":\"https:\\\/\\\/secure.gravatar.com\\\/avatar\\\/96f4e48111d175679c98a2049666f6d0ca92c054b0541795300a9538be840d65?s=96&d=mm&r=g\",\"caption\":\"hainaut\"},\"url\":\"https:\\\/\\\/www.reseau-entreprendre.org\\\/hainaut\\\/author\\\/hainaut\\\/\"}]}<\/script>\n<!-- \/ Yoast SEO plugin. -->","yoast_head_json":{"title":"R\u00e9seau Entreprendre Hainaut ouvre son antenne \u00e0 Cambrai","description":"R\u00e9seau Entreprendre Hainaut inaugure son antenne \u00e0 Cambrai pour accompagner les entrepreneurs locaux dans la cr\u00e9ation et reprise d\u2019entreprise.","robots":{"index":"index","follow":"follow","max-snippet":"max-snippet:-1","max-image-preview":"max-image-preview:large","max-video-preview":"max-video-preview:-1"},"canonical":"https:\/\/www.reseau-entreprendre.org\/hainaut\/2025\/09\/02\/reseau-entreprendre-hainaut-antenne-cambrai\/","og_locale":"fr_FR","og_type":"article","og_title":"R\u00e9seau Entreprendre Hainaut ouvre son antenne \u00e0 Cambrai","og_description":"R\u00e9seau Entreprendre Hainaut inaugure son antenne \u00e0 Cambrai pour accompagner les entrepreneurs locaux dans la cr\u00e9ation et reprise d\u2019entreprise.","og_url":"https:\/\/www.reseau-entreprendre.org\/hainaut\/2025\/09\/02\/reseau-entreprendre-hainaut-antenne-cambrai\/","og_site_name":"R\u00e9seau Entreprendre Hainaut","article_published_time":"2025-09-02T13:25:39+00:00","article_modified_time":"2025-09-02T13:26:33+00:00","og_image":[{"width":1200,"height":1600,"url":"https:\/\/www.reseau-entreprendre.org\/hainaut\/wp-content\/uploads\/sites\/39\/2025\/09\/IMG-20250828-WA0015.jpg","type":"image\/jpeg"}],"author":"hainaut","twitter_card":"summary_large_image","twitter_misc":{"\u00c9crit par":"hainaut","Dur\u00e9e de lecture estim\u00e9e":"3 minutes"},"schema":{"@context":"https:\/\/schema.org","@graph":[{"@type":"Article","@id":"https:\/\/www.reseau-entreprendre.org\/hainaut\/2025\/09\/02\/reseau-entreprendre-hainaut-antenne-cambrai\/#article","isPartOf":{"@id":"https:\/\/www.reseau-entreprendre.org\/hainaut\/2025\/09\/02\/reseau-entreprendre-hainaut-antenne-cambrai\/"},"author":{"name":"hainaut","@id":"https:\/\/www.reseau-entreprendre.org\/hainaut\/#\/schema\/person\/fceac0bd5213d3d69c94c249b5c09a85"},"headline":"R\u00e9seau Entreprendre Hainaut inaugure son antenne \u00e0 Cambrai : un nouveau souffle pour l\u2019entrepreneuriat local","datePublished":"2025-09-02T13:25:39+00:00","dateModified":"2025-09-02T13:26:33+00:00","mainEntityOfPage":{"@id":"https:\/\/www.reseau-entreprendre.org\/hainaut\/2025\/09\/02\/reseau-entreprendre-hainaut-antenne-cambrai\/"},"wordCount":364,"image":{"@id":"https:\/\/www.reseau-entreprendre.org\/hainaut\/2025\/09\/02\/reseau-entreprendre-hainaut-antenne-cambrai\/#primaryimage"},"thumbnailUrl":"https:\/\/www.reseau-entreprendre.org\/hainaut\/wp-content\/uploads\/sites\/39\/2025\/09\/IMG-20250828-WA0015.jpg","articleSection":["Actualit\u00e9s"],"inLanguage":"fr-FR"},{"@type":"WebPage","@id":"https:\/\/www.reseau-entreprendre.org\/hainaut\/2025\/09\/02\/reseau-entreprendre-hainaut-antenne-cambrai\/","url":"https:\/\/www.reseau-entreprendre.org\/hainaut\/2025\/09\/02\/reseau-entreprendre-hainaut-antenne-cambrai\/","name":"R\u00e9seau Entreprendre Hainaut ouvre son antenne \u00e0 Cambrai","isPartOf":{"@id":"https:\/\/www.reseau-entreprendre.org\/hainaut\/#website"},"primaryImageOfPage":{"@id":"https:\/\/www.reseau-entreprendre.org\/hainaut\/2025\/09\/02\/reseau-entreprendre-hainaut-antenne-cambrai\/#primaryimage"},"image":{"@id":"https:\/\/www.reseau-entreprendre.org\/hainaut\/2025\/09\/02\/reseau-entreprendre-hainaut-antenne-cambrai\/#primaryimage"},"thumbnailUrl":"https:\/\/www.reseau-entreprendre.org\/hainaut\/wp-content\/uploads\/sites\/39\/2025\/09\/IMG-20250828-WA0015.jpg","datePublished":"2025-09-02T13:25:39+00:00","dateModified":"2025-09-02T13:26:33+00:00","author":{"@id":"https:\/\/www.reseau-entreprendre.org\/hainaut\/#\/schema\/person\/fceac0bd5213d3d69c94c249b5c09a85"},"description":"R\u00e9seau Entreprendre Hainaut inaugure son antenne \u00e0 Cambrai pour accompagner les entrepreneurs locaux dans la cr\u00e9ation et reprise d\u2019entreprise.","breadcrumb":{"@id":"https:\/\/www.reseau-entreprendre.org\/hainaut\/2025\/09\/02\/reseau-entreprendre-hainaut-antenne-cambrai\/#breadcrumb"},"inLanguage":"fr-FR","potentialAction":[{"@type":"ReadAction","target":["https:\/\/www.reseau-entreprendre.org\/hainaut\/2025\/09\/02\/reseau-entreprendre-hainaut-antenne-cambrai\/"]}]},{"@type":"ImageObject","inLanguage":"fr-FR","@id":"https:\/\/www.reseau-entreprendre.org\/hainaut\/2025\/09\/02\/reseau-entreprendre-hainaut-antenne-cambrai\/#primaryimage","url":"https:\/\/www.reseau-entreprendre.org\/hainaut\/wp-content\/uploads\/sites\/39\/2025\/09\/IMG-20250828-WA0015.jpg","contentUrl":"https:\/\/www.reseau-entreprendre.org\/hainaut\/wp-content\/uploads\/sites\/39\/2025\/09\/IMG-20250828-WA0015.jpg","width":1200,"height":1600},{"@type":"BreadcrumbList","@id":"https:\/\/www.reseau-entreprendre.org\/hainaut\/2025\/09\/02\/reseau-entreprendre-hainaut-antenne-cambrai\/#breadcrumb","itemListElement":[{"@type":"ListItem","position":1,"name":"Accueil","item":"https:\/\/www.reseau-entreprendre.org\/hainaut\/"},{"@type":"ListItem","position":2,"name":"R\u00e9seau Entreprendre Hainaut inaugure son antenne \u00e0 Cambrai : un nouveau souffle pour l\u2019entrepreneuriat local"}]},{"@type":"WebSite","@id":"https:\/\/www.reseau-entreprendre.org\/hainaut\/#website","url":"https:\/\/www.reseau-entreprendre.org\/hainaut\/","name":"R\u00e9seau Entreprendre Hainaut","description":"Un site utilisant Les sites de R\u00e9seau Entreprendre","potentialAction":[{"@type":"SearchAction","target":{"@type":"EntryPoint","urlTemplate":"https:\/\/www.reseau-entreprendre.org\/hainaut\/?s={search_term_string}"},"query-input":{"@type":"PropertyValueSpecification","valueRequired":true,"valueName":"search_term_string"}}],"inLanguage":"fr-FR"},{"@type":"Person","@id":"https:\/\/www.reseau-entreprendre.org\/hainaut\/#\/schema\/person\/fceac0bd5213d3d69c94c249b5c09a85","name":"hainaut","image":{"@type":"ImageObject","inLanguage":"fr-FR","@id":"https:\/\/secure.gravatar.com\/avatar\/96f4e48111d175679c98a2049666f6d0ca92c054b0541795300a9538be840d65?s=96&d=mm&r=g","url":"https:\/\/secure.gravatar.com\/avatar\/96f4e48111d175679c98a2049666f6d0ca92c054b0541795300a9538be840d65?s=96&d=mm&r=g","contentUrl":"https:\/\/secure.gravatar.com\/avatar\/96f4e48111d175679c98a2049666f6d0ca92c054b0541795300a9538be840d65?s=96&d=mm&r=g","caption":"hainaut"},"url":"https:\/\/www.reseau-entreprendre.org\/hainaut\/author\/hainaut\/"}]}},"_links":{"self":[{"href":"https:\/\/www.reseau-entreprendre.org\/hainaut\/wp-json\/wp\/v2\/posts\/5240","targetHints":{"allow":["GET"]}}],"collection":[{"href":"https:\/\/www.reseau-entreprendre.org\/hainaut\/wp-json\/wp\/v2\/posts"}],"about":[{"href":"https:\/\/www.reseau-entreprendre.org\/hainaut\/wp-json\/wp\/v2\/types\/post"}],"author":[{"embeddable":true,"href":"https:\/\/www.reseau-entreprendre.org\/hainaut\/wp-json\/wp\/v2\/users\/41"}],"replies":[{"embeddable":true,"href":"https:\/\/www.reseau-entreprendre.org\/hainaut\/wp-json\/wp\/v2\/comments?post=5240"}],"version-history":[{"count":0,"href":"https:\/\/www.reseau-entreprendre.org\/hainaut\/wp-json\/wp\/v2\/posts\/5240\/revisions"}],"wp:featuredmedia":[{"embeddable":true,"href":"https:\/\/www.reseau-entreprendre.org\/hainaut\/wp-json\/wp\/v2\/media\/5241"}],"wp:attachment":[{"href":"https:\/\/www.reseau-entreprendre.org\/hainaut\/wp-json\/wp\/v2\/media?parent=5240"}],"wp:term":[{"taxonomy":"category","embeddable":true,"href":"https:\/\/www.reseau-entreprendre.org\/hainaut\/wp-json\/wp\/v2\/categories?post=5240"},{"taxonomy":"post_tag","embeddable":true,"href":"https:\/\/www.reseau-entreprendre.org\/hainaut\/wp-json\/wp\/v2\/tags?post=5240"}],"curies":[{"name":"wp","href":"https:\/\/api.w.org\/{rel}","templated":true}]}}