{"id":5268,"date":"2026-01-15T15:20:58","date_gmt":"2026-01-15T14:20:58","guid":{"rendered":"https:\/\/www.reseau-entreprendre.org\/hainaut\/?p=5268"},"modified":"2026-01-15T15:21:00","modified_gmt":"2026-01-15T14:21:00","slug":"soiree-anniversaire-reseau-entreprendre-hainaut-20-ans","status":"publish","type":"post","link":"https:\/\/www.reseau-entreprendre.org\/hainaut\/2026\/01\/15\/soiree-anniversaire-reseau-entreprendre-hainaut-20-ans\/","title":{"rendered":"R\u00e9seau Entreprendre Hainaut c\u00e9l\u00e8bre ses 20 ans : une soir\u00e9e anniversaire exceptionnelle le 10 f\u00e9vrier au Royal Hainaut"},"content":{"rendered":"<figure class=\"wp-block-post-featured-image\"><img loading=\"lazy\" decoding=\"async\" width=\"920\" height=\"240\" src=\"https:\/\/www.reseau-entreprendre.org\/hainaut\/wp-content\/uploads\/sites\/39\/2026\/01\/Banniere-Evenement-68.png\" class=\"attachment-post-thumbnail size-post-thumbnail wp-post-image\" alt=\"\" style=\"object-fit:cover;\" srcset=\"https:\/\/www.reseau-entreprendre.org\/hainaut\/wp-content\/uploads\/sites\/39\/2026\/01\/Banniere-Evenement-68.png 920w, https:\/\/www.reseau-entreprendre.org\/hainaut\/wp-content\/uploads\/sites\/39\/2026\/01\/Banniere-Evenement-68-300x78.png 300w, https:\/\/www.reseau-entreprendre.org\/hainaut\/wp-content\/uploads\/sites\/39\/2026\/01\/Banniere-Evenement-68-768x200.png 768w, https:\/\/www.reseau-entreprendre.org\/hainaut\/wp-content\/uploads\/sites\/39\/2026\/01\/Banniere-Evenement-68-210x55.png 210w, https:\/\/www.reseau-entreprendre.org\/hainaut\/wp-content\/uploads\/sites\/39\/2026\/01\/Banniere-Evenement-68-100x26.png 100w\" sizes=\"auto, (max-width: 920px) 100vw, 920px\" \/><\/figure>\n\n\n<p>Un rendez-vous <strong>incontournable<\/strong> approche pour les entrepreneurs du territoire.<br>Le <strong>10 f\u00e9vrier<\/strong>, <strong>R\u00e9seau Entreprendre Hainaut<\/strong> f\u00eatera <strong>20 ans d\u2019engagement, d\u2019audace et de r\u00e9ussite entrepreneuriale<\/strong> lors d\u2019une grande <strong>soir\u00e9e anniversaire<\/strong> organis\u00e9e dans un lieu d\u2019exception : la <strong>Chapelle du Royal Hainaut<\/strong>.<\/p>\n\n\n\n<p>Entrepreneurs, laur\u00e9ats, partenaires et acteurs de l\u2019\u00e9cosyst\u00e8me local se retrouveront pour <strong>revivre 20 ans d\u2019impact<\/strong>, c\u00e9l\u00e9brer les succ\u00e8s collectifs et <strong>\u00e9crire ensemble la suite de cette aventure humaine et entrepreneuriale<\/strong>.<\/p>\n\n\n\n<div class=\"wp-block-buttons has-custom-font-size has-x-large-font-size is-content-justification-center is-layout-flex wp-container-core-buttons-is-layout-16018d1d wp-block-buttons-is-layout-flex\">\n<div class=\"wp-block-button has-custom-width wp-block-button__width-50 is-style-outline is-style-outline--1\"><a class=\"wp-block-button__link has-text-color has-background has-link-color has-custom-font-size wp-element-button\" href=\"https:\/\/www.helloasso.com\/associations\/reseau-entreprendre-hainaut\/evenements\/20-ans-reh\" style=\"border-radius:100px;color:#ffffff;background:linear-gradient(165deg,rgb(200,20,44) 0%,rgb(234,79,99) 33%,rgb(242,158,93) 66%,rgb(55,142,172) 100%);font-size:45px\"><strong>Je m&#8217;inscris !<\/strong><\/a><\/div>\n<\/div>\n\n\n\n<div style=\"height:70px\" aria-hidden=\"true\" class=\"wp-block-spacer\"><\/div>\n\n\n\n<h2 class=\"wp-block-heading has-re-yellow-color has-text-color has-link-color wp-elements-bc5689d678fc1f69009b4a262e423abb\"><strong>Informations pratiques \u2013 Soir\u00e9e des 20 ans R\u00e9seau Entreprendre Hainaut<\/strong><\/h2>\n\n\n\n<ul class=\"wp-block-list\">\n<li><strong>Date<\/strong> : 10 f\u00e9vrier<\/li>\n\n\n\n<li><strong>Lieu<\/strong> : Chapelle du Royal Hainaut \u2013 6 Place de l\u2019H\u00f4pital G\u00e9n\u00e9ral, 59300 Valenciennes<\/li>\n\n\n\n<li><strong>Ouverture des portes<\/strong> : 18h00<\/li>\n\n\n\n<li><strong>Inscription obligatoire<\/strong> \u2013 &#x26a0;&#xfe0f; <em>places limit\u00e9es<\/em><\/li>\n<\/ul>\n\n\n\n<p>&#x1f449; Les inscriptions sont ouvertes : <strong>ne manquez pas cet \u00e9v\u00e9nement embl\u00e9matique de la vie du r\u00e9seau<\/strong>.<\/p>\n\n\n\n<div style=\"height:100px\" aria-hidden=\"true\" class=\"wp-block-spacer\"><\/div>\n\n\n\n<h2 class=\"wp-block-heading has-re-red-color has-text-color has-link-color wp-elements-882cc9e6d272ef75193a4bd3f134da34\"><strong>Une soir\u00e9e anniversaire unique d\u00e9di\u00e9e aux entrepreneurs<\/strong><\/h2>\n\n\n\n<p>Pens\u00e9e comme un <strong>temps fort f\u00e9d\u00e9rateur<\/strong>, cette soir\u00e9e anniversaire promet une exp\u00e9rience m\u00e9morable :<\/p>\n\n\n\n<ul class=\"wp-block-list\">\n<li>un <strong>repas \u00e0 table<\/strong> dans un cadre prestigieux,<\/li>\n\n\n\n<li>des <strong>animations originales<\/strong>,<\/li>\n\n\n\n<li>des <strong>moments forts en \u00e9motion<\/strong>,<\/li>\n\n\n\n<li>et <strong>une grande surprise<\/strong> &#x2728;.<\/li>\n<\/ul>\n\n\n\n<p>L\u2019objectif : <strong>c\u00e9l\u00e9brer, vibrer et partager<\/strong> autour des valeurs qui font la force de R\u00e9seau Entreprendre Hainaut depuis deux d\u00e9cennies : <strong>l\u2019entraide, la bienveillance, le collectif et l\u2019impact territorial<\/strong>.<\/p>\n\n\n\n<h2 class=\"wp-block-heading has-re-red-color has-text-color has-link-color wp-elements-7d22095d1ec31ccbe71b58d071959cb5\"><strong>Des prises de parole embl\u00e9matiques<\/strong><\/h2>\n\n\n\n<p>La soir\u00e9e sera rythm\u00e9e par les interventions de personnalit\u00e9s engag\u00e9es du r\u00e9seau entrepreneurial :<\/p>\n\n\n\n<ul class=\"wp-block-list\">\n<li><strong>Jean-Fran\u00e7ois Nardot-Peyrille<\/strong>, Pr\u00e9sident de la <strong>F\u00e9d\u00e9ration R\u00e9seau Entreprendre<\/strong>,<\/li>\n\n\n\n<li><strong>Jean-Marie Wattelier<\/strong>, Fondateur de R\u00e9seau Entreprendre Hainaut,<\/li>\n\n\n\n<li><strong>Tennessee Veldeman<\/strong>, Pr\u00e9sident de R\u00e9seau Entreprendre Hainaut,<\/li>\n\n\n\n<li><strong>Richard Degezelle<\/strong>, Directeur de <strong>R\u00e9seau Entreprendre Nord<\/strong>.<\/li>\n<\/ul>\n\n\n\n<p>Des t\u00e9moignages inspirants pour <strong>mesurer le chemin parcouru<\/strong> et <strong>projeter l\u2019avenir du r\u00e9seau<\/strong>.<\/p>\n\n\n\n<figure class=\"wp-block-image size-full\"><img loading=\"lazy\" decoding=\"async\" width=\"920\" height=\"240\" src=\"https:\/\/www.reseau-entreprendre.org\/hainaut\/wp-content\/uploads\/sites\/39\/2026\/01\/Banniere-Evenement-69.png\" alt=\"\" class=\"wp-image-5270\" srcset=\"https:\/\/www.reseau-entreprendre.org\/hainaut\/wp-content\/uploads\/sites\/39\/2026\/01\/Banniere-Evenement-69.png 920w, https:\/\/www.reseau-entreprendre.org\/hainaut\/wp-content\/uploads\/sites\/39\/2026\/01\/Banniere-Evenement-69-300x78.png 300w, https:\/\/www.reseau-entreprendre.org\/hainaut\/wp-content\/uploads\/sites\/39\/2026\/01\/Banniere-Evenement-69-768x200.png 768w, https:\/\/www.reseau-entreprendre.org\/hainaut\/wp-content\/uploads\/sites\/39\/2026\/01\/Banniere-Evenement-69-210x55.png 210w, https:\/\/www.reseau-entreprendre.org\/hainaut\/wp-content\/uploads\/sites\/39\/2026\/01\/Banniere-Evenement-69-100x26.png 100w\" sizes=\"auto, (max-width: 920px) 100vw, 920px\" \/><\/figure>\n\n\n\n<div style=\"height:100px\" aria-hidden=\"true\" class=\"wp-block-spacer\"><\/div>\n\n\n\n<h2 class=\"wp-block-heading has-re-red-color has-text-color has-link-color wp-elements-a24dcdbf055e828f91196d0a131173c8\"><strong>20 ans d\u2019impact au service du territoire<\/strong><\/h2>\n\n\n\n<p>Depuis sa cr\u00e9ation, R\u00e9seau Entreprendre Hainaut accompagne des entrepreneurs dans la <strong>cr\u00e9ation<\/strong>, la <strong>reprise<\/strong> et le <strong>d\u00e9veloppement<\/strong> de leurs entreprises, avec une ambition claire : <strong>cr\u00e9er de l\u2019emploi et faire grandir les projets gr\u00e2ce \u00e0 la force du collectif<\/strong>.<\/p>\n\n\n\n<p>Cette soir\u00e9e anniversaire est l\u2019occasion de :<\/p>\n\n\n\n<ul class=\"wp-block-list\">\n<li>remercier celles et ceux qui ont contribu\u00e9 \u00e0 cette r\u00e9ussite,<\/li>\n\n\n\n<li>valoriser les parcours entrepreneuriaux,<\/li>\n\n\n\n<li>renforcer les liens au sein de l\u2019\u00e9cosyst\u00e8me,<\/li>\n\n\n\n<li>et affirmer une vision commune pour les ann\u00e9es \u00e0 venir.<\/li>\n<\/ul>\n\n\n\n<p>Cet anniversaire d\u2019exception s\u2019annonce comme <strong>l\u2019un des temps forts de l\u2019ann\u00e9e entrepreneuriale dans le Hainaut<\/strong>.<br>Nous serions ravis de vous compter parmi nous pour c\u00e9l\u00e9brer ces <strong>20 ans d\u2019engagement et d\u2019audace entrepreneuriale<\/strong> !<\/p>\n\n\n\n\n","protected":false},"excerpt":{"rendered":"<p>Un rendez-vous incontournable approche pour les entrepreneurs du territoire.Le 10<\/p>\n","protected":false},"author":41,"featured_media":5269,"comment_status":"closed","ping_status":"closed","sticky":false,"template":"","format":"standard","meta":{"_acf_changed":false,"_monsterinsights_skip_tracking":false,"_monsterinsights_sitenote_active":false,"_monsterinsights_sitenote_note":"","_monsterinsights_sitenote_category":0,"footnotes":""},"categories":[4],"tags":[],"class_list":["post-5268","post","type-post","status-publish","format-standard","has-post-thumbnail","hentry","category-actualites","news"],"acf":[],"yoast_head":"<!-- This site is optimized with the Yoast SEO plugin v27.4 - https:\/\/yoast.com\/product\/yoast-seo-wordpress\/ -->\n<title>Soir\u00e9e anniversaire R\u00e9seau Entreprendre Hainaut \u2013 20 ans<\/title>\n<meta name=\"description\" content=\"R\u00e9seau Entreprendre Hainaut c\u00e9l\u00e8bre ses 20 ans le 10 f\u00e9vrier au Royal Hainaut \u00e0 Valenciennes. Soir\u00e9e exceptionnelle sur inscription.\" \/>\n<meta name=\"robots\" content=\"index, follow, max-snippet:-1, max-image-preview:large, max-video-preview:-1\" \/>\n<link rel=\"canonical\" href=\"https:\/\/www.reseau-entreprendre.org\/hainaut\/2026\/01\/15\/soiree-anniversaire-reseau-entreprendre-hainaut-20-ans\/\" \/>\n<meta property=\"og:locale\" content=\"fr_FR\" \/>\n<meta property=\"og:type\" content=\"article\" \/>\n<meta property=\"og:title\" content=\"Soir\u00e9e anniversaire R\u00e9seau Entreprendre Hainaut \u2013 20 ans\" \/>\n<meta property=\"og:description\" content=\"R\u00e9seau Entreprendre Hainaut c\u00e9l\u00e8bre ses 20 ans le 10 f\u00e9vrier au Royal Hainaut \u00e0 Valenciennes. Soir\u00e9e exceptionnelle sur inscription.\" \/>\n<meta property=\"og:url\" content=\"https:\/\/www.reseau-entreprendre.org\/hainaut\/2026\/01\/15\/soiree-anniversaire-reseau-entreprendre-hainaut-20-ans\/\" \/>\n<meta property=\"og:site_name\" content=\"R\u00e9seau Entreprendre Hainaut\" \/>\n<meta property=\"article:published_time\" content=\"2026-01-15T14:20:58+00:00\" \/>\n<meta property=\"article:modified_time\" content=\"2026-01-15T14:21:00+00:00\" \/>\n<meta property=\"og:image\" content=\"https:\/\/www.reseau-entreprendre.org\/hainaut\/wp-content\/uploads\/sites\/39\/2026\/01\/Banniere-Evenement-68.png\" \/>\n\t<meta property=\"og:image:width\" content=\"920\" \/>\n\t<meta property=\"og:image:height\" content=\"240\" \/>\n\t<meta property=\"og:image:type\" content=\"image\/png\" \/>\n<meta name=\"author\" content=\"hainaut\" \/>\n<meta name=\"twitter:card\" content=\"summary_large_image\" \/>\n<meta name=\"twitter:label1\" content=\"\u00c9crit par\" \/>\n\t<meta name=\"twitter:data1\" content=\"hainaut\" \/>\n\t<meta name=\"twitter:label2\" content=\"Dur\u00e9e de lecture estim\u00e9e\" \/>\n\t<meta name=\"twitter:data2\" content=\"3 minutes\" \/>\n<script type=\"application\/ld+json\" class=\"yoast-schema-graph\">{\"@context\":\"https:\\\/\\\/schema.org\",\"@graph\":[{\"@type\":\"Article\",\"@id\":\"https:\\\/\\\/www.reseau-entreprendre.org\\\/hainaut\\\/2026\\\/01\\\/15\\\/soiree-anniversaire-reseau-entreprendre-hainaut-20-ans\\\/#article\",\"isPartOf\":{\"@id\":\"https:\\\/\\\/www.reseau-entreprendre.org\\\/hainaut\\\/2026\\\/01\\\/15\\\/soiree-anniversaire-reseau-entreprendre-hainaut-20-ans\\\/\"},\"author\":{\"name\":\"hainaut\",\"@id\":\"https:\\\/\\\/www.reseau-entreprendre.org\\\/hainaut\\\/#\\\/schema\\\/person\\\/fceac0bd5213d3d69c94c249b5c09a85\"},\"headline\":\"R\u00e9seau Entreprendre Hainaut c\u00e9l\u00e8bre ses 20 ans : une soir\u00e9e anniversaire exceptionnelle le 10 f\u00e9vrier au Royal Hainaut\",\"datePublished\":\"2026-01-15T14:20:58+00:00\",\"dateModified\":\"2026-01-15T14:21:00+00:00\",\"mainEntityOfPage\":{\"@id\":\"https:\\\/\\\/www.reseau-entreprendre.org\\\/hainaut\\\/2026\\\/01\\\/15\\\/soiree-anniversaire-reseau-entreprendre-hainaut-20-ans\\\/\"},\"wordCount\":459,\"image\":{\"@id\":\"https:\\\/\\\/www.reseau-entreprendre.org\\\/hainaut\\\/2026\\\/01\\\/15\\\/soiree-anniversaire-reseau-entreprendre-hainaut-20-ans\\\/#primaryimage\"},\"thumbnailUrl\":\"https:\\\/\\\/www.reseau-entreprendre.org\\\/hainaut\\\/wp-content\\\/uploads\\\/sites\\\/39\\\/2026\\\/01\\\/Banniere-Evenement-68.png\",\"articleSection\":[\"Actualit\u00e9s\"],\"inLanguage\":\"fr-FR\"},{\"@type\":\"WebPage\",\"@id\":\"https:\\\/\\\/www.reseau-entreprendre.org\\\/hainaut\\\/2026\\\/01\\\/15\\\/soiree-anniversaire-reseau-entreprendre-hainaut-20-ans\\\/\",\"url\":\"https:\\\/\\\/www.reseau-entreprendre.org\\\/hainaut\\\/2026\\\/01\\\/15\\\/soiree-anniversaire-reseau-entreprendre-hainaut-20-ans\\\/\",\"name\":\"Soir\u00e9e anniversaire R\u00e9seau Entreprendre Hainaut \u2013 20 ans\",\"isPartOf\":{\"@id\":\"https:\\\/\\\/www.reseau-entreprendre.org\\\/hainaut\\\/#website\"},\"primaryImageOfPage\":{\"@id\":\"https:\\\/\\\/www.reseau-entreprendre.org\\\/hainaut\\\/2026\\\/01\\\/15\\\/soiree-anniversaire-reseau-entreprendre-hainaut-20-ans\\\/#primaryimage\"},\"image\":{\"@id\":\"https:\\\/\\\/www.reseau-entreprendre.org\\\/hainaut\\\/2026\\\/01\\\/15\\\/soiree-anniversaire-reseau-entreprendre-hainaut-20-ans\\\/#primaryimage\"},\"thumbnailUrl\":\"https:\\\/\\\/www.reseau-entreprendre.org\\\/hainaut\\\/wp-content\\\/uploads\\\/sites\\\/39\\\/2026\\\/01\\\/Banniere-Evenement-68.png\",\"datePublished\":\"2026-01-15T14:20:58+00:00\",\"dateModified\":\"2026-01-15T14:21:00+00:00\",\"author\":{\"@id\":\"https:\\\/\\\/www.reseau-entreprendre.org\\\/hainaut\\\/#\\\/schema\\\/person\\\/fceac0bd5213d3d69c94c249b5c09a85\"},\"description\":\"R\u00e9seau Entreprendre Hainaut c\u00e9l\u00e8bre ses 20 ans le 10 f\u00e9vrier au Royal Hainaut \u00e0 Valenciennes. Soir\u00e9e exceptionnelle sur inscription.\",\"breadcrumb\":{\"@id\":\"https:\\\/\\\/www.reseau-entreprendre.org\\\/hainaut\\\/2026\\\/01\\\/15\\\/soiree-anniversaire-reseau-entreprendre-hainaut-20-ans\\\/#breadcrumb\"},\"inLanguage\":\"fr-FR\",\"potentialAction\":[{\"@type\":\"ReadAction\",\"target\":[\"https:\\\/\\\/www.reseau-entreprendre.org\\\/hainaut\\\/2026\\\/01\\\/15\\\/soiree-anniversaire-reseau-entreprendre-hainaut-20-ans\\\/\"]}]},{\"@type\":\"ImageObject\",\"inLanguage\":\"fr-FR\",\"@id\":\"https:\\\/\\\/www.reseau-entreprendre.org\\\/hainaut\\\/2026\\\/01\\\/15\\\/soiree-anniversaire-reseau-entreprendre-hainaut-20-ans\\\/#primaryimage\",\"url\":\"https:\\\/\\\/www.reseau-entreprendre.org\\\/hainaut\\\/wp-content\\\/uploads\\\/sites\\\/39\\\/2026\\\/01\\\/Banniere-Evenement-68.png\",\"contentUrl\":\"https:\\\/\\\/www.reseau-entreprendre.org\\\/hainaut\\\/wp-content\\\/uploads\\\/sites\\\/39\\\/2026\\\/01\\\/Banniere-Evenement-68.png\",\"width\":920,\"height\":240},{\"@type\":\"BreadcrumbList\",\"@id\":\"https:\\\/\\\/www.reseau-entreprendre.org\\\/hainaut\\\/2026\\\/01\\\/15\\\/soiree-anniversaire-reseau-entreprendre-hainaut-20-ans\\\/#breadcrumb\",\"itemListElement\":[{\"@type\":\"ListItem\",\"position\":1,\"name\":\"Accueil\",\"item\":\"https:\\\/\\\/www.reseau-entreprendre.org\\\/hainaut\\\/\"},{\"@type\":\"ListItem\",\"position\":2,\"name\":\"R\u00e9seau Entreprendre Hainaut c\u00e9l\u00e8bre ses 20 ans : une soir\u00e9e anniversaire exceptionnelle le 10 f\u00e9vrier au Royal Hainaut\"}]},{\"@type\":\"WebSite\",\"@id\":\"https:\\\/\\\/www.reseau-entreprendre.org\\\/hainaut\\\/#website\",\"url\":\"https:\\\/\\\/www.reseau-entreprendre.org\\\/hainaut\\\/\",\"name\":\"R\u00e9seau Entreprendre Hainaut\",\"description\":\"Un site utilisant Les sites de R\u00e9seau Entreprendre\",\"potentialAction\":[{\"@type\":\"SearchAction\",\"target\":{\"@type\":\"EntryPoint\",\"urlTemplate\":\"https:\\\/\\\/www.reseau-entreprendre.org\\\/hainaut\\\/?s={search_term_string}\"},\"query-input\":{\"@type\":\"PropertyValueSpecification\",\"valueRequired\":true,\"valueName\":\"search_term_string\"}}],\"inLanguage\":\"fr-FR\"},{\"@type\":\"Person\",\"@id\":\"https:\\\/\\\/www.reseau-entreprendre.org\\\/hainaut\\\/#\\\/schema\\\/person\\\/fceac0bd5213d3d69c94c249b5c09a85\",\"name\":\"hainaut\",\"image\":{\"@type\":\"ImageObject\",\"inLanguage\":\"fr-FR\",\"@id\":\"https:\\\/\\\/secure.gravatar.com\\\/avatar\\\/96f4e48111d175679c98a2049666f6d0ca92c054b0541795300a9538be840d65?s=96&d=mm&r=g\",\"url\":\"https:\\\/\\\/secure.gravatar.com\\\/avatar\\\/96f4e48111d175679c98a2049666f6d0ca92c054b0541795300a9538be840d65?s=96&d=mm&r=g\",\"contentUrl\":\"https:\\\/\\\/secure.gravatar.com\\\/avatar\\\/96f4e48111d175679c98a2049666f6d0ca92c054b0541795300a9538be840d65?s=96&d=mm&r=g\",\"caption\":\"hainaut\"},\"url\":\"https:\\\/\\\/www.reseau-entreprendre.org\\\/hainaut\\\/author\\\/hainaut\\\/\"}]}<\/script>\n<!-- \/ Yoast SEO plugin. -->","yoast_head_json":{"title":"Soir\u00e9e anniversaire R\u00e9seau Entreprendre Hainaut \u2013 20 ans","description":"R\u00e9seau Entreprendre Hainaut c\u00e9l\u00e8bre ses 20 ans le 10 f\u00e9vrier au Royal Hainaut \u00e0 Valenciennes. Soir\u00e9e exceptionnelle sur inscription.","robots":{"index":"index","follow":"follow","max-snippet":"max-snippet:-1","max-image-preview":"max-image-preview:large","max-video-preview":"max-video-preview:-1"},"canonical":"https:\/\/www.reseau-entreprendre.org\/hainaut\/2026\/01\/15\/soiree-anniversaire-reseau-entreprendre-hainaut-20-ans\/","og_locale":"fr_FR","og_type":"article","og_title":"Soir\u00e9e anniversaire R\u00e9seau Entreprendre Hainaut \u2013 20 ans","og_description":"R\u00e9seau Entreprendre Hainaut c\u00e9l\u00e8bre ses 20 ans le 10 f\u00e9vrier au Royal Hainaut \u00e0 Valenciennes. Soir\u00e9e exceptionnelle sur inscription.","og_url":"https:\/\/www.reseau-entreprendre.org\/hainaut\/2026\/01\/15\/soiree-anniversaire-reseau-entreprendre-hainaut-20-ans\/","og_site_name":"R\u00e9seau Entreprendre Hainaut","article_published_time":"2026-01-15T14:20:58+00:00","article_modified_time":"2026-01-15T14:21:00+00:00","og_image":[{"width":920,"height":240,"url":"https:\/\/www.reseau-entreprendre.org\/hainaut\/wp-content\/uploads\/sites\/39\/2026\/01\/Banniere-Evenement-68.png","type":"image\/png"}],"author":"hainaut","twitter_card":"summary_large_image","twitter_misc":{"\u00c9crit par":"hainaut","Dur\u00e9e de lecture estim\u00e9e":"3 minutes"},"schema":{"@context":"https:\/\/schema.org","@graph":[{"@type":"Article","@id":"https:\/\/www.reseau-entreprendre.org\/hainaut\/2026\/01\/15\/soiree-anniversaire-reseau-entreprendre-hainaut-20-ans\/#article","isPartOf":{"@id":"https:\/\/www.reseau-entreprendre.org\/hainaut\/2026\/01\/15\/soiree-anniversaire-reseau-entreprendre-hainaut-20-ans\/"},"author":{"name":"hainaut","@id":"https:\/\/www.reseau-entreprendre.org\/hainaut\/#\/schema\/person\/fceac0bd5213d3d69c94c249b5c09a85"},"headline":"R\u00e9seau Entreprendre Hainaut c\u00e9l\u00e8bre ses 20 ans : une soir\u00e9e anniversaire exceptionnelle le 10 f\u00e9vrier au Royal Hainaut","datePublished":"2026-01-15T14:20:58+00:00","dateModified":"2026-01-15T14:21:00+00:00","mainEntityOfPage":{"@id":"https:\/\/www.reseau-entreprendre.org\/hainaut\/2026\/01\/15\/soiree-anniversaire-reseau-entreprendre-hainaut-20-ans\/"},"wordCount":459,"image":{"@id":"https:\/\/www.reseau-entreprendre.org\/hainaut\/2026\/01\/15\/soiree-anniversaire-reseau-entreprendre-hainaut-20-ans\/#primaryimage"},"thumbnailUrl":"https:\/\/www.reseau-entreprendre.org\/hainaut\/wp-content\/uploads\/sites\/39\/2026\/01\/Banniere-Evenement-68.png","articleSection":["Actualit\u00e9s"],"inLanguage":"fr-FR"},{"@type":"WebPage","@id":"https:\/\/www.reseau-entreprendre.org\/hainaut\/2026\/01\/15\/soiree-anniversaire-reseau-entreprendre-hainaut-20-ans\/","url":"https:\/\/www.reseau-entreprendre.org\/hainaut\/2026\/01\/15\/soiree-anniversaire-reseau-entreprendre-hainaut-20-ans\/","name":"Soir\u00e9e anniversaire R\u00e9seau Entreprendre Hainaut \u2013 20 ans","isPartOf":{"@id":"https:\/\/www.reseau-entreprendre.org\/hainaut\/#website"},"primaryImageOfPage":{"@id":"https:\/\/www.reseau-entreprendre.org\/hainaut\/2026\/01\/15\/soiree-anniversaire-reseau-entreprendre-hainaut-20-ans\/#primaryimage"},"image":{"@id":"https:\/\/www.reseau-entreprendre.org\/hainaut\/2026\/01\/15\/soiree-anniversaire-reseau-entreprendre-hainaut-20-ans\/#primaryimage"},"thumbnailUrl":"https:\/\/www.reseau-entreprendre.org\/hainaut\/wp-content\/uploads\/sites\/39\/2026\/01\/Banniere-Evenement-68.png","datePublished":"2026-01-15T14:20:58+00:00","dateModified":"2026-01-15T14:21:00+00:00","author":{"@id":"https:\/\/www.reseau-entreprendre.org\/hainaut\/#\/schema\/person\/fceac0bd5213d3d69c94c249b5c09a85"},"description":"R\u00e9seau Entreprendre Hainaut c\u00e9l\u00e8bre ses 20 ans le 10 f\u00e9vrier au Royal Hainaut \u00e0 Valenciennes. Soir\u00e9e exceptionnelle sur inscription.","breadcrumb":{"@id":"https:\/\/www.reseau-entreprendre.org\/hainaut\/2026\/01\/15\/soiree-anniversaire-reseau-entreprendre-hainaut-20-ans\/#breadcrumb"},"inLanguage":"fr-FR","potentialAction":[{"@type":"ReadAction","target":["https:\/\/www.reseau-entreprendre.org\/hainaut\/2026\/01\/15\/soiree-anniversaire-reseau-entreprendre-hainaut-20-ans\/"]}]},{"@type":"ImageObject","inLanguage":"fr-FR","@id":"https:\/\/www.reseau-entreprendre.org\/hainaut\/2026\/01\/15\/soiree-anniversaire-reseau-entreprendre-hainaut-20-ans\/#primaryimage","url":"https:\/\/www.reseau-entreprendre.org\/hainaut\/wp-content\/uploads\/sites\/39\/2026\/01\/Banniere-Evenement-68.png","contentUrl":"https:\/\/www.reseau-entreprendre.org\/hainaut\/wp-content\/uploads\/sites\/39\/2026\/01\/Banniere-Evenement-68.png","width":920,"height":240},{"@type":"BreadcrumbList","@id":"https:\/\/www.reseau-entreprendre.org\/hainaut\/2026\/01\/15\/soiree-anniversaire-reseau-entreprendre-hainaut-20-ans\/#breadcrumb","itemListElement":[{"@type":"ListItem","position":1,"name":"Accueil","item":"https:\/\/www.reseau-entreprendre.org\/hainaut\/"},{"@type":"ListItem","position":2,"name":"R\u00e9seau Entreprendre Hainaut c\u00e9l\u00e8bre ses 20 ans : une soir\u00e9e anniversaire exceptionnelle le 10 f\u00e9vrier au Royal Hainaut"}]},{"@type":"WebSite","@id":"https:\/\/www.reseau-entreprendre.org\/hainaut\/#website","url":"https:\/\/www.reseau-entreprendre.org\/hainaut\/","name":"R\u00e9seau Entreprendre Hainaut","description":"Un site utilisant Les sites de R\u00e9seau Entreprendre","potentialAction":[{"@type":"SearchAction","target":{"@type":"EntryPoint","urlTemplate":"https:\/\/www.reseau-entreprendre.org\/hainaut\/?s={search_term_string}"},"query-input":{"@type":"PropertyValueSpecification","valueRequired":true,"valueName":"search_term_string"}}],"inLanguage":"fr-FR"},{"@type":"Person","@id":"https:\/\/www.reseau-entreprendre.org\/hainaut\/#\/schema\/person\/fceac0bd5213d3d69c94c249b5c09a85","name":"hainaut","image":{"@type":"ImageObject","inLanguage":"fr-FR","@id":"https:\/\/secure.gravatar.com\/avatar\/96f4e48111d175679c98a2049666f6d0ca92c054b0541795300a9538be840d65?s=96&d=mm&r=g","url":"https:\/\/secure.gravatar.com\/avatar\/96f4e48111d175679c98a2049666f6d0ca92c054b0541795300a9538be840d65?s=96&d=mm&r=g","contentUrl":"https:\/\/secure.gravatar.com\/avatar\/96f4e48111d175679c98a2049666f6d0ca92c054b0541795300a9538be840d65?s=96&d=mm&r=g","caption":"hainaut"},"url":"https:\/\/www.reseau-entreprendre.org\/hainaut\/author\/hainaut\/"}]}},"_links":{"self":[{"href":"https:\/\/www.reseau-entreprendre.org\/hainaut\/wp-json\/wp\/v2\/posts\/5268","targetHints":{"allow":["GET"]}}],"collection":[{"href":"https:\/\/www.reseau-entreprendre.org\/hainaut\/wp-json\/wp\/v2\/posts"}],"about":[{"href":"https:\/\/www.reseau-entreprendre.org\/hainaut\/wp-json\/wp\/v2\/types\/post"}],"author":[{"embeddable":true,"href":"https:\/\/www.reseau-entreprendre.org\/hainaut\/wp-json\/wp\/v2\/users\/41"}],"replies":[{"embeddable":true,"href":"https:\/\/www.reseau-entreprendre.org\/hainaut\/wp-json\/wp\/v2\/comments?post=5268"}],"version-history":[{"count":0,"href":"https:\/\/www.reseau-entreprendre.org\/hainaut\/wp-json\/wp\/v2\/posts\/5268\/revisions"}],"wp:featuredmedia":[{"embeddable":true,"href":"https:\/\/www.reseau-entreprendre.org\/hainaut\/wp-json\/wp\/v2\/media\/5269"}],"wp:attachment":[{"href":"https:\/\/www.reseau-entreprendre.org\/hainaut\/wp-json\/wp\/v2\/media?parent=5268"}],"wp:term":[{"taxonomy":"category","embeddable":true,"href":"https:\/\/www.reseau-entreprendre.org\/hainaut\/wp-json\/wp\/v2\/categories?post=5268"},{"taxonomy":"post_tag","embeddable":true,"href":"https:\/\/www.reseau-entreprendre.org\/hainaut\/wp-json\/wp\/v2\/tags?post=5268"}],"curies":[{"name":"wp","href":"https:\/\/api.w.org\/{rel}","templated":true}]}}