{"id":5282,"date":"2026-02-12T12:50:07","date_gmt":"2026-02-12T11:50:07","guid":{"rendered":"https:\/\/www.reseau-entreprendre.org\/hainaut\/?p=5282"},"modified":"2026-02-12T12:50:09","modified_gmt":"2026-02-12T11:50:09","slug":"les-20-ans-de-reseau-entreprendre-hainaut","status":"publish","type":"post","link":"https:\/\/www.reseau-entreprendre.org\/hainaut\/2026\/02\/12\/les-20-ans-de-reseau-entreprendre-hainaut\/","title":{"rendered":"Les 20 ans de R\u00e9seau Entreprendre Hainaut"},"content":{"rendered":"\n<h2 class=\"wp-block-heading\"><\/h2>\n\n\n\n<figure class=\"wp-block-gallery alignwide has-nested-images columns-default is-cropped wp-block-gallery-1 is-layout-flex wp-block-gallery-is-layout-flex\">\n<figure class=\"wp-block-image size-large\"><img loading=\"lazy\" decoding=\"async\" width=\"1024\" height=\"768\" data-id=\"5284\" src=\"https:\/\/www.reseau-entreprendre.org\/hainaut\/wp-content\/uploads\/sites\/39\/2026\/02\/WhatsApp-Image-2026-02-11-at-15.21.35-1024x768.jpeg\" alt=\"\" class=\"wp-image-5284\" srcset=\"https:\/\/www.reseau-entreprendre.org\/hainaut\/wp-content\/uploads\/sites\/39\/2026\/02\/WhatsApp-Image-2026-02-11-at-15.21.35-1024x768.jpeg 1024w, https:\/\/www.reseau-entreprendre.org\/hainaut\/wp-content\/uploads\/sites\/39\/2026\/02\/WhatsApp-Image-2026-02-11-at-15.21.35-300x225.jpeg 300w, https:\/\/www.reseau-entreprendre.org\/hainaut\/wp-content\/uploads\/sites\/39\/2026\/02\/WhatsApp-Image-2026-02-11-at-15.21.35-768x576.jpeg 768w, https:\/\/www.reseau-entreprendre.org\/hainaut\/wp-content\/uploads\/sites\/39\/2026\/02\/WhatsApp-Image-2026-02-11-at-15.21.35-1536x1152.jpeg 1536w, https:\/\/www.reseau-entreprendre.org\/hainaut\/wp-content\/uploads\/sites\/39\/2026\/02\/WhatsApp-Image-2026-02-11-at-15.21.35-173x130.jpeg 173w, https:\/\/www.reseau-entreprendre.org\/hainaut\/wp-content\/uploads\/sites\/39\/2026\/02\/WhatsApp-Image-2026-02-11-at-15.21.35-100x75.jpeg 100w, https:\/\/www.reseau-entreprendre.org\/hainaut\/wp-content\/uploads\/sites\/39\/2026\/02\/WhatsApp-Image-2026-02-11-at-15.21.35.jpeg 1600w\" sizes=\"auto, (max-width: 1024px) 100vw, 1024px\" \/><\/figure>\n\n\n\n<figure class=\"wp-block-image size-large\"><img loading=\"lazy\" decoding=\"async\" width=\"1024\" height=\"768\" data-id=\"5287\" src=\"https:\/\/www.reseau-entreprendre.org\/hainaut\/wp-content\/uploads\/sites\/39\/2026\/02\/WhatsApp-Image-2026-02-11-at-15.21.36-5-1024x768.jpeg\" alt=\"\" class=\"wp-image-5287\" srcset=\"https:\/\/www.reseau-entreprendre.org\/hainaut\/wp-content\/uploads\/sites\/39\/2026\/02\/WhatsApp-Image-2026-02-11-at-15.21.36-5-1024x768.jpeg 1024w, https:\/\/www.reseau-entreprendre.org\/hainaut\/wp-content\/uploads\/sites\/39\/2026\/02\/WhatsApp-Image-2026-02-11-at-15.21.36-5-300x225.jpeg 300w, https:\/\/www.reseau-entreprendre.org\/hainaut\/wp-content\/uploads\/sites\/39\/2026\/02\/WhatsApp-Image-2026-02-11-at-15.21.36-5-768x576.jpeg 768w, https:\/\/www.reseau-entreprendre.org\/hainaut\/wp-content\/uploads\/sites\/39\/2026\/02\/WhatsApp-Image-2026-02-11-at-15.21.36-5-1536x1152.jpeg 1536w, https:\/\/www.reseau-entreprendre.org\/hainaut\/wp-content\/uploads\/sites\/39\/2026\/02\/WhatsApp-Image-2026-02-11-at-15.21.36-5-173x130.jpeg 173w, https:\/\/www.reseau-entreprendre.org\/hainaut\/wp-content\/uploads\/sites\/39\/2026\/02\/WhatsApp-Image-2026-02-11-at-15.21.36-5-100x75.jpeg 100w, https:\/\/www.reseau-entreprendre.org\/hainaut\/wp-content\/uploads\/sites\/39\/2026\/02\/WhatsApp-Image-2026-02-11-at-15.21.36-5.jpeg 1600w\" sizes=\"auto, (max-width: 1024px) 100vw, 1024px\" \/><\/figure>\n<\/figure>\n\n\n\n<p>Depuis 2006, <a href=\"https:\/\/www.reseau-entreprendre.org\/hainaut\/\" id=\"https:\/\/www.reseau-entreprendre.org\/hainaut\/\">R\u00e9seau Entreprendre Hainaut<\/a> accompagne les cr\u00e9ateurs et repreneurs d\u2019entreprise \u00e0 travers :<\/p>\n\n\n\n<ul class=\"wp-block-list\">\n<li>&#x1f91d; Un <strong>accompagnement humain et b\u00e9n\u00e9vole<\/strong><\/li>\n\n\n\n<li>&#x1f4ac; Un <strong>mentorat par des chefs d\u2019entreprise exp\u00e9riment\u00e9s<\/strong><\/li>\n\n\n\n<li>&#x1f4b0; Un <strong>pr\u00eat d\u2019honneur sans int\u00e9r\u00eat<\/strong><\/li>\n\n\n\n<li>&#x1f331; Une dynamique de <strong>r\u00e9ciprocit\u00e9 et de transmission<\/strong><\/li>\n<\/ul>\n\n\n\n<p>Cette soir\u00e9e anniversaire a permis de mesurer le chemin parcouru : des centaines d\u2019entrepreneurs soutenus, des milliers d\u2019emplois cr\u00e9\u00e9s ou maintenus, et une communaut\u00e9 soud\u00e9e qui continue de grandir.<\/p>\n\n\n\n<hr class=\"wp-block-separator has-alpha-channel-opacity\" \/>\n\n\n\n<h2 class=\"wp-block-heading has-re-red-color has-text-color has-link-color wp-elements-43271b7aee541804fdda35de1bc20696\"><strong>Des prises de parole inspirantes<\/strong><\/h2>\n\n\n\n<p>La soir\u00e9e a \u00e9t\u00e9 rythm\u00e9e par des interventions marquantes :<\/p>\n\n\n\n<ul class=\"wp-block-list\">\n<li>&#x1f3a4; <strong>Jean-Fran\u00e7ois NARDOT-PEYRILLE<\/strong>, Pr\u00e9sident de la F\u00e9d\u00e9ration R\u00e9seau Entreprendre<\/li>\n\n\n\n<li>&#x1f3a4; <strong>Claude-Arnaud Lepoutre<\/strong>, premier directeur de R\u00e9seau Entreprendre Hainaut<\/li>\n\n\n\n<li>&#x1f3a4; <strong>C\u00e9cile Masson<\/strong>, premi\u00e8re Laur\u00e9ate du r\u00e9seau<\/li>\n\n\n\n<li>&#x1f3a4; <strong>Richard Degezelle<\/strong>, Directeur de R\u00e9seau Entreprendre Nord<\/li>\n<\/ul>\n\n\n\n<p>Leurs t\u00e9moignages ont rappel\u00e9 les d\u00e9buts du r\u00e9seau, les d\u00e9fis surmont\u00e9s et l\u2019ambition qui nous anime toujours : <strong>faire grandir les entrepreneurs pour cr\u00e9er de l\u2019emploi durable en Hainaut<\/strong>.<\/p>\n\n\n\n<hr class=\"wp-block-separator has-alpha-channel-opacity\" \/>\n\n\n\n<h2 class=\"wp-block-heading has-re-red-color has-text-color has-link-color wp-elements-f559af6253e70fd7aa99ea809b11c61b\"><strong>La r\u00e9ciprocit\u00e9 : l\u2019ADN du r\u00e9seau depuis 20 ans<\/strong><\/h2>\n\n\n\n<p>Un moment particuli\u00e8rement \u00e9mouvant a mis en lumi\u00e8re ce qui fait la singularit\u00e9 de R\u00e9seau Entreprendre : la <strong>r\u00e9ciprocit\u00e9<\/strong>.<\/p>\n\n\n\n<p>Chaque entrepreneur accompagn\u00e9 s\u2019engage \u00e0 son tour \u00e0 transmettre, conseiller et soutenir la g\u00e9n\u00e9ration suivante.<br>Cet esprit d\u2019entraide, g\u00e9n\u00e9ration apr\u00e8s g\u00e9n\u00e9ration, est la cl\u00e9 de la p\u00e9rennit\u00e9 du r\u00e9seau.<\/p>\n\n\n\n<p>Parce qu\u2019ici, on ne parle pas seulement de business.<br>On parle de <strong>confiance, de solidarit\u00e9 et d\u2019impact territorial<\/strong>.<\/p>\n\n\n\n<hr class=\"wp-block-separator has-alpha-channel-opacity\" \/>\n\n\n\n<h2 class=\"wp-block-heading has-re-red-color has-text-color has-link-color wp-elements-76d728ab40705cb37cbb3e8db97686ab\"><strong>Une surprise m\u00e9morable : un moment collectif puissant<\/strong><\/h2>\n\n\n\n<p>Et puis\u2026 la grande surprise tant attendue &#x2728;<\/p>\n\n\n\n<p>Une animation musicale LaLaLa a rassembl\u00e9 l\u2019ensemble des participants autour du titre iconique <strong>J&#8217;irai au bout de mes r\u00eaves<\/strong> de Jean-Jacques Goldman.<\/p>\n\n\n\n<p>Un instant collectif, vibrant et f\u00e9d\u00e9rateur.<br>Un moment \u00e0 l\u2019image de notre r\u00e9seau : ambitieux, engag\u00e9 et profond\u00e9ment humain.<\/p>\n\n\n\n<figure class=\"wp-block-gallery alignwide has-nested-images columns-default is-cropped wp-block-gallery-2 is-layout-flex wp-block-gallery-is-layout-flex\">\n<figure class=\"wp-block-image size-large\"><img loading=\"lazy\" decoding=\"async\" width=\"1024\" height=\"768\" data-id=\"5294\" src=\"https:\/\/www.reseau-entreprendre.org\/hainaut\/wp-content\/uploads\/sites\/39\/2026\/02\/WhatsApp-Image-2026-02-11-at-15.21.35-1-1-1024x768.jpeg\" alt=\"\" class=\"wp-image-5294\" srcset=\"https:\/\/www.reseau-entreprendre.org\/hainaut\/wp-content\/uploads\/sites\/39\/2026\/02\/WhatsApp-Image-2026-02-11-at-15.21.35-1-1-1024x768.jpeg 1024w, https:\/\/www.reseau-entreprendre.org\/hainaut\/wp-content\/uploads\/sites\/39\/2026\/02\/WhatsApp-Image-2026-02-11-at-15.21.35-1-1-300x225.jpeg 300w, https:\/\/www.reseau-entreprendre.org\/hainaut\/wp-content\/uploads\/sites\/39\/2026\/02\/WhatsApp-Image-2026-02-11-at-15.21.35-1-1-768x576.jpeg 768w, https:\/\/www.reseau-entreprendre.org\/hainaut\/wp-content\/uploads\/sites\/39\/2026\/02\/WhatsApp-Image-2026-02-11-at-15.21.35-1-1-1536x1152.jpeg 1536w, https:\/\/www.reseau-entreprendre.org\/hainaut\/wp-content\/uploads\/sites\/39\/2026\/02\/WhatsApp-Image-2026-02-11-at-15.21.35-1-1-173x130.jpeg 173w, https:\/\/www.reseau-entreprendre.org\/hainaut\/wp-content\/uploads\/sites\/39\/2026\/02\/WhatsApp-Image-2026-02-11-at-15.21.35-1-1-100x75.jpeg 100w, https:\/\/www.reseau-entreprendre.org\/hainaut\/wp-content\/uploads\/sites\/39\/2026\/02\/WhatsApp-Image-2026-02-11-at-15.21.35-1-1.jpeg 1600w\" sizes=\"auto, (max-width: 1024px) 100vw, 1024px\" \/><\/figure>\n\n\n\n<figure class=\"wp-block-image size-large\"><img loading=\"lazy\" decoding=\"async\" width=\"1024\" height=\"768\" data-id=\"5293\" src=\"https:\/\/www.reseau-entreprendre.org\/hainaut\/wp-content\/uploads\/sites\/39\/2026\/02\/WhatsApp-Image-2026-02-11-at-15.21.36-1-1024x768.jpeg\" alt=\"\" class=\"wp-image-5293\" srcset=\"https:\/\/www.reseau-entreprendre.org\/hainaut\/wp-content\/uploads\/sites\/39\/2026\/02\/WhatsApp-Image-2026-02-11-at-15.21.36-1-1024x768.jpeg 1024w, https:\/\/www.reseau-entreprendre.org\/hainaut\/wp-content\/uploads\/sites\/39\/2026\/02\/WhatsApp-Image-2026-02-11-at-15.21.36-1-300x225.jpeg 300w, https:\/\/www.reseau-entreprendre.org\/hainaut\/wp-content\/uploads\/sites\/39\/2026\/02\/WhatsApp-Image-2026-02-11-at-15.21.36-1-768x576.jpeg 768w, https:\/\/www.reseau-entreprendre.org\/hainaut\/wp-content\/uploads\/sites\/39\/2026\/02\/WhatsApp-Image-2026-02-11-at-15.21.36-1-1536x1152.jpeg 1536w, https:\/\/www.reseau-entreprendre.org\/hainaut\/wp-content\/uploads\/sites\/39\/2026\/02\/WhatsApp-Image-2026-02-11-at-15.21.36-1-173x130.jpeg 173w, https:\/\/www.reseau-entreprendre.org\/hainaut\/wp-content\/uploads\/sites\/39\/2026\/02\/WhatsApp-Image-2026-02-11-at-15.21.36-1-100x75.jpeg 100w, https:\/\/www.reseau-entreprendre.org\/hainaut\/wp-content\/uploads\/sites\/39\/2026\/02\/WhatsApp-Image-2026-02-11-at-15.21.36-1.jpeg 1600w\" sizes=\"auto, (max-width: 1024px) 100vw, 1024px\" \/><\/figure>\n\n\n\n<figure class=\"wp-block-image size-large\"><img loading=\"lazy\" decoding=\"async\" width=\"1024\" height=\"577\" data-id=\"5295\" src=\"https:\/\/www.reseau-entreprendre.org\/hainaut\/wp-content\/uploads\/sites\/39\/2026\/02\/WhatsApp-Image-2026-02-11-at-15.21.37-3-1024x577.jpeg\" alt=\"\" class=\"wp-image-5295\" srcset=\"https:\/\/www.reseau-entreprendre.org\/hainaut\/wp-content\/uploads\/sites\/39\/2026\/02\/WhatsApp-Image-2026-02-11-at-15.21.37-3-1024x577.jpeg 1024w, https:\/\/www.reseau-entreprendre.org\/hainaut\/wp-content\/uploads\/sites\/39\/2026\/02\/WhatsApp-Image-2026-02-11-at-15.21.37-3-300x169.jpeg 300w, https:\/\/www.reseau-entreprendre.org\/hainaut\/wp-content\/uploads\/sites\/39\/2026\/02\/WhatsApp-Image-2026-02-11-at-15.21.37-3-768x433.jpeg 768w, https:\/\/www.reseau-entreprendre.org\/hainaut\/wp-content\/uploads\/sites\/39\/2026\/02\/WhatsApp-Image-2026-02-11-at-15.21.37-3-210x118.jpeg 210w, https:\/\/www.reseau-entreprendre.org\/hainaut\/wp-content\/uploads\/sites\/39\/2026\/02\/WhatsApp-Image-2026-02-11-at-15.21.37-3-100x56.jpeg 100w, https:\/\/www.reseau-entreprendre.org\/hainaut\/wp-content\/uploads\/sites\/39\/2026\/02\/WhatsApp-Image-2026-02-11-at-15.21.37-3.jpeg 1170w\" sizes=\"auto, (max-width: 1024px) 100vw, 1024px\" \/><\/figure>\n<\/figure>\n\n\n\n<hr class=\"wp-block-separator has-alpha-channel-opacity\" \/>\n\n\n\n<h2 class=\"wp-block-heading has-re-red-color has-text-color has-link-color wp-elements-c2fee80f01204c0c9caa63320a3caa71\"><strong>Merci \u00e0 nos partenaires engag\u00e9s<\/strong><\/h2>\n\n\n\n<p>Cette soir\u00e9e n\u2019aurait pas \u00e9t\u00e9 possible sans le soutien pr\u00e9cieux de nos partenaires :<\/p>\n\n\n\n<ul class=\"wp-block-list\">\n<li><strong>BDL &#8211; Expertise comptable, audit &amp; conseil<\/strong><\/li>\n\n\n\n<li><strong>Gan Assurances<\/strong><\/li>\n\n\n\n<li><strong>Euro Info<\/strong><\/li>\n<\/ul>\n\n\n\n<p>Leur engagement \u00e0 nos c\u00f4t\u00e9s contribue activement au d\u00e9veloppement \u00e9conomique local et \u00e0 la r\u00e9ussite des entrepreneurs du Hainaut.<\/p>\n\n\n\n<hr class=\"wp-block-separator has-alpha-channel-opacity\" \/>\n\n\n\n<h2 class=\"wp-block-heading has-re-red-color has-text-color has-link-color wp-elements-687fc544636c5d29e93802272efcbd5c\"><strong>20 ans\u2026 et ce n\u2019est que le d\u00e9but<\/strong><\/h2>\n\n\n\n<p>Cette soir\u00e9e anniversaire marque une \u00e9tape.<br>Mais surtout, elle ouvre un nouveau chapitre.<\/p>\n\n\n\n<p>Depuis 20 ans, une chose est certaine :<br><strong>On n\u2019entreprend jamais seul.<\/strong><\/p>\n\n\n\n<p>Et ensemble, nous continuerons \u00e0 accompagner, soutenir et faire grandir les entrepreneurs du territoire pour les 20 prochaines ann\u00e9es &#x1f680;<\/p>\n\n\n\n\n","protected":false},"excerpt":{"rendered":"<p>Depuis 2006, R\u00e9seau Entreprendre Hainaut accompagne les cr\u00e9ateurs et repreneurs<\/p>\n","protected":false},"author":41,"featured_media":5284,"comment_status":"closed","ping_status":"closed","sticky":false,"template":"","format":"standard","meta":{"_acf_changed":false,"_monsterinsights_skip_tracking":false,"_monsterinsights_sitenote_active":false,"_monsterinsights_sitenote_note":"","_monsterinsights_sitenote_category":0,"footnotes":""},"categories":[4],"tags":[],"class_list":["post-5282","post","type-post","status-publish","format-standard","has-post-thumbnail","hentry","category-actualites","news"],"acf":[],"yoast_head":"<!-- This site is optimized with the Yoast SEO plugin v27.4 - https:\/\/yoast.com\/product\/yoast-seo-wordpress\/ -->\n<title>20 ans de R\u00e9seau Entreprendre Hainaut au Royal Hainaut<\/title>\n<meta name=\"description\" content=\"Retour sur les 20 ans de R\u00e9seau Entreprendre Hainaut : une soir\u00e9e anniversaire forte en \u00e9motions et en engagement entrepreneurial.\" \/>\n<meta name=\"robots\" content=\"index, follow, max-snippet:-1, max-image-preview:large, max-video-preview:-1\" \/>\n<link rel=\"canonical\" href=\"https:\/\/www.reseau-entreprendre.org\/hainaut\/2026\/02\/12\/les-20-ans-de-reseau-entreprendre-hainaut\/\" \/>\n<meta property=\"og:locale\" content=\"fr_FR\" \/>\n<meta property=\"og:type\" content=\"article\" \/>\n<meta property=\"og:title\" content=\"20 ans de R\u00e9seau Entreprendre Hainaut au Royal Hainaut\" \/>\n<meta property=\"og:description\" content=\"Retour sur les 20 ans de R\u00e9seau Entreprendre Hainaut : une soir\u00e9e anniversaire forte en \u00e9motions et en engagement entrepreneurial.\" \/>\n<meta property=\"og:url\" content=\"https:\/\/www.reseau-entreprendre.org\/hainaut\/2026\/02\/12\/les-20-ans-de-reseau-entreprendre-hainaut\/\" \/>\n<meta property=\"og:site_name\" content=\"R\u00e9seau Entreprendre Hainaut\" \/>\n<meta property=\"article:published_time\" content=\"2026-02-12T11:50:07+00:00\" \/>\n<meta property=\"article:modified_time\" content=\"2026-02-12T11:50:09+00:00\" \/>\n<meta property=\"og:image\" content=\"https:\/\/www.reseau-entreprendre.org\/hainaut\/wp-content\/uploads\/sites\/39\/2026\/02\/WhatsApp-Image-2026-02-11-at-15.21.35.jpeg\" \/>\n\t<meta property=\"og:image:width\" content=\"1600\" \/>\n\t<meta property=\"og:image:height\" content=\"1200\" \/>\n\t<meta property=\"og:image:type\" content=\"image\/jpeg\" \/>\n<meta name=\"author\" content=\"hainaut\" \/>\n<meta name=\"twitter:card\" content=\"summary_large_image\" \/>\n<meta name=\"twitter:label1\" content=\"\u00c9crit par\" \/>\n\t<meta name=\"twitter:data1\" content=\"hainaut\" \/>\n\t<meta name=\"twitter:label2\" content=\"Dur\u00e9e de lecture estim\u00e9e\" \/>\n\t<meta name=\"twitter:data2\" content=\"4 minutes\" \/>\n<script type=\"application\/ld+json\" class=\"yoast-schema-graph\">{\"@context\":\"https:\\\/\\\/schema.org\",\"@graph\":[{\"@type\":\"Article\",\"@id\":\"https:\\\/\\\/www.reseau-entreprendre.org\\\/hainaut\\\/2026\\\/02\\\/12\\\/les-20-ans-de-reseau-entreprendre-hainaut\\\/#article\",\"isPartOf\":{\"@id\":\"https:\\\/\\\/www.reseau-entreprendre.org\\\/hainaut\\\/2026\\\/02\\\/12\\\/les-20-ans-de-reseau-entreprendre-hainaut\\\/\"},\"author\":{\"name\":\"hainaut\",\"@id\":\"https:\\\/\\\/www.reseau-entreprendre.org\\\/hainaut\\\/#\\\/schema\\\/person\\\/fceac0bd5213d3d69c94c249b5c09a85\"},\"headline\":\"Les 20 ans de R\u00e9seau Entreprendre Hainaut\",\"datePublished\":\"2026-02-12T11:50:07+00:00\",\"dateModified\":\"2026-02-12T11:50:09+00:00\",\"mainEntityOfPage\":{\"@id\":\"https:\\\/\\\/www.reseau-entreprendre.org\\\/hainaut\\\/2026\\\/02\\\/12\\\/les-20-ans-de-reseau-entreprendre-hainaut\\\/\"},\"wordCount\":463,\"image\":{\"@id\":\"https:\\\/\\\/www.reseau-entreprendre.org\\\/hainaut\\\/2026\\\/02\\\/12\\\/les-20-ans-de-reseau-entreprendre-hainaut\\\/#primaryimage\"},\"thumbnailUrl\":\"https:\\\/\\\/www.reseau-entreprendre.org\\\/hainaut\\\/wp-content\\\/uploads\\\/sites\\\/39\\\/2026\\\/02\\\/WhatsApp-Image-2026-02-11-at-15.21.35.jpeg\",\"articleSection\":[\"Actualit\u00e9s\"],\"inLanguage\":\"fr-FR\"},{\"@type\":\"WebPage\",\"@id\":\"https:\\\/\\\/www.reseau-entreprendre.org\\\/hainaut\\\/2026\\\/02\\\/12\\\/les-20-ans-de-reseau-entreprendre-hainaut\\\/\",\"url\":\"https:\\\/\\\/www.reseau-entreprendre.org\\\/hainaut\\\/2026\\\/02\\\/12\\\/les-20-ans-de-reseau-entreprendre-hainaut\\\/\",\"name\":\"20 ans de R\u00e9seau Entreprendre Hainaut au Royal Hainaut\",\"isPartOf\":{\"@id\":\"https:\\\/\\\/www.reseau-entreprendre.org\\\/hainaut\\\/#website\"},\"primaryImageOfPage\":{\"@id\":\"https:\\\/\\\/www.reseau-entreprendre.org\\\/hainaut\\\/2026\\\/02\\\/12\\\/les-20-ans-de-reseau-entreprendre-hainaut\\\/#primaryimage\"},\"image\":{\"@id\":\"https:\\\/\\\/www.reseau-entreprendre.org\\\/hainaut\\\/2026\\\/02\\\/12\\\/les-20-ans-de-reseau-entreprendre-hainaut\\\/#primaryimage\"},\"thumbnailUrl\":\"https:\\\/\\\/www.reseau-entreprendre.org\\\/hainaut\\\/wp-content\\\/uploads\\\/sites\\\/39\\\/2026\\\/02\\\/WhatsApp-Image-2026-02-11-at-15.21.35.jpeg\",\"datePublished\":\"2026-02-12T11:50:07+00:00\",\"dateModified\":\"2026-02-12T11:50:09+00:00\",\"author\":{\"@id\":\"https:\\\/\\\/www.reseau-entreprendre.org\\\/hainaut\\\/#\\\/schema\\\/person\\\/fceac0bd5213d3d69c94c249b5c09a85\"},\"description\":\"Retour sur les 20 ans de R\u00e9seau Entreprendre Hainaut : une soir\u00e9e anniversaire forte en \u00e9motions et en engagement entrepreneurial.\",\"breadcrumb\":{\"@id\":\"https:\\\/\\\/www.reseau-entreprendre.org\\\/hainaut\\\/2026\\\/02\\\/12\\\/les-20-ans-de-reseau-entreprendre-hainaut\\\/#breadcrumb\"},\"inLanguage\":\"fr-FR\",\"potentialAction\":[{\"@type\":\"ReadAction\",\"target\":[\"https:\\\/\\\/www.reseau-entreprendre.org\\\/hainaut\\\/2026\\\/02\\\/12\\\/les-20-ans-de-reseau-entreprendre-hainaut\\\/\"]}]},{\"@type\":\"ImageObject\",\"inLanguage\":\"fr-FR\",\"@id\":\"https:\\\/\\\/www.reseau-entreprendre.org\\\/hainaut\\\/2026\\\/02\\\/12\\\/les-20-ans-de-reseau-entreprendre-hainaut\\\/#primaryimage\",\"url\":\"https:\\\/\\\/www.reseau-entreprendre.org\\\/hainaut\\\/wp-content\\\/uploads\\\/sites\\\/39\\\/2026\\\/02\\\/WhatsApp-Image-2026-02-11-at-15.21.35.jpeg\",\"contentUrl\":\"https:\\\/\\\/www.reseau-entreprendre.org\\\/hainaut\\\/wp-content\\\/uploads\\\/sites\\\/39\\\/2026\\\/02\\\/WhatsApp-Image-2026-02-11-at-15.21.35.jpeg\",\"width\":1600,\"height\":1200},{\"@type\":\"BreadcrumbList\",\"@id\":\"https:\\\/\\\/www.reseau-entreprendre.org\\\/hainaut\\\/2026\\\/02\\\/12\\\/les-20-ans-de-reseau-entreprendre-hainaut\\\/#breadcrumb\",\"itemListElement\":[{\"@type\":\"ListItem\",\"position\":1,\"name\":\"Accueil\",\"item\":\"https:\\\/\\\/www.reseau-entreprendre.org\\\/hainaut\\\/\"},{\"@type\":\"ListItem\",\"position\":2,\"name\":\"Les 20 ans de R\u00e9seau Entreprendre Hainaut\"}]},{\"@type\":\"WebSite\",\"@id\":\"https:\\\/\\\/www.reseau-entreprendre.org\\\/hainaut\\\/#website\",\"url\":\"https:\\\/\\\/www.reseau-entreprendre.org\\\/hainaut\\\/\",\"name\":\"R\u00e9seau Entreprendre Hainaut\",\"description\":\"Un site utilisant Les sites de R\u00e9seau Entreprendre\",\"potentialAction\":[{\"@type\":\"SearchAction\",\"target\":{\"@type\":\"EntryPoint\",\"urlTemplate\":\"https:\\\/\\\/www.reseau-entreprendre.org\\\/hainaut\\\/?s={search_term_string}\"},\"query-input\":{\"@type\":\"PropertyValueSpecification\",\"valueRequired\":true,\"valueName\":\"search_term_string\"}}],\"inLanguage\":\"fr-FR\"},{\"@type\":\"Person\",\"@id\":\"https:\\\/\\\/www.reseau-entreprendre.org\\\/hainaut\\\/#\\\/schema\\\/person\\\/fceac0bd5213d3d69c94c249b5c09a85\",\"name\":\"hainaut\",\"image\":{\"@type\":\"ImageObject\",\"inLanguage\":\"fr-FR\",\"@id\":\"https:\\\/\\\/secure.gravatar.com\\\/avatar\\\/96f4e48111d175679c98a2049666f6d0ca92c054b0541795300a9538be840d65?s=96&d=mm&r=g\",\"url\":\"https:\\\/\\\/secure.gravatar.com\\\/avatar\\\/96f4e48111d175679c98a2049666f6d0ca92c054b0541795300a9538be840d65?s=96&d=mm&r=g\",\"contentUrl\":\"https:\\\/\\\/secure.gravatar.com\\\/avatar\\\/96f4e48111d175679c98a2049666f6d0ca92c054b0541795300a9538be840d65?s=96&d=mm&r=g\",\"caption\":\"hainaut\"},\"url\":\"https:\\\/\\\/www.reseau-entreprendre.org\\\/hainaut\\\/author\\\/hainaut\\\/\"}]}<\/script>\n<!-- \/ Yoast SEO plugin. -->","yoast_head_json":{"title":"20 ans de R\u00e9seau Entreprendre Hainaut au Royal Hainaut","description":"Retour sur les 20 ans de R\u00e9seau Entreprendre Hainaut : une soir\u00e9e anniversaire forte en \u00e9motions et en engagement entrepreneurial.","robots":{"index":"index","follow":"follow","max-snippet":"max-snippet:-1","max-image-preview":"max-image-preview:large","max-video-preview":"max-video-preview:-1"},"canonical":"https:\/\/www.reseau-entreprendre.org\/hainaut\/2026\/02\/12\/les-20-ans-de-reseau-entreprendre-hainaut\/","og_locale":"fr_FR","og_type":"article","og_title":"20 ans de R\u00e9seau Entreprendre Hainaut au Royal Hainaut","og_description":"Retour sur les 20 ans de R\u00e9seau Entreprendre Hainaut : une soir\u00e9e anniversaire forte en \u00e9motions et en engagement entrepreneurial.","og_url":"https:\/\/www.reseau-entreprendre.org\/hainaut\/2026\/02\/12\/les-20-ans-de-reseau-entreprendre-hainaut\/","og_site_name":"R\u00e9seau Entreprendre Hainaut","article_published_time":"2026-02-12T11:50:07+00:00","article_modified_time":"2026-02-12T11:50:09+00:00","og_image":[{"width":1600,"height":1200,"url":"https:\/\/www.reseau-entreprendre.org\/hainaut\/wp-content\/uploads\/sites\/39\/2026\/02\/WhatsApp-Image-2026-02-11-at-15.21.35.jpeg","type":"image\/jpeg"}],"author":"hainaut","twitter_card":"summary_large_image","twitter_misc":{"\u00c9crit par":"hainaut","Dur\u00e9e de lecture estim\u00e9e":"4 minutes"},"schema":{"@context":"https:\/\/schema.org","@graph":[{"@type":"Article","@id":"https:\/\/www.reseau-entreprendre.org\/hainaut\/2026\/02\/12\/les-20-ans-de-reseau-entreprendre-hainaut\/#article","isPartOf":{"@id":"https:\/\/www.reseau-entreprendre.org\/hainaut\/2026\/02\/12\/les-20-ans-de-reseau-entreprendre-hainaut\/"},"author":{"name":"hainaut","@id":"https:\/\/www.reseau-entreprendre.org\/hainaut\/#\/schema\/person\/fceac0bd5213d3d69c94c249b5c09a85"},"headline":"Les 20 ans de R\u00e9seau Entreprendre Hainaut","datePublished":"2026-02-12T11:50:07+00:00","dateModified":"2026-02-12T11:50:09+00:00","mainEntityOfPage":{"@id":"https:\/\/www.reseau-entreprendre.org\/hainaut\/2026\/02\/12\/les-20-ans-de-reseau-entreprendre-hainaut\/"},"wordCount":463,"image":{"@id":"https:\/\/www.reseau-entreprendre.org\/hainaut\/2026\/02\/12\/les-20-ans-de-reseau-entreprendre-hainaut\/#primaryimage"},"thumbnailUrl":"https:\/\/www.reseau-entreprendre.org\/hainaut\/wp-content\/uploads\/sites\/39\/2026\/02\/WhatsApp-Image-2026-02-11-at-15.21.35.jpeg","articleSection":["Actualit\u00e9s"],"inLanguage":"fr-FR"},{"@type":"WebPage","@id":"https:\/\/www.reseau-entreprendre.org\/hainaut\/2026\/02\/12\/les-20-ans-de-reseau-entreprendre-hainaut\/","url":"https:\/\/www.reseau-entreprendre.org\/hainaut\/2026\/02\/12\/les-20-ans-de-reseau-entreprendre-hainaut\/","name":"20 ans de R\u00e9seau Entreprendre Hainaut au Royal Hainaut","isPartOf":{"@id":"https:\/\/www.reseau-entreprendre.org\/hainaut\/#website"},"primaryImageOfPage":{"@id":"https:\/\/www.reseau-entreprendre.org\/hainaut\/2026\/02\/12\/les-20-ans-de-reseau-entreprendre-hainaut\/#primaryimage"},"image":{"@id":"https:\/\/www.reseau-entreprendre.org\/hainaut\/2026\/02\/12\/les-20-ans-de-reseau-entreprendre-hainaut\/#primaryimage"},"thumbnailUrl":"https:\/\/www.reseau-entreprendre.org\/hainaut\/wp-content\/uploads\/sites\/39\/2026\/02\/WhatsApp-Image-2026-02-11-at-15.21.35.jpeg","datePublished":"2026-02-12T11:50:07+00:00","dateModified":"2026-02-12T11:50:09+00:00","author":{"@id":"https:\/\/www.reseau-entreprendre.org\/hainaut\/#\/schema\/person\/fceac0bd5213d3d69c94c249b5c09a85"},"description":"Retour sur les 20 ans de R\u00e9seau Entreprendre Hainaut : une soir\u00e9e anniversaire forte en \u00e9motions et en engagement entrepreneurial.","breadcrumb":{"@id":"https:\/\/www.reseau-entreprendre.org\/hainaut\/2026\/02\/12\/les-20-ans-de-reseau-entreprendre-hainaut\/#breadcrumb"},"inLanguage":"fr-FR","potentialAction":[{"@type":"ReadAction","target":["https:\/\/www.reseau-entreprendre.org\/hainaut\/2026\/02\/12\/les-20-ans-de-reseau-entreprendre-hainaut\/"]}]},{"@type":"ImageObject","inLanguage":"fr-FR","@id":"https:\/\/www.reseau-entreprendre.org\/hainaut\/2026\/02\/12\/les-20-ans-de-reseau-entreprendre-hainaut\/#primaryimage","url":"https:\/\/www.reseau-entreprendre.org\/hainaut\/wp-content\/uploads\/sites\/39\/2026\/02\/WhatsApp-Image-2026-02-11-at-15.21.35.jpeg","contentUrl":"https:\/\/www.reseau-entreprendre.org\/hainaut\/wp-content\/uploads\/sites\/39\/2026\/02\/WhatsApp-Image-2026-02-11-at-15.21.35.jpeg","width":1600,"height":1200},{"@type":"BreadcrumbList","@id":"https:\/\/www.reseau-entreprendre.org\/hainaut\/2026\/02\/12\/les-20-ans-de-reseau-entreprendre-hainaut\/#breadcrumb","itemListElement":[{"@type":"ListItem","position":1,"name":"Accueil","item":"https:\/\/www.reseau-entreprendre.org\/hainaut\/"},{"@type":"ListItem","position":2,"name":"Les 20 ans de R\u00e9seau Entreprendre Hainaut"}]},{"@type":"WebSite","@id":"https:\/\/www.reseau-entreprendre.org\/hainaut\/#website","url":"https:\/\/www.reseau-entreprendre.org\/hainaut\/","name":"R\u00e9seau Entreprendre Hainaut","description":"Un site utilisant Les sites de R\u00e9seau Entreprendre","potentialAction":[{"@type":"SearchAction","target":{"@type":"EntryPoint","urlTemplate":"https:\/\/www.reseau-entreprendre.org\/hainaut\/?s={search_term_string}"},"query-input":{"@type":"PropertyValueSpecification","valueRequired":true,"valueName":"search_term_string"}}],"inLanguage":"fr-FR"},{"@type":"Person","@id":"https:\/\/www.reseau-entreprendre.org\/hainaut\/#\/schema\/person\/fceac0bd5213d3d69c94c249b5c09a85","name":"hainaut","image":{"@type":"ImageObject","inLanguage":"fr-FR","@id":"https:\/\/secure.gravatar.com\/avatar\/96f4e48111d175679c98a2049666f6d0ca92c054b0541795300a9538be840d65?s=96&d=mm&r=g","url":"https:\/\/secure.gravatar.com\/avatar\/96f4e48111d175679c98a2049666f6d0ca92c054b0541795300a9538be840d65?s=96&d=mm&r=g","contentUrl":"https:\/\/secure.gravatar.com\/avatar\/96f4e48111d175679c98a2049666f6d0ca92c054b0541795300a9538be840d65?s=96&d=mm&r=g","caption":"hainaut"},"url":"https:\/\/www.reseau-entreprendre.org\/hainaut\/author\/hainaut\/"}]}},"_links":{"self":[{"href":"https:\/\/www.reseau-entreprendre.org\/hainaut\/wp-json\/wp\/v2\/posts\/5282","targetHints":{"allow":["GET"]}}],"collection":[{"href":"https:\/\/www.reseau-entreprendre.org\/hainaut\/wp-json\/wp\/v2\/posts"}],"about":[{"href":"https:\/\/www.reseau-entreprendre.org\/hainaut\/wp-json\/wp\/v2\/types\/post"}],"author":[{"embeddable":true,"href":"https:\/\/www.reseau-entreprendre.org\/hainaut\/wp-json\/wp\/v2\/users\/41"}],"replies":[{"embeddable":true,"href":"https:\/\/www.reseau-entreprendre.org\/hainaut\/wp-json\/wp\/v2\/comments?post=5282"}],"version-history":[{"count":0,"href":"https:\/\/www.reseau-entreprendre.org\/hainaut\/wp-json\/wp\/v2\/posts\/5282\/revisions"}],"wp:featuredmedia":[{"embeddable":true,"href":"https:\/\/www.reseau-entreprendre.org\/hainaut\/wp-json\/wp\/v2\/media\/5284"}],"wp:attachment":[{"href":"https:\/\/www.reseau-entreprendre.org\/hainaut\/wp-json\/wp\/v2\/media?parent=5282"}],"wp:term":[{"taxonomy":"category","embeddable":true,"href":"https:\/\/www.reseau-entreprendre.org\/hainaut\/wp-json\/wp\/v2\/categories?post=5282"},{"taxonomy":"post_tag","embeddable":true,"href":"https:\/\/www.reseau-entreprendre.org\/hainaut\/wp-json\/wp\/v2\/tags?post=5282"}],"curies":[{"name":"wp","href":"https:\/\/api.w.org\/{rel}","templated":true}]}}