{"id":863,"date":"2018-04-13T15:13:15","date_gmt":"2018-04-13T13:13:15","guid":{"rendered":"https:\/\/re-preprod-entreprendre.fr\/limousin\/?p=863"},"modified":"2022-04-12T16:19:21","modified_gmt":"2022-04-12T14:19:21","slug":"fete-des-laureats-promotion-2017","status":"publish","type":"post","link":"https:\/\/www.reseau-entreprendre.org\/limousin\/2018\/04\/13\/fete-des-laureats-promotion-2017\/","title":{"rendered":"F\u00eate des laur\u00e9ats promotion 2017"},"content":{"rendered":"<p style=\"text-align: justify\"><img loading=\"lazy\" decoding=\"async\" class=\"alignright size-medium wp-image-864\" src=\"https:\/\/www.reseau-entreprendre.org\/limousin\/wp-content\/uploads\/sites\/62\/2018\/04\/Save-the-date-Fete-des-laureats-promotion-2017-300x229.png\" alt=\"\" width=\"300\" height=\"229\" srcset=\"https:\/\/www.reseau-entreprendre.org\/limousin\/wp-content\/uploads\/sites\/62\/2018\/04\/Save-the-date-Fete-des-laureats-promotion-2017-300x229.png 300w, https:\/\/www.reseau-entreprendre.org\/limousin\/wp-content\/uploads\/sites\/62\/2018\/04\/Save-the-date-Fete-des-laureats-promotion-2017-768x587.png 768w, https:\/\/www.reseau-entreprendre.org\/limousin\/wp-content\/uploads\/sites\/62\/2018\/04\/Save-the-date-Fete-des-laureats-promotion-2017.png 850w\" sizes=\"auto, (max-width: 300px) 100vw, 300px\" \/>F\u00eate des laur\u00e9ats Promotion 2017 sur le th\u00e8me &#8220;Les entrepreneurs super-h\u00e9ros&#8221; : le Mardi 5 Juin 2018 \u00e0 19h \u00e0 l&#8217;Op\u00e9ra Th\u00e9\u00e2tre de LIMOGES (87).<br \/>\nCet \u00e9v\u00e9nement phare de R\u00e9seau Entreprendre\u00ae Limousin va vous faire d\u00e9couvrir nos laur\u00e9ats super-h\u00e9ros de l&#8217;entrepreneuriat.<br \/>\nC&#8217;est \u00e0 cet \u00e9v\u00e9nement tant attendu, que nous remercions tous nos membres, nos partenaires institutionnels ainsi que toutes les personnes qui, depuis la cr\u00e9ation de l&#8217;association, se sont investis en donnant de leur temps, et en partageant nos valeurs fondatrices : l&#8217;important c&#8217;est la personne, le principe c&#8217;est la gratuit\u00e9 et l&#8217;esprit, la r\u00e9ciprocit\u00e9.<br \/>\nTous ce qui fait de R\u00e9seau Entreprendre une association d&#8217;accompagnement de chefs d&#8217;entreprise par excellence ! A vos agendas !<\/p>\n<p><strong>Sur invitation et sur inscription uniquement.<\/strong><\/p>\n","protected":false},"excerpt":{"rendered":"<p>F\u00eate des laur\u00e9ats Promotion 2017 sur le th\u00e8me &#8220;Les entrepreneurs<\/p>\n","protected":false},"author":63,"featured_media":864,"comment_status":"closed","ping_status":"open","sticky":false,"template":"","format":"standard","meta":{"_acf_changed":false,"_monsterinsights_skip_tracking":false,"_monsterinsights_sitenote_active":false,"_monsterinsights_sitenote_note":"","_monsterinsights_sitenote_category":0,"footnotes":""},"categories":[4],"tags":[],"class_list":["post-863","post","type-post","status-publish","format-standard","has-post-thumbnail","hentry","category-actualites","news"],"acf":[],"yoast_head":"<!-- This site is optimized with the Yoast SEO plugin v27.4 - https:\/\/yoast.com\/product\/yoast-seo-wordpress\/ -->\n<title>F\u00eate des laur\u00e9ats promotion 2017 - R\u00e9seau Entreprendre Limousin<\/title>\n<meta name=\"robots\" content=\"index, follow, max-snippet:-1, max-image-preview:large, max-video-preview:-1\" \/>\n<link rel=\"canonical\" href=\"https:\/\/www.reseau-entreprendre.org\/limousin\/2018\/04\/13\/fete-des-laureats-promotion-2017\/\" \/>\n<meta property=\"og:locale\" content=\"fr_FR\" \/>\n<meta property=\"og:type\" content=\"article\" \/>\n<meta property=\"og:title\" content=\"F\u00eate des laur\u00e9ats promotion 2017 - R\u00e9seau Entreprendre Limousin\" \/>\n<meta property=\"og:description\" content=\"F\u00eate des laur\u00e9ats Promotion 2017 sur le th\u00e8me &#8220;Les entrepreneurs\" \/>\n<meta property=\"og:url\" content=\"https:\/\/www.reseau-entreprendre.org\/limousin\/2018\/04\/13\/fete-des-laureats-promotion-2017\/\" \/>\n<meta property=\"og:site_name\" content=\"R\u00e9seau Entreprendre Limousin\" \/>\n<meta property=\"article:published_time\" content=\"2018-04-13T13:13:15+00:00\" \/>\n<meta property=\"article:modified_time\" content=\"2022-04-12T14:19:21+00:00\" \/>\n<meta property=\"og:image\" content=\"https:\/\/www.reseau-entreprendre.org\/limousin\/wp-content\/uploads\/sites\/62\/2018\/04\/Save-the-date-Fete-des-laureats-promotion-2017.png\" \/>\n\t<meta property=\"og:image:width\" content=\"850\" \/>\n\t<meta property=\"og:image:height\" content=\"650\" \/>\n\t<meta property=\"og:image:type\" content=\"image\/png\" \/>\n<meta name=\"author\" content=\"limousin\" \/>\n<meta name=\"twitter:card\" content=\"summary_large_image\" \/>\n<meta name=\"twitter:label1\" content=\"\u00c9crit par\" \/>\n\t<meta name=\"twitter:data1\" content=\"limousin\" \/>\n\t<meta name=\"twitter:label2\" content=\"Dur\u00e9e de lecture estim\u00e9e\" \/>\n\t<meta name=\"twitter:data2\" content=\"1 minute\" \/>\n<script type=\"application\/ld+json\" class=\"yoast-schema-graph\">{\"@context\":\"https:\\\/\\\/schema.org\",\"@graph\":[{\"@type\":\"Article\",\"@id\":\"https:\\\/\\\/www.reseau-entreprendre.org\\\/limousin\\\/2018\\\/04\\\/13\\\/fete-des-laureats-promotion-2017\\\/#article\",\"isPartOf\":{\"@id\":\"https:\\\/\\\/www.reseau-entreprendre.org\\\/limousin\\\/2018\\\/04\\\/13\\\/fete-des-laureats-promotion-2017\\\/\"},\"author\":{\"name\":\"limousin\",\"@id\":\"https:\\\/\\\/www.reseau-entreprendre.org\\\/limousin\\\/#\\\/schema\\\/person\\\/47676448618a03a56e41162d5d739576\"},\"headline\":\"F\u00eate des laur\u00e9ats promotion 2017\",\"datePublished\":\"2018-04-13T13:13:15+00:00\",\"dateModified\":\"2022-04-12T14:19:21+00:00\",\"mainEntityOfPage\":{\"@id\":\"https:\\\/\\\/www.reseau-entreprendre.org\\\/limousin\\\/2018\\\/04\\\/13\\\/fete-des-laureats-promotion-2017\\\/\"},\"wordCount\":141,\"image\":{\"@id\":\"https:\\\/\\\/www.reseau-entreprendre.org\\\/limousin\\\/2018\\\/04\\\/13\\\/fete-des-laureats-promotion-2017\\\/#primaryimage\"},\"thumbnailUrl\":\"https:\\\/\\\/www.reseau-entreprendre.org\\\/limousin\\\/wp-content\\\/uploads\\\/sites\\\/62\\\/2018\\\/04\\\/Save-the-date-Fete-des-laureats-promotion-2017.png\",\"articleSection\":[\"Actualit\u00e9s\"],\"inLanguage\":\"fr-FR\"},{\"@type\":\"WebPage\",\"@id\":\"https:\\\/\\\/www.reseau-entreprendre.org\\\/limousin\\\/2018\\\/04\\\/13\\\/fete-des-laureats-promotion-2017\\\/\",\"url\":\"https:\\\/\\\/www.reseau-entreprendre.org\\\/limousin\\\/2018\\\/04\\\/13\\\/fete-des-laureats-promotion-2017\\\/\",\"name\":\"F\u00eate des laur\u00e9ats promotion 2017 - R\u00e9seau Entreprendre Limousin\",\"isPartOf\":{\"@id\":\"https:\\\/\\\/www.reseau-entreprendre.org\\\/limousin\\\/#website\"},\"primaryImageOfPage\":{\"@id\":\"https:\\\/\\\/www.reseau-entreprendre.org\\\/limousin\\\/2018\\\/04\\\/13\\\/fete-des-laureats-promotion-2017\\\/#primaryimage\"},\"image\":{\"@id\":\"https:\\\/\\\/www.reseau-entreprendre.org\\\/limousin\\\/2018\\\/04\\\/13\\\/fete-des-laureats-promotion-2017\\\/#primaryimage\"},\"thumbnailUrl\":\"https:\\\/\\\/www.reseau-entreprendre.org\\\/limousin\\\/wp-content\\\/uploads\\\/sites\\\/62\\\/2018\\\/04\\\/Save-the-date-Fete-des-laureats-promotion-2017.png\",\"datePublished\":\"2018-04-13T13:13:15+00:00\",\"dateModified\":\"2022-04-12T14:19:21+00:00\",\"author\":{\"@id\":\"https:\\\/\\\/www.reseau-entreprendre.org\\\/limousin\\\/#\\\/schema\\\/person\\\/47676448618a03a56e41162d5d739576\"},\"breadcrumb\":{\"@id\":\"https:\\\/\\\/www.reseau-entreprendre.org\\\/limousin\\\/2018\\\/04\\\/13\\\/fete-des-laureats-promotion-2017\\\/#breadcrumb\"},\"inLanguage\":\"fr-FR\",\"potentialAction\":[{\"@type\":\"ReadAction\",\"target\":[\"https:\\\/\\\/www.reseau-entreprendre.org\\\/limousin\\\/2018\\\/04\\\/13\\\/fete-des-laureats-promotion-2017\\\/\"]}]},{\"@type\":\"ImageObject\",\"inLanguage\":\"fr-FR\",\"@id\":\"https:\\\/\\\/www.reseau-entreprendre.org\\\/limousin\\\/2018\\\/04\\\/13\\\/fete-des-laureats-promotion-2017\\\/#primaryimage\",\"url\":\"https:\\\/\\\/www.reseau-entreprendre.org\\\/limousin\\\/wp-content\\\/uploads\\\/sites\\\/62\\\/2018\\\/04\\\/Save-the-date-Fete-des-laureats-promotion-2017.png\",\"contentUrl\":\"https:\\\/\\\/www.reseau-entreprendre.org\\\/limousin\\\/wp-content\\\/uploads\\\/sites\\\/62\\\/2018\\\/04\\\/Save-the-date-Fete-des-laureats-promotion-2017.png\",\"width\":850,\"height\":650},{\"@type\":\"BreadcrumbList\",\"@id\":\"https:\\\/\\\/www.reseau-entreprendre.org\\\/limousin\\\/2018\\\/04\\\/13\\\/fete-des-laureats-promotion-2017\\\/#breadcrumb\",\"itemListElement\":[{\"@type\":\"ListItem\",\"position\":1,\"name\":\"Accueil\",\"item\":\"https:\\\/\\\/www.reseau-entreprendre.org\\\/limousin\\\/\"},{\"@type\":\"ListItem\",\"position\":2,\"name\":\"F\u00eate des laur\u00e9ats promotion 2017\"}]},{\"@type\":\"WebSite\",\"@id\":\"https:\\\/\\\/www.reseau-entreprendre.org\\\/limousin\\\/#website\",\"url\":\"https:\\\/\\\/www.reseau-entreprendre.org\\\/limousin\\\/\",\"name\":\"R\u00e9seau Entreprendre Limousin\",\"description\":\"Un site utilisant Les sites de R\u00e9seau Entreprendre\",\"potentialAction\":[{\"@type\":\"SearchAction\",\"target\":{\"@type\":\"EntryPoint\",\"urlTemplate\":\"https:\\\/\\\/www.reseau-entreprendre.org\\\/limousin\\\/?s={search_term_string}\"},\"query-input\":{\"@type\":\"PropertyValueSpecification\",\"valueRequired\":true,\"valueName\":\"search_term_string\"}}],\"inLanguage\":\"fr-FR\"},{\"@type\":\"Person\",\"@id\":\"https:\\\/\\\/www.reseau-entreprendre.org\\\/limousin\\\/#\\\/schema\\\/person\\\/47676448618a03a56e41162d5d739576\",\"name\":\"limousin\",\"image\":{\"@type\":\"ImageObject\",\"inLanguage\":\"fr-FR\",\"@id\":\"https:\\\/\\\/secure.gravatar.com\\\/avatar\\\/5c5e0c75c0d253b0fb6bda13fd90e71a6a792c39d56f636811a10b85b1222db1?s=96&d=mm&r=g\",\"url\":\"https:\\\/\\\/secure.gravatar.com\\\/avatar\\\/5c5e0c75c0d253b0fb6bda13fd90e71a6a792c39d56f636811a10b85b1222db1?s=96&d=mm&r=g\",\"contentUrl\":\"https:\\\/\\\/secure.gravatar.com\\\/avatar\\\/5c5e0c75c0d253b0fb6bda13fd90e71a6a792c39d56f636811a10b85b1222db1?s=96&d=mm&r=g\",\"caption\":\"limousin\"},\"url\":\"https:\\\/\\\/www.reseau-entreprendre.org\\\/limousin\\\/author\\\/limousin\\\/\"}]}<\/script>\n<!-- \/ Yoast SEO plugin. -->","yoast_head_json":{"title":"F\u00eate des laur\u00e9ats promotion 2017 - R\u00e9seau Entreprendre Limousin","robots":{"index":"index","follow":"follow","max-snippet":"max-snippet:-1","max-image-preview":"max-image-preview:large","max-video-preview":"max-video-preview:-1"},"canonical":"https:\/\/www.reseau-entreprendre.org\/limousin\/2018\/04\/13\/fete-des-laureats-promotion-2017\/","og_locale":"fr_FR","og_type":"article","og_title":"F\u00eate des laur\u00e9ats promotion 2017 - R\u00e9seau Entreprendre Limousin","og_description":"F\u00eate des laur\u00e9ats Promotion 2017 sur le th\u00e8me &#8220;Les entrepreneurs","og_url":"https:\/\/www.reseau-entreprendre.org\/limousin\/2018\/04\/13\/fete-des-laureats-promotion-2017\/","og_site_name":"R\u00e9seau Entreprendre Limousin","article_published_time":"2018-04-13T13:13:15+00:00","article_modified_time":"2022-04-12T14:19:21+00:00","og_image":[{"width":850,"height":650,"url":"https:\/\/www.reseau-entreprendre.org\/limousin\/wp-content\/uploads\/sites\/62\/2018\/04\/Save-the-date-Fete-des-laureats-promotion-2017.png","type":"image\/png"}],"author":"limousin","twitter_card":"summary_large_image","twitter_misc":{"\u00c9crit par":"limousin","Dur\u00e9e de lecture estim\u00e9e":"1 minute"},"schema":{"@context":"https:\/\/schema.org","@graph":[{"@type":"Article","@id":"https:\/\/www.reseau-entreprendre.org\/limousin\/2018\/04\/13\/fete-des-laureats-promotion-2017\/#article","isPartOf":{"@id":"https:\/\/www.reseau-entreprendre.org\/limousin\/2018\/04\/13\/fete-des-laureats-promotion-2017\/"},"author":{"name":"limousin","@id":"https:\/\/www.reseau-entreprendre.org\/limousin\/#\/schema\/person\/47676448618a03a56e41162d5d739576"},"headline":"F\u00eate des laur\u00e9ats promotion 2017","datePublished":"2018-04-13T13:13:15+00:00","dateModified":"2022-04-12T14:19:21+00:00","mainEntityOfPage":{"@id":"https:\/\/www.reseau-entreprendre.org\/limousin\/2018\/04\/13\/fete-des-laureats-promotion-2017\/"},"wordCount":141,"image":{"@id":"https:\/\/www.reseau-entreprendre.org\/limousin\/2018\/04\/13\/fete-des-laureats-promotion-2017\/#primaryimage"},"thumbnailUrl":"https:\/\/www.reseau-entreprendre.org\/limousin\/wp-content\/uploads\/sites\/62\/2018\/04\/Save-the-date-Fete-des-laureats-promotion-2017.png","articleSection":["Actualit\u00e9s"],"inLanguage":"fr-FR"},{"@type":"WebPage","@id":"https:\/\/www.reseau-entreprendre.org\/limousin\/2018\/04\/13\/fete-des-laureats-promotion-2017\/","url":"https:\/\/www.reseau-entreprendre.org\/limousin\/2018\/04\/13\/fete-des-laureats-promotion-2017\/","name":"F\u00eate des laur\u00e9ats promotion 2017 - R\u00e9seau Entreprendre Limousin","isPartOf":{"@id":"https:\/\/www.reseau-entreprendre.org\/limousin\/#website"},"primaryImageOfPage":{"@id":"https:\/\/www.reseau-entreprendre.org\/limousin\/2018\/04\/13\/fete-des-laureats-promotion-2017\/#primaryimage"},"image":{"@id":"https:\/\/www.reseau-entreprendre.org\/limousin\/2018\/04\/13\/fete-des-laureats-promotion-2017\/#primaryimage"},"thumbnailUrl":"https:\/\/www.reseau-entreprendre.org\/limousin\/wp-content\/uploads\/sites\/62\/2018\/04\/Save-the-date-Fete-des-laureats-promotion-2017.png","datePublished":"2018-04-13T13:13:15+00:00","dateModified":"2022-04-12T14:19:21+00:00","author":{"@id":"https:\/\/www.reseau-entreprendre.org\/limousin\/#\/schema\/person\/47676448618a03a56e41162d5d739576"},"breadcrumb":{"@id":"https:\/\/www.reseau-entreprendre.org\/limousin\/2018\/04\/13\/fete-des-laureats-promotion-2017\/#breadcrumb"},"inLanguage":"fr-FR","potentialAction":[{"@type":"ReadAction","target":["https:\/\/www.reseau-entreprendre.org\/limousin\/2018\/04\/13\/fete-des-laureats-promotion-2017\/"]}]},{"@type":"ImageObject","inLanguage":"fr-FR","@id":"https:\/\/www.reseau-entreprendre.org\/limousin\/2018\/04\/13\/fete-des-laureats-promotion-2017\/#primaryimage","url":"https:\/\/www.reseau-entreprendre.org\/limousin\/wp-content\/uploads\/sites\/62\/2018\/04\/Save-the-date-Fete-des-laureats-promotion-2017.png","contentUrl":"https:\/\/www.reseau-entreprendre.org\/limousin\/wp-content\/uploads\/sites\/62\/2018\/04\/Save-the-date-Fete-des-laureats-promotion-2017.png","width":850,"height":650},{"@type":"BreadcrumbList","@id":"https:\/\/www.reseau-entreprendre.org\/limousin\/2018\/04\/13\/fete-des-laureats-promotion-2017\/#breadcrumb","itemListElement":[{"@type":"ListItem","position":1,"name":"Accueil","item":"https:\/\/www.reseau-entreprendre.org\/limousin\/"},{"@type":"ListItem","position":2,"name":"F\u00eate des laur\u00e9ats promotion 2017"}]},{"@type":"WebSite","@id":"https:\/\/www.reseau-entreprendre.org\/limousin\/#website","url":"https:\/\/www.reseau-entreprendre.org\/limousin\/","name":"R\u00e9seau Entreprendre Limousin","description":"Un site utilisant Les sites de R\u00e9seau Entreprendre","potentialAction":[{"@type":"SearchAction","target":{"@type":"EntryPoint","urlTemplate":"https:\/\/www.reseau-entreprendre.org\/limousin\/?s={search_term_string}"},"query-input":{"@type":"PropertyValueSpecification","valueRequired":true,"valueName":"search_term_string"}}],"inLanguage":"fr-FR"},{"@type":"Person","@id":"https:\/\/www.reseau-entreprendre.org\/limousin\/#\/schema\/person\/47676448618a03a56e41162d5d739576","name":"limousin","image":{"@type":"ImageObject","inLanguage":"fr-FR","@id":"https:\/\/secure.gravatar.com\/avatar\/5c5e0c75c0d253b0fb6bda13fd90e71a6a792c39d56f636811a10b85b1222db1?s=96&d=mm&r=g","url":"https:\/\/secure.gravatar.com\/avatar\/5c5e0c75c0d253b0fb6bda13fd90e71a6a792c39d56f636811a10b85b1222db1?s=96&d=mm&r=g","contentUrl":"https:\/\/secure.gravatar.com\/avatar\/5c5e0c75c0d253b0fb6bda13fd90e71a6a792c39d56f636811a10b85b1222db1?s=96&d=mm&r=g","caption":"limousin"},"url":"https:\/\/www.reseau-entreprendre.org\/limousin\/author\/limousin\/"}]}},"_links":{"self":[{"href":"https:\/\/www.reseau-entreprendre.org\/limousin\/wp-json\/wp\/v2\/posts\/863","targetHints":{"allow":["GET"]}}],"collection":[{"href":"https:\/\/www.reseau-entreprendre.org\/limousin\/wp-json\/wp\/v2\/posts"}],"about":[{"href":"https:\/\/www.reseau-entreprendre.org\/limousin\/wp-json\/wp\/v2\/types\/post"}],"author":[{"embeddable":true,"href":"https:\/\/www.reseau-entreprendre.org\/limousin\/wp-json\/wp\/v2\/users\/63"}],"replies":[{"embeddable":true,"href":"https:\/\/www.reseau-entreprendre.org\/limousin\/wp-json\/wp\/v2\/comments?post=863"}],"version-history":[{"count":0,"href":"https:\/\/www.reseau-entreprendre.org\/limousin\/wp-json\/wp\/v2\/posts\/863\/revisions"}],"wp:featuredmedia":[{"embeddable":true,"href":"https:\/\/www.reseau-entreprendre.org\/limousin\/wp-json\/wp\/v2\/media\/864"}],"wp:attachment":[{"href":"https:\/\/www.reseau-entreprendre.org\/limousin\/wp-json\/wp\/v2\/media?parent=863"}],"wp:term":[{"taxonomy":"category","embeddable":true,"href":"https:\/\/www.reseau-entreprendre.org\/limousin\/wp-json\/wp\/v2\/categories?post=863"},{"taxonomy":"post_tag","embeddable":true,"href":"https:\/\/www.reseau-entreprendre.org\/limousin\/wp-json\/wp\/v2\/tags?post=863"}],"curies":[{"name":"wp","href":"https:\/\/api.w.org\/{rel}","templated":true}]}}