{"id":2183,"date":"2021-05-28T12:03:20","date_gmt":"2021-05-28T10:03:20","guid":{"rendered":"https:\/\/re-dev-entreprendre.fr\/loire\/?p=2183"},"modified":"2022-04-13T10:46:05","modified_gmt":"2022-04-13T08:46:05","slug":"belles-histoires-accompagnement-2","status":"publish","type":"post","link":"https:\/\/www.reseau-entreprendre.org\/loire\/2021\/05\/28\/belles-histoires-accompagnement-2\/","title":{"rendered":"Les belles histoires de l&#8217;accompagnement"},"content":{"rendered":"<p><span style=\"color: #37b6ae\"><strong>Marc VIALLARD<\/strong><\/span> a accompagn\u00e9 <span style=\"color: #0a4e66\"><strong>Adrien PIFFARETTI <\/strong><\/span>dans le cadre de la cr\u00e9ation de l&#8217;entreprise SUPER EXTRA LAB pendant 2 ans.<\/p>\n<p><img loading=\"lazy\" decoding=\"async\" class=\" wp-image-2184 aligncenter\" src=\"https:\/\/www.reseau-entreprendre.org\/loire\/wp-content\/uploads\/sites\/31\/2021\/05\/Marc-VIALLARD-et-Adrien.png\" alt=\"\" width=\"827\" height=\"340\" srcset=\"https:\/\/www.reseau-entreprendre.org\/loire\/wp-content\/uploads\/sites\/31\/2021\/05\/Marc-VIALLARD-et-Adrien.png 944w, https:\/\/www.reseau-entreprendre.org\/loire\/wp-content\/uploads\/sites\/31\/2021\/05\/Marc-VIALLARD-et-Adrien-300x123.png 300w, https:\/\/www.reseau-entreprendre.org\/loire\/wp-content\/uploads\/sites\/31\/2021\/05\/Marc-VIALLARD-et-Adrien-768x316.png 768w\" sizes=\"auto, (max-width: 827px) 100vw, 827px\" \/><\/p>\n<p><strong>Pourquoi R\u00e9seau Entreprendre Loire ?<\/strong><br \/>\n<span style=\"color: #37b6ae\"><strong>Marc :<\/strong><\/span> <em>&#8220;Nous avons \u00e9t\u00e9 laur\u00e9at 2012 avec le projet MAC3 \u00e0 Saint Cyprien port\u00e9 par Christelle LINOSSIER qui a multipli\u00e9 par 12 son CA en 10 ans. Retrait\u00e9 depuis peu et passionn\u00e9 d&#8217;\u00e9conomie d&#8217;entreprises, il me semblait logique de rendre \u00e0 R\u00e9seau tout son support qu&#8217;il nous a apport\u00e9 lors de notre d\u00e9marrage. &#8220;<\/em><br \/>\n<strong><span style=\"color: #0a4e66\">Adrien <\/span>:<\/strong> <em>&#8220;Pour la cr\u00e9ation en 2018 de Super Extra Lab, j&#8217;ai naturellement souhait\u00e9 int\u00e9grer le R\u00e9seau Entreprendre pour ne pas avancer seul. Cette nouvelle activit\u00e9 nous demande de ma\u00eetriser plusieurs domaines totalement nouveaux pour nous : l&#8217;injection plastique, la distribution de livres, l&#8217;international&#8230; Sans l&#8217;aide de R\u00e9seau Entreprendre, nous n&#8217;aurions jamais su r\u00e9pondre \u00e0 ces nouveaux challenges.&#8221;<\/em><\/p>\n<p><strong><span style=\"color: #37b6ae\">Marc<\/span>,<\/strong><strong> que retiens-tu de la relation d&#8217;accompagnement avec Adrien ?<\/strong><br \/>\n<em>&#8220;Cela a \u00e9t\u00e9 pour moi une relation d&#8217;accompagnement tr\u00e8s enrichissante car je viens de l&#8217;industrie et ne connaissais pas le milieu &#8220;start-up&#8221;. Il a fallu aussi se remettre en question lorsque le mod\u00e8le \u00e9conomique a d\u00fb \u00eatre chang\u00e9. Adrien a su prendre des d\u00e9cisions parfois difficiles mais toujours dans le bon timing. Les \u00e9changes \u00e9taient tr\u00e8s constructifs.&#8221;<\/em><\/p>\n<p><span style=\"color: #0a4e66\"><strong>Adrien<\/strong><\/span><strong>, que retiens-tu de la relation avec ton accompagnateur ?<\/strong><br \/>\n<em>&#8220;Marc a su me faire profiter de son exp\u00e9rience en gestion d&#8217;entreprise. Il a pu me mettre en relation avec de nombreuses personnes et surtout, il m&#8217;a aid\u00e9 \u00e0 identifier les probl\u00e9matiques et \u00e0 anticiper.&#8221;<\/em><\/p>\n<p><strong>A titre perso, qu\u2019est-ce que vous en retirez ?<\/strong><br \/>\n<span style=\"color: #0a4e66\"><strong><span style=\"color: #37b6ae\">Marc : <\/span><\/strong><em>&#8220;A titre personnel, cela a \u00e9t\u00e9 une belle aventure humaine et je suis \u00e0 disposition d&#8217;Adrien pour tout support. Surtout que le domaine de l&#8217;international n&#8217;a pu \u00eatre abord\u00e9 en raison du retard pris dans le d\u00e9marrage de la diffusion commerciale de son produit. Deux ans d&#8217;accompagnement c&#8217;est finalement court, surtout dans ce domaine-l\u00e0..&#8221;<\/em><strong><br \/>\n<\/strong><\/span><span style=\"color: #0a4e66\"><strong>Adrien :<\/strong><\/span> <em>&#8220;Ce fut une super rencontre. J&#8217;ai ador\u00e9 l&#8217;accompagnement de Marc en tous points. Malheureusement la crise sanitaire de 2020 nous a emp\u00each\u00e9 de mettre en action l&#8217;ensemble de notre programme. Mais ce f\u00fbt un accompagnement tr\u00e8s enrichissant.&#8221;<\/em><\/p>\n<p><strong>Si c\u2019\u00e9tait \u00e0 refaire ?<\/strong><br \/>\n<span style=\"color: #37b6ae\"><strong>Marc :<\/strong><\/span> <em>&#8220;Je dirai oui \u00e0 C\u00e9line comme je l&#8217;ai fait lorsqu&#8217;elle m&#8217;a demand\u00e9 d&#8217;accompagner Adrien. Aucun regret, passionnant au contraire !&#8221;<\/em><br \/>\n<span style=\"color: #0a4e66\"><strong>Adrien : <\/strong><\/span><em>&#8220;C&#8217;est un accompagnement indispensable. Tout cr\u00e9ateur ou repreneur devrait se faire accompagner par une personne d&#8217;exp\u00e9rience comme Marc. Pour mes futures cr\u00e9ations d&#8217;entreprises, je ne manquerai pas de solliciter \u00e0 nouveau le R\u00e9seau Entreprendre ! :-)&#8221;<\/em><\/p>\n","protected":false},"excerpt":{"rendered":"<p>Marc VIALLARD a accompagn\u00e9 Adrien PIFFARETTI dans le cadre de<\/p>\n","protected":false},"author":32,"featured_media":2186,"comment_status":"closed","ping_status":"open","sticky":false,"template":"","format":"standard","meta":{"_acf_changed":false,"_monsterinsights_skip_tracking":false,"_monsterinsights_sitenote_active":false,"_monsterinsights_sitenote_note":"","_monsterinsights_sitenote_category":0,"footnotes":""},"categories":[4],"tags":[],"class_list":["post-2183","post","type-post","status-publish","format-standard","has-post-thumbnail","hentry","category-actualites","news"],"acf":[],"yoast_head":"<!-- This site is optimized with the Yoast SEO plugin v27.4 - https:\/\/yoast.com\/product\/yoast-seo-wordpress\/ -->\n<title>Les belles histoires de l&#039;accompagnement - R\u00e9seau Entreprendre Loire<\/title>\n<meta name=\"robots\" content=\"index, follow, max-snippet:-1, max-image-preview:large, max-video-preview:-1\" \/>\n<link rel=\"canonical\" href=\"https:\/\/www.reseau-entreprendre.org\/loire\/2021\/05\/28\/belles-histoires-accompagnement-2\/\" \/>\n<meta property=\"og:locale\" content=\"fr_FR\" \/>\n<meta property=\"og:type\" content=\"article\" \/>\n<meta property=\"og:title\" content=\"Les belles histoires de l&#039;accompagnement - R\u00e9seau Entreprendre Loire\" \/>\n<meta property=\"og:description\" content=\"Marc VIALLARD a accompagn\u00e9 Adrien PIFFARETTI dans le cadre de\" \/>\n<meta property=\"og:url\" content=\"https:\/\/www.reseau-entreprendre.org\/loire\/2021\/05\/28\/belles-histoires-accompagnement-2\/\" \/>\n<meta property=\"og:site_name\" content=\"R\u00e9seau Entreprendre Loire\" \/>\n<meta property=\"article:published_time\" content=\"2021-05-28T10:03:20+00:00\" \/>\n<meta property=\"article:modified_time\" content=\"2022-04-13T08:46:05+00:00\" \/>\n<meta property=\"og:image\" content=\"https:\/\/www.reseau-entreprendre.org\/loire\/wp-content\/uploads\/sites\/31\/2021\/05\/Marc-et-Adrien.png\" \/>\n\t<meta property=\"og:image:width\" content=\"944\" \/>\n\t<meta property=\"og:image:height\" content=\"389\" \/>\n\t<meta property=\"og:image:type\" content=\"image\/png\" \/>\n<meta name=\"author\" content=\"loire\" \/>\n<meta name=\"twitter:card\" content=\"summary_large_image\" \/>\n<meta name=\"twitter:label1\" content=\"\u00c9crit par\" \/>\n\t<meta name=\"twitter:data1\" content=\"loire\" \/>\n\t<meta name=\"twitter:label2\" content=\"Dur\u00e9e de lecture estim\u00e9e\" \/>\n\t<meta name=\"twitter:data2\" content=\"2 minutes\" \/>\n<script type=\"application\/ld+json\" class=\"yoast-schema-graph\">{\"@context\":\"https:\\\/\\\/schema.org\",\"@graph\":[{\"@type\":\"Article\",\"@id\":\"https:\\\/\\\/www.reseau-entreprendre.org\\\/loire\\\/2021\\\/05\\\/28\\\/belles-histoires-accompagnement-2\\\/#article\",\"isPartOf\":{\"@id\":\"https:\\\/\\\/www.reseau-entreprendre.org\\\/loire\\\/2021\\\/05\\\/28\\\/belles-histoires-accompagnement-2\\\/\"},\"author\":{\"name\":\"loire\",\"@id\":\"https:\\\/\\\/www.reseau-entreprendre.org\\\/loire\\\/#\\\/schema\\\/person\\\/d1ad26b2abde10357227ae0992e64da8\"},\"headline\":\"Les belles histoires de l&#8217;accompagnement\",\"datePublished\":\"2021-05-28T10:03:20+00:00\",\"dateModified\":\"2022-04-13T08:46:05+00:00\",\"mainEntityOfPage\":{\"@id\":\"https:\\\/\\\/www.reseau-entreprendre.org\\\/loire\\\/2021\\\/05\\\/28\\\/belles-histoires-accompagnement-2\\\/\"},\"wordCount\":452,\"image\":{\"@id\":\"https:\\\/\\\/www.reseau-entreprendre.org\\\/loire\\\/2021\\\/05\\\/28\\\/belles-histoires-accompagnement-2\\\/#primaryimage\"},\"thumbnailUrl\":\"https:\\\/\\\/www.reseau-entreprendre.org\\\/loire\\\/wp-content\\\/uploads\\\/sites\\\/31\\\/2021\\\/05\\\/Marc-et-Adrien.png\",\"articleSection\":[\"Actualit\u00e9s\"],\"inLanguage\":\"fr-FR\"},{\"@type\":\"WebPage\",\"@id\":\"https:\\\/\\\/www.reseau-entreprendre.org\\\/loire\\\/2021\\\/05\\\/28\\\/belles-histoires-accompagnement-2\\\/\",\"url\":\"https:\\\/\\\/www.reseau-entreprendre.org\\\/loire\\\/2021\\\/05\\\/28\\\/belles-histoires-accompagnement-2\\\/\",\"name\":\"Les belles histoires de l'accompagnement - R\u00e9seau Entreprendre Loire\",\"isPartOf\":{\"@id\":\"https:\\\/\\\/www.reseau-entreprendre.org\\\/loire\\\/#website\"},\"primaryImageOfPage\":{\"@id\":\"https:\\\/\\\/www.reseau-entreprendre.org\\\/loire\\\/2021\\\/05\\\/28\\\/belles-histoires-accompagnement-2\\\/#primaryimage\"},\"image\":{\"@id\":\"https:\\\/\\\/www.reseau-entreprendre.org\\\/loire\\\/2021\\\/05\\\/28\\\/belles-histoires-accompagnement-2\\\/#primaryimage\"},\"thumbnailUrl\":\"https:\\\/\\\/www.reseau-entreprendre.org\\\/loire\\\/wp-content\\\/uploads\\\/sites\\\/31\\\/2021\\\/05\\\/Marc-et-Adrien.png\",\"datePublished\":\"2021-05-28T10:03:20+00:00\",\"dateModified\":\"2022-04-13T08:46:05+00:00\",\"author\":{\"@id\":\"https:\\\/\\\/www.reseau-entreprendre.org\\\/loire\\\/#\\\/schema\\\/person\\\/d1ad26b2abde10357227ae0992e64da8\"},\"breadcrumb\":{\"@id\":\"https:\\\/\\\/www.reseau-entreprendre.org\\\/loire\\\/2021\\\/05\\\/28\\\/belles-histoires-accompagnement-2\\\/#breadcrumb\"},\"inLanguage\":\"fr-FR\",\"potentialAction\":[{\"@type\":\"ReadAction\",\"target\":[\"https:\\\/\\\/www.reseau-entreprendre.org\\\/loire\\\/2021\\\/05\\\/28\\\/belles-histoires-accompagnement-2\\\/\"]}]},{\"@type\":\"ImageObject\",\"inLanguage\":\"fr-FR\",\"@id\":\"https:\\\/\\\/www.reseau-entreprendre.org\\\/loire\\\/2021\\\/05\\\/28\\\/belles-histoires-accompagnement-2\\\/#primaryimage\",\"url\":\"https:\\\/\\\/www.reseau-entreprendre.org\\\/loire\\\/wp-content\\\/uploads\\\/sites\\\/31\\\/2021\\\/05\\\/Marc-et-Adrien.png\",\"contentUrl\":\"https:\\\/\\\/www.reseau-entreprendre.org\\\/loire\\\/wp-content\\\/uploads\\\/sites\\\/31\\\/2021\\\/05\\\/Marc-et-Adrien.png\",\"width\":944,\"height\":389},{\"@type\":\"BreadcrumbList\",\"@id\":\"https:\\\/\\\/www.reseau-entreprendre.org\\\/loire\\\/2021\\\/05\\\/28\\\/belles-histoires-accompagnement-2\\\/#breadcrumb\",\"itemListElement\":[{\"@type\":\"ListItem\",\"position\":1,\"name\":\"Accueil\",\"item\":\"https:\\\/\\\/www.reseau-entreprendre.org\\\/loire\\\/\"},{\"@type\":\"ListItem\",\"position\":2,\"name\":\"Les belles histoires de l&rsquo;accompagnement\"}]},{\"@type\":\"WebSite\",\"@id\":\"https:\\\/\\\/www.reseau-entreprendre.org\\\/loire\\\/#website\",\"url\":\"https:\\\/\\\/www.reseau-entreprendre.org\\\/loire\\\/\",\"name\":\"R\u00e9seau Entreprendre Loire\",\"description\":\"Un site utilisant Les sites de R\u00e9seau Entreprendre\",\"potentialAction\":[{\"@type\":\"SearchAction\",\"target\":{\"@type\":\"EntryPoint\",\"urlTemplate\":\"https:\\\/\\\/www.reseau-entreprendre.org\\\/loire\\\/?s={search_term_string}\"},\"query-input\":{\"@type\":\"PropertyValueSpecification\",\"valueRequired\":true,\"valueName\":\"search_term_string\"}}],\"inLanguage\":\"fr-FR\"},{\"@type\":\"Person\",\"@id\":\"https:\\\/\\\/www.reseau-entreprendre.org\\\/loire\\\/#\\\/schema\\\/person\\\/d1ad26b2abde10357227ae0992e64da8\",\"name\":\"loire\",\"image\":{\"@type\":\"ImageObject\",\"inLanguage\":\"fr-FR\",\"@id\":\"https:\\\/\\\/secure.gravatar.com\\\/avatar\\\/f10b72285eb3856388bf5587e45ce3c895f0ea7267e90d1b5c30f817c7fb5e0b?s=96&d=mm&r=g\",\"url\":\"https:\\\/\\\/secure.gravatar.com\\\/avatar\\\/f10b72285eb3856388bf5587e45ce3c895f0ea7267e90d1b5c30f817c7fb5e0b?s=96&d=mm&r=g\",\"contentUrl\":\"https:\\\/\\\/secure.gravatar.com\\\/avatar\\\/f10b72285eb3856388bf5587e45ce3c895f0ea7267e90d1b5c30f817c7fb5e0b?s=96&d=mm&r=g\",\"caption\":\"loire\"},\"url\":\"https:\\\/\\\/www.reseau-entreprendre.org\\\/loire\\\/author\\\/loire\\\/\"}]}<\/script>\n<!-- \/ Yoast SEO plugin. -->","yoast_head_json":{"title":"Les belles histoires de l'accompagnement - R\u00e9seau Entreprendre Loire","robots":{"index":"index","follow":"follow","max-snippet":"max-snippet:-1","max-image-preview":"max-image-preview:large","max-video-preview":"max-video-preview:-1"},"canonical":"https:\/\/www.reseau-entreprendre.org\/loire\/2021\/05\/28\/belles-histoires-accompagnement-2\/","og_locale":"fr_FR","og_type":"article","og_title":"Les belles histoires de l'accompagnement - R\u00e9seau Entreprendre Loire","og_description":"Marc VIALLARD a accompagn\u00e9 Adrien PIFFARETTI dans le cadre de","og_url":"https:\/\/www.reseau-entreprendre.org\/loire\/2021\/05\/28\/belles-histoires-accompagnement-2\/","og_site_name":"R\u00e9seau Entreprendre Loire","article_published_time":"2021-05-28T10:03:20+00:00","article_modified_time":"2022-04-13T08:46:05+00:00","og_image":[{"width":944,"height":389,"url":"https:\/\/www.reseau-entreprendre.org\/loire\/wp-content\/uploads\/sites\/31\/2021\/05\/Marc-et-Adrien.png","type":"image\/png"}],"author":"loire","twitter_card":"summary_large_image","twitter_misc":{"\u00c9crit par":"loire","Dur\u00e9e de lecture estim\u00e9e":"2 minutes"},"schema":{"@context":"https:\/\/schema.org","@graph":[{"@type":"Article","@id":"https:\/\/www.reseau-entreprendre.org\/loire\/2021\/05\/28\/belles-histoires-accompagnement-2\/#article","isPartOf":{"@id":"https:\/\/www.reseau-entreprendre.org\/loire\/2021\/05\/28\/belles-histoires-accompagnement-2\/"},"author":{"name":"loire","@id":"https:\/\/www.reseau-entreprendre.org\/loire\/#\/schema\/person\/d1ad26b2abde10357227ae0992e64da8"},"headline":"Les belles histoires de l&#8217;accompagnement","datePublished":"2021-05-28T10:03:20+00:00","dateModified":"2022-04-13T08:46:05+00:00","mainEntityOfPage":{"@id":"https:\/\/www.reseau-entreprendre.org\/loire\/2021\/05\/28\/belles-histoires-accompagnement-2\/"},"wordCount":452,"image":{"@id":"https:\/\/www.reseau-entreprendre.org\/loire\/2021\/05\/28\/belles-histoires-accompagnement-2\/#primaryimage"},"thumbnailUrl":"https:\/\/www.reseau-entreprendre.org\/loire\/wp-content\/uploads\/sites\/31\/2021\/05\/Marc-et-Adrien.png","articleSection":["Actualit\u00e9s"],"inLanguage":"fr-FR"},{"@type":"WebPage","@id":"https:\/\/www.reseau-entreprendre.org\/loire\/2021\/05\/28\/belles-histoires-accompagnement-2\/","url":"https:\/\/www.reseau-entreprendre.org\/loire\/2021\/05\/28\/belles-histoires-accompagnement-2\/","name":"Les belles histoires de l'accompagnement - R\u00e9seau Entreprendre Loire","isPartOf":{"@id":"https:\/\/www.reseau-entreprendre.org\/loire\/#website"},"primaryImageOfPage":{"@id":"https:\/\/www.reseau-entreprendre.org\/loire\/2021\/05\/28\/belles-histoires-accompagnement-2\/#primaryimage"},"image":{"@id":"https:\/\/www.reseau-entreprendre.org\/loire\/2021\/05\/28\/belles-histoires-accompagnement-2\/#primaryimage"},"thumbnailUrl":"https:\/\/www.reseau-entreprendre.org\/loire\/wp-content\/uploads\/sites\/31\/2021\/05\/Marc-et-Adrien.png","datePublished":"2021-05-28T10:03:20+00:00","dateModified":"2022-04-13T08:46:05+00:00","author":{"@id":"https:\/\/www.reseau-entreprendre.org\/loire\/#\/schema\/person\/d1ad26b2abde10357227ae0992e64da8"},"breadcrumb":{"@id":"https:\/\/www.reseau-entreprendre.org\/loire\/2021\/05\/28\/belles-histoires-accompagnement-2\/#breadcrumb"},"inLanguage":"fr-FR","potentialAction":[{"@type":"ReadAction","target":["https:\/\/www.reseau-entreprendre.org\/loire\/2021\/05\/28\/belles-histoires-accompagnement-2\/"]}]},{"@type":"ImageObject","inLanguage":"fr-FR","@id":"https:\/\/www.reseau-entreprendre.org\/loire\/2021\/05\/28\/belles-histoires-accompagnement-2\/#primaryimage","url":"https:\/\/www.reseau-entreprendre.org\/loire\/wp-content\/uploads\/sites\/31\/2021\/05\/Marc-et-Adrien.png","contentUrl":"https:\/\/www.reseau-entreprendre.org\/loire\/wp-content\/uploads\/sites\/31\/2021\/05\/Marc-et-Adrien.png","width":944,"height":389},{"@type":"BreadcrumbList","@id":"https:\/\/www.reseau-entreprendre.org\/loire\/2021\/05\/28\/belles-histoires-accompagnement-2\/#breadcrumb","itemListElement":[{"@type":"ListItem","position":1,"name":"Accueil","item":"https:\/\/www.reseau-entreprendre.org\/loire\/"},{"@type":"ListItem","position":2,"name":"Les belles histoires de l&rsquo;accompagnement"}]},{"@type":"WebSite","@id":"https:\/\/www.reseau-entreprendre.org\/loire\/#website","url":"https:\/\/www.reseau-entreprendre.org\/loire\/","name":"R\u00e9seau Entreprendre Loire","description":"Un site utilisant Les sites de R\u00e9seau Entreprendre","potentialAction":[{"@type":"SearchAction","target":{"@type":"EntryPoint","urlTemplate":"https:\/\/www.reseau-entreprendre.org\/loire\/?s={search_term_string}"},"query-input":{"@type":"PropertyValueSpecification","valueRequired":true,"valueName":"search_term_string"}}],"inLanguage":"fr-FR"},{"@type":"Person","@id":"https:\/\/www.reseau-entreprendre.org\/loire\/#\/schema\/person\/d1ad26b2abde10357227ae0992e64da8","name":"loire","image":{"@type":"ImageObject","inLanguage":"fr-FR","@id":"https:\/\/secure.gravatar.com\/avatar\/f10b72285eb3856388bf5587e45ce3c895f0ea7267e90d1b5c30f817c7fb5e0b?s=96&d=mm&r=g","url":"https:\/\/secure.gravatar.com\/avatar\/f10b72285eb3856388bf5587e45ce3c895f0ea7267e90d1b5c30f817c7fb5e0b?s=96&d=mm&r=g","contentUrl":"https:\/\/secure.gravatar.com\/avatar\/f10b72285eb3856388bf5587e45ce3c895f0ea7267e90d1b5c30f817c7fb5e0b?s=96&d=mm&r=g","caption":"loire"},"url":"https:\/\/www.reseau-entreprendre.org\/loire\/author\/loire\/"}]}},"_links":{"self":[{"href":"https:\/\/www.reseau-entreprendre.org\/loire\/wp-json\/wp\/v2\/posts\/2183","targetHints":{"allow":["GET"]}}],"collection":[{"href":"https:\/\/www.reseau-entreprendre.org\/loire\/wp-json\/wp\/v2\/posts"}],"about":[{"href":"https:\/\/www.reseau-entreprendre.org\/loire\/wp-json\/wp\/v2\/types\/post"}],"author":[{"embeddable":true,"href":"https:\/\/www.reseau-entreprendre.org\/loire\/wp-json\/wp\/v2\/users\/32"}],"replies":[{"embeddable":true,"href":"https:\/\/www.reseau-entreprendre.org\/loire\/wp-json\/wp\/v2\/comments?post=2183"}],"version-history":[{"count":0,"href":"https:\/\/www.reseau-entreprendre.org\/loire\/wp-json\/wp\/v2\/posts\/2183\/revisions"}],"wp:featuredmedia":[{"embeddable":true,"href":"https:\/\/www.reseau-entreprendre.org\/loire\/wp-json\/wp\/v2\/media\/2186"}],"wp:attachment":[{"href":"https:\/\/www.reseau-entreprendre.org\/loire\/wp-json\/wp\/v2\/media?parent=2183"}],"wp:term":[{"taxonomy":"category","embeddable":true,"href":"https:\/\/www.reseau-entreprendre.org\/loire\/wp-json\/wp\/v2\/categories?post=2183"},{"taxonomy":"post_tag","embeddable":true,"href":"https:\/\/www.reseau-entreprendre.org\/loire\/wp-json\/wp\/v2\/tags?post=2183"}],"curies":[{"name":"wp","href":"https:\/\/api.w.org\/{rel}","templated":true}]}}